{"id":131,"date":"2016-07-11T05:05:15","date_gmt":"2016-07-11T05:05:15","guid":{"rendered":"http:\/\/rednacionaldearte.com\/noticias\/?p=131"},"modified":"2016-07-11T05:18:16","modified_gmt":"2016-07-11T05:18:16","slug":"convocatoria-para-publicar-en-la-revista-luma","status":"publish","type":"post","link":"http:\/\/rednacionaldearte.com\/noticias\/convocatoria-para-publicar-en-la-revista-luma\/","title":{"rendered":"Convocatoria para publicar en la Revista LUMA"},"content":{"rendered":"<p style=\"text-align: justify;\"><a href=\"http:\/\/rednacionaldearte.com\/noticias\/wp-content\/uploads\/2016\/07\/Colabo.jpg\"><img loading=\"lazy\" decoding=\"async\" class=\"wp-image-134 alignleft\" src=\"http:\/\/rednacionaldearte.com\/noticias\/wp-content\/uploads\/2016\/07\/Colabo-780x1024.jpg\" alt=\"\u00a1Colabora en LUMA!\" width=\"280\" height=\"505\" \/><\/a><\/p>\n<p style=\"text-align: justify;\">LUMA, revista bimestral dedicada al quehacer art\u00edstico, con especial \u00e9nfasis en el arte contempor\u00e1neo, as\u00ed como la difusi\u00f3n de proyectos propositivos de artistas emergentes, tanto nacionales como internacionales, abre su convocatoria permanente para la recepci\u00f3n de materiales a consideraci\u00f3n para ser publicados sus siguientes ediciones.<\/p>\n<p style=\"text-align: justify;\">Se buscan rese\u00f1as cr\u00edticas, art\u00edculos de investigaci\u00f3n y opini\u00f3n, fotograf\u00edas, dibujos, ilustraciones, pinturas, piezas literarias (cuentos, poemas, etc\u00e9tera), o cualquier tipo de contenido que pueda ser publicado y est\u00e9 relacionado de alguna manera con el cine, la fotograf\u00eda, la pintura, la arquitectura, las artes visuales, las artes esc\u00e9nicas, la m\u00fasica, la literatura y dem\u00e1s procesos de creaci\u00f3n art\u00edstica.<\/p>\n<p style=\"text-align: justify;\">La convocatoria puede ser consultada\u00a0<a href=\"http:\/\/rednacionaldearte.com\/docs\/Convocatoria-permanente-publicar-en-LUMA.pdf\">aqu\u00ed<\/a>.<\/p>\n<p style=\"text-align: justify;\">\n","protected":false},"excerpt":{"rendered":"<p>LUMA, revista bimestral dedicada al quehacer art\u00edstico, con especial \u00e9nfasis en el arte contempor\u00e1neo, as\u00ed como la difusi\u00f3n de proyectos propositivos de artistas emergentes, tanto nacionales como internacionales, abre su convocatoria permanente para la recepci\u00f3n de materiales a consideraci\u00f3n para ser publicados sus siguientes ediciones. Se buscan rese\u00f1as cr\u00edticas, art\u00edculos de investigaci\u00f3n y opini\u00f3n, fotograf\u00edas, [&hellip;]<\/p>\n","protected":false},"author":1,"featured_media":134,"comment_status":"closed","ping_status":"open","sticky":false,"template":"","format":"standard","meta":{"footnotes":""},"categories":[24,55,41],"tags":[13,37,57,56],"class_list":["post-131","post","type-post","status-publish","format-standard","has-post-thumbnail","hentry","category-convocatorias","category-luma","category-rna","tag-arte-contemporaneo","tag-convocatoria","tag-luma","tag-revista-luma"],"yoast_head":"<!-- This site is optimized with the Yoast SEO plugin v27.2 - https:\/\/yoast.com\/product\/yoast-seo-wordpress\/ -->\n<title>Convocatoria para publicar en la Revista LUMA<\/title>\n<meta name=\"robots\" content=\"index, follow, max-snippet:-1, max-image-preview:large, max-video-preview:-1\" \/>\n<link rel=\"canonical\" href=\"http:\/\/rednacionaldearte.com\/noticias\/convocatoria-para-publicar-en-la-revista-luma\/\" \/>\n<meta property=\"og:locale\" content=\"es_ES\" \/>\n<meta property=\"og:type\" content=\"article\" \/>\n<meta property=\"og:title\" content=\"Convocatoria para publicar en la Revista LUMA\" \/>\n<meta property=\"og:description\" content=\"LUMA, revista bimestral dedicada al quehacer art\u00edstico, con especial \u00e9nfasis en el arte contempor\u00e1neo, as\u00ed como la difusi\u00f3n de proyectos propositivos de artistas emergentes, tanto nacionales como internacionales, abre su convocatoria permanente para la recepci\u00f3n de materiales a consideraci\u00f3n para ser publicados sus siguientes ediciones. Se buscan rese\u00f1as cr\u00edticas, art\u00edculos de investigaci\u00f3n y opini\u00f3n, fotograf\u00edas, [&hellip;]\" \/>\n<meta property=\"og:url\" content=\"http:\/\/rednacionaldearte.com\/noticias\/convocatoria-para-publicar-en-la-revista-luma\/\" \/>\n<meta property=\"og:site_name\" content=\"Red Nacional de Arte\" \/>\n<meta property=\"article:publisher\" content=\"http:\/\/www.facebook.com\/rednacionaldearte\/\" \/>\n<meta property=\"article:published_time\" content=\"2016-07-11T05:05:15+00:00\" \/>\n<meta property=\"article:modified_time\" content=\"2016-07-11T05:18:16+00:00\" \/>\n<meta property=\"og:image\" content=\"http:\/\/rednacionaldearte.com\/noticias\/wp-content\/uploads\/2016\/07\/Colabo-780x1024.jpg\" \/>\n\t<meta property=\"og:image:width\" content=\"780\" \/>\n\t<meta property=\"og:image:height\" content=\"1024\" \/>\n\t<meta property=\"og:image:type\" content=\"image\/jpeg\" \/>\n<meta name=\"author\" content=\"Redacci\u00f3n\" \/>\n<meta name=\"twitter:card\" content=\"summary_large_image\" \/>\n<meta name=\"twitter:creator\" content=\"@rednacionalarte\" \/>\n<meta name=\"twitter:site\" content=\"@rednacionalarte\" \/>\n<meta name=\"twitter:label1\" content=\"Escrito por\" \/>\n\t<meta name=\"twitter:data1\" content=\"Redacci\u00f3n\" \/>\n\t<meta name=\"twitter:label2\" content=\"Tiempo de lectura\" \/>\n\t<meta name=\"twitter:data2\" content=\"1 minuto\" \/>\n<script type=\"application\/ld+json\" class=\"yoast-schema-graph\">{\"@context\":\"https:\/\/schema.org\",\"@graph\":[{\"@type\":\"Article\",\"@id\":\"http:\/\/rednacionaldearte.com\/noticias\/convocatoria-para-publicar-en-la-revista-luma\/#article\",\"isPartOf\":{\"@id\":\"http:\/\/rednacionaldearte.com\/noticias\/convocatoria-para-publicar-en-la-revista-luma\/\"},\"author\":{\"name\":\"Redacci\u00f3n\",\"@id\":\"http:\/\/rednacionaldearte.com\/noticias\/#\/schema\/person\/489d635082b1de413434d2708a3e5b9b\"},\"headline\":\"Convocatoria para publicar en la Revista LUMA\",\"datePublished\":\"2016-07-11T05:05:15+00:00\",\"dateModified\":\"2016-07-11T05:18:16+00:00\",\"mainEntityOfPage\":{\"@id\":\"http:\/\/rednacionaldearte.com\/noticias\/convocatoria-para-publicar-en-la-revista-luma\/\"},\"wordCount\":134,\"publisher\":{\"@id\":\"http:\/\/rednacionaldearte.com\/noticias\/#organization\"},\"image\":{\"@id\":\"http:\/\/rednacionaldearte.com\/noticias\/convocatoria-para-publicar-en-la-revista-luma\/#primaryimage\"},\"thumbnailUrl\":\"http:\/\/rednacionaldearte.com\/noticias\/wp-content\/uploads\/2016\/07\/Colabo.jpg\",\"keywords\":[\"Arte Contempor\u00e1neo\",\"convocatoria\",\"LUMA\",\"Revista LUMA\"],\"articleSection\":[\"Convocatorias\",\"LUMA\",\"RNA\"],\"inLanguage\":\"es\"},{\"@type\":\"WebPage\",\"@id\":\"http:\/\/rednacionaldearte.com\/noticias\/convocatoria-para-publicar-en-la-revista-luma\/\",\"url\":\"http:\/\/rednacionaldearte.com\/noticias\/convocatoria-para-publicar-en-la-revista-luma\/\",\"name\":\"Convocatoria para publicar en la Revista LUMA\",\"isPartOf\":{\"@id\":\"http:\/\/rednacionaldearte.com\/noticias\/#website\"},\"primaryImageOfPage\":{\"@id\":\"http:\/\/rednacionaldearte.com\/noticias\/convocatoria-para-publicar-en-la-revista-luma\/#primaryimage\"},\"image\":{\"@id\":\"http:\/\/rednacionaldearte.com\/noticias\/convocatoria-para-publicar-en-la-revista-luma\/#primaryimage\"},\"thumbnailUrl\":\"http:\/\/rednacionaldearte.com\/noticias\/wp-content\/uploads\/2016\/07\/Colabo.jpg\",\"datePublished\":\"2016-07-11T05:05:15+00:00\",\"dateModified\":\"2016-07-11T05:18:16+00:00\",\"breadcrumb\":{\"@id\":\"http:\/\/rednacionaldearte.com\/noticias\/convocatoria-para-publicar-en-la-revista-luma\/#breadcrumb\"},\"inLanguage\":\"es\",\"potentialAction\":[{\"@type\":\"ReadAction\",\"target\":[\"http:\/\/rednacionaldearte.com\/noticias\/convocatoria-para-publicar-en-la-revista-luma\/\"]}]},{\"@type\":\"ImageObject\",\"inLanguage\":\"es\",\"@id\":\"http:\/\/rednacionaldearte.com\/noticias\/convocatoria-para-publicar-en-la-revista-luma\/#primaryimage\",\"url\":\"http:\/\/rednacionaldearte.com\/noticias\/wp-content\/uploads\/2016\/07\/Colabo.jpg\",\"contentUrl\":\"http:\/\/rednacionaldearte.com\/noticias\/wp-content\/uploads\/2016\/07\/Colabo.jpg\",\"width\":1889,\"height\":2480,\"caption\":\"\u00a1Colabora en LUMA!\"},{\"@type\":\"BreadcrumbList\",\"@id\":\"http:\/\/rednacionaldearte.com\/noticias\/convocatoria-para-publicar-en-la-revista-luma\/#breadcrumb\",\"itemListElement\":[{\"@type\":\"ListItem\",\"position\":1,\"name\":\"Home\",\"item\":\"http:\/\/rednacionaldearte.com\/noticias\/\"},{\"@type\":\"ListItem\",\"position\":2,\"name\":\"Convocatoria para publicar en la Revista LUMA\"}]},{\"@type\":\"WebSite\",\"@id\":\"http:\/\/rednacionaldearte.com\/noticias\/#website\",\"url\":\"http:\/\/rednacionaldearte.com\/noticias\/\",\"name\":\"Red Nacional de Arte\",\"description\":\"Cultura y Arte contempor\u00e1neo en M\u00e9xico\",\"publisher\":{\"@id\":\"http:\/\/rednacionaldearte.com\/noticias\/#organization\"},\"potentialAction\":[{\"@type\":\"SearchAction\",\"target\":{\"@type\":\"EntryPoint\",\"urlTemplate\":\"http:\/\/rednacionaldearte.com\/noticias\/?s={search_term_string}\"},\"query-input\":{\"@type\":\"PropertyValueSpecification\",\"valueRequired\":true,\"valueName\":\"search_term_string\"}}],\"inLanguage\":\"es\"},{\"@type\":\"Organization\",\"@id\":\"http:\/\/rednacionaldearte.com\/noticias\/#organization\",\"name\":\"Red Nacional de Arte\",\"url\":\"http:\/\/rednacionaldearte.com\/noticias\/\",\"logo\":{\"@type\":\"ImageObject\",\"inLanguage\":\"es\",\"@id\":\"http:\/\/rednacionaldearte.com\/noticias\/#\/schema\/logo\/image\/\",\"url\":\"http:\/\/rednacionaldearte.com\/noticias\/wp-content\/uploads\/2016\/04\/logo.png\",\"contentUrl\":\"http:\/\/rednacionaldearte.com\/noticias\/wp-content\/uploads\/2016\/04\/logo.png\",\"width\":575,\"height\":554,\"caption\":\"Red Nacional de Arte\"},\"image\":{\"@id\":\"http:\/\/rednacionaldearte.com\/noticias\/#\/schema\/logo\/image\/\"},\"sameAs\":[\"http:\/\/www.facebook.com\/rednacionaldearte\/\",\"https:\/\/x.com\/rednacionalarte\"]},{\"@type\":\"Person\",\"@id\":\"http:\/\/rednacionaldearte.com\/noticias\/#\/schema\/person\/489d635082b1de413434d2708a3e5b9b\",\"name\":\"Redacci\u00f3n\",\"image\":{\"@type\":\"ImageObject\",\"inLanguage\":\"es\",\"@id\":\"https:\/\/secure.gravatar.com\/avatar\/1d1c30eaee7c2f6cfa13fb8502cb06839106cdf371b9953d50e4b572d0bfa3c7?s=96&d=mm&r=g\",\"url\":\"https:\/\/secure.gravatar.com\/avatar\/1d1c30eaee7c2f6cfa13fb8502cb06839106cdf371b9953d50e4b572d0bfa3c7?s=96&d=mm&r=g\",\"contentUrl\":\"https:\/\/secure.gravatar.com\/avatar\/1d1c30eaee7c2f6cfa13fb8502cb06839106cdf371b9953d50e4b572d0bfa3c7?s=96&d=mm&r=g\",\"caption\":\"Redacci\u00f3n\"},\"url\":\"http:\/\/rednacionaldearte.com\/noticias\/author\/adan\/\"}]}<\/script>\n<!-- \/ Yoast SEO plugin. -->","yoast_head_json":{"title":"Convocatoria para publicar en la Revista LUMA","robots":{"index":"index","follow":"follow","max-snippet":"max-snippet:-1","max-image-preview":"max-image-preview:large","max-video-preview":"max-video-preview:-1"},"canonical":"http:\/\/rednacionaldearte.com\/noticias\/convocatoria-para-publicar-en-la-revista-luma\/","og_locale":"es_ES","og_type":"article","og_title":"Convocatoria para publicar en la Revista LUMA","og_description":"LUMA, revista bimestral dedicada al quehacer art\u00edstico, con especial \u00e9nfasis en el arte contempor\u00e1neo, as\u00ed como la difusi\u00f3n de proyectos propositivos de artistas emergentes, tanto nacionales como internacionales, abre su convocatoria permanente para la recepci\u00f3n de materiales a consideraci\u00f3n para ser publicados sus siguientes ediciones. Se buscan rese\u00f1as cr\u00edticas, art\u00edculos de investigaci\u00f3n y opini\u00f3n, fotograf\u00edas, [&hellip;]","og_url":"http:\/\/rednacionaldearte.com\/noticias\/convocatoria-para-publicar-en-la-revista-luma\/","og_site_name":"Red Nacional de Arte","article_publisher":"http:\/\/www.facebook.com\/rednacionaldearte\/","article_published_time":"2016-07-11T05:05:15+00:00","article_modified_time":"2016-07-11T05:18:16+00:00","og_image":[{"width":780,"height":1024,"url":"http:\/\/rednacionaldearte.com\/noticias\/wp-content\/uploads\/2016\/07\/Colabo-780x1024.jpg","type":"image\/jpeg"}],"author":"Redacci\u00f3n","twitter_card":"summary_large_image","twitter_creator":"@rednacionalarte","twitter_site":"@rednacionalarte","twitter_misc":{"Escrito por":"Redacci\u00f3n","Tiempo de lectura":"1 minuto"},"schema":{"@context":"https:\/\/schema.org","@graph":[{"@type":"Article","@id":"http:\/\/rednacionaldearte.com\/noticias\/convocatoria-para-publicar-en-la-revista-luma\/#article","isPartOf":{"@id":"http:\/\/rednacionaldearte.com\/noticias\/convocatoria-para-publicar-en-la-revista-luma\/"},"author":{"name":"Redacci\u00f3n","@id":"http:\/\/rednacionaldearte.com\/noticias\/#\/schema\/person\/489d635082b1de413434d2708a3e5b9b"},"headline":"Convocatoria para publicar en la Revista LUMA","datePublished":"2016-07-11T05:05:15+00:00","dateModified":"2016-07-11T05:18:16+00:00","mainEntityOfPage":{"@id":"http:\/\/rednacionaldearte.com\/noticias\/convocatoria-para-publicar-en-la-revista-luma\/"},"wordCount":134,"publisher":{"@id":"http:\/\/rednacionaldearte.com\/noticias\/#organization"},"image":{"@id":"http:\/\/rednacionaldearte.com\/noticias\/convocatoria-para-publicar-en-la-revista-luma\/#primaryimage"},"thumbnailUrl":"http:\/\/rednacionaldearte.com\/noticias\/wp-content\/uploads\/2016\/07\/Colabo.jpg","keywords":["Arte Contempor\u00e1neo","convocatoria","LUMA","Revista LUMA"],"articleSection":["Convocatorias","LUMA","RNA"],"inLanguage":"es"},{"@type":"WebPage","@id":"http:\/\/rednacionaldearte.com\/noticias\/convocatoria-para-publicar-en-la-revista-luma\/","url":"http:\/\/rednacionaldearte.com\/noticias\/convocatoria-para-publicar-en-la-revista-luma\/","name":"Convocatoria para publicar en la Revista LUMA","isPartOf":{"@id":"http:\/\/rednacionaldearte.com\/noticias\/#website"},"primaryImageOfPage":{"@id":"http:\/\/rednacionaldearte.com\/noticias\/convocatoria-para-publicar-en-la-revista-luma\/#primaryimage"},"image":{"@id":"http:\/\/rednacionaldearte.com\/noticias\/convocatoria-para-publicar-en-la-revista-luma\/#primaryimage"},"thumbnailUrl":"http:\/\/rednacionaldearte.com\/noticias\/wp-content\/uploads\/2016\/07\/Colabo.jpg","datePublished":"2016-07-11T05:05:15+00:00","dateModified":"2016-07-11T05:18:16+00:00","breadcrumb":{"@id":"http:\/\/rednacionaldearte.com\/noticias\/convocatoria-para-publicar-en-la-revista-luma\/#breadcrumb"},"inLanguage":"es","potentialAction":[{"@type":"ReadAction","target":["http:\/\/rednacionaldearte.com\/noticias\/convocatoria-para-publicar-en-la-revista-luma\/"]}]},{"@type":"ImageObject","inLanguage":"es","@id":"http:\/\/rednacionaldearte.com\/noticias\/convocatoria-para-publicar-en-la-revista-luma\/#primaryimage","url":"http:\/\/rednacionaldearte.com\/noticias\/wp-content\/uploads\/2016\/07\/Colabo.jpg","contentUrl":"http:\/\/rednacionaldearte.com\/noticias\/wp-content\/uploads\/2016\/07\/Colabo.jpg","width":1889,"height":2480,"caption":"\u00a1Colabora en LUMA!"},{"@type":"BreadcrumbList","@id":"http:\/\/rednacionaldearte.com\/noticias\/convocatoria-para-publicar-en-la-revista-luma\/#breadcrumb","itemListElement":[{"@type":"ListItem","position":1,"name":"Home","item":"http:\/\/rednacionaldearte.com\/noticias\/"},{"@type":"ListItem","position":2,"name":"Convocatoria para publicar en la Revista LUMA"}]},{"@type":"WebSite","@id":"http:\/\/rednacionaldearte.com\/noticias\/#website","url":"http:\/\/rednacionaldearte.com\/noticias\/","name":"Red Nacional de Arte","description":"Cultura y Arte contempor\u00e1neo en M\u00e9xico","publisher":{"@id":"http:\/\/rednacionaldearte.com\/noticias\/#organization"},"potentialAction":[{"@type":"SearchAction","target":{"@type":"EntryPoint","urlTemplate":"http:\/\/rednacionaldearte.com\/noticias\/?s={search_term_string}"},"query-input":{"@type":"PropertyValueSpecification","valueRequired":true,"valueName":"search_term_string"}}],"inLanguage":"es"},{"@type":"Organization","@id":"http:\/\/rednacionaldearte.com\/noticias\/#organization","name":"Red Nacional de Arte","url":"http:\/\/rednacionaldearte.com\/noticias\/","logo":{"@type":"ImageObject","inLanguage":"es","@id":"http:\/\/rednacionaldearte.com\/noticias\/#\/schema\/logo\/image\/","url":"http:\/\/rednacionaldearte.com\/noticias\/wp-content\/uploads\/2016\/04\/logo.png","contentUrl":"http:\/\/rednacionaldearte.com\/noticias\/wp-content\/uploads\/2016\/04\/logo.png","width":575,"height":554,"caption":"Red Nacional de Arte"},"image":{"@id":"http:\/\/rednacionaldearte.com\/noticias\/#\/schema\/logo\/image\/"},"sameAs":["http:\/\/www.facebook.com\/rednacionaldearte\/","https:\/\/x.com\/rednacionalarte"]},{"@type":"Person","@id":"http:\/\/rednacionaldearte.com\/noticias\/#\/schema\/person\/489d635082b1de413434d2708a3e5b9b","name":"Redacci\u00f3n","image":{"@type":"ImageObject","inLanguage":"es","@id":"https:\/\/secure.gravatar.com\/avatar\/1d1c30eaee7c2f6cfa13fb8502cb06839106cdf371b9953d50e4b572d0bfa3c7?s=96&d=mm&r=g","url":"https:\/\/secure.gravatar.com\/avatar\/1d1c30eaee7c2f6cfa13fb8502cb06839106cdf371b9953d50e4b572d0bfa3c7?s=96&d=mm&r=g","contentUrl":"https:\/\/secure.gravatar.com\/avatar\/1d1c30eaee7c2f6cfa13fb8502cb06839106cdf371b9953d50e4b572d0bfa3c7?s=96&d=mm&r=g","caption":"Redacci\u00f3n"},"url":"http:\/\/rednacionaldearte.com\/noticias\/author\/adan\/"}]}},"amp_validity":null,"amp_enabled":true,"_links":{"self":[{"href":"http:\/\/rednacionaldearte.com\/noticias\/wp-json\/wp\/v2\/posts\/131","targetHints":{"allow":["GET"]}}],"collection":[{"href":"http:\/\/rednacionaldearte.com\/noticias\/wp-json\/wp\/v2\/posts"}],"about":[{"href":"http:\/\/rednacionaldearte.com\/noticias\/wp-json\/wp\/v2\/types\/post"}],"author":[{"embeddable":true,"href":"http:\/\/rednacionaldearte.com\/noticias\/wp-json\/wp\/v2\/users\/1"}],"replies":[{"embeddable":true,"href":"http:\/\/rednacionaldearte.com\/noticias\/wp-json\/wp\/v2\/comments?post=131"}],"version-history":[{"count":5,"href":"http:\/\/rednacionaldearte.com\/noticias\/wp-json\/wp\/v2\/posts\/131\/revisions"}],"predecessor-version":[{"id":138,"href":"http:\/\/rednacionaldearte.com\/noticias\/wp-json\/wp\/v2\/posts\/131\/revisions\/138"}],"wp:featuredmedia":[{"embeddable":true,"href":"http:\/\/rednacionaldearte.com\/noticias\/wp-json\/wp\/v2\/media\/134"}],"wp:attachment":[{"href":"http:\/\/rednacionaldearte.com\/noticias\/wp-json\/wp\/v2\/media?parent=131"}],"wp:term":[{"taxonomy":"category","embeddable":true,"href":"http:\/\/rednacionaldearte.com\/noticias\/wp-json\/wp\/v2\/categories?post=131"},{"taxonomy":"post_tag","embeddable":true,"href":"http:\/\/rednacionaldearte.com\/noticias\/wp-json\/wp\/v2\/tags?post=131"}],"curies":[{"name":"wp","href":"https:\/\/api.w.org\/{rel}","templated":true}]}}