{"id":2080,"date":"2018-04-01T03:18:29","date_gmt":"2018-04-01T03:18:29","guid":{"rendered":"http:\/\/rednacionaldearte.com\/noticias\/?p=2080"},"modified":"2018-04-01T18:47:44","modified_gmt":"2018-04-01T18:47:44","slug":"10-razones-ceniza-pasos","status":"publish","type":"post","link":"http:\/\/rednacionaldearte.com\/noticias\/10-razones-ceniza-pasos\/","title":{"rendered":"10 Razones para no perderse la Obra Ceniza de los Pasos"},"content":{"rendered":"<h2>Ceniza de los Pasos se presentar\u00e1 en el Teatro de la Ciudad Esperanza Iris los mi\u00e9rcoles de Mayo<\/h2>\n<p><a href=\"http:\/\/rednacionaldearte.com\/noticias\/wp-content\/uploads\/2018\/04\/Ceniza-Pasos-Foto-Adan-Ruiz-21.jpg\"><img loading=\"lazy\" decoding=\"async\" class=\"aligncenter size-full wp-image-2081\" src=\"http:\/\/rednacionaldearte.com\/noticias\/wp-content\/uploads\/2018\/04\/Ceniza-Pasos-Foto-Adan-Ruiz-21.jpg\" alt=\"Ceniza de los Pasos\" width=\"1280\" height=\"853\" srcset=\"http:\/\/rednacionaldearte.com\/noticias\/wp-content\/uploads\/2018\/04\/Ceniza-Pasos-Foto-Adan-Ruiz-21.jpg 1280w, http:\/\/rednacionaldearte.com\/noticias\/wp-content\/uploads\/2018\/04\/Ceniza-Pasos-Foto-Adan-Ruiz-21-300x200.jpg 300w, http:\/\/rednacionaldearte.com\/noticias\/wp-content\/uploads\/2018\/04\/Ceniza-Pasos-Foto-Adan-Ruiz-21-768x512.jpg 768w, http:\/\/rednacionaldearte.com\/noticias\/wp-content\/uploads\/2018\/04\/Ceniza-Pasos-Foto-Adan-Ruiz-21-1024x682.jpg 1024w, http:\/\/rednacionaldearte.com\/noticias\/wp-content\/uploads\/2018\/04\/Ceniza-Pasos-Foto-Adan-Ruiz-21-360x240.jpg 360w\" sizes=\"auto, (max-width: 1280px) 100vw, 1280px\" \/><\/a><\/p>\n<p>La pieza esc\u00e9nica \u00ab<strong>Ceniza de los Pasos<\/strong>\u00ab, de las core\u00f3grafas Yuki Pastrana y Catalina Navarrete tendr\u00e1 una corta temporada en uno de los teatros m\u00e1s emblem\u00e1ticos de M\u00e9xico: El <strong>Teatro de la Ciudad Esperanza Iris<\/strong>. A continuaci\u00f3n enlistamos 10 razones para no perd\u00e9rsela:<\/p>\n<h3>1.&nbsp;El equipo creativo pas\u00f3 d\u00edas viviendo en el paisaje volc\u00e1nico para realizar la investigaci\u00f3n coreogr\u00e1fica<\/h3>\n<p><a href=\"http:\/\/rednacionaldearte.com\/noticias\/wp-content\/uploads\/2018\/04\/10.jpg\"><img loading=\"lazy\" decoding=\"async\" class=\"aligncenter size-full wp-image-2082\" src=\"http:\/\/rednacionaldearte.com\/noticias\/wp-content\/uploads\/2018\/04\/10.jpg\" alt=\"Ceniza de los Pasos\" width=\"1200\" height=\"630\" srcset=\"http:\/\/rednacionaldearte.com\/noticias\/wp-content\/uploads\/2018\/04\/10.jpg 1200w, http:\/\/rednacionaldearte.com\/noticias\/wp-content\/uploads\/2018\/04\/10-300x158.jpg 300w, http:\/\/rednacionaldearte.com\/noticias\/wp-content\/uploads\/2018\/04\/10-768x403.jpg 768w, http:\/\/rednacionaldearte.com\/noticias\/wp-content\/uploads\/2018\/04\/10-1024x538.jpg 1024w\" sizes=\"auto, (max-width: 1200px) 100vw, 1200px\" \/><\/a>Tanto las int\u00e9rpretes y core\u00f3grafas como los realizadores del videoarte que se utiliza en la obra vivieron durante varios d\u00edas en el paisaje del volc\u00e1n Paricut\u00edn para crear la obra.<\/p>\n<h3>2. Es una de las pocas propuestas de danza con arn\u00e9s en M\u00e9xico<\/h3>\n<p><a href=\"http:\/\/rednacionaldearte.com\/noticias\/wp-content\/uploads\/2018\/04\/20770436_728662164000678_5582579071369150710_n.jpg\"><img loading=\"lazy\" decoding=\"async\" class=\"aligncenter size-full wp-image-2083\" src=\"http:\/\/rednacionaldearte.com\/noticias\/wp-content\/uploads\/2018\/04\/20770436_728662164000678_5582579071369150710_n.jpg\" alt=\"Ceniza de los Pasos. Foto: LAMAC\" width=\"960\" height=\"640\" srcset=\"http:\/\/rednacionaldearte.com\/noticias\/wp-content\/uploads\/2018\/04\/20770436_728662164000678_5582579071369150710_n.jpg 960w, http:\/\/rednacionaldearte.com\/noticias\/wp-content\/uploads\/2018\/04\/20770436_728662164000678_5582579071369150710_n-300x200.jpg 300w, http:\/\/rednacionaldearte.com\/noticias\/wp-content\/uploads\/2018\/04\/20770436_728662164000678_5582579071369150710_n-768x512.jpg 768w, http:\/\/rednacionaldearte.com\/noticias\/wp-content\/uploads\/2018\/04\/20770436_728662164000678_5582579071369150710_n-360x240.jpg 360w\" sizes=\"auto, (max-width: 960px) 100vw, 960px\" \/><\/a>Los espect\u00e1culos de&nbsp;<strong>danza con arn\u00e9s<\/strong> -o <strong>danza vertical<\/strong>&#8211; no son muy comunes, por lo que est\u00e1 es una oportunidad para conocer m\u00e1s sobre \u00e9sta vertiente y vivir una experiencia que pocos conocen.<\/p>\n<h3>3. Es una obra multidisciplina<\/h3>\n<p><a href=\"http:\/\/rednacionaldearte.com\/noticias\/wp-content\/uploads\/2018\/04\/Ceniza-Pasos-Foto-Adan-Ruiz-1.jpg\"><img loading=\"lazy\" decoding=\"async\" class=\"aligncenter size-full wp-image-2084\" src=\"http:\/\/rednacionaldearte.com\/noticias\/wp-content\/uploads\/2018\/04\/Ceniza-Pasos-Foto-Adan-Ruiz-1.jpg\" alt=\"Ceniza de los Pasos. Foto: Ad\u00e1n Ruiz\" width=\"1280\" height=\"853\" srcset=\"http:\/\/rednacionaldearte.com\/noticias\/wp-content\/uploads\/2018\/04\/Ceniza-Pasos-Foto-Adan-Ruiz-1.jpg 1280w, http:\/\/rednacionaldearte.com\/noticias\/wp-content\/uploads\/2018\/04\/Ceniza-Pasos-Foto-Adan-Ruiz-1-300x200.jpg 300w, http:\/\/rednacionaldearte.com\/noticias\/wp-content\/uploads\/2018\/04\/Ceniza-Pasos-Foto-Adan-Ruiz-1-768x512.jpg 768w, http:\/\/rednacionaldearte.com\/noticias\/wp-content\/uploads\/2018\/04\/Ceniza-Pasos-Foto-Adan-Ruiz-1-1024x682.jpg 1024w, http:\/\/rednacionaldearte.com\/noticias\/wp-content\/uploads\/2018\/04\/Ceniza-Pasos-Foto-Adan-Ruiz-1-360x240.jpg 360w\" sizes=\"auto, (max-width: 1280px) 100vw, 1280px\" \/><\/a><\/p>\n<p>Ceniza de los Pasos es entre muchas cosas, danza con arn\u00e9s, videoarte, dise\u00f1o sonoro, m\u00fasica original y mapping.<\/p>\n<h3>4. El p\u00fablico se encuentra sobre ceniza volc\u00e1nica<\/h3>\n<p><a href=\"http:\/\/rednacionaldearte.com\/noticias\/wp-content\/uploads\/2018\/04\/20770326_728662467333981_743897903599053131_n.jpg\"><img loading=\"lazy\" decoding=\"async\" class=\"aligncenter size-full wp-image-2085\" src=\"http:\/\/rednacionaldearte.com\/noticias\/wp-content\/uploads\/2018\/04\/20770326_728662467333981_743897903599053131_n.jpg\" alt=\"Ceniza de los Pasos. Yuki Pastrana\" width=\"960\" height=\"639\" srcset=\"http:\/\/rednacionaldearte.com\/noticias\/wp-content\/uploads\/2018\/04\/20770326_728662467333981_743897903599053131_n.jpg 960w, http:\/\/rednacionaldearte.com\/noticias\/wp-content\/uploads\/2018\/04\/20770326_728662467333981_743897903599053131_n-300x200.jpg 300w, http:\/\/rednacionaldearte.com\/noticias\/wp-content\/uploads\/2018\/04\/20770326_728662467333981_743897903599053131_n-768x511.jpg 768w, http:\/\/rednacionaldearte.com\/noticias\/wp-content\/uploads\/2018\/04\/20770326_728662467333981_743897903599053131_n-360x240.jpg 360w\" sizes=\"auto, (max-width: 960px) 100vw, 960px\" \/><\/a>No s\u00f3lo las int\u00e9rpretes est\u00e1n en un escenario lleno de ceniza volc\u00e1nica, \u00a1Tambi\u00e9n el p\u00fablico! Puedes vivir de cerca la obra y transportarte a los paisajes pisando la ceniza bajo las butacas, colocadas sobre el escenario.<\/p>\n<p>* <strong>Para garantizar una mejor experiencia<\/strong> y permitir que todos los espectadores puedan ubicarse sobre el escenario, <strong>la cantidad de boletos para la obra est\u00e1 limitada<\/strong> a menos de 120 por funci\u00f3n.<\/p>\n<h3>5. Es probable que pasen a\u00f1os para que la pieza se vuelva a presentar<\/h3>\n<p><a href=\"http:\/\/rednacionaldearte.com\/noticias\/wp-content\/uploads\/2018\/04\/20729536_728662244000670_6252238038391437498_n.jpg\"><img loading=\"lazy\" decoding=\"async\" class=\"aligncenter size-full wp-image-2086\" src=\"http:\/\/rednacionaldearte.com\/noticias\/wp-content\/uploads\/2018\/04\/20729536_728662244000670_6252238038391437498_n.jpg\" alt=\"Ceniza de los Pasos. Foto: LAMAC\" width=\"960\" height=\"639\" srcset=\"http:\/\/rednacionaldearte.com\/noticias\/wp-content\/uploads\/2018\/04\/20729536_728662244000670_6252238038391437498_n.jpg 960w, http:\/\/rednacionaldearte.com\/noticias\/wp-content\/uploads\/2018\/04\/20729536_728662244000670_6252238038391437498_n-300x200.jpg 300w, http:\/\/rednacionaldearte.com\/noticias\/wp-content\/uploads\/2018\/04\/20729536_728662244000670_6252238038391437498_n-768x511.jpg 768w, http:\/\/rednacionaldearte.com\/noticias\/wp-content\/uploads\/2018\/04\/20729536_728662244000670_6252238038391437498_n-360x240.jpg 360w\" sizes=\"auto, (max-width: 960px) 100vw, 960px\" \/><\/a>Luego de estrenar en la <a href=\"http:\/\/createmx.org\/ceniza-los-pasos-exito-fundacion-sebastian\/\" target=\"_blank\" rel=\"noopener\">Fundaci\u00f3n Sebasti\u00e1n<\/a> y presentarse en <a href=\"http:\/\/rednacionaldearte.com\/escena\/\" target=\"_blank\" rel=\"noopener\">#EscenaContempor\u00e1neaMX<\/a>, Ceniza de los Pasos se despide en el emblem\u00e1tico Teatro de la Ciudad Esperanza Iris.<\/p>\n<h3>6. Conmemora los 75 a\u00f1os del nacimiento del volc\u00e1n Paricut\u00edn y fue seleccionada para celebrar los 100 a\u00f1os del Teatro de la Ciudad Esperanza Iris<\/h3>\n<p><a href=\"http:\/\/rednacionaldearte.com\/noticias\/wp-content\/uploads\/2018\/04\/Ceniza-Pasos-Foto-Adan-Ruiz-4.jpg\"><img loading=\"lazy\" decoding=\"async\" class=\"aligncenter size-full wp-image-2087\" src=\"http:\/\/rednacionaldearte.com\/noticias\/wp-content\/uploads\/2018\/04\/Ceniza-Pasos-Foto-Adan-Ruiz-4.jpg\" alt=\"Ceniza de los Pasos. Foto: Ad\u00e1n Ruiz\" width=\"1280\" height=\"853\" srcset=\"http:\/\/rednacionaldearte.com\/noticias\/wp-content\/uploads\/2018\/04\/Ceniza-Pasos-Foto-Adan-Ruiz-4.jpg 1280w, http:\/\/rednacionaldearte.com\/noticias\/wp-content\/uploads\/2018\/04\/Ceniza-Pasos-Foto-Adan-Ruiz-4-300x200.jpg 300w, http:\/\/rednacionaldearte.com\/noticias\/wp-content\/uploads\/2018\/04\/Ceniza-Pasos-Foto-Adan-Ruiz-4-768x512.jpg 768w, http:\/\/rednacionaldearte.com\/noticias\/wp-content\/uploads\/2018\/04\/Ceniza-Pasos-Foto-Adan-Ruiz-4-1024x682.jpg 1024w, http:\/\/rednacionaldearte.com\/noticias\/wp-content\/uploads\/2018\/04\/Ceniza-Pasos-Foto-Adan-Ruiz-4-360x240.jpg 360w\" sizes=\"auto, (max-width: 1280px) 100vw, 1280px\" \/><\/a>El volc\u00e1n Paricut\u00edn -el m\u00e1s joven en el continente y el \u00fanico que el hombre ha visto nacer- cumple 75 a\u00f1os de existencia en el 2018, y el Teatro de la Ciudad celebra su primer centenario.<\/p>\n<h3>7. Es una propuesta enmarcada en la nueva generaci\u00f3n de la coreograf\u00eda mexicana<a href=\"http:\/\/rednacionaldearte.com\/noticias\/wp-content\/uploads\/2018\/04\/Ceniza-Pasos-Foto-Adan-Ruiz-18.jpg\"><img loading=\"lazy\" decoding=\"async\" class=\"aligncenter size-full wp-image-2088\" src=\"http:\/\/rednacionaldearte.com\/noticias\/wp-content\/uploads\/2018\/04\/Ceniza-Pasos-Foto-Adan-Ruiz-18.jpg\" alt=\"Ceniza de los Pasos. Foto: Ad\u00e1n Ruiz\" width=\"1280\" height=\"853\" srcset=\"http:\/\/rednacionaldearte.com\/noticias\/wp-content\/uploads\/2018\/04\/Ceniza-Pasos-Foto-Adan-Ruiz-18.jpg 1280w, http:\/\/rednacionaldearte.com\/noticias\/wp-content\/uploads\/2018\/04\/Ceniza-Pasos-Foto-Adan-Ruiz-18-300x200.jpg 300w, http:\/\/rednacionaldearte.com\/noticias\/wp-content\/uploads\/2018\/04\/Ceniza-Pasos-Foto-Adan-Ruiz-18-768x512.jpg 768w, http:\/\/rednacionaldearte.com\/noticias\/wp-content\/uploads\/2018\/04\/Ceniza-Pasos-Foto-Adan-Ruiz-18-1024x682.jpg 1024w, http:\/\/rednacionaldearte.com\/noticias\/wp-content\/uploads\/2018\/04\/Ceniza-Pasos-Foto-Adan-Ruiz-18-360x240.jpg 360w\" sizes=\"auto, (max-width: 1280px) 100vw, 1280px\" \/><\/a><\/h3>\n<p>Ceniza de los Pasos nace bajo un contexto donde una nueva coreograf\u00eda contempor\u00e1nea mexicana y una nueva generaci\u00f3n de core\u00f3grafos y core\u00f3grafas est\u00e1 imperando con producciones m\u00e1s interesadas en la convergencia de varias artes.<\/p>\n<h3>8. Adem\u00e1s de ser una obra esc\u00e9nica, la investigaci\u00f3n coreogr\u00e1fica ha llevado la pieza a otros formatos<\/h3>\n<p><a href=\"http:\/\/rednacionaldearte.com\/noticias\/wp-content\/uploads\/2018\/04\/5.jpg\"><img loading=\"lazy\" decoding=\"async\" class=\"aligncenter size-full wp-image-2089\" src=\"http:\/\/rednacionaldearte.com\/noticias\/wp-content\/uploads\/2018\/04\/5.jpg\" alt=\"Videoarte Ceniza de los Pasos\" width=\"1200\" height=\"630\" srcset=\"http:\/\/rednacionaldearte.com\/noticias\/wp-content\/uploads\/2018\/04\/5.jpg 1200w, http:\/\/rednacionaldearte.com\/noticias\/wp-content\/uploads\/2018\/04\/5-300x158.jpg 300w, http:\/\/rednacionaldearte.com\/noticias\/wp-content\/uploads\/2018\/04\/5-768x403.jpg 768w, http:\/\/rednacionaldearte.com\/noticias\/wp-content\/uploads\/2018\/04\/5-1024x538.jpg 1024w\" sizes=\"auto, (max-width: 1200px) 100vw, 1200px\" \/><\/a><\/p>\n<p>Ceniza de los Pasos no s\u00f3lo es una pieza esc\u00e9nica. El <strong>videoarte<\/strong> (fotografiado por <strong>Wences L\u00f3pez y Ad\u00e1n Ruiz<\/strong>) se ha presentado en foros y museos, se cre\u00f3 una <strong>serie de pinturas<\/strong>, y adem\u00e1s, est\u00e1 disponible una <strong>colecci\u00f3n de publicaciones<\/strong> sobre danza con arn\u00e9s, el proceso creativo de la pieza y el gui\u00f3n coreogr\u00e1fico.<\/p>\n<p>Puedes adquirir las publicaciones haciendo click en el bot\u00f3n de abajo (<strong>la compra de una publicaci\u00f3n incluye el boleto a las funciones en el Teatro de la Ciudad<\/strong>).<\/p>\n<p><a class=\"fasc-button fasc-size-medium fasc-type-flat\" style=\"background-color: #33809e; color: #ffffff;\" target=\"_blank\" rel=\"noopener\" href=\"http:\/\/rednacionaldearte.com\/tienda\/etiqueta-producto\/ceniza-de-los-pasos\/\">Comprar publicaciones coreogr\u00e1ficas<\/a><\/p>\n<p><span style=\"font-size: 22px; font-weight: bold;\">9. La narrativa coreogr\u00e1fica<\/span><\/p>\n<p><a href=\"http:\/\/rednacionaldearte.com\/noticias\/wp-content\/uploads\/2018\/04\/4.jpg\"><img loading=\"lazy\" decoding=\"async\" class=\"aligncenter size-full wp-image-2090\" src=\"http:\/\/rednacionaldearte.com\/noticias\/wp-content\/uploads\/2018\/04\/4.jpg\" alt=\"Ceniza de los Pasos. Foto: Ad\u00e1n Ruiz\" width=\"1200\" height=\"630\" srcset=\"http:\/\/rednacionaldearte.com\/noticias\/wp-content\/uploads\/2018\/04\/4.jpg 1200w, http:\/\/rednacionaldearte.com\/noticias\/wp-content\/uploads\/2018\/04\/4-300x158.jpg 300w, http:\/\/rednacionaldearte.com\/noticias\/wp-content\/uploads\/2018\/04\/4-768x403.jpg 768w, http:\/\/rednacionaldearte.com\/noticias\/wp-content\/uploads\/2018\/04\/4-1024x538.jpg 1024w\" sizes=\"auto, (max-width: 1200px) 100vw, 1200px\" \/><\/a>La estructura de Ceniza de los Pasos difiere de otras obras de danza contempor\u00e1nea: fragmenta los paisajes volc\u00e1nicos y presenta una exploraci\u00f3n que incluye la ceniza y vegetaci\u00f3n hasta el ascenso al cr\u00e1ter de una manera poco convencional.<\/p>\n<h3>10. Es una de las pocas obras del g\u00e9nero&nbsp;<em>Coreograf\u00eda de Paisaje<\/em><\/h3>\n<p><a href=\"http:\/\/rednacionaldearte.com\/noticias\/wp-content\/uploads\/2018\/04\/9.jpg\"><img loading=\"lazy\" decoding=\"async\" class=\"aligncenter size-full wp-image-2091\" src=\"http:\/\/rednacionaldearte.com\/noticias\/wp-content\/uploads\/2018\/04\/9.jpg\" alt=\"Foto: Ad\u00e1n Ruiz\" width=\"1200\" height=\"630\" srcset=\"http:\/\/rednacionaldearte.com\/noticias\/wp-content\/uploads\/2018\/04\/9.jpg 1200w, http:\/\/rednacionaldearte.com\/noticias\/wp-content\/uploads\/2018\/04\/9-300x158.jpg 300w, http:\/\/rednacionaldearte.com\/noticias\/wp-content\/uploads\/2018\/04\/9-768x403.jpg 768w, http:\/\/rednacionaldearte.com\/noticias\/wp-content\/uploads\/2018\/04\/9-1024x538.jpg 1024w\" sizes=\"auto, (max-width: 1200px) 100vw, 1200px\" \/><\/a>Adem\u00e1s de ser danza con arn\u00e9s, es coreograf\u00eda de paisaje, y para algunos incluso, coreograf\u00eda documental. Estos g\u00e9neros son tendencias nuevas en la danza contempor\u00e1nea, y poco a poco est\u00e1n llegando a M\u00e9xico. Ceniza de los Pasos es una pieza pionera en este tipo de investigaciones que poseen una fuerte experimentaci\u00f3n.<\/p>\n<p>&nbsp;<\/p>\n<h2>Los boletos ya est\u00e1n a la venta<\/h2>\n<p>Y pueden ser adquiridos en taquillas del teatro o por Ticketmaster. Debido a que s\u00f3lo hay algunos boletos disponibles, se recomienda comprarlos con anticipaci\u00f3n.<\/p>\n<p><strong>Fechas:&nbsp;<\/strong><\/p>\n<p>&nbsp;<\/p>\n<p><strong>Mi\u00e9rcoles 9 de Mayo, 2018<\/strong><br \/>\n20:30 horas<\/p>\n<p><a class=\"fasc-button fasc-size-medium fasc-type-flat\" style=\"background-color: #33809e; color: #ffffff;\" target=\"_blank\" rel=\"nofollow noopener\" href=\"http:\/\/www.ticketmaster.com.mx\/ceniza-de-los-pasos-mexico-distrito-federal-09-05-2018\/event\/14005439E50DC98A?artistid=2459616&amp;majorcatid=10002&amp;minorcatid=823&amp;bba=1\">COMPRAR BOLETOS<\/a><\/p>\n<p><strong>Mi\u00e9rcoles 16 de Mayo, 2018<\/strong><br \/>\n20:30 horas<\/p>\n<p><a class=\"fasc-button fasc-size-medium fasc-type-flat\" style=\"background-color: #33809e; color: #ffffff;\" target=\"_blank\" rel=\"nofollow noopener\" href=\"http:\/\/www.ticketmaster.com.mx\/ceniza-de-los-pasos-mexico-distrito-federal-16-05-2018\/event\/14005445ABF22161?artistid=2459616&amp;majorcatid=10002&amp;minorcatid=823&amp;bba=1\">COMPRAR BOLETOS<\/a><\/p>\n<p><strong>Mi\u00e9rcoles 23 de Mayo, 2018<\/strong><br \/>\n20:30 horas<\/p>\n<p><a class=\"fasc-button fasc-size-medium fasc-type-flat\" style=\"background-color: #33809e; color: #ffffff;\" target=\"_blank\" rel=\"nofollow noopener\" href=\"http:\/\/www.ticketmaster.com.mx\/ceniza-de-los-pasos-mexico-distrito-federal-23-05-2018\/event\/14005445AC5A2200?artistid=2459616&amp;majorcatid=10002&amp;minorcatid=823&amp;bba=1\">COMPRAR BOLETOS<\/a><\/p>\n<p><strong>Mi\u00e9rcoles 30 de Mayo, 2018<\/strong><br \/>\n20:30 horas<\/p>\n<p><a class=\"fasc-button fasc-size-medium fasc-type-flat\" style=\"background-color: #33809e; color: #ffffff;\" target=\"_blank\" rel=\"nofollow noopener\" href=\"http:\/\/www.ticketmaster.com.mx\/ceniza-de-los-pasos-mexico-distrito-federal-30-05-2018\/event\/14005445AC5A2206?artistid=2459616&amp;majorcatid=10002&amp;minorcatid=823&amp;bba=1\">COMPRAR BOLETOS<\/a><\/p>\n","protected":false},"excerpt":{"rendered":"<p>Ceniza de los Pasos se presentar\u00e1 en el Teatro de la Ciudad Esperanza Iris los mi\u00e9rcoles de Mayo La pieza esc\u00e9nica \u00abCeniza de los Pasos\u00ab, de las core\u00f3grafas Yuki Pastrana y Catalina Navarrete tendr\u00e1 una corta temporada en uno de los teatros m\u00e1s emblem\u00e1ticos de M\u00e9xico: El Teatro de la Ciudad Esperanza Iris. A continuaci\u00f3n [&hellip;]<\/p>\n","protected":false},"author":1,"featured_media":2081,"comment_status":"closed","ping_status":"open","sticky":false,"template":"","format":"standard","meta":{"footnotes":""},"categories":[103,58],"tags":[143,142,144],"class_list":["post-2080","post","type-post","status-publish","format-standard","has-post-thumbnail","hentry","category-artes-escenicas","category-danza","tag-adan-ruiz","tag-ceniza-de-los-pasos","tag-yuki-pastrana"],"yoast_head":"<!-- This site is optimized with the Yoast SEO plugin v27.2 - https:\/\/yoast.com\/product\/yoast-seo-wordpress\/ -->\n<title>10 Razones para no perderse la Obra Ceniza de los Pasos<\/title>\n<meta name=\"description\" content=\"La pieza esc\u00e9nica &quot;Ceniza de los Pasos&quot; tendr\u00e1 una corta temporada en uno de los teatros m\u00e1s emblem\u00e1ticos de M\u00e9xico: El Teatro de la Ciudad Esperanza Iris. Aqu\u00ed tienes 10 razones para no perd\u00e9rtela.\" \/>\n<meta name=\"robots\" content=\"index, follow, max-snippet:-1, max-image-preview:large, max-video-preview:-1\" \/>\n<link rel=\"canonical\" href=\"http:\/\/rednacionaldearte.com\/noticias\/10-razones-ceniza-pasos\/\" \/>\n<meta property=\"og:locale\" content=\"es_ES\" \/>\n<meta property=\"og:type\" content=\"article\" \/>\n<meta property=\"og:title\" content=\"10 Razones para no perderse la Obra Ceniza de los Pasos\" \/>\n<meta property=\"og:description\" content=\"La pieza esc\u00e9nica &quot;Ceniza de los Pasos&quot; tendr\u00e1 una corta temporada en uno de los teatros m\u00e1s emblem\u00e1ticos de M\u00e9xico: El Teatro de la Ciudad Esperanza Iris. Aqu\u00ed tienes 10 razones para no perd\u00e9rtela.\" \/>\n<meta property=\"og:url\" content=\"http:\/\/rednacionaldearte.com\/noticias\/10-razones-ceniza-pasos\/\" \/>\n<meta property=\"og:site_name\" content=\"Red Nacional de Arte\" \/>\n<meta property=\"article:publisher\" content=\"http:\/\/www.facebook.com\/rednacionaldearte\/\" \/>\n<meta property=\"article:published_time\" content=\"2018-04-01T03:18:29+00:00\" \/>\n<meta property=\"article:modified_time\" content=\"2018-04-01T18:47:44+00:00\" \/>\n<meta property=\"og:image\" content=\"http:\/\/rednacionaldearte.com\/noticias\/wp-content\/uploads\/2018\/04\/Ceniza-Pasos-Foto-Adan-Ruiz-21.jpg\" \/>\n\t<meta property=\"og:image:width\" content=\"1280\" \/>\n\t<meta property=\"og:image:height\" content=\"853\" \/>\n\t<meta property=\"og:image:type\" content=\"image\/jpeg\" \/>\n<meta name=\"author\" content=\"Redacci\u00f3n\" \/>\n<meta name=\"twitter:card\" content=\"summary_large_image\" \/>\n<meta name=\"twitter:creator\" content=\"@rednacionalarte\" \/>\n<meta name=\"twitter:site\" content=\"@rednacionalarte\" \/>\n<meta name=\"twitter:label1\" content=\"Escrito por\" \/>\n\t<meta name=\"twitter:data1\" content=\"Redacci\u00f3n\" \/>\n\t<meta name=\"twitter:label2\" content=\"Tiempo de lectura\" \/>\n\t<meta name=\"twitter:data2\" content=\"4 minutos\" \/>\n<script type=\"application\/ld+json\" class=\"yoast-schema-graph\">{\"@context\":\"https:\/\/schema.org\",\"@graph\":[{\"@type\":\"Article\",\"@id\":\"http:\/\/rednacionaldearte.com\/noticias\/10-razones-ceniza-pasos\/#article\",\"isPartOf\":{\"@id\":\"http:\/\/rednacionaldearte.com\/noticias\/10-razones-ceniza-pasos\/\"},\"author\":{\"name\":\"Redacci\u00f3n\",\"@id\":\"http:\/\/rednacionaldearte.com\/noticias\/#\/schema\/person\/489d635082b1de413434d2708a3e5b9b\"},\"headline\":\"10 Razones para no perderse la Obra Ceniza de los Pasos\",\"datePublished\":\"2018-04-01T03:18:29+00:00\",\"dateModified\":\"2018-04-01T18:47:44+00:00\",\"mainEntityOfPage\":{\"@id\":\"http:\/\/rednacionaldearte.com\/noticias\/10-razones-ceniza-pasos\/\"},\"wordCount\":757,\"publisher\":{\"@id\":\"http:\/\/rednacionaldearte.com\/noticias\/#organization\"},\"image\":{\"@id\":\"http:\/\/rednacionaldearte.com\/noticias\/10-razones-ceniza-pasos\/#primaryimage\"},\"thumbnailUrl\":\"http:\/\/rednacionaldearte.com\/noticias\/wp-content\/uploads\/2018\/04\/Ceniza-Pasos-Foto-Adan-Ruiz-21.jpg\",\"keywords\":[\"Ad\u00e1n Ruiz\",\"Ceniza de los Pasos\",\"Yuki Pastrana\"],\"articleSection\":[\"Artes Esc\u00e9nicas\",\"Danza\"],\"inLanguage\":\"es\"},{\"@type\":\"WebPage\",\"@id\":\"http:\/\/rednacionaldearte.com\/noticias\/10-razones-ceniza-pasos\/\",\"url\":\"http:\/\/rednacionaldearte.com\/noticias\/10-razones-ceniza-pasos\/\",\"name\":\"10 Razones para no perderse la Obra Ceniza de los Pasos\",\"isPartOf\":{\"@id\":\"http:\/\/rednacionaldearte.com\/noticias\/#website\"},\"primaryImageOfPage\":{\"@id\":\"http:\/\/rednacionaldearte.com\/noticias\/10-razones-ceniza-pasos\/#primaryimage\"},\"image\":{\"@id\":\"http:\/\/rednacionaldearte.com\/noticias\/10-razones-ceniza-pasos\/#primaryimage\"},\"thumbnailUrl\":\"http:\/\/rednacionaldearte.com\/noticias\/wp-content\/uploads\/2018\/04\/Ceniza-Pasos-Foto-Adan-Ruiz-21.jpg\",\"datePublished\":\"2018-04-01T03:18:29+00:00\",\"dateModified\":\"2018-04-01T18:47:44+00:00\",\"description\":\"La pieza esc\u00e9nica \\\"Ceniza de los Pasos\\\" tendr\u00e1 una corta temporada en uno de los teatros m\u00e1s emblem\u00e1ticos de M\u00e9xico: El Teatro de la Ciudad Esperanza Iris. Aqu\u00ed tienes 10 razones para no perd\u00e9rtela.\",\"breadcrumb\":{\"@id\":\"http:\/\/rednacionaldearte.com\/noticias\/10-razones-ceniza-pasos\/#breadcrumb\"},\"inLanguage\":\"es\",\"potentialAction\":[{\"@type\":\"ReadAction\",\"target\":[\"http:\/\/rednacionaldearte.com\/noticias\/10-razones-ceniza-pasos\/\"]}]},{\"@type\":\"ImageObject\",\"inLanguage\":\"es\",\"@id\":\"http:\/\/rednacionaldearte.com\/noticias\/10-razones-ceniza-pasos\/#primaryimage\",\"url\":\"http:\/\/rednacionaldearte.com\/noticias\/wp-content\/uploads\/2018\/04\/Ceniza-Pasos-Foto-Adan-Ruiz-21.jpg\",\"contentUrl\":\"http:\/\/rednacionaldearte.com\/noticias\/wp-content\/uploads\/2018\/04\/Ceniza-Pasos-Foto-Adan-Ruiz-21.jpg\",\"width\":1280,\"height\":853,\"caption\":\"Ceniza de los Pasos\"},{\"@type\":\"BreadcrumbList\",\"@id\":\"http:\/\/rednacionaldearte.com\/noticias\/10-razones-ceniza-pasos\/#breadcrumb\",\"itemListElement\":[{\"@type\":\"ListItem\",\"position\":1,\"name\":\"Home\",\"item\":\"http:\/\/rednacionaldearte.com\/noticias\/\"},{\"@type\":\"ListItem\",\"position\":2,\"name\":\"10 Razones para no perderse la Obra Ceniza de los Pasos\"}]},{\"@type\":\"WebSite\",\"@id\":\"http:\/\/rednacionaldearte.com\/noticias\/#website\",\"url\":\"http:\/\/rednacionaldearte.com\/noticias\/\",\"name\":\"Red Nacional de Arte\",\"description\":\"Cultura y Arte contempor\u00e1neo en M\u00e9xico\",\"publisher\":{\"@id\":\"http:\/\/rednacionaldearte.com\/noticias\/#organization\"},\"potentialAction\":[{\"@type\":\"SearchAction\",\"target\":{\"@type\":\"EntryPoint\",\"urlTemplate\":\"http:\/\/rednacionaldearte.com\/noticias\/?s={search_term_string}\"},\"query-input\":{\"@type\":\"PropertyValueSpecification\",\"valueRequired\":true,\"valueName\":\"search_term_string\"}}],\"inLanguage\":\"es\"},{\"@type\":\"Organization\",\"@id\":\"http:\/\/rednacionaldearte.com\/noticias\/#organization\",\"name\":\"Red Nacional de Arte\",\"url\":\"http:\/\/rednacionaldearte.com\/noticias\/\",\"logo\":{\"@type\":\"ImageObject\",\"inLanguage\":\"es\",\"@id\":\"http:\/\/rednacionaldearte.com\/noticias\/#\/schema\/logo\/image\/\",\"url\":\"http:\/\/rednacionaldearte.com\/noticias\/wp-content\/uploads\/2016\/04\/logo.png\",\"contentUrl\":\"http:\/\/rednacionaldearte.com\/noticias\/wp-content\/uploads\/2016\/04\/logo.png\",\"width\":575,\"height\":554,\"caption\":\"Red Nacional de Arte\"},\"image\":{\"@id\":\"http:\/\/rednacionaldearte.com\/noticias\/#\/schema\/logo\/image\/\"},\"sameAs\":[\"http:\/\/www.facebook.com\/rednacionaldearte\/\",\"https:\/\/x.com\/rednacionalarte\"]},{\"@type\":\"Person\",\"@id\":\"http:\/\/rednacionaldearte.com\/noticias\/#\/schema\/person\/489d635082b1de413434d2708a3e5b9b\",\"name\":\"Redacci\u00f3n\",\"image\":{\"@type\":\"ImageObject\",\"inLanguage\":\"es\",\"@id\":\"https:\/\/secure.gravatar.com\/avatar\/1d1c30eaee7c2f6cfa13fb8502cb06839106cdf371b9953d50e4b572d0bfa3c7?s=96&d=mm&r=g\",\"url\":\"https:\/\/secure.gravatar.com\/avatar\/1d1c30eaee7c2f6cfa13fb8502cb06839106cdf371b9953d50e4b572d0bfa3c7?s=96&d=mm&r=g\",\"contentUrl\":\"https:\/\/secure.gravatar.com\/avatar\/1d1c30eaee7c2f6cfa13fb8502cb06839106cdf371b9953d50e4b572d0bfa3c7?s=96&d=mm&r=g\",\"caption\":\"Redacci\u00f3n\"},\"url\":\"http:\/\/rednacionaldearte.com\/noticias\/author\/adan\/\"}]}<\/script>\n<!-- \/ Yoast SEO plugin. -->","yoast_head_json":{"title":"10 Razones para no perderse la Obra Ceniza de los Pasos","description":"La pieza esc\u00e9nica \"Ceniza de los Pasos\" tendr\u00e1 una corta temporada en uno de los teatros m\u00e1s emblem\u00e1ticos de M\u00e9xico: El Teatro de la Ciudad Esperanza Iris. Aqu\u00ed tienes 10 razones para no perd\u00e9rtela.","robots":{"index":"index","follow":"follow","max-snippet":"max-snippet:-1","max-image-preview":"max-image-preview:large","max-video-preview":"max-video-preview:-1"},"canonical":"http:\/\/rednacionaldearte.com\/noticias\/10-razones-ceniza-pasos\/","og_locale":"es_ES","og_type":"article","og_title":"10 Razones para no perderse la Obra Ceniza de los Pasos","og_description":"La pieza esc\u00e9nica \"Ceniza de los Pasos\" tendr\u00e1 una corta temporada en uno de los teatros m\u00e1s emblem\u00e1ticos de M\u00e9xico: El Teatro de la Ciudad Esperanza Iris. Aqu\u00ed tienes 10 razones para no perd\u00e9rtela.","og_url":"http:\/\/rednacionaldearte.com\/noticias\/10-razones-ceniza-pasos\/","og_site_name":"Red Nacional de Arte","article_publisher":"http:\/\/www.facebook.com\/rednacionaldearte\/","article_published_time":"2018-04-01T03:18:29+00:00","article_modified_time":"2018-04-01T18:47:44+00:00","og_image":[{"width":1280,"height":853,"url":"http:\/\/rednacionaldearte.com\/noticias\/wp-content\/uploads\/2018\/04\/Ceniza-Pasos-Foto-Adan-Ruiz-21.jpg","type":"image\/jpeg"}],"author":"Redacci\u00f3n","twitter_card":"summary_large_image","twitter_creator":"@rednacionalarte","twitter_site":"@rednacionalarte","twitter_misc":{"Escrito por":"Redacci\u00f3n","Tiempo de lectura":"4 minutos"},"schema":{"@context":"https:\/\/schema.org","@graph":[{"@type":"Article","@id":"http:\/\/rednacionaldearte.com\/noticias\/10-razones-ceniza-pasos\/#article","isPartOf":{"@id":"http:\/\/rednacionaldearte.com\/noticias\/10-razones-ceniza-pasos\/"},"author":{"name":"Redacci\u00f3n","@id":"http:\/\/rednacionaldearte.com\/noticias\/#\/schema\/person\/489d635082b1de413434d2708a3e5b9b"},"headline":"10 Razones para no perderse la Obra Ceniza de los Pasos","datePublished":"2018-04-01T03:18:29+00:00","dateModified":"2018-04-01T18:47:44+00:00","mainEntityOfPage":{"@id":"http:\/\/rednacionaldearte.com\/noticias\/10-razones-ceniza-pasos\/"},"wordCount":757,"publisher":{"@id":"http:\/\/rednacionaldearte.com\/noticias\/#organization"},"image":{"@id":"http:\/\/rednacionaldearte.com\/noticias\/10-razones-ceniza-pasos\/#primaryimage"},"thumbnailUrl":"http:\/\/rednacionaldearte.com\/noticias\/wp-content\/uploads\/2018\/04\/Ceniza-Pasos-Foto-Adan-Ruiz-21.jpg","keywords":["Ad\u00e1n Ruiz","Ceniza de los Pasos","Yuki Pastrana"],"articleSection":["Artes Esc\u00e9nicas","Danza"],"inLanguage":"es"},{"@type":"WebPage","@id":"http:\/\/rednacionaldearte.com\/noticias\/10-razones-ceniza-pasos\/","url":"http:\/\/rednacionaldearte.com\/noticias\/10-razones-ceniza-pasos\/","name":"10 Razones para no perderse la Obra Ceniza de los Pasos","isPartOf":{"@id":"http:\/\/rednacionaldearte.com\/noticias\/#website"},"primaryImageOfPage":{"@id":"http:\/\/rednacionaldearte.com\/noticias\/10-razones-ceniza-pasos\/#primaryimage"},"image":{"@id":"http:\/\/rednacionaldearte.com\/noticias\/10-razones-ceniza-pasos\/#primaryimage"},"thumbnailUrl":"http:\/\/rednacionaldearte.com\/noticias\/wp-content\/uploads\/2018\/04\/Ceniza-Pasos-Foto-Adan-Ruiz-21.jpg","datePublished":"2018-04-01T03:18:29+00:00","dateModified":"2018-04-01T18:47:44+00:00","description":"La pieza esc\u00e9nica \"Ceniza de los Pasos\" tendr\u00e1 una corta temporada en uno de los teatros m\u00e1s emblem\u00e1ticos de M\u00e9xico: El Teatro de la Ciudad Esperanza Iris. Aqu\u00ed tienes 10 razones para no perd\u00e9rtela.","breadcrumb":{"@id":"http:\/\/rednacionaldearte.com\/noticias\/10-razones-ceniza-pasos\/#breadcrumb"},"inLanguage":"es","potentialAction":[{"@type":"ReadAction","target":["http:\/\/rednacionaldearte.com\/noticias\/10-razones-ceniza-pasos\/"]}]},{"@type":"ImageObject","inLanguage":"es","@id":"http:\/\/rednacionaldearte.com\/noticias\/10-razones-ceniza-pasos\/#primaryimage","url":"http:\/\/rednacionaldearte.com\/noticias\/wp-content\/uploads\/2018\/04\/Ceniza-Pasos-Foto-Adan-Ruiz-21.jpg","contentUrl":"http:\/\/rednacionaldearte.com\/noticias\/wp-content\/uploads\/2018\/04\/Ceniza-Pasos-Foto-Adan-Ruiz-21.jpg","width":1280,"height":853,"caption":"Ceniza de los Pasos"},{"@type":"BreadcrumbList","@id":"http:\/\/rednacionaldearte.com\/noticias\/10-razones-ceniza-pasos\/#breadcrumb","itemListElement":[{"@type":"ListItem","position":1,"name":"Home","item":"http:\/\/rednacionaldearte.com\/noticias\/"},{"@type":"ListItem","position":2,"name":"10 Razones para no perderse la Obra Ceniza de los Pasos"}]},{"@type":"WebSite","@id":"http:\/\/rednacionaldearte.com\/noticias\/#website","url":"http:\/\/rednacionaldearte.com\/noticias\/","name":"Red Nacional de Arte","description":"Cultura y Arte contempor\u00e1neo en M\u00e9xico","publisher":{"@id":"http:\/\/rednacionaldearte.com\/noticias\/#organization"},"potentialAction":[{"@type":"SearchAction","target":{"@type":"EntryPoint","urlTemplate":"http:\/\/rednacionaldearte.com\/noticias\/?s={search_term_string}"},"query-input":{"@type":"PropertyValueSpecification","valueRequired":true,"valueName":"search_term_string"}}],"inLanguage":"es"},{"@type":"Organization","@id":"http:\/\/rednacionaldearte.com\/noticias\/#organization","name":"Red Nacional de Arte","url":"http:\/\/rednacionaldearte.com\/noticias\/","logo":{"@type":"ImageObject","inLanguage":"es","@id":"http:\/\/rednacionaldearte.com\/noticias\/#\/schema\/logo\/image\/","url":"http:\/\/rednacionaldearte.com\/noticias\/wp-content\/uploads\/2016\/04\/logo.png","contentUrl":"http:\/\/rednacionaldearte.com\/noticias\/wp-content\/uploads\/2016\/04\/logo.png","width":575,"height":554,"caption":"Red Nacional de Arte"},"image":{"@id":"http:\/\/rednacionaldearte.com\/noticias\/#\/schema\/logo\/image\/"},"sameAs":["http:\/\/www.facebook.com\/rednacionaldearte\/","https:\/\/x.com\/rednacionalarte"]},{"@type":"Person","@id":"http:\/\/rednacionaldearte.com\/noticias\/#\/schema\/person\/489d635082b1de413434d2708a3e5b9b","name":"Redacci\u00f3n","image":{"@type":"ImageObject","inLanguage":"es","@id":"https:\/\/secure.gravatar.com\/avatar\/1d1c30eaee7c2f6cfa13fb8502cb06839106cdf371b9953d50e4b572d0bfa3c7?s=96&d=mm&r=g","url":"https:\/\/secure.gravatar.com\/avatar\/1d1c30eaee7c2f6cfa13fb8502cb06839106cdf371b9953d50e4b572d0bfa3c7?s=96&d=mm&r=g","contentUrl":"https:\/\/secure.gravatar.com\/avatar\/1d1c30eaee7c2f6cfa13fb8502cb06839106cdf371b9953d50e4b572d0bfa3c7?s=96&d=mm&r=g","caption":"Redacci\u00f3n"},"url":"http:\/\/rednacionaldearte.com\/noticias\/author\/adan\/"}]}},"amp_validity":null,"amp_enabled":true,"_links":{"self":[{"href":"http:\/\/rednacionaldearte.com\/noticias\/wp-json\/wp\/v2\/posts\/2080","targetHints":{"allow":["GET"]}}],"collection":[{"href":"http:\/\/rednacionaldearte.com\/noticias\/wp-json\/wp\/v2\/posts"}],"about":[{"href":"http:\/\/rednacionaldearte.com\/noticias\/wp-json\/wp\/v2\/types\/post"}],"author":[{"embeddable":true,"href":"http:\/\/rednacionaldearte.com\/noticias\/wp-json\/wp\/v2\/users\/1"}],"replies":[{"embeddable":true,"href":"http:\/\/rednacionaldearte.com\/noticias\/wp-json\/wp\/v2\/comments?post=2080"}],"version-history":[{"count":11,"href":"http:\/\/rednacionaldearte.com\/noticias\/wp-json\/wp\/v2\/posts\/2080\/revisions"}],"predecessor-version":[{"id":2124,"href":"http:\/\/rednacionaldearte.com\/noticias\/wp-json\/wp\/v2\/posts\/2080\/revisions\/2124"}],"wp:featuredmedia":[{"embeddable":true,"href":"http:\/\/rednacionaldearte.com\/noticias\/wp-json\/wp\/v2\/media\/2081"}],"wp:attachment":[{"href":"http:\/\/rednacionaldearte.com\/noticias\/wp-json\/wp\/v2\/media?parent=2080"}],"wp:term":[{"taxonomy":"category","embeddable":true,"href":"http:\/\/rednacionaldearte.com\/noticias\/wp-json\/wp\/v2\/categories?post=2080"},{"taxonomy":"post_tag","embeddable":true,"href":"http:\/\/rednacionaldearte.com\/noticias\/wp-json\/wp\/v2\/tags?post=2080"}],"curies":[{"name":"wp","href":"https:\/\/api.w.org\/{rel}","templated":true}]}}