{"id":462,"date":"2017-03-13T09:00:33","date_gmt":"2017-03-13T09:00:33","guid":{"rendered":"http:\/\/rednacionaldearte.com\/noticias\/?p=462"},"modified":"2017-05-16T21:20:07","modified_gmt":"2017-05-16T21:20:07","slug":"workshop-angel-arambula-cdmx","status":"publish","type":"post","link":"http:\/\/rednacionaldearte.com\/noticias\/workshop-angel-arambula-cdmx\/","title":{"rendered":"Workshop: \u00c1ngel Ar\u00e1mbula en la CDMX"},"content":{"rendered":"<p><a href=\"http:\/\/rednacionaldearte.com\/noticias\/wp-content\/uploads\/2017\/03\/Flyer-AA.jpg\"><img loading=\"lazy\" decoding=\"async\" class=\"aligncenter size-full wp-image-463\" src=\"http:\/\/rednacionaldearte.com\/noticias\/wp-content\/uploads\/2017\/03\/Flyer-AA.jpg\" alt=\"\" width=\"1204\" height=\"805\" srcset=\"http:\/\/rednacionaldearte.com\/noticias\/wp-content\/uploads\/2017\/03\/Flyer-AA.jpg 1204w, http:\/\/rednacionaldearte.com\/noticias\/wp-content\/uploads\/2017\/03\/Flyer-AA-300x201.jpg 300w, http:\/\/rednacionaldearte.com\/noticias\/wp-content\/uploads\/2017\/03\/Flyer-AA-768x513.jpg 768w, http:\/\/rednacionaldearte.com\/noticias\/wp-content\/uploads\/2017\/03\/Flyer-AA-1024x685.jpg 1024w, http:\/\/rednacionaldearte.com\/noticias\/wp-content\/uploads\/2017\/03\/Flyer-AA-360x240.jpg 360w\" sizes=\"auto, (max-width: 1204px) 100vw, 1204px\" \/><\/a><\/p>\n<p><strong>Imparte:<\/strong>\u00a0\u00c1ngel Ar\u00e1mbula.<\/p>\n<p class=\"font_8\">Bailar\u00edn, core\u00f3grafo y docente. Miembro fundador y codirector de la <strong>Compa\u00f1\u00eda de Danza Lux Boreal<\/strong>. Ha contribuido al desarrollo y crecimiento del colectivo y sus plataformas de creaci\u00f3n, exposici\u00f3n y educaci\u00f3n.<\/p>\n<p class=\"font_8\">Ha impartido clases en diversas compa\u00f1\u00edas, centros de educaci\u00f3n superior como Universidad de Puebla, University of California en San Diego, University of California Riverside, Malashock Dance, Ensamble Colima, ArcDanz, Radar Guadalajara, States University en Texas, San Diego State University, Universidad de Limerik en Irlanda, entre otros.<\/p>\n<p class=\"font_8\">Recibi\u00f3 el premio a mejor int\u00e9rprete en el XX Concurso Regional de Coreograf\u00eda del Noroeste en 2016. Obtuvo la menci\u00f3n honor\u00edfica como mejor Ejecutante Masculino dentro del Primer Concurso de Coreograf\u00eda en Espacios Urbanos Monterrey Danza (2002). Ha sido apoyado por el PECDA de Bja California como Creador con Trayectoria en el a\u00f1o 2006, por el FONCA en la emisi\u00f3n 2004 en la categor\u00eda de int\u00e9rprete, por el FOECA de Sinaloa como int\u00e9rprete en el a\u00f1o 2003, por el FOECA de Baja California en su emisi\u00f3n 1999, en la Categor\u00eda de Desarrollo Art\u00edstico Individual en Danza Contempor\u00e1nea y en la emisi\u00f3n 2002 para continuaci\u00f3n de estudios, as\u00ed como\u00a0por la Escuela Profesional de Danza Contempor\u00e1nea de Mazatl\u00e1n del a\u00f1o 2001 al 2003.\u00a0 Es titular de la compa\u00f1\u00eda ante el programa del FONCA M\u00e9xico en Escena desde el a\u00f1o 2007.<\/p>\n<p class=\"font_8\">Se gradu\u00f3 de la Escuela Profesional de Danza de Mazatl\u00e1n (EPDM), dirigida por la compa\u00f1\u00eda Delfos Danza Contempor\u00e1nea, donde trabaj\u00f3 bajo la direcci\u00f3n de Victor Ru\u00edz, Claudia Lavista, Xitlali Pi\u00f1a y Omar Carr\u00fam.<\/p>\n<p class=\"font_8\">Desde el a\u00f1o 2006 se desempe\u00f1a como director acad\u00e9mico del Diplomado de Danza\u00a0 Contempor\u00e1nea y Producci\u00f3n Esc\u00e9nica que se realiza en la ciudad de Tijuana, en acuerdo de colaboraci\u00f3n con la Universidad Pedag\u00f3gica Nacional y el Instituto de Cultura de Baja California.<\/p>\n<p>&nbsp;<\/p>\n<p><strong>Dirigido a:<\/strong><\/p>\n<p>Bailarines, inte\u0301rpretes, creadores esce\u0301nicos, actores, coreo\u0301grafos y directores interesados e involucrados en la creacio\u0301n esce\u0301nica contempora\u0301nea.<\/p>\n<p><strong>Requisitos:<\/strong> Ropa de entrenamiento y libreta.<\/p>\n<p><strong>Fechas:\u00a0<\/strong>Del 8 al 11 de junio, 2017.<\/p>\n<p><strong>Horario: <\/strong>11\u00a0a 14 horas.<\/p>\n<p class=\"p1\"><span class=\"s1\"><strong>Direcci\u00f3n:<\/strong>\u00a0Por confirmar.<\/span><\/p>\n<div class=\"column\">\n<p><strong>Cuota de recuperacio\u0301n:<\/strong><\/p>\n<p class=\"p1\"><span class=\"s1\">General: $1,500.00<br \/>\n<\/span><\/p>\n<h2 class=\"p1\"><span class=\"s1\"><span style=\"color: #800000;\">Pagando antes del 1 de Abril: $1,100.00.<\/span><br \/>\n<\/span><\/h2>\n<p>&nbsp;<\/p>\n<p class=\"p1\"><strong>Descuentos:<\/strong><\/p>\n<p class=\"p1\">Pagando antes del 1 de Mayo: $1,350.00.<br \/>\n<span class=\"s1\">Estudiantes e inscritos a otros cursos de RNA: $ 1,300.00.<\/span><\/p>\n<p><strong>Al finalizar el workshop\u00a0se entregara\u0301 una constancia de participacio\u0301n.<\/strong><\/p>\n<\/div>\n<p><strong>M\u00e9todos de Pago:<\/strong><\/p>\n<ol>\n<li>Dep\u00f3sito bancario.<\/li>\n<li>Tiendas OXXO.<\/li>\n<li>En l\u00ednea con PayPal y Tarjetas de Cr\u00e9dito.<\/li>\n<li>Transferencia interbancaria.<\/li>\n<\/ol>\n<p>Si tiene dudas o <strong>desea pagar mediante dep\u00f3sito, tiendas OXXO\u00a0o transferencia interbancaria,<\/strong> <strong>haga click en \u201cSolicitar m\u00e1s informaci\u00f3n\u201d,<\/strong> y en el formulario indique el m\u00e9todo deseado.<\/p>\n<p>Dudas adicionales: cursos@rednacionaldearte.com<\/p>\n<p style=\"text-align: center;\"><a class=\"fasc-button fasc-size-medium fasc-type-flat\" style=\"background-color: #33809e; color: #ffffff;\" href=\"http:\/\/rednacionaldearte.com\/noticias\/info-cursos\/\" data-fasc-style=\"background-color:#33809e;color:#ffffff;\">Solicitar m\u00e1s informaci\u00f3n<\/a><\/p>\n<p style=\"text-align: center;\"><a class=\"fasc-button fasc-size-medium fasc-type-flat\" style=\"background-color: #33809e; color: #ffffff;\" href=\"http:\/\/rednacionaldearte.com\/tienda\/producto\/workhop-angel-arambula\/\" data-fasc-style=\"background-color:#33809e;color:#ffffff;\">Pagar en l\u00ednea<\/a><\/p>\n","protected":false},"excerpt":{"rendered":"<p>Imparte:\u00a0\u00c1ngel Ar\u00e1mbula. Bailar\u00edn, core\u00f3grafo y docente. Miembro fundador y codirector de la Compa\u00f1\u00eda de Danza Lux Boreal. Ha contribuido al desarrollo y crecimiento del colectivo y sus plataformas de creaci\u00f3n, exposici\u00f3n y educaci\u00f3n. Ha impartido clases en diversas compa\u00f1\u00edas, centros de educaci\u00f3n superior como Universidad de Puebla, University of California en San Diego, University of [&hellip;]<\/p>\n","protected":false},"author":1,"featured_media":463,"comment_status":"closed","ping_status":"open","sticky":false,"template":"","format":"standard","meta":{"footnotes":""},"categories":[103,43,58,41],"tags":[121,130,123],"class_list":["post-462","post","type-post","status-publish","format-standard","has-post-thumbnail","hentry","category-artes-escenicas","category-cursos","category-danza","category-rna","tag-angel-arambula","tag-delfos-danza-contemporanea","tag-lux-boreal"],"yoast_head":"<!-- This site is optimized with the Yoast SEO plugin v27.2 - https:\/\/yoast.com\/product\/yoast-seo-wordpress\/ -->\n<title>Workshop: \u00c1ngel Ar\u00e1mbula en la CDMX - Red Nacional de Arte<\/title>\n<meta name=\"robots\" content=\"index, follow, max-snippet:-1, max-image-preview:large, max-video-preview:-1\" \/>\n<link rel=\"canonical\" href=\"http:\/\/rednacionaldearte.com\/noticias\/workshop-angel-arambula-cdmx\/\" \/>\n<meta property=\"og:locale\" content=\"es_ES\" \/>\n<meta property=\"og:type\" content=\"article\" \/>\n<meta property=\"og:title\" content=\"Workshop: \u00c1ngel Ar\u00e1mbula en la CDMX - Red Nacional de Arte\" \/>\n<meta property=\"og:description\" content=\"Imparte:\u00a0\u00c1ngel Ar\u00e1mbula. Bailar\u00edn, core\u00f3grafo y docente. Miembro fundador y codirector de la Compa\u00f1\u00eda de Danza Lux Boreal. Ha contribuido al desarrollo y crecimiento del colectivo y sus plataformas de creaci\u00f3n, exposici\u00f3n y educaci\u00f3n. Ha impartido clases en diversas compa\u00f1\u00edas, centros de educaci\u00f3n superior como Universidad de Puebla, University of California en San Diego, University of [&hellip;]\" \/>\n<meta property=\"og:url\" content=\"http:\/\/rednacionaldearte.com\/noticias\/workshop-angel-arambula-cdmx\/\" \/>\n<meta property=\"og:site_name\" content=\"Red Nacional de Arte\" \/>\n<meta property=\"article:publisher\" content=\"http:\/\/www.facebook.com\/rednacionaldearte\/\" \/>\n<meta property=\"article:published_time\" content=\"2017-03-13T09:00:33+00:00\" \/>\n<meta property=\"article:modified_time\" content=\"2017-05-16T21:20:07+00:00\" \/>\n<meta property=\"og:image\" content=\"http:\/\/rednacionaldearte.com\/noticias\/wp-content\/uploads\/2017\/03\/Flyer-AA.jpg\" \/>\n\t<meta property=\"og:image:width\" content=\"1204\" \/>\n\t<meta property=\"og:image:height\" content=\"805\" \/>\n\t<meta property=\"og:image:type\" content=\"image\/jpeg\" \/>\n<meta name=\"author\" content=\"Redacci\u00f3n\" \/>\n<meta name=\"twitter:card\" content=\"summary_large_image\" \/>\n<meta name=\"twitter:creator\" content=\"@rednacionalarte\" \/>\n<meta name=\"twitter:site\" content=\"@rednacionalarte\" \/>\n<meta name=\"twitter:label1\" content=\"Escrito por\" \/>\n\t<meta name=\"twitter:data1\" content=\"Redacci\u00f3n\" \/>\n\t<meta name=\"twitter:label2\" content=\"Tiempo de lectura\" \/>\n\t<meta name=\"twitter:data2\" content=\"2 minutos\" \/>\n<script type=\"application\/ld+json\" class=\"yoast-schema-graph\">{\"@context\":\"https:\/\/schema.org\",\"@graph\":[{\"@type\":\"Article\",\"@id\":\"http:\/\/rednacionaldearte.com\/noticias\/workshop-angel-arambula-cdmx\/#article\",\"isPartOf\":{\"@id\":\"http:\/\/rednacionaldearte.com\/noticias\/workshop-angel-arambula-cdmx\/\"},\"author\":{\"name\":\"Redacci\u00f3n\",\"@id\":\"http:\/\/rednacionaldearte.com\/noticias\/#\/schema\/person\/489d635082b1de413434d2708a3e5b9b\"},\"headline\":\"Workshop: \u00c1ngel Ar\u00e1mbula en la CDMX\",\"datePublished\":\"2017-03-13T09:00:33+00:00\",\"dateModified\":\"2017-05-16T21:20:07+00:00\",\"mainEntityOfPage\":{\"@id\":\"http:\/\/rednacionaldearte.com\/noticias\/workshop-angel-arambula-cdmx\/\"},\"wordCount\":482,\"publisher\":{\"@id\":\"http:\/\/rednacionaldearte.com\/noticias\/#organization\"},\"image\":{\"@id\":\"http:\/\/rednacionaldearte.com\/noticias\/workshop-angel-arambula-cdmx\/#primaryimage\"},\"thumbnailUrl\":\"http:\/\/rednacionaldearte.com\/noticias\/wp-content\/uploads\/2017\/03\/Flyer-AA.jpg\",\"keywords\":[\"\u00c1ngel Ar\u00e1mbula\",\"Delfos Danza Contempor\u00e1nea\",\"Lux Boreal\"],\"articleSection\":[\"Artes Esc\u00e9nicas\",\"Cursos\",\"Danza\",\"RNA\"],\"inLanguage\":\"es\"},{\"@type\":\"WebPage\",\"@id\":\"http:\/\/rednacionaldearte.com\/noticias\/workshop-angel-arambula-cdmx\/\",\"url\":\"http:\/\/rednacionaldearte.com\/noticias\/workshop-angel-arambula-cdmx\/\",\"name\":\"Workshop: \u00c1ngel Ar\u00e1mbula en la CDMX - Red Nacional de Arte\",\"isPartOf\":{\"@id\":\"http:\/\/rednacionaldearte.com\/noticias\/#website\"},\"primaryImageOfPage\":{\"@id\":\"http:\/\/rednacionaldearte.com\/noticias\/workshop-angel-arambula-cdmx\/#primaryimage\"},\"image\":{\"@id\":\"http:\/\/rednacionaldearte.com\/noticias\/workshop-angel-arambula-cdmx\/#primaryimage\"},\"thumbnailUrl\":\"http:\/\/rednacionaldearte.com\/noticias\/wp-content\/uploads\/2017\/03\/Flyer-AA.jpg\",\"datePublished\":\"2017-03-13T09:00:33+00:00\",\"dateModified\":\"2017-05-16T21:20:07+00:00\",\"breadcrumb\":{\"@id\":\"http:\/\/rednacionaldearte.com\/noticias\/workshop-angel-arambula-cdmx\/#breadcrumb\"},\"inLanguage\":\"es\",\"potentialAction\":[{\"@type\":\"ReadAction\",\"target\":[\"http:\/\/rednacionaldearte.com\/noticias\/workshop-angel-arambula-cdmx\/\"]}]},{\"@type\":\"ImageObject\",\"inLanguage\":\"es\",\"@id\":\"http:\/\/rednacionaldearte.com\/noticias\/workshop-angel-arambula-cdmx\/#primaryimage\",\"url\":\"http:\/\/rednacionaldearte.com\/noticias\/wp-content\/uploads\/2017\/03\/Flyer-AA.jpg\",\"contentUrl\":\"http:\/\/rednacionaldearte.com\/noticias\/wp-content\/uploads\/2017\/03\/Flyer-AA.jpg\",\"width\":1204,\"height\":805},{\"@type\":\"BreadcrumbList\",\"@id\":\"http:\/\/rednacionaldearte.com\/noticias\/workshop-angel-arambula-cdmx\/#breadcrumb\",\"itemListElement\":[{\"@type\":\"ListItem\",\"position\":1,\"name\":\"Home\",\"item\":\"http:\/\/rednacionaldearte.com\/noticias\/\"},{\"@type\":\"ListItem\",\"position\":2,\"name\":\"Workshop: \u00c1ngel Ar\u00e1mbula en la CDMX\"}]},{\"@type\":\"WebSite\",\"@id\":\"http:\/\/rednacionaldearte.com\/noticias\/#website\",\"url\":\"http:\/\/rednacionaldearte.com\/noticias\/\",\"name\":\"Red Nacional de Arte\",\"description\":\"Cultura y Arte contempor\u00e1neo en M\u00e9xico\",\"publisher\":{\"@id\":\"http:\/\/rednacionaldearte.com\/noticias\/#organization\"},\"potentialAction\":[{\"@type\":\"SearchAction\",\"target\":{\"@type\":\"EntryPoint\",\"urlTemplate\":\"http:\/\/rednacionaldearte.com\/noticias\/?s={search_term_string}\"},\"query-input\":{\"@type\":\"PropertyValueSpecification\",\"valueRequired\":true,\"valueName\":\"search_term_string\"}}],\"inLanguage\":\"es\"},{\"@type\":\"Organization\",\"@id\":\"http:\/\/rednacionaldearte.com\/noticias\/#organization\",\"name\":\"Red Nacional de Arte\",\"url\":\"http:\/\/rednacionaldearte.com\/noticias\/\",\"logo\":{\"@type\":\"ImageObject\",\"inLanguage\":\"es\",\"@id\":\"http:\/\/rednacionaldearte.com\/noticias\/#\/schema\/logo\/image\/\",\"url\":\"http:\/\/rednacionaldearte.com\/noticias\/wp-content\/uploads\/2016\/04\/logo.png\",\"contentUrl\":\"http:\/\/rednacionaldearte.com\/noticias\/wp-content\/uploads\/2016\/04\/logo.png\",\"width\":575,\"height\":554,\"caption\":\"Red Nacional de Arte\"},\"image\":{\"@id\":\"http:\/\/rednacionaldearte.com\/noticias\/#\/schema\/logo\/image\/\"},\"sameAs\":[\"http:\/\/www.facebook.com\/rednacionaldearte\/\",\"https:\/\/x.com\/rednacionalarte\"]},{\"@type\":\"Person\",\"@id\":\"http:\/\/rednacionaldearte.com\/noticias\/#\/schema\/person\/489d635082b1de413434d2708a3e5b9b\",\"name\":\"Redacci\u00f3n\",\"image\":{\"@type\":\"ImageObject\",\"inLanguage\":\"es\",\"@id\":\"https:\/\/secure.gravatar.com\/avatar\/1d1c30eaee7c2f6cfa13fb8502cb06839106cdf371b9953d50e4b572d0bfa3c7?s=96&d=mm&r=g\",\"url\":\"https:\/\/secure.gravatar.com\/avatar\/1d1c30eaee7c2f6cfa13fb8502cb06839106cdf371b9953d50e4b572d0bfa3c7?s=96&d=mm&r=g\",\"contentUrl\":\"https:\/\/secure.gravatar.com\/avatar\/1d1c30eaee7c2f6cfa13fb8502cb06839106cdf371b9953d50e4b572d0bfa3c7?s=96&d=mm&r=g\",\"caption\":\"Redacci\u00f3n\"},\"url\":\"http:\/\/rednacionaldearte.com\/noticias\/author\/adan\/\"}]}<\/script>\n<!-- \/ Yoast SEO plugin. -->","yoast_head_json":{"title":"Workshop: \u00c1ngel Ar\u00e1mbula en la CDMX - Red Nacional de Arte","robots":{"index":"index","follow":"follow","max-snippet":"max-snippet:-1","max-image-preview":"max-image-preview:large","max-video-preview":"max-video-preview:-1"},"canonical":"http:\/\/rednacionaldearte.com\/noticias\/workshop-angel-arambula-cdmx\/","og_locale":"es_ES","og_type":"article","og_title":"Workshop: \u00c1ngel Ar\u00e1mbula en la CDMX - Red Nacional de Arte","og_description":"Imparte:\u00a0\u00c1ngel Ar\u00e1mbula. Bailar\u00edn, core\u00f3grafo y docente. Miembro fundador y codirector de la Compa\u00f1\u00eda de Danza Lux Boreal. Ha contribuido al desarrollo y crecimiento del colectivo y sus plataformas de creaci\u00f3n, exposici\u00f3n y educaci\u00f3n. Ha impartido clases en diversas compa\u00f1\u00edas, centros de educaci\u00f3n superior como Universidad de Puebla, University of California en San Diego, University of [&hellip;]","og_url":"http:\/\/rednacionaldearte.com\/noticias\/workshop-angel-arambula-cdmx\/","og_site_name":"Red Nacional de Arte","article_publisher":"http:\/\/www.facebook.com\/rednacionaldearte\/","article_published_time":"2017-03-13T09:00:33+00:00","article_modified_time":"2017-05-16T21:20:07+00:00","og_image":[{"width":1204,"height":805,"url":"http:\/\/rednacionaldearte.com\/noticias\/wp-content\/uploads\/2017\/03\/Flyer-AA.jpg","type":"image\/jpeg"}],"author":"Redacci\u00f3n","twitter_card":"summary_large_image","twitter_creator":"@rednacionalarte","twitter_site":"@rednacionalarte","twitter_misc":{"Escrito por":"Redacci\u00f3n","Tiempo de lectura":"2 minutos"},"schema":{"@context":"https:\/\/schema.org","@graph":[{"@type":"Article","@id":"http:\/\/rednacionaldearte.com\/noticias\/workshop-angel-arambula-cdmx\/#article","isPartOf":{"@id":"http:\/\/rednacionaldearte.com\/noticias\/workshop-angel-arambula-cdmx\/"},"author":{"name":"Redacci\u00f3n","@id":"http:\/\/rednacionaldearte.com\/noticias\/#\/schema\/person\/489d635082b1de413434d2708a3e5b9b"},"headline":"Workshop: \u00c1ngel Ar\u00e1mbula en la CDMX","datePublished":"2017-03-13T09:00:33+00:00","dateModified":"2017-05-16T21:20:07+00:00","mainEntityOfPage":{"@id":"http:\/\/rednacionaldearte.com\/noticias\/workshop-angel-arambula-cdmx\/"},"wordCount":482,"publisher":{"@id":"http:\/\/rednacionaldearte.com\/noticias\/#organization"},"image":{"@id":"http:\/\/rednacionaldearte.com\/noticias\/workshop-angel-arambula-cdmx\/#primaryimage"},"thumbnailUrl":"http:\/\/rednacionaldearte.com\/noticias\/wp-content\/uploads\/2017\/03\/Flyer-AA.jpg","keywords":["\u00c1ngel Ar\u00e1mbula","Delfos Danza Contempor\u00e1nea","Lux Boreal"],"articleSection":["Artes Esc\u00e9nicas","Cursos","Danza","RNA"],"inLanguage":"es"},{"@type":"WebPage","@id":"http:\/\/rednacionaldearte.com\/noticias\/workshop-angel-arambula-cdmx\/","url":"http:\/\/rednacionaldearte.com\/noticias\/workshop-angel-arambula-cdmx\/","name":"Workshop: \u00c1ngel Ar\u00e1mbula en la CDMX - Red Nacional de Arte","isPartOf":{"@id":"http:\/\/rednacionaldearte.com\/noticias\/#website"},"primaryImageOfPage":{"@id":"http:\/\/rednacionaldearte.com\/noticias\/workshop-angel-arambula-cdmx\/#primaryimage"},"image":{"@id":"http:\/\/rednacionaldearte.com\/noticias\/workshop-angel-arambula-cdmx\/#primaryimage"},"thumbnailUrl":"http:\/\/rednacionaldearte.com\/noticias\/wp-content\/uploads\/2017\/03\/Flyer-AA.jpg","datePublished":"2017-03-13T09:00:33+00:00","dateModified":"2017-05-16T21:20:07+00:00","breadcrumb":{"@id":"http:\/\/rednacionaldearte.com\/noticias\/workshop-angel-arambula-cdmx\/#breadcrumb"},"inLanguage":"es","potentialAction":[{"@type":"ReadAction","target":["http:\/\/rednacionaldearte.com\/noticias\/workshop-angel-arambula-cdmx\/"]}]},{"@type":"ImageObject","inLanguage":"es","@id":"http:\/\/rednacionaldearte.com\/noticias\/workshop-angel-arambula-cdmx\/#primaryimage","url":"http:\/\/rednacionaldearte.com\/noticias\/wp-content\/uploads\/2017\/03\/Flyer-AA.jpg","contentUrl":"http:\/\/rednacionaldearte.com\/noticias\/wp-content\/uploads\/2017\/03\/Flyer-AA.jpg","width":1204,"height":805},{"@type":"BreadcrumbList","@id":"http:\/\/rednacionaldearte.com\/noticias\/workshop-angel-arambula-cdmx\/#breadcrumb","itemListElement":[{"@type":"ListItem","position":1,"name":"Home","item":"http:\/\/rednacionaldearte.com\/noticias\/"},{"@type":"ListItem","position":2,"name":"Workshop: \u00c1ngel Ar\u00e1mbula en la CDMX"}]},{"@type":"WebSite","@id":"http:\/\/rednacionaldearte.com\/noticias\/#website","url":"http:\/\/rednacionaldearte.com\/noticias\/","name":"Red Nacional de Arte","description":"Cultura y Arte contempor\u00e1neo en M\u00e9xico","publisher":{"@id":"http:\/\/rednacionaldearte.com\/noticias\/#organization"},"potentialAction":[{"@type":"SearchAction","target":{"@type":"EntryPoint","urlTemplate":"http:\/\/rednacionaldearte.com\/noticias\/?s={search_term_string}"},"query-input":{"@type":"PropertyValueSpecification","valueRequired":true,"valueName":"search_term_string"}}],"inLanguage":"es"},{"@type":"Organization","@id":"http:\/\/rednacionaldearte.com\/noticias\/#organization","name":"Red Nacional de Arte","url":"http:\/\/rednacionaldearte.com\/noticias\/","logo":{"@type":"ImageObject","inLanguage":"es","@id":"http:\/\/rednacionaldearte.com\/noticias\/#\/schema\/logo\/image\/","url":"http:\/\/rednacionaldearte.com\/noticias\/wp-content\/uploads\/2016\/04\/logo.png","contentUrl":"http:\/\/rednacionaldearte.com\/noticias\/wp-content\/uploads\/2016\/04\/logo.png","width":575,"height":554,"caption":"Red Nacional de Arte"},"image":{"@id":"http:\/\/rednacionaldearte.com\/noticias\/#\/schema\/logo\/image\/"},"sameAs":["http:\/\/www.facebook.com\/rednacionaldearte\/","https:\/\/x.com\/rednacionalarte"]},{"@type":"Person","@id":"http:\/\/rednacionaldearte.com\/noticias\/#\/schema\/person\/489d635082b1de413434d2708a3e5b9b","name":"Redacci\u00f3n","image":{"@type":"ImageObject","inLanguage":"es","@id":"https:\/\/secure.gravatar.com\/avatar\/1d1c30eaee7c2f6cfa13fb8502cb06839106cdf371b9953d50e4b572d0bfa3c7?s=96&d=mm&r=g","url":"https:\/\/secure.gravatar.com\/avatar\/1d1c30eaee7c2f6cfa13fb8502cb06839106cdf371b9953d50e4b572d0bfa3c7?s=96&d=mm&r=g","contentUrl":"https:\/\/secure.gravatar.com\/avatar\/1d1c30eaee7c2f6cfa13fb8502cb06839106cdf371b9953d50e4b572d0bfa3c7?s=96&d=mm&r=g","caption":"Redacci\u00f3n"},"url":"http:\/\/rednacionaldearte.com\/noticias\/author\/adan\/"}]}},"amp_validity":null,"amp_enabled":true,"_links":{"self":[{"href":"http:\/\/rednacionaldearte.com\/noticias\/wp-json\/wp\/v2\/posts\/462","targetHints":{"allow":["GET"]}}],"collection":[{"href":"http:\/\/rednacionaldearte.com\/noticias\/wp-json\/wp\/v2\/posts"}],"about":[{"href":"http:\/\/rednacionaldearte.com\/noticias\/wp-json\/wp\/v2\/types\/post"}],"author":[{"embeddable":true,"href":"http:\/\/rednacionaldearte.com\/noticias\/wp-json\/wp\/v2\/users\/1"}],"replies":[{"embeddable":true,"href":"http:\/\/rednacionaldearte.com\/noticias\/wp-json\/wp\/v2\/comments?post=462"}],"version-history":[{"count":11,"href":"http:\/\/rednacionaldearte.com\/noticias\/wp-json\/wp\/v2\/posts\/462\/revisions"}],"predecessor-version":[{"id":575,"href":"http:\/\/rednacionaldearte.com\/noticias\/wp-json\/wp\/v2\/posts\/462\/revisions\/575"}],"wp:featuredmedia":[{"embeddable":true,"href":"http:\/\/rednacionaldearte.com\/noticias\/wp-json\/wp\/v2\/media\/463"}],"wp:attachment":[{"href":"http:\/\/rednacionaldearte.com\/noticias\/wp-json\/wp\/v2\/media?parent=462"}],"wp:term":[{"taxonomy":"category","embeddable":true,"href":"http:\/\/rednacionaldearte.com\/noticias\/wp-json\/wp\/v2\/categories?post=462"},{"taxonomy":"post_tag","embeddable":true,"href":"http:\/\/rednacionaldearte.com\/noticias\/wp-json\/wp\/v2\/tags?post=462"}],"curies":[{"name":"wp","href":"https:\/\/api.w.org\/{rel}","templated":true}]}}