{"id":1027,"date":"2018-03-06T15:19:42","date_gmt":"2018-03-06T15:19:42","guid":{"rendered":"http:\/\/masdearte.com\/?post_type=convocatorias&#038;p=172341"},"modified":"2018-03-07T05:58:09","modified_gmt":"2018-03-07T05:58:09","slug":"convocatoria-para-exponer-en-cma-de-alicante-y-las-cigarreras","status":"publish","type":"post","link":"https:\/\/rednacionaldearte.com\/noticias\/convocatoria-para-exponer-en-cma-de-alicante-y-las-cigarreras\/","title":{"rendered":"Convocatoria para exponer en CMA de Alicante y Las Cigarreras"},"content":{"rendered":"<p><strong>Lugar:<\/strong>&nbsp;Alicante, Catalu\u00f1a, Espa\u00f1a.<\/p>\n<p><strong>Cierra:<\/strong>&nbsp;21 de marzo de 2018.<\/p>\n<p>Abierta a nacionales y extranjeros.<\/p>\n<p><img loading=\"lazy\" decoding=\"async\" class=\"alignnone wp-image-172342\" src=\"http:\/\/rednacionaldearte.com\/noticias\/wp-content\/uploads\/2018\/03\/abierta-convocatoria-para-presentar-proyectos-expositivos-en-las-cigarreras-y-el-cma-de-alicante.jpg\" alt=\"Abierta convocatoria para presentar proyectos expositivos en Las Cigarreras y el CMA de Alicante\" width=\"520\" height=\"312\"><\/p>\n<p>El Ayuntamiento de Alicante a trav\u00e9s de la Concejal\u00eda de Cultura abre la III Convocatoria p\u00fablica de presentaci\u00f3n de proyectos de artes pl\u00e1sticas y\/o muestras de inter\u00e9s cultural, art\u00edstico, divulgativo, cient\u00edfico o social para su exhibici\u00f3n, para el a\u00f1o 2018 , en el Centro Municipal de las Artes, como complemento a otras propuestas expositivas fruto de iniciativas institucionales, municipales y\/o de la colaboraci\u00f3n con otras instituciones p\u00fablicas y privadas.<\/p>\n<p>Los proyectos seleccionados ser\u00e1n exhibidos en dos de sus salas: Caja Blanca del Centro Cultural Las Cigarreras y en la situada en la planta baja del Centro Municipal de las Artes (CMA).<\/p>\n<p style=\"text-align: center;\"><a class=\"fasc-button fasc-size-medium fasc-type-flat\" style=\"background-color: #33809e; color: #ffffff;\" target=\"_blank\" rel=\"nofollow noopener\" href=\"http:\/\/www.alicante.es\/es\/tramites\/bases-convocatoria-abierta-presentacion-proyectos-expositivos-centro-municipal-artes-ano\">Ver convocatoria<\/a><\/p>\n","protected":false},"excerpt":{"rendered":"<p>Lugar:&nbsp;Alicante, Catalu\u00f1a, Espa\u00f1a. Cierra:&nbsp;21 de marzo de 2018. Abierta a nacionales y extranjeros. El Ayuntamiento de Alicante a trav\u00e9s de la Concejal\u00eda de Cultura abre la III Convocatoria p\u00fablica de presentaci\u00f3n de proyectos de artes pl\u00e1sticas y\/o muestras de inter\u00e9s cultural, art\u00edstico, divulgativo, cient\u00edfico o social para su exhibici\u00f3n, para el a\u00f1o 2018 , en [&hellip;]<\/p>\n","protected":false},"author":1,"featured_media":1028,"comment_status":"open","ping_status":"closed","sticky":false,"template":"","format":"standard","meta":{"footnotes":""},"categories":[59,24],"tags":[],"class_list":["post-1027","post","type-post","status-publish","format-standard","has-post-thumbnail","hentry","category-artes-visuales","category-convocatorias"],"yoast_head":"<!-- This site is optimized with the Yoast SEO plugin v27.2 - https:\/\/yoast.com\/product\/yoast-seo-wordpress\/ -->\n<title>Convocatoria para exponer en CMA de Alicante y Las Cigarreras - Red Nacional de Arte<\/title>\n<meta name=\"robots\" content=\"index, follow, max-snippet:-1, max-image-preview:large, max-video-preview:-1\" \/>\n<link rel=\"canonical\" href=\"http:\/\/rednacionaldearte.com\/noticias\/convocatoria-para-exponer-en-cma-de-alicante-y-las-cigarreras\/\" \/>\n<meta property=\"og:locale\" content=\"es_ES\" \/>\n<meta property=\"og:type\" content=\"article\" \/>\n<meta property=\"og:title\" content=\"Convocatoria para exponer en CMA de Alicante y Las Cigarreras - Red Nacional de Arte\" \/>\n<meta property=\"og:description\" content=\"Lugar:&nbsp;Alicante, Catalu\u00f1a, Espa\u00f1a. Cierra:&nbsp;21 de marzo de 2018. Abierta a nacionales y extranjeros. El Ayuntamiento de Alicante a trav\u00e9s de la Concejal\u00eda de Cultura abre la III Convocatoria p\u00fablica de presentaci\u00f3n de proyectos de artes pl\u00e1sticas y\/o muestras de inter\u00e9s cultural, art\u00edstico, divulgativo, cient\u00edfico o social para su exhibici\u00f3n, para el a\u00f1o 2018 , en [&hellip;]\" \/>\n<meta property=\"og:url\" content=\"http:\/\/rednacionaldearte.com\/noticias\/convocatoria-para-exponer-en-cma-de-alicante-y-las-cigarreras\/\" \/>\n<meta property=\"og:site_name\" content=\"Red Nacional de Arte\" \/>\n<meta property=\"article:publisher\" content=\"http:\/\/www.facebook.com\/rednacionaldearte\/\" \/>\n<meta property=\"article:published_time\" content=\"2018-03-06T15:19:42+00:00\" \/>\n<meta property=\"article:modified_time\" content=\"2018-03-07T05:58:09+00:00\" \/>\n<meta property=\"og:image\" content=\"http:\/\/rednacionaldearte.com\/noticias\/wp-content\/uploads\/2018\/03\/abierta-convocatoria-para-presentar-proyectos-expositivos-en-las-cigarreras-y-el-cma-de-alicante.jpg\" \/>\n\t<meta property=\"og:image:width\" content=\"1024\" \/>\n\t<meta property=\"og:image:height\" content=\"614\" \/>\n\t<meta property=\"og:image:type\" content=\"image\/jpeg\" \/>\n<meta name=\"author\" content=\"Redacci\u00f3n\" \/>\n<meta name=\"twitter:card\" content=\"summary_large_image\" \/>\n<meta name=\"twitter:creator\" content=\"@rednacionalarte\" \/>\n<meta name=\"twitter:site\" content=\"@rednacionalarte\" \/>\n<meta name=\"twitter:label1\" content=\"Escrito por\" \/>\n\t<meta name=\"twitter:data1\" content=\"Redacci\u00f3n\" \/>\n\t<meta name=\"twitter:label2\" content=\"Tiempo de lectura\" \/>\n\t<meta name=\"twitter:data2\" content=\"1 minuto\" \/>\n<script type=\"application\/ld+json\" class=\"yoast-schema-graph\">{\"@context\":\"https:\/\/schema.org\",\"@graph\":[{\"@type\":\"Article\",\"@id\":\"http:\/\/rednacionaldearte.com\/noticias\/convocatoria-para-exponer-en-cma-de-alicante-y-las-cigarreras\/#article\",\"isPartOf\":{\"@id\":\"http:\/\/rednacionaldearte.com\/noticias\/convocatoria-para-exponer-en-cma-de-alicante-y-las-cigarreras\/\"},\"author\":{\"name\":\"Redacci\u00f3n\",\"@id\":\"http:\/\/rednacionaldearte.com\/noticias\/#\/schema\/person\/489d635082b1de413434d2708a3e5b9b\"},\"headline\":\"Convocatoria para exponer en CMA de Alicante y Las Cigarreras\",\"datePublished\":\"2018-03-06T15:19:42+00:00\",\"dateModified\":\"2018-03-07T05:58:09+00:00\",\"mainEntityOfPage\":{\"@id\":\"http:\/\/rednacionaldearte.com\/noticias\/convocatoria-para-exponer-en-cma-de-alicante-y-las-cigarreras\/\"},\"wordCount\":143,\"commentCount\":0,\"publisher\":{\"@id\":\"http:\/\/rednacionaldearte.com\/noticias\/#organization\"},\"image\":{\"@id\":\"http:\/\/rednacionaldearte.com\/noticias\/convocatoria-para-exponer-en-cma-de-alicante-y-las-cigarreras\/#primaryimage\"},\"thumbnailUrl\":\"https:\/\/rednacionaldearte.com\/noticias\/wp-content\/uploads\/2018\/03\/abierta-convocatoria-para-presentar-proyectos-expositivos-en-las-cigarreras-y-el-cma-de-alicante.jpg\",\"articleSection\":[\"Artes Visuales\",\"Convocatorias\"],\"inLanguage\":\"es\",\"potentialAction\":[{\"@type\":\"CommentAction\",\"name\":\"Comment\",\"target\":[\"http:\/\/rednacionaldearte.com\/noticias\/convocatoria-para-exponer-en-cma-de-alicante-y-las-cigarreras\/#respond\"]}]},{\"@type\":\"WebPage\",\"@id\":\"http:\/\/rednacionaldearte.com\/noticias\/convocatoria-para-exponer-en-cma-de-alicante-y-las-cigarreras\/\",\"url\":\"http:\/\/rednacionaldearte.com\/noticias\/convocatoria-para-exponer-en-cma-de-alicante-y-las-cigarreras\/\",\"name\":\"Convocatoria para exponer en CMA de Alicante y Las Cigarreras - Red Nacional de Arte\",\"isPartOf\":{\"@id\":\"http:\/\/rednacionaldearte.com\/noticias\/#website\"},\"primaryImageOfPage\":{\"@id\":\"http:\/\/rednacionaldearte.com\/noticias\/convocatoria-para-exponer-en-cma-de-alicante-y-las-cigarreras\/#primaryimage\"},\"image\":{\"@id\":\"http:\/\/rednacionaldearte.com\/noticias\/convocatoria-para-exponer-en-cma-de-alicante-y-las-cigarreras\/#primaryimage\"},\"thumbnailUrl\":\"https:\/\/rednacionaldearte.com\/noticias\/wp-content\/uploads\/2018\/03\/abierta-convocatoria-para-presentar-proyectos-expositivos-en-las-cigarreras-y-el-cma-de-alicante.jpg\",\"datePublished\":\"2018-03-06T15:19:42+00:00\",\"dateModified\":\"2018-03-07T05:58:09+00:00\",\"breadcrumb\":{\"@id\":\"http:\/\/rednacionaldearte.com\/noticias\/convocatoria-para-exponer-en-cma-de-alicante-y-las-cigarreras\/#breadcrumb\"},\"inLanguage\":\"es\",\"potentialAction\":[{\"@type\":\"ReadAction\",\"target\":[\"http:\/\/rednacionaldearte.com\/noticias\/convocatoria-para-exponer-en-cma-de-alicante-y-las-cigarreras\/\"]}]},{\"@type\":\"ImageObject\",\"inLanguage\":\"es\",\"@id\":\"http:\/\/rednacionaldearte.com\/noticias\/convocatoria-para-exponer-en-cma-de-alicante-y-las-cigarreras\/#primaryimage\",\"url\":\"https:\/\/rednacionaldearte.com\/noticias\/wp-content\/uploads\/2018\/03\/abierta-convocatoria-para-presentar-proyectos-expositivos-en-las-cigarreras-y-el-cma-de-alicante.jpg\",\"contentUrl\":\"https:\/\/rednacionaldearte.com\/noticias\/wp-content\/uploads\/2018\/03\/abierta-convocatoria-para-presentar-proyectos-expositivos-en-las-cigarreras-y-el-cma-de-alicante.jpg\",\"width\":1024,\"height\":614},{\"@type\":\"BreadcrumbList\",\"@id\":\"http:\/\/rednacionaldearte.com\/noticias\/convocatoria-para-exponer-en-cma-de-alicante-y-las-cigarreras\/#breadcrumb\",\"itemListElement\":[{\"@type\":\"ListItem\",\"position\":1,\"name\":\"Home\",\"item\":\"http:\/\/rednacionaldearte.com\/noticias\/\"},{\"@type\":\"ListItem\",\"position\":2,\"name\":\"Convocatoria para exponer en CMA de Alicante y Las Cigarreras\"}]},{\"@type\":\"WebSite\",\"@id\":\"http:\/\/rednacionaldearte.com\/noticias\/#website\",\"url\":\"http:\/\/rednacionaldearte.com\/noticias\/\",\"name\":\"Red Nacional de Arte\",\"description\":\"Cultura y Arte contempor\u00e1neo en M\u00e9xico\",\"publisher\":{\"@id\":\"http:\/\/rednacionaldearte.com\/noticias\/#organization\"},\"potentialAction\":[{\"@type\":\"SearchAction\",\"target\":{\"@type\":\"EntryPoint\",\"urlTemplate\":\"http:\/\/rednacionaldearte.com\/noticias\/?s={search_term_string}\"},\"query-input\":{\"@type\":\"PropertyValueSpecification\",\"valueRequired\":true,\"valueName\":\"search_term_string\"}}],\"inLanguage\":\"es\"},{\"@type\":\"Organization\",\"@id\":\"http:\/\/rednacionaldearte.com\/noticias\/#organization\",\"name\":\"Red Nacional de Arte\",\"url\":\"http:\/\/rednacionaldearte.com\/noticias\/\",\"logo\":{\"@type\":\"ImageObject\",\"inLanguage\":\"es\",\"@id\":\"http:\/\/rednacionaldearte.com\/noticias\/#\/schema\/logo\/image\/\",\"url\":\"http:\/\/rednacionaldearte.com\/noticias\/wp-content\/uploads\/2016\/04\/logo.png\",\"contentUrl\":\"http:\/\/rednacionaldearte.com\/noticias\/wp-content\/uploads\/2016\/04\/logo.png\",\"width\":575,\"height\":554,\"caption\":\"Red Nacional de Arte\"},\"image\":{\"@id\":\"http:\/\/rednacionaldearte.com\/noticias\/#\/schema\/logo\/image\/\"},\"sameAs\":[\"http:\/\/www.facebook.com\/rednacionaldearte\/\",\"https:\/\/x.com\/rednacionalarte\"]},{\"@type\":\"Person\",\"@id\":\"http:\/\/rednacionaldearte.com\/noticias\/#\/schema\/person\/489d635082b1de413434d2708a3e5b9b\",\"name\":\"Redacci\u00f3n\",\"image\":{\"@type\":\"ImageObject\",\"inLanguage\":\"es\",\"@id\":\"https:\/\/secure.gravatar.com\/avatar\/1d1c30eaee7c2f6cfa13fb8502cb06839106cdf371b9953d50e4b572d0bfa3c7?s=96&d=mm&r=g\",\"url\":\"https:\/\/secure.gravatar.com\/avatar\/1d1c30eaee7c2f6cfa13fb8502cb06839106cdf371b9953d50e4b572d0bfa3c7?s=96&d=mm&r=g\",\"contentUrl\":\"https:\/\/secure.gravatar.com\/avatar\/1d1c30eaee7c2f6cfa13fb8502cb06839106cdf371b9953d50e4b572d0bfa3c7?s=96&d=mm&r=g\",\"caption\":\"Redacci\u00f3n\"},\"url\":\"https:\/\/rednacionaldearte.com\/noticias\/author\/adan\/\"}]}<\/script>\n<!-- \/ Yoast SEO plugin. -->","yoast_head_json":{"title":"Convocatoria para exponer en CMA de Alicante y Las Cigarreras - Red Nacional de Arte","robots":{"index":"index","follow":"follow","max-snippet":"max-snippet:-1","max-image-preview":"max-image-preview:large","max-video-preview":"max-video-preview:-1"},"canonical":"http:\/\/rednacionaldearte.com\/noticias\/convocatoria-para-exponer-en-cma-de-alicante-y-las-cigarreras\/","og_locale":"es_ES","og_type":"article","og_title":"Convocatoria para exponer en CMA de Alicante y Las Cigarreras - Red Nacional de Arte","og_description":"Lugar:&nbsp;Alicante, Catalu\u00f1a, Espa\u00f1a. Cierra:&nbsp;21 de marzo de 2018. Abierta a nacionales y extranjeros. El Ayuntamiento de Alicante a trav\u00e9s de la Concejal\u00eda de Cultura abre la III Convocatoria p\u00fablica de presentaci\u00f3n de proyectos de artes pl\u00e1sticas y\/o muestras de inter\u00e9s cultural, art\u00edstico, divulgativo, cient\u00edfico o social para su exhibici\u00f3n, para el a\u00f1o 2018 , en [&hellip;]","og_url":"http:\/\/rednacionaldearte.com\/noticias\/convocatoria-para-exponer-en-cma-de-alicante-y-las-cigarreras\/","og_site_name":"Red Nacional de Arte","article_publisher":"http:\/\/www.facebook.com\/rednacionaldearte\/","article_published_time":"2018-03-06T15:19:42+00:00","article_modified_time":"2018-03-07T05:58:09+00:00","og_image":[{"width":1024,"height":614,"url":"http:\/\/rednacionaldearte.com\/noticias\/wp-content\/uploads\/2018\/03\/abierta-convocatoria-para-presentar-proyectos-expositivos-en-las-cigarreras-y-el-cma-de-alicante.jpg","type":"image\/jpeg"}],"author":"Redacci\u00f3n","twitter_card":"summary_large_image","twitter_creator":"@rednacionalarte","twitter_site":"@rednacionalarte","twitter_misc":{"Escrito por":"Redacci\u00f3n","Tiempo de lectura":"1 minuto"},"schema":{"@context":"https:\/\/schema.org","@graph":[{"@type":"Article","@id":"http:\/\/rednacionaldearte.com\/noticias\/convocatoria-para-exponer-en-cma-de-alicante-y-las-cigarreras\/#article","isPartOf":{"@id":"http:\/\/rednacionaldearte.com\/noticias\/convocatoria-para-exponer-en-cma-de-alicante-y-las-cigarreras\/"},"author":{"name":"Redacci\u00f3n","@id":"http:\/\/rednacionaldearte.com\/noticias\/#\/schema\/person\/489d635082b1de413434d2708a3e5b9b"},"headline":"Convocatoria para exponer en CMA de Alicante y Las Cigarreras","datePublished":"2018-03-06T15:19:42+00:00","dateModified":"2018-03-07T05:58:09+00:00","mainEntityOfPage":{"@id":"http:\/\/rednacionaldearte.com\/noticias\/convocatoria-para-exponer-en-cma-de-alicante-y-las-cigarreras\/"},"wordCount":143,"commentCount":0,"publisher":{"@id":"http:\/\/rednacionaldearte.com\/noticias\/#organization"},"image":{"@id":"http:\/\/rednacionaldearte.com\/noticias\/convocatoria-para-exponer-en-cma-de-alicante-y-las-cigarreras\/#primaryimage"},"thumbnailUrl":"https:\/\/rednacionaldearte.com\/noticias\/wp-content\/uploads\/2018\/03\/abierta-convocatoria-para-presentar-proyectos-expositivos-en-las-cigarreras-y-el-cma-de-alicante.jpg","articleSection":["Artes Visuales","Convocatorias"],"inLanguage":"es","potentialAction":[{"@type":"CommentAction","name":"Comment","target":["http:\/\/rednacionaldearte.com\/noticias\/convocatoria-para-exponer-en-cma-de-alicante-y-las-cigarreras\/#respond"]}]},{"@type":"WebPage","@id":"http:\/\/rednacionaldearte.com\/noticias\/convocatoria-para-exponer-en-cma-de-alicante-y-las-cigarreras\/","url":"http:\/\/rednacionaldearte.com\/noticias\/convocatoria-para-exponer-en-cma-de-alicante-y-las-cigarreras\/","name":"Convocatoria para exponer en CMA de Alicante y Las Cigarreras - Red Nacional de Arte","isPartOf":{"@id":"http:\/\/rednacionaldearte.com\/noticias\/#website"},"primaryImageOfPage":{"@id":"http:\/\/rednacionaldearte.com\/noticias\/convocatoria-para-exponer-en-cma-de-alicante-y-las-cigarreras\/#primaryimage"},"image":{"@id":"http:\/\/rednacionaldearte.com\/noticias\/convocatoria-para-exponer-en-cma-de-alicante-y-las-cigarreras\/#primaryimage"},"thumbnailUrl":"https:\/\/rednacionaldearte.com\/noticias\/wp-content\/uploads\/2018\/03\/abierta-convocatoria-para-presentar-proyectos-expositivos-en-las-cigarreras-y-el-cma-de-alicante.jpg","datePublished":"2018-03-06T15:19:42+00:00","dateModified":"2018-03-07T05:58:09+00:00","breadcrumb":{"@id":"http:\/\/rednacionaldearte.com\/noticias\/convocatoria-para-exponer-en-cma-de-alicante-y-las-cigarreras\/#breadcrumb"},"inLanguage":"es","potentialAction":[{"@type":"ReadAction","target":["http:\/\/rednacionaldearte.com\/noticias\/convocatoria-para-exponer-en-cma-de-alicante-y-las-cigarreras\/"]}]},{"@type":"ImageObject","inLanguage":"es","@id":"http:\/\/rednacionaldearte.com\/noticias\/convocatoria-para-exponer-en-cma-de-alicante-y-las-cigarreras\/#primaryimage","url":"https:\/\/rednacionaldearte.com\/noticias\/wp-content\/uploads\/2018\/03\/abierta-convocatoria-para-presentar-proyectos-expositivos-en-las-cigarreras-y-el-cma-de-alicante.jpg","contentUrl":"https:\/\/rednacionaldearte.com\/noticias\/wp-content\/uploads\/2018\/03\/abierta-convocatoria-para-presentar-proyectos-expositivos-en-las-cigarreras-y-el-cma-de-alicante.jpg","width":1024,"height":614},{"@type":"BreadcrumbList","@id":"http:\/\/rednacionaldearte.com\/noticias\/convocatoria-para-exponer-en-cma-de-alicante-y-las-cigarreras\/#breadcrumb","itemListElement":[{"@type":"ListItem","position":1,"name":"Home","item":"http:\/\/rednacionaldearte.com\/noticias\/"},{"@type":"ListItem","position":2,"name":"Convocatoria para exponer en CMA de Alicante y Las Cigarreras"}]},{"@type":"WebSite","@id":"http:\/\/rednacionaldearte.com\/noticias\/#website","url":"http:\/\/rednacionaldearte.com\/noticias\/","name":"Red Nacional de Arte","description":"Cultura y Arte contempor\u00e1neo en M\u00e9xico","publisher":{"@id":"http:\/\/rednacionaldearte.com\/noticias\/#organization"},"potentialAction":[{"@type":"SearchAction","target":{"@type":"EntryPoint","urlTemplate":"http:\/\/rednacionaldearte.com\/noticias\/?s={search_term_string}"},"query-input":{"@type":"PropertyValueSpecification","valueRequired":true,"valueName":"search_term_string"}}],"inLanguage":"es"},{"@type":"Organization","@id":"http:\/\/rednacionaldearte.com\/noticias\/#organization","name":"Red Nacional de Arte","url":"http:\/\/rednacionaldearte.com\/noticias\/","logo":{"@type":"ImageObject","inLanguage":"es","@id":"http:\/\/rednacionaldearte.com\/noticias\/#\/schema\/logo\/image\/","url":"http:\/\/rednacionaldearte.com\/noticias\/wp-content\/uploads\/2016\/04\/logo.png","contentUrl":"http:\/\/rednacionaldearte.com\/noticias\/wp-content\/uploads\/2016\/04\/logo.png","width":575,"height":554,"caption":"Red Nacional de Arte"},"image":{"@id":"http:\/\/rednacionaldearte.com\/noticias\/#\/schema\/logo\/image\/"},"sameAs":["http:\/\/www.facebook.com\/rednacionaldearte\/","https:\/\/x.com\/rednacionalarte"]},{"@type":"Person","@id":"http:\/\/rednacionaldearte.com\/noticias\/#\/schema\/person\/489d635082b1de413434d2708a3e5b9b","name":"Redacci\u00f3n","image":{"@type":"ImageObject","inLanguage":"es","@id":"https:\/\/secure.gravatar.com\/avatar\/1d1c30eaee7c2f6cfa13fb8502cb06839106cdf371b9953d50e4b572d0bfa3c7?s=96&d=mm&r=g","url":"https:\/\/secure.gravatar.com\/avatar\/1d1c30eaee7c2f6cfa13fb8502cb06839106cdf371b9953d50e4b572d0bfa3c7?s=96&d=mm&r=g","contentUrl":"https:\/\/secure.gravatar.com\/avatar\/1d1c30eaee7c2f6cfa13fb8502cb06839106cdf371b9953d50e4b572d0bfa3c7?s=96&d=mm&r=g","caption":"Redacci\u00f3n"},"url":"https:\/\/rednacionaldearte.com\/noticias\/author\/adan\/"}]}},"amp_validity":null,"amp_enabled":true,"_links":{"self":[{"href":"https:\/\/rednacionaldearte.com\/noticias\/wp-json\/wp\/v2\/posts\/1027","targetHints":{"allow":["GET"]}}],"collection":[{"href":"https:\/\/rednacionaldearte.com\/noticias\/wp-json\/wp\/v2\/posts"}],"about":[{"href":"https:\/\/rednacionaldearte.com\/noticias\/wp-json\/wp\/v2\/types\/post"}],"author":[{"embeddable":true,"href":"https:\/\/rednacionaldearte.com\/noticias\/wp-json\/wp\/v2\/users\/1"}],"replies":[{"embeddable":true,"href":"https:\/\/rednacionaldearte.com\/noticias\/wp-json\/wp\/v2\/comments?post=1027"}],"version-history":[{"count":2,"href":"https:\/\/rednacionaldearte.com\/noticias\/wp-json\/wp\/v2\/posts\/1027\/revisions"}],"predecessor-version":[{"id":1128,"href":"https:\/\/rednacionaldearte.com\/noticias\/wp-json\/wp\/v2\/posts\/1027\/revisions\/1128"}],"wp:featuredmedia":[{"embeddable":true,"href":"https:\/\/rednacionaldearte.com\/noticias\/wp-json\/wp\/v2\/media\/1028"}],"wp:attachment":[{"href":"https:\/\/rednacionaldearte.com\/noticias\/wp-json\/wp\/v2\/media?parent=1027"}],"wp:term":[{"taxonomy":"category","embeddable":true,"href":"https:\/\/rednacionaldearte.com\/noticias\/wp-json\/wp\/v2\/categories?post=1027"},{"taxonomy":"post_tag","embeddable":true,"href":"https:\/\/rednacionaldearte.com\/noticias\/wp-json\/wp\/v2\/tags?post=1027"}],"curies":[{"name":"wp","href":"https:\/\/api.w.org\/{rel}","templated":true}]}}