{"id":1118,"date":"2018-03-07T06:51:11","date_gmt":"2018-03-07T06:51:11","guid":{"rendered":"http:\/\/rednacionaldearte.com\/noticias\/?p=1118"},"modified":"2018-03-07T06:51:11","modified_gmt":"2018-03-07T06:51:11","slug":"workshop-danza-arnes-cdmx","status":"publish","type":"post","link":"https:\/\/rednacionaldearte.com\/noticias\/workshop-danza-arnes-cdmx\/","title":{"rendered":"Workshop de Danza con Arn\u00e9s en la CDMX"},"content":{"rendered":"<h2>Lleva tu cuerpo m\u00e1s all\u00e1 del l\u00edmite acostumbrado con un Workshop \u00fanico en M\u00e9xico.<\/h2>\n<p><a href=\"http:\/\/rednacionaldearte.com\/noticias\/wp-content\/uploads\/2018\/03\/Danzarnes-e1520403153157.jpg\"><img loading=\"lazy\" decoding=\"async\" class=\"aligncenter size-full wp-image-1129\" src=\"http:\/\/rednacionaldearte.com\/noticias\/wp-content\/uploads\/2018\/03\/Danzarnes-e1520403153157.jpg\" alt=\"Danza con arn\u00e9s\" width=\"900\" height=\"600\"><\/a><\/p>\n<p>La pr\u00e1ctica se realiza desde las mec\u00e1nicas naturales del cuerpo en acci\u00f3n en relaci\u00f3n a la gravedad, la suspensi\u00f3n y los impulsos generados durante las din\u00e1micas del p\u00e9ndulo en centro y pared.<\/p>\n<p><strong>Imparte:<\/strong> Yuki Pastrana<\/p>\n<p>Creadora esce\u0301nica. Su investigacio\u0301n multidisciplinaria tiene como eje de estudio el cuerpo en movimiento abordado desde la coreografi\u0301a, apoya\u0301ndose en los medios audiovisuales, el performance y el disen\u0303o.<\/p>\n<p><strong>Fechas:<\/strong><br \/>\n30 y 31 de Marzo<br \/>\n6 y 7 de Abril<br \/>\n(4 sesiones intensivas<strong>)<\/strong><\/p>\n<p><strong>Horario:&nbsp;<\/strong><br \/>\nViernes (30 de Marzo y 6 de Abril):&nbsp;17&nbsp;a 21 hrs.<br \/>\nS\u00e1bados (31 de Marzo y 7 de Abril): 11&nbsp;a 15&nbsp;hrs.<\/p>\n<p>Al finalizar el workshop&nbsp;se entregara\u0301 una constancia de participacio\u0301n.<\/p>\n<p>* Por su naturaleza, el cupo del curso es reducido.<\/p>\n<p style=\"text-align: center;\"><a class=\"fasc-button fasc-size-medium fasc-type-flat\" style=\"background-color: #33809e; color: #ffffff;\" href=\"http:\/\/rednacionaldearte.com\/danzaconarnes\/\">Registro al Workshop<\/a><\/p>\n<p><iframe loading=\"lazy\" src=\"https:\/\/player.vimeo.com\/video\/258928974\" width=\"640\" height=\"360\" frameborder=\"0\" allowfullscreen=\"allowfullscreen\"><\/iframe><\/p>\n<p>&nbsp;<\/p>\n","protected":false},"excerpt":{"rendered":"<p>Lleva tu cuerpo m\u00e1s all\u00e1 del l\u00edmite acostumbrado con un Workshop \u00fanico en M\u00e9xico. La pr\u00e1ctica se realiza desde las mec\u00e1nicas naturales del cuerpo en acci\u00f3n en relaci\u00f3n a la gravedad, la suspensi\u00f3n y los impulsos generados durante las din\u00e1micas del p\u00e9ndulo en centro y pared. Imparte: Yuki Pastrana Creadora esce\u0301nica. Su investigacio\u0301n multidisciplinaria tiene [&hellip;]<\/p>\n","protected":false},"author":1,"featured_media":1129,"comment_status":"closed","ping_status":"open","sticky":false,"template":"","format":"standard","meta":{"footnotes":""},"categories":[103,43,58,18,41],"tags":[145,146],"class_list":["post-1118","post","type-post","status-publish","format-standard","has-post-thumbnail","hentry","category-artes-escenicas","category-cursos","category-danza","category-eventos","category-rna","tag-danza-con-arnes","tag-danza-vertical"],"yoast_head":"<!-- This site is optimized with the Yoast SEO plugin v27.2 - https:\/\/yoast.com\/product\/yoast-seo-wordpress\/ -->\n<title>Workshop de Danza con Arn\u00e9s en la CDMX - Red Nacional de Arte<\/title>\n<meta name=\"robots\" content=\"index, follow, max-snippet:-1, max-image-preview:large, max-video-preview:-1\" \/>\n<link rel=\"canonical\" href=\"http:\/\/rednacionaldearte.com\/noticias\/workshop-danza-arnes-cdmx\/\" \/>\n<meta property=\"og:locale\" content=\"es_ES\" \/>\n<meta property=\"og:type\" content=\"article\" \/>\n<meta property=\"og:title\" content=\"Workshop de Danza con Arn\u00e9s en la CDMX - Red Nacional de Arte\" \/>\n<meta property=\"og:description\" content=\"Lleva tu cuerpo m\u00e1s all\u00e1 del l\u00edmite acostumbrado con un Workshop \u00fanico en M\u00e9xico. La pr\u00e1ctica se realiza desde las mec\u00e1nicas naturales del cuerpo en acci\u00f3n en relaci\u00f3n a la gravedad, la suspensi\u00f3n y los impulsos generados durante las din\u00e1micas del p\u00e9ndulo en centro y pared. Imparte: Yuki Pastrana Creadora esce\u0301nica. Su investigacio\u0301n multidisciplinaria tiene [&hellip;]\" \/>\n<meta property=\"og:url\" content=\"http:\/\/rednacionaldearte.com\/noticias\/workshop-danza-arnes-cdmx\/\" \/>\n<meta property=\"og:site_name\" content=\"Red Nacional de Arte\" \/>\n<meta property=\"article:publisher\" content=\"http:\/\/www.facebook.com\/rednacionaldearte\/\" \/>\n<meta property=\"article:published_time\" content=\"2018-03-07T06:51:11+00:00\" \/>\n<meta property=\"og:image\" content=\"http:\/\/rednacionaldearte.com\/noticias\/wp-content\/uploads\/2018\/03\/Danzarnes-e1520403153157.jpg\" \/>\n\t<meta property=\"og:image:width\" content=\"900\" \/>\n\t<meta property=\"og:image:height\" content=\"600\" \/>\n\t<meta property=\"og:image:type\" content=\"image\/jpeg\" \/>\n<meta name=\"author\" content=\"Redacci\u00f3n\" \/>\n<meta name=\"twitter:card\" content=\"summary_large_image\" \/>\n<meta name=\"twitter:creator\" content=\"@rednacionalarte\" \/>\n<meta name=\"twitter:site\" content=\"@rednacionalarte\" \/>\n<meta name=\"twitter:label1\" content=\"Escrito por\" \/>\n\t<meta name=\"twitter:data1\" content=\"Redacci\u00f3n\" \/>\n\t<meta name=\"twitter:label2\" content=\"Tiempo de lectura\" \/>\n\t<meta name=\"twitter:data2\" content=\"1 minuto\" \/>\n<script type=\"application\/ld+json\" class=\"yoast-schema-graph\">{\"@context\":\"https:\/\/schema.org\",\"@graph\":[{\"@type\":\"Article\",\"@id\":\"http:\/\/rednacionaldearte.com\/noticias\/workshop-danza-arnes-cdmx\/#article\",\"isPartOf\":{\"@id\":\"http:\/\/rednacionaldearte.com\/noticias\/workshop-danza-arnes-cdmx\/\"},\"author\":{\"name\":\"Redacci\u00f3n\",\"@id\":\"http:\/\/rednacionaldearte.com\/noticias\/#\/schema\/person\/489d635082b1de413434d2708a3e5b9b\"},\"headline\":\"Workshop de Danza con Arn\u00e9s en la CDMX\",\"datePublished\":\"2018-03-07T06:51:11+00:00\",\"mainEntityOfPage\":{\"@id\":\"http:\/\/rednacionaldearte.com\/noticias\/workshop-danza-arnes-cdmx\/\"},\"wordCount\":158,\"publisher\":{\"@id\":\"http:\/\/rednacionaldearte.com\/noticias\/#organization\"},\"image\":{\"@id\":\"http:\/\/rednacionaldearte.com\/noticias\/workshop-danza-arnes-cdmx\/#primaryimage\"},\"thumbnailUrl\":\"https:\/\/rednacionaldearte.com\/noticias\/wp-content\/uploads\/2018\/03\/Danzarnes-e1520403153157.jpg\",\"keywords\":[\"Danza con Arn\u00e9s\",\"Danza Vertical\"],\"articleSection\":[\"Artes Esc\u00e9nicas\",\"Cursos\",\"Danza\",\"Eventos\",\"RNA\"],\"inLanguage\":\"es\"},{\"@type\":\"WebPage\",\"@id\":\"http:\/\/rednacionaldearte.com\/noticias\/workshop-danza-arnes-cdmx\/\",\"url\":\"http:\/\/rednacionaldearte.com\/noticias\/workshop-danza-arnes-cdmx\/\",\"name\":\"Workshop de Danza con Arn\u00e9s en la CDMX - Red Nacional de Arte\",\"isPartOf\":{\"@id\":\"http:\/\/rednacionaldearte.com\/noticias\/#website\"},\"primaryImageOfPage\":{\"@id\":\"http:\/\/rednacionaldearte.com\/noticias\/workshop-danza-arnes-cdmx\/#primaryimage\"},\"image\":{\"@id\":\"http:\/\/rednacionaldearte.com\/noticias\/workshop-danza-arnes-cdmx\/#primaryimage\"},\"thumbnailUrl\":\"https:\/\/rednacionaldearte.com\/noticias\/wp-content\/uploads\/2018\/03\/Danzarnes-e1520403153157.jpg\",\"datePublished\":\"2018-03-07T06:51:11+00:00\",\"breadcrumb\":{\"@id\":\"http:\/\/rednacionaldearte.com\/noticias\/workshop-danza-arnes-cdmx\/#breadcrumb\"},\"inLanguage\":\"es\",\"potentialAction\":[{\"@type\":\"ReadAction\",\"target\":[\"http:\/\/rednacionaldearte.com\/noticias\/workshop-danza-arnes-cdmx\/\"]}]},{\"@type\":\"ImageObject\",\"inLanguage\":\"es\",\"@id\":\"http:\/\/rednacionaldearte.com\/noticias\/workshop-danza-arnes-cdmx\/#primaryimage\",\"url\":\"https:\/\/rednacionaldearte.com\/noticias\/wp-content\/uploads\/2018\/03\/Danzarnes-e1520403153157.jpg\",\"contentUrl\":\"https:\/\/rednacionaldearte.com\/noticias\/wp-content\/uploads\/2018\/03\/Danzarnes-e1520403153157.jpg\",\"width\":900,\"height\":600,\"caption\":\"Danza con arn\u00e9s\"},{\"@type\":\"BreadcrumbList\",\"@id\":\"http:\/\/rednacionaldearte.com\/noticias\/workshop-danza-arnes-cdmx\/#breadcrumb\",\"itemListElement\":[{\"@type\":\"ListItem\",\"position\":1,\"name\":\"Home\",\"item\":\"http:\/\/rednacionaldearte.com\/noticias\/\"},{\"@type\":\"ListItem\",\"position\":2,\"name\":\"Workshop de Danza con Arn\u00e9s en la CDMX\"}]},{\"@type\":\"WebSite\",\"@id\":\"http:\/\/rednacionaldearte.com\/noticias\/#website\",\"url\":\"http:\/\/rednacionaldearte.com\/noticias\/\",\"name\":\"Red Nacional de Arte\",\"description\":\"Cultura y Arte contempor\u00e1neo en M\u00e9xico\",\"publisher\":{\"@id\":\"http:\/\/rednacionaldearte.com\/noticias\/#organization\"},\"potentialAction\":[{\"@type\":\"SearchAction\",\"target\":{\"@type\":\"EntryPoint\",\"urlTemplate\":\"http:\/\/rednacionaldearte.com\/noticias\/?s={search_term_string}\"},\"query-input\":{\"@type\":\"PropertyValueSpecification\",\"valueRequired\":true,\"valueName\":\"search_term_string\"}}],\"inLanguage\":\"es\"},{\"@type\":\"Organization\",\"@id\":\"http:\/\/rednacionaldearte.com\/noticias\/#organization\",\"name\":\"Red Nacional de Arte\",\"url\":\"http:\/\/rednacionaldearte.com\/noticias\/\",\"logo\":{\"@type\":\"ImageObject\",\"inLanguage\":\"es\",\"@id\":\"http:\/\/rednacionaldearte.com\/noticias\/#\/schema\/logo\/image\/\",\"url\":\"http:\/\/rednacionaldearte.com\/noticias\/wp-content\/uploads\/2016\/04\/logo.png\",\"contentUrl\":\"http:\/\/rednacionaldearte.com\/noticias\/wp-content\/uploads\/2016\/04\/logo.png\",\"width\":575,\"height\":554,\"caption\":\"Red Nacional de Arte\"},\"image\":{\"@id\":\"http:\/\/rednacionaldearte.com\/noticias\/#\/schema\/logo\/image\/\"},\"sameAs\":[\"http:\/\/www.facebook.com\/rednacionaldearte\/\",\"https:\/\/x.com\/rednacionalarte\"]},{\"@type\":\"Person\",\"@id\":\"http:\/\/rednacionaldearte.com\/noticias\/#\/schema\/person\/489d635082b1de413434d2708a3e5b9b\",\"name\":\"Redacci\u00f3n\",\"image\":{\"@type\":\"ImageObject\",\"inLanguage\":\"es\",\"@id\":\"https:\/\/secure.gravatar.com\/avatar\/1d1c30eaee7c2f6cfa13fb8502cb06839106cdf371b9953d50e4b572d0bfa3c7?s=96&d=mm&r=g\",\"url\":\"https:\/\/secure.gravatar.com\/avatar\/1d1c30eaee7c2f6cfa13fb8502cb06839106cdf371b9953d50e4b572d0bfa3c7?s=96&d=mm&r=g\",\"contentUrl\":\"https:\/\/secure.gravatar.com\/avatar\/1d1c30eaee7c2f6cfa13fb8502cb06839106cdf371b9953d50e4b572d0bfa3c7?s=96&d=mm&r=g\",\"caption\":\"Redacci\u00f3n\"},\"url\":\"https:\/\/rednacionaldearte.com\/noticias\/author\/adan\/\"}]}<\/script>\n<!-- \/ Yoast SEO plugin. -->","yoast_head_json":{"title":"Workshop de Danza con Arn\u00e9s en la CDMX - Red Nacional de Arte","robots":{"index":"index","follow":"follow","max-snippet":"max-snippet:-1","max-image-preview":"max-image-preview:large","max-video-preview":"max-video-preview:-1"},"canonical":"http:\/\/rednacionaldearte.com\/noticias\/workshop-danza-arnes-cdmx\/","og_locale":"es_ES","og_type":"article","og_title":"Workshop de Danza con Arn\u00e9s en la CDMX - Red Nacional de Arte","og_description":"Lleva tu cuerpo m\u00e1s all\u00e1 del l\u00edmite acostumbrado con un Workshop \u00fanico en M\u00e9xico. La pr\u00e1ctica se realiza desde las mec\u00e1nicas naturales del cuerpo en acci\u00f3n en relaci\u00f3n a la gravedad, la suspensi\u00f3n y los impulsos generados durante las din\u00e1micas del p\u00e9ndulo en centro y pared. Imparte: Yuki Pastrana Creadora esce\u0301nica. Su investigacio\u0301n multidisciplinaria tiene [&hellip;]","og_url":"http:\/\/rednacionaldearte.com\/noticias\/workshop-danza-arnes-cdmx\/","og_site_name":"Red Nacional de Arte","article_publisher":"http:\/\/www.facebook.com\/rednacionaldearte\/","article_published_time":"2018-03-07T06:51:11+00:00","og_image":[{"width":900,"height":600,"url":"http:\/\/rednacionaldearte.com\/noticias\/wp-content\/uploads\/2018\/03\/Danzarnes-e1520403153157.jpg","type":"image\/jpeg"}],"author":"Redacci\u00f3n","twitter_card":"summary_large_image","twitter_creator":"@rednacionalarte","twitter_site":"@rednacionalarte","twitter_misc":{"Escrito por":"Redacci\u00f3n","Tiempo de lectura":"1 minuto"},"schema":{"@context":"https:\/\/schema.org","@graph":[{"@type":"Article","@id":"http:\/\/rednacionaldearte.com\/noticias\/workshop-danza-arnes-cdmx\/#article","isPartOf":{"@id":"http:\/\/rednacionaldearte.com\/noticias\/workshop-danza-arnes-cdmx\/"},"author":{"name":"Redacci\u00f3n","@id":"http:\/\/rednacionaldearte.com\/noticias\/#\/schema\/person\/489d635082b1de413434d2708a3e5b9b"},"headline":"Workshop de Danza con Arn\u00e9s en la CDMX","datePublished":"2018-03-07T06:51:11+00:00","mainEntityOfPage":{"@id":"http:\/\/rednacionaldearte.com\/noticias\/workshop-danza-arnes-cdmx\/"},"wordCount":158,"publisher":{"@id":"http:\/\/rednacionaldearte.com\/noticias\/#organization"},"image":{"@id":"http:\/\/rednacionaldearte.com\/noticias\/workshop-danza-arnes-cdmx\/#primaryimage"},"thumbnailUrl":"https:\/\/rednacionaldearte.com\/noticias\/wp-content\/uploads\/2018\/03\/Danzarnes-e1520403153157.jpg","keywords":["Danza con Arn\u00e9s","Danza Vertical"],"articleSection":["Artes Esc\u00e9nicas","Cursos","Danza","Eventos","RNA"],"inLanguage":"es"},{"@type":"WebPage","@id":"http:\/\/rednacionaldearte.com\/noticias\/workshop-danza-arnes-cdmx\/","url":"http:\/\/rednacionaldearte.com\/noticias\/workshop-danza-arnes-cdmx\/","name":"Workshop de Danza con Arn\u00e9s en la CDMX - Red Nacional de Arte","isPartOf":{"@id":"http:\/\/rednacionaldearte.com\/noticias\/#website"},"primaryImageOfPage":{"@id":"http:\/\/rednacionaldearte.com\/noticias\/workshop-danza-arnes-cdmx\/#primaryimage"},"image":{"@id":"http:\/\/rednacionaldearte.com\/noticias\/workshop-danza-arnes-cdmx\/#primaryimage"},"thumbnailUrl":"https:\/\/rednacionaldearte.com\/noticias\/wp-content\/uploads\/2018\/03\/Danzarnes-e1520403153157.jpg","datePublished":"2018-03-07T06:51:11+00:00","breadcrumb":{"@id":"http:\/\/rednacionaldearte.com\/noticias\/workshop-danza-arnes-cdmx\/#breadcrumb"},"inLanguage":"es","potentialAction":[{"@type":"ReadAction","target":["http:\/\/rednacionaldearte.com\/noticias\/workshop-danza-arnes-cdmx\/"]}]},{"@type":"ImageObject","inLanguage":"es","@id":"http:\/\/rednacionaldearte.com\/noticias\/workshop-danza-arnes-cdmx\/#primaryimage","url":"https:\/\/rednacionaldearte.com\/noticias\/wp-content\/uploads\/2018\/03\/Danzarnes-e1520403153157.jpg","contentUrl":"https:\/\/rednacionaldearte.com\/noticias\/wp-content\/uploads\/2018\/03\/Danzarnes-e1520403153157.jpg","width":900,"height":600,"caption":"Danza con arn\u00e9s"},{"@type":"BreadcrumbList","@id":"http:\/\/rednacionaldearte.com\/noticias\/workshop-danza-arnes-cdmx\/#breadcrumb","itemListElement":[{"@type":"ListItem","position":1,"name":"Home","item":"http:\/\/rednacionaldearte.com\/noticias\/"},{"@type":"ListItem","position":2,"name":"Workshop de Danza con Arn\u00e9s en la CDMX"}]},{"@type":"WebSite","@id":"http:\/\/rednacionaldearte.com\/noticias\/#website","url":"http:\/\/rednacionaldearte.com\/noticias\/","name":"Red Nacional de Arte","description":"Cultura y Arte contempor\u00e1neo en M\u00e9xico","publisher":{"@id":"http:\/\/rednacionaldearte.com\/noticias\/#organization"},"potentialAction":[{"@type":"SearchAction","target":{"@type":"EntryPoint","urlTemplate":"http:\/\/rednacionaldearte.com\/noticias\/?s={search_term_string}"},"query-input":{"@type":"PropertyValueSpecification","valueRequired":true,"valueName":"search_term_string"}}],"inLanguage":"es"},{"@type":"Organization","@id":"http:\/\/rednacionaldearte.com\/noticias\/#organization","name":"Red Nacional de Arte","url":"http:\/\/rednacionaldearte.com\/noticias\/","logo":{"@type":"ImageObject","inLanguage":"es","@id":"http:\/\/rednacionaldearte.com\/noticias\/#\/schema\/logo\/image\/","url":"http:\/\/rednacionaldearte.com\/noticias\/wp-content\/uploads\/2016\/04\/logo.png","contentUrl":"http:\/\/rednacionaldearte.com\/noticias\/wp-content\/uploads\/2016\/04\/logo.png","width":575,"height":554,"caption":"Red Nacional de Arte"},"image":{"@id":"http:\/\/rednacionaldearte.com\/noticias\/#\/schema\/logo\/image\/"},"sameAs":["http:\/\/www.facebook.com\/rednacionaldearte\/","https:\/\/x.com\/rednacionalarte"]},{"@type":"Person","@id":"http:\/\/rednacionaldearte.com\/noticias\/#\/schema\/person\/489d635082b1de413434d2708a3e5b9b","name":"Redacci\u00f3n","image":{"@type":"ImageObject","inLanguage":"es","@id":"https:\/\/secure.gravatar.com\/avatar\/1d1c30eaee7c2f6cfa13fb8502cb06839106cdf371b9953d50e4b572d0bfa3c7?s=96&d=mm&r=g","url":"https:\/\/secure.gravatar.com\/avatar\/1d1c30eaee7c2f6cfa13fb8502cb06839106cdf371b9953d50e4b572d0bfa3c7?s=96&d=mm&r=g","contentUrl":"https:\/\/secure.gravatar.com\/avatar\/1d1c30eaee7c2f6cfa13fb8502cb06839106cdf371b9953d50e4b572d0bfa3c7?s=96&d=mm&r=g","caption":"Redacci\u00f3n"},"url":"https:\/\/rednacionaldearte.com\/noticias\/author\/adan\/"}]}},"amp_validity":null,"amp_enabled":true,"_links":{"self":[{"href":"https:\/\/rednacionaldearte.com\/noticias\/wp-json\/wp\/v2\/posts\/1118","targetHints":{"allow":["GET"]}}],"collection":[{"href":"https:\/\/rednacionaldearte.com\/noticias\/wp-json\/wp\/v2\/posts"}],"about":[{"href":"https:\/\/rednacionaldearte.com\/noticias\/wp-json\/wp\/v2\/types\/post"}],"author":[{"embeddable":true,"href":"https:\/\/rednacionaldearte.com\/noticias\/wp-json\/wp\/v2\/users\/1"}],"replies":[{"embeddable":true,"href":"https:\/\/rednacionaldearte.com\/noticias\/wp-json\/wp\/v2\/comments?post=1118"}],"version-history":[{"count":1,"href":"https:\/\/rednacionaldearte.com\/noticias\/wp-json\/wp\/v2\/posts\/1118\/revisions"}],"predecessor-version":[{"id":1131,"href":"https:\/\/rednacionaldearte.com\/noticias\/wp-json\/wp\/v2\/posts\/1118\/revisions\/1131"}],"wp:featuredmedia":[{"embeddable":true,"href":"https:\/\/rednacionaldearte.com\/noticias\/wp-json\/wp\/v2\/media\/1129"}],"wp:attachment":[{"href":"https:\/\/rednacionaldearte.com\/noticias\/wp-json\/wp\/v2\/media?parent=1118"}],"wp:term":[{"taxonomy":"category","embeddable":true,"href":"https:\/\/rednacionaldearte.com\/noticias\/wp-json\/wp\/v2\/categories?post=1118"},{"taxonomy":"post_tag","embeddable":true,"href":"https:\/\/rednacionaldearte.com\/noticias\/wp-json\/wp\/v2\/tags?post=1118"}],"curies":[{"name":"wp","href":"https:\/\/api.w.org\/{rel}","templated":true}]}}