{"id":116,"date":"2016-06-09T19:49:47","date_gmt":"2016-06-09T19:49:47","guid":{"rendered":"http:\/\/rednacionaldearte.com\/noticias\/?p=116"},"modified":"2016-06-09T19:51:56","modified_gmt":"2016-06-09T19:51:56","slug":"la-arquitectura-de-la-mirada-convocatoria","status":"publish","type":"post","link":"https:\/\/rednacionaldearte.com\/noticias\/la-arquitectura-de-la-mirada-convocatoria\/","title":{"rendered":"La Arquitectura de la Mirada: Convocatoria para Exposici\u00f3n Fotogr\u00e1fica en la Ciudad De M\u00e9xico"},"content":{"rendered":"<div class=\"column\">\n<p style=\"text-align: justify;\">Red Nacional de Arte, plataforma para artistas, gestores, centros culturales, galer\u00edas y personas dedicadas al arte y la cultura, en su objetivo por impulsar el trabajo art\u00edstico, su divulgaci\u00f3n y programaci\u00f3n, adem\u00e1s de fomentar la creaci\u00f3n de v\u00ednculos que resulten puntos de reflexi\u00f3n y cr\u00edtica ante los mecanismos de producci\u00f3n contempor\u00e1neos, invita a participar en la exposici\u00f3n fotogr\u00e1fica colectiva: \u201cLa Arquitectura de la Mirada: Perpetuidad y pensamiento de una \u00e9poca\u201d.<\/p>\n<\/div>\n<div class=\"page\" title=\"Page 1\">\n<div class=\"layoutArea\">\n<div class=\"column\">\n<p style=\"text-align: justify;\"><span style=\"line-height: 1.5;\">La muestra tiene como objetivo reunir el trabajo de fot\u00f3grafos de M\u00e9xico y el mundo que aborden el tema de la arquitectura como ente potencialmente perpetuo (pese a los estragos que podr\u00eda causar el paso del tiempo) y constructor de significados en la imagen, parte de una cultura que le da sentido y raz\u00f3n de ser al representar ideas que pueden ser interpretadas por su contexto social, hist\u00f3rico, pol\u00edtico o econ\u00f3mico. La convocatoria busca fotograf\u00edas que muestren todo tipo de planteamientos arquitect\u00f3nicos, sin importar \u00e9pocas, tendencias o lugares espec\u00edficos.<\/span><\/p>\n<p style=\"text-align: justify;\"><span style=\"line-height: 1.5;\">Para mayor informaci\u00f3n, descargar la convocatoria en el siguiente link:<\/span><\/p>\n<p style=\"text-align: justify;\"><a href=\"http:\/\/rednacionaldearte.com\/docs\/Convocatoria-La-Arquitectura-de-la-Mirada.pdf\">http:\/\/rednacionaldearte.com\/docs\/Convocatoria-La-Arquitectura-de-la-Mirada.pdf<\/a><\/p>\n<\/div>\n<\/div>\n<\/div>\n","protected":false},"excerpt":{"rendered":"<p>Red Nacional de Arte, plataforma para artistas, gestores, centros culturales, galer\u00edas y personas dedicadas al arte y la cultura, en su objetivo por impulsar el trabajo art\u00edstico, su divulgaci\u00f3n y programaci\u00f3n, adem\u00e1s de fomentar la creaci\u00f3n de v\u00ednculos que resulten puntos de reflexi\u00f3n y cr\u00edtica ante los mecanismos de producci\u00f3n contempor\u00e1neos, invita a participar en [&hellip;]<\/p>\n","protected":false},"author":1,"featured_media":119,"comment_status":"closed","ping_status":"open","sticky":false,"template":"","format":"standard","meta":{"footnotes":""},"categories":[53,24,18,2,41],"tags":[25,38,37,39,54],"class_list":["post-116","post","type-post","status-publish","format-standard","has-post-thumbnail","hentry","category-arquitectura","category-convocatorias","category-eventos","category-fotografia","category-rna","tag-arquitectura","tag-ciudad-de-mexico","tag-convocatoria","tag-fotografia","tag-la-arquitectura-de-la-mirada"],"yoast_head":"<!-- This site is optimized with the Yoast SEO plugin v27.2 - https:\/\/yoast.com\/product\/yoast-seo-wordpress\/ -->\n<title>La Arquitectura de la Mirada: Convocatoria para Exposici\u00f3n Fotogr\u00e1fica en la Ciudad De M\u00e9xico - Red Nacional de Arte<\/title>\n<meta name=\"description\" content=\"La convocatoria busca fotograf\u00edas que muestren todo tipo de planteamientos arquitect\u00f3nicos, sin importar \u00e9pocas, tendencias o lugares espec\u00edficos.\" \/>\n<meta name=\"robots\" content=\"index, follow, max-snippet:-1, max-image-preview:large, max-video-preview:-1\" \/>\n<link rel=\"canonical\" href=\"http:\/\/rednacionaldearte.com\/noticias\/la-arquitectura-de-la-mirada-convocatoria\/\" \/>\n<meta property=\"og:locale\" content=\"es_ES\" \/>\n<meta property=\"og:type\" content=\"article\" \/>\n<meta property=\"og:title\" content=\"La Arquitectura de la Mirada: Convocatoria para Exposici\u00f3n Fotogr\u00e1fica en la Ciudad De M\u00e9xico - Red Nacional de Arte\" \/>\n<meta property=\"og:description\" content=\"La convocatoria busca fotograf\u00edas que muestren todo tipo de planteamientos arquitect\u00f3nicos, sin importar \u00e9pocas, tendencias o lugares espec\u00edficos.\" \/>\n<meta property=\"og:url\" content=\"http:\/\/rednacionaldearte.com\/noticias\/la-arquitectura-de-la-mirada-convocatoria\/\" \/>\n<meta property=\"og:site_name\" content=\"Red Nacional de Arte\" \/>\n<meta property=\"article:publisher\" content=\"http:\/\/www.facebook.com\/rednacionaldearte\/\" \/>\n<meta property=\"article:published_time\" content=\"2016-06-09T19:49:47+00:00\" \/>\n<meta property=\"article:modified_time\" content=\"2016-06-09T19:51:56+00:00\" \/>\n<meta property=\"og:image\" content=\"http:\/\/rednacionaldearte.com\/noticias\/wp-content\/uploads\/2016\/06\/banner-arquitecturaw.jpg\" \/>\n\t<meta property=\"og:image:width\" content=\"1200\" \/>\n\t<meta property=\"og:image:height\" content=\"1154\" \/>\n\t<meta property=\"og:image:type\" content=\"image\/jpeg\" \/>\n<meta name=\"author\" content=\"Redacci\u00f3n\" \/>\n<meta name=\"twitter:card\" content=\"summary_large_image\" \/>\n<meta name=\"twitter:description\" content=\"La convocatoria busca fotograf\u00edas que muestren todo tipo de planteamientos arquitect\u00f3nicos, sin importar \u00e9pocas, tendencias o lugares espec\u00edficos.\" \/>\n<meta name=\"twitter:creator\" content=\"@rednacionalarte\" \/>\n<meta name=\"twitter:site\" content=\"@rednacionalarte\" \/>\n<meta name=\"twitter:label1\" content=\"Escrito por\" \/>\n\t<meta name=\"twitter:data1\" content=\"Redacci\u00f3n\" \/>\n\t<meta name=\"twitter:label2\" content=\"Tiempo de lectura\" \/>\n\t<meta name=\"twitter:data2\" content=\"1 minuto\" \/>\n<script type=\"application\/ld+json\" class=\"yoast-schema-graph\">{\"@context\":\"https:\/\/schema.org\",\"@graph\":[{\"@type\":\"Article\",\"@id\":\"http:\/\/rednacionaldearte.com\/noticias\/la-arquitectura-de-la-mirada-convocatoria\/#article\",\"isPartOf\":{\"@id\":\"http:\/\/rednacionaldearte.com\/noticias\/la-arquitectura-de-la-mirada-convocatoria\/\"},\"author\":{\"name\":\"Redacci\u00f3n\",\"@id\":\"http:\/\/rednacionaldearte.com\/noticias\/#\/schema\/person\/489d635082b1de413434d2708a3e5b9b\"},\"headline\":\"La Arquitectura de la Mirada: Convocatoria para Exposici\u00f3n Fotogr\u00e1fica en la Ciudad De M\u00e9xico\",\"datePublished\":\"2016-06-09T19:49:47+00:00\",\"dateModified\":\"2016-06-09T19:51:56+00:00\",\"mainEntityOfPage\":{\"@id\":\"http:\/\/rednacionaldearte.com\/noticias\/la-arquitectura-de-la-mirada-convocatoria\/\"},\"wordCount\":216,\"publisher\":{\"@id\":\"http:\/\/rednacionaldearte.com\/noticias\/#organization\"},\"image\":{\"@id\":\"http:\/\/rednacionaldearte.com\/noticias\/la-arquitectura-de-la-mirada-convocatoria\/#primaryimage\"},\"thumbnailUrl\":\"https:\/\/rednacionaldearte.com\/noticias\/wp-content\/uploads\/2016\/06\/banner-arquitecturaw.jpg\",\"keywords\":[\"arquitectura\",\"ciudad de M\u00e9xico\",\"convocatoria\",\"Fotograf\u00eda\",\"La Arquitectura de la Mirada\"],\"articleSection\":[\"Arquitectura\",\"Convocatorias\",\"Eventos\",\"Fotograf\u00eda\",\"RNA\"],\"inLanguage\":\"es\"},{\"@type\":\"WebPage\",\"@id\":\"http:\/\/rednacionaldearte.com\/noticias\/la-arquitectura-de-la-mirada-convocatoria\/\",\"url\":\"http:\/\/rednacionaldearte.com\/noticias\/la-arquitectura-de-la-mirada-convocatoria\/\",\"name\":\"La Arquitectura de la Mirada: Convocatoria para Exposici\u00f3n Fotogr\u00e1fica en la Ciudad De M\u00e9xico - Red Nacional de Arte\",\"isPartOf\":{\"@id\":\"http:\/\/rednacionaldearte.com\/noticias\/#website\"},\"primaryImageOfPage\":{\"@id\":\"http:\/\/rednacionaldearte.com\/noticias\/la-arquitectura-de-la-mirada-convocatoria\/#primaryimage\"},\"image\":{\"@id\":\"http:\/\/rednacionaldearte.com\/noticias\/la-arquitectura-de-la-mirada-convocatoria\/#primaryimage\"},\"thumbnailUrl\":\"https:\/\/rednacionaldearte.com\/noticias\/wp-content\/uploads\/2016\/06\/banner-arquitecturaw.jpg\",\"datePublished\":\"2016-06-09T19:49:47+00:00\",\"dateModified\":\"2016-06-09T19:51:56+00:00\",\"description\":\"La convocatoria busca fotograf\u00edas que muestren todo tipo de planteamientos arquitect\u00f3nicos, sin importar \u00e9pocas, tendencias o lugares espec\u00edficos.\",\"breadcrumb\":{\"@id\":\"http:\/\/rednacionaldearte.com\/noticias\/la-arquitectura-de-la-mirada-convocatoria\/#breadcrumb\"},\"inLanguage\":\"es\",\"potentialAction\":[{\"@type\":\"ReadAction\",\"target\":[\"http:\/\/rednacionaldearte.com\/noticias\/la-arquitectura-de-la-mirada-convocatoria\/\"]}]},{\"@type\":\"ImageObject\",\"inLanguage\":\"es\",\"@id\":\"http:\/\/rednacionaldearte.com\/noticias\/la-arquitectura-de-la-mirada-convocatoria\/#primaryimage\",\"url\":\"https:\/\/rednacionaldearte.com\/noticias\/wp-content\/uploads\/2016\/06\/banner-arquitecturaw.jpg\",\"contentUrl\":\"https:\/\/rednacionaldearte.com\/noticias\/wp-content\/uploads\/2016\/06\/banner-arquitecturaw.jpg\",\"width\":1200,\"height\":1154,\"caption\":\"Arquitectura de la Mirada\"},{\"@type\":\"BreadcrumbList\",\"@id\":\"http:\/\/rednacionaldearte.com\/noticias\/la-arquitectura-de-la-mirada-convocatoria\/#breadcrumb\",\"itemListElement\":[{\"@type\":\"ListItem\",\"position\":1,\"name\":\"Home\",\"item\":\"http:\/\/rednacionaldearte.com\/noticias\/\"},{\"@type\":\"ListItem\",\"position\":2,\"name\":\"La Arquitectura de la Mirada: Convocatoria para Exposici\u00f3n Fotogr\u00e1fica en la Ciudad De M\u00e9xico\"}]},{\"@type\":\"WebSite\",\"@id\":\"http:\/\/rednacionaldearte.com\/noticias\/#website\",\"url\":\"http:\/\/rednacionaldearte.com\/noticias\/\",\"name\":\"Red Nacional de Arte\",\"description\":\"Cultura y Arte contempor\u00e1neo en M\u00e9xico\",\"publisher\":{\"@id\":\"http:\/\/rednacionaldearte.com\/noticias\/#organization\"},\"potentialAction\":[{\"@type\":\"SearchAction\",\"target\":{\"@type\":\"EntryPoint\",\"urlTemplate\":\"http:\/\/rednacionaldearte.com\/noticias\/?s={search_term_string}\"},\"query-input\":{\"@type\":\"PropertyValueSpecification\",\"valueRequired\":true,\"valueName\":\"search_term_string\"}}],\"inLanguage\":\"es\"},{\"@type\":\"Organization\",\"@id\":\"http:\/\/rednacionaldearte.com\/noticias\/#organization\",\"name\":\"Red Nacional de Arte\",\"url\":\"http:\/\/rednacionaldearte.com\/noticias\/\",\"logo\":{\"@type\":\"ImageObject\",\"inLanguage\":\"es\",\"@id\":\"http:\/\/rednacionaldearte.com\/noticias\/#\/schema\/logo\/image\/\",\"url\":\"http:\/\/rednacionaldearte.com\/noticias\/wp-content\/uploads\/2016\/04\/logo.png\",\"contentUrl\":\"http:\/\/rednacionaldearte.com\/noticias\/wp-content\/uploads\/2016\/04\/logo.png\",\"width\":575,\"height\":554,\"caption\":\"Red Nacional de Arte\"},\"image\":{\"@id\":\"http:\/\/rednacionaldearte.com\/noticias\/#\/schema\/logo\/image\/\"},\"sameAs\":[\"http:\/\/www.facebook.com\/rednacionaldearte\/\",\"https:\/\/x.com\/rednacionalarte\"]},{\"@type\":\"Person\",\"@id\":\"http:\/\/rednacionaldearte.com\/noticias\/#\/schema\/person\/489d635082b1de413434d2708a3e5b9b\",\"name\":\"Redacci\u00f3n\",\"image\":{\"@type\":\"ImageObject\",\"inLanguage\":\"es\",\"@id\":\"https:\/\/secure.gravatar.com\/avatar\/1d1c30eaee7c2f6cfa13fb8502cb06839106cdf371b9953d50e4b572d0bfa3c7?s=96&d=mm&r=g\",\"url\":\"https:\/\/secure.gravatar.com\/avatar\/1d1c30eaee7c2f6cfa13fb8502cb06839106cdf371b9953d50e4b572d0bfa3c7?s=96&d=mm&r=g\",\"contentUrl\":\"https:\/\/secure.gravatar.com\/avatar\/1d1c30eaee7c2f6cfa13fb8502cb06839106cdf371b9953d50e4b572d0bfa3c7?s=96&d=mm&r=g\",\"caption\":\"Redacci\u00f3n\"},\"url\":\"https:\/\/rednacionaldearte.com\/noticias\/author\/adan\/\"}]}<\/script>\n<!-- \/ Yoast SEO plugin. -->","yoast_head_json":{"title":"La Arquitectura de la Mirada: Convocatoria para Exposici\u00f3n Fotogr\u00e1fica en la Ciudad De M\u00e9xico - Red Nacional de Arte","description":"La convocatoria busca fotograf\u00edas que muestren todo tipo de planteamientos arquitect\u00f3nicos, sin importar \u00e9pocas, tendencias o lugares espec\u00edficos.","robots":{"index":"index","follow":"follow","max-snippet":"max-snippet:-1","max-image-preview":"max-image-preview:large","max-video-preview":"max-video-preview:-1"},"canonical":"http:\/\/rednacionaldearte.com\/noticias\/la-arquitectura-de-la-mirada-convocatoria\/","og_locale":"es_ES","og_type":"article","og_title":"La Arquitectura de la Mirada: Convocatoria para Exposici\u00f3n Fotogr\u00e1fica en la Ciudad De M\u00e9xico - Red Nacional de Arte","og_description":"La convocatoria busca fotograf\u00edas que muestren todo tipo de planteamientos arquitect\u00f3nicos, sin importar \u00e9pocas, tendencias o lugares espec\u00edficos.","og_url":"http:\/\/rednacionaldearte.com\/noticias\/la-arquitectura-de-la-mirada-convocatoria\/","og_site_name":"Red Nacional de Arte","article_publisher":"http:\/\/www.facebook.com\/rednacionaldearte\/","article_published_time":"2016-06-09T19:49:47+00:00","article_modified_time":"2016-06-09T19:51:56+00:00","og_image":[{"width":1200,"height":1154,"url":"http:\/\/rednacionaldearte.com\/noticias\/wp-content\/uploads\/2016\/06\/banner-arquitecturaw.jpg","type":"image\/jpeg"}],"author":"Redacci\u00f3n","twitter_card":"summary_large_image","twitter_description":"La convocatoria busca fotograf\u00edas que muestren todo tipo de planteamientos arquitect\u00f3nicos, sin importar \u00e9pocas, tendencias o lugares espec\u00edficos.","twitter_creator":"@rednacionalarte","twitter_site":"@rednacionalarte","twitter_misc":{"Escrito por":"Redacci\u00f3n","Tiempo de lectura":"1 minuto"},"schema":{"@context":"https:\/\/schema.org","@graph":[{"@type":"Article","@id":"http:\/\/rednacionaldearte.com\/noticias\/la-arquitectura-de-la-mirada-convocatoria\/#article","isPartOf":{"@id":"http:\/\/rednacionaldearte.com\/noticias\/la-arquitectura-de-la-mirada-convocatoria\/"},"author":{"name":"Redacci\u00f3n","@id":"http:\/\/rednacionaldearte.com\/noticias\/#\/schema\/person\/489d635082b1de413434d2708a3e5b9b"},"headline":"La Arquitectura de la Mirada: Convocatoria para Exposici\u00f3n Fotogr\u00e1fica en la Ciudad De M\u00e9xico","datePublished":"2016-06-09T19:49:47+00:00","dateModified":"2016-06-09T19:51:56+00:00","mainEntityOfPage":{"@id":"http:\/\/rednacionaldearte.com\/noticias\/la-arquitectura-de-la-mirada-convocatoria\/"},"wordCount":216,"publisher":{"@id":"http:\/\/rednacionaldearte.com\/noticias\/#organization"},"image":{"@id":"http:\/\/rednacionaldearte.com\/noticias\/la-arquitectura-de-la-mirada-convocatoria\/#primaryimage"},"thumbnailUrl":"https:\/\/rednacionaldearte.com\/noticias\/wp-content\/uploads\/2016\/06\/banner-arquitecturaw.jpg","keywords":["arquitectura","ciudad de M\u00e9xico","convocatoria","Fotograf\u00eda","La Arquitectura de la Mirada"],"articleSection":["Arquitectura","Convocatorias","Eventos","Fotograf\u00eda","RNA"],"inLanguage":"es"},{"@type":"WebPage","@id":"http:\/\/rednacionaldearte.com\/noticias\/la-arquitectura-de-la-mirada-convocatoria\/","url":"http:\/\/rednacionaldearte.com\/noticias\/la-arquitectura-de-la-mirada-convocatoria\/","name":"La Arquitectura de la Mirada: Convocatoria para Exposici\u00f3n Fotogr\u00e1fica en la Ciudad De M\u00e9xico - Red Nacional de Arte","isPartOf":{"@id":"http:\/\/rednacionaldearte.com\/noticias\/#website"},"primaryImageOfPage":{"@id":"http:\/\/rednacionaldearte.com\/noticias\/la-arquitectura-de-la-mirada-convocatoria\/#primaryimage"},"image":{"@id":"http:\/\/rednacionaldearte.com\/noticias\/la-arquitectura-de-la-mirada-convocatoria\/#primaryimage"},"thumbnailUrl":"https:\/\/rednacionaldearte.com\/noticias\/wp-content\/uploads\/2016\/06\/banner-arquitecturaw.jpg","datePublished":"2016-06-09T19:49:47+00:00","dateModified":"2016-06-09T19:51:56+00:00","description":"La convocatoria busca fotograf\u00edas que muestren todo tipo de planteamientos arquitect\u00f3nicos, sin importar \u00e9pocas, tendencias o lugares espec\u00edficos.","breadcrumb":{"@id":"http:\/\/rednacionaldearte.com\/noticias\/la-arquitectura-de-la-mirada-convocatoria\/#breadcrumb"},"inLanguage":"es","potentialAction":[{"@type":"ReadAction","target":["http:\/\/rednacionaldearte.com\/noticias\/la-arquitectura-de-la-mirada-convocatoria\/"]}]},{"@type":"ImageObject","inLanguage":"es","@id":"http:\/\/rednacionaldearte.com\/noticias\/la-arquitectura-de-la-mirada-convocatoria\/#primaryimage","url":"https:\/\/rednacionaldearte.com\/noticias\/wp-content\/uploads\/2016\/06\/banner-arquitecturaw.jpg","contentUrl":"https:\/\/rednacionaldearte.com\/noticias\/wp-content\/uploads\/2016\/06\/banner-arquitecturaw.jpg","width":1200,"height":1154,"caption":"Arquitectura de la Mirada"},{"@type":"BreadcrumbList","@id":"http:\/\/rednacionaldearte.com\/noticias\/la-arquitectura-de-la-mirada-convocatoria\/#breadcrumb","itemListElement":[{"@type":"ListItem","position":1,"name":"Home","item":"http:\/\/rednacionaldearte.com\/noticias\/"},{"@type":"ListItem","position":2,"name":"La Arquitectura de la Mirada: Convocatoria para Exposici\u00f3n Fotogr\u00e1fica en la Ciudad De M\u00e9xico"}]},{"@type":"WebSite","@id":"http:\/\/rednacionaldearte.com\/noticias\/#website","url":"http:\/\/rednacionaldearte.com\/noticias\/","name":"Red Nacional de Arte","description":"Cultura y Arte contempor\u00e1neo en M\u00e9xico","publisher":{"@id":"http:\/\/rednacionaldearte.com\/noticias\/#organization"},"potentialAction":[{"@type":"SearchAction","target":{"@type":"EntryPoint","urlTemplate":"http:\/\/rednacionaldearte.com\/noticias\/?s={search_term_string}"},"query-input":{"@type":"PropertyValueSpecification","valueRequired":true,"valueName":"search_term_string"}}],"inLanguage":"es"},{"@type":"Organization","@id":"http:\/\/rednacionaldearte.com\/noticias\/#organization","name":"Red Nacional de Arte","url":"http:\/\/rednacionaldearte.com\/noticias\/","logo":{"@type":"ImageObject","inLanguage":"es","@id":"http:\/\/rednacionaldearte.com\/noticias\/#\/schema\/logo\/image\/","url":"http:\/\/rednacionaldearte.com\/noticias\/wp-content\/uploads\/2016\/04\/logo.png","contentUrl":"http:\/\/rednacionaldearte.com\/noticias\/wp-content\/uploads\/2016\/04\/logo.png","width":575,"height":554,"caption":"Red Nacional de Arte"},"image":{"@id":"http:\/\/rednacionaldearte.com\/noticias\/#\/schema\/logo\/image\/"},"sameAs":["http:\/\/www.facebook.com\/rednacionaldearte\/","https:\/\/x.com\/rednacionalarte"]},{"@type":"Person","@id":"http:\/\/rednacionaldearte.com\/noticias\/#\/schema\/person\/489d635082b1de413434d2708a3e5b9b","name":"Redacci\u00f3n","image":{"@type":"ImageObject","inLanguage":"es","@id":"https:\/\/secure.gravatar.com\/avatar\/1d1c30eaee7c2f6cfa13fb8502cb06839106cdf371b9953d50e4b572d0bfa3c7?s=96&d=mm&r=g","url":"https:\/\/secure.gravatar.com\/avatar\/1d1c30eaee7c2f6cfa13fb8502cb06839106cdf371b9953d50e4b572d0bfa3c7?s=96&d=mm&r=g","contentUrl":"https:\/\/secure.gravatar.com\/avatar\/1d1c30eaee7c2f6cfa13fb8502cb06839106cdf371b9953d50e4b572d0bfa3c7?s=96&d=mm&r=g","caption":"Redacci\u00f3n"},"url":"https:\/\/rednacionaldearte.com\/noticias\/author\/adan\/"}]}},"amp_validity":null,"amp_enabled":true,"_links":{"self":[{"href":"https:\/\/rednacionaldearte.com\/noticias\/wp-json\/wp\/v2\/posts\/116","targetHints":{"allow":["GET"]}}],"collection":[{"href":"https:\/\/rednacionaldearte.com\/noticias\/wp-json\/wp\/v2\/posts"}],"about":[{"href":"https:\/\/rednacionaldearte.com\/noticias\/wp-json\/wp\/v2\/types\/post"}],"author":[{"embeddable":true,"href":"https:\/\/rednacionaldearte.com\/noticias\/wp-json\/wp\/v2\/users\/1"}],"replies":[{"embeddable":true,"href":"https:\/\/rednacionaldearte.com\/noticias\/wp-json\/wp\/v2\/comments?post=116"}],"version-history":[{"count":1,"href":"https:\/\/rednacionaldearte.com\/noticias\/wp-json\/wp\/v2\/posts\/116\/revisions"}],"predecessor-version":[{"id":118,"href":"https:\/\/rednacionaldearte.com\/noticias\/wp-json\/wp\/v2\/posts\/116\/revisions\/118"}],"wp:featuredmedia":[{"embeddable":true,"href":"https:\/\/rednacionaldearte.com\/noticias\/wp-json\/wp\/v2\/media\/119"}],"wp:attachment":[{"href":"https:\/\/rednacionaldearte.com\/noticias\/wp-json\/wp\/v2\/media?parent=116"}],"wp:term":[{"taxonomy":"category","embeddable":true,"href":"https:\/\/rednacionaldearte.com\/noticias\/wp-json\/wp\/v2\/categories?post=116"},{"taxonomy":"post_tag","embeddable":true,"href":"https:\/\/rednacionaldearte.com\/noticias\/wp-json\/wp\/v2\/tags?post=116"}],"curies":[{"name":"wp","href":"https:\/\/api.w.org\/{rel}","templated":true}]}}