{"id":1241,"date":"2018-03-09T15:31:23","date_gmt":"2018-03-09T15:31:23","guid":{"rendered":"http:\/\/circuloa.com\/?p=23126"},"modified":"2018-03-11T01:04:23","modified_gmt":"2018-03-11T01:04:23","slug":"bienal-sur-argentina-convocatoria","status":"publish","type":"post","link":"https:\/\/rednacionaldearte.com\/noticias\/bienal-sur-argentina-convocatoria\/","title":{"rendered":"Bienal Sur Argentina: Convocatoria"},"content":{"rendered":"<p><strong>Cierre de Convocatoria:<\/strong> 30&nbsp;de Junio de 2018.<strong><br \/>\n<\/strong><\/p>\n<p>La Direccio\u0301n general y art\u00edstica de BIENALSUR convoca a artistas y curadores a presentar proyectos de obras y de curaduri\u0301a de investigacio\u0301n para integrar la programaci\u00f3n de su segunda edici\u00f3n, que tendra\u0301 lugar en distintas sedes y espacios localizados en un territorio expandido y multipolar que integra en simult\u00e1neo a los pa\u00edses de Am\u00e9rica del Sur, y otros de \u00c1frica, Asia, Europa y Am\u00e9rica central y del norte, de julio a octubre de 2019.<img loading=\"lazy\" decoding=\"async\" class=\"wp-image-23132 aligncenter\" src=\"http:\/\/rednacionaldearte.com\/noticias\/wp-content\/uploads\/2018\/03\/convocatoria-bienalsur-para-artistas-y-curadores-argentina.jpg\" alt=\"\" width=\"513\" height=\"289\"><\/p>\n<p class=\"style23\" align=\"justify\">Las propuestas habr\u00e1n de situarse dentro del horizonte de las teor\u00edas contempor\u00e1neas del arte y la cultura en busca de contribuir a pensar, problematizar o dar otras miradas y aproximaciones a la multiplicidad de experiencias vitales de nuestro tiempo.<\/p>\n<p>&nbsp;<\/p>\n<p style=\"text-align: center;\" align=\"justify\"><a class=\"fasc-button fasc-size-medium fasc-type-flat\" style=\"background-color: #33809e; color: #ffffff;\" target=\"_blank\" rel=\"nofollow\" href=\"http:\/\/bienalsur.org\/\/es\/convocatoria\">Ver Convocatoria<\/a><\/p>\n<p class=\"style23\" align=\"justify\">&nbsp;<\/p>\n","protected":false},"excerpt":{"rendered":"<p>Cierre de Convocatoria: 30&nbsp;de Junio de 2018. La Direccio\u0301n general y art\u00edstica de BIENALSUR convoca a artistas y curadores a presentar proyectos de obras y de curaduri\u0301a de investigacio\u0301n para integrar la programaci\u00f3n de su segunda edici\u00f3n, que tendra\u0301 lugar en distintas sedes y espacios localizados en un territorio expandido y multipolar que integra en [&hellip;]<\/p>\n","protected":false},"author":1,"featured_media":1242,"comment_status":"open","ping_status":"closed","sticky":false,"template":"","format":"standard","meta":{"footnotes":""},"categories":[24],"tags":[],"class_list":["post-1241","post","type-post","status-publish","format-standard","has-post-thumbnail","hentry","category-convocatorias"],"yoast_head":"<!-- This site is optimized with the Yoast SEO plugin v27.2 - https:\/\/yoast.com\/product\/yoast-seo-wordpress\/ -->\n<title>Bienal Sur Argentina: Convocatoria - Red Nacional de Arte<\/title>\n<meta name=\"robots\" content=\"index, follow, max-snippet:-1, max-image-preview:large, max-video-preview:-1\" \/>\n<link rel=\"canonical\" href=\"http:\/\/rednacionaldearte.com\/noticias\/bienal-sur-argentina-convocatoria\/\" \/>\n<meta property=\"og:locale\" content=\"es_ES\" \/>\n<meta property=\"og:type\" content=\"article\" \/>\n<meta property=\"og:title\" content=\"Bienal Sur Argentina: Convocatoria - Red Nacional de Arte\" \/>\n<meta property=\"og:description\" content=\"Cierre de Convocatoria: 30&nbsp;de Junio de 2018. La Direccio\u0301n general y art\u00edstica de BIENALSUR convoca a artistas y curadores a presentar proyectos de obras y de curaduri\u0301a de investigacio\u0301n para integrar la programaci\u00f3n de su segunda edici\u00f3n, que tendra\u0301 lugar en distintas sedes y espacios localizados en un territorio expandido y multipolar que integra en [&hellip;]\" \/>\n<meta property=\"og:url\" content=\"http:\/\/rednacionaldearte.com\/noticias\/bienal-sur-argentina-convocatoria\/\" \/>\n<meta property=\"og:site_name\" content=\"Red Nacional de Arte\" \/>\n<meta property=\"article:publisher\" content=\"http:\/\/www.facebook.com\/rednacionaldearte\/\" \/>\n<meta property=\"article:published_time\" content=\"2018-03-09T15:31:23+00:00\" \/>\n<meta property=\"article:modified_time\" content=\"2018-03-11T01:04:23+00:00\" \/>\n<meta property=\"og:image\" content=\"http:\/\/rednacionaldearte.com\/noticias\/wp-content\/uploads\/2018\/03\/convocatoria-bienalsur-para-artistas-y-curadores-argentina.jpg\" \/>\n\t<meta property=\"og:image:width\" content=\"600\" \/>\n\t<meta property=\"og:image:height\" content=\"338\" \/>\n\t<meta property=\"og:image:type\" content=\"image\/jpeg\" \/>\n<meta name=\"author\" content=\"Redacci\u00f3n\" \/>\n<meta name=\"twitter:card\" content=\"summary_large_image\" \/>\n<meta name=\"twitter:creator\" content=\"@rednacionalarte\" \/>\n<meta name=\"twitter:site\" content=\"@rednacionalarte\" \/>\n<meta name=\"twitter:label1\" content=\"Escrito por\" \/>\n\t<meta name=\"twitter:data1\" content=\"Redacci\u00f3n\" \/>\n\t<meta name=\"twitter:label2\" content=\"Tiempo de lectura\" \/>\n\t<meta name=\"twitter:data2\" content=\"1 minuto\" \/>\n<script type=\"application\/ld+json\" class=\"yoast-schema-graph\">{\"@context\":\"https:\/\/schema.org\",\"@graph\":[{\"@type\":\"Article\",\"@id\":\"http:\/\/rednacionaldearte.com\/noticias\/bienal-sur-argentina-convocatoria\/#article\",\"isPartOf\":{\"@id\":\"http:\/\/rednacionaldearte.com\/noticias\/bienal-sur-argentina-convocatoria\/\"},\"author\":{\"name\":\"Redacci\u00f3n\",\"@id\":\"http:\/\/rednacionaldearte.com\/noticias\/#\/schema\/person\/489d635082b1de413434d2708a3e5b9b\"},\"headline\":\"Bienal Sur Argentina: Convocatoria\",\"datePublished\":\"2018-03-09T15:31:23+00:00\",\"dateModified\":\"2018-03-11T01:04:23+00:00\",\"mainEntityOfPage\":{\"@id\":\"http:\/\/rednacionaldearte.com\/noticias\/bienal-sur-argentina-convocatoria\/\"},\"wordCount\":140,\"commentCount\":0,\"publisher\":{\"@id\":\"http:\/\/rednacionaldearte.com\/noticias\/#organization\"},\"image\":{\"@id\":\"http:\/\/rednacionaldearte.com\/noticias\/bienal-sur-argentina-convocatoria\/#primaryimage\"},\"thumbnailUrl\":\"https:\/\/rednacionaldearte.com\/noticias\/wp-content\/uploads\/2018\/03\/convocatoria-bienalsur-para-artistas-y-curadores-argentina.jpg\",\"articleSection\":[\"Convocatorias\"],\"inLanguage\":\"es\",\"potentialAction\":[{\"@type\":\"CommentAction\",\"name\":\"Comment\",\"target\":[\"http:\/\/rednacionaldearte.com\/noticias\/bienal-sur-argentina-convocatoria\/#respond\"]}]},{\"@type\":\"WebPage\",\"@id\":\"http:\/\/rednacionaldearte.com\/noticias\/bienal-sur-argentina-convocatoria\/\",\"url\":\"http:\/\/rednacionaldearte.com\/noticias\/bienal-sur-argentina-convocatoria\/\",\"name\":\"Bienal Sur Argentina: Convocatoria - Red Nacional de Arte\",\"isPartOf\":{\"@id\":\"http:\/\/rednacionaldearte.com\/noticias\/#website\"},\"primaryImageOfPage\":{\"@id\":\"http:\/\/rednacionaldearte.com\/noticias\/bienal-sur-argentina-convocatoria\/#primaryimage\"},\"image\":{\"@id\":\"http:\/\/rednacionaldearte.com\/noticias\/bienal-sur-argentina-convocatoria\/#primaryimage\"},\"thumbnailUrl\":\"https:\/\/rednacionaldearte.com\/noticias\/wp-content\/uploads\/2018\/03\/convocatoria-bienalsur-para-artistas-y-curadores-argentina.jpg\",\"datePublished\":\"2018-03-09T15:31:23+00:00\",\"dateModified\":\"2018-03-11T01:04:23+00:00\",\"breadcrumb\":{\"@id\":\"http:\/\/rednacionaldearte.com\/noticias\/bienal-sur-argentina-convocatoria\/#breadcrumb\"},\"inLanguage\":\"es\",\"potentialAction\":[{\"@type\":\"ReadAction\",\"target\":[\"http:\/\/rednacionaldearte.com\/noticias\/bienal-sur-argentina-convocatoria\/\"]}]},{\"@type\":\"ImageObject\",\"inLanguage\":\"es\",\"@id\":\"http:\/\/rednacionaldearte.com\/noticias\/bienal-sur-argentina-convocatoria\/#primaryimage\",\"url\":\"https:\/\/rednacionaldearte.com\/noticias\/wp-content\/uploads\/2018\/03\/convocatoria-bienalsur-para-artistas-y-curadores-argentina.jpg\",\"contentUrl\":\"https:\/\/rednacionaldearte.com\/noticias\/wp-content\/uploads\/2018\/03\/convocatoria-bienalsur-para-artistas-y-curadores-argentina.jpg\",\"width\":600,\"height\":338},{\"@type\":\"BreadcrumbList\",\"@id\":\"http:\/\/rednacionaldearte.com\/noticias\/bienal-sur-argentina-convocatoria\/#breadcrumb\",\"itemListElement\":[{\"@type\":\"ListItem\",\"position\":1,\"name\":\"Home\",\"item\":\"http:\/\/rednacionaldearte.com\/noticias\/\"},{\"@type\":\"ListItem\",\"position\":2,\"name\":\"Bienal Sur Argentina: Convocatoria\"}]},{\"@type\":\"WebSite\",\"@id\":\"http:\/\/rednacionaldearte.com\/noticias\/#website\",\"url\":\"http:\/\/rednacionaldearte.com\/noticias\/\",\"name\":\"Red Nacional de Arte\",\"description\":\"Cultura y Arte contempor\u00e1neo en M\u00e9xico\",\"publisher\":{\"@id\":\"http:\/\/rednacionaldearte.com\/noticias\/#organization\"},\"potentialAction\":[{\"@type\":\"SearchAction\",\"target\":{\"@type\":\"EntryPoint\",\"urlTemplate\":\"http:\/\/rednacionaldearte.com\/noticias\/?s={search_term_string}\"},\"query-input\":{\"@type\":\"PropertyValueSpecification\",\"valueRequired\":true,\"valueName\":\"search_term_string\"}}],\"inLanguage\":\"es\"},{\"@type\":\"Organization\",\"@id\":\"http:\/\/rednacionaldearte.com\/noticias\/#organization\",\"name\":\"Red Nacional de Arte\",\"url\":\"http:\/\/rednacionaldearte.com\/noticias\/\",\"logo\":{\"@type\":\"ImageObject\",\"inLanguage\":\"es\",\"@id\":\"http:\/\/rednacionaldearte.com\/noticias\/#\/schema\/logo\/image\/\",\"url\":\"http:\/\/rednacionaldearte.com\/noticias\/wp-content\/uploads\/2016\/04\/logo.png\",\"contentUrl\":\"http:\/\/rednacionaldearte.com\/noticias\/wp-content\/uploads\/2016\/04\/logo.png\",\"width\":575,\"height\":554,\"caption\":\"Red Nacional de Arte\"},\"image\":{\"@id\":\"http:\/\/rednacionaldearte.com\/noticias\/#\/schema\/logo\/image\/\"},\"sameAs\":[\"http:\/\/www.facebook.com\/rednacionaldearte\/\",\"https:\/\/x.com\/rednacionalarte\"]},{\"@type\":\"Person\",\"@id\":\"http:\/\/rednacionaldearte.com\/noticias\/#\/schema\/person\/489d635082b1de413434d2708a3e5b9b\",\"name\":\"Redacci\u00f3n\",\"image\":{\"@type\":\"ImageObject\",\"inLanguage\":\"es\",\"@id\":\"https:\/\/secure.gravatar.com\/avatar\/1d1c30eaee7c2f6cfa13fb8502cb06839106cdf371b9953d50e4b572d0bfa3c7?s=96&d=mm&r=g\",\"url\":\"https:\/\/secure.gravatar.com\/avatar\/1d1c30eaee7c2f6cfa13fb8502cb06839106cdf371b9953d50e4b572d0bfa3c7?s=96&d=mm&r=g\",\"contentUrl\":\"https:\/\/secure.gravatar.com\/avatar\/1d1c30eaee7c2f6cfa13fb8502cb06839106cdf371b9953d50e4b572d0bfa3c7?s=96&d=mm&r=g\",\"caption\":\"Redacci\u00f3n\"},\"url\":\"https:\/\/rednacionaldearte.com\/noticias\/author\/adan\/\"}]}<\/script>\n<!-- \/ Yoast SEO plugin. -->","yoast_head_json":{"title":"Bienal Sur Argentina: Convocatoria - Red Nacional de Arte","robots":{"index":"index","follow":"follow","max-snippet":"max-snippet:-1","max-image-preview":"max-image-preview:large","max-video-preview":"max-video-preview:-1"},"canonical":"http:\/\/rednacionaldearte.com\/noticias\/bienal-sur-argentina-convocatoria\/","og_locale":"es_ES","og_type":"article","og_title":"Bienal Sur Argentina: Convocatoria - Red Nacional de Arte","og_description":"Cierre de Convocatoria: 30&nbsp;de Junio de 2018. La Direccio\u0301n general y art\u00edstica de BIENALSUR convoca a artistas y curadores a presentar proyectos de obras y de curaduri\u0301a de investigacio\u0301n para integrar la programaci\u00f3n de su segunda edici\u00f3n, que tendra\u0301 lugar en distintas sedes y espacios localizados en un territorio expandido y multipolar que integra en [&hellip;]","og_url":"http:\/\/rednacionaldearte.com\/noticias\/bienal-sur-argentina-convocatoria\/","og_site_name":"Red Nacional de Arte","article_publisher":"http:\/\/www.facebook.com\/rednacionaldearte\/","article_published_time":"2018-03-09T15:31:23+00:00","article_modified_time":"2018-03-11T01:04:23+00:00","og_image":[{"width":600,"height":338,"url":"http:\/\/rednacionaldearte.com\/noticias\/wp-content\/uploads\/2018\/03\/convocatoria-bienalsur-para-artistas-y-curadores-argentina.jpg","type":"image\/jpeg"}],"author":"Redacci\u00f3n","twitter_card":"summary_large_image","twitter_creator":"@rednacionalarte","twitter_site":"@rednacionalarte","twitter_misc":{"Escrito por":"Redacci\u00f3n","Tiempo de lectura":"1 minuto"},"schema":{"@context":"https:\/\/schema.org","@graph":[{"@type":"Article","@id":"http:\/\/rednacionaldearte.com\/noticias\/bienal-sur-argentina-convocatoria\/#article","isPartOf":{"@id":"http:\/\/rednacionaldearte.com\/noticias\/bienal-sur-argentina-convocatoria\/"},"author":{"name":"Redacci\u00f3n","@id":"http:\/\/rednacionaldearte.com\/noticias\/#\/schema\/person\/489d635082b1de413434d2708a3e5b9b"},"headline":"Bienal Sur Argentina: Convocatoria","datePublished":"2018-03-09T15:31:23+00:00","dateModified":"2018-03-11T01:04:23+00:00","mainEntityOfPage":{"@id":"http:\/\/rednacionaldearte.com\/noticias\/bienal-sur-argentina-convocatoria\/"},"wordCount":140,"commentCount":0,"publisher":{"@id":"http:\/\/rednacionaldearte.com\/noticias\/#organization"},"image":{"@id":"http:\/\/rednacionaldearte.com\/noticias\/bienal-sur-argentina-convocatoria\/#primaryimage"},"thumbnailUrl":"https:\/\/rednacionaldearte.com\/noticias\/wp-content\/uploads\/2018\/03\/convocatoria-bienalsur-para-artistas-y-curadores-argentina.jpg","articleSection":["Convocatorias"],"inLanguage":"es","potentialAction":[{"@type":"CommentAction","name":"Comment","target":["http:\/\/rednacionaldearte.com\/noticias\/bienal-sur-argentina-convocatoria\/#respond"]}]},{"@type":"WebPage","@id":"http:\/\/rednacionaldearte.com\/noticias\/bienal-sur-argentina-convocatoria\/","url":"http:\/\/rednacionaldearte.com\/noticias\/bienal-sur-argentina-convocatoria\/","name":"Bienal Sur Argentina: Convocatoria - Red Nacional de Arte","isPartOf":{"@id":"http:\/\/rednacionaldearte.com\/noticias\/#website"},"primaryImageOfPage":{"@id":"http:\/\/rednacionaldearte.com\/noticias\/bienal-sur-argentina-convocatoria\/#primaryimage"},"image":{"@id":"http:\/\/rednacionaldearte.com\/noticias\/bienal-sur-argentina-convocatoria\/#primaryimage"},"thumbnailUrl":"https:\/\/rednacionaldearte.com\/noticias\/wp-content\/uploads\/2018\/03\/convocatoria-bienalsur-para-artistas-y-curadores-argentina.jpg","datePublished":"2018-03-09T15:31:23+00:00","dateModified":"2018-03-11T01:04:23+00:00","breadcrumb":{"@id":"http:\/\/rednacionaldearte.com\/noticias\/bienal-sur-argentina-convocatoria\/#breadcrumb"},"inLanguage":"es","potentialAction":[{"@type":"ReadAction","target":["http:\/\/rednacionaldearte.com\/noticias\/bienal-sur-argentina-convocatoria\/"]}]},{"@type":"ImageObject","inLanguage":"es","@id":"http:\/\/rednacionaldearte.com\/noticias\/bienal-sur-argentina-convocatoria\/#primaryimage","url":"https:\/\/rednacionaldearte.com\/noticias\/wp-content\/uploads\/2018\/03\/convocatoria-bienalsur-para-artistas-y-curadores-argentina.jpg","contentUrl":"https:\/\/rednacionaldearte.com\/noticias\/wp-content\/uploads\/2018\/03\/convocatoria-bienalsur-para-artistas-y-curadores-argentina.jpg","width":600,"height":338},{"@type":"BreadcrumbList","@id":"http:\/\/rednacionaldearte.com\/noticias\/bienal-sur-argentina-convocatoria\/#breadcrumb","itemListElement":[{"@type":"ListItem","position":1,"name":"Home","item":"http:\/\/rednacionaldearte.com\/noticias\/"},{"@type":"ListItem","position":2,"name":"Bienal Sur Argentina: Convocatoria"}]},{"@type":"WebSite","@id":"http:\/\/rednacionaldearte.com\/noticias\/#website","url":"http:\/\/rednacionaldearte.com\/noticias\/","name":"Red Nacional de Arte","description":"Cultura y Arte contempor\u00e1neo en M\u00e9xico","publisher":{"@id":"http:\/\/rednacionaldearte.com\/noticias\/#organization"},"potentialAction":[{"@type":"SearchAction","target":{"@type":"EntryPoint","urlTemplate":"http:\/\/rednacionaldearte.com\/noticias\/?s={search_term_string}"},"query-input":{"@type":"PropertyValueSpecification","valueRequired":true,"valueName":"search_term_string"}}],"inLanguage":"es"},{"@type":"Organization","@id":"http:\/\/rednacionaldearte.com\/noticias\/#organization","name":"Red Nacional de Arte","url":"http:\/\/rednacionaldearte.com\/noticias\/","logo":{"@type":"ImageObject","inLanguage":"es","@id":"http:\/\/rednacionaldearte.com\/noticias\/#\/schema\/logo\/image\/","url":"http:\/\/rednacionaldearte.com\/noticias\/wp-content\/uploads\/2016\/04\/logo.png","contentUrl":"http:\/\/rednacionaldearte.com\/noticias\/wp-content\/uploads\/2016\/04\/logo.png","width":575,"height":554,"caption":"Red Nacional de Arte"},"image":{"@id":"http:\/\/rednacionaldearte.com\/noticias\/#\/schema\/logo\/image\/"},"sameAs":["http:\/\/www.facebook.com\/rednacionaldearte\/","https:\/\/x.com\/rednacionalarte"]},{"@type":"Person","@id":"http:\/\/rednacionaldearte.com\/noticias\/#\/schema\/person\/489d635082b1de413434d2708a3e5b9b","name":"Redacci\u00f3n","image":{"@type":"ImageObject","inLanguage":"es","@id":"https:\/\/secure.gravatar.com\/avatar\/1d1c30eaee7c2f6cfa13fb8502cb06839106cdf371b9953d50e4b572d0bfa3c7?s=96&d=mm&r=g","url":"https:\/\/secure.gravatar.com\/avatar\/1d1c30eaee7c2f6cfa13fb8502cb06839106cdf371b9953d50e4b572d0bfa3c7?s=96&d=mm&r=g","contentUrl":"https:\/\/secure.gravatar.com\/avatar\/1d1c30eaee7c2f6cfa13fb8502cb06839106cdf371b9953d50e4b572d0bfa3c7?s=96&d=mm&r=g","caption":"Redacci\u00f3n"},"url":"https:\/\/rednacionaldearte.com\/noticias\/author\/adan\/"}]}},"amp_validity":null,"amp_enabled":true,"_links":{"self":[{"href":"https:\/\/rednacionaldearte.com\/noticias\/wp-json\/wp\/v2\/posts\/1241","targetHints":{"allow":["GET"]}}],"collection":[{"href":"https:\/\/rednacionaldearte.com\/noticias\/wp-json\/wp\/v2\/posts"}],"about":[{"href":"https:\/\/rednacionaldearte.com\/noticias\/wp-json\/wp\/v2\/types\/post"}],"author":[{"embeddable":true,"href":"https:\/\/rednacionaldearte.com\/noticias\/wp-json\/wp\/v2\/users\/1"}],"replies":[{"embeddable":true,"href":"https:\/\/rednacionaldearte.com\/noticias\/wp-json\/wp\/v2\/comments?post=1241"}],"version-history":[{"count":1,"href":"https:\/\/rednacionaldearte.com\/noticias\/wp-json\/wp\/v2\/posts\/1241\/revisions"}],"predecessor-version":[{"id":1321,"href":"https:\/\/rednacionaldearte.com\/noticias\/wp-json\/wp\/v2\/posts\/1241\/revisions\/1321"}],"wp:featuredmedia":[{"embeddable":true,"href":"https:\/\/rednacionaldearte.com\/noticias\/wp-json\/wp\/v2\/media\/1242"}],"wp:attachment":[{"href":"https:\/\/rednacionaldearte.com\/noticias\/wp-json\/wp\/v2\/media?parent=1241"}],"wp:term":[{"taxonomy":"category","embeddable":true,"href":"https:\/\/rednacionaldearte.com\/noticias\/wp-json\/wp\/v2\/categories?post=1241"},{"taxonomy":"post_tag","embeddable":true,"href":"https:\/\/rednacionaldearte.com\/noticias\/wp-json\/wp\/v2\/tags?post=1241"}],"curies":[{"name":"wp","href":"https:\/\/api.w.org\/{rel}","templated":true}]}}