{"id":1249,"date":"2018-03-09T15:31:46","date_gmt":"2018-03-09T15:31:46","guid":{"rendered":"http:\/\/circuloa.com\/?p=23098"},"modified":"2018-03-09T23:33:42","modified_gmt":"2018-03-09T23:33:42","slug":"convocatoria-proyecto-bi-mexico","status":"publish","type":"post","link":"https:\/\/rednacionaldearte.com\/noticias\/convocatoria-proyecto-bi-mexico\/","title":{"rendered":"Convocatoria: Proyecto Bi, Fundaci\u00f3n BBVA"},"content":{"rendered":"<p><a href=\"http:\/\/rednacionaldearte.com\/noticias\/wp-content\/uploads\/2018\/03\/logo-bbva.png\"><img loading=\"lazy\" decoding=\"async\" class=\"aligncenter size-full wp-image-1280\" src=\"http:\/\/rednacionaldearte.com\/noticias\/wp-content\/uploads\/2018\/03\/logo-bbva.png\" alt=\"\" width=\"2570\" height=\"1311\" srcset=\"https:\/\/rednacionaldearte.com\/noticias\/wp-content\/uploads\/2018\/03\/logo-bbva.png 2570w, https:\/\/rednacionaldearte.com\/noticias\/wp-content\/uploads\/2018\/03\/logo-bbva-300x153.png 300w, https:\/\/rednacionaldearte.com\/noticias\/wp-content\/uploads\/2018\/03\/logo-bbva-768x392.png 768w, https:\/\/rednacionaldearte.com\/noticias\/wp-content\/uploads\/2018\/03\/logo-bbva-1024x522.png 1024w\" sizes=\"auto, (max-width: 2570px) 100vw, 2570px\" \/><\/a><\/p>\n<p><strong>Cierre de Convocatoria:<\/strong> 02 de Junio del 2018.<br \/>\nPara proyectos a realizarse en&nbsp;M\u00e9xico.<\/p>\n<p class=\"style23\" align=\"justify\">Dirigido a organizaciones, artistas, editores, gestores culturales, investigadores, curadores y especialistas que quieran desarrollar un proyecto anual con actividades paralelas que sume al desarrollo de la cultura en M\u00e9xico en colaboraci\u00f3n con la Fundaci\u00f3n BBVA Bancomer.<\/p>\n<p style=\"text-align: center;\" align=\"justify\"><a class=\"fasc-button fasc-size-medium fasc-type-flat\" style=\"background-color: #33809e; color: #ffffff;\" target=\"_blank\" rel=\"nofollow\" href=\"http:\/\/www.proyectobi.com\/Bancomer\/\">Ver Convocatoria<\/a><\/p>\n<p>&nbsp;<\/p>\n","protected":false},"excerpt":{"rendered":"<p>Cierre de Convocatoria: 02 de Junio del 2018. Para proyectos a realizarse en&nbsp;M\u00e9xico. Dirigido a organizaciones, artistas, editores, gestores culturales, investigadores, curadores y especialistas que quieran desarrollar un proyecto anual con actividades paralelas que sume al desarrollo de la cultura en M\u00e9xico en colaboraci\u00f3n con la Fundaci\u00f3n BBVA Bancomer. Ver Convocatoria &nbsp;<\/p>\n","protected":false},"author":1,"featured_media":1280,"comment_status":"open","ping_status":"closed","sticky":false,"template":"","format":"standard","meta":{"footnotes":""},"categories":[24],"tags":[],"class_list":["post-1249","post","type-post","status-publish","format-standard","has-post-thumbnail","hentry","category-convocatorias"],"yoast_head":"<!-- This site is optimized with the Yoast SEO plugin v27.2 - https:\/\/yoast.com\/product\/yoast-seo-wordpress\/ -->\n<title>Convocatoria: Proyecto Bi, Fundaci\u00f3n BBVA - Red Nacional de Arte<\/title>\n<meta name=\"robots\" content=\"index, follow, max-snippet:-1, max-image-preview:large, max-video-preview:-1\" \/>\n<link rel=\"canonical\" href=\"http:\/\/rednacionaldearte.com\/noticias\/convocatoria-proyecto-bi-mexico\/\" \/>\n<meta property=\"og:locale\" content=\"es_ES\" \/>\n<meta property=\"og:type\" content=\"article\" \/>\n<meta property=\"og:title\" content=\"Convocatoria: Proyecto Bi, Fundaci\u00f3n BBVA - Red Nacional de Arte\" \/>\n<meta property=\"og:description\" content=\"Cierre de Convocatoria: 02 de Junio del 2018. Para proyectos a realizarse en&nbsp;M\u00e9xico. Dirigido a organizaciones, artistas, editores, gestores culturales, investigadores, curadores y especialistas que quieran desarrollar un proyecto anual con actividades paralelas que sume al desarrollo de la cultura en M\u00e9xico en colaboraci\u00f3n con la Fundaci\u00f3n BBVA Bancomer. Ver Convocatoria &nbsp;\" \/>\n<meta property=\"og:url\" content=\"http:\/\/rednacionaldearte.com\/noticias\/convocatoria-proyecto-bi-mexico\/\" \/>\n<meta property=\"og:site_name\" content=\"Red Nacional de Arte\" \/>\n<meta property=\"article:publisher\" content=\"http:\/\/www.facebook.com\/rednacionaldearte\/\" \/>\n<meta property=\"article:published_time\" content=\"2018-03-09T15:31:46+00:00\" \/>\n<meta property=\"article:modified_time\" content=\"2018-03-09T23:33:42+00:00\" \/>\n<meta property=\"og:image\" content=\"http:\/\/rednacionaldearte.com\/noticias\/wp-content\/uploads\/2018\/03\/logo-bbva.png\" \/>\n\t<meta property=\"og:image:width\" content=\"2570\" \/>\n\t<meta property=\"og:image:height\" content=\"1311\" \/>\n\t<meta property=\"og:image:type\" content=\"image\/png\" \/>\n<meta name=\"author\" content=\"Redacci\u00f3n\" \/>\n<meta name=\"twitter:card\" content=\"summary_large_image\" \/>\n<meta name=\"twitter:creator\" content=\"@rednacionalarte\" \/>\n<meta name=\"twitter:site\" content=\"@rednacionalarte\" \/>\n<meta name=\"twitter:label1\" content=\"Escrito por\" \/>\n\t<meta name=\"twitter:data1\" content=\"Redacci\u00f3n\" \/>\n<script type=\"application\/ld+json\" class=\"yoast-schema-graph\">{\"@context\":\"https:\/\/schema.org\",\"@graph\":[{\"@type\":\"Article\",\"@id\":\"http:\/\/rednacionaldearte.com\/noticias\/convocatoria-proyecto-bi-mexico\/#article\",\"isPartOf\":{\"@id\":\"http:\/\/rednacionaldearte.com\/noticias\/convocatoria-proyecto-bi-mexico\/\"},\"author\":{\"name\":\"Redacci\u00f3n\",\"@id\":\"http:\/\/rednacionaldearte.com\/noticias\/#\/schema\/person\/489d635082b1de413434d2708a3e5b9b\"},\"headline\":\"Convocatoria: Proyecto Bi, Fundaci\u00f3n BBVA\",\"datePublished\":\"2018-03-09T15:31:46+00:00\",\"dateModified\":\"2018-03-09T23:33:42+00:00\",\"mainEntityOfPage\":{\"@id\":\"http:\/\/rednacionaldearte.com\/noticias\/convocatoria-proyecto-bi-mexico\/\"},\"wordCount\":62,\"commentCount\":0,\"publisher\":{\"@id\":\"http:\/\/rednacionaldearte.com\/noticias\/#organization\"},\"image\":{\"@id\":\"http:\/\/rednacionaldearte.com\/noticias\/convocatoria-proyecto-bi-mexico\/#primaryimage\"},\"thumbnailUrl\":\"https:\/\/rednacionaldearte.com\/noticias\/wp-content\/uploads\/2018\/03\/logo-bbva.png\",\"articleSection\":[\"Convocatorias\"],\"inLanguage\":\"es\",\"potentialAction\":[{\"@type\":\"CommentAction\",\"name\":\"Comment\",\"target\":[\"http:\/\/rednacionaldearte.com\/noticias\/convocatoria-proyecto-bi-mexico\/#respond\"]}]},{\"@type\":\"WebPage\",\"@id\":\"http:\/\/rednacionaldearte.com\/noticias\/convocatoria-proyecto-bi-mexico\/\",\"url\":\"http:\/\/rednacionaldearte.com\/noticias\/convocatoria-proyecto-bi-mexico\/\",\"name\":\"Convocatoria: Proyecto Bi, Fundaci\u00f3n BBVA - Red Nacional de Arte\",\"isPartOf\":{\"@id\":\"http:\/\/rednacionaldearte.com\/noticias\/#website\"},\"primaryImageOfPage\":{\"@id\":\"http:\/\/rednacionaldearte.com\/noticias\/convocatoria-proyecto-bi-mexico\/#primaryimage\"},\"image\":{\"@id\":\"http:\/\/rednacionaldearte.com\/noticias\/convocatoria-proyecto-bi-mexico\/#primaryimage\"},\"thumbnailUrl\":\"https:\/\/rednacionaldearte.com\/noticias\/wp-content\/uploads\/2018\/03\/logo-bbva.png\",\"datePublished\":\"2018-03-09T15:31:46+00:00\",\"dateModified\":\"2018-03-09T23:33:42+00:00\",\"breadcrumb\":{\"@id\":\"http:\/\/rednacionaldearte.com\/noticias\/convocatoria-proyecto-bi-mexico\/#breadcrumb\"},\"inLanguage\":\"es\",\"potentialAction\":[{\"@type\":\"ReadAction\",\"target\":[\"http:\/\/rednacionaldearte.com\/noticias\/convocatoria-proyecto-bi-mexico\/\"]}]},{\"@type\":\"ImageObject\",\"inLanguage\":\"es\",\"@id\":\"http:\/\/rednacionaldearte.com\/noticias\/convocatoria-proyecto-bi-mexico\/#primaryimage\",\"url\":\"https:\/\/rednacionaldearte.com\/noticias\/wp-content\/uploads\/2018\/03\/logo-bbva.png\",\"contentUrl\":\"https:\/\/rednacionaldearte.com\/noticias\/wp-content\/uploads\/2018\/03\/logo-bbva.png\",\"width\":2570,\"height\":1311},{\"@type\":\"BreadcrumbList\",\"@id\":\"http:\/\/rednacionaldearte.com\/noticias\/convocatoria-proyecto-bi-mexico\/#breadcrumb\",\"itemListElement\":[{\"@type\":\"ListItem\",\"position\":1,\"name\":\"Home\",\"item\":\"http:\/\/rednacionaldearte.com\/noticias\/\"},{\"@type\":\"ListItem\",\"position\":2,\"name\":\"Convocatoria: Proyecto Bi, Fundaci\u00f3n BBVA\"}]},{\"@type\":\"WebSite\",\"@id\":\"http:\/\/rednacionaldearte.com\/noticias\/#website\",\"url\":\"http:\/\/rednacionaldearte.com\/noticias\/\",\"name\":\"Red Nacional de Arte\",\"description\":\"Cultura y Arte contempor\u00e1neo en M\u00e9xico\",\"publisher\":{\"@id\":\"http:\/\/rednacionaldearte.com\/noticias\/#organization\"},\"potentialAction\":[{\"@type\":\"SearchAction\",\"target\":{\"@type\":\"EntryPoint\",\"urlTemplate\":\"http:\/\/rednacionaldearte.com\/noticias\/?s={search_term_string}\"},\"query-input\":{\"@type\":\"PropertyValueSpecification\",\"valueRequired\":true,\"valueName\":\"search_term_string\"}}],\"inLanguage\":\"es\"},{\"@type\":\"Organization\",\"@id\":\"http:\/\/rednacionaldearte.com\/noticias\/#organization\",\"name\":\"Red Nacional de Arte\",\"url\":\"http:\/\/rednacionaldearte.com\/noticias\/\",\"logo\":{\"@type\":\"ImageObject\",\"inLanguage\":\"es\",\"@id\":\"http:\/\/rednacionaldearte.com\/noticias\/#\/schema\/logo\/image\/\",\"url\":\"http:\/\/rednacionaldearte.com\/noticias\/wp-content\/uploads\/2016\/04\/logo.png\",\"contentUrl\":\"http:\/\/rednacionaldearte.com\/noticias\/wp-content\/uploads\/2016\/04\/logo.png\",\"width\":575,\"height\":554,\"caption\":\"Red Nacional de Arte\"},\"image\":{\"@id\":\"http:\/\/rednacionaldearte.com\/noticias\/#\/schema\/logo\/image\/\"},\"sameAs\":[\"http:\/\/www.facebook.com\/rednacionaldearte\/\",\"https:\/\/x.com\/rednacionalarte\"]},{\"@type\":\"Person\",\"@id\":\"http:\/\/rednacionaldearte.com\/noticias\/#\/schema\/person\/489d635082b1de413434d2708a3e5b9b\",\"name\":\"Redacci\u00f3n\",\"image\":{\"@type\":\"ImageObject\",\"inLanguage\":\"es\",\"@id\":\"https:\/\/secure.gravatar.com\/avatar\/1d1c30eaee7c2f6cfa13fb8502cb06839106cdf371b9953d50e4b572d0bfa3c7?s=96&d=mm&r=g\",\"url\":\"https:\/\/secure.gravatar.com\/avatar\/1d1c30eaee7c2f6cfa13fb8502cb06839106cdf371b9953d50e4b572d0bfa3c7?s=96&d=mm&r=g\",\"contentUrl\":\"https:\/\/secure.gravatar.com\/avatar\/1d1c30eaee7c2f6cfa13fb8502cb06839106cdf371b9953d50e4b572d0bfa3c7?s=96&d=mm&r=g\",\"caption\":\"Redacci\u00f3n\"},\"url\":\"https:\/\/rednacionaldearte.com\/noticias\/author\/adan\/\"}]}<\/script>\n<!-- \/ Yoast SEO plugin. -->","yoast_head_json":{"title":"Convocatoria: Proyecto Bi, Fundaci\u00f3n BBVA - Red Nacional de Arte","robots":{"index":"index","follow":"follow","max-snippet":"max-snippet:-1","max-image-preview":"max-image-preview:large","max-video-preview":"max-video-preview:-1"},"canonical":"http:\/\/rednacionaldearte.com\/noticias\/convocatoria-proyecto-bi-mexico\/","og_locale":"es_ES","og_type":"article","og_title":"Convocatoria: Proyecto Bi, Fundaci\u00f3n BBVA - Red Nacional de Arte","og_description":"Cierre de Convocatoria: 02 de Junio del 2018. Para proyectos a realizarse en&nbsp;M\u00e9xico. Dirigido a organizaciones, artistas, editores, gestores culturales, investigadores, curadores y especialistas que quieran desarrollar un proyecto anual con actividades paralelas que sume al desarrollo de la cultura en M\u00e9xico en colaboraci\u00f3n con la Fundaci\u00f3n BBVA Bancomer. Ver Convocatoria &nbsp;","og_url":"http:\/\/rednacionaldearte.com\/noticias\/convocatoria-proyecto-bi-mexico\/","og_site_name":"Red Nacional de Arte","article_publisher":"http:\/\/www.facebook.com\/rednacionaldearte\/","article_published_time":"2018-03-09T15:31:46+00:00","article_modified_time":"2018-03-09T23:33:42+00:00","og_image":[{"width":2570,"height":1311,"url":"http:\/\/rednacionaldearte.com\/noticias\/wp-content\/uploads\/2018\/03\/logo-bbva.png","type":"image\/png"}],"author":"Redacci\u00f3n","twitter_card":"summary_large_image","twitter_creator":"@rednacionalarte","twitter_site":"@rednacionalarte","twitter_misc":{"Escrito por":"Redacci\u00f3n"},"schema":{"@context":"https:\/\/schema.org","@graph":[{"@type":"Article","@id":"http:\/\/rednacionaldearte.com\/noticias\/convocatoria-proyecto-bi-mexico\/#article","isPartOf":{"@id":"http:\/\/rednacionaldearte.com\/noticias\/convocatoria-proyecto-bi-mexico\/"},"author":{"name":"Redacci\u00f3n","@id":"http:\/\/rednacionaldearte.com\/noticias\/#\/schema\/person\/489d635082b1de413434d2708a3e5b9b"},"headline":"Convocatoria: Proyecto Bi, Fundaci\u00f3n BBVA","datePublished":"2018-03-09T15:31:46+00:00","dateModified":"2018-03-09T23:33:42+00:00","mainEntityOfPage":{"@id":"http:\/\/rednacionaldearte.com\/noticias\/convocatoria-proyecto-bi-mexico\/"},"wordCount":62,"commentCount":0,"publisher":{"@id":"http:\/\/rednacionaldearte.com\/noticias\/#organization"},"image":{"@id":"http:\/\/rednacionaldearte.com\/noticias\/convocatoria-proyecto-bi-mexico\/#primaryimage"},"thumbnailUrl":"https:\/\/rednacionaldearte.com\/noticias\/wp-content\/uploads\/2018\/03\/logo-bbva.png","articleSection":["Convocatorias"],"inLanguage":"es","potentialAction":[{"@type":"CommentAction","name":"Comment","target":["http:\/\/rednacionaldearte.com\/noticias\/convocatoria-proyecto-bi-mexico\/#respond"]}]},{"@type":"WebPage","@id":"http:\/\/rednacionaldearte.com\/noticias\/convocatoria-proyecto-bi-mexico\/","url":"http:\/\/rednacionaldearte.com\/noticias\/convocatoria-proyecto-bi-mexico\/","name":"Convocatoria: Proyecto Bi, Fundaci\u00f3n BBVA - Red Nacional de Arte","isPartOf":{"@id":"http:\/\/rednacionaldearte.com\/noticias\/#website"},"primaryImageOfPage":{"@id":"http:\/\/rednacionaldearte.com\/noticias\/convocatoria-proyecto-bi-mexico\/#primaryimage"},"image":{"@id":"http:\/\/rednacionaldearte.com\/noticias\/convocatoria-proyecto-bi-mexico\/#primaryimage"},"thumbnailUrl":"https:\/\/rednacionaldearte.com\/noticias\/wp-content\/uploads\/2018\/03\/logo-bbva.png","datePublished":"2018-03-09T15:31:46+00:00","dateModified":"2018-03-09T23:33:42+00:00","breadcrumb":{"@id":"http:\/\/rednacionaldearte.com\/noticias\/convocatoria-proyecto-bi-mexico\/#breadcrumb"},"inLanguage":"es","potentialAction":[{"@type":"ReadAction","target":["http:\/\/rednacionaldearte.com\/noticias\/convocatoria-proyecto-bi-mexico\/"]}]},{"@type":"ImageObject","inLanguage":"es","@id":"http:\/\/rednacionaldearte.com\/noticias\/convocatoria-proyecto-bi-mexico\/#primaryimage","url":"https:\/\/rednacionaldearte.com\/noticias\/wp-content\/uploads\/2018\/03\/logo-bbva.png","contentUrl":"https:\/\/rednacionaldearte.com\/noticias\/wp-content\/uploads\/2018\/03\/logo-bbva.png","width":2570,"height":1311},{"@type":"BreadcrumbList","@id":"http:\/\/rednacionaldearte.com\/noticias\/convocatoria-proyecto-bi-mexico\/#breadcrumb","itemListElement":[{"@type":"ListItem","position":1,"name":"Home","item":"http:\/\/rednacionaldearte.com\/noticias\/"},{"@type":"ListItem","position":2,"name":"Convocatoria: Proyecto Bi, Fundaci\u00f3n BBVA"}]},{"@type":"WebSite","@id":"http:\/\/rednacionaldearte.com\/noticias\/#website","url":"http:\/\/rednacionaldearte.com\/noticias\/","name":"Red Nacional de Arte","description":"Cultura y Arte contempor\u00e1neo en M\u00e9xico","publisher":{"@id":"http:\/\/rednacionaldearte.com\/noticias\/#organization"},"potentialAction":[{"@type":"SearchAction","target":{"@type":"EntryPoint","urlTemplate":"http:\/\/rednacionaldearte.com\/noticias\/?s={search_term_string}"},"query-input":{"@type":"PropertyValueSpecification","valueRequired":true,"valueName":"search_term_string"}}],"inLanguage":"es"},{"@type":"Organization","@id":"http:\/\/rednacionaldearte.com\/noticias\/#organization","name":"Red Nacional de Arte","url":"http:\/\/rednacionaldearte.com\/noticias\/","logo":{"@type":"ImageObject","inLanguage":"es","@id":"http:\/\/rednacionaldearte.com\/noticias\/#\/schema\/logo\/image\/","url":"http:\/\/rednacionaldearte.com\/noticias\/wp-content\/uploads\/2016\/04\/logo.png","contentUrl":"http:\/\/rednacionaldearte.com\/noticias\/wp-content\/uploads\/2016\/04\/logo.png","width":575,"height":554,"caption":"Red Nacional de Arte"},"image":{"@id":"http:\/\/rednacionaldearte.com\/noticias\/#\/schema\/logo\/image\/"},"sameAs":["http:\/\/www.facebook.com\/rednacionaldearte\/","https:\/\/x.com\/rednacionalarte"]},{"@type":"Person","@id":"http:\/\/rednacionaldearte.com\/noticias\/#\/schema\/person\/489d635082b1de413434d2708a3e5b9b","name":"Redacci\u00f3n","image":{"@type":"ImageObject","inLanguage":"es","@id":"https:\/\/secure.gravatar.com\/avatar\/1d1c30eaee7c2f6cfa13fb8502cb06839106cdf371b9953d50e4b572d0bfa3c7?s=96&d=mm&r=g","url":"https:\/\/secure.gravatar.com\/avatar\/1d1c30eaee7c2f6cfa13fb8502cb06839106cdf371b9953d50e4b572d0bfa3c7?s=96&d=mm&r=g","contentUrl":"https:\/\/secure.gravatar.com\/avatar\/1d1c30eaee7c2f6cfa13fb8502cb06839106cdf371b9953d50e4b572d0bfa3c7?s=96&d=mm&r=g","caption":"Redacci\u00f3n"},"url":"https:\/\/rednacionaldearte.com\/noticias\/author\/adan\/"}]}},"amp_validity":null,"amp_enabled":true,"_links":{"self":[{"href":"https:\/\/rednacionaldearte.com\/noticias\/wp-json\/wp\/v2\/posts\/1249","targetHints":{"allow":["GET"]}}],"collection":[{"href":"https:\/\/rednacionaldearte.com\/noticias\/wp-json\/wp\/v2\/posts"}],"about":[{"href":"https:\/\/rednacionaldearte.com\/noticias\/wp-json\/wp\/v2\/types\/post"}],"author":[{"embeddable":true,"href":"https:\/\/rednacionaldearte.com\/noticias\/wp-json\/wp\/v2\/users\/1"}],"replies":[{"embeddable":true,"href":"https:\/\/rednacionaldearte.com\/noticias\/wp-json\/wp\/v2\/comments?post=1249"}],"version-history":[{"count":1,"href":"https:\/\/rednacionaldearte.com\/noticias\/wp-json\/wp\/v2\/posts\/1249\/revisions"}],"predecessor-version":[{"id":1282,"href":"https:\/\/rednacionaldearte.com\/noticias\/wp-json\/wp\/v2\/posts\/1249\/revisions\/1282"}],"wp:featuredmedia":[{"embeddable":true,"href":"https:\/\/rednacionaldearte.com\/noticias\/wp-json\/wp\/v2\/media\/1280"}],"wp:attachment":[{"href":"https:\/\/rednacionaldearte.com\/noticias\/wp-json\/wp\/v2\/media?parent=1249"}],"wp:term":[{"taxonomy":"category","embeddable":true,"href":"https:\/\/rednacionaldearte.com\/noticias\/wp-json\/wp\/v2\/categories?post=1249"},{"taxonomy":"post_tag","embeddable":true,"href":"https:\/\/rednacionaldearte.com\/noticias\/wp-json\/wp\/v2\/tags?post=1249"}],"curies":[{"name":"wp","href":"https:\/\/api.w.org\/{rel}","templated":true}]}}