{"id":126,"date":"2016-07-08T05:48:55","date_gmt":"2016-07-08T05:48:55","guid":{"rendered":"http:\/\/rednacionaldearte.com\/noticias\/?p=126"},"modified":"2016-07-08T05:48:55","modified_gmt":"2016-07-08T05:48:55","slug":"luma-es-lanzada-oficialmente","status":"publish","type":"post","link":"https:\/\/rednacionaldearte.com\/noticias\/luma-es-lanzada-oficialmente\/","title":{"rendered":"\u00a1LUMA es lanzada oficialmente!"},"content":{"rendered":"<div class=\"page\" title=\"Page 6\">\n<div class=\"section\">\n<div class=\"layoutArea\">\n<div class=\"column\">\n<p style=\"text-align: justify;\">La Revista LUMA es un proyecto apoyado por Red Nacional de Arte, dedicado en su totalidad al quehacer arti\u0301stico, con especial e\u0301nfasis en el arte contempora\u0301neo.\u00a0Luego de meses de planeaci\u00f3n, desarrollo y muchas transformaciones, la primera edici\u00f3n ha sido finalmente lanzada de forma online.<\/p>\n<p style=\"text-align: justify;\">LUMA es una publicaci\u00f3n bimestral gratuita que\u00a0incluye rese\u00f1as cr\u00edticas, entrevistas, art\u00edculos informativos, de investigaci\u00f3n y opini\u00f3n, por mencionar algunos, abarcado distintas \u00e1reas del arte\u00a0que van desde el cine, la fotograf\u00eda, pintura y otras artes visuales, artes esc\u00e9nicas, literatura y procesos de creaci\u00f3n art\u00edstica.<\/p>\n<p style=\"text-align: justify;\">En \u00e9ste primer n\u00famero es posible encontrar:<\/p>\n<ul>\n<li>Coreograf\u00eda Contempor\u00e1nea y Otros Demonios, por Alejandro Rabai Vera<\/li>\n<li>Irene Cruz: El Paisaje Emocional, por Ad\u00e1n Ruiz<\/li>\n<li>Dasein Arquitect\u00f3nico: La Inclusi\u00f3n de los Sentidos y Sentimientos Humanos en la Arquitectura, por Tonatzin Renter\u00eda<\/li>\n<li>El Paisaje y la Psique: Reflexiones de un Entorno, por Equipo de Red Nacional de Arte<\/li>\n<li>Me Quedo Contigo, de Artemio Narro, por Ad\u00e1n Ruiz<\/li>\n<li>Hasta que la Muerte nos Separe, por Pedro J. Acu\u00f1a<\/li>\n<li>Querido Andr\u00e9i \/ Para Nadia y Rub\u00e9n, por Shant\u00ed Vera<\/li>\n<li>Carta de Francisco Toledo respecto al conflicto en Nochixtlan<\/li>\n<li>La Balsa y el Incendio: Montaje de Teatro F\u00edsico bajo la direcci\u00f3n de Antonio Salinas, por Yuki Pastrana<\/li>\n<\/ul>\n<p><b>Artistas que ilustran esta edici\u00f3n:<\/b><\/p>\n<ul>\n<li>Thomas Leuthard<\/li>\n<li>Karla Oceguera<\/li>\n<li>Ad\u00e1n Ruiz<\/li>\n<li>Pablo Querea<\/li>\n<li>21Hrs<\/li>\n<\/ul>\n<p style=\"text-align: justify;\">La revista puede ser consultada desde\u00a0<a href=\"http:\/\/luma.rednacionaldearte.com\/\">http:\/\/luma.rednacionaldearte.com\/<\/a>. Los invitamos a leerla y colaborar con\u00a0el proyecto, que recibe todo tipo de propuestas relacionadas\u00a0de alguna manera con el arte (sean fotograf\u00edas, ilustraciones, art\u00edculos, investigaciones, etc\u00e9tera) para ser publicadas.<\/p>\n<\/div>\n<\/div>\n<\/div>\n<\/div>\n","protected":false},"excerpt":{"rendered":"<p>La Revista LUMA es un proyecto apoyado por Red Nacional de Arte, dedicado en su totalidad al quehacer arti\u0301stico, con especial e\u0301nfasis en el arte contempora\u0301neo.\u00a0Luego de meses de planeaci\u00f3n, desarrollo y muchas transformaciones, la primera edici\u00f3n ha sido finalmente lanzada de forma online. LUMA es una publicaci\u00f3n bimestral gratuita que\u00a0incluye rese\u00f1as cr\u00edticas, entrevistas, art\u00edculos [&hellip;]<\/p>\n","protected":false},"author":1,"featured_media":127,"comment_status":"closed","ping_status":"open","sticky":false,"template":"","format":"standard","meta":{"footnotes":""},"categories":[55,41],"tags":[57,56],"class_list":["post-126","post","type-post","status-publish","format-standard","has-post-thumbnail","hentry","category-luma","category-rna","tag-luma","tag-revista-luma"],"yoast_head":"<!-- This site is optimized with the Yoast SEO plugin v27.2 - https:\/\/yoast.com\/product\/yoast-seo-wordpress\/ -->\n<title>\u00a1LUMA es lanzada oficialmente! - Red Nacional de Arte<\/title>\n<meta name=\"robots\" content=\"index, follow, max-snippet:-1, max-image-preview:large, max-video-preview:-1\" \/>\n<link rel=\"canonical\" href=\"http:\/\/rednacionaldearte.com\/noticias\/luma-es-lanzada-oficialmente\/\" \/>\n<meta property=\"og:locale\" content=\"es_ES\" \/>\n<meta property=\"og:type\" content=\"article\" \/>\n<meta property=\"og:title\" content=\"\u00a1LUMA es lanzada oficialmente! - Red Nacional de Arte\" \/>\n<meta property=\"og:description\" content=\"La Revista LUMA es un proyecto apoyado por Red Nacional de Arte, dedicado en su totalidad al quehacer arti\u0301stico, con especial e\u0301nfasis en el arte contempora\u0301neo.\u00a0Luego de meses de planeaci\u00f3n, desarrollo y muchas transformaciones, la primera edici\u00f3n ha sido finalmente lanzada de forma online. LUMA es una publicaci\u00f3n bimestral gratuita que\u00a0incluye rese\u00f1as cr\u00edticas, entrevistas, art\u00edculos [&hellip;]\" \/>\n<meta property=\"og:url\" content=\"http:\/\/rednacionaldearte.com\/noticias\/luma-es-lanzada-oficialmente\/\" \/>\n<meta property=\"og:site_name\" content=\"Red Nacional de Arte\" \/>\n<meta property=\"article:publisher\" content=\"http:\/\/www.facebook.com\/rednacionaldearte\/\" \/>\n<meta property=\"article:published_time\" content=\"2016-07-08T05:48:55+00:00\" \/>\n<meta property=\"og:image\" content=\"http:\/\/rednacionaldearte.com\/noticias\/wp-content\/uploads\/2016\/07\/luma01.png\" \/>\n\t<meta property=\"og:image:width\" content=\"475\" \/>\n\t<meta property=\"og:image:height\" content=\"626\" \/>\n\t<meta property=\"og:image:type\" content=\"image\/png\" \/>\n<meta name=\"author\" content=\"Redacci\u00f3n\" \/>\n<meta name=\"twitter:card\" content=\"summary_large_image\" \/>\n<meta name=\"twitter:creator\" content=\"@rednacionalarte\" \/>\n<meta name=\"twitter:site\" content=\"@rednacionalarte\" \/>\n<meta name=\"twitter:label1\" content=\"Escrito por\" \/>\n\t<meta name=\"twitter:data1\" content=\"Redacci\u00f3n\" \/>\n\t<meta name=\"twitter:label2\" content=\"Tiempo de lectura\" \/>\n\t<meta name=\"twitter:data2\" content=\"1 minuto\" \/>\n<script type=\"application\/ld+json\" class=\"yoast-schema-graph\">{\"@context\":\"https:\/\/schema.org\",\"@graph\":[{\"@type\":\"Article\",\"@id\":\"http:\/\/rednacionaldearte.com\/noticias\/luma-es-lanzada-oficialmente\/#article\",\"isPartOf\":{\"@id\":\"http:\/\/rednacionaldearte.com\/noticias\/luma-es-lanzada-oficialmente\/\"},\"author\":{\"name\":\"Redacci\u00f3n\",\"@id\":\"http:\/\/rednacionaldearte.com\/noticias\/#\/schema\/person\/489d635082b1de413434d2708a3e5b9b\"},\"headline\":\"\u00a1LUMA es lanzada oficialmente!\",\"datePublished\":\"2016-07-08T05:48:55+00:00\",\"mainEntityOfPage\":{\"@id\":\"http:\/\/rednacionaldearte.com\/noticias\/luma-es-lanzada-oficialmente\/\"},\"wordCount\":293,\"publisher\":{\"@id\":\"http:\/\/rednacionaldearte.com\/noticias\/#organization\"},\"image\":{\"@id\":\"http:\/\/rednacionaldearte.com\/noticias\/luma-es-lanzada-oficialmente\/#primaryimage\"},\"thumbnailUrl\":\"https:\/\/rednacionaldearte.com\/noticias\/wp-content\/uploads\/2016\/07\/luma01.png\",\"keywords\":[\"LUMA\",\"Revista LUMA\"],\"articleSection\":[\"LUMA\",\"RNA\"],\"inLanguage\":\"es\"},{\"@type\":\"WebPage\",\"@id\":\"http:\/\/rednacionaldearte.com\/noticias\/luma-es-lanzada-oficialmente\/\",\"url\":\"http:\/\/rednacionaldearte.com\/noticias\/luma-es-lanzada-oficialmente\/\",\"name\":\"\u00a1LUMA es lanzada oficialmente! - Red Nacional de Arte\",\"isPartOf\":{\"@id\":\"http:\/\/rednacionaldearte.com\/noticias\/#website\"},\"primaryImageOfPage\":{\"@id\":\"http:\/\/rednacionaldearte.com\/noticias\/luma-es-lanzada-oficialmente\/#primaryimage\"},\"image\":{\"@id\":\"http:\/\/rednacionaldearte.com\/noticias\/luma-es-lanzada-oficialmente\/#primaryimage\"},\"thumbnailUrl\":\"https:\/\/rednacionaldearte.com\/noticias\/wp-content\/uploads\/2016\/07\/luma01.png\",\"datePublished\":\"2016-07-08T05:48:55+00:00\",\"breadcrumb\":{\"@id\":\"http:\/\/rednacionaldearte.com\/noticias\/luma-es-lanzada-oficialmente\/#breadcrumb\"},\"inLanguage\":\"es\",\"potentialAction\":[{\"@type\":\"ReadAction\",\"target\":[\"http:\/\/rednacionaldearte.com\/noticias\/luma-es-lanzada-oficialmente\/\"]}]},{\"@type\":\"ImageObject\",\"inLanguage\":\"es\",\"@id\":\"http:\/\/rednacionaldearte.com\/noticias\/luma-es-lanzada-oficialmente\/#primaryimage\",\"url\":\"https:\/\/rednacionaldearte.com\/noticias\/wp-content\/uploads\/2016\/07\/luma01.png\",\"contentUrl\":\"https:\/\/rednacionaldearte.com\/noticias\/wp-content\/uploads\/2016\/07\/luma01.png\",\"width\":475,\"height\":626,\"caption\":\"Primer n\u00famero de LUMA\"},{\"@type\":\"BreadcrumbList\",\"@id\":\"http:\/\/rednacionaldearte.com\/noticias\/luma-es-lanzada-oficialmente\/#breadcrumb\",\"itemListElement\":[{\"@type\":\"ListItem\",\"position\":1,\"name\":\"Home\",\"item\":\"http:\/\/rednacionaldearte.com\/noticias\/\"},{\"@type\":\"ListItem\",\"position\":2,\"name\":\"\u00a1LUMA es lanzada oficialmente!\"}]},{\"@type\":\"WebSite\",\"@id\":\"http:\/\/rednacionaldearte.com\/noticias\/#website\",\"url\":\"http:\/\/rednacionaldearte.com\/noticias\/\",\"name\":\"Red Nacional de Arte\",\"description\":\"Cultura y Arte contempor\u00e1neo en M\u00e9xico\",\"publisher\":{\"@id\":\"http:\/\/rednacionaldearte.com\/noticias\/#organization\"},\"potentialAction\":[{\"@type\":\"SearchAction\",\"target\":{\"@type\":\"EntryPoint\",\"urlTemplate\":\"http:\/\/rednacionaldearte.com\/noticias\/?s={search_term_string}\"},\"query-input\":{\"@type\":\"PropertyValueSpecification\",\"valueRequired\":true,\"valueName\":\"search_term_string\"}}],\"inLanguage\":\"es\"},{\"@type\":\"Organization\",\"@id\":\"http:\/\/rednacionaldearte.com\/noticias\/#organization\",\"name\":\"Red Nacional de Arte\",\"url\":\"http:\/\/rednacionaldearte.com\/noticias\/\",\"logo\":{\"@type\":\"ImageObject\",\"inLanguage\":\"es\",\"@id\":\"http:\/\/rednacionaldearte.com\/noticias\/#\/schema\/logo\/image\/\",\"url\":\"http:\/\/rednacionaldearte.com\/noticias\/wp-content\/uploads\/2016\/04\/logo.png\",\"contentUrl\":\"http:\/\/rednacionaldearte.com\/noticias\/wp-content\/uploads\/2016\/04\/logo.png\",\"width\":575,\"height\":554,\"caption\":\"Red Nacional de Arte\"},\"image\":{\"@id\":\"http:\/\/rednacionaldearte.com\/noticias\/#\/schema\/logo\/image\/\"},\"sameAs\":[\"http:\/\/www.facebook.com\/rednacionaldearte\/\",\"https:\/\/x.com\/rednacionalarte\"]},{\"@type\":\"Person\",\"@id\":\"http:\/\/rednacionaldearte.com\/noticias\/#\/schema\/person\/489d635082b1de413434d2708a3e5b9b\",\"name\":\"Redacci\u00f3n\",\"image\":{\"@type\":\"ImageObject\",\"inLanguage\":\"es\",\"@id\":\"https:\/\/secure.gravatar.com\/avatar\/1d1c30eaee7c2f6cfa13fb8502cb06839106cdf371b9953d50e4b572d0bfa3c7?s=96&d=mm&r=g\",\"url\":\"https:\/\/secure.gravatar.com\/avatar\/1d1c30eaee7c2f6cfa13fb8502cb06839106cdf371b9953d50e4b572d0bfa3c7?s=96&d=mm&r=g\",\"contentUrl\":\"https:\/\/secure.gravatar.com\/avatar\/1d1c30eaee7c2f6cfa13fb8502cb06839106cdf371b9953d50e4b572d0bfa3c7?s=96&d=mm&r=g\",\"caption\":\"Redacci\u00f3n\"},\"url\":\"https:\/\/rednacionaldearte.com\/noticias\/author\/adan\/\"}]}<\/script>\n<!-- \/ Yoast SEO plugin. -->","yoast_head_json":{"title":"\u00a1LUMA es lanzada oficialmente! - Red Nacional de Arte","robots":{"index":"index","follow":"follow","max-snippet":"max-snippet:-1","max-image-preview":"max-image-preview:large","max-video-preview":"max-video-preview:-1"},"canonical":"http:\/\/rednacionaldearte.com\/noticias\/luma-es-lanzada-oficialmente\/","og_locale":"es_ES","og_type":"article","og_title":"\u00a1LUMA es lanzada oficialmente! - Red Nacional de Arte","og_description":"La Revista LUMA es un proyecto apoyado por Red Nacional de Arte, dedicado en su totalidad al quehacer arti\u0301stico, con especial e\u0301nfasis en el arte contempora\u0301neo.\u00a0Luego de meses de planeaci\u00f3n, desarrollo y muchas transformaciones, la primera edici\u00f3n ha sido finalmente lanzada de forma online. LUMA es una publicaci\u00f3n bimestral gratuita que\u00a0incluye rese\u00f1as cr\u00edticas, entrevistas, art\u00edculos [&hellip;]","og_url":"http:\/\/rednacionaldearte.com\/noticias\/luma-es-lanzada-oficialmente\/","og_site_name":"Red Nacional de Arte","article_publisher":"http:\/\/www.facebook.com\/rednacionaldearte\/","article_published_time":"2016-07-08T05:48:55+00:00","og_image":[{"width":475,"height":626,"url":"http:\/\/rednacionaldearte.com\/noticias\/wp-content\/uploads\/2016\/07\/luma01.png","type":"image\/png"}],"author":"Redacci\u00f3n","twitter_card":"summary_large_image","twitter_creator":"@rednacionalarte","twitter_site":"@rednacionalarte","twitter_misc":{"Escrito por":"Redacci\u00f3n","Tiempo de lectura":"1 minuto"},"schema":{"@context":"https:\/\/schema.org","@graph":[{"@type":"Article","@id":"http:\/\/rednacionaldearte.com\/noticias\/luma-es-lanzada-oficialmente\/#article","isPartOf":{"@id":"http:\/\/rednacionaldearte.com\/noticias\/luma-es-lanzada-oficialmente\/"},"author":{"name":"Redacci\u00f3n","@id":"http:\/\/rednacionaldearte.com\/noticias\/#\/schema\/person\/489d635082b1de413434d2708a3e5b9b"},"headline":"\u00a1LUMA es lanzada oficialmente!","datePublished":"2016-07-08T05:48:55+00:00","mainEntityOfPage":{"@id":"http:\/\/rednacionaldearte.com\/noticias\/luma-es-lanzada-oficialmente\/"},"wordCount":293,"publisher":{"@id":"http:\/\/rednacionaldearte.com\/noticias\/#organization"},"image":{"@id":"http:\/\/rednacionaldearte.com\/noticias\/luma-es-lanzada-oficialmente\/#primaryimage"},"thumbnailUrl":"https:\/\/rednacionaldearte.com\/noticias\/wp-content\/uploads\/2016\/07\/luma01.png","keywords":["LUMA","Revista LUMA"],"articleSection":["LUMA","RNA"],"inLanguage":"es"},{"@type":"WebPage","@id":"http:\/\/rednacionaldearte.com\/noticias\/luma-es-lanzada-oficialmente\/","url":"http:\/\/rednacionaldearte.com\/noticias\/luma-es-lanzada-oficialmente\/","name":"\u00a1LUMA es lanzada oficialmente! - Red Nacional de Arte","isPartOf":{"@id":"http:\/\/rednacionaldearte.com\/noticias\/#website"},"primaryImageOfPage":{"@id":"http:\/\/rednacionaldearte.com\/noticias\/luma-es-lanzada-oficialmente\/#primaryimage"},"image":{"@id":"http:\/\/rednacionaldearte.com\/noticias\/luma-es-lanzada-oficialmente\/#primaryimage"},"thumbnailUrl":"https:\/\/rednacionaldearte.com\/noticias\/wp-content\/uploads\/2016\/07\/luma01.png","datePublished":"2016-07-08T05:48:55+00:00","breadcrumb":{"@id":"http:\/\/rednacionaldearte.com\/noticias\/luma-es-lanzada-oficialmente\/#breadcrumb"},"inLanguage":"es","potentialAction":[{"@type":"ReadAction","target":["http:\/\/rednacionaldearte.com\/noticias\/luma-es-lanzada-oficialmente\/"]}]},{"@type":"ImageObject","inLanguage":"es","@id":"http:\/\/rednacionaldearte.com\/noticias\/luma-es-lanzada-oficialmente\/#primaryimage","url":"https:\/\/rednacionaldearte.com\/noticias\/wp-content\/uploads\/2016\/07\/luma01.png","contentUrl":"https:\/\/rednacionaldearte.com\/noticias\/wp-content\/uploads\/2016\/07\/luma01.png","width":475,"height":626,"caption":"Primer n\u00famero de LUMA"},{"@type":"BreadcrumbList","@id":"http:\/\/rednacionaldearte.com\/noticias\/luma-es-lanzada-oficialmente\/#breadcrumb","itemListElement":[{"@type":"ListItem","position":1,"name":"Home","item":"http:\/\/rednacionaldearte.com\/noticias\/"},{"@type":"ListItem","position":2,"name":"\u00a1LUMA es lanzada oficialmente!"}]},{"@type":"WebSite","@id":"http:\/\/rednacionaldearte.com\/noticias\/#website","url":"http:\/\/rednacionaldearte.com\/noticias\/","name":"Red Nacional de Arte","description":"Cultura y Arte contempor\u00e1neo en M\u00e9xico","publisher":{"@id":"http:\/\/rednacionaldearte.com\/noticias\/#organization"},"potentialAction":[{"@type":"SearchAction","target":{"@type":"EntryPoint","urlTemplate":"http:\/\/rednacionaldearte.com\/noticias\/?s={search_term_string}"},"query-input":{"@type":"PropertyValueSpecification","valueRequired":true,"valueName":"search_term_string"}}],"inLanguage":"es"},{"@type":"Organization","@id":"http:\/\/rednacionaldearte.com\/noticias\/#organization","name":"Red Nacional de Arte","url":"http:\/\/rednacionaldearte.com\/noticias\/","logo":{"@type":"ImageObject","inLanguage":"es","@id":"http:\/\/rednacionaldearte.com\/noticias\/#\/schema\/logo\/image\/","url":"http:\/\/rednacionaldearte.com\/noticias\/wp-content\/uploads\/2016\/04\/logo.png","contentUrl":"http:\/\/rednacionaldearte.com\/noticias\/wp-content\/uploads\/2016\/04\/logo.png","width":575,"height":554,"caption":"Red Nacional de Arte"},"image":{"@id":"http:\/\/rednacionaldearte.com\/noticias\/#\/schema\/logo\/image\/"},"sameAs":["http:\/\/www.facebook.com\/rednacionaldearte\/","https:\/\/x.com\/rednacionalarte"]},{"@type":"Person","@id":"http:\/\/rednacionaldearte.com\/noticias\/#\/schema\/person\/489d635082b1de413434d2708a3e5b9b","name":"Redacci\u00f3n","image":{"@type":"ImageObject","inLanguage":"es","@id":"https:\/\/secure.gravatar.com\/avatar\/1d1c30eaee7c2f6cfa13fb8502cb06839106cdf371b9953d50e4b572d0bfa3c7?s=96&d=mm&r=g","url":"https:\/\/secure.gravatar.com\/avatar\/1d1c30eaee7c2f6cfa13fb8502cb06839106cdf371b9953d50e4b572d0bfa3c7?s=96&d=mm&r=g","contentUrl":"https:\/\/secure.gravatar.com\/avatar\/1d1c30eaee7c2f6cfa13fb8502cb06839106cdf371b9953d50e4b572d0bfa3c7?s=96&d=mm&r=g","caption":"Redacci\u00f3n"},"url":"https:\/\/rednacionaldearte.com\/noticias\/author\/adan\/"}]}},"amp_validity":null,"amp_enabled":true,"_links":{"self":[{"href":"https:\/\/rednacionaldearte.com\/noticias\/wp-json\/wp\/v2\/posts\/126","targetHints":{"allow":["GET"]}}],"collection":[{"href":"https:\/\/rednacionaldearte.com\/noticias\/wp-json\/wp\/v2\/posts"}],"about":[{"href":"https:\/\/rednacionaldearte.com\/noticias\/wp-json\/wp\/v2\/types\/post"}],"author":[{"embeddable":true,"href":"https:\/\/rednacionaldearte.com\/noticias\/wp-json\/wp\/v2\/users\/1"}],"replies":[{"embeddable":true,"href":"https:\/\/rednacionaldearte.com\/noticias\/wp-json\/wp\/v2\/comments?post=126"}],"version-history":[{"count":1,"href":"https:\/\/rednacionaldearte.com\/noticias\/wp-json\/wp\/v2\/posts\/126\/revisions"}],"predecessor-version":[{"id":128,"href":"https:\/\/rednacionaldearte.com\/noticias\/wp-json\/wp\/v2\/posts\/126\/revisions\/128"}],"wp:featuredmedia":[{"embeddable":true,"href":"https:\/\/rednacionaldearte.com\/noticias\/wp-json\/wp\/v2\/media\/127"}],"wp:attachment":[{"href":"https:\/\/rednacionaldearte.com\/noticias\/wp-json\/wp\/v2\/media?parent=126"}],"wp:term":[{"taxonomy":"category","embeddable":true,"href":"https:\/\/rednacionaldearte.com\/noticias\/wp-json\/wp\/v2\/categories?post=126"},{"taxonomy":"post_tag","embeddable":true,"href":"https:\/\/rednacionaldearte.com\/noticias\/wp-json\/wp\/v2\/tags?post=126"}],"curies":[{"name":"wp","href":"https:\/\/api.w.org\/{rel}","templated":true}]}}