{"id":1283,"date":"2018-03-10T02:55:09","date_gmt":"2018-03-10T02:55:09","guid":{"rendered":"http:\/\/rednacionaldearte.com\/noticias\/?p=1283"},"modified":"2018-03-10T03:21:59","modified_gmt":"2018-03-10T03:21:59","slug":"ciudades-realidades-colegio-mexico","status":"publish","type":"post","link":"https:\/\/rednacionaldearte.com\/noticias\/ciudades-realidades-colegio-mexico\/","title":{"rendered":"Ciudades y Realidades en El Colegio de M\u00e9xico"},"content":{"rendered":"<p><a href=\"http:\/\/rednacionaldearte.com\/noticias\/wp-content\/uploads\/2018\/03\/colegio-mexico.jpg\"><img loading=\"lazy\" decoding=\"async\" class=\"aligncenter size-full wp-image-1284\" src=\"http:\/\/rednacionaldearte.com\/noticias\/wp-content\/uploads\/2018\/03\/colegio-mexico.jpg\" alt=\"Colegio de M\u00e9xico\" width=\"712\" height=\"350\" srcset=\"https:\/\/rednacionaldearte.com\/noticias\/wp-content\/uploads\/2018\/03\/colegio-mexico.jpg 712w, https:\/\/rednacionaldearte.com\/noticias\/wp-content\/uploads\/2018\/03\/colegio-mexico-300x147.jpg 300w\" sizes=\"auto, (max-width: 712px) 100vw, 712px\" \/><\/a><\/p>\n<p><strong>El Colegio de M\u00e9xico<\/strong> (<strong>COLMEX<\/strong>) y Red Nacional de Arte colaborar\u00e1n para llevar la exposici\u00f3n \u00ab<strong>Ciudades y Realidades<\/strong>\u00bb (exhibida en el Metro Auditorio durante enero) a las instalaciones de la prestigiosa instituci\u00f3n durante abril.<\/p>\n<p>Las fotograf\u00edas estar\u00e1n mostr\u00e1ndose en la Biblioteca Daniel Cos\u00edo Villegas -una de las m\u00e1s importantes en Latinoam\u00e9rica- del 02 al 13 de abril.<\/p>\n<p>La exhibici\u00f3n estar\u00e1 abierta al p\u00fablico en general sin costo alguno.<\/p>\n<p>Con este tipo de colaboraciones, Red Nacional de Arte busca impulsar la difusi\u00f3n del trabajo art\u00edstico de 20 fot\u00f3grafos con una muestra compuesta por m\u00e1s de 40 fotograf\u00edas impresas con t\u00e9cnica glice\u00e9, adem\u00e1s de reforzar los v\u00ednculos interinstitucionales en pro de la cultura y el arte en la Ciudad de M\u00e9xico.<\/p>\n<p>Las obras que se podr\u00e1n observar durante abril son de fot\u00f3grafos de M\u00e9xico y Am\u00e9rica Latina:\u00a0Manuel Quijano, Anabel Morey, Alfonso La\u0301zquez, Anaid Gonza\u0301lez, Ariadna Marti\u0301nez, Barbara Barrera, Daniel Alexander, Ernesto Mendoza, Estrella Errante, Jos\u00e9 Chac\u00f3n, Karina Pampo, Moni McCumber, Pablo Jim\u00e9nez, Alejandro Garci\u0301a, Alejandro Pe\u0301rez, Tamara Blazquez, Yaatzil Ceballos, Georgina Chapa y Sahiye Cruz Villegas.<\/p>\n<p>Agradecemos a los fot\u00f3grafos y al COLMEX por hacer posible esta exposici\u00f3n.<\/p>\n<p>Para conocer m\u00e1s sobre Ciudades y Realidades, visitar el <a href=\"http:\/\/rednacionaldearte.com\/ciudadesyrealidades\/\"><strong>sitio oficial<\/strong><\/a>.<\/p>\n","protected":false},"excerpt":{"rendered":"<p>El Colegio de M\u00e9xico (COLMEX) y Red Nacional de Arte colaborar\u00e1n para llevar la exposici\u00f3n \u00abCiudades y Realidades\u00bb (exhibida en el Metro Auditorio durante enero) a las instalaciones de la prestigiosa instituci\u00f3n durante abril. Las fotograf\u00edas estar\u00e1n mostr\u00e1ndose en la Biblioteca Daniel Cos\u00edo Villegas -una de las m\u00e1s importantes en Latinoam\u00e9rica- del 02 al 13 [&hellip;]<\/p>\n","protected":false},"author":1,"featured_media":1284,"comment_status":"closed","ping_status":"open","sticky":false,"template":"","format":"standard","meta":{"footnotes":""},"categories":[59,18,2,41],"tags":[],"class_list":["post-1283","post","type-post","status-publish","format-standard","has-post-thumbnail","hentry","category-artes-visuales","category-eventos","category-fotografia","category-rna"],"yoast_head":"<!-- This site is optimized with the Yoast SEO plugin v27.2 - https:\/\/yoast.com\/product\/yoast-seo-wordpress\/ -->\n<title>Ciudades y Realidades en El Colegio de M\u00e9xico - Red Nacional de Arte<\/title>\n<meta name=\"robots\" content=\"index, follow, max-snippet:-1, max-image-preview:large, max-video-preview:-1\" \/>\n<link rel=\"canonical\" href=\"http:\/\/rednacionaldearte.com\/noticias\/ciudades-realidades-colegio-mexico\/\" \/>\n<meta property=\"og:locale\" content=\"es_ES\" \/>\n<meta property=\"og:type\" content=\"article\" \/>\n<meta property=\"og:title\" content=\"Ciudades y Realidades en El Colegio de M\u00e9xico - Red Nacional de Arte\" \/>\n<meta property=\"og:description\" content=\"El Colegio de M\u00e9xico (COLMEX) y Red Nacional de Arte colaborar\u00e1n para llevar la exposici\u00f3n \u00abCiudades y Realidades\u00bb (exhibida en el Metro Auditorio durante enero) a las instalaciones de la prestigiosa instituci\u00f3n durante abril. Las fotograf\u00edas estar\u00e1n mostr\u00e1ndose en la Biblioteca Daniel Cos\u00edo Villegas -una de las m\u00e1s importantes en Latinoam\u00e9rica- del 02 al 13 [&hellip;]\" \/>\n<meta property=\"og:url\" content=\"http:\/\/rednacionaldearte.com\/noticias\/ciudades-realidades-colegio-mexico\/\" \/>\n<meta property=\"og:site_name\" content=\"Red Nacional de Arte\" \/>\n<meta property=\"article:publisher\" content=\"http:\/\/www.facebook.com\/rednacionaldearte\/\" \/>\n<meta property=\"article:published_time\" content=\"2018-03-10T02:55:09+00:00\" \/>\n<meta property=\"article:modified_time\" content=\"2018-03-10T03:21:59+00:00\" \/>\n<meta property=\"og:image\" content=\"http:\/\/rednacionaldearte.com\/noticias\/wp-content\/uploads\/2018\/03\/colegio-mexico.jpg\" \/>\n\t<meta property=\"og:image:width\" content=\"712\" \/>\n\t<meta property=\"og:image:height\" content=\"350\" \/>\n\t<meta property=\"og:image:type\" content=\"image\/jpeg\" \/>\n<meta name=\"author\" content=\"Redacci\u00f3n\" \/>\n<meta name=\"twitter:card\" content=\"summary_large_image\" \/>\n<meta name=\"twitter:creator\" content=\"@rednacionalarte\" \/>\n<meta name=\"twitter:site\" content=\"@rednacionalarte\" \/>\n<meta name=\"twitter:label1\" content=\"Escrito por\" \/>\n\t<meta name=\"twitter:data1\" content=\"Redacci\u00f3n\" \/>\n\t<meta name=\"twitter:label2\" content=\"Tiempo de lectura\" \/>\n\t<meta name=\"twitter:data2\" content=\"1 minuto\" \/>\n<script type=\"application\/ld+json\" class=\"yoast-schema-graph\">{\"@context\":\"https:\/\/schema.org\",\"@graph\":[{\"@type\":\"Article\",\"@id\":\"http:\/\/rednacionaldearte.com\/noticias\/ciudades-realidades-colegio-mexico\/#article\",\"isPartOf\":{\"@id\":\"http:\/\/rednacionaldearte.com\/noticias\/ciudades-realidades-colegio-mexico\/\"},\"author\":{\"name\":\"Redacci\u00f3n\",\"@id\":\"http:\/\/rednacionaldearte.com\/noticias\/#\/schema\/person\/489d635082b1de413434d2708a3e5b9b\"},\"headline\":\"Ciudades y Realidades en El Colegio de M\u00e9xico\",\"datePublished\":\"2018-03-10T02:55:09+00:00\",\"dateModified\":\"2018-03-10T03:21:59+00:00\",\"mainEntityOfPage\":{\"@id\":\"http:\/\/rednacionaldearte.com\/noticias\/ciudades-realidades-colegio-mexico\/\"},\"wordCount\":238,\"publisher\":{\"@id\":\"http:\/\/rednacionaldearte.com\/noticias\/#organization\"},\"image\":{\"@id\":\"http:\/\/rednacionaldearte.com\/noticias\/ciudades-realidades-colegio-mexico\/#primaryimage\"},\"thumbnailUrl\":\"https:\/\/rednacionaldearte.com\/noticias\/wp-content\/uploads\/2018\/03\/colegio-mexico.jpg\",\"articleSection\":[\"Artes Visuales\",\"Eventos\",\"Fotograf\u00eda\",\"RNA\"],\"inLanguage\":\"es\"},{\"@type\":\"WebPage\",\"@id\":\"http:\/\/rednacionaldearte.com\/noticias\/ciudades-realidades-colegio-mexico\/\",\"url\":\"http:\/\/rednacionaldearte.com\/noticias\/ciudades-realidades-colegio-mexico\/\",\"name\":\"Ciudades y Realidades en El Colegio de M\u00e9xico - Red Nacional de Arte\",\"isPartOf\":{\"@id\":\"http:\/\/rednacionaldearte.com\/noticias\/#website\"},\"primaryImageOfPage\":{\"@id\":\"http:\/\/rednacionaldearte.com\/noticias\/ciudades-realidades-colegio-mexico\/#primaryimage\"},\"image\":{\"@id\":\"http:\/\/rednacionaldearte.com\/noticias\/ciudades-realidades-colegio-mexico\/#primaryimage\"},\"thumbnailUrl\":\"https:\/\/rednacionaldearte.com\/noticias\/wp-content\/uploads\/2018\/03\/colegio-mexico.jpg\",\"datePublished\":\"2018-03-10T02:55:09+00:00\",\"dateModified\":\"2018-03-10T03:21:59+00:00\",\"breadcrumb\":{\"@id\":\"http:\/\/rednacionaldearte.com\/noticias\/ciudades-realidades-colegio-mexico\/#breadcrumb\"},\"inLanguage\":\"es\",\"potentialAction\":[{\"@type\":\"ReadAction\",\"target\":[\"http:\/\/rednacionaldearte.com\/noticias\/ciudades-realidades-colegio-mexico\/\"]}]},{\"@type\":\"ImageObject\",\"inLanguage\":\"es\",\"@id\":\"http:\/\/rednacionaldearte.com\/noticias\/ciudades-realidades-colegio-mexico\/#primaryimage\",\"url\":\"https:\/\/rednacionaldearte.com\/noticias\/wp-content\/uploads\/2018\/03\/colegio-mexico.jpg\",\"contentUrl\":\"https:\/\/rednacionaldearte.com\/noticias\/wp-content\/uploads\/2018\/03\/colegio-mexico.jpg\",\"width\":712,\"height\":350,\"caption\":\"Colegio de M\u00e9xico\"},{\"@type\":\"BreadcrumbList\",\"@id\":\"http:\/\/rednacionaldearte.com\/noticias\/ciudades-realidades-colegio-mexico\/#breadcrumb\",\"itemListElement\":[{\"@type\":\"ListItem\",\"position\":1,\"name\":\"Home\",\"item\":\"http:\/\/rednacionaldearte.com\/noticias\/\"},{\"@type\":\"ListItem\",\"position\":2,\"name\":\"Ciudades y Realidades en El Colegio de M\u00e9xico\"}]},{\"@type\":\"WebSite\",\"@id\":\"http:\/\/rednacionaldearte.com\/noticias\/#website\",\"url\":\"http:\/\/rednacionaldearte.com\/noticias\/\",\"name\":\"Red Nacional de Arte\",\"description\":\"Cultura y Arte contempor\u00e1neo en M\u00e9xico\",\"publisher\":{\"@id\":\"http:\/\/rednacionaldearte.com\/noticias\/#organization\"},\"potentialAction\":[{\"@type\":\"SearchAction\",\"target\":{\"@type\":\"EntryPoint\",\"urlTemplate\":\"http:\/\/rednacionaldearte.com\/noticias\/?s={search_term_string}\"},\"query-input\":{\"@type\":\"PropertyValueSpecification\",\"valueRequired\":true,\"valueName\":\"search_term_string\"}}],\"inLanguage\":\"es\"},{\"@type\":\"Organization\",\"@id\":\"http:\/\/rednacionaldearte.com\/noticias\/#organization\",\"name\":\"Red Nacional de Arte\",\"url\":\"http:\/\/rednacionaldearte.com\/noticias\/\",\"logo\":{\"@type\":\"ImageObject\",\"inLanguage\":\"es\",\"@id\":\"http:\/\/rednacionaldearte.com\/noticias\/#\/schema\/logo\/image\/\",\"url\":\"http:\/\/rednacionaldearte.com\/noticias\/wp-content\/uploads\/2016\/04\/logo.png\",\"contentUrl\":\"http:\/\/rednacionaldearte.com\/noticias\/wp-content\/uploads\/2016\/04\/logo.png\",\"width\":575,\"height\":554,\"caption\":\"Red Nacional de Arte\"},\"image\":{\"@id\":\"http:\/\/rednacionaldearte.com\/noticias\/#\/schema\/logo\/image\/\"},\"sameAs\":[\"http:\/\/www.facebook.com\/rednacionaldearte\/\",\"https:\/\/x.com\/rednacionalarte\"]},{\"@type\":\"Person\",\"@id\":\"http:\/\/rednacionaldearte.com\/noticias\/#\/schema\/person\/489d635082b1de413434d2708a3e5b9b\",\"name\":\"Redacci\u00f3n\",\"image\":{\"@type\":\"ImageObject\",\"inLanguage\":\"es\",\"@id\":\"https:\/\/secure.gravatar.com\/avatar\/1d1c30eaee7c2f6cfa13fb8502cb06839106cdf371b9953d50e4b572d0bfa3c7?s=96&d=mm&r=g\",\"url\":\"https:\/\/secure.gravatar.com\/avatar\/1d1c30eaee7c2f6cfa13fb8502cb06839106cdf371b9953d50e4b572d0bfa3c7?s=96&d=mm&r=g\",\"contentUrl\":\"https:\/\/secure.gravatar.com\/avatar\/1d1c30eaee7c2f6cfa13fb8502cb06839106cdf371b9953d50e4b572d0bfa3c7?s=96&d=mm&r=g\",\"caption\":\"Redacci\u00f3n\"},\"url\":\"https:\/\/rednacionaldearte.com\/noticias\/author\/adan\/\"}]}<\/script>\n<!-- \/ Yoast SEO plugin. -->","yoast_head_json":{"title":"Ciudades y Realidades en El Colegio de M\u00e9xico - Red Nacional de Arte","robots":{"index":"index","follow":"follow","max-snippet":"max-snippet:-1","max-image-preview":"max-image-preview:large","max-video-preview":"max-video-preview:-1"},"canonical":"http:\/\/rednacionaldearte.com\/noticias\/ciudades-realidades-colegio-mexico\/","og_locale":"es_ES","og_type":"article","og_title":"Ciudades y Realidades en El Colegio de M\u00e9xico - Red Nacional de Arte","og_description":"El Colegio de M\u00e9xico (COLMEX) y Red Nacional de Arte colaborar\u00e1n para llevar la exposici\u00f3n \u00abCiudades y Realidades\u00bb (exhibida en el Metro Auditorio durante enero) a las instalaciones de la prestigiosa instituci\u00f3n durante abril. Las fotograf\u00edas estar\u00e1n mostr\u00e1ndose en la Biblioteca Daniel Cos\u00edo Villegas -una de las m\u00e1s importantes en Latinoam\u00e9rica- del 02 al 13 [&hellip;]","og_url":"http:\/\/rednacionaldearte.com\/noticias\/ciudades-realidades-colegio-mexico\/","og_site_name":"Red Nacional de Arte","article_publisher":"http:\/\/www.facebook.com\/rednacionaldearte\/","article_published_time":"2018-03-10T02:55:09+00:00","article_modified_time":"2018-03-10T03:21:59+00:00","og_image":[{"width":712,"height":350,"url":"http:\/\/rednacionaldearte.com\/noticias\/wp-content\/uploads\/2018\/03\/colegio-mexico.jpg","type":"image\/jpeg"}],"author":"Redacci\u00f3n","twitter_card":"summary_large_image","twitter_creator":"@rednacionalarte","twitter_site":"@rednacionalarte","twitter_misc":{"Escrito por":"Redacci\u00f3n","Tiempo de lectura":"1 minuto"},"schema":{"@context":"https:\/\/schema.org","@graph":[{"@type":"Article","@id":"http:\/\/rednacionaldearte.com\/noticias\/ciudades-realidades-colegio-mexico\/#article","isPartOf":{"@id":"http:\/\/rednacionaldearte.com\/noticias\/ciudades-realidades-colegio-mexico\/"},"author":{"name":"Redacci\u00f3n","@id":"http:\/\/rednacionaldearte.com\/noticias\/#\/schema\/person\/489d635082b1de413434d2708a3e5b9b"},"headline":"Ciudades y Realidades en El Colegio de M\u00e9xico","datePublished":"2018-03-10T02:55:09+00:00","dateModified":"2018-03-10T03:21:59+00:00","mainEntityOfPage":{"@id":"http:\/\/rednacionaldearte.com\/noticias\/ciudades-realidades-colegio-mexico\/"},"wordCount":238,"publisher":{"@id":"http:\/\/rednacionaldearte.com\/noticias\/#organization"},"image":{"@id":"http:\/\/rednacionaldearte.com\/noticias\/ciudades-realidades-colegio-mexico\/#primaryimage"},"thumbnailUrl":"https:\/\/rednacionaldearte.com\/noticias\/wp-content\/uploads\/2018\/03\/colegio-mexico.jpg","articleSection":["Artes Visuales","Eventos","Fotograf\u00eda","RNA"],"inLanguage":"es"},{"@type":"WebPage","@id":"http:\/\/rednacionaldearte.com\/noticias\/ciudades-realidades-colegio-mexico\/","url":"http:\/\/rednacionaldearte.com\/noticias\/ciudades-realidades-colegio-mexico\/","name":"Ciudades y Realidades en El Colegio de M\u00e9xico - Red Nacional de Arte","isPartOf":{"@id":"http:\/\/rednacionaldearte.com\/noticias\/#website"},"primaryImageOfPage":{"@id":"http:\/\/rednacionaldearte.com\/noticias\/ciudades-realidades-colegio-mexico\/#primaryimage"},"image":{"@id":"http:\/\/rednacionaldearte.com\/noticias\/ciudades-realidades-colegio-mexico\/#primaryimage"},"thumbnailUrl":"https:\/\/rednacionaldearte.com\/noticias\/wp-content\/uploads\/2018\/03\/colegio-mexico.jpg","datePublished":"2018-03-10T02:55:09+00:00","dateModified":"2018-03-10T03:21:59+00:00","breadcrumb":{"@id":"http:\/\/rednacionaldearte.com\/noticias\/ciudades-realidades-colegio-mexico\/#breadcrumb"},"inLanguage":"es","potentialAction":[{"@type":"ReadAction","target":["http:\/\/rednacionaldearte.com\/noticias\/ciudades-realidades-colegio-mexico\/"]}]},{"@type":"ImageObject","inLanguage":"es","@id":"http:\/\/rednacionaldearte.com\/noticias\/ciudades-realidades-colegio-mexico\/#primaryimage","url":"https:\/\/rednacionaldearte.com\/noticias\/wp-content\/uploads\/2018\/03\/colegio-mexico.jpg","contentUrl":"https:\/\/rednacionaldearte.com\/noticias\/wp-content\/uploads\/2018\/03\/colegio-mexico.jpg","width":712,"height":350,"caption":"Colegio de M\u00e9xico"},{"@type":"BreadcrumbList","@id":"http:\/\/rednacionaldearte.com\/noticias\/ciudades-realidades-colegio-mexico\/#breadcrumb","itemListElement":[{"@type":"ListItem","position":1,"name":"Home","item":"http:\/\/rednacionaldearte.com\/noticias\/"},{"@type":"ListItem","position":2,"name":"Ciudades y Realidades en El Colegio de M\u00e9xico"}]},{"@type":"WebSite","@id":"http:\/\/rednacionaldearte.com\/noticias\/#website","url":"http:\/\/rednacionaldearte.com\/noticias\/","name":"Red Nacional de Arte","description":"Cultura y Arte contempor\u00e1neo en M\u00e9xico","publisher":{"@id":"http:\/\/rednacionaldearte.com\/noticias\/#organization"},"potentialAction":[{"@type":"SearchAction","target":{"@type":"EntryPoint","urlTemplate":"http:\/\/rednacionaldearte.com\/noticias\/?s={search_term_string}"},"query-input":{"@type":"PropertyValueSpecification","valueRequired":true,"valueName":"search_term_string"}}],"inLanguage":"es"},{"@type":"Organization","@id":"http:\/\/rednacionaldearte.com\/noticias\/#organization","name":"Red Nacional de Arte","url":"http:\/\/rednacionaldearte.com\/noticias\/","logo":{"@type":"ImageObject","inLanguage":"es","@id":"http:\/\/rednacionaldearte.com\/noticias\/#\/schema\/logo\/image\/","url":"http:\/\/rednacionaldearte.com\/noticias\/wp-content\/uploads\/2016\/04\/logo.png","contentUrl":"http:\/\/rednacionaldearte.com\/noticias\/wp-content\/uploads\/2016\/04\/logo.png","width":575,"height":554,"caption":"Red Nacional de Arte"},"image":{"@id":"http:\/\/rednacionaldearte.com\/noticias\/#\/schema\/logo\/image\/"},"sameAs":["http:\/\/www.facebook.com\/rednacionaldearte\/","https:\/\/x.com\/rednacionalarte"]},{"@type":"Person","@id":"http:\/\/rednacionaldearte.com\/noticias\/#\/schema\/person\/489d635082b1de413434d2708a3e5b9b","name":"Redacci\u00f3n","image":{"@type":"ImageObject","inLanguage":"es","@id":"https:\/\/secure.gravatar.com\/avatar\/1d1c30eaee7c2f6cfa13fb8502cb06839106cdf371b9953d50e4b572d0bfa3c7?s=96&d=mm&r=g","url":"https:\/\/secure.gravatar.com\/avatar\/1d1c30eaee7c2f6cfa13fb8502cb06839106cdf371b9953d50e4b572d0bfa3c7?s=96&d=mm&r=g","contentUrl":"https:\/\/secure.gravatar.com\/avatar\/1d1c30eaee7c2f6cfa13fb8502cb06839106cdf371b9953d50e4b572d0bfa3c7?s=96&d=mm&r=g","caption":"Redacci\u00f3n"},"url":"https:\/\/rednacionaldearte.com\/noticias\/author\/adan\/"}]}},"amp_validity":null,"amp_enabled":true,"_links":{"self":[{"href":"https:\/\/rednacionaldearte.com\/noticias\/wp-json\/wp\/v2\/posts\/1283","targetHints":{"allow":["GET"]}}],"collection":[{"href":"https:\/\/rednacionaldearte.com\/noticias\/wp-json\/wp\/v2\/posts"}],"about":[{"href":"https:\/\/rednacionaldearte.com\/noticias\/wp-json\/wp\/v2\/types\/post"}],"author":[{"embeddable":true,"href":"https:\/\/rednacionaldearte.com\/noticias\/wp-json\/wp\/v2\/users\/1"}],"replies":[{"embeddable":true,"href":"https:\/\/rednacionaldearte.com\/noticias\/wp-json\/wp\/v2\/comments?post=1283"}],"version-history":[{"count":3,"href":"https:\/\/rednacionaldearte.com\/noticias\/wp-json\/wp\/v2\/posts\/1283\/revisions"}],"predecessor-version":[{"id":1309,"href":"https:\/\/rednacionaldearte.com\/noticias\/wp-json\/wp\/v2\/posts\/1283\/revisions\/1309"}],"wp:featuredmedia":[{"embeddable":true,"href":"https:\/\/rednacionaldearte.com\/noticias\/wp-json\/wp\/v2\/media\/1284"}],"wp:attachment":[{"href":"https:\/\/rednacionaldearte.com\/noticias\/wp-json\/wp\/v2\/media?parent=1283"}],"wp:term":[{"taxonomy":"category","embeddable":true,"href":"https:\/\/rednacionaldearte.com\/noticias\/wp-json\/wp\/v2\/categories?post=1283"},{"taxonomy":"post_tag","embeddable":true,"href":"https:\/\/rednacionaldearte.com\/noticias\/wp-json\/wp\/v2\/tags?post=1283"}],"curies":[{"name":"wp","href":"https:\/\/api.w.org\/{rel}","templated":true}]}}