{"id":152,"date":"2016-07-22T06:34:26","date_gmt":"2016-07-22T06:34:26","guid":{"rendered":"http:\/\/rednacionaldearte.com\/noticias\/?p=152"},"modified":"2016-07-25T20:09:35","modified_gmt":"2016-07-25T20:09:35","slug":"laboratorio-de-creacion-fotografica-en-morelia","status":"publish","type":"post","link":"https:\/\/rednacionaldearte.com\/noticias\/laboratorio-de-creacion-fotografica-en-morelia\/","title":{"rendered":"Laboratorio de Creaci\u00f3n Fotogr\u00e1fica en Morelia"},"content":{"rendered":"<div class=\"page\" title=\"Page 1\">\n<div class=\"layoutArea\">\n<div class=\"column\">\n<p style=\"text-align: justify;\"><a href=\"http:\/\/rednacionaldearte.com\/noticias\/wp-content\/uploads\/2016\/07\/Laboratorio-Estenope\u0301ico-Morelia.jpg\"><img loading=\"lazy\" decoding=\"async\" class=\"aligncenter size-full wp-image-153\" src=\"http:\/\/rednacionaldearte.com\/noticias\/wp-content\/uploads\/2016\/07\/Laboratorio-Estenope\u0301ico-Morelia.jpg\" alt=\"Laboratorio Estenope\u0301ico Morelia\" width=\"924\" height=\"641\" srcset=\"https:\/\/rednacionaldearte.com\/noticias\/wp-content\/uploads\/2016\/07\/Laboratorio-Estenope\u0301ico-Morelia.jpg 924w, https:\/\/rednacionaldearte.com\/noticias\/wp-content\/uploads\/2016\/07\/Laboratorio-Estenope\u0301ico-Morelia-300x208.jpg 300w, https:\/\/rednacionaldearte.com\/noticias\/wp-content\/uploads\/2016\/07\/Laboratorio-Estenope\u0301ico-Morelia-768x533.jpg 768w\" sizes=\"auto, (max-width: 924px) 100vw, 924px\" \/><\/a><\/p>\n<p style=\"text-align: justify;\">Durante el laboratorio, cada participante podra\u0301 armar una ca\u0301mara estenope\u0301ica, capturar fotografi\u0301as con e\u0301sta y posteriormente revelarlas en un cuarto oscuro. La ca\u0301mara estenope\u0301ica es un sistema que permite generar ima\u0301genes sin el uso de un lente convencional. Para lograrlo, se utiliza un \u2018estenopo\u2019, que es un pequen\u0303o agujero que produce una profundidad de campo infinita.<\/p>\n<p style=\"text-align: justify;\">La fotografi\u0301a estenope\u0301ica tiene grandes posibilidades de experimentacio\u0301n formal y este\u0301tica, y resulta un me\u0301todo muy dida\u0301ctico para la ensen\u0303anza fotogra\u0301fica. El participante es capaz de comprender el feno\u0301meno fi\u0301sico que permite la formacio\u0301n de ima\u0301genes, y al contar con una cantidad ma\u0301s limitada de disparos, se ve sujeto a discretizar la realidad y construir las piezas de manera ma\u0301s pensada.<\/p>\n<\/div>\n<div class=\"page\" title=\"Page 2\">\n<div class=\"layoutArea\">\n<div class=\"column\">\n<p style=\"text-align: justify;\"><strong>Objetivos:<\/strong><\/p>\n<p style=\"text-align: justify;\">Generar un proceso de sensibilizacio\u0301n arti\u0301stica y experimentacio\u0301n con soportes fotogra\u0301ficos ana\u0301logos y procesos antiguos, entendiendo el feno\u0301meno lumi\u0301nico que produce la formacio\u0301n de las ima\u0301genes para asi\u0301 construir nuestra propia ca\u0301mara para peli\u0301cula de 35mm y realizar una serie fotogra\u0301fica con ella, que posteriormente se revelara\u0301 de forma qui\u0301mica en blanco y negro.<\/p>\n<p style=\"text-align: justify;\"><strong>Dirigido a:\u00a0<\/strong>Toda persona interesada en la fotografi\u0301a y los procesos antiguos. Con o sin conocimientos fotogra\u0301ficos previos.<\/p>\n<div class=\"page\" title=\"Page 2\">\n<div class=\"layoutArea\">\n<div class=\"column\">\n<p style=\"text-align: justify;\"><strong>Duracio\u0301n:<\/strong> 2 di\u0301as intensivos \/ 12 horas aprox. en total.<\/p>\n<p><strong>Horario: <\/strong>9\u00a0am a 3 pm.<\/p>\n<p><strong>Cuota de recuperacio\u0301n:<\/strong><\/p>\n<p><strong>\u00a0 \u00a0 \u00a0 Pu\u0301blico en general:<\/strong> $950.00 MXN<\/p>\n<p><strong>\u00a0 \u00a0 \u00a0 <\/strong>Pagando antes del 10 de agosto: $850 MXN.<\/p>\n<p><strong><strong>\u00a0 \u00a0 \u00a0 <\/strong>Estudiantes:<\/strong> $850.00 MXN.<\/p>\n<p><strong>\u00a0 \u00a0 \u00a0 <\/strong>Pagando antes del 10 de agosto: $780 MXN.<\/p>\n<div class=\"page\" title=\"Page 2\">\n<div class=\"layoutArea\">\n<div class=\"column\">\n<p>&nbsp;<\/p>\n<p><strong>Al finalizar el laboratorio se entregara\u0301 una constancia de participacio\u0301n.<\/strong><\/p>\n<div class=\"page\" title=\"Page 2\">\n<div class=\"layoutArea\">\n<div class=\"column\">\n<p>&nbsp;<\/p>\n<p><strong>Temas que sera\u0301n abordados:<\/strong><\/p>\n<p style=\"text-align: center;\">Los ori\u0301genes y el estado actual de la fotografi\u0301a | La luz y la ca\u0301mara oscura | La peli\u0301cula en Blanco y Negro | Diafragmas, obturacio\u0301n y sensibilidad del soporte | Qui\u0301micos | Proceso de revelado en Blanco y Negro | Ana\u0301lisis del Negativo | Me\u0301todos de escaneo y positivado alternativos<\/p>\n<p style=\"text-align: center;\"><a class=\"fasc-button fasc-size-medium fasc-type-flat\" style=\"background-color: #33809e; color: #ffffff;\" href=\"http:\/\/rednacionaldearte.com\/docs\/LABORATORIO-DE-CREACION-FOTOGRAFICA-MORELIA.pdf\" target=\"_blank\" data-fasc-style=\"background-color:#33809e;color:#ffffff;\">Info Adicional y M\u00e9todos de pago<\/a><\/p>\n<p style=\"text-align: center;\"><a class=\"fasc-button fasc-size-medium fasc-type-flat\" style=\"background-color: #33809e; color: #ffffff;\" href=\"http:\/\/rednacionaldearte.com\/noticias\/info-cursos\/\" target=\"_blank\" data-fasc-style=\"background-color:#33809e;color:#ffffff;\">Solicitar m\u00e1s informaci\u00f3n<\/a><\/p>\n<\/div>\n<\/div>\n<\/div>\n<\/div>\n<\/div>\n<\/div>\n<\/div>\n<\/div>\n<\/div>\n<\/div>\n<\/div>\n<\/div>\n<\/div>\n<\/div>\n","protected":false},"excerpt":{"rendered":"<p>Durante el laboratorio, cada participante podra\u0301 armar una ca\u0301mara estenope\u0301ica, capturar fotografi\u0301as con e\u0301sta y posteriormente revelarlas en un cuarto oscuro. La ca\u0301mara estenope\u0301ica es un sistema que permite generar ima\u0301genes sin el uso de un lente convencional. Para lograrlo, se utiliza un \u2018estenopo\u2019, que es un pequen\u0303o agujero que produce una profundidad de campo [&hellip;]<\/p>\n","protected":false},"author":1,"featured_media":153,"comment_status":"closed","ping_status":"open","sticky":false,"template":"","format":"standard","meta":{"footnotes":""},"categories":[59,43,2,63],"tags":[64,65],"class_list":["post-152","post","type-post","status-publish","format-standard","has-post-thumbnail","hentry","category-artes-visuales","category-cursos","category-fotografia","category-laboratorios","tag-laboratorio-de-creacion-fotografica","tag-morelia"],"yoast_head":"<!-- This site is optimized with the Yoast SEO plugin v27.2 - https:\/\/yoast.com\/product\/yoast-seo-wordpress\/ -->\n<title>Laboratorio de Creaci\u00f3n Fotogr\u00e1fica en Morelia - Red Nacional de Arte<\/title>\n<meta name=\"robots\" content=\"index, follow, max-snippet:-1, max-image-preview:large, max-video-preview:-1\" \/>\n<link rel=\"canonical\" href=\"http:\/\/rednacionaldearte.com\/noticias\/laboratorio-de-creacion-fotografica-en-morelia\/\" \/>\n<meta property=\"og:locale\" content=\"es_ES\" \/>\n<meta property=\"og:type\" content=\"article\" \/>\n<meta property=\"og:title\" content=\"Laboratorio de Creaci\u00f3n Fotogr\u00e1fica en Morelia - Red Nacional de Arte\" \/>\n<meta property=\"og:description\" content=\"Durante el laboratorio, cada participante podra\u0301 armar una ca\u0301mara estenope\u0301ica, capturar fotografi\u0301as con e\u0301sta y posteriormente revelarlas en un cuarto oscuro. La ca\u0301mara estenope\u0301ica es un sistema que permite generar ima\u0301genes sin el uso de un lente convencional. Para lograrlo, se utiliza un \u2018estenopo\u2019, que es un pequen\u0303o agujero que produce una profundidad de campo [&hellip;]\" \/>\n<meta property=\"og:url\" content=\"http:\/\/rednacionaldearte.com\/noticias\/laboratorio-de-creacion-fotografica-en-morelia\/\" \/>\n<meta property=\"og:site_name\" content=\"Red Nacional de Arte\" \/>\n<meta property=\"article:publisher\" content=\"http:\/\/www.facebook.com\/rednacionaldearte\/\" \/>\n<meta property=\"article:published_time\" content=\"2016-07-22T06:34:26+00:00\" \/>\n<meta property=\"article:modified_time\" content=\"2016-07-25T20:09:35+00:00\" \/>\n<meta property=\"og:image\" content=\"http:\/\/rednacionaldearte.com\/noticias\/wp-content\/uploads\/2016\/07\/Laboratorio-Estenope\u0301ico-Morelia.jpg\" \/>\n\t<meta property=\"og:image:width\" content=\"924\" \/>\n\t<meta property=\"og:image:height\" content=\"641\" \/>\n\t<meta property=\"og:image:type\" content=\"image\/jpeg\" \/>\n<meta name=\"author\" content=\"Redacci\u00f3n\" \/>\n<meta name=\"twitter:card\" content=\"summary_large_image\" \/>\n<meta name=\"twitter:creator\" content=\"@rednacionalarte\" \/>\n<meta name=\"twitter:site\" content=\"@rednacionalarte\" \/>\n<meta name=\"twitter:label1\" content=\"Escrito por\" \/>\n\t<meta name=\"twitter:data1\" content=\"Redacci\u00f3n\" \/>\n\t<meta name=\"twitter:label2\" content=\"Tiempo de lectura\" \/>\n\t<meta name=\"twitter:data2\" content=\"2 minutos\" \/>\n<script type=\"application\/ld+json\" class=\"yoast-schema-graph\">{\"@context\":\"https:\/\/schema.org\",\"@graph\":[{\"@type\":\"Article\",\"@id\":\"http:\/\/rednacionaldearte.com\/noticias\/laboratorio-de-creacion-fotografica-en-morelia\/#article\",\"isPartOf\":{\"@id\":\"http:\/\/rednacionaldearte.com\/noticias\/laboratorio-de-creacion-fotografica-en-morelia\/\"},\"author\":{\"name\":\"Redacci\u00f3n\",\"@id\":\"http:\/\/rednacionaldearte.com\/noticias\/#\/schema\/person\/489d635082b1de413434d2708a3e5b9b\"},\"headline\":\"Laboratorio de Creaci\u00f3n Fotogr\u00e1fica en Morelia\",\"datePublished\":\"2016-07-22T06:34:26+00:00\",\"dateModified\":\"2016-07-25T20:09:35+00:00\",\"mainEntityOfPage\":{\"@id\":\"http:\/\/rednacionaldearte.com\/noticias\/laboratorio-de-creacion-fotografica-en-morelia\/\"},\"wordCount\":353,\"publisher\":{\"@id\":\"http:\/\/rednacionaldearte.com\/noticias\/#organization\"},\"image\":{\"@id\":\"http:\/\/rednacionaldearte.com\/noticias\/laboratorio-de-creacion-fotografica-en-morelia\/#primaryimage\"},\"thumbnailUrl\":\"https:\/\/rednacionaldearte.com\/noticias\/wp-content\/uploads\/2016\/07\/Laboratorio-Estenope\u0301ico-Morelia.jpg\",\"keywords\":[\"Laboratorio de Creaci\u00f3n Fotogr\u00e1fica\",\"Morelia\"],\"articleSection\":[\"Artes Visuales\",\"Cursos\",\"Fotograf\u00eda\",\"Laboratorios\"],\"inLanguage\":\"es\"},{\"@type\":\"WebPage\",\"@id\":\"http:\/\/rednacionaldearte.com\/noticias\/laboratorio-de-creacion-fotografica-en-morelia\/\",\"url\":\"http:\/\/rednacionaldearte.com\/noticias\/laboratorio-de-creacion-fotografica-en-morelia\/\",\"name\":\"Laboratorio de Creaci\u00f3n Fotogr\u00e1fica en Morelia - Red Nacional de Arte\",\"isPartOf\":{\"@id\":\"http:\/\/rednacionaldearte.com\/noticias\/#website\"},\"primaryImageOfPage\":{\"@id\":\"http:\/\/rednacionaldearte.com\/noticias\/laboratorio-de-creacion-fotografica-en-morelia\/#primaryimage\"},\"image\":{\"@id\":\"http:\/\/rednacionaldearte.com\/noticias\/laboratorio-de-creacion-fotografica-en-morelia\/#primaryimage\"},\"thumbnailUrl\":\"https:\/\/rednacionaldearte.com\/noticias\/wp-content\/uploads\/2016\/07\/Laboratorio-Estenope\u0301ico-Morelia.jpg\",\"datePublished\":\"2016-07-22T06:34:26+00:00\",\"dateModified\":\"2016-07-25T20:09:35+00:00\",\"breadcrumb\":{\"@id\":\"http:\/\/rednacionaldearte.com\/noticias\/laboratorio-de-creacion-fotografica-en-morelia\/#breadcrumb\"},\"inLanguage\":\"es\",\"potentialAction\":[{\"@type\":\"ReadAction\",\"target\":[\"http:\/\/rednacionaldearte.com\/noticias\/laboratorio-de-creacion-fotografica-en-morelia\/\"]}]},{\"@type\":\"ImageObject\",\"inLanguage\":\"es\",\"@id\":\"http:\/\/rednacionaldearte.com\/noticias\/laboratorio-de-creacion-fotografica-en-morelia\/#primaryimage\",\"url\":\"https:\/\/rednacionaldearte.com\/noticias\/wp-content\/uploads\/2016\/07\/Laboratorio-Estenope\u0301ico-Morelia.jpg\",\"contentUrl\":\"https:\/\/rednacionaldearte.com\/noticias\/wp-content\/uploads\/2016\/07\/Laboratorio-Estenope\u0301ico-Morelia.jpg\",\"width\":924,\"height\":641},{\"@type\":\"BreadcrumbList\",\"@id\":\"http:\/\/rednacionaldearte.com\/noticias\/laboratorio-de-creacion-fotografica-en-morelia\/#breadcrumb\",\"itemListElement\":[{\"@type\":\"ListItem\",\"position\":1,\"name\":\"Home\",\"item\":\"http:\/\/rednacionaldearte.com\/noticias\/\"},{\"@type\":\"ListItem\",\"position\":2,\"name\":\"Laboratorio de Creaci\u00f3n Fotogr\u00e1fica en Morelia\"}]},{\"@type\":\"WebSite\",\"@id\":\"http:\/\/rednacionaldearte.com\/noticias\/#website\",\"url\":\"http:\/\/rednacionaldearte.com\/noticias\/\",\"name\":\"Red Nacional de Arte\",\"description\":\"Cultura y Arte contempor\u00e1neo en M\u00e9xico\",\"publisher\":{\"@id\":\"http:\/\/rednacionaldearte.com\/noticias\/#organization\"},\"potentialAction\":[{\"@type\":\"SearchAction\",\"target\":{\"@type\":\"EntryPoint\",\"urlTemplate\":\"http:\/\/rednacionaldearte.com\/noticias\/?s={search_term_string}\"},\"query-input\":{\"@type\":\"PropertyValueSpecification\",\"valueRequired\":true,\"valueName\":\"search_term_string\"}}],\"inLanguage\":\"es\"},{\"@type\":\"Organization\",\"@id\":\"http:\/\/rednacionaldearte.com\/noticias\/#organization\",\"name\":\"Red Nacional de Arte\",\"url\":\"http:\/\/rednacionaldearte.com\/noticias\/\",\"logo\":{\"@type\":\"ImageObject\",\"inLanguage\":\"es\",\"@id\":\"http:\/\/rednacionaldearte.com\/noticias\/#\/schema\/logo\/image\/\",\"url\":\"http:\/\/rednacionaldearte.com\/noticias\/wp-content\/uploads\/2016\/04\/logo.png\",\"contentUrl\":\"http:\/\/rednacionaldearte.com\/noticias\/wp-content\/uploads\/2016\/04\/logo.png\",\"width\":575,\"height\":554,\"caption\":\"Red Nacional de Arte\"},\"image\":{\"@id\":\"http:\/\/rednacionaldearte.com\/noticias\/#\/schema\/logo\/image\/\"},\"sameAs\":[\"http:\/\/www.facebook.com\/rednacionaldearte\/\",\"https:\/\/x.com\/rednacionalarte\"]},{\"@type\":\"Person\",\"@id\":\"http:\/\/rednacionaldearte.com\/noticias\/#\/schema\/person\/489d635082b1de413434d2708a3e5b9b\",\"name\":\"Redacci\u00f3n\",\"image\":{\"@type\":\"ImageObject\",\"inLanguage\":\"es\",\"@id\":\"https:\/\/secure.gravatar.com\/avatar\/1d1c30eaee7c2f6cfa13fb8502cb06839106cdf371b9953d50e4b572d0bfa3c7?s=96&d=mm&r=g\",\"url\":\"https:\/\/secure.gravatar.com\/avatar\/1d1c30eaee7c2f6cfa13fb8502cb06839106cdf371b9953d50e4b572d0bfa3c7?s=96&d=mm&r=g\",\"contentUrl\":\"https:\/\/secure.gravatar.com\/avatar\/1d1c30eaee7c2f6cfa13fb8502cb06839106cdf371b9953d50e4b572d0bfa3c7?s=96&d=mm&r=g\",\"caption\":\"Redacci\u00f3n\"},\"url\":\"https:\/\/rednacionaldearte.com\/noticias\/author\/adan\/\"}]}<\/script>\n<!-- \/ Yoast SEO plugin. -->","yoast_head_json":{"title":"Laboratorio de Creaci\u00f3n Fotogr\u00e1fica en Morelia - Red Nacional de Arte","robots":{"index":"index","follow":"follow","max-snippet":"max-snippet:-1","max-image-preview":"max-image-preview:large","max-video-preview":"max-video-preview:-1"},"canonical":"http:\/\/rednacionaldearte.com\/noticias\/laboratorio-de-creacion-fotografica-en-morelia\/","og_locale":"es_ES","og_type":"article","og_title":"Laboratorio de Creaci\u00f3n Fotogr\u00e1fica en Morelia - Red Nacional de Arte","og_description":"Durante el laboratorio, cada participante podra\u0301 armar una ca\u0301mara estenope\u0301ica, capturar fotografi\u0301as con e\u0301sta y posteriormente revelarlas en un cuarto oscuro. La ca\u0301mara estenope\u0301ica es un sistema que permite generar ima\u0301genes sin el uso de un lente convencional. Para lograrlo, se utiliza un \u2018estenopo\u2019, que es un pequen\u0303o agujero que produce una profundidad de campo [&hellip;]","og_url":"http:\/\/rednacionaldearte.com\/noticias\/laboratorio-de-creacion-fotografica-en-morelia\/","og_site_name":"Red Nacional de Arte","article_publisher":"http:\/\/www.facebook.com\/rednacionaldearte\/","article_published_time":"2016-07-22T06:34:26+00:00","article_modified_time":"2016-07-25T20:09:35+00:00","og_image":[{"width":924,"height":641,"url":"http:\/\/rednacionaldearte.com\/noticias\/wp-content\/uploads\/2016\/07\/Laboratorio-Estenope\u0301ico-Morelia.jpg","type":"image\/jpeg"}],"author":"Redacci\u00f3n","twitter_card":"summary_large_image","twitter_creator":"@rednacionalarte","twitter_site":"@rednacionalarte","twitter_misc":{"Escrito por":"Redacci\u00f3n","Tiempo de lectura":"2 minutos"},"schema":{"@context":"https:\/\/schema.org","@graph":[{"@type":"Article","@id":"http:\/\/rednacionaldearte.com\/noticias\/laboratorio-de-creacion-fotografica-en-morelia\/#article","isPartOf":{"@id":"http:\/\/rednacionaldearte.com\/noticias\/laboratorio-de-creacion-fotografica-en-morelia\/"},"author":{"name":"Redacci\u00f3n","@id":"http:\/\/rednacionaldearte.com\/noticias\/#\/schema\/person\/489d635082b1de413434d2708a3e5b9b"},"headline":"Laboratorio de Creaci\u00f3n Fotogr\u00e1fica en Morelia","datePublished":"2016-07-22T06:34:26+00:00","dateModified":"2016-07-25T20:09:35+00:00","mainEntityOfPage":{"@id":"http:\/\/rednacionaldearte.com\/noticias\/laboratorio-de-creacion-fotografica-en-morelia\/"},"wordCount":353,"publisher":{"@id":"http:\/\/rednacionaldearte.com\/noticias\/#organization"},"image":{"@id":"http:\/\/rednacionaldearte.com\/noticias\/laboratorio-de-creacion-fotografica-en-morelia\/#primaryimage"},"thumbnailUrl":"https:\/\/rednacionaldearte.com\/noticias\/wp-content\/uploads\/2016\/07\/Laboratorio-Estenope\u0301ico-Morelia.jpg","keywords":["Laboratorio de Creaci\u00f3n Fotogr\u00e1fica","Morelia"],"articleSection":["Artes Visuales","Cursos","Fotograf\u00eda","Laboratorios"],"inLanguage":"es"},{"@type":"WebPage","@id":"http:\/\/rednacionaldearte.com\/noticias\/laboratorio-de-creacion-fotografica-en-morelia\/","url":"http:\/\/rednacionaldearte.com\/noticias\/laboratorio-de-creacion-fotografica-en-morelia\/","name":"Laboratorio de Creaci\u00f3n Fotogr\u00e1fica en Morelia - Red Nacional de Arte","isPartOf":{"@id":"http:\/\/rednacionaldearte.com\/noticias\/#website"},"primaryImageOfPage":{"@id":"http:\/\/rednacionaldearte.com\/noticias\/laboratorio-de-creacion-fotografica-en-morelia\/#primaryimage"},"image":{"@id":"http:\/\/rednacionaldearte.com\/noticias\/laboratorio-de-creacion-fotografica-en-morelia\/#primaryimage"},"thumbnailUrl":"https:\/\/rednacionaldearte.com\/noticias\/wp-content\/uploads\/2016\/07\/Laboratorio-Estenope\u0301ico-Morelia.jpg","datePublished":"2016-07-22T06:34:26+00:00","dateModified":"2016-07-25T20:09:35+00:00","breadcrumb":{"@id":"http:\/\/rednacionaldearte.com\/noticias\/laboratorio-de-creacion-fotografica-en-morelia\/#breadcrumb"},"inLanguage":"es","potentialAction":[{"@type":"ReadAction","target":["http:\/\/rednacionaldearte.com\/noticias\/laboratorio-de-creacion-fotografica-en-morelia\/"]}]},{"@type":"ImageObject","inLanguage":"es","@id":"http:\/\/rednacionaldearte.com\/noticias\/laboratorio-de-creacion-fotografica-en-morelia\/#primaryimage","url":"https:\/\/rednacionaldearte.com\/noticias\/wp-content\/uploads\/2016\/07\/Laboratorio-Estenope\u0301ico-Morelia.jpg","contentUrl":"https:\/\/rednacionaldearte.com\/noticias\/wp-content\/uploads\/2016\/07\/Laboratorio-Estenope\u0301ico-Morelia.jpg","width":924,"height":641},{"@type":"BreadcrumbList","@id":"http:\/\/rednacionaldearte.com\/noticias\/laboratorio-de-creacion-fotografica-en-morelia\/#breadcrumb","itemListElement":[{"@type":"ListItem","position":1,"name":"Home","item":"http:\/\/rednacionaldearte.com\/noticias\/"},{"@type":"ListItem","position":2,"name":"Laboratorio de Creaci\u00f3n Fotogr\u00e1fica en Morelia"}]},{"@type":"WebSite","@id":"http:\/\/rednacionaldearte.com\/noticias\/#website","url":"http:\/\/rednacionaldearte.com\/noticias\/","name":"Red Nacional de Arte","description":"Cultura y Arte contempor\u00e1neo en M\u00e9xico","publisher":{"@id":"http:\/\/rednacionaldearte.com\/noticias\/#organization"},"potentialAction":[{"@type":"SearchAction","target":{"@type":"EntryPoint","urlTemplate":"http:\/\/rednacionaldearte.com\/noticias\/?s={search_term_string}"},"query-input":{"@type":"PropertyValueSpecification","valueRequired":true,"valueName":"search_term_string"}}],"inLanguage":"es"},{"@type":"Organization","@id":"http:\/\/rednacionaldearte.com\/noticias\/#organization","name":"Red Nacional de Arte","url":"http:\/\/rednacionaldearte.com\/noticias\/","logo":{"@type":"ImageObject","inLanguage":"es","@id":"http:\/\/rednacionaldearte.com\/noticias\/#\/schema\/logo\/image\/","url":"http:\/\/rednacionaldearte.com\/noticias\/wp-content\/uploads\/2016\/04\/logo.png","contentUrl":"http:\/\/rednacionaldearte.com\/noticias\/wp-content\/uploads\/2016\/04\/logo.png","width":575,"height":554,"caption":"Red Nacional de Arte"},"image":{"@id":"http:\/\/rednacionaldearte.com\/noticias\/#\/schema\/logo\/image\/"},"sameAs":["http:\/\/www.facebook.com\/rednacionaldearte\/","https:\/\/x.com\/rednacionalarte"]},{"@type":"Person","@id":"http:\/\/rednacionaldearte.com\/noticias\/#\/schema\/person\/489d635082b1de413434d2708a3e5b9b","name":"Redacci\u00f3n","image":{"@type":"ImageObject","inLanguage":"es","@id":"https:\/\/secure.gravatar.com\/avatar\/1d1c30eaee7c2f6cfa13fb8502cb06839106cdf371b9953d50e4b572d0bfa3c7?s=96&d=mm&r=g","url":"https:\/\/secure.gravatar.com\/avatar\/1d1c30eaee7c2f6cfa13fb8502cb06839106cdf371b9953d50e4b572d0bfa3c7?s=96&d=mm&r=g","contentUrl":"https:\/\/secure.gravatar.com\/avatar\/1d1c30eaee7c2f6cfa13fb8502cb06839106cdf371b9953d50e4b572d0bfa3c7?s=96&d=mm&r=g","caption":"Redacci\u00f3n"},"url":"https:\/\/rednacionaldearte.com\/noticias\/author\/adan\/"}]}},"amp_validity":null,"amp_enabled":true,"_links":{"self":[{"href":"https:\/\/rednacionaldearte.com\/noticias\/wp-json\/wp\/v2\/posts\/152","targetHints":{"allow":["GET"]}}],"collection":[{"href":"https:\/\/rednacionaldearte.com\/noticias\/wp-json\/wp\/v2\/posts"}],"about":[{"href":"https:\/\/rednacionaldearte.com\/noticias\/wp-json\/wp\/v2\/types\/post"}],"author":[{"embeddable":true,"href":"https:\/\/rednacionaldearte.com\/noticias\/wp-json\/wp\/v2\/users\/1"}],"replies":[{"embeddable":true,"href":"https:\/\/rednacionaldearte.com\/noticias\/wp-json\/wp\/v2\/comments?post=152"}],"version-history":[{"count":7,"href":"https:\/\/rednacionaldearte.com\/noticias\/wp-json\/wp\/v2\/posts\/152\/revisions"}],"predecessor-version":[{"id":161,"href":"https:\/\/rednacionaldearte.com\/noticias\/wp-json\/wp\/v2\/posts\/152\/revisions\/161"}],"wp:featuredmedia":[{"embeddable":true,"href":"https:\/\/rednacionaldearte.com\/noticias\/wp-json\/wp\/v2\/media\/153"}],"wp:attachment":[{"href":"https:\/\/rednacionaldearte.com\/noticias\/wp-json\/wp\/v2\/media?parent=152"}],"wp:term":[{"taxonomy":"category","embeddable":true,"href":"https:\/\/rednacionaldearte.com\/noticias\/wp-json\/wp\/v2\/categories?post=152"},{"taxonomy":"post_tag","embeddable":true,"href":"https:\/\/rednacionaldearte.com\/noticias\/wp-json\/wp\/v2\/tags?post=152"}],"curies":[{"name":"wp","href":"https:\/\/api.w.org\/{rel}","templated":true}]}}