{"id":1573,"date":"2018-03-16T15:18:50","date_gmt":"2018-03-16T15:18:50","guid":{"rendered":"http:\/\/circuloa.com\/?p=23180"},"modified":"2018-03-26T01:27:02","modified_gmt":"2018-03-26T01:27:02","slug":"convocatoria-arte-ciencia-y-tecnologias","status":"publish","type":"post","link":"https:\/\/rednacionaldearte.com\/noticias\/convocatoria-arte-ciencia-y-tecnologias\/","title":{"rendered":"Arte, Ciencia y Tecnolog\u00edas (ACT)"},"content":{"rendered":"<p><strong>Convocatoria abierta hasta:&nbsp;<\/strong>11 de Mayo del 2018<strong><br \/>\n<\/strong><\/p>\n<p class=\"style23\" align=\"justify\">La Secretar\u00eda de Cultura, a trav\u00e9s del Centro Nacional de las Artes en colaboraci\u00f3n con el Fondo Nacional para la Cultura y las Artes (FONCA) y la Universidad Nacional Aut\u00f3noma de M\u00e9xico (UNAM) unen esfuerzos para presentar la Convocatoria Arte, Ciencia y Tecnolog\u00edas (ACT), que tiene por objetivo estimular el di\u00e1logo, el intercambio y la colaboraci\u00f3n entre los \u00e1mbitos de las ciencias, las artes, las tecnolog\u00edas y las humanidades en nuestro pa\u00eds.<\/p>\n<p style=\"text-align: center;\"><a class=\"fasc-button fasc-size-medium fasc-type-flat\" style=\"background-color: #33809e; color: #ffffff;\" target=\"_blank\" rel=\"nofollow\" href=\"https:\/\/foncaenlinea.cultura.gob.mx\/archivosbases\/bases_act_2018_5197.pdf\">Descargar Convocatoria<\/a><br \/>\n<img loading=\"lazy\" decoding=\"async\" class=\"wp-image-23181 aligncenter\" src=\"http:\/\/rednacionaldearte.com\/noticias\/wp-content\/uploads\/2018\/03\/convocatoria-arte-ciencia-y-tecnologias-act-2018-fonca-mexico.jpg\" alt=\"\" width=\"521\" height=\"348\"><\/p>\n<p class=\"style23\" align=\"justify\">&nbsp;<\/p>\n","protected":false},"excerpt":{"rendered":"<p>Convocatoria abierta hasta:&nbsp;11 de Mayo del 2018 La Secretar\u00eda de Cultura, a trav\u00e9s del Centro Nacional de las Artes en colaboraci\u00f3n con el Fondo Nacional para la Cultura y las Artes (FONCA) y la Universidad Nacional Aut\u00f3noma de M\u00e9xico (UNAM) unen esfuerzos para presentar la Convocatoria Arte, Ciencia y Tecnolog\u00edas (ACT), que tiene por objetivo [&hellip;]<\/p>\n","protected":false},"author":1,"featured_media":1574,"comment_status":"open","ping_status":"closed","sticky":false,"template":"","format":"standard","meta":{"footnotes":""},"categories":[24,44],"tags":[],"class_list":["post-1573","post","type-post","status-publish","format-standard","has-post-thumbnail","hentry","category-convocatorias","category-otros"],"yoast_head":"<!-- This site is optimized with the Yoast SEO plugin v27.2 - https:\/\/yoast.com\/product\/yoast-seo-wordpress\/ -->\n<title>Arte, Ciencia y Tecnolog\u00edas (ACT) - Red Nacional de Arte<\/title>\n<meta name=\"robots\" content=\"index, follow, max-snippet:-1, max-image-preview:large, max-video-preview:-1\" \/>\n<link rel=\"canonical\" href=\"http:\/\/rednacionaldearte.com\/noticias\/convocatoria-arte-ciencia-y-tecnologias\/\" \/>\n<meta property=\"og:locale\" content=\"es_ES\" \/>\n<meta property=\"og:type\" content=\"article\" \/>\n<meta property=\"og:title\" content=\"Arte, Ciencia y Tecnolog\u00edas (ACT) - Red Nacional de Arte\" \/>\n<meta property=\"og:description\" content=\"Convocatoria abierta hasta:&nbsp;11 de Mayo del 2018 La Secretar\u00eda de Cultura, a trav\u00e9s del Centro Nacional de las Artes en colaboraci\u00f3n con el Fondo Nacional para la Cultura y las Artes (FONCA) y la Universidad Nacional Aut\u00f3noma de M\u00e9xico (UNAM) unen esfuerzos para presentar la Convocatoria Arte, Ciencia y Tecnolog\u00edas (ACT), que tiene por objetivo [&hellip;]\" \/>\n<meta property=\"og:url\" content=\"http:\/\/rednacionaldearte.com\/noticias\/convocatoria-arte-ciencia-y-tecnologias\/\" \/>\n<meta property=\"og:site_name\" content=\"Red Nacional de Arte\" \/>\n<meta property=\"article:publisher\" content=\"http:\/\/www.facebook.com\/rednacionaldearte\/\" \/>\n<meta property=\"article:published_time\" content=\"2018-03-16T15:18:50+00:00\" \/>\n<meta property=\"article:modified_time\" content=\"2018-03-26T01:27:02+00:00\" \/>\n<meta property=\"og:image\" content=\"http:\/\/rednacionaldearte.com\/noticias\/wp-content\/uploads\/2018\/03\/convocatoria-arte-ciencia-y-tecnologias-act-2018-fonca-mexico.jpg\" \/>\n\t<meta property=\"og:image:width\" content=\"1000\" \/>\n\t<meta property=\"og:image:height\" content=\"667\" \/>\n\t<meta property=\"og:image:type\" content=\"image\/jpeg\" \/>\n<meta name=\"author\" content=\"Redacci\u00f3n\" \/>\n<meta name=\"twitter:card\" content=\"summary_large_image\" \/>\n<meta name=\"twitter:creator\" content=\"@rednacionalarte\" \/>\n<meta name=\"twitter:site\" content=\"@rednacionalarte\" \/>\n<meta name=\"twitter:label1\" content=\"Escrito por\" \/>\n\t<meta name=\"twitter:data1\" content=\"Redacci\u00f3n\" \/>\n<script type=\"application\/ld+json\" class=\"yoast-schema-graph\">{\"@context\":\"https:\/\/schema.org\",\"@graph\":[{\"@type\":\"Article\",\"@id\":\"http:\/\/rednacionaldearte.com\/noticias\/convocatoria-arte-ciencia-y-tecnologias\/#article\",\"isPartOf\":{\"@id\":\"http:\/\/rednacionaldearte.com\/noticias\/convocatoria-arte-ciencia-y-tecnologias\/\"},\"author\":{\"name\":\"Redacci\u00f3n\",\"@id\":\"http:\/\/rednacionaldearte.com\/noticias\/#\/schema\/person\/489d635082b1de413434d2708a3e5b9b\"},\"headline\":\"Arte, Ciencia y Tecnolog\u00edas (ACT)\",\"datePublished\":\"2018-03-16T15:18:50+00:00\",\"dateModified\":\"2018-03-26T01:27:02+00:00\",\"mainEntityOfPage\":{\"@id\":\"http:\/\/rednacionaldearte.com\/noticias\/convocatoria-arte-ciencia-y-tecnologias\/\"},\"wordCount\":98,\"commentCount\":0,\"publisher\":{\"@id\":\"http:\/\/rednacionaldearte.com\/noticias\/#organization\"},\"image\":{\"@id\":\"http:\/\/rednacionaldearte.com\/noticias\/convocatoria-arte-ciencia-y-tecnologias\/#primaryimage\"},\"thumbnailUrl\":\"https:\/\/rednacionaldearte.com\/noticias\/wp-content\/uploads\/2018\/03\/convocatoria-arte-ciencia-y-tecnologias-act-2018-fonca-mexico.jpg\",\"articleSection\":[\"Convocatorias\",\"Otros\"],\"inLanguage\":\"es\",\"potentialAction\":[{\"@type\":\"CommentAction\",\"name\":\"Comment\",\"target\":[\"http:\/\/rednacionaldearte.com\/noticias\/convocatoria-arte-ciencia-y-tecnologias\/#respond\"]}]},{\"@type\":\"WebPage\",\"@id\":\"http:\/\/rednacionaldearte.com\/noticias\/convocatoria-arte-ciencia-y-tecnologias\/\",\"url\":\"http:\/\/rednacionaldearte.com\/noticias\/convocatoria-arte-ciencia-y-tecnologias\/\",\"name\":\"Arte, Ciencia y Tecnolog\u00edas (ACT) - Red Nacional de Arte\",\"isPartOf\":{\"@id\":\"http:\/\/rednacionaldearte.com\/noticias\/#website\"},\"primaryImageOfPage\":{\"@id\":\"http:\/\/rednacionaldearte.com\/noticias\/convocatoria-arte-ciencia-y-tecnologias\/#primaryimage\"},\"image\":{\"@id\":\"http:\/\/rednacionaldearte.com\/noticias\/convocatoria-arte-ciencia-y-tecnologias\/#primaryimage\"},\"thumbnailUrl\":\"https:\/\/rednacionaldearte.com\/noticias\/wp-content\/uploads\/2018\/03\/convocatoria-arte-ciencia-y-tecnologias-act-2018-fonca-mexico.jpg\",\"datePublished\":\"2018-03-16T15:18:50+00:00\",\"dateModified\":\"2018-03-26T01:27:02+00:00\",\"breadcrumb\":{\"@id\":\"http:\/\/rednacionaldearte.com\/noticias\/convocatoria-arte-ciencia-y-tecnologias\/#breadcrumb\"},\"inLanguage\":\"es\",\"potentialAction\":[{\"@type\":\"ReadAction\",\"target\":[\"http:\/\/rednacionaldearte.com\/noticias\/convocatoria-arte-ciencia-y-tecnologias\/\"]}]},{\"@type\":\"ImageObject\",\"inLanguage\":\"es\",\"@id\":\"http:\/\/rednacionaldearte.com\/noticias\/convocatoria-arte-ciencia-y-tecnologias\/#primaryimage\",\"url\":\"https:\/\/rednacionaldearte.com\/noticias\/wp-content\/uploads\/2018\/03\/convocatoria-arte-ciencia-y-tecnologias-act-2018-fonca-mexico.jpg\",\"contentUrl\":\"https:\/\/rednacionaldearte.com\/noticias\/wp-content\/uploads\/2018\/03\/convocatoria-arte-ciencia-y-tecnologias-act-2018-fonca-mexico.jpg\",\"width\":1000,\"height\":667},{\"@type\":\"BreadcrumbList\",\"@id\":\"http:\/\/rednacionaldearte.com\/noticias\/convocatoria-arte-ciencia-y-tecnologias\/#breadcrumb\",\"itemListElement\":[{\"@type\":\"ListItem\",\"position\":1,\"name\":\"Home\",\"item\":\"http:\/\/rednacionaldearte.com\/noticias\/\"},{\"@type\":\"ListItem\",\"position\":2,\"name\":\"Arte, Ciencia y Tecnolog\u00edas (ACT)\"}]},{\"@type\":\"WebSite\",\"@id\":\"http:\/\/rednacionaldearte.com\/noticias\/#website\",\"url\":\"http:\/\/rednacionaldearte.com\/noticias\/\",\"name\":\"Red Nacional de Arte\",\"description\":\"Cultura y Arte contempor\u00e1neo en M\u00e9xico\",\"publisher\":{\"@id\":\"http:\/\/rednacionaldearte.com\/noticias\/#organization\"},\"potentialAction\":[{\"@type\":\"SearchAction\",\"target\":{\"@type\":\"EntryPoint\",\"urlTemplate\":\"http:\/\/rednacionaldearte.com\/noticias\/?s={search_term_string}\"},\"query-input\":{\"@type\":\"PropertyValueSpecification\",\"valueRequired\":true,\"valueName\":\"search_term_string\"}}],\"inLanguage\":\"es\"},{\"@type\":\"Organization\",\"@id\":\"http:\/\/rednacionaldearte.com\/noticias\/#organization\",\"name\":\"Red Nacional de Arte\",\"url\":\"http:\/\/rednacionaldearte.com\/noticias\/\",\"logo\":{\"@type\":\"ImageObject\",\"inLanguage\":\"es\",\"@id\":\"http:\/\/rednacionaldearte.com\/noticias\/#\/schema\/logo\/image\/\",\"url\":\"http:\/\/rednacionaldearte.com\/noticias\/wp-content\/uploads\/2016\/04\/logo.png\",\"contentUrl\":\"http:\/\/rednacionaldearte.com\/noticias\/wp-content\/uploads\/2016\/04\/logo.png\",\"width\":575,\"height\":554,\"caption\":\"Red Nacional de Arte\"},\"image\":{\"@id\":\"http:\/\/rednacionaldearte.com\/noticias\/#\/schema\/logo\/image\/\"},\"sameAs\":[\"http:\/\/www.facebook.com\/rednacionaldearte\/\",\"https:\/\/x.com\/rednacionalarte\"]},{\"@type\":\"Person\",\"@id\":\"http:\/\/rednacionaldearte.com\/noticias\/#\/schema\/person\/489d635082b1de413434d2708a3e5b9b\",\"name\":\"Redacci\u00f3n\",\"image\":{\"@type\":\"ImageObject\",\"inLanguage\":\"es\",\"@id\":\"https:\/\/secure.gravatar.com\/avatar\/1d1c30eaee7c2f6cfa13fb8502cb06839106cdf371b9953d50e4b572d0bfa3c7?s=96&d=mm&r=g\",\"url\":\"https:\/\/secure.gravatar.com\/avatar\/1d1c30eaee7c2f6cfa13fb8502cb06839106cdf371b9953d50e4b572d0bfa3c7?s=96&d=mm&r=g\",\"contentUrl\":\"https:\/\/secure.gravatar.com\/avatar\/1d1c30eaee7c2f6cfa13fb8502cb06839106cdf371b9953d50e4b572d0bfa3c7?s=96&d=mm&r=g\",\"caption\":\"Redacci\u00f3n\"},\"url\":\"https:\/\/rednacionaldearte.com\/noticias\/author\/adan\/\"}]}<\/script>\n<!-- \/ Yoast SEO plugin. -->","yoast_head_json":{"title":"Arte, Ciencia y Tecnolog\u00edas (ACT) - Red Nacional de Arte","robots":{"index":"index","follow":"follow","max-snippet":"max-snippet:-1","max-image-preview":"max-image-preview:large","max-video-preview":"max-video-preview:-1"},"canonical":"http:\/\/rednacionaldearte.com\/noticias\/convocatoria-arte-ciencia-y-tecnologias\/","og_locale":"es_ES","og_type":"article","og_title":"Arte, Ciencia y Tecnolog\u00edas (ACT) - Red Nacional de Arte","og_description":"Convocatoria abierta hasta:&nbsp;11 de Mayo del 2018 La Secretar\u00eda de Cultura, a trav\u00e9s del Centro Nacional de las Artes en colaboraci\u00f3n con el Fondo Nacional para la Cultura y las Artes (FONCA) y la Universidad Nacional Aut\u00f3noma de M\u00e9xico (UNAM) unen esfuerzos para presentar la Convocatoria Arte, Ciencia y Tecnolog\u00edas (ACT), que tiene por objetivo [&hellip;]","og_url":"http:\/\/rednacionaldearte.com\/noticias\/convocatoria-arte-ciencia-y-tecnologias\/","og_site_name":"Red Nacional de Arte","article_publisher":"http:\/\/www.facebook.com\/rednacionaldearte\/","article_published_time":"2018-03-16T15:18:50+00:00","article_modified_time":"2018-03-26T01:27:02+00:00","og_image":[{"width":1000,"height":667,"url":"http:\/\/rednacionaldearte.com\/noticias\/wp-content\/uploads\/2018\/03\/convocatoria-arte-ciencia-y-tecnologias-act-2018-fonca-mexico.jpg","type":"image\/jpeg"}],"author":"Redacci\u00f3n","twitter_card":"summary_large_image","twitter_creator":"@rednacionalarte","twitter_site":"@rednacionalarte","twitter_misc":{"Escrito por":"Redacci\u00f3n"},"schema":{"@context":"https:\/\/schema.org","@graph":[{"@type":"Article","@id":"http:\/\/rednacionaldearte.com\/noticias\/convocatoria-arte-ciencia-y-tecnologias\/#article","isPartOf":{"@id":"http:\/\/rednacionaldearte.com\/noticias\/convocatoria-arte-ciencia-y-tecnologias\/"},"author":{"name":"Redacci\u00f3n","@id":"http:\/\/rednacionaldearte.com\/noticias\/#\/schema\/person\/489d635082b1de413434d2708a3e5b9b"},"headline":"Arte, Ciencia y Tecnolog\u00edas (ACT)","datePublished":"2018-03-16T15:18:50+00:00","dateModified":"2018-03-26T01:27:02+00:00","mainEntityOfPage":{"@id":"http:\/\/rednacionaldearte.com\/noticias\/convocatoria-arte-ciencia-y-tecnologias\/"},"wordCount":98,"commentCount":0,"publisher":{"@id":"http:\/\/rednacionaldearte.com\/noticias\/#organization"},"image":{"@id":"http:\/\/rednacionaldearte.com\/noticias\/convocatoria-arte-ciencia-y-tecnologias\/#primaryimage"},"thumbnailUrl":"https:\/\/rednacionaldearte.com\/noticias\/wp-content\/uploads\/2018\/03\/convocatoria-arte-ciencia-y-tecnologias-act-2018-fonca-mexico.jpg","articleSection":["Convocatorias","Otros"],"inLanguage":"es","potentialAction":[{"@type":"CommentAction","name":"Comment","target":["http:\/\/rednacionaldearte.com\/noticias\/convocatoria-arte-ciencia-y-tecnologias\/#respond"]}]},{"@type":"WebPage","@id":"http:\/\/rednacionaldearte.com\/noticias\/convocatoria-arte-ciencia-y-tecnologias\/","url":"http:\/\/rednacionaldearte.com\/noticias\/convocatoria-arte-ciencia-y-tecnologias\/","name":"Arte, Ciencia y Tecnolog\u00edas (ACT) - Red Nacional de Arte","isPartOf":{"@id":"http:\/\/rednacionaldearte.com\/noticias\/#website"},"primaryImageOfPage":{"@id":"http:\/\/rednacionaldearte.com\/noticias\/convocatoria-arte-ciencia-y-tecnologias\/#primaryimage"},"image":{"@id":"http:\/\/rednacionaldearte.com\/noticias\/convocatoria-arte-ciencia-y-tecnologias\/#primaryimage"},"thumbnailUrl":"https:\/\/rednacionaldearte.com\/noticias\/wp-content\/uploads\/2018\/03\/convocatoria-arte-ciencia-y-tecnologias-act-2018-fonca-mexico.jpg","datePublished":"2018-03-16T15:18:50+00:00","dateModified":"2018-03-26T01:27:02+00:00","breadcrumb":{"@id":"http:\/\/rednacionaldearte.com\/noticias\/convocatoria-arte-ciencia-y-tecnologias\/#breadcrumb"},"inLanguage":"es","potentialAction":[{"@type":"ReadAction","target":["http:\/\/rednacionaldearte.com\/noticias\/convocatoria-arte-ciencia-y-tecnologias\/"]}]},{"@type":"ImageObject","inLanguage":"es","@id":"http:\/\/rednacionaldearte.com\/noticias\/convocatoria-arte-ciencia-y-tecnologias\/#primaryimage","url":"https:\/\/rednacionaldearte.com\/noticias\/wp-content\/uploads\/2018\/03\/convocatoria-arte-ciencia-y-tecnologias-act-2018-fonca-mexico.jpg","contentUrl":"https:\/\/rednacionaldearte.com\/noticias\/wp-content\/uploads\/2018\/03\/convocatoria-arte-ciencia-y-tecnologias-act-2018-fonca-mexico.jpg","width":1000,"height":667},{"@type":"BreadcrumbList","@id":"http:\/\/rednacionaldearte.com\/noticias\/convocatoria-arte-ciencia-y-tecnologias\/#breadcrumb","itemListElement":[{"@type":"ListItem","position":1,"name":"Home","item":"http:\/\/rednacionaldearte.com\/noticias\/"},{"@type":"ListItem","position":2,"name":"Arte, Ciencia y Tecnolog\u00edas (ACT)"}]},{"@type":"WebSite","@id":"http:\/\/rednacionaldearte.com\/noticias\/#website","url":"http:\/\/rednacionaldearte.com\/noticias\/","name":"Red Nacional de Arte","description":"Cultura y Arte contempor\u00e1neo en M\u00e9xico","publisher":{"@id":"http:\/\/rednacionaldearte.com\/noticias\/#organization"},"potentialAction":[{"@type":"SearchAction","target":{"@type":"EntryPoint","urlTemplate":"http:\/\/rednacionaldearte.com\/noticias\/?s={search_term_string}"},"query-input":{"@type":"PropertyValueSpecification","valueRequired":true,"valueName":"search_term_string"}}],"inLanguage":"es"},{"@type":"Organization","@id":"http:\/\/rednacionaldearte.com\/noticias\/#organization","name":"Red Nacional de Arte","url":"http:\/\/rednacionaldearte.com\/noticias\/","logo":{"@type":"ImageObject","inLanguage":"es","@id":"http:\/\/rednacionaldearte.com\/noticias\/#\/schema\/logo\/image\/","url":"http:\/\/rednacionaldearte.com\/noticias\/wp-content\/uploads\/2016\/04\/logo.png","contentUrl":"http:\/\/rednacionaldearte.com\/noticias\/wp-content\/uploads\/2016\/04\/logo.png","width":575,"height":554,"caption":"Red Nacional de Arte"},"image":{"@id":"http:\/\/rednacionaldearte.com\/noticias\/#\/schema\/logo\/image\/"},"sameAs":["http:\/\/www.facebook.com\/rednacionaldearte\/","https:\/\/x.com\/rednacionalarte"]},{"@type":"Person","@id":"http:\/\/rednacionaldearte.com\/noticias\/#\/schema\/person\/489d635082b1de413434d2708a3e5b9b","name":"Redacci\u00f3n","image":{"@type":"ImageObject","inLanguage":"es","@id":"https:\/\/secure.gravatar.com\/avatar\/1d1c30eaee7c2f6cfa13fb8502cb06839106cdf371b9953d50e4b572d0bfa3c7?s=96&d=mm&r=g","url":"https:\/\/secure.gravatar.com\/avatar\/1d1c30eaee7c2f6cfa13fb8502cb06839106cdf371b9953d50e4b572d0bfa3c7?s=96&d=mm&r=g","contentUrl":"https:\/\/secure.gravatar.com\/avatar\/1d1c30eaee7c2f6cfa13fb8502cb06839106cdf371b9953d50e4b572d0bfa3c7?s=96&d=mm&r=g","caption":"Redacci\u00f3n"},"url":"https:\/\/rednacionaldearte.com\/noticias\/author\/adan\/"}]}},"amp_validity":null,"amp_enabled":true,"_links":{"self":[{"href":"https:\/\/rednacionaldearte.com\/noticias\/wp-json\/wp\/v2\/posts\/1573","targetHints":{"allow":["GET"]}}],"collection":[{"href":"https:\/\/rednacionaldearte.com\/noticias\/wp-json\/wp\/v2\/posts"}],"about":[{"href":"https:\/\/rednacionaldearte.com\/noticias\/wp-json\/wp\/v2\/types\/post"}],"author":[{"embeddable":true,"href":"https:\/\/rednacionaldearte.com\/noticias\/wp-json\/wp\/v2\/users\/1"}],"replies":[{"embeddable":true,"href":"https:\/\/rednacionaldearte.com\/noticias\/wp-json\/wp\/v2\/comments?post=1573"}],"version-history":[{"count":1,"href":"https:\/\/rednacionaldearte.com\/noticias\/wp-json\/wp\/v2\/posts\/1573\/revisions"}],"predecessor-version":[{"id":1954,"href":"https:\/\/rednacionaldearte.com\/noticias\/wp-json\/wp\/v2\/posts\/1573\/revisions\/1954"}],"wp:featuredmedia":[{"embeddable":true,"href":"https:\/\/rednacionaldearte.com\/noticias\/wp-json\/wp\/v2\/media\/1574"}],"wp:attachment":[{"href":"https:\/\/rednacionaldearte.com\/noticias\/wp-json\/wp\/v2\/media?parent=1573"}],"wp:term":[{"taxonomy":"category","embeddable":true,"href":"https:\/\/rednacionaldearte.com\/noticias\/wp-json\/wp\/v2\/categories?post=1573"},{"taxonomy":"post_tag","embeddable":true,"href":"https:\/\/rednacionaldearte.com\/noticias\/wp-json\/wp\/v2\/tags?post=1573"}],"curies":[{"name":"wp","href":"https:\/\/api.w.org\/{rel}","templated":true}]}}