{"id":1619,"date":"2018-03-17T15:31:20","date_gmt":"2018-03-17T15:31:20","guid":{"rendered":"http:\/\/circuloa.com\/?p=23202"},"modified":"2018-03-26T01:30:33","modified_gmt":"2018-03-26T01:30:33","slug":"convocatoria-3ra-bienal-de-fotografia-oaxaca","status":"publish","type":"post","link":"https:\/\/rednacionaldearte.com\/noticias\/convocatoria-3ra-bienal-de-fotografia-oaxaca\/","title":{"rendered":"3ra Bienal de Fotograf\u00eda Oaxaca"},"content":{"rendered":"<p><strong>Cierre de Convocatoria:&nbsp;<\/strong>29 de Agosto del 2018<\/p>\n<p><img loading=\"lazy\" decoding=\"async\" class=\"alignnone wp-image-23214 size-full\" src=\"http:\/\/rednacionaldearte.com\/noticias\/wp-content\/uploads\/2018\/03\/convocatoria-iiia-bienal-de-fotografia-oaxaca-2018-mexico.png\" alt=\"\" width=\"1140\" height=\"450\"><\/p>\n<p class=\"style23\" align=\"justify\">El Gobierno del estado de Oaxaca a trav\u00e9s de la Secretar\u00eda de las Culturas y Artes de Oaxaca en Colaboraci\u00f3n con el Centro Fotogr\u00e1fico \u00c1lvarez Bravo, convocan a la&nbsp;III\u00aa BIENAL DE FOTOGRAF\u00cdA OAXACA.<\/p>\n<p style=\"text-align: left;\">Podr\u00e1n participar todos\/as los\/as fot\u00f3grafos\/as de nacionalidad mexicana y extranjeros residentes en M\u00e9xico. Los extranjeros deber\u00e1n comprobar su residencia por un m\u00ednimo de 3 a\u00f1os previos a la presentaci\u00f3n de esta convocatoria a trav\u00e9s de documentaci\u00f3n migratoria v\u00e1lida.<\/p>\n<p style=\"text-align: center;\">\n<strong><a class=\"fasc-button fasc-size-medium fasc-type-flat\" style=\"background-color: #33809e; color: #ffffff;\" target=\"_blank\" rel=\"nofollow\" href=\"http:\/\/www.culturasyartes.oaxaca.gob.mx\/wp-content\/uploads\/2018\/03\/BIENALFOTOGRAFIA.pdf\">Descargar Convocatoria<\/a><br \/>\n<\/strong><\/p>\n<p>&nbsp;<\/p>\n","protected":false},"excerpt":{"rendered":"<p>Cierre de Convocatoria:&nbsp;29 de Agosto del 2018 El Gobierno del estado de Oaxaca a trav\u00e9s de la Secretar\u00eda de las Culturas y Artes de Oaxaca en Colaboraci\u00f3n con el Centro Fotogr\u00e1fico \u00c1lvarez Bravo, convocan a la&nbsp;III\u00aa BIENAL DE FOTOGRAF\u00cdA OAXACA. Podr\u00e1n participar todos\/as los\/as fot\u00f3grafos\/as de nacionalidad mexicana y extranjeros residentes en M\u00e9xico. Los extranjeros [&hellip;]<\/p>\n","protected":false},"author":1,"featured_media":1620,"comment_status":"open","ping_status":"closed","sticky":false,"template":"","format":"standard","meta":{"footnotes":""},"categories":[24,2],"tags":[],"class_list":["post-1619","post","type-post","status-publish","format-standard","has-post-thumbnail","hentry","category-convocatorias","category-fotografia"],"yoast_head":"<!-- This site is optimized with the Yoast SEO plugin v27.2 - https:\/\/yoast.com\/product\/yoast-seo-wordpress\/ -->\n<title>3ra Bienal de Fotograf\u00eda Oaxaca - Red Nacional de Arte<\/title>\n<meta name=\"robots\" content=\"index, follow, max-snippet:-1, max-image-preview:large, max-video-preview:-1\" \/>\n<link rel=\"canonical\" href=\"http:\/\/rednacionaldearte.com\/noticias\/convocatoria-3ra-bienal-de-fotografia-oaxaca\/\" \/>\n<meta property=\"og:locale\" content=\"es_ES\" \/>\n<meta property=\"og:type\" content=\"article\" \/>\n<meta property=\"og:title\" content=\"3ra Bienal de Fotograf\u00eda Oaxaca - Red Nacional de Arte\" \/>\n<meta property=\"og:description\" content=\"Cierre de Convocatoria:&nbsp;29 de Agosto del 2018 El Gobierno del estado de Oaxaca a trav\u00e9s de la Secretar\u00eda de las Culturas y Artes de Oaxaca en Colaboraci\u00f3n con el Centro Fotogr\u00e1fico \u00c1lvarez Bravo, convocan a la&nbsp;III\u00aa BIENAL DE FOTOGRAF\u00cdA OAXACA. Podr\u00e1n participar todos\/as los\/as fot\u00f3grafos\/as de nacionalidad mexicana y extranjeros residentes en M\u00e9xico. Los extranjeros [&hellip;]\" \/>\n<meta property=\"og:url\" content=\"http:\/\/rednacionaldearte.com\/noticias\/convocatoria-3ra-bienal-de-fotografia-oaxaca\/\" \/>\n<meta property=\"og:site_name\" content=\"Red Nacional de Arte\" \/>\n<meta property=\"article:publisher\" content=\"http:\/\/www.facebook.com\/rednacionaldearte\/\" \/>\n<meta property=\"article:published_time\" content=\"2018-03-17T15:31:20+00:00\" \/>\n<meta property=\"article:modified_time\" content=\"2018-03-26T01:30:33+00:00\" \/>\n<meta property=\"og:image\" content=\"http:\/\/rednacionaldearte.com\/noticias\/wp-content\/uploads\/2018\/03\/convocatoria-iiia-bienal-de-fotografia-oaxaca-2018-mexico.png\" \/>\n\t<meta property=\"og:image:width\" content=\"1140\" \/>\n\t<meta property=\"og:image:height\" content=\"450\" \/>\n\t<meta property=\"og:image:type\" content=\"image\/png\" \/>\n<meta name=\"author\" content=\"Redacci\u00f3n\" \/>\n<meta name=\"twitter:card\" content=\"summary_large_image\" \/>\n<meta name=\"twitter:creator\" content=\"@rednacionalarte\" \/>\n<meta name=\"twitter:site\" content=\"@rednacionalarte\" \/>\n<meta name=\"twitter:label1\" content=\"Escrito por\" \/>\n\t<meta name=\"twitter:data1\" content=\"Redacci\u00f3n\" \/>\n\t<meta name=\"twitter:label2\" content=\"Tiempo de lectura\" \/>\n\t<meta name=\"twitter:data2\" content=\"1 minuto\" \/>\n<script type=\"application\/ld+json\" class=\"yoast-schema-graph\">{\"@context\":\"https:\/\/schema.org\",\"@graph\":[{\"@type\":\"Article\",\"@id\":\"http:\/\/rednacionaldearte.com\/noticias\/convocatoria-3ra-bienal-de-fotografia-oaxaca\/#article\",\"isPartOf\":{\"@id\":\"http:\/\/rednacionaldearte.com\/noticias\/convocatoria-3ra-bienal-de-fotografia-oaxaca\/\"},\"author\":{\"name\":\"Redacci\u00f3n\",\"@id\":\"http:\/\/rednacionaldearte.com\/noticias\/#\/schema\/person\/489d635082b1de413434d2708a3e5b9b\"},\"headline\":\"3ra Bienal de Fotograf\u00eda Oaxaca\",\"datePublished\":\"2018-03-17T15:31:20+00:00\",\"dateModified\":\"2018-03-26T01:30:33+00:00\",\"mainEntityOfPage\":{\"@id\":\"http:\/\/rednacionaldearte.com\/noticias\/convocatoria-3ra-bienal-de-fotografia-oaxaca\/\"},\"wordCount\":106,\"commentCount\":0,\"publisher\":{\"@id\":\"http:\/\/rednacionaldearte.com\/noticias\/#organization\"},\"image\":{\"@id\":\"http:\/\/rednacionaldearte.com\/noticias\/convocatoria-3ra-bienal-de-fotografia-oaxaca\/#primaryimage\"},\"thumbnailUrl\":\"https:\/\/rednacionaldearte.com\/noticias\/wp-content\/uploads\/2018\/03\/convocatoria-iiia-bienal-de-fotografia-oaxaca-2018-mexico.png\",\"articleSection\":[\"Convocatorias\",\"Fotograf\u00eda\"],\"inLanguage\":\"es\",\"potentialAction\":[{\"@type\":\"CommentAction\",\"name\":\"Comment\",\"target\":[\"http:\/\/rednacionaldearte.com\/noticias\/convocatoria-3ra-bienal-de-fotografia-oaxaca\/#respond\"]}]},{\"@type\":\"WebPage\",\"@id\":\"http:\/\/rednacionaldearte.com\/noticias\/convocatoria-3ra-bienal-de-fotografia-oaxaca\/\",\"url\":\"http:\/\/rednacionaldearte.com\/noticias\/convocatoria-3ra-bienal-de-fotografia-oaxaca\/\",\"name\":\"3ra Bienal de Fotograf\u00eda Oaxaca - Red Nacional de Arte\",\"isPartOf\":{\"@id\":\"http:\/\/rednacionaldearte.com\/noticias\/#website\"},\"primaryImageOfPage\":{\"@id\":\"http:\/\/rednacionaldearte.com\/noticias\/convocatoria-3ra-bienal-de-fotografia-oaxaca\/#primaryimage\"},\"image\":{\"@id\":\"http:\/\/rednacionaldearte.com\/noticias\/convocatoria-3ra-bienal-de-fotografia-oaxaca\/#primaryimage\"},\"thumbnailUrl\":\"https:\/\/rednacionaldearte.com\/noticias\/wp-content\/uploads\/2018\/03\/convocatoria-iiia-bienal-de-fotografia-oaxaca-2018-mexico.png\",\"datePublished\":\"2018-03-17T15:31:20+00:00\",\"dateModified\":\"2018-03-26T01:30:33+00:00\",\"breadcrumb\":{\"@id\":\"http:\/\/rednacionaldearte.com\/noticias\/convocatoria-3ra-bienal-de-fotografia-oaxaca\/#breadcrumb\"},\"inLanguage\":\"es\",\"potentialAction\":[{\"@type\":\"ReadAction\",\"target\":[\"http:\/\/rednacionaldearte.com\/noticias\/convocatoria-3ra-bienal-de-fotografia-oaxaca\/\"]}]},{\"@type\":\"ImageObject\",\"inLanguage\":\"es\",\"@id\":\"http:\/\/rednacionaldearte.com\/noticias\/convocatoria-3ra-bienal-de-fotografia-oaxaca\/#primaryimage\",\"url\":\"https:\/\/rednacionaldearte.com\/noticias\/wp-content\/uploads\/2018\/03\/convocatoria-iiia-bienal-de-fotografia-oaxaca-2018-mexico.png\",\"contentUrl\":\"https:\/\/rednacionaldearte.com\/noticias\/wp-content\/uploads\/2018\/03\/convocatoria-iiia-bienal-de-fotografia-oaxaca-2018-mexico.png\",\"width\":1140,\"height\":450},{\"@type\":\"BreadcrumbList\",\"@id\":\"http:\/\/rednacionaldearte.com\/noticias\/convocatoria-3ra-bienal-de-fotografia-oaxaca\/#breadcrumb\",\"itemListElement\":[{\"@type\":\"ListItem\",\"position\":1,\"name\":\"Home\",\"item\":\"http:\/\/rednacionaldearte.com\/noticias\/\"},{\"@type\":\"ListItem\",\"position\":2,\"name\":\"3ra Bienal de Fotograf\u00eda Oaxaca\"}]},{\"@type\":\"WebSite\",\"@id\":\"http:\/\/rednacionaldearte.com\/noticias\/#website\",\"url\":\"http:\/\/rednacionaldearte.com\/noticias\/\",\"name\":\"Red Nacional de Arte\",\"description\":\"Cultura y Arte contempor\u00e1neo en M\u00e9xico\",\"publisher\":{\"@id\":\"http:\/\/rednacionaldearte.com\/noticias\/#organization\"},\"potentialAction\":[{\"@type\":\"SearchAction\",\"target\":{\"@type\":\"EntryPoint\",\"urlTemplate\":\"http:\/\/rednacionaldearte.com\/noticias\/?s={search_term_string}\"},\"query-input\":{\"@type\":\"PropertyValueSpecification\",\"valueRequired\":true,\"valueName\":\"search_term_string\"}}],\"inLanguage\":\"es\"},{\"@type\":\"Organization\",\"@id\":\"http:\/\/rednacionaldearte.com\/noticias\/#organization\",\"name\":\"Red Nacional de Arte\",\"url\":\"http:\/\/rednacionaldearte.com\/noticias\/\",\"logo\":{\"@type\":\"ImageObject\",\"inLanguage\":\"es\",\"@id\":\"http:\/\/rednacionaldearte.com\/noticias\/#\/schema\/logo\/image\/\",\"url\":\"http:\/\/rednacionaldearte.com\/noticias\/wp-content\/uploads\/2016\/04\/logo.png\",\"contentUrl\":\"http:\/\/rednacionaldearte.com\/noticias\/wp-content\/uploads\/2016\/04\/logo.png\",\"width\":575,\"height\":554,\"caption\":\"Red Nacional de Arte\"},\"image\":{\"@id\":\"http:\/\/rednacionaldearte.com\/noticias\/#\/schema\/logo\/image\/\"},\"sameAs\":[\"http:\/\/www.facebook.com\/rednacionaldearte\/\",\"https:\/\/x.com\/rednacionalarte\"]},{\"@type\":\"Person\",\"@id\":\"http:\/\/rednacionaldearte.com\/noticias\/#\/schema\/person\/489d635082b1de413434d2708a3e5b9b\",\"name\":\"Redacci\u00f3n\",\"image\":{\"@type\":\"ImageObject\",\"inLanguage\":\"es\",\"@id\":\"https:\/\/secure.gravatar.com\/avatar\/1d1c30eaee7c2f6cfa13fb8502cb06839106cdf371b9953d50e4b572d0bfa3c7?s=96&d=mm&r=g\",\"url\":\"https:\/\/secure.gravatar.com\/avatar\/1d1c30eaee7c2f6cfa13fb8502cb06839106cdf371b9953d50e4b572d0bfa3c7?s=96&d=mm&r=g\",\"contentUrl\":\"https:\/\/secure.gravatar.com\/avatar\/1d1c30eaee7c2f6cfa13fb8502cb06839106cdf371b9953d50e4b572d0bfa3c7?s=96&d=mm&r=g\",\"caption\":\"Redacci\u00f3n\"},\"url\":\"https:\/\/rednacionaldearte.com\/noticias\/author\/adan\/\"}]}<\/script>\n<!-- \/ Yoast SEO plugin. -->","yoast_head_json":{"title":"3ra Bienal de Fotograf\u00eda Oaxaca - Red Nacional de Arte","robots":{"index":"index","follow":"follow","max-snippet":"max-snippet:-1","max-image-preview":"max-image-preview:large","max-video-preview":"max-video-preview:-1"},"canonical":"http:\/\/rednacionaldearte.com\/noticias\/convocatoria-3ra-bienal-de-fotografia-oaxaca\/","og_locale":"es_ES","og_type":"article","og_title":"3ra Bienal de Fotograf\u00eda Oaxaca - Red Nacional de Arte","og_description":"Cierre de Convocatoria:&nbsp;29 de Agosto del 2018 El Gobierno del estado de Oaxaca a trav\u00e9s de la Secretar\u00eda de las Culturas y Artes de Oaxaca en Colaboraci\u00f3n con el Centro Fotogr\u00e1fico \u00c1lvarez Bravo, convocan a la&nbsp;III\u00aa BIENAL DE FOTOGRAF\u00cdA OAXACA. Podr\u00e1n participar todos\/as los\/as fot\u00f3grafos\/as de nacionalidad mexicana y extranjeros residentes en M\u00e9xico. Los extranjeros [&hellip;]","og_url":"http:\/\/rednacionaldearte.com\/noticias\/convocatoria-3ra-bienal-de-fotografia-oaxaca\/","og_site_name":"Red Nacional de Arte","article_publisher":"http:\/\/www.facebook.com\/rednacionaldearte\/","article_published_time":"2018-03-17T15:31:20+00:00","article_modified_time":"2018-03-26T01:30:33+00:00","og_image":[{"width":1140,"height":450,"url":"http:\/\/rednacionaldearte.com\/noticias\/wp-content\/uploads\/2018\/03\/convocatoria-iiia-bienal-de-fotografia-oaxaca-2018-mexico.png","type":"image\/png"}],"author":"Redacci\u00f3n","twitter_card":"summary_large_image","twitter_creator":"@rednacionalarte","twitter_site":"@rednacionalarte","twitter_misc":{"Escrito por":"Redacci\u00f3n","Tiempo de lectura":"1 minuto"},"schema":{"@context":"https:\/\/schema.org","@graph":[{"@type":"Article","@id":"http:\/\/rednacionaldearte.com\/noticias\/convocatoria-3ra-bienal-de-fotografia-oaxaca\/#article","isPartOf":{"@id":"http:\/\/rednacionaldearte.com\/noticias\/convocatoria-3ra-bienal-de-fotografia-oaxaca\/"},"author":{"name":"Redacci\u00f3n","@id":"http:\/\/rednacionaldearte.com\/noticias\/#\/schema\/person\/489d635082b1de413434d2708a3e5b9b"},"headline":"3ra Bienal de Fotograf\u00eda Oaxaca","datePublished":"2018-03-17T15:31:20+00:00","dateModified":"2018-03-26T01:30:33+00:00","mainEntityOfPage":{"@id":"http:\/\/rednacionaldearte.com\/noticias\/convocatoria-3ra-bienal-de-fotografia-oaxaca\/"},"wordCount":106,"commentCount":0,"publisher":{"@id":"http:\/\/rednacionaldearte.com\/noticias\/#organization"},"image":{"@id":"http:\/\/rednacionaldearte.com\/noticias\/convocatoria-3ra-bienal-de-fotografia-oaxaca\/#primaryimage"},"thumbnailUrl":"https:\/\/rednacionaldearte.com\/noticias\/wp-content\/uploads\/2018\/03\/convocatoria-iiia-bienal-de-fotografia-oaxaca-2018-mexico.png","articleSection":["Convocatorias","Fotograf\u00eda"],"inLanguage":"es","potentialAction":[{"@type":"CommentAction","name":"Comment","target":["http:\/\/rednacionaldearte.com\/noticias\/convocatoria-3ra-bienal-de-fotografia-oaxaca\/#respond"]}]},{"@type":"WebPage","@id":"http:\/\/rednacionaldearte.com\/noticias\/convocatoria-3ra-bienal-de-fotografia-oaxaca\/","url":"http:\/\/rednacionaldearte.com\/noticias\/convocatoria-3ra-bienal-de-fotografia-oaxaca\/","name":"3ra Bienal de Fotograf\u00eda Oaxaca - Red Nacional de Arte","isPartOf":{"@id":"http:\/\/rednacionaldearte.com\/noticias\/#website"},"primaryImageOfPage":{"@id":"http:\/\/rednacionaldearte.com\/noticias\/convocatoria-3ra-bienal-de-fotografia-oaxaca\/#primaryimage"},"image":{"@id":"http:\/\/rednacionaldearte.com\/noticias\/convocatoria-3ra-bienal-de-fotografia-oaxaca\/#primaryimage"},"thumbnailUrl":"https:\/\/rednacionaldearte.com\/noticias\/wp-content\/uploads\/2018\/03\/convocatoria-iiia-bienal-de-fotografia-oaxaca-2018-mexico.png","datePublished":"2018-03-17T15:31:20+00:00","dateModified":"2018-03-26T01:30:33+00:00","breadcrumb":{"@id":"http:\/\/rednacionaldearte.com\/noticias\/convocatoria-3ra-bienal-de-fotografia-oaxaca\/#breadcrumb"},"inLanguage":"es","potentialAction":[{"@type":"ReadAction","target":["http:\/\/rednacionaldearte.com\/noticias\/convocatoria-3ra-bienal-de-fotografia-oaxaca\/"]}]},{"@type":"ImageObject","inLanguage":"es","@id":"http:\/\/rednacionaldearte.com\/noticias\/convocatoria-3ra-bienal-de-fotografia-oaxaca\/#primaryimage","url":"https:\/\/rednacionaldearte.com\/noticias\/wp-content\/uploads\/2018\/03\/convocatoria-iiia-bienal-de-fotografia-oaxaca-2018-mexico.png","contentUrl":"https:\/\/rednacionaldearte.com\/noticias\/wp-content\/uploads\/2018\/03\/convocatoria-iiia-bienal-de-fotografia-oaxaca-2018-mexico.png","width":1140,"height":450},{"@type":"BreadcrumbList","@id":"http:\/\/rednacionaldearte.com\/noticias\/convocatoria-3ra-bienal-de-fotografia-oaxaca\/#breadcrumb","itemListElement":[{"@type":"ListItem","position":1,"name":"Home","item":"http:\/\/rednacionaldearte.com\/noticias\/"},{"@type":"ListItem","position":2,"name":"3ra Bienal de Fotograf\u00eda Oaxaca"}]},{"@type":"WebSite","@id":"http:\/\/rednacionaldearte.com\/noticias\/#website","url":"http:\/\/rednacionaldearte.com\/noticias\/","name":"Red Nacional de Arte","description":"Cultura y Arte contempor\u00e1neo en M\u00e9xico","publisher":{"@id":"http:\/\/rednacionaldearte.com\/noticias\/#organization"},"potentialAction":[{"@type":"SearchAction","target":{"@type":"EntryPoint","urlTemplate":"http:\/\/rednacionaldearte.com\/noticias\/?s={search_term_string}"},"query-input":{"@type":"PropertyValueSpecification","valueRequired":true,"valueName":"search_term_string"}}],"inLanguage":"es"},{"@type":"Organization","@id":"http:\/\/rednacionaldearte.com\/noticias\/#organization","name":"Red Nacional de Arte","url":"http:\/\/rednacionaldearte.com\/noticias\/","logo":{"@type":"ImageObject","inLanguage":"es","@id":"http:\/\/rednacionaldearte.com\/noticias\/#\/schema\/logo\/image\/","url":"http:\/\/rednacionaldearte.com\/noticias\/wp-content\/uploads\/2016\/04\/logo.png","contentUrl":"http:\/\/rednacionaldearte.com\/noticias\/wp-content\/uploads\/2016\/04\/logo.png","width":575,"height":554,"caption":"Red Nacional de Arte"},"image":{"@id":"http:\/\/rednacionaldearte.com\/noticias\/#\/schema\/logo\/image\/"},"sameAs":["http:\/\/www.facebook.com\/rednacionaldearte\/","https:\/\/x.com\/rednacionalarte"]},{"@type":"Person","@id":"http:\/\/rednacionaldearte.com\/noticias\/#\/schema\/person\/489d635082b1de413434d2708a3e5b9b","name":"Redacci\u00f3n","image":{"@type":"ImageObject","inLanguage":"es","@id":"https:\/\/secure.gravatar.com\/avatar\/1d1c30eaee7c2f6cfa13fb8502cb06839106cdf371b9953d50e4b572d0bfa3c7?s=96&d=mm&r=g","url":"https:\/\/secure.gravatar.com\/avatar\/1d1c30eaee7c2f6cfa13fb8502cb06839106cdf371b9953d50e4b572d0bfa3c7?s=96&d=mm&r=g","contentUrl":"https:\/\/secure.gravatar.com\/avatar\/1d1c30eaee7c2f6cfa13fb8502cb06839106cdf371b9953d50e4b572d0bfa3c7?s=96&d=mm&r=g","caption":"Redacci\u00f3n"},"url":"https:\/\/rednacionaldearte.com\/noticias\/author\/adan\/"}]}},"amp_validity":null,"amp_enabled":true,"_links":{"self":[{"href":"https:\/\/rednacionaldearte.com\/noticias\/wp-json\/wp\/v2\/posts\/1619","targetHints":{"allow":["GET"]}}],"collection":[{"href":"https:\/\/rednacionaldearte.com\/noticias\/wp-json\/wp\/v2\/posts"}],"about":[{"href":"https:\/\/rednacionaldearte.com\/noticias\/wp-json\/wp\/v2\/types\/post"}],"author":[{"embeddable":true,"href":"https:\/\/rednacionaldearte.com\/noticias\/wp-json\/wp\/v2\/users\/1"}],"replies":[{"embeddable":true,"href":"https:\/\/rednacionaldearte.com\/noticias\/wp-json\/wp\/v2\/comments?post=1619"}],"version-history":[{"count":1,"href":"https:\/\/rednacionaldearte.com\/noticias\/wp-json\/wp\/v2\/posts\/1619\/revisions"}],"predecessor-version":[{"id":1955,"href":"https:\/\/rednacionaldearte.com\/noticias\/wp-json\/wp\/v2\/posts\/1619\/revisions\/1955"}],"wp:featuredmedia":[{"embeddable":true,"href":"https:\/\/rednacionaldearte.com\/noticias\/wp-json\/wp\/v2\/media\/1620"}],"wp:attachment":[{"href":"https:\/\/rednacionaldearte.com\/noticias\/wp-json\/wp\/v2\/media?parent=1619"}],"wp:term":[{"taxonomy":"category","embeddable":true,"href":"https:\/\/rednacionaldearte.com\/noticias\/wp-json\/wp\/v2\/categories?post=1619"},{"taxonomy":"post_tag","embeddable":true,"href":"https:\/\/rednacionaldearte.com\/noticias\/wp-json\/wp\/v2\/tags?post=1619"}],"curies":[{"name":"wp","href":"https:\/\/api.w.org\/{rel}","templated":true}]}}