{"id":18,"date":"2015-11-10T18:09:26","date_gmt":"2015-11-10T18:09:26","guid":{"rendered":"http:\/\/rednacionaldearte.com\/noticias\/?p=18"},"modified":"2017-03-10T05:29:11","modified_gmt":"2017-03-10T05:29:11","slug":"llega-esperando-a-godot-al-centro-cultural-del-bosque","status":"publish","type":"post","link":"https:\/\/rednacionaldearte.com\/noticias\/llega-esperando-a-godot-al-centro-cultural-del-bosque\/","title":{"rendered":"Llega \u00abEsperando a Godot\u00bb al Centro Cultural del Bosque"},"content":{"rendered":"<p style=\"text-align: justify;\">Despu\u00e9s de 40 a\u00f1os, el director <strong>Jos\u00e9 Caballero<\/strong> monta nuevamente el c\u00e9lebre texto del dramaturgo irland\u00e9s Samuel Beckett.<\/p>\n<p style=\"text-align: justify;\">Con el apoyo del Instituto Nacional de Bellas Artes (INBA) a trav\u00e9s de la Coordinaci\u00f3n Nacional de Teatro, la compa\u00f1\u00eda El Coro de los Otros presenta\u00a0<strong>Esperando a Godot<\/strong> hasta el 29 de noviembre en el Teatro Orientaci\u00f3n del <strong>Centro Cultural del Bosque<\/strong>, con funciones los jueves, viernes y s\u00e1bados a las 19:00 y los domingos a las 18:00. El elenco est\u00e1 integrado por Jos\u00e9 Antonio Becerril, Alejandro Toledo, Patricia Y\u00e1\u00f1ez y Luis Arturo Garc\u00eda.<\/p>\n<p style=\"text-align: justify;\">La historia de Esperando a Godot es simple: Vladimir y Estrag\u00f3n esperan a Godot, y mientras lo hacen, llega el cruel Pozzo, quien trae atado con una cuerda a Lucky, su esclavo.<\/p>\n<p style=\"text-align: justify;\">Tras pasar varios d\u00edas, qui\u00e9n sabe cu\u00e1ntos, los personajes siguen esperando a alguien que tal vez nunca llegar\u00e1: una simbolizaci\u00f3n del tedio, la incertidumbre de la vida y la desesperanza.<\/p>\n<p style=\"text-align: justify;\">Esta obra de Beckett ha sido montada en numerosas ocasiones, y aunque Jos\u00e9 Caballero respeta al m\u00e1ximo el texto original con sus requerimientos espaciales, lum\u00ednicos, de imagen y vestuario, tal como el autor lo exige, por otra parte permite que el texto dialogue con nuestra actualidad a trav\u00e9s de una alteraci\u00f3n muy simple: los cuatro personajes son j\u00f3venes; no son ancianos como se intuye en la lectura, sino j\u00f3venes que, en palabras de su director, \u201cest\u00e1n inmersos en esa simbiosis sadomasoquista que viven Pozzo y Lucky\u201d.\u00a0Esperando a Godot es un desconcertante universo atemporal en el que la existencia es imprecisa.<\/p>\n<p style=\"text-align: justify;\">Jos\u00e9 Caballero es director, traductor y escen\u00f3grafo. Estudi\u00f3 actuaci\u00f3n y direcci\u00f3n de escena en el Centro Universitario de Teatro (CUT) de la Universidad Nacional Aut\u00f3noma de M\u00e9xico (UNAM). Ha sido miembro del Sistema Nacional de Creadores de Arte en tres periodos.<\/p>\n<p style=\"text-align: justify;\"><strong>Horarios:<\/strong><\/p>\n<p>Jueves, viernes y s\u00e1bado<b><b> 19:00 h<\/b><\/b><\/p>\n<p>Domingos<b><b> 18:00 h<br \/>\n<\/b><\/b><\/p>\n<p><b>TEATRO ORIENTACI\u00d3N<\/b><\/p>\n<p>Reforma y Campo Marte S\/N. Metro Auditorio<\/p>\n<p>Las localidades tienen un costo de $150.00, pero los <strong>Jueves de Teatro<\/strong> se pueden comprar por $30.00.<a href=\"http:\/\/rednacionaldearte.com\/noticias\/wp-content\/uploads\/2015\/11\/Godot.jpg\"><br \/>\n<\/a><\/p>\n","protected":false},"excerpt":{"rendered":"<p>Despu\u00e9s de 40 a\u00f1os, el director Jos\u00e9 Caballero monta nuevamente el c\u00e9lebre texto del dramaturgo irland\u00e9s Samuel Beckett. Con el apoyo del Instituto Nacional de Bellas Artes (INBA) a trav\u00e9s de la Coordinaci\u00f3n Nacional de Teatro, la compa\u00f1\u00eda El Coro de los Otros presenta\u00a0Esperando a Godot hasta el 29 de noviembre en el Teatro Orientaci\u00f3n [&hellip;]<\/p>\n","protected":false},"author":1,"featured_media":19,"comment_status":"closed","ping_status":"open","sticky":false,"template":"","format":"standard","meta":{"footnotes":""},"categories":[103,18,17],"tags":[20,21,23,22],"class_list":["post-18","post","type-post","status-publish","format-standard","has-post-thumbnail","hentry","category-artes-escenicas","category-eventos","category-teatro","tag-esperando-a-godot","tag-jose-caballero","tag-jueves-de-teatro","tag-samuel-beckett"],"yoast_head":"<!-- This site is optimized with the Yoast SEO plugin v27.2 - https:\/\/yoast.com\/product\/yoast-seo-wordpress\/ -->\n<title>Llega &quot;Esperando a Godot&quot; al Centro Cultural del Bosque - Red Nacional de Arte<\/title>\n<meta name=\"robots\" content=\"index, follow, max-snippet:-1, max-image-preview:large, max-video-preview:-1\" \/>\n<link rel=\"canonical\" href=\"http:\/\/rednacionaldearte.com\/noticias\/llega-esperando-a-godot-al-centro-cultural-del-bosque\/\" \/>\n<meta property=\"og:locale\" content=\"es_ES\" \/>\n<meta property=\"og:type\" content=\"article\" \/>\n<meta property=\"og:title\" content=\"Llega &quot;Esperando a Godot&quot; al Centro Cultural del Bosque - Red Nacional de Arte\" \/>\n<meta property=\"og:description\" content=\"Despu\u00e9s de 40 a\u00f1os, el director Jos\u00e9 Caballero monta nuevamente el c\u00e9lebre texto del dramaturgo irland\u00e9s Samuel Beckett. Con el apoyo del Instituto Nacional de Bellas Artes (INBA) a trav\u00e9s de la Coordinaci\u00f3n Nacional de Teatro, la compa\u00f1\u00eda El Coro de los Otros presenta\u00a0Esperando a Godot hasta el 29 de noviembre en el Teatro Orientaci\u00f3n [&hellip;]\" \/>\n<meta property=\"og:url\" content=\"http:\/\/rednacionaldearte.com\/noticias\/llega-esperando-a-godot-al-centro-cultural-del-bosque\/\" \/>\n<meta property=\"og:site_name\" content=\"Red Nacional de Arte\" \/>\n<meta property=\"article:publisher\" content=\"http:\/\/www.facebook.com\/rednacionaldearte\/\" \/>\n<meta property=\"article:published_time\" content=\"2015-11-10T18:09:26+00:00\" \/>\n<meta property=\"article:modified_time\" content=\"2017-03-10T05:29:11+00:00\" \/>\n<meta property=\"og:image\" content=\"https:\/\/rednacionaldearte.com\/noticias\/wp-content\/uploads\/2015\/11\/Godot.jpg\" \/>\n\t<meta property=\"og:image:width\" content=\"615\" \/>\n\t<meta property=\"og:image:height\" content=\"404\" \/>\n\t<meta property=\"og:image:type\" content=\"image\/jpeg\" \/>\n<meta name=\"author\" content=\"Redacci\u00f3n\" \/>\n<meta name=\"twitter:card\" content=\"summary_large_image\" \/>\n<meta name=\"twitter:creator\" content=\"@rednacionalarte\" \/>\n<meta name=\"twitter:site\" content=\"@rednacionalarte\" \/>\n<meta name=\"twitter:label1\" content=\"Escrito por\" \/>\n\t<meta name=\"twitter:data1\" content=\"Redacci\u00f3n\" \/>\n\t<meta name=\"twitter:label2\" content=\"Tiempo de lectura\" \/>\n\t<meta name=\"twitter:data2\" content=\"2 minutos\" \/>\n<script type=\"application\/ld+json\" class=\"yoast-schema-graph\">{\"@context\":\"https:\/\/schema.org\",\"@graph\":[{\"@type\":\"Article\",\"@id\":\"http:\/\/rednacionaldearte.com\/noticias\/llega-esperando-a-godot-al-centro-cultural-del-bosque\/#article\",\"isPartOf\":{\"@id\":\"http:\/\/rednacionaldearte.com\/noticias\/llega-esperando-a-godot-al-centro-cultural-del-bosque\/\"},\"author\":{\"name\":\"Redacci\u00f3n\",\"@id\":\"http:\/\/rednacionaldearte.com\/noticias\/#\/schema\/person\/489d635082b1de413434d2708a3e5b9b\"},\"headline\":\"Llega \u00abEsperando a Godot\u00bb al Centro Cultural del Bosque\",\"datePublished\":\"2015-11-10T18:09:26+00:00\",\"dateModified\":\"2017-03-10T05:29:11+00:00\",\"mainEntityOfPage\":{\"@id\":\"http:\/\/rednacionaldearte.com\/noticias\/llega-esperando-a-godot-al-centro-cultural-del-bosque\/\"},\"wordCount\":365,\"publisher\":{\"@id\":\"http:\/\/rednacionaldearte.com\/noticias\/#organization\"},\"image\":{\"@id\":\"http:\/\/rednacionaldearte.com\/noticias\/llega-esperando-a-godot-al-centro-cultural-del-bosque\/#primaryimage\"},\"thumbnailUrl\":\"https:\/\/rednacionaldearte.com\/noticias\/wp-content\/uploads\/2015\/11\/Godot.jpg\",\"keywords\":[\"Esperando a Godot\",\"Jos\u00e9 Caballero\",\"Jueves de Teatro\",\"Samuel Beckett\"],\"articleSection\":[\"Artes Esc\u00e9nicas\",\"Eventos\",\"Teatro\"],\"inLanguage\":\"es\"},{\"@type\":\"WebPage\",\"@id\":\"http:\/\/rednacionaldearte.com\/noticias\/llega-esperando-a-godot-al-centro-cultural-del-bosque\/\",\"url\":\"http:\/\/rednacionaldearte.com\/noticias\/llega-esperando-a-godot-al-centro-cultural-del-bosque\/\",\"name\":\"Llega \\\"Esperando a Godot\\\" al Centro Cultural del Bosque - Red Nacional de Arte\",\"isPartOf\":{\"@id\":\"http:\/\/rednacionaldearte.com\/noticias\/#website\"},\"primaryImageOfPage\":{\"@id\":\"http:\/\/rednacionaldearte.com\/noticias\/llega-esperando-a-godot-al-centro-cultural-del-bosque\/#primaryimage\"},\"image\":{\"@id\":\"http:\/\/rednacionaldearte.com\/noticias\/llega-esperando-a-godot-al-centro-cultural-del-bosque\/#primaryimage\"},\"thumbnailUrl\":\"https:\/\/rednacionaldearte.com\/noticias\/wp-content\/uploads\/2015\/11\/Godot.jpg\",\"datePublished\":\"2015-11-10T18:09:26+00:00\",\"dateModified\":\"2017-03-10T05:29:11+00:00\",\"breadcrumb\":{\"@id\":\"http:\/\/rednacionaldearte.com\/noticias\/llega-esperando-a-godot-al-centro-cultural-del-bosque\/#breadcrumb\"},\"inLanguage\":\"es\",\"potentialAction\":[{\"@type\":\"ReadAction\",\"target\":[\"http:\/\/rednacionaldearte.com\/noticias\/llega-esperando-a-godot-al-centro-cultural-del-bosque\/\"]}]},{\"@type\":\"ImageObject\",\"inLanguage\":\"es\",\"@id\":\"http:\/\/rednacionaldearte.com\/noticias\/llega-esperando-a-godot-al-centro-cultural-del-bosque\/#primaryimage\",\"url\":\"https:\/\/rednacionaldearte.com\/noticias\/wp-content\/uploads\/2015\/11\/Godot.jpg\",\"contentUrl\":\"https:\/\/rednacionaldearte.com\/noticias\/wp-content\/uploads\/2015\/11\/Godot.jpg\",\"width\":615,\"height\":404,\"caption\":\"Esperando a Godot\"},{\"@type\":\"BreadcrumbList\",\"@id\":\"http:\/\/rednacionaldearte.com\/noticias\/llega-esperando-a-godot-al-centro-cultural-del-bosque\/#breadcrumb\",\"itemListElement\":[{\"@type\":\"ListItem\",\"position\":1,\"name\":\"Home\",\"item\":\"http:\/\/rednacionaldearte.com\/noticias\/\"},{\"@type\":\"ListItem\",\"position\":2,\"name\":\"Llega \u00abEsperando a Godot\u00bb al Centro Cultural del Bosque\"}]},{\"@type\":\"WebSite\",\"@id\":\"http:\/\/rednacionaldearte.com\/noticias\/#website\",\"url\":\"http:\/\/rednacionaldearte.com\/noticias\/\",\"name\":\"Red Nacional de Arte\",\"description\":\"Cultura y Arte contempor\u00e1neo en M\u00e9xico\",\"publisher\":{\"@id\":\"http:\/\/rednacionaldearte.com\/noticias\/#organization\"},\"potentialAction\":[{\"@type\":\"SearchAction\",\"target\":{\"@type\":\"EntryPoint\",\"urlTemplate\":\"http:\/\/rednacionaldearte.com\/noticias\/?s={search_term_string}\"},\"query-input\":{\"@type\":\"PropertyValueSpecification\",\"valueRequired\":true,\"valueName\":\"search_term_string\"}}],\"inLanguage\":\"es\"},{\"@type\":\"Organization\",\"@id\":\"http:\/\/rednacionaldearte.com\/noticias\/#organization\",\"name\":\"Red Nacional de Arte\",\"url\":\"http:\/\/rednacionaldearte.com\/noticias\/\",\"logo\":{\"@type\":\"ImageObject\",\"inLanguage\":\"es\",\"@id\":\"http:\/\/rednacionaldearte.com\/noticias\/#\/schema\/logo\/image\/\",\"url\":\"http:\/\/rednacionaldearte.com\/noticias\/wp-content\/uploads\/2016\/04\/logo.png\",\"contentUrl\":\"http:\/\/rednacionaldearte.com\/noticias\/wp-content\/uploads\/2016\/04\/logo.png\",\"width\":575,\"height\":554,\"caption\":\"Red Nacional de Arte\"},\"image\":{\"@id\":\"http:\/\/rednacionaldearte.com\/noticias\/#\/schema\/logo\/image\/\"},\"sameAs\":[\"http:\/\/www.facebook.com\/rednacionaldearte\/\",\"https:\/\/x.com\/rednacionalarte\"]},{\"@type\":\"Person\",\"@id\":\"http:\/\/rednacionaldearte.com\/noticias\/#\/schema\/person\/489d635082b1de413434d2708a3e5b9b\",\"name\":\"Redacci\u00f3n\",\"image\":{\"@type\":\"ImageObject\",\"inLanguage\":\"es\",\"@id\":\"https:\/\/secure.gravatar.com\/avatar\/1d1c30eaee7c2f6cfa13fb8502cb06839106cdf371b9953d50e4b572d0bfa3c7?s=96&d=mm&r=g\",\"url\":\"https:\/\/secure.gravatar.com\/avatar\/1d1c30eaee7c2f6cfa13fb8502cb06839106cdf371b9953d50e4b572d0bfa3c7?s=96&d=mm&r=g\",\"contentUrl\":\"https:\/\/secure.gravatar.com\/avatar\/1d1c30eaee7c2f6cfa13fb8502cb06839106cdf371b9953d50e4b572d0bfa3c7?s=96&d=mm&r=g\",\"caption\":\"Redacci\u00f3n\"},\"url\":\"https:\/\/rednacionaldearte.com\/noticias\/author\/adan\/\"}]}<\/script>\n<!-- \/ Yoast SEO plugin. -->","yoast_head_json":{"title":"Llega \"Esperando a Godot\" al Centro Cultural del Bosque - Red Nacional de Arte","robots":{"index":"index","follow":"follow","max-snippet":"max-snippet:-1","max-image-preview":"max-image-preview:large","max-video-preview":"max-video-preview:-1"},"canonical":"http:\/\/rednacionaldearte.com\/noticias\/llega-esperando-a-godot-al-centro-cultural-del-bosque\/","og_locale":"es_ES","og_type":"article","og_title":"Llega \"Esperando a Godot\" al Centro Cultural del Bosque - Red Nacional de Arte","og_description":"Despu\u00e9s de 40 a\u00f1os, el director Jos\u00e9 Caballero monta nuevamente el c\u00e9lebre texto del dramaturgo irland\u00e9s Samuel Beckett. Con el apoyo del Instituto Nacional de Bellas Artes (INBA) a trav\u00e9s de la Coordinaci\u00f3n Nacional de Teatro, la compa\u00f1\u00eda El Coro de los Otros presenta\u00a0Esperando a Godot hasta el 29 de noviembre en el Teatro Orientaci\u00f3n [&hellip;]","og_url":"http:\/\/rednacionaldearte.com\/noticias\/llega-esperando-a-godot-al-centro-cultural-del-bosque\/","og_site_name":"Red Nacional de Arte","article_publisher":"http:\/\/www.facebook.com\/rednacionaldearte\/","article_published_time":"2015-11-10T18:09:26+00:00","article_modified_time":"2017-03-10T05:29:11+00:00","og_image":[{"width":615,"height":404,"url":"https:\/\/rednacionaldearte.com\/noticias\/wp-content\/uploads\/2015\/11\/Godot.jpg","type":"image\/jpeg"}],"author":"Redacci\u00f3n","twitter_card":"summary_large_image","twitter_creator":"@rednacionalarte","twitter_site":"@rednacionalarte","twitter_misc":{"Escrito por":"Redacci\u00f3n","Tiempo de lectura":"2 minutos"},"schema":{"@context":"https:\/\/schema.org","@graph":[{"@type":"Article","@id":"http:\/\/rednacionaldearte.com\/noticias\/llega-esperando-a-godot-al-centro-cultural-del-bosque\/#article","isPartOf":{"@id":"http:\/\/rednacionaldearte.com\/noticias\/llega-esperando-a-godot-al-centro-cultural-del-bosque\/"},"author":{"name":"Redacci\u00f3n","@id":"http:\/\/rednacionaldearte.com\/noticias\/#\/schema\/person\/489d635082b1de413434d2708a3e5b9b"},"headline":"Llega \u00abEsperando a Godot\u00bb al Centro Cultural del Bosque","datePublished":"2015-11-10T18:09:26+00:00","dateModified":"2017-03-10T05:29:11+00:00","mainEntityOfPage":{"@id":"http:\/\/rednacionaldearte.com\/noticias\/llega-esperando-a-godot-al-centro-cultural-del-bosque\/"},"wordCount":365,"publisher":{"@id":"http:\/\/rednacionaldearte.com\/noticias\/#organization"},"image":{"@id":"http:\/\/rednacionaldearte.com\/noticias\/llega-esperando-a-godot-al-centro-cultural-del-bosque\/#primaryimage"},"thumbnailUrl":"https:\/\/rednacionaldearte.com\/noticias\/wp-content\/uploads\/2015\/11\/Godot.jpg","keywords":["Esperando a Godot","Jos\u00e9 Caballero","Jueves de Teatro","Samuel Beckett"],"articleSection":["Artes Esc\u00e9nicas","Eventos","Teatro"],"inLanguage":"es"},{"@type":"WebPage","@id":"http:\/\/rednacionaldearte.com\/noticias\/llega-esperando-a-godot-al-centro-cultural-del-bosque\/","url":"http:\/\/rednacionaldearte.com\/noticias\/llega-esperando-a-godot-al-centro-cultural-del-bosque\/","name":"Llega \"Esperando a Godot\" al Centro Cultural del Bosque - Red Nacional de Arte","isPartOf":{"@id":"http:\/\/rednacionaldearte.com\/noticias\/#website"},"primaryImageOfPage":{"@id":"http:\/\/rednacionaldearte.com\/noticias\/llega-esperando-a-godot-al-centro-cultural-del-bosque\/#primaryimage"},"image":{"@id":"http:\/\/rednacionaldearte.com\/noticias\/llega-esperando-a-godot-al-centro-cultural-del-bosque\/#primaryimage"},"thumbnailUrl":"https:\/\/rednacionaldearte.com\/noticias\/wp-content\/uploads\/2015\/11\/Godot.jpg","datePublished":"2015-11-10T18:09:26+00:00","dateModified":"2017-03-10T05:29:11+00:00","breadcrumb":{"@id":"http:\/\/rednacionaldearte.com\/noticias\/llega-esperando-a-godot-al-centro-cultural-del-bosque\/#breadcrumb"},"inLanguage":"es","potentialAction":[{"@type":"ReadAction","target":["http:\/\/rednacionaldearte.com\/noticias\/llega-esperando-a-godot-al-centro-cultural-del-bosque\/"]}]},{"@type":"ImageObject","inLanguage":"es","@id":"http:\/\/rednacionaldearte.com\/noticias\/llega-esperando-a-godot-al-centro-cultural-del-bosque\/#primaryimage","url":"https:\/\/rednacionaldearte.com\/noticias\/wp-content\/uploads\/2015\/11\/Godot.jpg","contentUrl":"https:\/\/rednacionaldearte.com\/noticias\/wp-content\/uploads\/2015\/11\/Godot.jpg","width":615,"height":404,"caption":"Esperando a Godot"},{"@type":"BreadcrumbList","@id":"http:\/\/rednacionaldearte.com\/noticias\/llega-esperando-a-godot-al-centro-cultural-del-bosque\/#breadcrumb","itemListElement":[{"@type":"ListItem","position":1,"name":"Home","item":"http:\/\/rednacionaldearte.com\/noticias\/"},{"@type":"ListItem","position":2,"name":"Llega \u00abEsperando a Godot\u00bb al Centro Cultural del Bosque"}]},{"@type":"WebSite","@id":"http:\/\/rednacionaldearte.com\/noticias\/#website","url":"http:\/\/rednacionaldearte.com\/noticias\/","name":"Red Nacional de Arte","description":"Cultura y Arte contempor\u00e1neo en M\u00e9xico","publisher":{"@id":"http:\/\/rednacionaldearte.com\/noticias\/#organization"},"potentialAction":[{"@type":"SearchAction","target":{"@type":"EntryPoint","urlTemplate":"http:\/\/rednacionaldearte.com\/noticias\/?s={search_term_string}"},"query-input":{"@type":"PropertyValueSpecification","valueRequired":true,"valueName":"search_term_string"}}],"inLanguage":"es"},{"@type":"Organization","@id":"http:\/\/rednacionaldearte.com\/noticias\/#organization","name":"Red Nacional de Arte","url":"http:\/\/rednacionaldearte.com\/noticias\/","logo":{"@type":"ImageObject","inLanguage":"es","@id":"http:\/\/rednacionaldearte.com\/noticias\/#\/schema\/logo\/image\/","url":"http:\/\/rednacionaldearte.com\/noticias\/wp-content\/uploads\/2016\/04\/logo.png","contentUrl":"http:\/\/rednacionaldearte.com\/noticias\/wp-content\/uploads\/2016\/04\/logo.png","width":575,"height":554,"caption":"Red Nacional de Arte"},"image":{"@id":"http:\/\/rednacionaldearte.com\/noticias\/#\/schema\/logo\/image\/"},"sameAs":["http:\/\/www.facebook.com\/rednacionaldearte\/","https:\/\/x.com\/rednacionalarte"]},{"@type":"Person","@id":"http:\/\/rednacionaldearte.com\/noticias\/#\/schema\/person\/489d635082b1de413434d2708a3e5b9b","name":"Redacci\u00f3n","image":{"@type":"ImageObject","inLanguage":"es","@id":"https:\/\/secure.gravatar.com\/avatar\/1d1c30eaee7c2f6cfa13fb8502cb06839106cdf371b9953d50e4b572d0bfa3c7?s=96&d=mm&r=g","url":"https:\/\/secure.gravatar.com\/avatar\/1d1c30eaee7c2f6cfa13fb8502cb06839106cdf371b9953d50e4b572d0bfa3c7?s=96&d=mm&r=g","contentUrl":"https:\/\/secure.gravatar.com\/avatar\/1d1c30eaee7c2f6cfa13fb8502cb06839106cdf371b9953d50e4b572d0bfa3c7?s=96&d=mm&r=g","caption":"Redacci\u00f3n"},"url":"https:\/\/rednacionaldearte.com\/noticias\/author\/adan\/"}]}},"amp_validity":null,"amp_enabled":true,"_links":{"self":[{"href":"https:\/\/rednacionaldearte.com\/noticias\/wp-json\/wp\/v2\/posts\/18","targetHints":{"allow":["GET"]}}],"collection":[{"href":"https:\/\/rednacionaldearte.com\/noticias\/wp-json\/wp\/v2\/posts"}],"about":[{"href":"https:\/\/rednacionaldearte.com\/noticias\/wp-json\/wp\/v2\/types\/post"}],"author":[{"embeddable":true,"href":"https:\/\/rednacionaldearte.com\/noticias\/wp-json\/wp\/v2\/users\/1"}],"replies":[{"embeddable":true,"href":"https:\/\/rednacionaldearte.com\/noticias\/wp-json\/wp\/v2\/comments?post=18"}],"version-history":[{"count":2,"href":"https:\/\/rednacionaldearte.com\/noticias\/wp-json\/wp\/v2\/posts\/18\/revisions"}],"predecessor-version":[{"id":23,"href":"https:\/\/rednacionaldearte.com\/noticias\/wp-json\/wp\/v2\/posts\/18\/revisions\/23"}],"wp:featuredmedia":[{"embeddable":true,"href":"https:\/\/rednacionaldearte.com\/noticias\/wp-json\/wp\/v2\/media\/19"}],"wp:attachment":[{"href":"https:\/\/rednacionaldearte.com\/noticias\/wp-json\/wp\/v2\/media?parent=18"}],"wp:term":[{"taxonomy":"category","embeddable":true,"href":"https:\/\/rednacionaldearte.com\/noticias\/wp-json\/wp\/v2\/categories?post=18"},{"taxonomy":"post_tag","embeddable":true,"href":"https:\/\/rednacionaldearte.com\/noticias\/wp-json\/wp\/v2\/tags?post=18"}],"curies":[{"name":"wp","href":"https:\/\/api.w.org\/{rel}","templated":true}]}}