{"id":182,"date":"2016-07-30T21:14:57","date_gmt":"2016-07-30T21:14:57","guid":{"rendered":"http:\/\/rednacionaldearte.com\/noticias\/?p=182"},"modified":"2016-07-30T21:18:53","modified_gmt":"2016-07-30T21:18:53","slug":"la-arquitectura-de-la-mirada-convocatoria-extendida","status":"publish","type":"post","link":"https:\/\/rednacionaldearte.com\/noticias\/la-arquitectura-de-la-mirada-convocatoria-extendida\/","title":{"rendered":"La Arquitectura De La Mirada: Convocatoria Extendida"},"content":{"rendered":"<p style=\"text-align: justify;\"><a href=\"http:\/\/rednacionaldearte.com\/noticias\/wp-content\/uploads\/2016\/07\/convocatoria-extendida.jpg\"><img loading=\"lazy\" decoding=\"async\" class=\"alignleft wp-image-183 size-full\" src=\"http:\/\/rednacionaldearte.com\/noticias\/wp-content\/uploads\/2016\/07\/convocatoria-extendida.jpg\" alt=\"Plazo extendido para La Arquitectura de la Mirada\" width=\"1024\" height=\"1024\" srcset=\"https:\/\/rednacionaldearte.com\/noticias\/wp-content\/uploads\/2016\/07\/convocatoria-extendida.jpg 1024w, https:\/\/rednacionaldearte.com\/noticias\/wp-content\/uploads\/2016\/07\/convocatoria-extendida-150x150.jpg 150w, https:\/\/rednacionaldearte.com\/noticias\/wp-content\/uploads\/2016\/07\/convocatoria-extendida-300x300.jpg 300w, https:\/\/rednacionaldearte.com\/noticias\/wp-content\/uploads\/2016\/07\/convocatoria-extendida-768x768.jpg 768w, https:\/\/rednacionaldearte.com\/noticias\/wp-content\/uploads\/2016\/07\/convocatoria-extendida-125x125.jpg 125w\" sizes=\"auto, (max-width: 1024px) 100vw, 1024px\" \/><\/a><\/p>\n<p style=\"text-align: justify;\">El plazo para la recepci\u00f3n de im\u00e1genes de la convocatoria \u00ab<strong>La Arquitectura De La Mirada:\u00a0Perpetuidad y pensamiento de una \u00e9poca<\/strong>\u00bb ha sido ampliado hasta el pr\u00f3ximo <strong>4 de agosto<\/strong>. Los resultados se dar\u00e1n a conocer el d\u00eda <strong>8 de agosto<\/strong> en rednacionaldearte.com, redes sociales y por correo electr\u00f3nico.<\/p>\n<p style=\"text-align: justify;\">La muestra tiene como objetivo reunir el trabajo de fot\u00f3grafos de M\u00e9xico y el mundo que aborden el tema de la arquitectura como ente potencialmente perpetuo (pese a los estragos que podr\u00eda causar el paso del tiempo) y constructor de significados en la imagen, parte de una cultura que le da sentido y raz\u00f3n de ser al representar ideas que pueden ser interpretadas por su contexto social, hist\u00f3rico, pol\u00edtico o econ\u00f3mico. La convocatoria busca fotograf\u00edas que muestren todo tipo de planteamientos arquitect\u00f3nicos, sin importar \u00e9pocas, tendencias o lugares espec\u00edficos.<\/p>\n<p>Para mayor informaci\u00f3n, descargar la convocatoria en el siguiente link:<\/p>\n<p><a href=\"http:\/\/rednacionaldearte.com\/docs\/Convocatoria-La-Arquitectura-de-la-Mirada.pdf\">http:\/\/rednacionaldearte.com\/docs\/Convocatoria-La-Arquitectura-de-la-Mirada.pdf<\/a><\/p>\n","protected":false},"excerpt":{"rendered":"<p>El plazo para la recepci\u00f3n de im\u00e1genes de la convocatoria \u00abLa Arquitectura De La Mirada:\u00a0Perpetuidad y pensamiento de una \u00e9poca\u00bb ha sido ampliado hasta el pr\u00f3ximo 4 de agosto. Los resultados se dar\u00e1n a conocer el d\u00eda 8 de agosto en rednacionaldearte.com, redes sociales y por correo electr\u00f3nico. La muestra tiene como objetivo reunir el [&hellip;]<\/p>\n","protected":false},"author":1,"featured_media":183,"comment_status":"closed","ping_status":"open","sticky":false,"template":"","format":"standard","meta":{"footnotes":""},"categories":[53,59,24,2],"tags":[],"class_list":["post-182","post","type-post","status-publish","format-standard","has-post-thumbnail","hentry","category-arquitectura","category-artes-visuales","category-convocatorias","category-fotografia"],"yoast_head":"<!-- This site is optimized with the Yoast SEO plugin v27.2 - https:\/\/yoast.com\/product\/yoast-seo-wordpress\/ -->\n<title>La Arquitectura De La Mirada: Convocatoria Extendida - Red Nacional de Arte<\/title>\n<meta name=\"robots\" content=\"index, follow, max-snippet:-1, max-image-preview:large, max-video-preview:-1\" \/>\n<link rel=\"canonical\" href=\"http:\/\/rednacionaldearte.com\/noticias\/la-arquitectura-de-la-mirada-convocatoria-extendida\/\" \/>\n<meta property=\"og:locale\" content=\"es_ES\" \/>\n<meta property=\"og:type\" content=\"article\" \/>\n<meta property=\"og:title\" content=\"La Arquitectura De La Mirada: Convocatoria Extendida - Red Nacional de Arte\" \/>\n<meta property=\"og:description\" content=\"El plazo para la recepci\u00f3n de im\u00e1genes de la convocatoria \u00abLa Arquitectura De La Mirada:\u00a0Perpetuidad y pensamiento de una \u00e9poca\u00bb ha sido ampliado hasta el pr\u00f3ximo 4 de agosto. Los resultados se dar\u00e1n a conocer el d\u00eda 8 de agosto en rednacionaldearte.com, redes sociales y por correo electr\u00f3nico. La muestra tiene como objetivo reunir el [&hellip;]\" \/>\n<meta property=\"og:url\" content=\"http:\/\/rednacionaldearte.com\/noticias\/la-arquitectura-de-la-mirada-convocatoria-extendida\/\" \/>\n<meta property=\"og:site_name\" content=\"Red Nacional de Arte\" \/>\n<meta property=\"article:publisher\" content=\"http:\/\/www.facebook.com\/rednacionaldearte\/\" \/>\n<meta property=\"article:published_time\" content=\"2016-07-30T21:14:57+00:00\" \/>\n<meta property=\"article:modified_time\" content=\"2016-07-30T21:18:53+00:00\" \/>\n<meta property=\"og:image\" content=\"http:\/\/rednacionaldearte.com\/noticias\/wp-content\/uploads\/2016\/07\/convocatoria-extendida.jpg\" \/>\n\t<meta property=\"og:image:width\" content=\"1024\" \/>\n\t<meta property=\"og:image:height\" content=\"1024\" \/>\n\t<meta property=\"og:image:type\" content=\"image\/jpeg\" \/>\n<meta name=\"author\" content=\"Redacci\u00f3n\" \/>\n<meta name=\"twitter:card\" content=\"summary_large_image\" \/>\n<meta name=\"twitter:creator\" content=\"@rednacionalarte\" \/>\n<meta name=\"twitter:site\" content=\"@rednacionalarte\" \/>\n<meta name=\"twitter:label1\" content=\"Escrito por\" \/>\n\t<meta name=\"twitter:data1\" content=\"Redacci\u00f3n\" \/>\n\t<meta name=\"twitter:label2\" content=\"Tiempo de lectura\" \/>\n\t<meta name=\"twitter:data2\" content=\"1 minuto\" \/>\n<script type=\"application\/ld+json\" class=\"yoast-schema-graph\">{\"@context\":\"https:\/\/schema.org\",\"@graph\":[{\"@type\":\"Article\",\"@id\":\"http:\/\/rednacionaldearte.com\/noticias\/la-arquitectura-de-la-mirada-convocatoria-extendida\/#article\",\"isPartOf\":{\"@id\":\"http:\/\/rednacionaldearte.com\/noticias\/la-arquitectura-de-la-mirada-convocatoria-extendida\/\"},\"author\":{\"name\":\"Redacci\u00f3n\",\"@id\":\"http:\/\/rednacionaldearte.com\/noticias\/#\/schema\/person\/489d635082b1de413434d2708a3e5b9b\"},\"headline\":\"La Arquitectura De La Mirada: Convocatoria Extendida\",\"datePublished\":\"2016-07-30T21:14:57+00:00\",\"dateModified\":\"2016-07-30T21:18:53+00:00\",\"mainEntityOfPage\":{\"@id\":\"http:\/\/rednacionaldearte.com\/noticias\/la-arquitectura-de-la-mirada-convocatoria-extendida\/\"},\"wordCount\":177,\"publisher\":{\"@id\":\"http:\/\/rednacionaldearte.com\/noticias\/#organization\"},\"image\":{\"@id\":\"http:\/\/rednacionaldearte.com\/noticias\/la-arquitectura-de-la-mirada-convocatoria-extendida\/#primaryimage\"},\"thumbnailUrl\":\"https:\/\/rednacionaldearte.com\/noticias\/wp-content\/uploads\/2016\/07\/convocatoria-extendida.jpg\",\"articleSection\":[\"Arquitectura\",\"Artes Visuales\",\"Convocatorias\",\"Fotograf\u00eda\"],\"inLanguage\":\"es\"},{\"@type\":\"WebPage\",\"@id\":\"http:\/\/rednacionaldearte.com\/noticias\/la-arquitectura-de-la-mirada-convocatoria-extendida\/\",\"url\":\"http:\/\/rednacionaldearte.com\/noticias\/la-arquitectura-de-la-mirada-convocatoria-extendida\/\",\"name\":\"La Arquitectura De La Mirada: Convocatoria Extendida - Red Nacional de Arte\",\"isPartOf\":{\"@id\":\"http:\/\/rednacionaldearte.com\/noticias\/#website\"},\"primaryImageOfPage\":{\"@id\":\"http:\/\/rednacionaldearte.com\/noticias\/la-arquitectura-de-la-mirada-convocatoria-extendida\/#primaryimage\"},\"image\":{\"@id\":\"http:\/\/rednacionaldearte.com\/noticias\/la-arquitectura-de-la-mirada-convocatoria-extendida\/#primaryimage\"},\"thumbnailUrl\":\"https:\/\/rednacionaldearte.com\/noticias\/wp-content\/uploads\/2016\/07\/convocatoria-extendida.jpg\",\"datePublished\":\"2016-07-30T21:14:57+00:00\",\"dateModified\":\"2016-07-30T21:18:53+00:00\",\"breadcrumb\":{\"@id\":\"http:\/\/rednacionaldearte.com\/noticias\/la-arquitectura-de-la-mirada-convocatoria-extendida\/#breadcrumb\"},\"inLanguage\":\"es\",\"potentialAction\":[{\"@type\":\"ReadAction\",\"target\":[\"http:\/\/rednacionaldearte.com\/noticias\/la-arquitectura-de-la-mirada-convocatoria-extendida\/\"]}]},{\"@type\":\"ImageObject\",\"inLanguage\":\"es\",\"@id\":\"http:\/\/rednacionaldearte.com\/noticias\/la-arquitectura-de-la-mirada-convocatoria-extendida\/#primaryimage\",\"url\":\"https:\/\/rednacionaldearte.com\/noticias\/wp-content\/uploads\/2016\/07\/convocatoria-extendida.jpg\",\"contentUrl\":\"https:\/\/rednacionaldearte.com\/noticias\/wp-content\/uploads\/2016\/07\/convocatoria-extendida.jpg\",\"width\":1024,\"height\":1024,\"caption\":\"Plazo extendido para La Arquitectura de la Mirada\"},{\"@type\":\"BreadcrumbList\",\"@id\":\"http:\/\/rednacionaldearte.com\/noticias\/la-arquitectura-de-la-mirada-convocatoria-extendida\/#breadcrumb\",\"itemListElement\":[{\"@type\":\"ListItem\",\"position\":1,\"name\":\"Home\",\"item\":\"http:\/\/rednacionaldearte.com\/noticias\/\"},{\"@type\":\"ListItem\",\"position\":2,\"name\":\"La Arquitectura De La Mirada: Convocatoria Extendida\"}]},{\"@type\":\"WebSite\",\"@id\":\"http:\/\/rednacionaldearte.com\/noticias\/#website\",\"url\":\"http:\/\/rednacionaldearte.com\/noticias\/\",\"name\":\"Red Nacional de Arte\",\"description\":\"Cultura y Arte contempor\u00e1neo en M\u00e9xico\",\"publisher\":{\"@id\":\"http:\/\/rednacionaldearte.com\/noticias\/#organization\"},\"potentialAction\":[{\"@type\":\"SearchAction\",\"target\":{\"@type\":\"EntryPoint\",\"urlTemplate\":\"http:\/\/rednacionaldearte.com\/noticias\/?s={search_term_string}\"},\"query-input\":{\"@type\":\"PropertyValueSpecification\",\"valueRequired\":true,\"valueName\":\"search_term_string\"}}],\"inLanguage\":\"es\"},{\"@type\":\"Organization\",\"@id\":\"http:\/\/rednacionaldearte.com\/noticias\/#organization\",\"name\":\"Red Nacional de Arte\",\"url\":\"http:\/\/rednacionaldearte.com\/noticias\/\",\"logo\":{\"@type\":\"ImageObject\",\"inLanguage\":\"es\",\"@id\":\"http:\/\/rednacionaldearte.com\/noticias\/#\/schema\/logo\/image\/\",\"url\":\"http:\/\/rednacionaldearte.com\/noticias\/wp-content\/uploads\/2016\/04\/logo.png\",\"contentUrl\":\"http:\/\/rednacionaldearte.com\/noticias\/wp-content\/uploads\/2016\/04\/logo.png\",\"width\":575,\"height\":554,\"caption\":\"Red Nacional de Arte\"},\"image\":{\"@id\":\"http:\/\/rednacionaldearte.com\/noticias\/#\/schema\/logo\/image\/\"},\"sameAs\":[\"http:\/\/www.facebook.com\/rednacionaldearte\/\",\"https:\/\/x.com\/rednacionalarte\"]},{\"@type\":\"Person\",\"@id\":\"http:\/\/rednacionaldearte.com\/noticias\/#\/schema\/person\/489d635082b1de413434d2708a3e5b9b\",\"name\":\"Redacci\u00f3n\",\"image\":{\"@type\":\"ImageObject\",\"inLanguage\":\"es\",\"@id\":\"https:\/\/secure.gravatar.com\/avatar\/1d1c30eaee7c2f6cfa13fb8502cb06839106cdf371b9953d50e4b572d0bfa3c7?s=96&d=mm&r=g\",\"url\":\"https:\/\/secure.gravatar.com\/avatar\/1d1c30eaee7c2f6cfa13fb8502cb06839106cdf371b9953d50e4b572d0bfa3c7?s=96&d=mm&r=g\",\"contentUrl\":\"https:\/\/secure.gravatar.com\/avatar\/1d1c30eaee7c2f6cfa13fb8502cb06839106cdf371b9953d50e4b572d0bfa3c7?s=96&d=mm&r=g\",\"caption\":\"Redacci\u00f3n\"},\"url\":\"https:\/\/rednacionaldearte.com\/noticias\/author\/adan\/\"}]}<\/script>\n<!-- \/ Yoast SEO plugin. -->","yoast_head_json":{"title":"La Arquitectura De La Mirada: Convocatoria Extendida - Red Nacional de Arte","robots":{"index":"index","follow":"follow","max-snippet":"max-snippet:-1","max-image-preview":"max-image-preview:large","max-video-preview":"max-video-preview:-1"},"canonical":"http:\/\/rednacionaldearte.com\/noticias\/la-arquitectura-de-la-mirada-convocatoria-extendida\/","og_locale":"es_ES","og_type":"article","og_title":"La Arquitectura De La Mirada: Convocatoria Extendida - Red Nacional de Arte","og_description":"El plazo para la recepci\u00f3n de im\u00e1genes de la convocatoria \u00abLa Arquitectura De La Mirada:\u00a0Perpetuidad y pensamiento de una \u00e9poca\u00bb ha sido ampliado hasta el pr\u00f3ximo 4 de agosto. Los resultados se dar\u00e1n a conocer el d\u00eda 8 de agosto en rednacionaldearte.com, redes sociales y por correo electr\u00f3nico. La muestra tiene como objetivo reunir el [&hellip;]","og_url":"http:\/\/rednacionaldearte.com\/noticias\/la-arquitectura-de-la-mirada-convocatoria-extendida\/","og_site_name":"Red Nacional de Arte","article_publisher":"http:\/\/www.facebook.com\/rednacionaldearte\/","article_published_time":"2016-07-30T21:14:57+00:00","article_modified_time":"2016-07-30T21:18:53+00:00","og_image":[{"width":1024,"height":1024,"url":"http:\/\/rednacionaldearte.com\/noticias\/wp-content\/uploads\/2016\/07\/convocatoria-extendida.jpg","type":"image\/jpeg"}],"author":"Redacci\u00f3n","twitter_card":"summary_large_image","twitter_creator":"@rednacionalarte","twitter_site":"@rednacionalarte","twitter_misc":{"Escrito por":"Redacci\u00f3n","Tiempo de lectura":"1 minuto"},"schema":{"@context":"https:\/\/schema.org","@graph":[{"@type":"Article","@id":"http:\/\/rednacionaldearte.com\/noticias\/la-arquitectura-de-la-mirada-convocatoria-extendida\/#article","isPartOf":{"@id":"http:\/\/rednacionaldearte.com\/noticias\/la-arquitectura-de-la-mirada-convocatoria-extendida\/"},"author":{"name":"Redacci\u00f3n","@id":"http:\/\/rednacionaldearte.com\/noticias\/#\/schema\/person\/489d635082b1de413434d2708a3e5b9b"},"headline":"La Arquitectura De La Mirada: Convocatoria Extendida","datePublished":"2016-07-30T21:14:57+00:00","dateModified":"2016-07-30T21:18:53+00:00","mainEntityOfPage":{"@id":"http:\/\/rednacionaldearte.com\/noticias\/la-arquitectura-de-la-mirada-convocatoria-extendida\/"},"wordCount":177,"publisher":{"@id":"http:\/\/rednacionaldearte.com\/noticias\/#organization"},"image":{"@id":"http:\/\/rednacionaldearte.com\/noticias\/la-arquitectura-de-la-mirada-convocatoria-extendida\/#primaryimage"},"thumbnailUrl":"https:\/\/rednacionaldearte.com\/noticias\/wp-content\/uploads\/2016\/07\/convocatoria-extendida.jpg","articleSection":["Arquitectura","Artes Visuales","Convocatorias","Fotograf\u00eda"],"inLanguage":"es"},{"@type":"WebPage","@id":"http:\/\/rednacionaldearte.com\/noticias\/la-arquitectura-de-la-mirada-convocatoria-extendida\/","url":"http:\/\/rednacionaldearte.com\/noticias\/la-arquitectura-de-la-mirada-convocatoria-extendida\/","name":"La Arquitectura De La Mirada: Convocatoria Extendida - Red Nacional de Arte","isPartOf":{"@id":"http:\/\/rednacionaldearte.com\/noticias\/#website"},"primaryImageOfPage":{"@id":"http:\/\/rednacionaldearte.com\/noticias\/la-arquitectura-de-la-mirada-convocatoria-extendida\/#primaryimage"},"image":{"@id":"http:\/\/rednacionaldearte.com\/noticias\/la-arquitectura-de-la-mirada-convocatoria-extendida\/#primaryimage"},"thumbnailUrl":"https:\/\/rednacionaldearte.com\/noticias\/wp-content\/uploads\/2016\/07\/convocatoria-extendida.jpg","datePublished":"2016-07-30T21:14:57+00:00","dateModified":"2016-07-30T21:18:53+00:00","breadcrumb":{"@id":"http:\/\/rednacionaldearte.com\/noticias\/la-arquitectura-de-la-mirada-convocatoria-extendida\/#breadcrumb"},"inLanguage":"es","potentialAction":[{"@type":"ReadAction","target":["http:\/\/rednacionaldearte.com\/noticias\/la-arquitectura-de-la-mirada-convocatoria-extendida\/"]}]},{"@type":"ImageObject","inLanguage":"es","@id":"http:\/\/rednacionaldearte.com\/noticias\/la-arquitectura-de-la-mirada-convocatoria-extendida\/#primaryimage","url":"https:\/\/rednacionaldearte.com\/noticias\/wp-content\/uploads\/2016\/07\/convocatoria-extendida.jpg","contentUrl":"https:\/\/rednacionaldearte.com\/noticias\/wp-content\/uploads\/2016\/07\/convocatoria-extendida.jpg","width":1024,"height":1024,"caption":"Plazo extendido para La Arquitectura de la Mirada"},{"@type":"BreadcrumbList","@id":"http:\/\/rednacionaldearte.com\/noticias\/la-arquitectura-de-la-mirada-convocatoria-extendida\/#breadcrumb","itemListElement":[{"@type":"ListItem","position":1,"name":"Home","item":"http:\/\/rednacionaldearte.com\/noticias\/"},{"@type":"ListItem","position":2,"name":"La Arquitectura De La Mirada: Convocatoria Extendida"}]},{"@type":"WebSite","@id":"http:\/\/rednacionaldearte.com\/noticias\/#website","url":"http:\/\/rednacionaldearte.com\/noticias\/","name":"Red Nacional de Arte","description":"Cultura y Arte contempor\u00e1neo en M\u00e9xico","publisher":{"@id":"http:\/\/rednacionaldearte.com\/noticias\/#organization"},"potentialAction":[{"@type":"SearchAction","target":{"@type":"EntryPoint","urlTemplate":"http:\/\/rednacionaldearte.com\/noticias\/?s={search_term_string}"},"query-input":{"@type":"PropertyValueSpecification","valueRequired":true,"valueName":"search_term_string"}}],"inLanguage":"es"},{"@type":"Organization","@id":"http:\/\/rednacionaldearte.com\/noticias\/#organization","name":"Red Nacional de Arte","url":"http:\/\/rednacionaldearte.com\/noticias\/","logo":{"@type":"ImageObject","inLanguage":"es","@id":"http:\/\/rednacionaldearte.com\/noticias\/#\/schema\/logo\/image\/","url":"http:\/\/rednacionaldearte.com\/noticias\/wp-content\/uploads\/2016\/04\/logo.png","contentUrl":"http:\/\/rednacionaldearte.com\/noticias\/wp-content\/uploads\/2016\/04\/logo.png","width":575,"height":554,"caption":"Red Nacional de Arte"},"image":{"@id":"http:\/\/rednacionaldearte.com\/noticias\/#\/schema\/logo\/image\/"},"sameAs":["http:\/\/www.facebook.com\/rednacionaldearte\/","https:\/\/x.com\/rednacionalarte"]},{"@type":"Person","@id":"http:\/\/rednacionaldearte.com\/noticias\/#\/schema\/person\/489d635082b1de413434d2708a3e5b9b","name":"Redacci\u00f3n","image":{"@type":"ImageObject","inLanguage":"es","@id":"https:\/\/secure.gravatar.com\/avatar\/1d1c30eaee7c2f6cfa13fb8502cb06839106cdf371b9953d50e4b572d0bfa3c7?s=96&d=mm&r=g","url":"https:\/\/secure.gravatar.com\/avatar\/1d1c30eaee7c2f6cfa13fb8502cb06839106cdf371b9953d50e4b572d0bfa3c7?s=96&d=mm&r=g","contentUrl":"https:\/\/secure.gravatar.com\/avatar\/1d1c30eaee7c2f6cfa13fb8502cb06839106cdf371b9953d50e4b572d0bfa3c7?s=96&d=mm&r=g","caption":"Redacci\u00f3n"},"url":"https:\/\/rednacionaldearte.com\/noticias\/author\/adan\/"}]}},"amp_validity":null,"amp_enabled":true,"_links":{"self":[{"href":"https:\/\/rednacionaldearte.com\/noticias\/wp-json\/wp\/v2\/posts\/182","targetHints":{"allow":["GET"]}}],"collection":[{"href":"https:\/\/rednacionaldearte.com\/noticias\/wp-json\/wp\/v2\/posts"}],"about":[{"href":"https:\/\/rednacionaldearte.com\/noticias\/wp-json\/wp\/v2\/types\/post"}],"author":[{"embeddable":true,"href":"https:\/\/rednacionaldearte.com\/noticias\/wp-json\/wp\/v2\/users\/1"}],"replies":[{"embeddable":true,"href":"https:\/\/rednacionaldearte.com\/noticias\/wp-json\/wp\/v2\/comments?post=182"}],"version-history":[{"count":2,"href":"https:\/\/rednacionaldearte.com\/noticias\/wp-json\/wp\/v2\/posts\/182\/revisions"}],"predecessor-version":[{"id":185,"href":"https:\/\/rednacionaldearte.com\/noticias\/wp-json\/wp\/v2\/posts\/182\/revisions\/185"}],"wp:featuredmedia":[{"embeddable":true,"href":"https:\/\/rednacionaldearte.com\/noticias\/wp-json\/wp\/v2\/media\/183"}],"wp:attachment":[{"href":"https:\/\/rednacionaldearte.com\/noticias\/wp-json\/wp\/v2\/media?parent=182"}],"wp:term":[{"taxonomy":"category","embeddable":true,"href":"https:\/\/rednacionaldearte.com\/noticias\/wp-json\/wp\/v2\/categories?post=182"},{"taxonomy":"post_tag","embeddable":true,"href":"https:\/\/rednacionaldearte.com\/noticias\/wp-json\/wp\/v2\/tags?post=182"}],"curies":[{"name":"wp","href":"https:\/\/api.w.org\/{rel}","templated":true}]}}