{"id":1983,"date":"2018-03-27T13:33:59","date_gmt":"2018-03-27T13:33:59","guid":{"rendered":"http:\/\/rednacionaldearte.com\/noticias\/?p=1983"},"modified":"2018-03-27T21:11:04","modified_gmt":"2018-03-27T21:11:04","slug":"construccion-del-escenico-workshop-ana-paula-ricalde-leonardo-schwartz","status":"publish","type":"post","link":"https:\/\/rednacionaldearte.com\/noticias\/construccion-del-escenico-workshop-ana-paula-ricalde-leonardo-schwartz\/","title":{"rendered":"Construcci\u00f3n del Ser Esc\u00e9nico: Workshop con Ana Paula Ricalde y Leonardo Schwartz"},"content":{"rendered":"<h2>Ana Paula Ricalde y Leonardo Schwartz impartir\u00e1n \u00abConstrucci\u00f3n del Ser Esc\u00e9nico\u00bb en la CDMX.<\/h2>\n<p><a href=\"http:\/\/rednacionaldearte.com\/noticias\/wp-content\/uploads\/2018\/03\/Workshop-Ser-Esce\u0301nico.jpg\"><img loading=\"lazy\" decoding=\"async\" class=\"aligncenter size-full wp-image-1984\" src=\"http:\/\/rednacionaldearte.com\/noticias\/wp-content\/uploads\/2018\/03\/Workshop-Ser-Esce\u0301nico.jpg\" alt=\"\" width=\"960\" height=\"553\" srcset=\"https:\/\/rednacionaldearte.com\/noticias\/wp-content\/uploads\/2018\/03\/Workshop-Ser-Esce\u0301nico.jpg 960w, https:\/\/rednacionaldearte.com\/noticias\/wp-content\/uploads\/2018\/03\/Workshop-Ser-Esce\u0301nico-300x173.jpg 300w, https:\/\/rednacionaldearte.com\/noticias\/wp-content\/uploads\/2018\/03\/Workshop-Ser-Esce\u0301nico-768x442.jpg 768w\" sizes=\"auto, (max-width: 960px) 100vw, 960px\" \/><\/a><\/p>\n<p>Se trata de un taller de investigaci\u00f3n corporal donde el uso de piso, la relaci\u00f3n articular y la construcci\u00f3n a trav\u00e9s de la improvisaci\u00f3n, ser\u00e1n el lenguaje com\u00fan. Enfocado en la investigaci\u00f3n f\u00edsica de mec\u00e1nicas para el contacto cuerpo a cuerpo y la des\/estructuraci\u00f3n de impulsos de movimiento y formas establecidas. Todo, como base para una preparaci\u00f3n y detonante para la acci\u00f3n esc\u00e9nica.<\/p>\n<p>La premisa fundamental es construir&nbsp;<strong>cuerpos dispuestos, abiertos, receptivos, intuitivos, que se habiten a s\u00ed mismos a trav\u00e9s del autoconocimiento y reconocimiento<\/strong>, tomando en cuenta los tiempos org\u00e1nicos de cada entidad, el ritmo de los procesos personales y los hallazgos que se van encontrando a trav\u00e9s de la vivencia f\u00edsica, el movimiento como puente , el espacio y la presencia del otro.<\/p>\n<blockquote><p>\u00abUn cuerpo consciente, el estado de alerta, el desarrollo de la escucha y la espacialidad, la colaboraci\u00f3n y la confianza, crean el eje fundamental de \u00e9sta experiencia sensorial\u00bb.<\/p><\/blockquote>\n<div>\n<p>El Workshop se llevar\u00e1 a cabo del&nbsp;2 al 6 de Abril de 2018 en Coyoac\u00e1n, en un horario de 19 a 22 horas.<\/p>\n<p>Si desean asistir, los invitamos a registrarse haciendo click en el bot\u00f3n siguiente:<\/p>\n<p style=\"text-align: center;\"><a class=\"fasc-button fasc-size-medium fasc-type-popout fasc-ico-before dashicons-admin-page\" style=\"background-color: #3990b8; color: #ffffff;\" href=\"http:\/\/rednacionaldearte.com\/serescenico\/\">Registro al Workshop<\/a><\/p>\n<\/div>\n","protected":false},"excerpt":{"rendered":"<p>Ana Paula Ricalde y Leonardo Schwartz impartir\u00e1n \u00abConstrucci\u00f3n del Ser Esc\u00e9nico\u00bb en la CDMX. Se trata de un taller de investigaci\u00f3n corporal donde el uso de piso, la relaci\u00f3n articular y la construcci\u00f3n a trav\u00e9s de la improvisaci\u00f3n, ser\u00e1n el lenguaje com\u00fan. Enfocado en la investigaci\u00f3n f\u00edsica de mec\u00e1nicas para el contacto cuerpo a cuerpo [&hellip;]<\/p>\n","protected":false},"author":1,"featured_media":1985,"comment_status":"closed","ping_status":"open","sticky":false,"template":"","format":"standard","meta":{"footnotes":""},"categories":[103,43,58,18],"tags":[147,148],"class_list":["post-1983","post","type-post","status-publish","format-standard","has-post-thumbnail","hentry","category-artes-escenicas","category-cursos","category-danza","category-eventos","tag-ana-paula-ricalde","tag-leonardo-schwartz"],"yoast_head":"<!-- This site is optimized with the Yoast SEO plugin v27.2 - https:\/\/yoast.com\/product\/yoast-seo-wordpress\/ -->\n<title>Construcci\u00f3n del Ser Esc\u00e9nico: Workshop con Ana Paula Ricalde y Leonardo Schwartz - Red Nacional de Arte<\/title>\n<meta name=\"robots\" content=\"index, follow, max-snippet:-1, max-image-preview:large, max-video-preview:-1\" \/>\n<link rel=\"canonical\" href=\"http:\/\/rednacionaldearte.com\/noticias\/construccion-del-escenico-workshop-ana-paula-ricalde-leonardo-schwartz\/\" \/>\n<meta property=\"og:locale\" content=\"es_ES\" \/>\n<meta property=\"og:type\" content=\"article\" \/>\n<meta property=\"og:title\" content=\"Construcci\u00f3n del Ser Esc\u00e9nico: Workshop con Ana Paula Ricalde y Leonardo Schwartz - Red Nacional de Arte\" \/>\n<meta property=\"og:description\" content=\"Ana Paula Ricalde y Leonardo Schwartz impartir\u00e1n \u00abConstrucci\u00f3n del Ser Esc\u00e9nico\u00bb en la CDMX. Se trata de un taller de investigaci\u00f3n corporal donde el uso de piso, la relaci\u00f3n articular y la construcci\u00f3n a trav\u00e9s de la improvisaci\u00f3n, ser\u00e1n el lenguaje com\u00fan. Enfocado en la investigaci\u00f3n f\u00edsica de mec\u00e1nicas para el contacto cuerpo a cuerpo [&hellip;]\" \/>\n<meta property=\"og:url\" content=\"http:\/\/rednacionaldearte.com\/noticias\/construccion-del-escenico-workshop-ana-paula-ricalde-leonardo-schwartz\/\" \/>\n<meta property=\"og:site_name\" content=\"Red Nacional de Arte\" \/>\n<meta property=\"article:publisher\" content=\"http:\/\/www.facebook.com\/rednacionaldearte\/\" \/>\n<meta property=\"article:published_time\" content=\"2018-03-27T13:33:59+00:00\" \/>\n<meta property=\"article:modified_time\" content=\"2018-03-27T21:11:04+00:00\" \/>\n<meta property=\"og:image\" content=\"http:\/\/rednacionaldearte.com\/noticias\/wp-content\/uploads\/2018\/03\/header.jpg\" \/>\n\t<meta property=\"og:image:width\" content=\"960\" \/>\n\t<meta property=\"og:image:height\" content=\"472\" \/>\n\t<meta property=\"og:image:type\" content=\"image\/jpeg\" \/>\n<meta name=\"author\" content=\"Redacci\u00f3n\" \/>\n<meta name=\"twitter:card\" content=\"summary_large_image\" \/>\n<meta name=\"twitter:creator\" content=\"@rednacionalarte\" \/>\n<meta name=\"twitter:site\" content=\"@rednacionalarte\" \/>\n<meta name=\"twitter:label1\" content=\"Escrito por\" \/>\n\t<meta name=\"twitter:data1\" content=\"Redacci\u00f3n\" \/>\n\t<meta name=\"twitter:label2\" content=\"Tiempo de lectura\" \/>\n\t<meta name=\"twitter:data2\" content=\"1 minuto\" \/>\n<script type=\"application\/ld+json\" class=\"yoast-schema-graph\">{\"@context\":\"https:\/\/schema.org\",\"@graph\":[{\"@type\":\"Article\",\"@id\":\"http:\/\/rednacionaldearte.com\/noticias\/construccion-del-escenico-workshop-ana-paula-ricalde-leonardo-schwartz\/#article\",\"isPartOf\":{\"@id\":\"http:\/\/rednacionaldearte.com\/noticias\/construccion-del-escenico-workshop-ana-paula-ricalde-leonardo-schwartz\/\"},\"author\":{\"name\":\"Redacci\u00f3n\",\"@id\":\"http:\/\/rednacionaldearte.com\/noticias\/#\/schema\/person\/489d635082b1de413434d2708a3e5b9b\"},\"headline\":\"Construcci\u00f3n del Ser Esc\u00e9nico: Workshop con Ana Paula Ricalde y Leonardo Schwartz\",\"datePublished\":\"2018-03-27T13:33:59+00:00\",\"dateModified\":\"2018-03-27T21:11:04+00:00\",\"mainEntityOfPage\":{\"@id\":\"http:\/\/rednacionaldearte.com\/noticias\/construccion-del-escenico-workshop-ana-paula-ricalde-leonardo-schwartz\/\"},\"wordCount\":242,\"publisher\":{\"@id\":\"http:\/\/rednacionaldearte.com\/noticias\/#organization\"},\"image\":{\"@id\":\"http:\/\/rednacionaldearte.com\/noticias\/construccion-del-escenico-workshop-ana-paula-ricalde-leonardo-schwartz\/#primaryimage\"},\"thumbnailUrl\":\"https:\/\/rednacionaldearte.com\/noticias\/wp-content\/uploads\/2018\/03\/header.jpg\",\"keywords\":[\"Ana Paula Ricalde\",\"Leonardo Schwartz\"],\"articleSection\":[\"Artes Esc\u00e9nicas\",\"Cursos\",\"Danza\",\"Eventos\"],\"inLanguage\":\"es\"},{\"@type\":\"WebPage\",\"@id\":\"http:\/\/rednacionaldearte.com\/noticias\/construccion-del-escenico-workshop-ana-paula-ricalde-leonardo-schwartz\/\",\"url\":\"http:\/\/rednacionaldearte.com\/noticias\/construccion-del-escenico-workshop-ana-paula-ricalde-leonardo-schwartz\/\",\"name\":\"Construcci\u00f3n del Ser Esc\u00e9nico: Workshop con Ana Paula Ricalde y Leonardo Schwartz - Red Nacional de Arte\",\"isPartOf\":{\"@id\":\"http:\/\/rednacionaldearte.com\/noticias\/#website\"},\"primaryImageOfPage\":{\"@id\":\"http:\/\/rednacionaldearte.com\/noticias\/construccion-del-escenico-workshop-ana-paula-ricalde-leonardo-schwartz\/#primaryimage\"},\"image\":{\"@id\":\"http:\/\/rednacionaldearte.com\/noticias\/construccion-del-escenico-workshop-ana-paula-ricalde-leonardo-schwartz\/#primaryimage\"},\"thumbnailUrl\":\"https:\/\/rednacionaldearte.com\/noticias\/wp-content\/uploads\/2018\/03\/header.jpg\",\"datePublished\":\"2018-03-27T13:33:59+00:00\",\"dateModified\":\"2018-03-27T21:11:04+00:00\",\"breadcrumb\":{\"@id\":\"http:\/\/rednacionaldearte.com\/noticias\/construccion-del-escenico-workshop-ana-paula-ricalde-leonardo-schwartz\/#breadcrumb\"},\"inLanguage\":\"es\",\"potentialAction\":[{\"@type\":\"ReadAction\",\"target\":[\"http:\/\/rednacionaldearte.com\/noticias\/construccion-del-escenico-workshop-ana-paula-ricalde-leonardo-schwartz\/\"]}]},{\"@type\":\"ImageObject\",\"inLanguage\":\"es\",\"@id\":\"http:\/\/rednacionaldearte.com\/noticias\/construccion-del-escenico-workshop-ana-paula-ricalde-leonardo-schwartz\/#primaryimage\",\"url\":\"https:\/\/rednacionaldearte.com\/noticias\/wp-content\/uploads\/2018\/03\/header.jpg\",\"contentUrl\":\"https:\/\/rednacionaldearte.com\/noticias\/wp-content\/uploads\/2018\/03\/header.jpg\",\"width\":960,\"height\":472,\"caption\":\"Ana Paula Ricalde y Leonardo Schwartz\"},{\"@type\":\"BreadcrumbList\",\"@id\":\"http:\/\/rednacionaldearte.com\/noticias\/construccion-del-escenico-workshop-ana-paula-ricalde-leonardo-schwartz\/#breadcrumb\",\"itemListElement\":[{\"@type\":\"ListItem\",\"position\":1,\"name\":\"Home\",\"item\":\"http:\/\/rednacionaldearte.com\/noticias\/\"},{\"@type\":\"ListItem\",\"position\":2,\"name\":\"Construcci\u00f3n del Ser Esc\u00e9nico: Workshop con Ana Paula Ricalde y Leonardo Schwartz\"}]},{\"@type\":\"WebSite\",\"@id\":\"http:\/\/rednacionaldearte.com\/noticias\/#website\",\"url\":\"http:\/\/rednacionaldearte.com\/noticias\/\",\"name\":\"Red Nacional de Arte\",\"description\":\"Cultura y Arte contempor\u00e1neo en M\u00e9xico\",\"publisher\":{\"@id\":\"http:\/\/rednacionaldearte.com\/noticias\/#organization\"},\"potentialAction\":[{\"@type\":\"SearchAction\",\"target\":{\"@type\":\"EntryPoint\",\"urlTemplate\":\"http:\/\/rednacionaldearte.com\/noticias\/?s={search_term_string}\"},\"query-input\":{\"@type\":\"PropertyValueSpecification\",\"valueRequired\":true,\"valueName\":\"search_term_string\"}}],\"inLanguage\":\"es\"},{\"@type\":\"Organization\",\"@id\":\"http:\/\/rednacionaldearte.com\/noticias\/#organization\",\"name\":\"Red Nacional de Arte\",\"url\":\"http:\/\/rednacionaldearte.com\/noticias\/\",\"logo\":{\"@type\":\"ImageObject\",\"inLanguage\":\"es\",\"@id\":\"http:\/\/rednacionaldearte.com\/noticias\/#\/schema\/logo\/image\/\",\"url\":\"http:\/\/rednacionaldearte.com\/noticias\/wp-content\/uploads\/2016\/04\/logo.png\",\"contentUrl\":\"http:\/\/rednacionaldearte.com\/noticias\/wp-content\/uploads\/2016\/04\/logo.png\",\"width\":575,\"height\":554,\"caption\":\"Red Nacional de Arte\"},\"image\":{\"@id\":\"http:\/\/rednacionaldearte.com\/noticias\/#\/schema\/logo\/image\/\"},\"sameAs\":[\"http:\/\/www.facebook.com\/rednacionaldearte\/\",\"https:\/\/x.com\/rednacionalarte\"]},{\"@type\":\"Person\",\"@id\":\"http:\/\/rednacionaldearte.com\/noticias\/#\/schema\/person\/489d635082b1de413434d2708a3e5b9b\",\"name\":\"Redacci\u00f3n\",\"image\":{\"@type\":\"ImageObject\",\"inLanguage\":\"es\",\"@id\":\"https:\/\/secure.gravatar.com\/avatar\/1d1c30eaee7c2f6cfa13fb8502cb06839106cdf371b9953d50e4b572d0bfa3c7?s=96&d=mm&r=g\",\"url\":\"https:\/\/secure.gravatar.com\/avatar\/1d1c30eaee7c2f6cfa13fb8502cb06839106cdf371b9953d50e4b572d0bfa3c7?s=96&d=mm&r=g\",\"contentUrl\":\"https:\/\/secure.gravatar.com\/avatar\/1d1c30eaee7c2f6cfa13fb8502cb06839106cdf371b9953d50e4b572d0bfa3c7?s=96&d=mm&r=g\",\"caption\":\"Redacci\u00f3n\"},\"url\":\"https:\/\/rednacionaldearte.com\/noticias\/author\/adan\/\"}]}<\/script>\n<!-- \/ Yoast SEO plugin. -->","yoast_head_json":{"title":"Construcci\u00f3n del Ser Esc\u00e9nico: Workshop con Ana Paula Ricalde y Leonardo Schwartz - Red Nacional de Arte","robots":{"index":"index","follow":"follow","max-snippet":"max-snippet:-1","max-image-preview":"max-image-preview:large","max-video-preview":"max-video-preview:-1"},"canonical":"http:\/\/rednacionaldearte.com\/noticias\/construccion-del-escenico-workshop-ana-paula-ricalde-leonardo-schwartz\/","og_locale":"es_ES","og_type":"article","og_title":"Construcci\u00f3n del Ser Esc\u00e9nico: Workshop con Ana Paula Ricalde y Leonardo Schwartz - Red Nacional de Arte","og_description":"Ana Paula Ricalde y Leonardo Schwartz impartir\u00e1n \u00abConstrucci\u00f3n del Ser Esc\u00e9nico\u00bb en la CDMX. Se trata de un taller de investigaci\u00f3n corporal donde el uso de piso, la relaci\u00f3n articular y la construcci\u00f3n a trav\u00e9s de la improvisaci\u00f3n, ser\u00e1n el lenguaje com\u00fan. Enfocado en la investigaci\u00f3n f\u00edsica de mec\u00e1nicas para el contacto cuerpo a cuerpo [&hellip;]","og_url":"http:\/\/rednacionaldearte.com\/noticias\/construccion-del-escenico-workshop-ana-paula-ricalde-leonardo-schwartz\/","og_site_name":"Red Nacional de Arte","article_publisher":"http:\/\/www.facebook.com\/rednacionaldearte\/","article_published_time":"2018-03-27T13:33:59+00:00","article_modified_time":"2018-03-27T21:11:04+00:00","og_image":[{"width":960,"height":472,"url":"http:\/\/rednacionaldearte.com\/noticias\/wp-content\/uploads\/2018\/03\/header.jpg","type":"image\/jpeg"}],"author":"Redacci\u00f3n","twitter_card":"summary_large_image","twitter_creator":"@rednacionalarte","twitter_site":"@rednacionalarte","twitter_misc":{"Escrito por":"Redacci\u00f3n","Tiempo de lectura":"1 minuto"},"schema":{"@context":"https:\/\/schema.org","@graph":[{"@type":"Article","@id":"http:\/\/rednacionaldearte.com\/noticias\/construccion-del-escenico-workshop-ana-paula-ricalde-leonardo-schwartz\/#article","isPartOf":{"@id":"http:\/\/rednacionaldearte.com\/noticias\/construccion-del-escenico-workshop-ana-paula-ricalde-leonardo-schwartz\/"},"author":{"name":"Redacci\u00f3n","@id":"http:\/\/rednacionaldearte.com\/noticias\/#\/schema\/person\/489d635082b1de413434d2708a3e5b9b"},"headline":"Construcci\u00f3n del Ser Esc\u00e9nico: Workshop con Ana Paula Ricalde y Leonardo Schwartz","datePublished":"2018-03-27T13:33:59+00:00","dateModified":"2018-03-27T21:11:04+00:00","mainEntityOfPage":{"@id":"http:\/\/rednacionaldearte.com\/noticias\/construccion-del-escenico-workshop-ana-paula-ricalde-leonardo-schwartz\/"},"wordCount":242,"publisher":{"@id":"http:\/\/rednacionaldearte.com\/noticias\/#organization"},"image":{"@id":"http:\/\/rednacionaldearte.com\/noticias\/construccion-del-escenico-workshop-ana-paula-ricalde-leonardo-schwartz\/#primaryimage"},"thumbnailUrl":"https:\/\/rednacionaldearte.com\/noticias\/wp-content\/uploads\/2018\/03\/header.jpg","keywords":["Ana Paula Ricalde","Leonardo Schwartz"],"articleSection":["Artes Esc\u00e9nicas","Cursos","Danza","Eventos"],"inLanguage":"es"},{"@type":"WebPage","@id":"http:\/\/rednacionaldearte.com\/noticias\/construccion-del-escenico-workshop-ana-paula-ricalde-leonardo-schwartz\/","url":"http:\/\/rednacionaldearte.com\/noticias\/construccion-del-escenico-workshop-ana-paula-ricalde-leonardo-schwartz\/","name":"Construcci\u00f3n del Ser Esc\u00e9nico: Workshop con Ana Paula Ricalde y Leonardo Schwartz - Red Nacional de Arte","isPartOf":{"@id":"http:\/\/rednacionaldearte.com\/noticias\/#website"},"primaryImageOfPage":{"@id":"http:\/\/rednacionaldearte.com\/noticias\/construccion-del-escenico-workshop-ana-paula-ricalde-leonardo-schwartz\/#primaryimage"},"image":{"@id":"http:\/\/rednacionaldearte.com\/noticias\/construccion-del-escenico-workshop-ana-paula-ricalde-leonardo-schwartz\/#primaryimage"},"thumbnailUrl":"https:\/\/rednacionaldearte.com\/noticias\/wp-content\/uploads\/2018\/03\/header.jpg","datePublished":"2018-03-27T13:33:59+00:00","dateModified":"2018-03-27T21:11:04+00:00","breadcrumb":{"@id":"http:\/\/rednacionaldearte.com\/noticias\/construccion-del-escenico-workshop-ana-paula-ricalde-leonardo-schwartz\/#breadcrumb"},"inLanguage":"es","potentialAction":[{"@type":"ReadAction","target":["http:\/\/rednacionaldearte.com\/noticias\/construccion-del-escenico-workshop-ana-paula-ricalde-leonardo-schwartz\/"]}]},{"@type":"ImageObject","inLanguage":"es","@id":"http:\/\/rednacionaldearte.com\/noticias\/construccion-del-escenico-workshop-ana-paula-ricalde-leonardo-schwartz\/#primaryimage","url":"https:\/\/rednacionaldearte.com\/noticias\/wp-content\/uploads\/2018\/03\/header.jpg","contentUrl":"https:\/\/rednacionaldearte.com\/noticias\/wp-content\/uploads\/2018\/03\/header.jpg","width":960,"height":472,"caption":"Ana Paula Ricalde y Leonardo Schwartz"},{"@type":"BreadcrumbList","@id":"http:\/\/rednacionaldearte.com\/noticias\/construccion-del-escenico-workshop-ana-paula-ricalde-leonardo-schwartz\/#breadcrumb","itemListElement":[{"@type":"ListItem","position":1,"name":"Home","item":"http:\/\/rednacionaldearte.com\/noticias\/"},{"@type":"ListItem","position":2,"name":"Construcci\u00f3n del Ser Esc\u00e9nico: Workshop con Ana Paula Ricalde y Leonardo Schwartz"}]},{"@type":"WebSite","@id":"http:\/\/rednacionaldearte.com\/noticias\/#website","url":"http:\/\/rednacionaldearte.com\/noticias\/","name":"Red Nacional de Arte","description":"Cultura y Arte contempor\u00e1neo en M\u00e9xico","publisher":{"@id":"http:\/\/rednacionaldearte.com\/noticias\/#organization"},"potentialAction":[{"@type":"SearchAction","target":{"@type":"EntryPoint","urlTemplate":"http:\/\/rednacionaldearte.com\/noticias\/?s={search_term_string}"},"query-input":{"@type":"PropertyValueSpecification","valueRequired":true,"valueName":"search_term_string"}}],"inLanguage":"es"},{"@type":"Organization","@id":"http:\/\/rednacionaldearte.com\/noticias\/#organization","name":"Red Nacional de Arte","url":"http:\/\/rednacionaldearte.com\/noticias\/","logo":{"@type":"ImageObject","inLanguage":"es","@id":"http:\/\/rednacionaldearte.com\/noticias\/#\/schema\/logo\/image\/","url":"http:\/\/rednacionaldearte.com\/noticias\/wp-content\/uploads\/2016\/04\/logo.png","contentUrl":"http:\/\/rednacionaldearte.com\/noticias\/wp-content\/uploads\/2016\/04\/logo.png","width":575,"height":554,"caption":"Red Nacional de Arte"},"image":{"@id":"http:\/\/rednacionaldearte.com\/noticias\/#\/schema\/logo\/image\/"},"sameAs":["http:\/\/www.facebook.com\/rednacionaldearte\/","https:\/\/x.com\/rednacionalarte"]},{"@type":"Person","@id":"http:\/\/rednacionaldearte.com\/noticias\/#\/schema\/person\/489d635082b1de413434d2708a3e5b9b","name":"Redacci\u00f3n","image":{"@type":"ImageObject","inLanguage":"es","@id":"https:\/\/secure.gravatar.com\/avatar\/1d1c30eaee7c2f6cfa13fb8502cb06839106cdf371b9953d50e4b572d0bfa3c7?s=96&d=mm&r=g","url":"https:\/\/secure.gravatar.com\/avatar\/1d1c30eaee7c2f6cfa13fb8502cb06839106cdf371b9953d50e4b572d0bfa3c7?s=96&d=mm&r=g","contentUrl":"https:\/\/secure.gravatar.com\/avatar\/1d1c30eaee7c2f6cfa13fb8502cb06839106cdf371b9953d50e4b572d0bfa3c7?s=96&d=mm&r=g","caption":"Redacci\u00f3n"},"url":"https:\/\/rednacionaldearte.com\/noticias\/author\/adan\/"}]}},"amp_validity":null,"amp_enabled":true,"_links":{"self":[{"href":"https:\/\/rednacionaldearte.com\/noticias\/wp-json\/wp\/v2\/posts\/1983","targetHints":{"allow":["GET"]}}],"collection":[{"href":"https:\/\/rednacionaldearte.com\/noticias\/wp-json\/wp\/v2\/posts"}],"about":[{"href":"https:\/\/rednacionaldearte.com\/noticias\/wp-json\/wp\/v2\/types\/post"}],"author":[{"embeddable":true,"href":"https:\/\/rednacionaldearte.com\/noticias\/wp-json\/wp\/v2\/users\/1"}],"replies":[{"embeddable":true,"href":"https:\/\/rednacionaldearte.com\/noticias\/wp-json\/wp\/v2\/comments?post=1983"}],"version-history":[{"count":2,"href":"https:\/\/rednacionaldearte.com\/noticias\/wp-json\/wp\/v2\/posts\/1983\/revisions"}],"predecessor-version":[{"id":1987,"href":"https:\/\/rednacionaldearte.com\/noticias\/wp-json\/wp\/v2\/posts\/1983\/revisions\/1987"}],"wp:featuredmedia":[{"embeddable":true,"href":"https:\/\/rednacionaldearte.com\/noticias\/wp-json\/wp\/v2\/media\/1985"}],"wp:attachment":[{"href":"https:\/\/rednacionaldearte.com\/noticias\/wp-json\/wp\/v2\/media?parent=1983"}],"wp:term":[{"taxonomy":"category","embeddable":true,"href":"https:\/\/rednacionaldearte.com\/noticias\/wp-json\/wp\/v2\/categories?post=1983"},{"taxonomy":"post_tag","embeddable":true,"href":"https:\/\/rednacionaldearte.com\/noticias\/wp-json\/wp\/v2\/tags?post=1983"}],"curies":[{"name":"wp","href":"https:\/\/api.w.org\/{rel}","templated":true}]}}