{"id":211,"date":"2016-09-01T15:05:44","date_gmt":"2016-09-01T15:05:44","guid":{"rendered":"http:\/\/rednacionaldearte.com\/noticias\/?p=211"},"modified":"2016-09-01T15:07:10","modified_gmt":"2016-09-01T15:07:10","slug":"211-2","status":"publish","type":"post","link":"https:\/\/rednacionaldearte.com\/noticias\/211-2\/","title":{"rendered":"\u00a1LUMA 02 disponible!"},"content":{"rendered":"<p><a href=\"http:\/\/luma.rednacionaldearte.com\/luma-2.php\"><img loading=\"lazy\" decoding=\"async\" class=\"aligncenter wp-image-212 size-full\" src=\"http:\/\/rednacionaldearte.com\/noticias\/wp-content\/uploads\/2016\/09\/luma-02-septiembre.png\" alt=\"luma-02-septiembre\" width=\"586\" height=\"770\" srcset=\"https:\/\/rednacionaldearte.com\/noticias\/wp-content\/uploads\/2016\/09\/luma-02-septiembre.png 586w, https:\/\/rednacionaldearte.com\/noticias\/wp-content\/uploads\/2016\/09\/luma-02-septiembre-228x300.png 228w\" sizes=\"auto, (max-width: 586px) 100vw, 586px\" \/><\/a><\/p>\n<p>El segundo n\u00famero de la Revista Luma ya se encuentra disponible en <a href=\"http:\/\/luma.rednacionaldearte.com\/luma-2.php\">luma.rednacionaldearte.com<\/a>.<\/p>\n<p>En esta\u00a0edici\u00f3n es posible encontrar:<\/p>\n<ul>\n<li>Cartelera Cultural<\/li>\n<li>Carta sin remitente no. 13, por Marissa Mata<\/li>\n<li>Shadows collide with people, por Cuauht\u00e9moc Calder\u00f3n<\/li>\n<li>Dise\u00f1o y Objetos de Deseo, por Ad\u00e1n Ruiz<\/li>\n<li>Breves del arte<\/li>\n<li>M\u00e9xico en el World Architecture Festival 2016, por Sebasti\u00e1n Rabelo Val<\/li>\n<li>Las cenizas de Luis Barrag\u00e1n son convertidas en diamantes, por Ad\u00e1n Ruiz<\/li>\n<li>Desdibujando realidades, por Anabel Morey<\/li>\n<li>Dan a conocer la lista de ganadores de la medalla Bellas Artes, por Rub\u00e9n Gonz\u00e1les<\/li>\n<li>Los artistas mejor cotizados del 1er semestre del 2016, por Enrique Mart\u00ednez<\/li>\n<li>Carlos Reygadas cura Muestra de Cine Mexicano en Hamburgo, por Rub\u00e9n Gonz\u00e1les<\/li>\n<li>Aimar P\u00e9rez Gal\u00ed: Investigaci\u00f3n coreogr\u00e1fica, por Yuki Pastrana<b>Artistas que ilustran esta edici\u00f3n:<\/b>\n<ul>\n<li>Scott Webb<\/li>\n<li>Alejandro P\u00e9rez<\/li>\n<li>Julie Bernard<\/li>\n<li>Eme de Armario<\/li>\n<li>21Hrs<\/li>\n<li>Ad\u00e1n Ruiz<\/li>\n<li>Anabel Morey<\/li>\n<\/ul>\n<\/li>\n<\/ul>\n<p style=\"text-align: justify;\">Los invitamos a leerla y colaborar con\u00a0el proyecto, que <a href=\"http:\/\/rednacionaldearte.com\/noticias\/convocatoria-para-publicar-en-la-revista-luma\/\">recibe todo tipo de propuestas<\/a> relacionadas\u00a0de alguna manera con el arte (sean fotograf\u00edas, ilustraciones, art\u00edculos, investigaciones, etc\u00e9tera) para ser publicadas.<\/p>\n","protected":false},"excerpt":{"rendered":"<p>El segundo n\u00famero de la Revista Luma ya se encuentra disponible en luma.rednacionaldearte.com. En esta\u00a0edici\u00f3n es posible encontrar: Cartelera Cultural Carta sin remitente no. 13, por Marissa Mata Shadows collide with people, por Cuauht\u00e9moc Calder\u00f3n Dise\u00f1o y Objetos de Deseo, por Ad\u00e1n Ruiz Breves del arte M\u00e9xico en el World Architecture Festival 2016, por Sebasti\u00e1n [&hellip;]<\/p>\n","protected":false},"author":1,"featured_media":212,"comment_status":"closed","ping_status":"open","sticky":false,"template":"","format":"standard","meta":{"footnotes":""},"categories":[55,41],"tags":[],"class_list":["post-211","post","type-post","status-publish","format-standard","has-post-thumbnail","hentry","category-luma","category-rna"],"yoast_head":"<!-- This site is optimized with the Yoast SEO plugin v27.2 - https:\/\/yoast.com\/product\/yoast-seo-wordpress\/ -->\n<title>\u00a1LUMA 02 disponible! - Red Nacional de Arte<\/title>\n<meta name=\"robots\" content=\"index, follow, max-snippet:-1, max-image-preview:large, max-video-preview:-1\" \/>\n<link rel=\"canonical\" href=\"http:\/\/rednacionaldearte.com\/noticias\/211-2\/\" \/>\n<meta property=\"og:locale\" content=\"es_ES\" \/>\n<meta property=\"og:type\" content=\"article\" \/>\n<meta property=\"og:title\" content=\"\u00a1LUMA 02 disponible! - Red Nacional de Arte\" \/>\n<meta property=\"og:description\" content=\"El segundo n\u00famero de la Revista Luma ya se encuentra disponible en luma.rednacionaldearte.com. En esta\u00a0edici\u00f3n es posible encontrar: Cartelera Cultural Carta sin remitente no. 13, por Marissa Mata Shadows collide with people, por Cuauht\u00e9moc Calder\u00f3n Dise\u00f1o y Objetos de Deseo, por Ad\u00e1n Ruiz Breves del arte M\u00e9xico en el World Architecture Festival 2016, por Sebasti\u00e1n [&hellip;]\" \/>\n<meta property=\"og:url\" content=\"http:\/\/rednacionaldearte.com\/noticias\/211-2\/\" \/>\n<meta property=\"og:site_name\" content=\"Red Nacional de Arte\" \/>\n<meta property=\"article:publisher\" content=\"http:\/\/www.facebook.com\/rednacionaldearte\/\" \/>\n<meta property=\"article:published_time\" content=\"2016-09-01T15:05:44+00:00\" \/>\n<meta property=\"article:modified_time\" content=\"2016-09-01T15:07:10+00:00\" \/>\n<meta property=\"og:image\" content=\"http:\/\/rednacionaldearte.com\/noticias\/wp-content\/uploads\/2016\/09\/luma-02-septiembre.png\" \/>\n\t<meta property=\"og:image:width\" content=\"586\" \/>\n\t<meta property=\"og:image:height\" content=\"770\" \/>\n\t<meta property=\"og:image:type\" content=\"image\/png\" \/>\n<meta name=\"author\" content=\"Redacci\u00f3n\" \/>\n<meta name=\"twitter:card\" content=\"summary_large_image\" \/>\n<meta name=\"twitter:creator\" content=\"@rednacionalarte\" \/>\n<meta name=\"twitter:site\" content=\"@rednacionalarte\" \/>\n<meta name=\"twitter:label1\" content=\"Escrito por\" \/>\n\t<meta name=\"twitter:data1\" content=\"Redacci\u00f3n\" \/>\n\t<meta name=\"twitter:label2\" content=\"Tiempo de lectura\" \/>\n\t<meta name=\"twitter:data2\" content=\"1 minuto\" \/>\n<script type=\"application\/ld+json\" class=\"yoast-schema-graph\">{\"@context\":\"https:\/\/schema.org\",\"@graph\":[{\"@type\":\"Article\",\"@id\":\"http:\/\/rednacionaldearte.com\/noticias\/211-2\/#article\",\"isPartOf\":{\"@id\":\"http:\/\/rednacionaldearte.com\/noticias\/211-2\/\"},\"author\":{\"name\":\"Redacci\u00f3n\",\"@id\":\"http:\/\/rednacionaldearte.com\/noticias\/#\/schema\/person\/489d635082b1de413434d2708a3e5b9b\"},\"headline\":\"\u00a1LUMA 02 disponible!\",\"datePublished\":\"2016-09-01T15:05:44+00:00\",\"dateModified\":\"2016-09-01T15:07:10+00:00\",\"mainEntityOfPage\":{\"@id\":\"http:\/\/rednacionaldearte.com\/noticias\/211-2\/\"},\"wordCount\":196,\"publisher\":{\"@id\":\"http:\/\/rednacionaldearte.com\/noticias\/#organization\"},\"image\":{\"@id\":\"http:\/\/rednacionaldearte.com\/noticias\/211-2\/#primaryimage\"},\"thumbnailUrl\":\"https:\/\/rednacionaldearte.com\/noticias\/wp-content\/uploads\/2016\/09\/luma-02-septiembre.png\",\"articleSection\":[\"LUMA\",\"RNA\"],\"inLanguage\":\"es\"},{\"@type\":\"WebPage\",\"@id\":\"http:\/\/rednacionaldearte.com\/noticias\/211-2\/\",\"url\":\"http:\/\/rednacionaldearte.com\/noticias\/211-2\/\",\"name\":\"\u00a1LUMA 02 disponible! - Red Nacional de Arte\",\"isPartOf\":{\"@id\":\"http:\/\/rednacionaldearte.com\/noticias\/#website\"},\"primaryImageOfPage\":{\"@id\":\"http:\/\/rednacionaldearte.com\/noticias\/211-2\/#primaryimage\"},\"image\":{\"@id\":\"http:\/\/rednacionaldearte.com\/noticias\/211-2\/#primaryimage\"},\"thumbnailUrl\":\"https:\/\/rednacionaldearte.com\/noticias\/wp-content\/uploads\/2016\/09\/luma-02-septiembre.png\",\"datePublished\":\"2016-09-01T15:05:44+00:00\",\"dateModified\":\"2016-09-01T15:07:10+00:00\",\"breadcrumb\":{\"@id\":\"http:\/\/rednacionaldearte.com\/noticias\/211-2\/#breadcrumb\"},\"inLanguage\":\"es\",\"potentialAction\":[{\"@type\":\"ReadAction\",\"target\":[\"http:\/\/rednacionaldearte.com\/noticias\/211-2\/\"]}]},{\"@type\":\"ImageObject\",\"inLanguage\":\"es\",\"@id\":\"http:\/\/rednacionaldearte.com\/noticias\/211-2\/#primaryimage\",\"url\":\"https:\/\/rednacionaldearte.com\/noticias\/wp-content\/uploads\/2016\/09\/luma-02-septiembre.png\",\"contentUrl\":\"https:\/\/rednacionaldearte.com\/noticias\/wp-content\/uploads\/2016\/09\/luma-02-septiembre.png\",\"width\":586,\"height\":770},{\"@type\":\"BreadcrumbList\",\"@id\":\"http:\/\/rednacionaldearte.com\/noticias\/211-2\/#breadcrumb\",\"itemListElement\":[{\"@type\":\"ListItem\",\"position\":1,\"name\":\"Home\",\"item\":\"http:\/\/rednacionaldearte.com\/noticias\/\"},{\"@type\":\"ListItem\",\"position\":2,\"name\":\"\u00a1LUMA 02 disponible!\"}]},{\"@type\":\"WebSite\",\"@id\":\"http:\/\/rednacionaldearte.com\/noticias\/#website\",\"url\":\"http:\/\/rednacionaldearte.com\/noticias\/\",\"name\":\"Red Nacional de Arte\",\"description\":\"Cultura y Arte contempor\u00e1neo en M\u00e9xico\",\"publisher\":{\"@id\":\"http:\/\/rednacionaldearte.com\/noticias\/#organization\"},\"potentialAction\":[{\"@type\":\"SearchAction\",\"target\":{\"@type\":\"EntryPoint\",\"urlTemplate\":\"http:\/\/rednacionaldearte.com\/noticias\/?s={search_term_string}\"},\"query-input\":{\"@type\":\"PropertyValueSpecification\",\"valueRequired\":true,\"valueName\":\"search_term_string\"}}],\"inLanguage\":\"es\"},{\"@type\":\"Organization\",\"@id\":\"http:\/\/rednacionaldearte.com\/noticias\/#organization\",\"name\":\"Red Nacional de Arte\",\"url\":\"http:\/\/rednacionaldearte.com\/noticias\/\",\"logo\":{\"@type\":\"ImageObject\",\"inLanguage\":\"es\",\"@id\":\"http:\/\/rednacionaldearte.com\/noticias\/#\/schema\/logo\/image\/\",\"url\":\"http:\/\/rednacionaldearte.com\/noticias\/wp-content\/uploads\/2016\/04\/logo.png\",\"contentUrl\":\"http:\/\/rednacionaldearte.com\/noticias\/wp-content\/uploads\/2016\/04\/logo.png\",\"width\":575,\"height\":554,\"caption\":\"Red Nacional de Arte\"},\"image\":{\"@id\":\"http:\/\/rednacionaldearte.com\/noticias\/#\/schema\/logo\/image\/\"},\"sameAs\":[\"http:\/\/www.facebook.com\/rednacionaldearte\/\",\"https:\/\/x.com\/rednacionalarte\"]},{\"@type\":\"Person\",\"@id\":\"http:\/\/rednacionaldearte.com\/noticias\/#\/schema\/person\/489d635082b1de413434d2708a3e5b9b\",\"name\":\"Redacci\u00f3n\",\"image\":{\"@type\":\"ImageObject\",\"inLanguage\":\"es\",\"@id\":\"https:\/\/secure.gravatar.com\/avatar\/1d1c30eaee7c2f6cfa13fb8502cb06839106cdf371b9953d50e4b572d0bfa3c7?s=96&d=mm&r=g\",\"url\":\"https:\/\/secure.gravatar.com\/avatar\/1d1c30eaee7c2f6cfa13fb8502cb06839106cdf371b9953d50e4b572d0bfa3c7?s=96&d=mm&r=g\",\"contentUrl\":\"https:\/\/secure.gravatar.com\/avatar\/1d1c30eaee7c2f6cfa13fb8502cb06839106cdf371b9953d50e4b572d0bfa3c7?s=96&d=mm&r=g\",\"caption\":\"Redacci\u00f3n\"},\"url\":\"https:\/\/rednacionaldearte.com\/noticias\/author\/adan\/\"}]}<\/script>\n<!-- \/ Yoast SEO plugin. -->","yoast_head_json":{"title":"\u00a1LUMA 02 disponible! - Red Nacional de Arte","robots":{"index":"index","follow":"follow","max-snippet":"max-snippet:-1","max-image-preview":"max-image-preview:large","max-video-preview":"max-video-preview:-1"},"canonical":"http:\/\/rednacionaldearte.com\/noticias\/211-2\/","og_locale":"es_ES","og_type":"article","og_title":"\u00a1LUMA 02 disponible! - Red Nacional de Arte","og_description":"El segundo n\u00famero de la Revista Luma ya se encuentra disponible en luma.rednacionaldearte.com. En esta\u00a0edici\u00f3n es posible encontrar: Cartelera Cultural Carta sin remitente no. 13, por Marissa Mata Shadows collide with people, por Cuauht\u00e9moc Calder\u00f3n Dise\u00f1o y Objetos de Deseo, por Ad\u00e1n Ruiz Breves del arte M\u00e9xico en el World Architecture Festival 2016, por Sebasti\u00e1n [&hellip;]","og_url":"http:\/\/rednacionaldearte.com\/noticias\/211-2\/","og_site_name":"Red Nacional de Arte","article_publisher":"http:\/\/www.facebook.com\/rednacionaldearte\/","article_published_time":"2016-09-01T15:05:44+00:00","article_modified_time":"2016-09-01T15:07:10+00:00","og_image":[{"width":586,"height":770,"url":"http:\/\/rednacionaldearte.com\/noticias\/wp-content\/uploads\/2016\/09\/luma-02-septiembre.png","type":"image\/png"}],"author":"Redacci\u00f3n","twitter_card":"summary_large_image","twitter_creator":"@rednacionalarte","twitter_site":"@rednacionalarte","twitter_misc":{"Escrito por":"Redacci\u00f3n","Tiempo de lectura":"1 minuto"},"schema":{"@context":"https:\/\/schema.org","@graph":[{"@type":"Article","@id":"http:\/\/rednacionaldearte.com\/noticias\/211-2\/#article","isPartOf":{"@id":"http:\/\/rednacionaldearte.com\/noticias\/211-2\/"},"author":{"name":"Redacci\u00f3n","@id":"http:\/\/rednacionaldearte.com\/noticias\/#\/schema\/person\/489d635082b1de413434d2708a3e5b9b"},"headline":"\u00a1LUMA 02 disponible!","datePublished":"2016-09-01T15:05:44+00:00","dateModified":"2016-09-01T15:07:10+00:00","mainEntityOfPage":{"@id":"http:\/\/rednacionaldearte.com\/noticias\/211-2\/"},"wordCount":196,"publisher":{"@id":"http:\/\/rednacionaldearte.com\/noticias\/#organization"},"image":{"@id":"http:\/\/rednacionaldearte.com\/noticias\/211-2\/#primaryimage"},"thumbnailUrl":"https:\/\/rednacionaldearte.com\/noticias\/wp-content\/uploads\/2016\/09\/luma-02-septiembre.png","articleSection":["LUMA","RNA"],"inLanguage":"es"},{"@type":"WebPage","@id":"http:\/\/rednacionaldearte.com\/noticias\/211-2\/","url":"http:\/\/rednacionaldearte.com\/noticias\/211-2\/","name":"\u00a1LUMA 02 disponible! - Red Nacional de Arte","isPartOf":{"@id":"http:\/\/rednacionaldearte.com\/noticias\/#website"},"primaryImageOfPage":{"@id":"http:\/\/rednacionaldearte.com\/noticias\/211-2\/#primaryimage"},"image":{"@id":"http:\/\/rednacionaldearte.com\/noticias\/211-2\/#primaryimage"},"thumbnailUrl":"https:\/\/rednacionaldearte.com\/noticias\/wp-content\/uploads\/2016\/09\/luma-02-septiembre.png","datePublished":"2016-09-01T15:05:44+00:00","dateModified":"2016-09-01T15:07:10+00:00","breadcrumb":{"@id":"http:\/\/rednacionaldearte.com\/noticias\/211-2\/#breadcrumb"},"inLanguage":"es","potentialAction":[{"@type":"ReadAction","target":["http:\/\/rednacionaldearte.com\/noticias\/211-2\/"]}]},{"@type":"ImageObject","inLanguage":"es","@id":"http:\/\/rednacionaldearte.com\/noticias\/211-2\/#primaryimage","url":"https:\/\/rednacionaldearte.com\/noticias\/wp-content\/uploads\/2016\/09\/luma-02-septiembre.png","contentUrl":"https:\/\/rednacionaldearte.com\/noticias\/wp-content\/uploads\/2016\/09\/luma-02-septiembre.png","width":586,"height":770},{"@type":"BreadcrumbList","@id":"http:\/\/rednacionaldearte.com\/noticias\/211-2\/#breadcrumb","itemListElement":[{"@type":"ListItem","position":1,"name":"Home","item":"http:\/\/rednacionaldearte.com\/noticias\/"},{"@type":"ListItem","position":2,"name":"\u00a1LUMA 02 disponible!"}]},{"@type":"WebSite","@id":"http:\/\/rednacionaldearte.com\/noticias\/#website","url":"http:\/\/rednacionaldearte.com\/noticias\/","name":"Red Nacional de Arte","description":"Cultura y Arte contempor\u00e1neo en M\u00e9xico","publisher":{"@id":"http:\/\/rednacionaldearte.com\/noticias\/#organization"},"potentialAction":[{"@type":"SearchAction","target":{"@type":"EntryPoint","urlTemplate":"http:\/\/rednacionaldearte.com\/noticias\/?s={search_term_string}"},"query-input":{"@type":"PropertyValueSpecification","valueRequired":true,"valueName":"search_term_string"}}],"inLanguage":"es"},{"@type":"Organization","@id":"http:\/\/rednacionaldearte.com\/noticias\/#organization","name":"Red Nacional de Arte","url":"http:\/\/rednacionaldearte.com\/noticias\/","logo":{"@type":"ImageObject","inLanguage":"es","@id":"http:\/\/rednacionaldearte.com\/noticias\/#\/schema\/logo\/image\/","url":"http:\/\/rednacionaldearte.com\/noticias\/wp-content\/uploads\/2016\/04\/logo.png","contentUrl":"http:\/\/rednacionaldearte.com\/noticias\/wp-content\/uploads\/2016\/04\/logo.png","width":575,"height":554,"caption":"Red Nacional de Arte"},"image":{"@id":"http:\/\/rednacionaldearte.com\/noticias\/#\/schema\/logo\/image\/"},"sameAs":["http:\/\/www.facebook.com\/rednacionaldearte\/","https:\/\/x.com\/rednacionalarte"]},{"@type":"Person","@id":"http:\/\/rednacionaldearte.com\/noticias\/#\/schema\/person\/489d635082b1de413434d2708a3e5b9b","name":"Redacci\u00f3n","image":{"@type":"ImageObject","inLanguage":"es","@id":"https:\/\/secure.gravatar.com\/avatar\/1d1c30eaee7c2f6cfa13fb8502cb06839106cdf371b9953d50e4b572d0bfa3c7?s=96&d=mm&r=g","url":"https:\/\/secure.gravatar.com\/avatar\/1d1c30eaee7c2f6cfa13fb8502cb06839106cdf371b9953d50e4b572d0bfa3c7?s=96&d=mm&r=g","contentUrl":"https:\/\/secure.gravatar.com\/avatar\/1d1c30eaee7c2f6cfa13fb8502cb06839106cdf371b9953d50e4b572d0bfa3c7?s=96&d=mm&r=g","caption":"Redacci\u00f3n"},"url":"https:\/\/rednacionaldearte.com\/noticias\/author\/adan\/"}]}},"amp_validity":null,"amp_enabled":true,"_links":{"self":[{"href":"https:\/\/rednacionaldearte.com\/noticias\/wp-json\/wp\/v2\/posts\/211","targetHints":{"allow":["GET"]}}],"collection":[{"href":"https:\/\/rednacionaldearte.com\/noticias\/wp-json\/wp\/v2\/posts"}],"about":[{"href":"https:\/\/rednacionaldearte.com\/noticias\/wp-json\/wp\/v2\/types\/post"}],"author":[{"embeddable":true,"href":"https:\/\/rednacionaldearte.com\/noticias\/wp-json\/wp\/v2\/users\/1"}],"replies":[{"embeddable":true,"href":"https:\/\/rednacionaldearte.com\/noticias\/wp-json\/wp\/v2\/comments?post=211"}],"version-history":[{"count":3,"href":"https:\/\/rednacionaldearte.com\/noticias\/wp-json\/wp\/v2\/posts\/211\/revisions"}],"predecessor-version":[{"id":215,"href":"https:\/\/rednacionaldearte.com\/noticias\/wp-json\/wp\/v2\/posts\/211\/revisions\/215"}],"wp:featuredmedia":[{"embeddable":true,"href":"https:\/\/rednacionaldearte.com\/noticias\/wp-json\/wp\/v2\/media\/212"}],"wp:attachment":[{"href":"https:\/\/rednacionaldearte.com\/noticias\/wp-json\/wp\/v2\/media?parent=211"}],"wp:term":[{"taxonomy":"category","embeddable":true,"href":"https:\/\/rednacionaldearte.com\/noticias\/wp-json\/wp\/v2\/categories?post=211"},{"taxonomy":"post_tag","embeddable":true,"href":"https:\/\/rednacionaldearte.com\/noticias\/wp-json\/wp\/v2\/tags?post=211"}],"curies":[{"name":"wp","href":"https:\/\/api.w.org\/{rel}","templated":true}]}}