{"id":218,"date":"2016-09-22T20:58:46","date_gmt":"2016-09-22T20:58:46","guid":{"rendered":"http:\/\/rednacionaldearte.com\/noticias\/?p=218"},"modified":"2016-10-18T01:49:36","modified_gmt":"2016-10-18T01:49:36","slug":"cuerpo-vacio-shanti-vera-laboratorio-pensamiento-en-accion","status":"publish","type":"post","link":"https:\/\/rednacionaldearte.com\/noticias\/cuerpo-vacio-shanti-vera-laboratorio-pensamiento-en-accion\/","title":{"rendered":"El Cuerpo Vac\u00edo por Shant\u00ed Vera. Laboratorio de pensamiento en acci\u00f3n"},"content":{"rendered":"<div class=\"page\" title=\"Page 1\">\n<div class=\"layoutArea\">\n<div class=\"column\">\n<p style=\"text-align: justify;\"><a href=\"http:\/\/rednacionaldearte.com\/noticias\/wp-content\/uploads\/2016\/09\/SV-Flyer.jpg\"><img loading=\"lazy\" decoding=\"async\" class=\"aligncenter size-full wp-image-251\" src=\"http:\/\/rednacionaldearte.com\/noticias\/wp-content\/uploads\/2016\/09\/SV-Flyer.jpg\" alt=\"Shanti Vera\" width=\"5870\" height=\"3780\" srcset=\"https:\/\/rednacionaldearte.com\/noticias\/wp-content\/uploads\/2016\/09\/SV-Flyer.jpg 5870w, https:\/\/rednacionaldearte.com\/noticias\/wp-content\/uploads\/2016\/09\/SV-Flyer-300x193.jpg 300w, https:\/\/rednacionaldearte.com\/noticias\/wp-content\/uploads\/2016\/09\/SV-Flyer-768x495.jpg 768w, https:\/\/rednacionaldearte.com\/noticias\/wp-content\/uploads\/2016\/09\/SV-Flyer-1024x659.jpg 1024w, https:\/\/rednacionaldearte.com\/noticias\/wp-content\/uploads\/2016\/09\/SV-Flyer-100x65.jpg 100w\" sizes=\"auto, (max-width: 5870px) 100vw, 5870px\" \/><\/a><\/p>\n<p style=\"text-align: justify;\">El cuerpo vaci\u0301o plantea experimentar el desarrollo de la fisicalidad y la relacio\u0301n entre cuerpo-espacio-tiempo-accio\u0301n; se plantean herramientas desde la exploracio\u0301n de la conexio\u0301n esqueleto-mu\u0301sculo, la investigacio\u0301n en el uso de la contrariedad, la descentralizacio\u0301n del cuerpo, la improvisacio\u0301n, lo relacional y la radicalizacio\u0301n en el uso de las espirales; accionando desde una conciencia energe\u0301tica percibiendo al cuerpo como una unidad, siempre partiendo del suelo. El manejo y conciencia de todos estos elementos se aplican a ciertas estructuras de improvisacio\u0301n direccionando al performer a la bu\u0301squeda de puntos de quiebre corporales y de pensamiento, provocando un estado de alerta, tergiversador, asociativo, realizativo y relacional en donde la experiencia se expone en un encuentro desde lo individual a lo colectivo.<\/p>\n<div class=\"page\" title=\"Page 2\">\n<div class=\"layoutArea\">\n<div class=\"column\">\n<p><strong>Dirigido a:<\/strong><\/p>\n<p>Creativos, bailarines, inte\u0301rpretes, creadores esce\u0301nicos, actores, coreo\u0301grafos y directores interesados en la exploracio\u0301n corporal, discursiva, esce\u0301nica e involucrados en la creacio\u0301n esce\u0301nica contempora\u0301nea.<br \/>\n<strong>Requisitos:<\/strong> Ropa de entrenamiento y libreta.<\/p>\n<p><strong>Sede:<\/strong> DansCoreo (Melchor Ocampo 81 esq. con Mariano Escobedo, Centro Histo\u0301rico, Santiago de Quer\u00e9taro).<br \/>\n<strong>Horario:<\/strong> Lunes a Viernes de 19:00 a 22:00 hrs<\/p>\n<p><strong>Cuota de recuperacio\u0301n:<\/strong><\/p>\n<p>Pu\u0301blico en general: $1,600 MXN (Pagando antes del 10 de octubre: $1,450 MXN)<br \/>\nEstudiantes: $1,450 MXN (Pagando antes del 10 de octubre: $1,350 MXN)<\/p>\n<p><strong>Al finalizar el laboratorio se entregara\u0301 una constancia de participacio\u0301n.<\/strong><\/p>\n<\/div>\n<p><strong>M\u00e9todos de Pago:<\/strong><\/p>\n<ol>\n<li>Directamente en las instalaciones de Danscoreo.<\/li>\n<li>Dep\u00f3sito bancario.<\/li>\n<li>Tiendas OXXO.<\/li>\n<li>En l\u00ednea con PayPal y Tarjetas de Cr\u00e9dito.<\/li>\n<li>Transferencia interbancaria.<\/li>\n<\/ol>\n<p style=\"text-align: justify;\">Si tiene dudas o <strong>desea pagar mediante dep\u00f3sito, tiendas OXXO\u00a0o transferencia interbancaria,<\/strong> <strong>haga click en \u00abSolicitar m\u00e1s informaci\u00f3n\u00bb,<\/strong> y en el formulario indique el m\u00e9todo deseado.<\/p>\n<div class=\"column\">\n<p style=\"text-align: center;\"><a class=\"fasc-button fasc-size-medium fasc-type-flat\" style=\"background-color: #33809e; color: #ffffff;\" href=\"http:\/\/rednacionaldearte.com\/noticias\/info-cursos\/\" data-fasc-style=\"background-color:#33809e;color:#ffffff;\">Solicitar m\u00e1s Informaci\u00f3n<\/a><\/p>\n<p style=\"text-align: center;\"><a class=\"fasc-button fasc-size-medium fasc-type-flat\" style=\"background-color: #33809e; color: #ffffff;\" href=\"http:\/\/rednacionaldearte.com\/tienda\/producto\/cuerpo-vacio-shanti-vera-laboratorio-pensamiento-en-accion\/\" data-fasc-style=\"background-color:#33809e;color:#ffffff;\">Pagar en l\u00ednea<\/a><\/p>\n<p style=\"text-align: left; font-size: 14px;\">* Se incluye\u00a0una comisi\u00f3n de $92.00 m.n. por\u00a0gastos de operaci\u00f3n de la tienda si el curso se compra en l\u00ednea.<\/p>\n<\/div>\n<\/div>\n<\/div>\n<\/div>\n<\/div>\n<\/div>\n","protected":false},"excerpt":{"rendered":"<p>El cuerpo vaci\u0301o plantea experimentar el desarrollo de la fisicalidad y la relacio\u0301n entre cuerpo-espacio-tiempo-accio\u0301n; se plantean herramientas desde la exploracio\u0301n de la conexio\u0301n esqueleto-mu\u0301sculo, la investigacio\u0301n en el uso de la contrariedad, la descentralizacio\u0301n del cuerpo, la improvisacio\u0301n, lo relacional y la radicalizacio\u0301n en el uso de las espirales; accionando desde una conciencia energe\u0301tica [&hellip;]<\/p>\n","protected":false},"author":1,"featured_media":231,"comment_status":"closed","ping_status":"open","sticky":false,"template":"","format":"standard","meta":{"footnotes":""},"categories":[43,58,63,41],"tags":[73,74,71,72,75,70],"class_list":["post-218","post","type-post","status-publish","format-standard","has-post-thumbnail","hentry","category-cursos","category-danza","category-laboratorios","category-rna","tag-coreografia","tag-danza-contemporanea","tag-el-cuerpo-vacio","tag-laboratorio-de-pensamiento-en-accion","tag-queretaro","tag-shanti-vera"],"yoast_head":"<!-- This site is optimized with the Yoast SEO plugin v27.2 - https:\/\/yoast.com\/product\/yoast-seo-wordpress\/ -->\n<title>Laboratorio El Cuerpo Vac\u00edo por Shant\u00ed Vera en Quer\u00e9taro<\/title>\n<meta name=\"robots\" content=\"index, follow, max-snippet:-1, max-image-preview:large, max-video-preview:-1\" \/>\n<link rel=\"canonical\" href=\"http:\/\/rednacionaldearte.com\/noticias\/cuerpo-vacio-shanti-vera-laboratorio-pensamiento-en-accion\/\" \/>\n<meta property=\"og:locale\" content=\"es_ES\" \/>\n<meta property=\"og:type\" content=\"article\" \/>\n<meta property=\"og:title\" content=\"Laboratorio El Cuerpo Vac\u00edo por Shant\u00ed Vera\" \/>\n<meta property=\"og:description\" content=\"El cuerpo vaci\u0301o plantea experimentar el desarrollo de la fisicalidad y la relacio\u0301n entre cuerpo-espacio-tiempo-accio\u0301n; se plantean herramientas desde la exploracio\u0301n de la conexio\u0301n esqueleto-mu\u0301sculo, la investigacio\u0301n en el uso de la contrariedad, la descentralizacio\u0301n del cuerpo, la improvisacio\u0301n, lo relacional y la radicalizacio\u0301n en el uso de las espirales; accionando desde una conciencia energe\u0301tica [&hellip;]\" \/>\n<meta property=\"og:url\" content=\"http:\/\/rednacionaldearte.com\/noticias\/cuerpo-vacio-shanti-vera-laboratorio-pensamiento-en-accion\/\" \/>\n<meta property=\"og:site_name\" content=\"Red Nacional de Arte\" \/>\n<meta property=\"article:publisher\" content=\"http:\/\/www.facebook.com\/rednacionaldearte\/\" \/>\n<meta property=\"article:published_time\" content=\"2016-09-22T20:58:46+00:00\" \/>\n<meta property=\"article:modified_time\" content=\"2016-10-18T01:49:36+00:00\" \/>\n<meta property=\"og:image\" content=\"http:\/\/rednacionaldearte.com\/noticias\/wp-content\/uploads\/2016\/09\/sha.jpg\" \/>\n\t<meta property=\"og:image:width\" content=\"5870\" \/>\n\t<meta property=\"og:image:height\" content=\"3780\" \/>\n\t<meta property=\"og:image:type\" content=\"image\/jpeg\" \/>\n<meta name=\"author\" content=\"Redacci\u00f3n\" \/>\n<meta name=\"twitter:card\" content=\"summary_large_image\" \/>\n<meta name=\"twitter:title\" content=\"Laboratorio El Cuerpo Vac\u00edo por Shant\u00ed Vera\" \/>\n<meta name=\"twitter:image\" content=\"https:\/\/rednacionaldearte.com\/noticias\/wp-content\/uploads\/2016\/09\/sha.jpg\" \/>\n<meta name=\"twitter:creator\" content=\"@rednacionalarte\" \/>\n<meta name=\"twitter:site\" content=\"@rednacionalarte\" \/>\n<meta name=\"twitter:label1\" content=\"Escrito por\" \/>\n\t<meta name=\"twitter:data1\" content=\"Redacci\u00f3n\" \/>\n\t<meta name=\"twitter:label2\" content=\"Tiempo de lectura\" \/>\n\t<meta name=\"twitter:data2\" content=\"2 minutos\" \/>\n<script type=\"application\/ld+json\" class=\"yoast-schema-graph\">{\"@context\":\"https:\/\/schema.org\",\"@graph\":[{\"@type\":\"Article\",\"@id\":\"http:\/\/rednacionaldearte.com\/noticias\/cuerpo-vacio-shanti-vera-laboratorio-pensamiento-en-accion\/#article\",\"isPartOf\":{\"@id\":\"http:\/\/rednacionaldearte.com\/noticias\/cuerpo-vacio-shanti-vera-laboratorio-pensamiento-en-accion\/\"},\"author\":{\"name\":\"Redacci\u00f3n\",\"@id\":\"http:\/\/rednacionaldearte.com\/noticias\/#\/schema\/person\/489d635082b1de413434d2708a3e5b9b\"},\"headline\":\"El Cuerpo Vac\u00edo por Shant\u00ed Vera. Laboratorio de pensamiento en acci\u00f3n\",\"datePublished\":\"2016-09-22T20:58:46+00:00\",\"dateModified\":\"2016-10-18T01:49:36+00:00\",\"mainEntityOfPage\":{\"@id\":\"http:\/\/rednacionaldearte.com\/noticias\/cuerpo-vacio-shanti-vera-laboratorio-pensamiento-en-accion\/\"},\"wordCount\":331,\"publisher\":{\"@id\":\"http:\/\/rednacionaldearte.com\/noticias\/#organization\"},\"image\":{\"@id\":\"http:\/\/rednacionaldearte.com\/noticias\/cuerpo-vacio-shanti-vera-laboratorio-pensamiento-en-accion\/#primaryimage\"},\"thumbnailUrl\":\"https:\/\/rednacionaldearte.com\/noticias\/wp-content\/uploads\/2016\/09\/sha.jpg\",\"keywords\":[\"coreograf\u00eda\",\"danza contempor\u00e1nea\",\"El Cuerpo Vac\u00edo\",\"Laboratorio de pensamiento en acci\u00f3n\",\"Quer\u00e9taro\",\"Shant\u00ed Vera\"],\"articleSection\":[\"Cursos\",\"Danza\",\"Laboratorios\",\"RNA\"],\"inLanguage\":\"es\"},{\"@type\":\"WebPage\",\"@id\":\"http:\/\/rednacionaldearte.com\/noticias\/cuerpo-vacio-shanti-vera-laboratorio-pensamiento-en-accion\/\",\"url\":\"http:\/\/rednacionaldearte.com\/noticias\/cuerpo-vacio-shanti-vera-laboratorio-pensamiento-en-accion\/\",\"name\":\"Laboratorio El Cuerpo Vac\u00edo por Shant\u00ed Vera en Quer\u00e9taro\",\"isPartOf\":{\"@id\":\"http:\/\/rednacionaldearte.com\/noticias\/#website\"},\"primaryImageOfPage\":{\"@id\":\"http:\/\/rednacionaldearte.com\/noticias\/cuerpo-vacio-shanti-vera-laboratorio-pensamiento-en-accion\/#primaryimage\"},\"image\":{\"@id\":\"http:\/\/rednacionaldearte.com\/noticias\/cuerpo-vacio-shanti-vera-laboratorio-pensamiento-en-accion\/#primaryimage\"},\"thumbnailUrl\":\"https:\/\/rednacionaldearte.com\/noticias\/wp-content\/uploads\/2016\/09\/sha.jpg\",\"datePublished\":\"2016-09-22T20:58:46+00:00\",\"dateModified\":\"2016-10-18T01:49:36+00:00\",\"breadcrumb\":{\"@id\":\"http:\/\/rednacionaldearte.com\/noticias\/cuerpo-vacio-shanti-vera-laboratorio-pensamiento-en-accion\/#breadcrumb\"},\"inLanguage\":\"es\",\"potentialAction\":[{\"@type\":\"ReadAction\",\"target\":[\"http:\/\/rednacionaldearte.com\/noticias\/cuerpo-vacio-shanti-vera-laboratorio-pensamiento-en-accion\/\"]}]},{\"@type\":\"ImageObject\",\"inLanguage\":\"es\",\"@id\":\"http:\/\/rednacionaldearte.com\/noticias\/cuerpo-vacio-shanti-vera-laboratorio-pensamiento-en-accion\/#primaryimage\",\"url\":\"https:\/\/rednacionaldearte.com\/noticias\/wp-content\/uploads\/2016\/09\/sha.jpg\",\"contentUrl\":\"https:\/\/rednacionaldearte.com\/noticias\/wp-content\/uploads\/2016\/09\/sha.jpg\",\"width\":5870,\"height\":3780,\"caption\":\"El Cuerpo Vac\u00edo Shant\u00ed Vera\"},{\"@type\":\"BreadcrumbList\",\"@id\":\"http:\/\/rednacionaldearte.com\/noticias\/cuerpo-vacio-shanti-vera-laboratorio-pensamiento-en-accion\/#breadcrumb\",\"itemListElement\":[{\"@type\":\"ListItem\",\"position\":1,\"name\":\"Home\",\"item\":\"http:\/\/rednacionaldearte.com\/noticias\/\"},{\"@type\":\"ListItem\",\"position\":2,\"name\":\"El Cuerpo Vac\u00edo por Shant\u00ed Vera. Laboratorio de pensamiento en acci\u00f3n\"}]},{\"@type\":\"WebSite\",\"@id\":\"http:\/\/rednacionaldearte.com\/noticias\/#website\",\"url\":\"http:\/\/rednacionaldearte.com\/noticias\/\",\"name\":\"Red Nacional de Arte\",\"description\":\"Cultura y Arte contempor\u00e1neo en M\u00e9xico\",\"publisher\":{\"@id\":\"http:\/\/rednacionaldearte.com\/noticias\/#organization\"},\"potentialAction\":[{\"@type\":\"SearchAction\",\"target\":{\"@type\":\"EntryPoint\",\"urlTemplate\":\"http:\/\/rednacionaldearte.com\/noticias\/?s={search_term_string}\"},\"query-input\":{\"@type\":\"PropertyValueSpecification\",\"valueRequired\":true,\"valueName\":\"search_term_string\"}}],\"inLanguage\":\"es\"},{\"@type\":\"Organization\",\"@id\":\"http:\/\/rednacionaldearte.com\/noticias\/#organization\",\"name\":\"Red Nacional de Arte\",\"url\":\"http:\/\/rednacionaldearte.com\/noticias\/\",\"logo\":{\"@type\":\"ImageObject\",\"inLanguage\":\"es\",\"@id\":\"http:\/\/rednacionaldearte.com\/noticias\/#\/schema\/logo\/image\/\",\"url\":\"http:\/\/rednacionaldearte.com\/noticias\/wp-content\/uploads\/2016\/04\/logo.png\",\"contentUrl\":\"http:\/\/rednacionaldearte.com\/noticias\/wp-content\/uploads\/2016\/04\/logo.png\",\"width\":575,\"height\":554,\"caption\":\"Red Nacional de Arte\"},\"image\":{\"@id\":\"http:\/\/rednacionaldearte.com\/noticias\/#\/schema\/logo\/image\/\"},\"sameAs\":[\"http:\/\/www.facebook.com\/rednacionaldearte\/\",\"https:\/\/x.com\/rednacionalarte\"]},{\"@type\":\"Person\",\"@id\":\"http:\/\/rednacionaldearte.com\/noticias\/#\/schema\/person\/489d635082b1de413434d2708a3e5b9b\",\"name\":\"Redacci\u00f3n\",\"image\":{\"@type\":\"ImageObject\",\"inLanguage\":\"es\",\"@id\":\"https:\/\/secure.gravatar.com\/avatar\/1d1c30eaee7c2f6cfa13fb8502cb06839106cdf371b9953d50e4b572d0bfa3c7?s=96&d=mm&r=g\",\"url\":\"https:\/\/secure.gravatar.com\/avatar\/1d1c30eaee7c2f6cfa13fb8502cb06839106cdf371b9953d50e4b572d0bfa3c7?s=96&d=mm&r=g\",\"contentUrl\":\"https:\/\/secure.gravatar.com\/avatar\/1d1c30eaee7c2f6cfa13fb8502cb06839106cdf371b9953d50e4b572d0bfa3c7?s=96&d=mm&r=g\",\"caption\":\"Redacci\u00f3n\"},\"url\":\"https:\/\/rednacionaldearte.com\/noticias\/author\/adan\/\"}]}<\/script>\n<!-- \/ Yoast SEO plugin. -->","yoast_head_json":{"title":"Laboratorio El Cuerpo Vac\u00edo por Shant\u00ed Vera en Quer\u00e9taro","robots":{"index":"index","follow":"follow","max-snippet":"max-snippet:-1","max-image-preview":"max-image-preview:large","max-video-preview":"max-video-preview:-1"},"canonical":"http:\/\/rednacionaldearte.com\/noticias\/cuerpo-vacio-shanti-vera-laboratorio-pensamiento-en-accion\/","og_locale":"es_ES","og_type":"article","og_title":"Laboratorio El Cuerpo Vac\u00edo por Shant\u00ed Vera","og_description":"El cuerpo vaci\u0301o plantea experimentar el desarrollo de la fisicalidad y la relacio\u0301n entre cuerpo-espacio-tiempo-accio\u0301n; se plantean herramientas desde la exploracio\u0301n de la conexio\u0301n esqueleto-mu\u0301sculo, la investigacio\u0301n en el uso de la contrariedad, la descentralizacio\u0301n del cuerpo, la improvisacio\u0301n, lo relacional y la radicalizacio\u0301n en el uso de las espirales; accionando desde una conciencia energe\u0301tica [&hellip;]","og_url":"http:\/\/rednacionaldearte.com\/noticias\/cuerpo-vacio-shanti-vera-laboratorio-pensamiento-en-accion\/","og_site_name":"Red Nacional de Arte","article_publisher":"http:\/\/www.facebook.com\/rednacionaldearte\/","article_published_time":"2016-09-22T20:58:46+00:00","article_modified_time":"2016-10-18T01:49:36+00:00","og_image":[{"width":5870,"height":3780,"url":"http:\/\/rednacionaldearte.com\/noticias\/wp-content\/uploads\/2016\/09\/sha.jpg","type":"image\/jpeg"}],"author":"Redacci\u00f3n","twitter_card":"summary_large_image","twitter_title":"Laboratorio El Cuerpo Vac\u00edo por Shant\u00ed Vera","twitter_image":"https:\/\/rednacionaldearte.com\/noticias\/wp-content\/uploads\/2016\/09\/sha.jpg","twitter_creator":"@rednacionalarte","twitter_site":"@rednacionalarte","twitter_misc":{"Escrito por":"Redacci\u00f3n","Tiempo de lectura":"2 minutos"},"schema":{"@context":"https:\/\/schema.org","@graph":[{"@type":"Article","@id":"http:\/\/rednacionaldearte.com\/noticias\/cuerpo-vacio-shanti-vera-laboratorio-pensamiento-en-accion\/#article","isPartOf":{"@id":"http:\/\/rednacionaldearte.com\/noticias\/cuerpo-vacio-shanti-vera-laboratorio-pensamiento-en-accion\/"},"author":{"name":"Redacci\u00f3n","@id":"http:\/\/rednacionaldearte.com\/noticias\/#\/schema\/person\/489d635082b1de413434d2708a3e5b9b"},"headline":"El Cuerpo Vac\u00edo por Shant\u00ed Vera. Laboratorio de pensamiento en acci\u00f3n","datePublished":"2016-09-22T20:58:46+00:00","dateModified":"2016-10-18T01:49:36+00:00","mainEntityOfPage":{"@id":"http:\/\/rednacionaldearte.com\/noticias\/cuerpo-vacio-shanti-vera-laboratorio-pensamiento-en-accion\/"},"wordCount":331,"publisher":{"@id":"http:\/\/rednacionaldearte.com\/noticias\/#organization"},"image":{"@id":"http:\/\/rednacionaldearte.com\/noticias\/cuerpo-vacio-shanti-vera-laboratorio-pensamiento-en-accion\/#primaryimage"},"thumbnailUrl":"https:\/\/rednacionaldearte.com\/noticias\/wp-content\/uploads\/2016\/09\/sha.jpg","keywords":["coreograf\u00eda","danza contempor\u00e1nea","El Cuerpo Vac\u00edo","Laboratorio de pensamiento en acci\u00f3n","Quer\u00e9taro","Shant\u00ed Vera"],"articleSection":["Cursos","Danza","Laboratorios","RNA"],"inLanguage":"es"},{"@type":"WebPage","@id":"http:\/\/rednacionaldearte.com\/noticias\/cuerpo-vacio-shanti-vera-laboratorio-pensamiento-en-accion\/","url":"http:\/\/rednacionaldearte.com\/noticias\/cuerpo-vacio-shanti-vera-laboratorio-pensamiento-en-accion\/","name":"Laboratorio El Cuerpo Vac\u00edo por Shant\u00ed Vera en Quer\u00e9taro","isPartOf":{"@id":"http:\/\/rednacionaldearte.com\/noticias\/#website"},"primaryImageOfPage":{"@id":"http:\/\/rednacionaldearte.com\/noticias\/cuerpo-vacio-shanti-vera-laboratorio-pensamiento-en-accion\/#primaryimage"},"image":{"@id":"http:\/\/rednacionaldearte.com\/noticias\/cuerpo-vacio-shanti-vera-laboratorio-pensamiento-en-accion\/#primaryimage"},"thumbnailUrl":"https:\/\/rednacionaldearte.com\/noticias\/wp-content\/uploads\/2016\/09\/sha.jpg","datePublished":"2016-09-22T20:58:46+00:00","dateModified":"2016-10-18T01:49:36+00:00","breadcrumb":{"@id":"http:\/\/rednacionaldearte.com\/noticias\/cuerpo-vacio-shanti-vera-laboratorio-pensamiento-en-accion\/#breadcrumb"},"inLanguage":"es","potentialAction":[{"@type":"ReadAction","target":["http:\/\/rednacionaldearte.com\/noticias\/cuerpo-vacio-shanti-vera-laboratorio-pensamiento-en-accion\/"]}]},{"@type":"ImageObject","inLanguage":"es","@id":"http:\/\/rednacionaldearte.com\/noticias\/cuerpo-vacio-shanti-vera-laboratorio-pensamiento-en-accion\/#primaryimage","url":"https:\/\/rednacionaldearte.com\/noticias\/wp-content\/uploads\/2016\/09\/sha.jpg","contentUrl":"https:\/\/rednacionaldearte.com\/noticias\/wp-content\/uploads\/2016\/09\/sha.jpg","width":5870,"height":3780,"caption":"El Cuerpo Vac\u00edo Shant\u00ed Vera"},{"@type":"BreadcrumbList","@id":"http:\/\/rednacionaldearte.com\/noticias\/cuerpo-vacio-shanti-vera-laboratorio-pensamiento-en-accion\/#breadcrumb","itemListElement":[{"@type":"ListItem","position":1,"name":"Home","item":"http:\/\/rednacionaldearte.com\/noticias\/"},{"@type":"ListItem","position":2,"name":"El Cuerpo Vac\u00edo por Shant\u00ed Vera. Laboratorio de pensamiento en acci\u00f3n"}]},{"@type":"WebSite","@id":"http:\/\/rednacionaldearte.com\/noticias\/#website","url":"http:\/\/rednacionaldearte.com\/noticias\/","name":"Red Nacional de Arte","description":"Cultura y Arte contempor\u00e1neo en M\u00e9xico","publisher":{"@id":"http:\/\/rednacionaldearte.com\/noticias\/#organization"},"potentialAction":[{"@type":"SearchAction","target":{"@type":"EntryPoint","urlTemplate":"http:\/\/rednacionaldearte.com\/noticias\/?s={search_term_string}"},"query-input":{"@type":"PropertyValueSpecification","valueRequired":true,"valueName":"search_term_string"}}],"inLanguage":"es"},{"@type":"Organization","@id":"http:\/\/rednacionaldearte.com\/noticias\/#organization","name":"Red Nacional de Arte","url":"http:\/\/rednacionaldearte.com\/noticias\/","logo":{"@type":"ImageObject","inLanguage":"es","@id":"http:\/\/rednacionaldearte.com\/noticias\/#\/schema\/logo\/image\/","url":"http:\/\/rednacionaldearte.com\/noticias\/wp-content\/uploads\/2016\/04\/logo.png","contentUrl":"http:\/\/rednacionaldearte.com\/noticias\/wp-content\/uploads\/2016\/04\/logo.png","width":575,"height":554,"caption":"Red Nacional de Arte"},"image":{"@id":"http:\/\/rednacionaldearte.com\/noticias\/#\/schema\/logo\/image\/"},"sameAs":["http:\/\/www.facebook.com\/rednacionaldearte\/","https:\/\/x.com\/rednacionalarte"]},{"@type":"Person","@id":"http:\/\/rednacionaldearte.com\/noticias\/#\/schema\/person\/489d635082b1de413434d2708a3e5b9b","name":"Redacci\u00f3n","image":{"@type":"ImageObject","inLanguage":"es","@id":"https:\/\/secure.gravatar.com\/avatar\/1d1c30eaee7c2f6cfa13fb8502cb06839106cdf371b9953d50e4b572d0bfa3c7?s=96&d=mm&r=g","url":"https:\/\/secure.gravatar.com\/avatar\/1d1c30eaee7c2f6cfa13fb8502cb06839106cdf371b9953d50e4b572d0bfa3c7?s=96&d=mm&r=g","contentUrl":"https:\/\/secure.gravatar.com\/avatar\/1d1c30eaee7c2f6cfa13fb8502cb06839106cdf371b9953d50e4b572d0bfa3c7?s=96&d=mm&r=g","caption":"Redacci\u00f3n"},"url":"https:\/\/rednacionaldearte.com\/noticias\/author\/adan\/"}]}},"amp_validity":null,"amp_enabled":true,"_links":{"self":[{"href":"https:\/\/rednacionaldearte.com\/noticias\/wp-json\/wp\/v2\/posts\/218","targetHints":{"allow":["GET"]}}],"collection":[{"href":"https:\/\/rednacionaldearte.com\/noticias\/wp-json\/wp\/v2\/posts"}],"about":[{"href":"https:\/\/rednacionaldearte.com\/noticias\/wp-json\/wp\/v2\/types\/post"}],"author":[{"embeddable":true,"href":"https:\/\/rednacionaldearte.com\/noticias\/wp-json\/wp\/v2\/users\/1"}],"replies":[{"embeddable":true,"href":"https:\/\/rednacionaldearte.com\/noticias\/wp-json\/wp\/v2\/comments?post=218"}],"version-history":[{"count":13,"href":"https:\/\/rednacionaldearte.com\/noticias\/wp-json\/wp\/v2\/posts\/218\/revisions"}],"predecessor-version":[{"id":261,"href":"https:\/\/rednacionaldearte.com\/noticias\/wp-json\/wp\/v2\/posts\/218\/revisions\/261"}],"wp:featuredmedia":[{"embeddable":true,"href":"https:\/\/rednacionaldearte.com\/noticias\/wp-json\/wp\/v2\/media\/231"}],"wp:attachment":[{"href":"https:\/\/rednacionaldearte.com\/noticias\/wp-json\/wp\/v2\/media?parent=218"}],"wp:term":[{"taxonomy":"category","embeddable":true,"href":"https:\/\/rednacionaldearte.com\/noticias\/wp-json\/wp\/v2\/categories?post=218"},{"taxonomy":"post_tag","embeddable":true,"href":"https:\/\/rednacionaldearte.com\/noticias\/wp-json\/wp\/v2\/tags?post=218"}],"curies":[{"name":"wp","href":"https:\/\/api.w.org\/{rel}","templated":true}]}}