{"id":2326,"date":"2018-04-10T00:33:44","date_gmt":"2018-04-10T00:33:44","guid":{"rendered":"http:\/\/rednacionaldearte.com\/noticias\/?p=2326"},"modified":"2018-10-13T01:33:02","modified_gmt":"2018-10-13T01:33:02","slug":"artistas-seleccionados-la-exposicion-horizontes-urbanos","status":"publish","type":"post","link":"https:\/\/rednacionaldearte.com\/noticias\/artistas-seleccionados-la-exposicion-horizontes-urbanos\/","title":{"rendered":"Artistas Seleccionados para la Exposici\u00f3n \u00abHorizontes Urbanos\u00bb"},"content":{"rendered":"<p>M\u00e1s de 240 propuestas de M\u00e9xico y otros pa\u00edses Am\u00e9rica Latina fueron recibidas en la convocatoria \u201cHorizontes Urbanos\u201d. A continuaci\u00f3n publicamos la lista de artistas seleccionados. \u00a1Muchas gracias a todos por participar!<\/p>\n<p><a href=\"http:\/\/rednacionaldearte.com\/noticias\/wp-content\/uploads\/2018\/04\/Resultados-Horizontes-Urbanos.jpg\"><img loading=\"lazy\" decoding=\"async\" class=\"aligncenter size-full wp-image-2327\" src=\"http:\/\/rednacionaldearte.com\/noticias\/wp-content\/uploads\/2018\/04\/Resultados-Horizontes-Urbanos.jpg\" alt=\"Resultados Horizontes Urbanos\" width=\"768\" height=\"739\" \/><\/a>Los artistas seleccionados ser\u00e1n contactados muy pronto por correo electr\u00f3nico con m\u00e1s detalles.<\/p>\n","protected":false},"excerpt":{"rendered":"<p>M\u00e1s de 240 propuestas de M\u00e9xico y otros pa\u00edses Am\u00e9rica Latina fueron recibidas en la convocatoria \u201cHorizontes Urbanos\u201d. A continuaci\u00f3n publicamos la lista de artistas seleccionados. \u00a1Muchas gracias a todos por participar! Los artistas seleccionados ser\u00e1n contactados muy pronto por correo electr\u00f3nico con m\u00e1s detalles.<\/p>\n","protected":false},"author":1,"featured_media":2128,"comment_status":"closed","ping_status":"open","sticky":false,"template":"","format":"standard","meta":{"footnotes":""},"categories":[59,24,154,119,2,41],"tags":[],"class_list":["post-2326","post","type-post","status-publish","format-standard","has-post-thumbnail","hentry","category-artes-visuales","category-convocatorias","category-destacado","category-exposiciones","category-fotografia","category-rna"],"yoast_head":"<!-- This site is optimized with the Yoast SEO plugin v27.2 - https:\/\/yoast.com\/product\/yoast-seo-wordpress\/ -->\n<title>Artistas Seleccionados para la Exposici\u00f3n &quot;Horizontes Urbanos&quot; - Red Nacional de Arte<\/title>\n<meta name=\"robots\" content=\"index, follow, max-snippet:-1, max-image-preview:large, max-video-preview:-1\" \/>\n<link rel=\"canonical\" href=\"https:\/\/rednacionaldearte.com\/noticias\/artistas-seleccionados-la-exposicion-horizontes-urbanos\/\" \/>\n<meta property=\"og:locale\" content=\"es_ES\" \/>\n<meta property=\"og:type\" content=\"article\" \/>\n<meta property=\"og:title\" content=\"Artistas Seleccionados para la Exposici\u00f3n &quot;Horizontes Urbanos&quot; - Red Nacional de Arte\" \/>\n<meta property=\"og:description\" content=\"M\u00e1s de 240 propuestas de M\u00e9xico y otros pa\u00edses Am\u00e9rica Latina fueron recibidas en la convocatoria \u201cHorizontes Urbanos\u201d. A continuaci\u00f3n publicamos la lista de artistas seleccionados. \u00a1Muchas gracias a todos por participar! Los artistas seleccionados ser\u00e1n contactados muy pronto por correo electr\u00f3nico con m\u00e1s detalles.\" \/>\n<meta property=\"og:url\" content=\"https:\/\/rednacionaldearte.com\/noticias\/artistas-seleccionados-la-exposicion-horizontes-urbanos\/\" \/>\n<meta property=\"og:site_name\" content=\"Red Nacional de Arte\" \/>\n<meta property=\"article:publisher\" content=\"http:\/\/www.facebook.com\/rednacionaldearte\/\" \/>\n<meta property=\"article:published_time\" content=\"2018-04-10T00:33:44+00:00\" \/>\n<meta property=\"article:modified_time\" content=\"2018-10-13T01:33:02+00:00\" \/>\n<meta property=\"og:image\" content=\"http:\/\/rednacionaldearte.com\/noticias\/wp-content\/uploads\/2018\/04\/header.jpg\" \/>\n\t<meta property=\"og:image:width\" content=\"768\" \/>\n\t<meta property=\"og:image:height\" content=\"739\" \/>\n\t<meta property=\"og:image:type\" content=\"image\/jpeg\" \/>\n<meta name=\"author\" content=\"Redacci\u00f3n\" \/>\n<meta name=\"twitter:card\" content=\"summary_large_image\" \/>\n<meta name=\"twitter:creator\" content=\"@rednacionalarte\" \/>\n<meta name=\"twitter:site\" content=\"@rednacionalarte\" \/>\n<meta name=\"twitter:label1\" content=\"Escrito por\" \/>\n\t<meta name=\"twitter:data1\" content=\"Redacci\u00f3n\" \/>\n<script type=\"application\/ld+json\" class=\"yoast-schema-graph\">{\"@context\":\"https:\/\/schema.org\",\"@graph\":[{\"@type\":\"Article\",\"@id\":\"https:\/\/rednacionaldearte.com\/noticias\/artistas-seleccionados-la-exposicion-horizontes-urbanos\/#article\",\"isPartOf\":{\"@id\":\"https:\/\/rednacionaldearte.com\/noticias\/artistas-seleccionados-la-exposicion-horizontes-urbanos\/\"},\"author\":{\"name\":\"Redacci\u00f3n\",\"@id\":\"http:\/\/rednacionaldearte.com\/noticias\/#\/schema\/person\/489d635082b1de413434d2708a3e5b9b\"},\"headline\":\"Artistas Seleccionados para la Exposici\u00f3n \u00abHorizontes Urbanos\u00bb\",\"datePublished\":\"2018-04-10T00:33:44+00:00\",\"dateModified\":\"2018-10-13T01:33:02+00:00\",\"mainEntityOfPage\":{\"@id\":\"https:\/\/rednacionaldearte.com\/noticias\/artistas-seleccionados-la-exposicion-horizontes-urbanos\/\"},\"wordCount\":60,\"publisher\":{\"@id\":\"http:\/\/rednacionaldearte.com\/noticias\/#organization\"},\"image\":{\"@id\":\"https:\/\/rednacionaldearte.com\/noticias\/artistas-seleccionados-la-exposicion-horizontes-urbanos\/#primaryimage\"},\"thumbnailUrl\":\"https:\/\/rednacionaldearte.com\/noticias\/wp-content\/uploads\/2018\/04\/header.jpg\",\"articleSection\":[\"Artes Visuales\",\"Convocatorias\",\"Destacado\",\"Exposiciones\",\"Fotograf\u00eda\",\"RNA\"],\"inLanguage\":\"es\"},{\"@type\":\"WebPage\",\"@id\":\"https:\/\/rednacionaldearte.com\/noticias\/artistas-seleccionados-la-exposicion-horizontes-urbanos\/\",\"url\":\"https:\/\/rednacionaldearte.com\/noticias\/artistas-seleccionados-la-exposicion-horizontes-urbanos\/\",\"name\":\"Artistas Seleccionados para la Exposici\u00f3n \\\"Horizontes Urbanos\\\" - Red Nacional de Arte\",\"isPartOf\":{\"@id\":\"http:\/\/rednacionaldearte.com\/noticias\/#website\"},\"primaryImageOfPage\":{\"@id\":\"https:\/\/rednacionaldearte.com\/noticias\/artistas-seleccionados-la-exposicion-horizontes-urbanos\/#primaryimage\"},\"image\":{\"@id\":\"https:\/\/rednacionaldearte.com\/noticias\/artistas-seleccionados-la-exposicion-horizontes-urbanos\/#primaryimage\"},\"thumbnailUrl\":\"https:\/\/rednacionaldearte.com\/noticias\/wp-content\/uploads\/2018\/04\/header.jpg\",\"datePublished\":\"2018-04-10T00:33:44+00:00\",\"dateModified\":\"2018-10-13T01:33:02+00:00\",\"breadcrumb\":{\"@id\":\"https:\/\/rednacionaldearte.com\/noticias\/artistas-seleccionados-la-exposicion-horizontes-urbanos\/#breadcrumb\"},\"inLanguage\":\"es\",\"potentialAction\":[{\"@type\":\"ReadAction\",\"target\":[\"https:\/\/rednacionaldearte.com\/noticias\/artistas-seleccionados-la-exposicion-horizontes-urbanos\/\"]}]},{\"@type\":\"ImageObject\",\"inLanguage\":\"es\",\"@id\":\"https:\/\/rednacionaldearte.com\/noticias\/artistas-seleccionados-la-exposicion-horizontes-urbanos\/#primaryimage\",\"url\":\"https:\/\/rednacionaldearte.com\/noticias\/wp-content\/uploads\/2018\/04\/header.jpg\",\"contentUrl\":\"https:\/\/rednacionaldearte.com\/noticias\/wp-content\/uploads\/2018\/04\/header.jpg\",\"width\":768,\"height\":739,\"caption\":\"Horizontes Urbanos\"},{\"@type\":\"BreadcrumbList\",\"@id\":\"https:\/\/rednacionaldearte.com\/noticias\/artistas-seleccionados-la-exposicion-horizontes-urbanos\/#breadcrumb\",\"itemListElement\":[{\"@type\":\"ListItem\",\"position\":1,\"name\":\"Home\",\"item\":\"http:\/\/rednacionaldearte.com\/noticias\/\"},{\"@type\":\"ListItem\",\"position\":2,\"name\":\"Artistas Seleccionados para la Exposici\u00f3n \u00abHorizontes Urbanos\u00bb\"}]},{\"@type\":\"WebSite\",\"@id\":\"http:\/\/rednacionaldearte.com\/noticias\/#website\",\"url\":\"http:\/\/rednacionaldearte.com\/noticias\/\",\"name\":\"Red Nacional de Arte\",\"description\":\"Cultura y Arte contempor\u00e1neo en M\u00e9xico\",\"publisher\":{\"@id\":\"http:\/\/rednacionaldearte.com\/noticias\/#organization\"},\"potentialAction\":[{\"@type\":\"SearchAction\",\"target\":{\"@type\":\"EntryPoint\",\"urlTemplate\":\"http:\/\/rednacionaldearte.com\/noticias\/?s={search_term_string}\"},\"query-input\":{\"@type\":\"PropertyValueSpecification\",\"valueRequired\":true,\"valueName\":\"search_term_string\"}}],\"inLanguage\":\"es\"},{\"@type\":\"Organization\",\"@id\":\"http:\/\/rednacionaldearte.com\/noticias\/#organization\",\"name\":\"Red Nacional de Arte\",\"url\":\"http:\/\/rednacionaldearte.com\/noticias\/\",\"logo\":{\"@type\":\"ImageObject\",\"inLanguage\":\"es\",\"@id\":\"http:\/\/rednacionaldearte.com\/noticias\/#\/schema\/logo\/image\/\",\"url\":\"http:\/\/rednacionaldearte.com\/noticias\/wp-content\/uploads\/2016\/04\/logo.png\",\"contentUrl\":\"http:\/\/rednacionaldearte.com\/noticias\/wp-content\/uploads\/2016\/04\/logo.png\",\"width\":575,\"height\":554,\"caption\":\"Red Nacional de Arte\"},\"image\":{\"@id\":\"http:\/\/rednacionaldearte.com\/noticias\/#\/schema\/logo\/image\/\"},\"sameAs\":[\"http:\/\/www.facebook.com\/rednacionaldearte\/\",\"https:\/\/x.com\/rednacionalarte\"]},{\"@type\":\"Person\",\"@id\":\"http:\/\/rednacionaldearte.com\/noticias\/#\/schema\/person\/489d635082b1de413434d2708a3e5b9b\",\"name\":\"Redacci\u00f3n\",\"image\":{\"@type\":\"ImageObject\",\"inLanguage\":\"es\",\"@id\":\"https:\/\/secure.gravatar.com\/avatar\/1d1c30eaee7c2f6cfa13fb8502cb06839106cdf371b9953d50e4b572d0bfa3c7?s=96&d=mm&r=g\",\"url\":\"https:\/\/secure.gravatar.com\/avatar\/1d1c30eaee7c2f6cfa13fb8502cb06839106cdf371b9953d50e4b572d0bfa3c7?s=96&d=mm&r=g\",\"contentUrl\":\"https:\/\/secure.gravatar.com\/avatar\/1d1c30eaee7c2f6cfa13fb8502cb06839106cdf371b9953d50e4b572d0bfa3c7?s=96&d=mm&r=g\",\"caption\":\"Redacci\u00f3n\"},\"url\":\"https:\/\/rednacionaldearte.com\/noticias\/author\/adan\/\"}]}<\/script>\n<!-- \/ Yoast SEO plugin. -->","yoast_head_json":{"title":"Artistas Seleccionados para la Exposici\u00f3n \"Horizontes Urbanos\" - Red Nacional de Arte","robots":{"index":"index","follow":"follow","max-snippet":"max-snippet:-1","max-image-preview":"max-image-preview:large","max-video-preview":"max-video-preview:-1"},"canonical":"https:\/\/rednacionaldearte.com\/noticias\/artistas-seleccionados-la-exposicion-horizontes-urbanos\/","og_locale":"es_ES","og_type":"article","og_title":"Artistas Seleccionados para la Exposici\u00f3n \"Horizontes Urbanos\" - Red Nacional de Arte","og_description":"M\u00e1s de 240 propuestas de M\u00e9xico y otros pa\u00edses Am\u00e9rica Latina fueron recibidas en la convocatoria \u201cHorizontes Urbanos\u201d. A continuaci\u00f3n publicamos la lista de artistas seleccionados. \u00a1Muchas gracias a todos por participar! Los artistas seleccionados ser\u00e1n contactados muy pronto por correo electr\u00f3nico con m\u00e1s detalles.","og_url":"https:\/\/rednacionaldearte.com\/noticias\/artistas-seleccionados-la-exposicion-horizontes-urbanos\/","og_site_name":"Red Nacional de Arte","article_publisher":"http:\/\/www.facebook.com\/rednacionaldearte\/","article_published_time":"2018-04-10T00:33:44+00:00","article_modified_time":"2018-10-13T01:33:02+00:00","og_image":[{"width":768,"height":739,"url":"http:\/\/rednacionaldearte.com\/noticias\/wp-content\/uploads\/2018\/04\/header.jpg","type":"image\/jpeg"}],"author":"Redacci\u00f3n","twitter_card":"summary_large_image","twitter_creator":"@rednacionalarte","twitter_site":"@rednacionalarte","twitter_misc":{"Escrito por":"Redacci\u00f3n"},"schema":{"@context":"https:\/\/schema.org","@graph":[{"@type":"Article","@id":"https:\/\/rednacionaldearte.com\/noticias\/artistas-seleccionados-la-exposicion-horizontes-urbanos\/#article","isPartOf":{"@id":"https:\/\/rednacionaldearte.com\/noticias\/artistas-seleccionados-la-exposicion-horizontes-urbanos\/"},"author":{"name":"Redacci\u00f3n","@id":"http:\/\/rednacionaldearte.com\/noticias\/#\/schema\/person\/489d635082b1de413434d2708a3e5b9b"},"headline":"Artistas Seleccionados para la Exposici\u00f3n \u00abHorizontes Urbanos\u00bb","datePublished":"2018-04-10T00:33:44+00:00","dateModified":"2018-10-13T01:33:02+00:00","mainEntityOfPage":{"@id":"https:\/\/rednacionaldearte.com\/noticias\/artistas-seleccionados-la-exposicion-horizontes-urbanos\/"},"wordCount":60,"publisher":{"@id":"http:\/\/rednacionaldearte.com\/noticias\/#organization"},"image":{"@id":"https:\/\/rednacionaldearte.com\/noticias\/artistas-seleccionados-la-exposicion-horizontes-urbanos\/#primaryimage"},"thumbnailUrl":"https:\/\/rednacionaldearte.com\/noticias\/wp-content\/uploads\/2018\/04\/header.jpg","articleSection":["Artes Visuales","Convocatorias","Destacado","Exposiciones","Fotograf\u00eda","RNA"],"inLanguage":"es"},{"@type":"WebPage","@id":"https:\/\/rednacionaldearte.com\/noticias\/artistas-seleccionados-la-exposicion-horizontes-urbanos\/","url":"https:\/\/rednacionaldearte.com\/noticias\/artistas-seleccionados-la-exposicion-horizontes-urbanos\/","name":"Artistas Seleccionados para la Exposici\u00f3n \"Horizontes Urbanos\" - Red Nacional de Arte","isPartOf":{"@id":"http:\/\/rednacionaldearte.com\/noticias\/#website"},"primaryImageOfPage":{"@id":"https:\/\/rednacionaldearte.com\/noticias\/artistas-seleccionados-la-exposicion-horizontes-urbanos\/#primaryimage"},"image":{"@id":"https:\/\/rednacionaldearte.com\/noticias\/artistas-seleccionados-la-exposicion-horizontes-urbanos\/#primaryimage"},"thumbnailUrl":"https:\/\/rednacionaldearte.com\/noticias\/wp-content\/uploads\/2018\/04\/header.jpg","datePublished":"2018-04-10T00:33:44+00:00","dateModified":"2018-10-13T01:33:02+00:00","breadcrumb":{"@id":"https:\/\/rednacionaldearte.com\/noticias\/artistas-seleccionados-la-exposicion-horizontes-urbanos\/#breadcrumb"},"inLanguage":"es","potentialAction":[{"@type":"ReadAction","target":["https:\/\/rednacionaldearte.com\/noticias\/artistas-seleccionados-la-exposicion-horizontes-urbanos\/"]}]},{"@type":"ImageObject","inLanguage":"es","@id":"https:\/\/rednacionaldearte.com\/noticias\/artistas-seleccionados-la-exposicion-horizontes-urbanos\/#primaryimage","url":"https:\/\/rednacionaldearte.com\/noticias\/wp-content\/uploads\/2018\/04\/header.jpg","contentUrl":"https:\/\/rednacionaldearte.com\/noticias\/wp-content\/uploads\/2018\/04\/header.jpg","width":768,"height":739,"caption":"Horizontes Urbanos"},{"@type":"BreadcrumbList","@id":"https:\/\/rednacionaldearte.com\/noticias\/artistas-seleccionados-la-exposicion-horizontes-urbanos\/#breadcrumb","itemListElement":[{"@type":"ListItem","position":1,"name":"Home","item":"http:\/\/rednacionaldearte.com\/noticias\/"},{"@type":"ListItem","position":2,"name":"Artistas Seleccionados para la Exposici\u00f3n \u00abHorizontes Urbanos\u00bb"}]},{"@type":"WebSite","@id":"http:\/\/rednacionaldearte.com\/noticias\/#website","url":"http:\/\/rednacionaldearte.com\/noticias\/","name":"Red Nacional de Arte","description":"Cultura y Arte contempor\u00e1neo en M\u00e9xico","publisher":{"@id":"http:\/\/rednacionaldearte.com\/noticias\/#organization"},"potentialAction":[{"@type":"SearchAction","target":{"@type":"EntryPoint","urlTemplate":"http:\/\/rednacionaldearte.com\/noticias\/?s={search_term_string}"},"query-input":{"@type":"PropertyValueSpecification","valueRequired":true,"valueName":"search_term_string"}}],"inLanguage":"es"},{"@type":"Organization","@id":"http:\/\/rednacionaldearte.com\/noticias\/#organization","name":"Red Nacional de Arte","url":"http:\/\/rednacionaldearte.com\/noticias\/","logo":{"@type":"ImageObject","inLanguage":"es","@id":"http:\/\/rednacionaldearte.com\/noticias\/#\/schema\/logo\/image\/","url":"http:\/\/rednacionaldearte.com\/noticias\/wp-content\/uploads\/2016\/04\/logo.png","contentUrl":"http:\/\/rednacionaldearte.com\/noticias\/wp-content\/uploads\/2016\/04\/logo.png","width":575,"height":554,"caption":"Red Nacional de Arte"},"image":{"@id":"http:\/\/rednacionaldearte.com\/noticias\/#\/schema\/logo\/image\/"},"sameAs":["http:\/\/www.facebook.com\/rednacionaldearte\/","https:\/\/x.com\/rednacionalarte"]},{"@type":"Person","@id":"http:\/\/rednacionaldearte.com\/noticias\/#\/schema\/person\/489d635082b1de413434d2708a3e5b9b","name":"Redacci\u00f3n","image":{"@type":"ImageObject","inLanguage":"es","@id":"https:\/\/secure.gravatar.com\/avatar\/1d1c30eaee7c2f6cfa13fb8502cb06839106cdf371b9953d50e4b572d0bfa3c7?s=96&d=mm&r=g","url":"https:\/\/secure.gravatar.com\/avatar\/1d1c30eaee7c2f6cfa13fb8502cb06839106cdf371b9953d50e4b572d0bfa3c7?s=96&d=mm&r=g","contentUrl":"https:\/\/secure.gravatar.com\/avatar\/1d1c30eaee7c2f6cfa13fb8502cb06839106cdf371b9953d50e4b572d0bfa3c7?s=96&d=mm&r=g","caption":"Redacci\u00f3n"},"url":"https:\/\/rednacionaldearte.com\/noticias\/author\/adan\/"}]}},"amp_validity":null,"amp_enabled":true,"_links":{"self":[{"href":"https:\/\/rednacionaldearte.com\/noticias\/wp-json\/wp\/v2\/posts\/2326","targetHints":{"allow":["GET"]}}],"collection":[{"href":"https:\/\/rednacionaldearte.com\/noticias\/wp-json\/wp\/v2\/posts"}],"about":[{"href":"https:\/\/rednacionaldearte.com\/noticias\/wp-json\/wp\/v2\/types\/post"}],"author":[{"embeddable":true,"href":"https:\/\/rednacionaldearte.com\/noticias\/wp-json\/wp\/v2\/users\/1"}],"replies":[{"embeddable":true,"href":"https:\/\/rednacionaldearte.com\/noticias\/wp-json\/wp\/v2\/comments?post=2326"}],"version-history":[{"count":2,"href":"https:\/\/rednacionaldearte.com\/noticias\/wp-json\/wp\/v2\/posts\/2326\/revisions"}],"predecessor-version":[{"id":2329,"href":"https:\/\/rednacionaldearte.com\/noticias\/wp-json\/wp\/v2\/posts\/2326\/revisions\/2329"}],"wp:featuredmedia":[{"embeddable":true,"href":"https:\/\/rednacionaldearte.com\/noticias\/wp-json\/wp\/v2\/media\/2128"}],"wp:attachment":[{"href":"https:\/\/rednacionaldearte.com\/noticias\/wp-json\/wp\/v2\/media?parent=2326"}],"wp:term":[{"taxonomy":"category","embeddable":true,"href":"https:\/\/rednacionaldearte.com\/noticias\/wp-json\/wp\/v2\/categories?post=2326"},{"taxonomy":"post_tag","embeddable":true,"href":"https:\/\/rednacionaldearte.com\/noticias\/wp-json\/wp\/v2\/tags?post=2326"}],"curies":[{"name":"wp","href":"https:\/\/api.w.org\/{rel}","templated":true}]}}