{"id":233,"date":"2016-09-05T20:02:23","date_gmt":"2016-09-05T20:02:23","guid":{"rendered":"http:\/\/rednacionaldearte.com\/noticias\/?p=233"},"modified":"2016-09-27T20:12:12","modified_gmt":"2016-09-27T20:12:12","slug":"inauguracion-de-la-arquitectura-de-la-mirada","status":"publish","type":"post","link":"https:\/\/rednacionaldearte.com\/noticias\/inauguracion-de-la-arquitectura-de-la-mirada\/","title":{"rendered":"Inauguraci\u00f3n De \u201cLa Arquitectura de la Mirada\u201d"},"content":{"rendered":"<p>El pasado 3 de septiembre\u00a0tuvo lugar la inauguraci\u00f3n de\u00a0\u201cLa Arquitectura de la Mirada: Perpetuidad y Pensamiento de una \u00c9poca\u201d en\u00a0el la galer\u00eda de la Capilla Brit\u00e1nica. Misma exposici\u00f3n permanecer\u00e1 abierta para todo el que desee visitarla durante todo el mes.<\/p>\n<p>Las obras exhibidas se encuentran a la venta a trav\u00e9s de\u00a0<a href=\"http:\/\/rednacionaldearte.com\/arquitecturadelamirada\">este link<\/a>.<\/p>\n<p><a href=\"http:\/\/rednacionaldearte.com\/noticias\/wp-content\/uploads\/2016\/09\/17.jpg\"><img loading=\"lazy\" decoding=\"async\" class=\"aligncenter size-medium wp-image-245\" src=\"http:\/\/rednacionaldearte.com\/noticias\/wp-content\/uploads\/2016\/09\/17-200x300.jpg\" alt=\"17\" width=\"200\" height=\"300\" srcset=\"https:\/\/rednacionaldearte.com\/noticias\/wp-content\/uploads\/2016\/09\/17-200x300.jpg 200w, https:\/\/rednacionaldearte.com\/noticias\/wp-content\/uploads\/2016\/09\/17-768x1152.jpg 768w, https:\/\/rednacionaldearte.com\/noticias\/wp-content\/uploads\/2016\/09\/17-682x1024.jpg 682w\" sizes=\"auto, (max-width: 200px) 100vw, 200px\" \/><\/a><\/p>\n<p><a href=\"http:\/\/rednacionaldearte.com\/noticias\/wp-content\/uploads\/2016\/09\/16.jpg\"><img loading=\"lazy\" decoding=\"async\" class=\"aligncenter size-medium wp-image-244\" src=\"http:\/\/rednacionaldearte.com\/noticias\/wp-content\/uploads\/2016\/09\/16-200x300.jpg\" alt=\"16\" width=\"200\" height=\"300\" srcset=\"https:\/\/rednacionaldearte.com\/noticias\/wp-content\/uploads\/2016\/09\/16-200x300.jpg 200w, https:\/\/rednacionaldearte.com\/noticias\/wp-content\/uploads\/2016\/09\/16-768x1152.jpg 768w, https:\/\/rednacionaldearte.com\/noticias\/wp-content\/uploads\/2016\/09\/16-682x1024.jpg 682w\" sizes=\"auto, (max-width: 200px) 100vw, 200px\" \/><\/a><\/p>\n<p><a href=\"http:\/\/rednacionaldearte.com\/noticias\/wp-content\/uploads\/2016\/09\/14.jpg\"><img loading=\"lazy\" decoding=\"async\" class=\"aligncenter size-medium wp-image-243\" src=\"http:\/\/rednacionaldearte.com\/noticias\/wp-content\/uploads\/2016\/09\/14-300x200.jpg\" alt=\"14\" width=\"300\" height=\"200\" srcset=\"https:\/\/rednacionaldearte.com\/noticias\/wp-content\/uploads\/2016\/09\/14-300x200.jpg 300w, https:\/\/rednacionaldearte.com\/noticias\/wp-content\/uploads\/2016\/09\/14-768x512.jpg 768w, https:\/\/rednacionaldearte.com\/noticias\/wp-content\/uploads\/2016\/09\/14-1024x682.jpg 1024w, https:\/\/rednacionaldearte.com\/noticias\/wp-content\/uploads\/2016\/09\/14-360x240.jpg 360w\" sizes=\"auto, (max-width: 300px) 100vw, 300px\" \/><\/a><\/p>\n<p><a href=\"http:\/\/rednacionaldearte.com\/noticias\/wp-content\/uploads\/2016\/09\/13.jpg\"><img loading=\"lazy\" decoding=\"async\" class=\"aligncenter size-medium wp-image-242\" src=\"http:\/\/rednacionaldearte.com\/noticias\/wp-content\/uploads\/2016\/09\/13-200x300.jpg\" alt=\"13\" width=\"200\" height=\"300\" srcset=\"https:\/\/rednacionaldearte.com\/noticias\/wp-content\/uploads\/2016\/09\/13-200x300.jpg 200w, https:\/\/rednacionaldearte.com\/noticias\/wp-content\/uploads\/2016\/09\/13-768x1152.jpg 768w, https:\/\/rednacionaldearte.com\/noticias\/wp-content\/uploads\/2016\/09\/13-682x1024.jpg 682w\" sizes=\"auto, (max-width: 200px) 100vw, 200px\" \/><\/a><\/p>\n<p><a href=\"http:\/\/rednacionaldearte.com\/noticias\/wp-content\/uploads\/2016\/09\/12.jpg\"><img loading=\"lazy\" decoding=\"async\" class=\"aligncenter size-medium wp-image-241\" src=\"http:\/\/rednacionaldearte.com\/noticias\/wp-content\/uploads\/2016\/09\/12-200x300.jpg\" alt=\"12\" width=\"200\" height=\"300\" srcset=\"https:\/\/rednacionaldearte.com\/noticias\/wp-content\/uploads\/2016\/09\/12-200x300.jpg 200w, https:\/\/rednacionaldearte.com\/noticias\/wp-content\/uploads\/2016\/09\/12-768x1152.jpg 768w, https:\/\/rednacionaldearte.com\/noticias\/wp-content\/uploads\/2016\/09\/12-682x1024.jpg 682w\" sizes=\"auto, (max-width: 200px) 100vw, 200px\" \/><\/a><\/p>\n<p><a href=\"http:\/\/rednacionaldearte.com\/noticias\/wp-content\/uploads\/2016\/09\/9.jpg\"><img loading=\"lazy\" decoding=\"async\" class=\"aligncenter size-medium wp-image-240\" src=\"http:\/\/rednacionaldearte.com\/noticias\/wp-content\/uploads\/2016\/09\/9-300x209.jpg\" alt=\"9\" width=\"300\" height=\"209\" srcset=\"https:\/\/rednacionaldearte.com\/noticias\/wp-content\/uploads\/2016\/09\/9-300x209.jpg 300w, https:\/\/rednacionaldearte.com\/noticias\/wp-content\/uploads\/2016\/09\/9-768x535.jpg 768w, https:\/\/rednacionaldearte.com\/noticias\/wp-content\/uploads\/2016\/09\/9-1024x714.jpg 1024w\" sizes=\"auto, (max-width: 300px) 100vw, 300px\" \/><\/a><\/p>\n<p><a href=\"http:\/\/rednacionaldearte.com\/noticias\/wp-content\/uploads\/2016\/09\/8.jpg\"><img loading=\"lazy\" decoding=\"async\" class=\"aligncenter size-medium wp-image-239\" src=\"http:\/\/rednacionaldearte.com\/noticias\/wp-content\/uploads\/2016\/09\/8-200x300.jpg\" alt=\"8\" width=\"200\" height=\"300\" srcset=\"https:\/\/rednacionaldearte.com\/noticias\/wp-content\/uploads\/2016\/09\/8-200x300.jpg 200w, https:\/\/rednacionaldearte.com\/noticias\/wp-content\/uploads\/2016\/09\/8-768x1152.jpg 768w, https:\/\/rednacionaldearte.com\/noticias\/wp-content\/uploads\/2016\/09\/8-682x1024.jpg 682w\" sizes=\"auto, (max-width: 200px) 100vw, 200px\" \/><\/a><\/p>\n<p><a href=\"http:\/\/rednacionaldearte.com\/noticias\/wp-content\/uploads\/2016\/09\/7.jpg\"><img loading=\"lazy\" decoding=\"async\" class=\"aligncenter size-medium wp-image-238\" src=\"http:\/\/rednacionaldearte.com\/noticias\/wp-content\/uploads\/2016\/09\/7-200x300.jpg\" alt=\"7\" width=\"200\" height=\"300\" srcset=\"https:\/\/rednacionaldearte.com\/noticias\/wp-content\/uploads\/2016\/09\/7-200x300.jpg 200w, https:\/\/rednacionaldearte.com\/noticias\/wp-content\/uploads\/2016\/09\/7-768x1152.jpg 768w, https:\/\/rednacionaldearte.com\/noticias\/wp-content\/uploads\/2016\/09\/7-682x1024.jpg 682w\" sizes=\"auto, (max-width: 200px) 100vw, 200px\" \/><\/a><\/p>\n<p><a href=\"http:\/\/rednacionaldearte.com\/noticias\/wp-content\/uploads\/2016\/09\/7-1.jpg\"><img loading=\"lazy\" decoding=\"async\" class=\"aligncenter size-medium wp-image-237\" src=\"http:\/\/rednacionaldearte.com\/noticias\/wp-content\/uploads\/2016\/09\/7-1-200x300.jpg\" alt=\"7-1\" width=\"200\" height=\"300\" srcset=\"https:\/\/rednacionaldearte.com\/noticias\/wp-content\/uploads\/2016\/09\/7-1-200x300.jpg 200w, https:\/\/rednacionaldearte.com\/noticias\/wp-content\/uploads\/2016\/09\/7-1-768x1152.jpg 768w, https:\/\/rednacionaldearte.com\/noticias\/wp-content\/uploads\/2016\/09\/7-1-682x1024.jpg 682w\" sizes=\"auto, (max-width: 200px) 100vw, 200px\" \/><\/a><\/p>\n<p><a href=\"http:\/\/rednacionaldearte.com\/noticias\/wp-content\/uploads\/2016\/09\/5.jpg\"><img loading=\"lazy\" decoding=\"async\" class=\"aligncenter size-medium wp-image-236\" src=\"http:\/\/rednacionaldearte.com\/noticias\/wp-content\/uploads\/2016\/09\/5-200x300.jpg\" alt=\"5\" width=\"200\" height=\"300\" srcset=\"https:\/\/rednacionaldearte.com\/noticias\/wp-content\/uploads\/2016\/09\/5-200x300.jpg 200w, https:\/\/rednacionaldearte.com\/noticias\/wp-content\/uploads\/2016\/09\/5-768x1152.jpg 768w, https:\/\/rednacionaldearte.com\/noticias\/wp-content\/uploads\/2016\/09\/5-682x1024.jpg 682w\" sizes=\"auto, (max-width: 200px) 100vw, 200px\" \/><\/a><\/p>\n<p><a href=\"http:\/\/rednacionaldearte.com\/noticias\/wp-content\/uploads\/2016\/09\/4.jpg\"><img loading=\"lazy\" decoding=\"async\" class=\"aligncenter size-medium wp-image-235\" src=\"http:\/\/rednacionaldearte.com\/noticias\/wp-content\/uploads\/2016\/09\/4-200x300.jpg\" alt=\"4\" width=\"200\" height=\"300\" srcset=\"https:\/\/rednacionaldearte.com\/noticias\/wp-content\/uploads\/2016\/09\/4-200x300.jpg 200w, https:\/\/rednacionaldearte.com\/noticias\/wp-content\/uploads\/2016\/09\/4-768x1153.jpg 768w, https:\/\/rednacionaldearte.com\/noticias\/wp-content\/uploads\/2016\/09\/4-682x1024.jpg 682w, https:\/\/rednacionaldearte.com\/noticias\/wp-content\/uploads\/2016\/09\/4.jpg 1971w\" sizes=\"auto, (max-width: 200px) 100vw, 200px\" \/><\/a><\/p>\n<p><a href=\"http:\/\/rednacionaldearte.com\/noticias\/wp-content\/uploads\/2016\/09\/1.jpg\"><img loading=\"lazy\" decoding=\"async\" class=\"aligncenter wp-image-234 size-medium\" src=\"http:\/\/rednacionaldearte.com\/noticias\/wp-content\/uploads\/2016\/09\/1-200x300.jpg\" alt=\"1\" width=\"200\" height=\"300\" srcset=\"https:\/\/rednacionaldearte.com\/noticias\/wp-content\/uploads\/2016\/09\/1-200x300.jpg 200w, https:\/\/rednacionaldearte.com\/noticias\/wp-content\/uploads\/2016\/09\/1-768x1152.jpg 768w, https:\/\/rednacionaldearte.com\/noticias\/wp-content\/uploads\/2016\/09\/1-683x1024.jpg 683w\" sizes=\"auto, (max-width: 200px) 100vw, 200px\" \/><\/a><\/p>\n","protected":false},"excerpt":{"rendered":"<p>El pasado 3 de septiembre\u00a0tuvo lugar la inauguraci\u00f3n de\u00a0\u201cLa Arquitectura de la Mirada: Perpetuidad y Pensamiento de una \u00c9poca\u201d en\u00a0el la galer\u00eda de la Capilla Brit\u00e1nica. Misma exposici\u00f3n permanecer\u00e1 abierta para todo el que desee visitarla durante todo el mes. Las obras exhibidas se encuentran a la venta a trav\u00e9s de\u00a0este link.<\/p>\n","protected":false},"author":1,"featured_media":249,"comment_status":"closed","ping_status":"open","sticky":false,"template":"","format":"standard","meta":{"footnotes":""},"categories":[53,59,18,2,41],"tags":[],"class_list":["post-233","post","type-post","status-publish","format-standard","has-post-thumbnail","hentry","category-arquitectura","category-artes-visuales","category-eventos","category-fotografia","category-rna"],"yoast_head":"<!-- This site is optimized with the Yoast SEO plugin v27.2 - https:\/\/yoast.com\/product\/yoast-seo-wordpress\/ -->\n<title>Inauguraci\u00f3n De \u201cLa Arquitectura de la Mirada\u201d - Red Nacional de Arte<\/title>\n<meta name=\"robots\" content=\"index, follow, max-snippet:-1, max-image-preview:large, max-video-preview:-1\" \/>\n<link rel=\"canonical\" href=\"http:\/\/rednacionaldearte.com\/noticias\/inauguracion-de-la-arquitectura-de-la-mirada\/\" \/>\n<meta property=\"og:locale\" content=\"es_ES\" \/>\n<meta property=\"og:type\" content=\"article\" \/>\n<meta property=\"og:title\" content=\"Inauguraci\u00f3n De \u201cLa Arquitectura de la Mirada\u201d - Red Nacional de Arte\" \/>\n<meta property=\"og:description\" content=\"El pasado 3 de septiembre\u00a0tuvo lugar la inauguraci\u00f3n de\u00a0\u201cLa Arquitectura de la Mirada: Perpetuidad y Pensamiento de una \u00c9poca\u201d en\u00a0el la galer\u00eda de la Capilla Brit\u00e1nica. Misma exposici\u00f3n permanecer\u00e1 abierta para todo el que desee visitarla durante todo el mes. Las obras exhibidas se encuentran a la venta a trav\u00e9s de\u00a0este link.\" \/>\n<meta property=\"og:url\" content=\"http:\/\/rednacionaldearte.com\/noticias\/inauguracion-de-la-arquitectura-de-la-mirada\/\" \/>\n<meta property=\"og:site_name\" content=\"Red Nacional de Arte\" \/>\n<meta property=\"article:publisher\" content=\"http:\/\/www.facebook.com\/rednacionaldearte\/\" \/>\n<meta property=\"article:published_time\" content=\"2016-09-05T20:02:23+00:00\" \/>\n<meta property=\"article:modified_time\" content=\"2016-09-27T20:12:12+00:00\" \/>\n<meta property=\"og:image\" content=\"http:\/\/rednacionaldearte.com\/noticias\/wp-content\/uploads\/2016\/09\/unnamed.jpg\" \/>\n\t<meta property=\"og:image:width\" content=\"640\" \/>\n\t<meta property=\"og:image:height\" content=\"427\" \/>\n\t<meta property=\"og:image:type\" content=\"image\/jpeg\" \/>\n<meta name=\"author\" content=\"Redacci\u00f3n\" \/>\n<meta name=\"twitter:card\" content=\"summary_large_image\" \/>\n<meta name=\"twitter:creator\" content=\"@rednacionalarte\" \/>\n<meta name=\"twitter:site\" content=\"@rednacionalarte\" \/>\n<meta name=\"twitter:label1\" content=\"Escrito por\" \/>\n\t<meta name=\"twitter:data1\" content=\"Redacci\u00f3n\" \/>\n<script type=\"application\/ld+json\" class=\"yoast-schema-graph\">{\"@context\":\"https:\/\/schema.org\",\"@graph\":[{\"@type\":\"Article\",\"@id\":\"http:\/\/rednacionaldearte.com\/noticias\/inauguracion-de-la-arquitectura-de-la-mirada\/#article\",\"isPartOf\":{\"@id\":\"http:\/\/rednacionaldearte.com\/noticias\/inauguracion-de-la-arquitectura-de-la-mirada\/\"},\"author\":{\"name\":\"Redacci\u00f3n\",\"@id\":\"http:\/\/rednacionaldearte.com\/noticias\/#\/schema\/person\/489d635082b1de413434d2708a3e5b9b\"},\"headline\":\"Inauguraci\u00f3n De \u201cLa Arquitectura de la Mirada\u201d\",\"datePublished\":\"2016-09-05T20:02:23+00:00\",\"dateModified\":\"2016-09-27T20:12:12+00:00\",\"mainEntityOfPage\":{\"@id\":\"http:\/\/rednacionaldearte.com\/noticias\/inauguracion-de-la-arquitectura-de-la-mirada\/\"},\"wordCount\":68,\"publisher\":{\"@id\":\"http:\/\/rednacionaldearte.com\/noticias\/#organization\"},\"image\":{\"@id\":\"http:\/\/rednacionaldearte.com\/noticias\/inauguracion-de-la-arquitectura-de-la-mirada\/#primaryimage\"},\"thumbnailUrl\":\"https:\/\/rednacionaldearte.com\/noticias\/wp-content\/uploads\/2016\/09\/unnamed.jpg\",\"articleSection\":[\"Arquitectura\",\"Artes Visuales\",\"Eventos\",\"Fotograf\u00eda\",\"RNA\"],\"inLanguage\":\"es\"},{\"@type\":\"WebPage\",\"@id\":\"http:\/\/rednacionaldearte.com\/noticias\/inauguracion-de-la-arquitectura-de-la-mirada\/\",\"url\":\"http:\/\/rednacionaldearte.com\/noticias\/inauguracion-de-la-arquitectura-de-la-mirada\/\",\"name\":\"Inauguraci\u00f3n De \u201cLa Arquitectura de la Mirada\u201d - Red Nacional de Arte\",\"isPartOf\":{\"@id\":\"http:\/\/rednacionaldearte.com\/noticias\/#website\"},\"primaryImageOfPage\":{\"@id\":\"http:\/\/rednacionaldearte.com\/noticias\/inauguracion-de-la-arquitectura-de-la-mirada\/#primaryimage\"},\"image\":{\"@id\":\"http:\/\/rednacionaldearte.com\/noticias\/inauguracion-de-la-arquitectura-de-la-mirada\/#primaryimage\"},\"thumbnailUrl\":\"https:\/\/rednacionaldearte.com\/noticias\/wp-content\/uploads\/2016\/09\/unnamed.jpg\",\"datePublished\":\"2016-09-05T20:02:23+00:00\",\"dateModified\":\"2016-09-27T20:12:12+00:00\",\"breadcrumb\":{\"@id\":\"http:\/\/rednacionaldearte.com\/noticias\/inauguracion-de-la-arquitectura-de-la-mirada\/#breadcrumb\"},\"inLanguage\":\"es\",\"potentialAction\":[{\"@type\":\"ReadAction\",\"target\":[\"http:\/\/rednacionaldearte.com\/noticias\/inauguracion-de-la-arquitectura-de-la-mirada\/\"]}]},{\"@type\":\"ImageObject\",\"inLanguage\":\"es\",\"@id\":\"http:\/\/rednacionaldearte.com\/noticias\/inauguracion-de-la-arquitectura-de-la-mirada\/#primaryimage\",\"url\":\"https:\/\/rednacionaldearte.com\/noticias\/wp-content\/uploads\/2016\/09\/unnamed.jpg\",\"contentUrl\":\"https:\/\/rednacionaldearte.com\/noticias\/wp-content\/uploads\/2016\/09\/unnamed.jpg\",\"width\":640,\"height\":427},{\"@type\":\"BreadcrumbList\",\"@id\":\"http:\/\/rednacionaldearte.com\/noticias\/inauguracion-de-la-arquitectura-de-la-mirada\/#breadcrumb\",\"itemListElement\":[{\"@type\":\"ListItem\",\"position\":1,\"name\":\"Home\",\"item\":\"http:\/\/rednacionaldearte.com\/noticias\/\"},{\"@type\":\"ListItem\",\"position\":2,\"name\":\"Inauguraci\u00f3n De \u201cLa Arquitectura de la Mirada\u201d\"}]},{\"@type\":\"WebSite\",\"@id\":\"http:\/\/rednacionaldearte.com\/noticias\/#website\",\"url\":\"http:\/\/rednacionaldearte.com\/noticias\/\",\"name\":\"Red Nacional de Arte\",\"description\":\"Cultura y Arte contempor\u00e1neo en M\u00e9xico\",\"publisher\":{\"@id\":\"http:\/\/rednacionaldearte.com\/noticias\/#organization\"},\"potentialAction\":[{\"@type\":\"SearchAction\",\"target\":{\"@type\":\"EntryPoint\",\"urlTemplate\":\"http:\/\/rednacionaldearte.com\/noticias\/?s={search_term_string}\"},\"query-input\":{\"@type\":\"PropertyValueSpecification\",\"valueRequired\":true,\"valueName\":\"search_term_string\"}}],\"inLanguage\":\"es\"},{\"@type\":\"Organization\",\"@id\":\"http:\/\/rednacionaldearte.com\/noticias\/#organization\",\"name\":\"Red Nacional de Arte\",\"url\":\"http:\/\/rednacionaldearte.com\/noticias\/\",\"logo\":{\"@type\":\"ImageObject\",\"inLanguage\":\"es\",\"@id\":\"http:\/\/rednacionaldearte.com\/noticias\/#\/schema\/logo\/image\/\",\"url\":\"http:\/\/rednacionaldearte.com\/noticias\/wp-content\/uploads\/2016\/04\/logo.png\",\"contentUrl\":\"http:\/\/rednacionaldearte.com\/noticias\/wp-content\/uploads\/2016\/04\/logo.png\",\"width\":575,\"height\":554,\"caption\":\"Red Nacional de Arte\"},\"image\":{\"@id\":\"http:\/\/rednacionaldearte.com\/noticias\/#\/schema\/logo\/image\/\"},\"sameAs\":[\"http:\/\/www.facebook.com\/rednacionaldearte\/\",\"https:\/\/x.com\/rednacionalarte\"]},{\"@type\":\"Person\",\"@id\":\"http:\/\/rednacionaldearte.com\/noticias\/#\/schema\/person\/489d635082b1de413434d2708a3e5b9b\",\"name\":\"Redacci\u00f3n\",\"image\":{\"@type\":\"ImageObject\",\"inLanguage\":\"es\",\"@id\":\"https:\/\/secure.gravatar.com\/avatar\/1d1c30eaee7c2f6cfa13fb8502cb06839106cdf371b9953d50e4b572d0bfa3c7?s=96&d=mm&r=g\",\"url\":\"https:\/\/secure.gravatar.com\/avatar\/1d1c30eaee7c2f6cfa13fb8502cb06839106cdf371b9953d50e4b572d0bfa3c7?s=96&d=mm&r=g\",\"contentUrl\":\"https:\/\/secure.gravatar.com\/avatar\/1d1c30eaee7c2f6cfa13fb8502cb06839106cdf371b9953d50e4b572d0bfa3c7?s=96&d=mm&r=g\",\"caption\":\"Redacci\u00f3n\"},\"url\":\"https:\/\/rednacionaldearte.com\/noticias\/author\/adan\/\"}]}<\/script>\n<!-- \/ Yoast SEO plugin. -->","yoast_head_json":{"title":"Inauguraci\u00f3n De \u201cLa Arquitectura de la Mirada\u201d - Red Nacional de Arte","robots":{"index":"index","follow":"follow","max-snippet":"max-snippet:-1","max-image-preview":"max-image-preview:large","max-video-preview":"max-video-preview:-1"},"canonical":"http:\/\/rednacionaldearte.com\/noticias\/inauguracion-de-la-arquitectura-de-la-mirada\/","og_locale":"es_ES","og_type":"article","og_title":"Inauguraci\u00f3n De \u201cLa Arquitectura de la Mirada\u201d - Red Nacional de Arte","og_description":"El pasado 3 de septiembre\u00a0tuvo lugar la inauguraci\u00f3n de\u00a0\u201cLa Arquitectura de la Mirada: Perpetuidad y Pensamiento de una \u00c9poca\u201d en\u00a0el la galer\u00eda de la Capilla Brit\u00e1nica. Misma exposici\u00f3n permanecer\u00e1 abierta para todo el que desee visitarla durante todo el mes. Las obras exhibidas se encuentran a la venta a trav\u00e9s de\u00a0este link.","og_url":"http:\/\/rednacionaldearte.com\/noticias\/inauguracion-de-la-arquitectura-de-la-mirada\/","og_site_name":"Red Nacional de Arte","article_publisher":"http:\/\/www.facebook.com\/rednacionaldearte\/","article_published_time":"2016-09-05T20:02:23+00:00","article_modified_time":"2016-09-27T20:12:12+00:00","og_image":[{"width":640,"height":427,"url":"http:\/\/rednacionaldearte.com\/noticias\/wp-content\/uploads\/2016\/09\/unnamed.jpg","type":"image\/jpeg"}],"author":"Redacci\u00f3n","twitter_card":"summary_large_image","twitter_creator":"@rednacionalarte","twitter_site":"@rednacionalarte","twitter_misc":{"Escrito por":"Redacci\u00f3n"},"schema":{"@context":"https:\/\/schema.org","@graph":[{"@type":"Article","@id":"http:\/\/rednacionaldearte.com\/noticias\/inauguracion-de-la-arquitectura-de-la-mirada\/#article","isPartOf":{"@id":"http:\/\/rednacionaldearte.com\/noticias\/inauguracion-de-la-arquitectura-de-la-mirada\/"},"author":{"name":"Redacci\u00f3n","@id":"http:\/\/rednacionaldearte.com\/noticias\/#\/schema\/person\/489d635082b1de413434d2708a3e5b9b"},"headline":"Inauguraci\u00f3n De \u201cLa Arquitectura de la Mirada\u201d","datePublished":"2016-09-05T20:02:23+00:00","dateModified":"2016-09-27T20:12:12+00:00","mainEntityOfPage":{"@id":"http:\/\/rednacionaldearte.com\/noticias\/inauguracion-de-la-arquitectura-de-la-mirada\/"},"wordCount":68,"publisher":{"@id":"http:\/\/rednacionaldearte.com\/noticias\/#organization"},"image":{"@id":"http:\/\/rednacionaldearte.com\/noticias\/inauguracion-de-la-arquitectura-de-la-mirada\/#primaryimage"},"thumbnailUrl":"https:\/\/rednacionaldearte.com\/noticias\/wp-content\/uploads\/2016\/09\/unnamed.jpg","articleSection":["Arquitectura","Artes Visuales","Eventos","Fotograf\u00eda","RNA"],"inLanguage":"es"},{"@type":"WebPage","@id":"http:\/\/rednacionaldearte.com\/noticias\/inauguracion-de-la-arquitectura-de-la-mirada\/","url":"http:\/\/rednacionaldearte.com\/noticias\/inauguracion-de-la-arquitectura-de-la-mirada\/","name":"Inauguraci\u00f3n De \u201cLa Arquitectura de la Mirada\u201d - Red Nacional de Arte","isPartOf":{"@id":"http:\/\/rednacionaldearte.com\/noticias\/#website"},"primaryImageOfPage":{"@id":"http:\/\/rednacionaldearte.com\/noticias\/inauguracion-de-la-arquitectura-de-la-mirada\/#primaryimage"},"image":{"@id":"http:\/\/rednacionaldearte.com\/noticias\/inauguracion-de-la-arquitectura-de-la-mirada\/#primaryimage"},"thumbnailUrl":"https:\/\/rednacionaldearte.com\/noticias\/wp-content\/uploads\/2016\/09\/unnamed.jpg","datePublished":"2016-09-05T20:02:23+00:00","dateModified":"2016-09-27T20:12:12+00:00","breadcrumb":{"@id":"http:\/\/rednacionaldearte.com\/noticias\/inauguracion-de-la-arquitectura-de-la-mirada\/#breadcrumb"},"inLanguage":"es","potentialAction":[{"@type":"ReadAction","target":["http:\/\/rednacionaldearte.com\/noticias\/inauguracion-de-la-arquitectura-de-la-mirada\/"]}]},{"@type":"ImageObject","inLanguage":"es","@id":"http:\/\/rednacionaldearte.com\/noticias\/inauguracion-de-la-arquitectura-de-la-mirada\/#primaryimage","url":"https:\/\/rednacionaldearte.com\/noticias\/wp-content\/uploads\/2016\/09\/unnamed.jpg","contentUrl":"https:\/\/rednacionaldearte.com\/noticias\/wp-content\/uploads\/2016\/09\/unnamed.jpg","width":640,"height":427},{"@type":"BreadcrumbList","@id":"http:\/\/rednacionaldearte.com\/noticias\/inauguracion-de-la-arquitectura-de-la-mirada\/#breadcrumb","itemListElement":[{"@type":"ListItem","position":1,"name":"Home","item":"http:\/\/rednacionaldearte.com\/noticias\/"},{"@type":"ListItem","position":2,"name":"Inauguraci\u00f3n De \u201cLa Arquitectura de la Mirada\u201d"}]},{"@type":"WebSite","@id":"http:\/\/rednacionaldearte.com\/noticias\/#website","url":"http:\/\/rednacionaldearte.com\/noticias\/","name":"Red Nacional de Arte","description":"Cultura y Arte contempor\u00e1neo en M\u00e9xico","publisher":{"@id":"http:\/\/rednacionaldearte.com\/noticias\/#organization"},"potentialAction":[{"@type":"SearchAction","target":{"@type":"EntryPoint","urlTemplate":"http:\/\/rednacionaldearte.com\/noticias\/?s={search_term_string}"},"query-input":{"@type":"PropertyValueSpecification","valueRequired":true,"valueName":"search_term_string"}}],"inLanguage":"es"},{"@type":"Organization","@id":"http:\/\/rednacionaldearte.com\/noticias\/#organization","name":"Red Nacional de Arte","url":"http:\/\/rednacionaldearte.com\/noticias\/","logo":{"@type":"ImageObject","inLanguage":"es","@id":"http:\/\/rednacionaldearte.com\/noticias\/#\/schema\/logo\/image\/","url":"http:\/\/rednacionaldearte.com\/noticias\/wp-content\/uploads\/2016\/04\/logo.png","contentUrl":"http:\/\/rednacionaldearte.com\/noticias\/wp-content\/uploads\/2016\/04\/logo.png","width":575,"height":554,"caption":"Red Nacional de Arte"},"image":{"@id":"http:\/\/rednacionaldearte.com\/noticias\/#\/schema\/logo\/image\/"},"sameAs":["http:\/\/www.facebook.com\/rednacionaldearte\/","https:\/\/x.com\/rednacionalarte"]},{"@type":"Person","@id":"http:\/\/rednacionaldearte.com\/noticias\/#\/schema\/person\/489d635082b1de413434d2708a3e5b9b","name":"Redacci\u00f3n","image":{"@type":"ImageObject","inLanguage":"es","@id":"https:\/\/secure.gravatar.com\/avatar\/1d1c30eaee7c2f6cfa13fb8502cb06839106cdf371b9953d50e4b572d0bfa3c7?s=96&d=mm&r=g","url":"https:\/\/secure.gravatar.com\/avatar\/1d1c30eaee7c2f6cfa13fb8502cb06839106cdf371b9953d50e4b572d0bfa3c7?s=96&d=mm&r=g","contentUrl":"https:\/\/secure.gravatar.com\/avatar\/1d1c30eaee7c2f6cfa13fb8502cb06839106cdf371b9953d50e4b572d0bfa3c7?s=96&d=mm&r=g","caption":"Redacci\u00f3n"},"url":"https:\/\/rednacionaldearte.com\/noticias\/author\/adan\/"}]}},"amp_validity":null,"amp_enabled":true,"_links":{"self":[{"href":"https:\/\/rednacionaldearte.com\/noticias\/wp-json\/wp\/v2\/posts\/233","targetHints":{"allow":["GET"]}}],"collection":[{"href":"https:\/\/rednacionaldearte.com\/noticias\/wp-json\/wp\/v2\/posts"}],"about":[{"href":"https:\/\/rednacionaldearte.com\/noticias\/wp-json\/wp\/v2\/types\/post"}],"author":[{"embeddable":true,"href":"https:\/\/rednacionaldearte.com\/noticias\/wp-json\/wp\/v2\/users\/1"}],"replies":[{"embeddable":true,"href":"https:\/\/rednacionaldearte.com\/noticias\/wp-json\/wp\/v2\/comments?post=233"}],"version-history":[{"count":1,"href":"https:\/\/rednacionaldearte.com\/noticias\/wp-json\/wp\/v2\/posts\/233\/revisions"}],"predecessor-version":[{"id":248,"href":"https:\/\/rednacionaldearte.com\/noticias\/wp-json\/wp\/v2\/posts\/233\/revisions\/248"}],"wp:featuredmedia":[{"embeddable":true,"href":"https:\/\/rednacionaldearte.com\/noticias\/wp-json\/wp\/v2\/media\/249"}],"wp:attachment":[{"href":"https:\/\/rednacionaldearte.com\/noticias\/wp-json\/wp\/v2\/media?parent=233"}],"wp:term":[{"taxonomy":"category","embeddable":true,"href":"https:\/\/rednacionaldearte.com\/noticias\/wp-json\/wp\/v2\/categories?post=233"},{"taxonomy":"post_tag","embeddable":true,"href":"https:\/\/rednacionaldearte.com\/noticias\/wp-json\/wp\/v2\/tags?post=233"}],"curies":[{"name":"wp","href":"https:\/\/api.w.org\/{rel}","templated":true}]}}