{"id":25,"date":"2015-11-11T20:53:13","date_gmt":"2015-11-11T20:53:13","guid":{"rendered":"http:\/\/rednacionaldearte.com\/noticias\/?p=25"},"modified":"2017-03-10T05:29:02","modified_gmt":"2017-03-10T05:29:02","slug":"el-fonca-apoyara-a-espacios-culturales-independientes-con-actividades-escenicas","status":"publish","type":"post","link":"https:\/\/rednacionaldearte.com\/noticias\/el-fonca-apoyara-a-espacios-culturales-independientes-con-actividades-escenicas\/","title":{"rendered":"El FONCA apoyar\u00e1 a Espacios Culturales Independientes con actividades esc\u00e9nicas"},"content":{"rendered":"<p style=\"text-align: justify;\">La convocatoria del programa Fomento a proyectos y coinversiones culturales del Fondo para la Cultura y las Artes (<strong>FONCA<\/strong>) est\u00e1 pr\u00f3xima\u00a0a lanzarse, y en esta edici\u00f3n, incluir\u00e1 una categor\u00eda nueva: <strong>espacios culturales independientes con actividades esc\u00e9nicas<\/strong>.<\/p>\n<p style=\"text-align: justify;\">Ivonne P\u00e9rez, directora del programa, explic\u00f3 que anteriormente se apoyaba por medio de las disciplinas dadas de alta, como danza o teatro, pero la demanda hizo que la trataran como una categor\u00eda independiente.<\/p>\n<blockquote><p>\u00abMuchos de nuestros gestores, de nuestros promotores, mantienen espacios. Esta necesidad la venimos detectando desde hace un par de a\u00f1os.\u00bb<\/p><\/blockquote>\n<p style=\"text-align: justify;\">Los requisitos para recibir apoyo en coinversi\u00f3n hasta por 500 mil pesos son: que se est\u00e9 dado de alta como persona moral, que lleven una a\u00f1o comprobable en operaci\u00f3n, que los escenarios cuenten con caracter\u00edsticas m\u00ednimos y que con el apoyo den por lo menos 20 funciones, pudiendo ser\u00a0espect\u00e1culos de danza, teatro, m\u00fasica, \u00f3pera o interdisciplinarios.<\/p>\n<p style=\"text-align: justify;\">Para esta edici\u00f3n, aument\u00f3 el presupuesto disponible pasando de 30 millones de pesos, en 2014, a 40 millones de pesos, con los que se espera apoyar alrededor de 150 proyectos.\u00a0La convocatoria estar\u00e1 disponible en la <a href=\"http:\/\/www.fonca.conaculta.gob.mx\/\" target=\"_blank\" rel=\"nofollow\">p\u00e1gina del Fonca<\/a> y cerrar\u00e1 en febrero. Los resultados de los proyectos seleccionados se dar\u00e1n en julio y el dinero se entregar\u00e1\u00a0en septiembre de 2016.\u00a0Existen tambi\u00e9n hay apoyos para <strong>arquitectura<\/strong>, <strong>artes visuales<\/strong>, <strong>danza<\/strong>, <strong>letras<\/strong>, <strong>medios audiovisuales<\/strong>, <strong>estudios culturales<\/strong>, <strong>interdisciplina<\/strong>, <strong>m\u00fasica<\/strong>, <strong>teatro<\/strong> y <strong>proyectos infantiles<\/strong>.<\/p>\n<p style=\"text-align: justify;\">Con informaci\u00f3n de <a href=\"http:\/\/www.reforma.com\/aplicacioneslibre\/articulo\/default.aspx?id=690941&amp;md5=03611acd9c1b7b266efb29c77ee6740d&amp;ta=0dfdbac11765226904c16cb9ad1b2efe&amp;lcmd5=cfad343b81ba3f7760561ecb64a2708d\" target=\"_blank\" rel=\"nofollow\">Reforma<\/a>.<\/p>\n","protected":false},"excerpt":{"rendered":"<p>La convocatoria del programa Fomento a proyectos y coinversiones culturales del Fondo para la Cultura y las Artes (FONCA) est\u00e1 pr\u00f3xima\u00a0a lanzarse, y en esta edici\u00f3n, incluir\u00e1 una categor\u00eda nueva: espacios culturales independientes con actividades esc\u00e9nicas. Ivonne P\u00e9rez, directora del programa, explic\u00f3 que anteriormente se apoyaba por medio de las disciplinas dadas de alta, como [&hellip;]<\/p>\n","protected":false},"author":1,"featured_media":26,"comment_status":"closed","ping_status":"open","sticky":false,"template":"","format":"standard","meta":{"footnotes":""},"categories":[103,24],"tags":[25,26,35,27,30,34,31,28,29,32,33],"class_list":["post-25","post","type-post","status-publish","format-standard","has-post-thumbnail","hentry","category-artes-escenicas","category-convocatorias","tag-arquitectura","tag-artes-visuales","tag-coinversiones","tag-danza","tag-estudios-culturales","tag-fonca","tag-interdisciplina","tag-letras","tag-medios-audiovisuales","tag-musica","tag-teatro"],"yoast_head":"<!-- This site is optimized with the Yoast SEO plugin v27.2 - https:\/\/yoast.com\/product\/yoast-seo-wordpress\/ -->\n<title>El FONCA apoyar\u00e1 a Espacios Culturales Independientes con actividades esc\u00e9nicas - Red Nacional de Arte<\/title>\n<meta name=\"robots\" content=\"index, follow, max-snippet:-1, max-image-preview:large, max-video-preview:-1\" \/>\n<link rel=\"canonical\" href=\"http:\/\/rednacionaldearte.com\/noticias\/el-fonca-apoyara-a-espacios-culturales-independientes-con-actividades-escenicas\/\" \/>\n<meta property=\"og:locale\" content=\"es_ES\" \/>\n<meta property=\"og:type\" content=\"article\" \/>\n<meta property=\"og:title\" content=\"El FONCA apoyar\u00e1 a Espacios Culturales Independientes con actividades esc\u00e9nicas - Red Nacional de Arte\" \/>\n<meta property=\"og:description\" content=\"La convocatoria del programa Fomento a proyectos y coinversiones culturales del Fondo para la Cultura y las Artes (FONCA) est\u00e1 pr\u00f3xima\u00a0a lanzarse, y en esta edici\u00f3n, incluir\u00e1 una categor\u00eda nueva: espacios culturales independientes con actividades esc\u00e9nicas. Ivonne P\u00e9rez, directora del programa, explic\u00f3 que anteriormente se apoyaba por medio de las disciplinas dadas de alta, como [&hellip;]\" \/>\n<meta property=\"og:url\" content=\"http:\/\/rednacionaldearte.com\/noticias\/el-fonca-apoyara-a-espacios-culturales-independientes-con-actividades-escenicas\/\" \/>\n<meta property=\"og:site_name\" content=\"Red Nacional de Arte\" \/>\n<meta property=\"article:publisher\" content=\"http:\/\/www.facebook.com\/rednacionaldearte\/\" \/>\n<meta property=\"article:published_time\" content=\"2015-11-11T20:53:13+00:00\" \/>\n<meta property=\"article:modified_time\" content=\"2017-03-10T05:29:02+00:00\" \/>\n<meta property=\"og:image\" content=\"http:\/\/rednacionaldearte.com\/noticias\/wp-content\/uploads\/2015\/11\/osEMPqWS0JcFqiDrLM7HKAiYs-ezg7YNB9GnrDWpQHw-710x475.jpg\" \/>\n\t<meta property=\"og:image:width\" content=\"710\" \/>\n\t<meta property=\"og:image:height\" content=\"475\" \/>\n\t<meta property=\"og:image:type\" content=\"image\/jpeg\" \/>\n<meta name=\"author\" content=\"Redacci\u00f3n\" \/>\n<meta name=\"twitter:card\" content=\"summary_large_image\" \/>\n<meta name=\"twitter:creator\" content=\"@rednacionalarte\" \/>\n<meta name=\"twitter:site\" content=\"@rednacionalarte\" \/>\n<meta name=\"twitter:label1\" content=\"Escrito por\" \/>\n\t<meta name=\"twitter:data1\" content=\"Redacci\u00f3n\" \/>\n\t<meta name=\"twitter:label2\" content=\"Tiempo de lectura\" \/>\n\t<meta name=\"twitter:data2\" content=\"1 minuto\" \/>\n<script type=\"application\/ld+json\" class=\"yoast-schema-graph\">{\"@context\":\"https:\/\/schema.org\",\"@graph\":[{\"@type\":\"Article\",\"@id\":\"http:\/\/rednacionaldearte.com\/noticias\/el-fonca-apoyara-a-espacios-culturales-independientes-con-actividades-escenicas\/#article\",\"isPartOf\":{\"@id\":\"http:\/\/rednacionaldearte.com\/noticias\/el-fonca-apoyara-a-espacios-culturales-independientes-con-actividades-escenicas\/\"},\"author\":{\"name\":\"Redacci\u00f3n\",\"@id\":\"http:\/\/rednacionaldearte.com\/noticias\/#\/schema\/person\/489d635082b1de413434d2708a3e5b9b\"},\"headline\":\"El FONCA apoyar\u00e1 a Espacios Culturales Independientes con actividades esc\u00e9nicas\",\"datePublished\":\"2015-11-11T20:53:13+00:00\",\"dateModified\":\"2017-03-10T05:29:02+00:00\",\"mainEntityOfPage\":{\"@id\":\"http:\/\/rednacionaldearte.com\/noticias\/el-fonca-apoyara-a-espacios-culturales-independientes-con-actividades-escenicas\/\"},\"wordCount\":257,\"publisher\":{\"@id\":\"http:\/\/rednacionaldearte.com\/noticias\/#organization\"},\"image\":{\"@id\":\"http:\/\/rednacionaldearte.com\/noticias\/el-fonca-apoyara-a-espacios-culturales-independientes-con-actividades-escenicas\/#primaryimage\"},\"thumbnailUrl\":\"https:\/\/rednacionaldearte.com\/noticias\/wp-content\/uploads\/2015\/11\/osEMPqWS0JcFqiDrLM7HKAiYs-ezg7YNB9GnrDWpQHw-710x475.jpg\",\"keywords\":[\"arquitectura\",\"artes visuales\",\"Coinversiones\",\"danza\",\"estudios culturales\",\"FONCA\",\"interdisciplina\",\"letras\",\"medios audiovisuales\",\"m\u00fasica\",\"teatro\"],\"articleSection\":[\"Artes Esc\u00e9nicas\",\"Convocatorias\"],\"inLanguage\":\"es\"},{\"@type\":\"WebPage\",\"@id\":\"http:\/\/rednacionaldearte.com\/noticias\/el-fonca-apoyara-a-espacios-culturales-independientes-con-actividades-escenicas\/\",\"url\":\"http:\/\/rednacionaldearte.com\/noticias\/el-fonca-apoyara-a-espacios-culturales-independientes-con-actividades-escenicas\/\",\"name\":\"El FONCA apoyar\u00e1 a Espacios Culturales Independientes con actividades esc\u00e9nicas - Red Nacional de Arte\",\"isPartOf\":{\"@id\":\"http:\/\/rednacionaldearte.com\/noticias\/#website\"},\"primaryImageOfPage\":{\"@id\":\"http:\/\/rednacionaldearte.com\/noticias\/el-fonca-apoyara-a-espacios-culturales-independientes-con-actividades-escenicas\/#primaryimage\"},\"image\":{\"@id\":\"http:\/\/rednacionaldearte.com\/noticias\/el-fonca-apoyara-a-espacios-culturales-independientes-con-actividades-escenicas\/#primaryimage\"},\"thumbnailUrl\":\"https:\/\/rednacionaldearte.com\/noticias\/wp-content\/uploads\/2015\/11\/osEMPqWS0JcFqiDrLM7HKAiYs-ezg7YNB9GnrDWpQHw-710x475.jpg\",\"datePublished\":\"2015-11-11T20:53:13+00:00\",\"dateModified\":\"2017-03-10T05:29:02+00:00\",\"breadcrumb\":{\"@id\":\"http:\/\/rednacionaldearte.com\/noticias\/el-fonca-apoyara-a-espacios-culturales-independientes-con-actividades-escenicas\/#breadcrumb\"},\"inLanguage\":\"es\",\"potentialAction\":[{\"@type\":\"ReadAction\",\"target\":[\"http:\/\/rednacionaldearte.com\/noticias\/el-fonca-apoyara-a-espacios-culturales-independientes-con-actividades-escenicas\/\"]}]},{\"@type\":\"ImageObject\",\"inLanguage\":\"es\",\"@id\":\"http:\/\/rednacionaldearte.com\/noticias\/el-fonca-apoyara-a-espacios-culturales-independientes-con-actividades-escenicas\/#primaryimage\",\"url\":\"https:\/\/rednacionaldearte.com\/noticias\/wp-content\/uploads\/2015\/11\/osEMPqWS0JcFqiDrLM7HKAiYs-ezg7YNB9GnrDWpQHw-710x475.jpg\",\"contentUrl\":\"https:\/\/rednacionaldearte.com\/noticias\/wp-content\/uploads\/2015\/11\/osEMPqWS0JcFqiDrLM7HKAiYs-ezg7YNB9GnrDWpQHw-710x475.jpg\",\"width\":710,\"height\":475},{\"@type\":\"BreadcrumbList\",\"@id\":\"http:\/\/rednacionaldearte.com\/noticias\/el-fonca-apoyara-a-espacios-culturales-independientes-con-actividades-escenicas\/#breadcrumb\",\"itemListElement\":[{\"@type\":\"ListItem\",\"position\":1,\"name\":\"Home\",\"item\":\"http:\/\/rednacionaldearte.com\/noticias\/\"},{\"@type\":\"ListItem\",\"position\":2,\"name\":\"El FONCA apoyar\u00e1 a Espacios Culturales Independientes con actividades esc\u00e9nicas\"}]},{\"@type\":\"WebSite\",\"@id\":\"http:\/\/rednacionaldearte.com\/noticias\/#website\",\"url\":\"http:\/\/rednacionaldearte.com\/noticias\/\",\"name\":\"Red Nacional de Arte\",\"description\":\"Cultura y Arte contempor\u00e1neo en M\u00e9xico\",\"publisher\":{\"@id\":\"http:\/\/rednacionaldearte.com\/noticias\/#organization\"},\"potentialAction\":[{\"@type\":\"SearchAction\",\"target\":{\"@type\":\"EntryPoint\",\"urlTemplate\":\"http:\/\/rednacionaldearte.com\/noticias\/?s={search_term_string}\"},\"query-input\":{\"@type\":\"PropertyValueSpecification\",\"valueRequired\":true,\"valueName\":\"search_term_string\"}}],\"inLanguage\":\"es\"},{\"@type\":\"Organization\",\"@id\":\"http:\/\/rednacionaldearte.com\/noticias\/#organization\",\"name\":\"Red Nacional de Arte\",\"url\":\"http:\/\/rednacionaldearte.com\/noticias\/\",\"logo\":{\"@type\":\"ImageObject\",\"inLanguage\":\"es\",\"@id\":\"http:\/\/rednacionaldearte.com\/noticias\/#\/schema\/logo\/image\/\",\"url\":\"http:\/\/rednacionaldearte.com\/noticias\/wp-content\/uploads\/2016\/04\/logo.png\",\"contentUrl\":\"http:\/\/rednacionaldearte.com\/noticias\/wp-content\/uploads\/2016\/04\/logo.png\",\"width\":575,\"height\":554,\"caption\":\"Red Nacional de Arte\"},\"image\":{\"@id\":\"http:\/\/rednacionaldearte.com\/noticias\/#\/schema\/logo\/image\/\"},\"sameAs\":[\"http:\/\/www.facebook.com\/rednacionaldearte\/\",\"https:\/\/x.com\/rednacionalarte\"]},{\"@type\":\"Person\",\"@id\":\"http:\/\/rednacionaldearte.com\/noticias\/#\/schema\/person\/489d635082b1de413434d2708a3e5b9b\",\"name\":\"Redacci\u00f3n\",\"image\":{\"@type\":\"ImageObject\",\"inLanguage\":\"es\",\"@id\":\"https:\/\/secure.gravatar.com\/avatar\/1d1c30eaee7c2f6cfa13fb8502cb06839106cdf371b9953d50e4b572d0bfa3c7?s=96&d=mm&r=g\",\"url\":\"https:\/\/secure.gravatar.com\/avatar\/1d1c30eaee7c2f6cfa13fb8502cb06839106cdf371b9953d50e4b572d0bfa3c7?s=96&d=mm&r=g\",\"contentUrl\":\"https:\/\/secure.gravatar.com\/avatar\/1d1c30eaee7c2f6cfa13fb8502cb06839106cdf371b9953d50e4b572d0bfa3c7?s=96&d=mm&r=g\",\"caption\":\"Redacci\u00f3n\"},\"url\":\"https:\/\/rednacionaldearte.com\/noticias\/author\/adan\/\"}]}<\/script>\n<!-- \/ Yoast SEO plugin. -->","yoast_head_json":{"title":"El FONCA apoyar\u00e1 a Espacios Culturales Independientes con actividades esc\u00e9nicas - Red Nacional de Arte","robots":{"index":"index","follow":"follow","max-snippet":"max-snippet:-1","max-image-preview":"max-image-preview:large","max-video-preview":"max-video-preview:-1"},"canonical":"http:\/\/rednacionaldearte.com\/noticias\/el-fonca-apoyara-a-espacios-culturales-independientes-con-actividades-escenicas\/","og_locale":"es_ES","og_type":"article","og_title":"El FONCA apoyar\u00e1 a Espacios Culturales Independientes con actividades esc\u00e9nicas - Red Nacional de Arte","og_description":"La convocatoria del programa Fomento a proyectos y coinversiones culturales del Fondo para la Cultura y las Artes (FONCA) est\u00e1 pr\u00f3xima\u00a0a lanzarse, y en esta edici\u00f3n, incluir\u00e1 una categor\u00eda nueva: espacios culturales independientes con actividades esc\u00e9nicas. Ivonne P\u00e9rez, directora del programa, explic\u00f3 que anteriormente se apoyaba por medio de las disciplinas dadas de alta, como [&hellip;]","og_url":"http:\/\/rednacionaldearte.com\/noticias\/el-fonca-apoyara-a-espacios-culturales-independientes-con-actividades-escenicas\/","og_site_name":"Red Nacional de Arte","article_publisher":"http:\/\/www.facebook.com\/rednacionaldearte\/","article_published_time":"2015-11-11T20:53:13+00:00","article_modified_time":"2017-03-10T05:29:02+00:00","og_image":[{"width":710,"height":475,"url":"http:\/\/rednacionaldearte.com\/noticias\/wp-content\/uploads\/2015\/11\/osEMPqWS0JcFqiDrLM7HKAiYs-ezg7YNB9GnrDWpQHw-710x475.jpg","type":"image\/jpeg"}],"author":"Redacci\u00f3n","twitter_card":"summary_large_image","twitter_creator":"@rednacionalarte","twitter_site":"@rednacionalarte","twitter_misc":{"Escrito por":"Redacci\u00f3n","Tiempo de lectura":"1 minuto"},"schema":{"@context":"https:\/\/schema.org","@graph":[{"@type":"Article","@id":"http:\/\/rednacionaldearte.com\/noticias\/el-fonca-apoyara-a-espacios-culturales-independientes-con-actividades-escenicas\/#article","isPartOf":{"@id":"http:\/\/rednacionaldearte.com\/noticias\/el-fonca-apoyara-a-espacios-culturales-independientes-con-actividades-escenicas\/"},"author":{"name":"Redacci\u00f3n","@id":"http:\/\/rednacionaldearte.com\/noticias\/#\/schema\/person\/489d635082b1de413434d2708a3e5b9b"},"headline":"El FONCA apoyar\u00e1 a Espacios Culturales Independientes con actividades esc\u00e9nicas","datePublished":"2015-11-11T20:53:13+00:00","dateModified":"2017-03-10T05:29:02+00:00","mainEntityOfPage":{"@id":"http:\/\/rednacionaldearte.com\/noticias\/el-fonca-apoyara-a-espacios-culturales-independientes-con-actividades-escenicas\/"},"wordCount":257,"publisher":{"@id":"http:\/\/rednacionaldearte.com\/noticias\/#organization"},"image":{"@id":"http:\/\/rednacionaldearte.com\/noticias\/el-fonca-apoyara-a-espacios-culturales-independientes-con-actividades-escenicas\/#primaryimage"},"thumbnailUrl":"https:\/\/rednacionaldearte.com\/noticias\/wp-content\/uploads\/2015\/11\/osEMPqWS0JcFqiDrLM7HKAiYs-ezg7YNB9GnrDWpQHw-710x475.jpg","keywords":["arquitectura","artes visuales","Coinversiones","danza","estudios culturales","FONCA","interdisciplina","letras","medios audiovisuales","m\u00fasica","teatro"],"articleSection":["Artes Esc\u00e9nicas","Convocatorias"],"inLanguage":"es"},{"@type":"WebPage","@id":"http:\/\/rednacionaldearte.com\/noticias\/el-fonca-apoyara-a-espacios-culturales-independientes-con-actividades-escenicas\/","url":"http:\/\/rednacionaldearte.com\/noticias\/el-fonca-apoyara-a-espacios-culturales-independientes-con-actividades-escenicas\/","name":"El FONCA apoyar\u00e1 a Espacios Culturales Independientes con actividades esc\u00e9nicas - Red Nacional de Arte","isPartOf":{"@id":"http:\/\/rednacionaldearte.com\/noticias\/#website"},"primaryImageOfPage":{"@id":"http:\/\/rednacionaldearte.com\/noticias\/el-fonca-apoyara-a-espacios-culturales-independientes-con-actividades-escenicas\/#primaryimage"},"image":{"@id":"http:\/\/rednacionaldearte.com\/noticias\/el-fonca-apoyara-a-espacios-culturales-independientes-con-actividades-escenicas\/#primaryimage"},"thumbnailUrl":"https:\/\/rednacionaldearte.com\/noticias\/wp-content\/uploads\/2015\/11\/osEMPqWS0JcFqiDrLM7HKAiYs-ezg7YNB9GnrDWpQHw-710x475.jpg","datePublished":"2015-11-11T20:53:13+00:00","dateModified":"2017-03-10T05:29:02+00:00","breadcrumb":{"@id":"http:\/\/rednacionaldearte.com\/noticias\/el-fonca-apoyara-a-espacios-culturales-independientes-con-actividades-escenicas\/#breadcrumb"},"inLanguage":"es","potentialAction":[{"@type":"ReadAction","target":["http:\/\/rednacionaldearte.com\/noticias\/el-fonca-apoyara-a-espacios-culturales-independientes-con-actividades-escenicas\/"]}]},{"@type":"ImageObject","inLanguage":"es","@id":"http:\/\/rednacionaldearte.com\/noticias\/el-fonca-apoyara-a-espacios-culturales-independientes-con-actividades-escenicas\/#primaryimage","url":"https:\/\/rednacionaldearte.com\/noticias\/wp-content\/uploads\/2015\/11\/osEMPqWS0JcFqiDrLM7HKAiYs-ezg7YNB9GnrDWpQHw-710x475.jpg","contentUrl":"https:\/\/rednacionaldearte.com\/noticias\/wp-content\/uploads\/2015\/11\/osEMPqWS0JcFqiDrLM7HKAiYs-ezg7YNB9GnrDWpQHw-710x475.jpg","width":710,"height":475},{"@type":"BreadcrumbList","@id":"http:\/\/rednacionaldearte.com\/noticias\/el-fonca-apoyara-a-espacios-culturales-independientes-con-actividades-escenicas\/#breadcrumb","itemListElement":[{"@type":"ListItem","position":1,"name":"Home","item":"http:\/\/rednacionaldearte.com\/noticias\/"},{"@type":"ListItem","position":2,"name":"El FONCA apoyar\u00e1 a Espacios Culturales Independientes con actividades esc\u00e9nicas"}]},{"@type":"WebSite","@id":"http:\/\/rednacionaldearte.com\/noticias\/#website","url":"http:\/\/rednacionaldearte.com\/noticias\/","name":"Red Nacional de Arte","description":"Cultura y Arte contempor\u00e1neo en M\u00e9xico","publisher":{"@id":"http:\/\/rednacionaldearte.com\/noticias\/#organization"},"potentialAction":[{"@type":"SearchAction","target":{"@type":"EntryPoint","urlTemplate":"http:\/\/rednacionaldearte.com\/noticias\/?s={search_term_string}"},"query-input":{"@type":"PropertyValueSpecification","valueRequired":true,"valueName":"search_term_string"}}],"inLanguage":"es"},{"@type":"Organization","@id":"http:\/\/rednacionaldearte.com\/noticias\/#organization","name":"Red Nacional de Arte","url":"http:\/\/rednacionaldearte.com\/noticias\/","logo":{"@type":"ImageObject","inLanguage":"es","@id":"http:\/\/rednacionaldearte.com\/noticias\/#\/schema\/logo\/image\/","url":"http:\/\/rednacionaldearte.com\/noticias\/wp-content\/uploads\/2016\/04\/logo.png","contentUrl":"http:\/\/rednacionaldearte.com\/noticias\/wp-content\/uploads\/2016\/04\/logo.png","width":575,"height":554,"caption":"Red Nacional de Arte"},"image":{"@id":"http:\/\/rednacionaldearte.com\/noticias\/#\/schema\/logo\/image\/"},"sameAs":["http:\/\/www.facebook.com\/rednacionaldearte\/","https:\/\/x.com\/rednacionalarte"]},{"@type":"Person","@id":"http:\/\/rednacionaldearte.com\/noticias\/#\/schema\/person\/489d635082b1de413434d2708a3e5b9b","name":"Redacci\u00f3n","image":{"@type":"ImageObject","inLanguage":"es","@id":"https:\/\/secure.gravatar.com\/avatar\/1d1c30eaee7c2f6cfa13fb8502cb06839106cdf371b9953d50e4b572d0bfa3c7?s=96&d=mm&r=g","url":"https:\/\/secure.gravatar.com\/avatar\/1d1c30eaee7c2f6cfa13fb8502cb06839106cdf371b9953d50e4b572d0bfa3c7?s=96&d=mm&r=g","contentUrl":"https:\/\/secure.gravatar.com\/avatar\/1d1c30eaee7c2f6cfa13fb8502cb06839106cdf371b9953d50e4b572d0bfa3c7?s=96&d=mm&r=g","caption":"Redacci\u00f3n"},"url":"https:\/\/rednacionaldearte.com\/noticias\/author\/adan\/"}]}},"amp_validity":null,"amp_enabled":true,"_links":{"self":[{"href":"https:\/\/rednacionaldearte.com\/noticias\/wp-json\/wp\/v2\/posts\/25","targetHints":{"allow":["GET"]}}],"collection":[{"href":"https:\/\/rednacionaldearte.com\/noticias\/wp-json\/wp\/v2\/posts"}],"about":[{"href":"https:\/\/rednacionaldearte.com\/noticias\/wp-json\/wp\/v2\/types\/post"}],"author":[{"embeddable":true,"href":"https:\/\/rednacionaldearte.com\/noticias\/wp-json\/wp\/v2\/users\/1"}],"replies":[{"embeddable":true,"href":"https:\/\/rednacionaldearte.com\/noticias\/wp-json\/wp\/v2\/comments?post=25"}],"version-history":[{"count":1,"href":"https:\/\/rednacionaldearte.com\/noticias\/wp-json\/wp\/v2\/posts\/25\/revisions"}],"predecessor-version":[{"id":27,"href":"https:\/\/rednacionaldearte.com\/noticias\/wp-json\/wp\/v2\/posts\/25\/revisions\/27"}],"wp:featuredmedia":[{"embeddable":true,"href":"https:\/\/rednacionaldearte.com\/noticias\/wp-json\/wp\/v2\/media\/26"}],"wp:attachment":[{"href":"https:\/\/rednacionaldearte.com\/noticias\/wp-json\/wp\/v2\/media?parent=25"}],"wp:term":[{"taxonomy":"category","embeddable":true,"href":"https:\/\/rednacionaldearte.com\/noticias\/wp-json\/wp\/v2\/categories?post=25"},{"taxonomy":"post_tag","embeddable":true,"href":"https:\/\/rednacionaldearte.com\/noticias\/wp-json\/wp\/v2\/tags?post=25"}],"curies":[{"name":"wp","href":"https:\/\/api.w.org\/{rel}","templated":true}]}}