{"id":2544,"date":"2018-04-19T06:21:14","date_gmt":"2018-04-19T06:21:14","guid":{"rendered":"http:\/\/rednacionaldearte.com\/noticias\/?p=2544"},"modified":"2018-04-19T06:21:14","modified_gmt":"2018-04-19T06:21:14","slug":"videoarte-ceniza-pasos-museo-cancilleria","status":"publish","type":"post","link":"https:\/\/rednacionaldearte.com\/noticias\/videoarte-ceniza-pasos-museo-cancilleria\/","title":{"rendered":"El Videoarte de Ceniza de los Pasos se proyectar\u00e1 en el Museo de la Canciller\u00eda"},"content":{"rendered":"<h2>Disfruta de la noche de museos en la Ciudad de M\u00e9xico con Ceniza de los Pasos.<\/h2>\n<p><a href=\"http:\/\/rednacionaldearte.com\/noticias\/wp-content\/uploads\/2018\/04\/5.jpg\"><img loading=\"lazy\" decoding=\"async\" class=\"aligncenter size-full wp-image-2089\" src=\"http:\/\/rednacionaldearte.com\/noticias\/wp-content\/uploads\/2018\/04\/5.jpg\" alt=\"Videoarte Ceniza de los Pasos\" width=\"1200\" height=\"630\" srcset=\"https:\/\/rednacionaldearte.com\/noticias\/wp-content\/uploads\/2018\/04\/5.jpg 1200w, https:\/\/rednacionaldearte.com\/noticias\/wp-content\/uploads\/2018\/04\/5-300x158.jpg 300w, https:\/\/rednacionaldearte.com\/noticias\/wp-content\/uploads\/2018\/04\/5-768x403.jpg 768w, https:\/\/rednacionaldearte.com\/noticias\/wp-content\/uploads\/2018\/04\/5-1024x538.jpg 1024w\" sizes=\"auto, (max-width: 1200px) 100vw, 1200px\" \/><\/a><\/p>\n<p>Luego de exhibirse en el <a href=\"http:\/\/rednacionaldearte.com\/noticias\/videoarte-ceniza-pasos-morelia\/\">Centro Cultural Clavijero<\/a> (Morelia), el videoarte de <a href=\"http:\/\/rednacionaldearte.com\/ceniza\">Ceniza de los Pasos<\/a>\u00a0contar\u00e1 con una proyecci\u00f3n especial en el <strong>Museo de la Canciller\u00eda<\/strong>.<\/p>\n<p>Ceniza de los Pasos es una obra de danza con arn\u00e9s creada por <strong>Yuki Pastrana<\/strong> y <strong>Catalina Navarrete<\/strong>. El videoarte cuenta con cinefotograf\u00eda de <strong>Wences L\u00f3pez<\/strong> y <strong><a href=\"http:\/\/rednacionaldearte.com\/cine\/la-mariachi\/\">Ad\u00e1n Ruiz<\/a><\/strong>.<\/p>\n<p>La pieza invita al espectador a sumergirse en la experiencia de recorrer el volc\u00e1n Paricut\u00edn. Desde el lenguaje cinematogr\u00e1fico y la coreograf\u00eda hace \u00e9nfasis en las transformaciones que las erupciones provocaron en el paisaje.<\/p>\n<p>La proyecci\u00f3n se llevar\u00e1 a cabo el 25 de abril de 2018 en Rep\u00fablica del Salvador 47, Centro, en la Ciudad de M\u00e9xico. La entrada es libre.<\/p>\n<p><a href=\"http:\/\/rednacionaldearte.com\/noticias\/wp-content\/uploads\/2018\/04\/Ceniza-de-los-Pasos-Museo-de-la-Cancilleri\u0301a.jpg\"><img loading=\"lazy\" decoding=\"async\" class=\"aligncenter size-full wp-image-2547\" src=\"http:\/\/rednacionaldearte.com\/noticias\/wp-content\/uploads\/2018\/04\/Ceniza-de-los-Pasos-Museo-de-la-Cancilleri\u0301a.jpg\" alt=\"Ceniza de los Pasos, Museo de la Canciller\u00eda\" width=\"604\" height=\"800\" srcset=\"https:\/\/rednacionaldearte.com\/noticias\/wp-content\/uploads\/2018\/04\/Ceniza-de-los-Pasos-Museo-de-la-Cancilleri\u0301a.jpg 604w, https:\/\/rednacionaldearte.com\/noticias\/wp-content\/uploads\/2018\/04\/Ceniza-de-los-Pasos-Museo-de-la-Cancilleri\u0301a-227x300.jpg 227w\" sizes=\"auto, (max-width: 604px) 100vw, 604px\" \/><\/a><\/p>\n<p>Cabe mencionar que obra coreogr\u00e1fica se despedir\u00e1 con una <strong>\u00faltima temporada de funciones<\/strong> en el <strong>Teatro de la Ciudad Esperanza Iris<\/strong> que cumple 100 a\u00f1os en el mayo. Los boletos pueden adquirirse <a href=\"http:\/\/rednacionaldearte.com\/ceniza\/fechas.php\">aqu\u00ed<\/a>.<\/p>\n<p>Adem\u00e1s de videoarte y pieza esc\u00e9nica, la investigaci\u00f3n de Ceniza de los Pasos se ha llevado a <a href=\"http:\/\/rednacionaldearte.com\/tienda\/etiqueta-producto\/ceniza-de-los-pasos\/\"><strong>tres publicaciones impresas<\/strong><\/a>. Si quieres conocer m\u00e1s sobre la temporada, te recomendamos revisar <strong><a href=\"http:\/\/rednacionaldearte.com\/noticias\/10-razones-ceniza-pasos\/\">10 razones para no perderte la obra<\/a><\/strong>.<\/p>\n","protected":false},"excerpt":{"rendered":"<p>Disfruta de la noche de museos en la Ciudad de M\u00e9xico con Ceniza de los Pasos. Luego de exhibirse en el Centro Cultural Clavijero (Morelia), el videoarte de Ceniza de los Pasos\u00a0contar\u00e1 con una proyecci\u00f3n especial en el Museo de la Canciller\u00eda. Ceniza de los Pasos es una obra de danza con arn\u00e9s creada por [&hellip;]<\/p>\n","protected":false},"author":1,"featured_media":2089,"comment_status":"closed","ping_status":"open","sticky":false,"template":"","format":"standard","meta":{"footnotes":""},"categories":[103,59,58,18],"tags":[142],"class_list":["post-2544","post","type-post","status-publish","format-standard","has-post-thumbnail","hentry","category-artes-escenicas","category-artes-visuales","category-danza","category-eventos","tag-ceniza-de-los-pasos"],"yoast_head":"<!-- This site is optimized with the Yoast SEO plugin v27.2 - https:\/\/yoast.com\/product\/yoast-seo-wordpress\/ -->\n<title>El Videoarte de Ceniza de los Pasos se proyectar\u00e1 en el Museo de la Canciller\u00eda - Red Nacional de Arte<\/title>\n<meta name=\"robots\" content=\"index, follow, max-snippet:-1, max-image-preview:large, max-video-preview:-1\" \/>\n<link rel=\"canonical\" href=\"http:\/\/rednacionaldearte.com\/noticias\/videoarte-ceniza-pasos-museo-cancilleria\/\" \/>\n<meta property=\"og:locale\" content=\"es_ES\" \/>\n<meta property=\"og:type\" content=\"article\" \/>\n<meta property=\"og:title\" content=\"El Videoarte de Ceniza de los Pasos se proyectar\u00e1 en el Museo de la Canciller\u00eda - Red Nacional de Arte\" \/>\n<meta property=\"og:description\" content=\"Disfruta de la noche de museos en la Ciudad de M\u00e9xico con Ceniza de los Pasos. Luego de exhibirse en el Centro Cultural Clavijero (Morelia), el videoarte de Ceniza de los Pasos\u00a0contar\u00e1 con una proyecci\u00f3n especial en el Museo de la Canciller\u00eda. Ceniza de los Pasos es una obra de danza con arn\u00e9s creada por [&hellip;]\" \/>\n<meta property=\"og:url\" content=\"http:\/\/rednacionaldearte.com\/noticias\/videoarte-ceniza-pasos-museo-cancilleria\/\" \/>\n<meta property=\"og:site_name\" content=\"Red Nacional de Arte\" \/>\n<meta property=\"article:publisher\" content=\"http:\/\/www.facebook.com\/rednacionaldearte\/\" \/>\n<meta property=\"article:published_time\" content=\"2018-04-19T06:21:14+00:00\" \/>\n<meta property=\"og:image\" content=\"http:\/\/rednacionaldearte.com\/noticias\/wp-content\/uploads\/2018\/04\/5.jpg\" \/>\n\t<meta property=\"og:image:width\" content=\"1200\" \/>\n\t<meta property=\"og:image:height\" content=\"630\" \/>\n\t<meta property=\"og:image:type\" content=\"image\/jpeg\" \/>\n<meta name=\"author\" content=\"Redacci\u00f3n\" \/>\n<meta name=\"twitter:card\" content=\"summary_large_image\" \/>\n<meta name=\"twitter:creator\" content=\"@rednacionalarte\" \/>\n<meta name=\"twitter:site\" content=\"@rednacionalarte\" \/>\n<meta name=\"twitter:label1\" content=\"Escrito por\" \/>\n\t<meta name=\"twitter:data1\" content=\"Redacci\u00f3n\" \/>\n\t<meta name=\"twitter:label2\" content=\"Tiempo de lectura\" \/>\n\t<meta name=\"twitter:data2\" content=\"1 minuto\" \/>\n<script type=\"application\/ld+json\" class=\"yoast-schema-graph\">{\"@context\":\"https:\/\/schema.org\",\"@graph\":[{\"@type\":\"Article\",\"@id\":\"http:\/\/rednacionaldearte.com\/noticias\/videoarte-ceniza-pasos-museo-cancilleria\/#article\",\"isPartOf\":{\"@id\":\"http:\/\/rednacionaldearte.com\/noticias\/videoarte-ceniza-pasos-museo-cancilleria\/\"},\"author\":{\"name\":\"Redacci\u00f3n\",\"@id\":\"http:\/\/rednacionaldearte.com\/noticias\/#\/schema\/person\/489d635082b1de413434d2708a3e5b9b\"},\"headline\":\"El Videoarte de Ceniza de los Pasos se proyectar\u00e1 en el Museo de la Canciller\u00eda\",\"datePublished\":\"2018-04-19T06:21:14+00:00\",\"mainEntityOfPage\":{\"@id\":\"http:\/\/rednacionaldearte.com\/noticias\/videoarte-ceniza-pasos-museo-cancilleria\/\"},\"wordCount\":234,\"publisher\":{\"@id\":\"http:\/\/rednacionaldearte.com\/noticias\/#organization\"},\"image\":{\"@id\":\"http:\/\/rednacionaldearte.com\/noticias\/videoarte-ceniza-pasos-museo-cancilleria\/#primaryimage\"},\"thumbnailUrl\":\"https:\/\/rednacionaldearte.com\/noticias\/wp-content\/uploads\/2018\/04\/5.jpg\",\"keywords\":[\"Ceniza de los Pasos\"],\"articleSection\":[\"Artes Esc\u00e9nicas\",\"Artes Visuales\",\"Danza\",\"Eventos\"],\"inLanguage\":\"es\"},{\"@type\":\"WebPage\",\"@id\":\"http:\/\/rednacionaldearte.com\/noticias\/videoarte-ceniza-pasos-museo-cancilleria\/\",\"url\":\"http:\/\/rednacionaldearte.com\/noticias\/videoarte-ceniza-pasos-museo-cancilleria\/\",\"name\":\"El Videoarte de Ceniza de los Pasos se proyectar\u00e1 en el Museo de la Canciller\u00eda - Red Nacional de Arte\",\"isPartOf\":{\"@id\":\"http:\/\/rednacionaldearte.com\/noticias\/#website\"},\"primaryImageOfPage\":{\"@id\":\"http:\/\/rednacionaldearte.com\/noticias\/videoarte-ceniza-pasos-museo-cancilleria\/#primaryimage\"},\"image\":{\"@id\":\"http:\/\/rednacionaldearte.com\/noticias\/videoarte-ceniza-pasos-museo-cancilleria\/#primaryimage\"},\"thumbnailUrl\":\"https:\/\/rednacionaldearte.com\/noticias\/wp-content\/uploads\/2018\/04\/5.jpg\",\"datePublished\":\"2018-04-19T06:21:14+00:00\",\"breadcrumb\":{\"@id\":\"http:\/\/rednacionaldearte.com\/noticias\/videoarte-ceniza-pasos-museo-cancilleria\/#breadcrumb\"},\"inLanguage\":\"es\",\"potentialAction\":[{\"@type\":\"ReadAction\",\"target\":[\"http:\/\/rednacionaldearte.com\/noticias\/videoarte-ceniza-pasos-museo-cancilleria\/\"]}]},{\"@type\":\"ImageObject\",\"inLanguage\":\"es\",\"@id\":\"http:\/\/rednacionaldearte.com\/noticias\/videoarte-ceniza-pasos-museo-cancilleria\/#primaryimage\",\"url\":\"https:\/\/rednacionaldearte.com\/noticias\/wp-content\/uploads\/2018\/04\/5.jpg\",\"contentUrl\":\"https:\/\/rednacionaldearte.com\/noticias\/wp-content\/uploads\/2018\/04\/5.jpg\",\"width\":1200,\"height\":630,\"caption\":\"Videoarte Ceniza de los Pasos\"},{\"@type\":\"BreadcrumbList\",\"@id\":\"http:\/\/rednacionaldearte.com\/noticias\/videoarte-ceniza-pasos-museo-cancilleria\/#breadcrumb\",\"itemListElement\":[{\"@type\":\"ListItem\",\"position\":1,\"name\":\"Home\",\"item\":\"http:\/\/rednacionaldearte.com\/noticias\/\"},{\"@type\":\"ListItem\",\"position\":2,\"name\":\"El Videoarte de Ceniza de los Pasos se proyectar\u00e1 en el Museo de la Canciller\u00eda\"}]},{\"@type\":\"WebSite\",\"@id\":\"http:\/\/rednacionaldearte.com\/noticias\/#website\",\"url\":\"http:\/\/rednacionaldearte.com\/noticias\/\",\"name\":\"Red Nacional de Arte\",\"description\":\"Cultura y Arte contempor\u00e1neo en M\u00e9xico\",\"publisher\":{\"@id\":\"http:\/\/rednacionaldearte.com\/noticias\/#organization\"},\"potentialAction\":[{\"@type\":\"SearchAction\",\"target\":{\"@type\":\"EntryPoint\",\"urlTemplate\":\"http:\/\/rednacionaldearte.com\/noticias\/?s={search_term_string}\"},\"query-input\":{\"@type\":\"PropertyValueSpecification\",\"valueRequired\":true,\"valueName\":\"search_term_string\"}}],\"inLanguage\":\"es\"},{\"@type\":\"Organization\",\"@id\":\"http:\/\/rednacionaldearte.com\/noticias\/#organization\",\"name\":\"Red Nacional de Arte\",\"url\":\"http:\/\/rednacionaldearte.com\/noticias\/\",\"logo\":{\"@type\":\"ImageObject\",\"inLanguage\":\"es\",\"@id\":\"http:\/\/rednacionaldearte.com\/noticias\/#\/schema\/logo\/image\/\",\"url\":\"http:\/\/rednacionaldearte.com\/noticias\/wp-content\/uploads\/2016\/04\/logo.png\",\"contentUrl\":\"http:\/\/rednacionaldearte.com\/noticias\/wp-content\/uploads\/2016\/04\/logo.png\",\"width\":575,\"height\":554,\"caption\":\"Red Nacional de Arte\"},\"image\":{\"@id\":\"http:\/\/rednacionaldearte.com\/noticias\/#\/schema\/logo\/image\/\"},\"sameAs\":[\"http:\/\/www.facebook.com\/rednacionaldearte\/\",\"https:\/\/x.com\/rednacionalarte\"]},{\"@type\":\"Person\",\"@id\":\"http:\/\/rednacionaldearte.com\/noticias\/#\/schema\/person\/489d635082b1de413434d2708a3e5b9b\",\"name\":\"Redacci\u00f3n\",\"image\":{\"@type\":\"ImageObject\",\"inLanguage\":\"es\",\"@id\":\"https:\/\/secure.gravatar.com\/avatar\/1d1c30eaee7c2f6cfa13fb8502cb06839106cdf371b9953d50e4b572d0bfa3c7?s=96&d=mm&r=g\",\"url\":\"https:\/\/secure.gravatar.com\/avatar\/1d1c30eaee7c2f6cfa13fb8502cb06839106cdf371b9953d50e4b572d0bfa3c7?s=96&d=mm&r=g\",\"contentUrl\":\"https:\/\/secure.gravatar.com\/avatar\/1d1c30eaee7c2f6cfa13fb8502cb06839106cdf371b9953d50e4b572d0bfa3c7?s=96&d=mm&r=g\",\"caption\":\"Redacci\u00f3n\"},\"url\":\"https:\/\/rednacionaldearte.com\/noticias\/author\/adan\/\"}]}<\/script>\n<!-- \/ Yoast SEO plugin. -->","yoast_head_json":{"title":"El Videoarte de Ceniza de los Pasos se proyectar\u00e1 en el Museo de la Canciller\u00eda - Red Nacional de Arte","robots":{"index":"index","follow":"follow","max-snippet":"max-snippet:-1","max-image-preview":"max-image-preview:large","max-video-preview":"max-video-preview:-1"},"canonical":"http:\/\/rednacionaldearte.com\/noticias\/videoarte-ceniza-pasos-museo-cancilleria\/","og_locale":"es_ES","og_type":"article","og_title":"El Videoarte de Ceniza de los Pasos se proyectar\u00e1 en el Museo de la Canciller\u00eda - Red Nacional de Arte","og_description":"Disfruta de la noche de museos en la Ciudad de M\u00e9xico con Ceniza de los Pasos. Luego de exhibirse en el Centro Cultural Clavijero (Morelia), el videoarte de Ceniza de los Pasos\u00a0contar\u00e1 con una proyecci\u00f3n especial en el Museo de la Canciller\u00eda. Ceniza de los Pasos es una obra de danza con arn\u00e9s creada por [&hellip;]","og_url":"http:\/\/rednacionaldearte.com\/noticias\/videoarte-ceniza-pasos-museo-cancilleria\/","og_site_name":"Red Nacional de Arte","article_publisher":"http:\/\/www.facebook.com\/rednacionaldearte\/","article_published_time":"2018-04-19T06:21:14+00:00","og_image":[{"width":1200,"height":630,"url":"http:\/\/rednacionaldearte.com\/noticias\/wp-content\/uploads\/2018\/04\/5.jpg","type":"image\/jpeg"}],"author":"Redacci\u00f3n","twitter_card":"summary_large_image","twitter_creator":"@rednacionalarte","twitter_site":"@rednacionalarte","twitter_misc":{"Escrito por":"Redacci\u00f3n","Tiempo de lectura":"1 minuto"},"schema":{"@context":"https:\/\/schema.org","@graph":[{"@type":"Article","@id":"http:\/\/rednacionaldearte.com\/noticias\/videoarte-ceniza-pasos-museo-cancilleria\/#article","isPartOf":{"@id":"http:\/\/rednacionaldearte.com\/noticias\/videoarte-ceniza-pasos-museo-cancilleria\/"},"author":{"name":"Redacci\u00f3n","@id":"http:\/\/rednacionaldearte.com\/noticias\/#\/schema\/person\/489d635082b1de413434d2708a3e5b9b"},"headline":"El Videoarte de Ceniza de los Pasos se proyectar\u00e1 en el Museo de la Canciller\u00eda","datePublished":"2018-04-19T06:21:14+00:00","mainEntityOfPage":{"@id":"http:\/\/rednacionaldearte.com\/noticias\/videoarte-ceniza-pasos-museo-cancilleria\/"},"wordCount":234,"publisher":{"@id":"http:\/\/rednacionaldearte.com\/noticias\/#organization"},"image":{"@id":"http:\/\/rednacionaldearte.com\/noticias\/videoarte-ceniza-pasos-museo-cancilleria\/#primaryimage"},"thumbnailUrl":"https:\/\/rednacionaldearte.com\/noticias\/wp-content\/uploads\/2018\/04\/5.jpg","keywords":["Ceniza de los Pasos"],"articleSection":["Artes Esc\u00e9nicas","Artes Visuales","Danza","Eventos"],"inLanguage":"es"},{"@type":"WebPage","@id":"http:\/\/rednacionaldearte.com\/noticias\/videoarte-ceniza-pasos-museo-cancilleria\/","url":"http:\/\/rednacionaldearte.com\/noticias\/videoarte-ceniza-pasos-museo-cancilleria\/","name":"El Videoarte de Ceniza de los Pasos se proyectar\u00e1 en el Museo de la Canciller\u00eda - Red Nacional de Arte","isPartOf":{"@id":"http:\/\/rednacionaldearte.com\/noticias\/#website"},"primaryImageOfPage":{"@id":"http:\/\/rednacionaldearte.com\/noticias\/videoarte-ceniza-pasos-museo-cancilleria\/#primaryimage"},"image":{"@id":"http:\/\/rednacionaldearte.com\/noticias\/videoarte-ceniza-pasos-museo-cancilleria\/#primaryimage"},"thumbnailUrl":"https:\/\/rednacionaldearte.com\/noticias\/wp-content\/uploads\/2018\/04\/5.jpg","datePublished":"2018-04-19T06:21:14+00:00","breadcrumb":{"@id":"http:\/\/rednacionaldearte.com\/noticias\/videoarte-ceniza-pasos-museo-cancilleria\/#breadcrumb"},"inLanguage":"es","potentialAction":[{"@type":"ReadAction","target":["http:\/\/rednacionaldearte.com\/noticias\/videoarte-ceniza-pasos-museo-cancilleria\/"]}]},{"@type":"ImageObject","inLanguage":"es","@id":"http:\/\/rednacionaldearte.com\/noticias\/videoarte-ceniza-pasos-museo-cancilleria\/#primaryimage","url":"https:\/\/rednacionaldearte.com\/noticias\/wp-content\/uploads\/2018\/04\/5.jpg","contentUrl":"https:\/\/rednacionaldearte.com\/noticias\/wp-content\/uploads\/2018\/04\/5.jpg","width":1200,"height":630,"caption":"Videoarte Ceniza de los Pasos"},{"@type":"BreadcrumbList","@id":"http:\/\/rednacionaldearte.com\/noticias\/videoarte-ceniza-pasos-museo-cancilleria\/#breadcrumb","itemListElement":[{"@type":"ListItem","position":1,"name":"Home","item":"http:\/\/rednacionaldearte.com\/noticias\/"},{"@type":"ListItem","position":2,"name":"El Videoarte de Ceniza de los Pasos se proyectar\u00e1 en el Museo de la Canciller\u00eda"}]},{"@type":"WebSite","@id":"http:\/\/rednacionaldearte.com\/noticias\/#website","url":"http:\/\/rednacionaldearte.com\/noticias\/","name":"Red Nacional de Arte","description":"Cultura y Arte contempor\u00e1neo en M\u00e9xico","publisher":{"@id":"http:\/\/rednacionaldearte.com\/noticias\/#organization"},"potentialAction":[{"@type":"SearchAction","target":{"@type":"EntryPoint","urlTemplate":"http:\/\/rednacionaldearte.com\/noticias\/?s={search_term_string}"},"query-input":{"@type":"PropertyValueSpecification","valueRequired":true,"valueName":"search_term_string"}}],"inLanguage":"es"},{"@type":"Organization","@id":"http:\/\/rednacionaldearte.com\/noticias\/#organization","name":"Red Nacional de Arte","url":"http:\/\/rednacionaldearte.com\/noticias\/","logo":{"@type":"ImageObject","inLanguage":"es","@id":"http:\/\/rednacionaldearte.com\/noticias\/#\/schema\/logo\/image\/","url":"http:\/\/rednacionaldearte.com\/noticias\/wp-content\/uploads\/2016\/04\/logo.png","contentUrl":"http:\/\/rednacionaldearte.com\/noticias\/wp-content\/uploads\/2016\/04\/logo.png","width":575,"height":554,"caption":"Red Nacional de Arte"},"image":{"@id":"http:\/\/rednacionaldearte.com\/noticias\/#\/schema\/logo\/image\/"},"sameAs":["http:\/\/www.facebook.com\/rednacionaldearte\/","https:\/\/x.com\/rednacionalarte"]},{"@type":"Person","@id":"http:\/\/rednacionaldearte.com\/noticias\/#\/schema\/person\/489d635082b1de413434d2708a3e5b9b","name":"Redacci\u00f3n","image":{"@type":"ImageObject","inLanguage":"es","@id":"https:\/\/secure.gravatar.com\/avatar\/1d1c30eaee7c2f6cfa13fb8502cb06839106cdf371b9953d50e4b572d0bfa3c7?s=96&d=mm&r=g","url":"https:\/\/secure.gravatar.com\/avatar\/1d1c30eaee7c2f6cfa13fb8502cb06839106cdf371b9953d50e4b572d0bfa3c7?s=96&d=mm&r=g","contentUrl":"https:\/\/secure.gravatar.com\/avatar\/1d1c30eaee7c2f6cfa13fb8502cb06839106cdf371b9953d50e4b572d0bfa3c7?s=96&d=mm&r=g","caption":"Redacci\u00f3n"},"url":"https:\/\/rednacionaldearte.com\/noticias\/author\/adan\/"}]}},"amp_validity":null,"amp_enabled":true,"_links":{"self":[{"href":"https:\/\/rednacionaldearte.com\/noticias\/wp-json\/wp\/v2\/posts\/2544","targetHints":{"allow":["GET"]}}],"collection":[{"href":"https:\/\/rednacionaldearte.com\/noticias\/wp-json\/wp\/v2\/posts"}],"about":[{"href":"https:\/\/rednacionaldearte.com\/noticias\/wp-json\/wp\/v2\/types\/post"}],"author":[{"embeddable":true,"href":"https:\/\/rednacionaldearte.com\/noticias\/wp-json\/wp\/v2\/users\/1"}],"replies":[{"embeddable":true,"href":"https:\/\/rednacionaldearte.com\/noticias\/wp-json\/wp\/v2\/comments?post=2544"}],"version-history":[{"count":1,"href":"https:\/\/rednacionaldearte.com\/noticias\/wp-json\/wp\/v2\/posts\/2544\/revisions"}],"predecessor-version":[{"id":2548,"href":"https:\/\/rednacionaldearte.com\/noticias\/wp-json\/wp\/v2\/posts\/2544\/revisions\/2548"}],"wp:featuredmedia":[{"embeddable":true,"href":"https:\/\/rednacionaldearte.com\/noticias\/wp-json\/wp\/v2\/media\/2089"}],"wp:attachment":[{"href":"https:\/\/rednacionaldearte.com\/noticias\/wp-json\/wp\/v2\/media?parent=2544"}],"wp:term":[{"taxonomy":"category","embeddable":true,"href":"https:\/\/rednacionaldearte.com\/noticias\/wp-json\/wp\/v2\/categories?post=2544"},{"taxonomy":"post_tag","embeddable":true,"href":"https:\/\/rednacionaldearte.com\/noticias\/wp-json\/wp\/v2\/tags?post=2544"}],"curies":[{"name":"wp","href":"https:\/\/api.w.org\/{rel}","templated":true}]}}