{"id":2609,"date":"2018-04-21T06:02:57","date_gmt":"2018-04-21T06:02:57","guid":{"rendered":"http:\/\/rednacionaldearte.com\/noticias\/?p=2609"},"modified":"2018-10-13T01:29:36","modified_gmt":"2018-10-13T01:29:36","slug":"la-mariachi-adan-ruiz-concordia-film-festival","status":"publish","type":"post","link":"https:\/\/rednacionaldearte.com\/noticias\/la-mariachi-adan-ruiz-concordia-film-festival\/","title":{"rendered":"\u00abLa Mariachi\u00bb de Ad\u00e1n Ruiz se proyectar\u00e1 en el 45\u00ba Concordia Film Festival"},"content":{"rendered":"<h2>El cortometraje documental formar\u00e1 parte de la secci\u00f3n \u00abVISIONS\u00bb.<\/h2>\n<p><a href=\"http:\/\/rednacionaldearte.com\/noticias\/wp-content\/uploads\/2018\/04\/La_Mariachi_Still_1.jpg\"><img loading=\"lazy\" decoding=\"async\" class=\"aligncenter size-full wp-image-2610\" src=\"http:\/\/rednacionaldearte.com\/noticias\/wp-content\/uploads\/2018\/04\/La_Mariachi_Still_1.jpg\" alt=\"La Mariachi, documental de Ad\u00e1n Ruiz\" width=\"1280\" height=\"539\" srcset=\"https:\/\/rednacionaldearte.com\/noticias\/wp-content\/uploads\/2018\/04\/La_Mariachi_Still_1.jpg 1280w, https:\/\/rednacionaldearte.com\/noticias\/wp-content\/uploads\/2018\/04\/La_Mariachi_Still_1-300x126.jpg 300w, https:\/\/rednacionaldearte.com\/noticias\/wp-content\/uploads\/2018\/04\/La_Mariachi_Still_1-768x323.jpg 768w, https:\/\/rednacionaldearte.com\/noticias\/wp-content\/uploads\/2018\/04\/La_Mariachi_Still_1-1024x431.jpg 1024w\" sizes=\"auto, (max-width: 1280px) 100vw, 1280px\" \/><\/a><\/p>\n<p>El <strong>documental<\/strong> \u00ab<a href=\"http:\/\/rednacionaldearte.com\/cine\/la-mariachi\/\"><strong>La Mariachi<\/strong><\/a>\u00bb (<strong>The Mariachi Woman<\/strong>) dirigido por <strong>Ad\u00e1n Ruiz<\/strong> y producido por el Centro Universitario de Estudios Cinematogr\u00e1ficos (CUEC-UNAM) con el apoyo de Red Nacional de Arte como productor asociado, ha sido seleccionado para proyectarse en el <strong>45\u00ba Concordia Film Festival<\/strong> en <strong>Montreal, Canad\u00e1<\/strong>.<\/p>\n<p>Parte del programa <strong>VISIONS<\/strong>, se proyectar\u00e1 el 5 de Mayo a las 17 horas en\u00a0<em>Cinema de S\u00e8ve<strong>, <\/strong><\/em>ubicado en 1400 Blvd de Maisonneuve Ouest.<\/p>\n<p style=\"padding-left: 30px;\">Nancy es una mujer mariachi que fue encarcelada injustamente al ser confundida con un traficante de personas mientras intentaba cruzar la frontera con Estados Unidos. Ahora vive en M\u00e9xico junto a su esposa Teo, con la que tiene un hijo. Diariamente acude a Garibaldi, el sitio m\u00e1s importante para el mariachi en el mundo, donde es una de las pocas mujeres mariachi y canta para sostener a su familia.<\/p>\n<p>El proyecto, protagonizado por Nancy Velasco y Teo Saldivar, fue filmado en la capital del pa\u00eds y en el Estado de M\u00e9xico. El trabajo de fotograf\u00eda estuvo a cargo de<strong>\u00a0<\/strong>Jaime Garrido, con sonido de\u00a0Sebasti\u00e1n R. R. y Francisco Herrera como asistente de direcci\u00f3n.<\/p>\n<figure id=\"attachment_2611\" class=\"thumbnail wp-caption aligncenter\" style=\"width: 1290px\"><a href=\"http:\/\/rednacionaldearte.com\/noticias\/wp-content\/uploads\/2018\/04\/La_Mariachi_Still_3.jpg\"><img loading=\"lazy\" decoding=\"async\" class=\"wp-image-2611 size-full\" src=\"http:\/\/rednacionaldearte.com\/noticias\/wp-content\/uploads\/2018\/04\/La_Mariachi_Still_3.jpg\" alt=\"La Mariachi, de Ad\u00e1n Ruiz\" width=\"1280\" height=\"539\" srcset=\"https:\/\/rednacionaldearte.com\/noticias\/wp-content\/uploads\/2018\/04\/La_Mariachi_Still_3.jpg 1280w, https:\/\/rednacionaldearte.com\/noticias\/wp-content\/uploads\/2018\/04\/La_Mariachi_Still_3-300x126.jpg 300w, https:\/\/rednacionaldearte.com\/noticias\/wp-content\/uploads\/2018\/04\/La_Mariachi_Still_3-768x323.jpg 768w, https:\/\/rednacionaldearte.com\/noticias\/wp-content\/uploads\/2018\/04\/La_Mariachi_Still_3-1024x431.jpg 1024w\" sizes=\"auto, (max-width: 1280px) 100vw, 1280px\" \/><\/a><figcaption class=\"caption wp-caption-text\">Uno de los fotogramas del documental.<\/figcaption><\/figure>\n<p>\u00abLa Mariachi\u00bb es el primer proyecto cinematogr\u00e1fico apoyado por Red Nacional de Arte.<\/p>\n","protected":false},"excerpt":{"rendered":"<p>El cortometraje documental formar\u00e1 parte de la secci\u00f3n \u00abVISIONS\u00bb. El documental \u00abLa Mariachi\u00bb (The Mariachi Woman) dirigido por Ad\u00e1n Ruiz y producido por el Centro Universitario de Estudios Cinematogr\u00e1ficos (CUEC-UNAM) con el apoyo de Red Nacional de Arte como productor asociado, ha sido seleccionado para proyectarse en el 45\u00ba Concordia Film Festival en Montreal, Canad\u00e1. [&hellip;]<\/p>\n","protected":false},"author":1,"featured_media":2610,"comment_status":"closed","ping_status":"open","sticky":false,"template":"","format":"standard","meta":{"footnotes":""},"categories":[60,154,93,41],"tags":[143,151,149,150],"class_list":["post-2609","post","type-post","status-publish","format-standard","has-post-thumbnail","hentry","category-cine","category-destacado","category-festivales","category-rna","tag-adan-ruiz","tag-cine-documental","tag-la-mariachi","tag-the-mariachi-woman"],"yoast_head":"<!-- This site is optimized with the Yoast SEO plugin v27.2 - https:\/\/yoast.com\/product\/yoast-seo-wordpress\/ -->\n<title>&quot;La Mariachi&quot; de Ad\u00e1n Ruiz se proyectar\u00e1 en el 45\u00ba Concordia Film Festival<\/title>\n<meta name=\"robots\" content=\"index, follow, max-snippet:-1, max-image-preview:large, max-video-preview:-1\" \/>\n<link rel=\"canonical\" href=\"https:\/\/rednacionaldearte.com\/noticias\/la-mariachi-adan-ruiz-concordia-film-festival\/\" \/>\n<meta property=\"og:locale\" content=\"es_ES\" \/>\n<meta property=\"og:type\" content=\"article\" \/>\n<meta property=\"og:title\" content=\"&quot;La Mariachi&quot; de Ad\u00e1n Ruiz se proyectar\u00e1 en el 45\u00ba Concordia Film Festival\" \/>\n<meta property=\"og:description\" content=\"El cortometraje documental formar\u00e1 parte de la secci\u00f3n \u00abVISIONS\u00bb. El documental \u00abLa Mariachi\u00bb (The Mariachi Woman) dirigido por Ad\u00e1n Ruiz y producido por el Centro Universitario de Estudios Cinematogr\u00e1ficos (CUEC-UNAM) con el apoyo de Red Nacional de Arte como productor asociado, ha sido seleccionado para proyectarse en el 45\u00ba Concordia Film Festival en Montreal, Canad\u00e1. [&hellip;]\" \/>\n<meta property=\"og:url\" content=\"https:\/\/rednacionaldearte.com\/noticias\/la-mariachi-adan-ruiz-concordia-film-festival\/\" \/>\n<meta property=\"og:site_name\" content=\"Red Nacional de Arte\" \/>\n<meta property=\"article:publisher\" content=\"http:\/\/www.facebook.com\/rednacionaldearte\/\" \/>\n<meta property=\"article:published_time\" content=\"2018-04-21T06:02:57+00:00\" \/>\n<meta property=\"article:modified_time\" content=\"2018-10-13T01:29:36+00:00\" \/>\n<meta property=\"og:image\" content=\"http:\/\/rednacionaldearte.com\/noticias\/wp-content\/uploads\/2018\/04\/La_Mariachi_Still_1.jpg\" \/>\n\t<meta property=\"og:image:width\" content=\"1280\" \/>\n\t<meta property=\"og:image:height\" content=\"539\" \/>\n\t<meta property=\"og:image:type\" content=\"image\/jpeg\" \/>\n<meta name=\"author\" content=\"Redacci\u00f3n\" \/>\n<meta name=\"twitter:card\" content=\"summary_large_image\" \/>\n<meta name=\"twitter:creator\" content=\"@rednacionalarte\" \/>\n<meta name=\"twitter:site\" content=\"@rednacionalarte\" \/>\n<meta name=\"twitter:label1\" content=\"Escrito por\" \/>\n\t<meta name=\"twitter:data1\" content=\"Redacci\u00f3n\" \/>\n\t<meta name=\"twitter:label2\" content=\"Tiempo de lectura\" \/>\n\t<meta name=\"twitter:data2\" content=\"1 minuto\" \/>\n<script type=\"application\/ld+json\" class=\"yoast-schema-graph\">{\"@context\":\"https:\/\/schema.org\",\"@graph\":[{\"@type\":\"Article\",\"@id\":\"https:\/\/rednacionaldearte.com\/noticias\/la-mariachi-adan-ruiz-concordia-film-festival\/#article\",\"isPartOf\":{\"@id\":\"https:\/\/rednacionaldearte.com\/noticias\/la-mariachi-adan-ruiz-concordia-film-festival\/\"},\"author\":{\"name\":\"Redacci\u00f3n\",\"@id\":\"http:\/\/rednacionaldearte.com\/noticias\/#\/schema\/person\/489d635082b1de413434d2708a3e5b9b\"},\"headline\":\"\u00abLa Mariachi\u00bb de Ad\u00e1n Ruiz se proyectar\u00e1 en el 45\u00ba Concordia Film Festival\",\"datePublished\":\"2018-04-21T06:02:57+00:00\",\"dateModified\":\"2018-10-13T01:29:36+00:00\",\"mainEntityOfPage\":{\"@id\":\"https:\/\/rednacionaldearte.com\/noticias\/la-mariachi-adan-ruiz-concordia-film-festival\/\"},\"wordCount\":241,\"publisher\":{\"@id\":\"http:\/\/rednacionaldearte.com\/noticias\/#organization\"},\"image\":{\"@id\":\"https:\/\/rednacionaldearte.com\/noticias\/la-mariachi-adan-ruiz-concordia-film-festival\/#primaryimage\"},\"thumbnailUrl\":\"https:\/\/rednacionaldearte.com\/noticias\/wp-content\/uploads\/2018\/04\/La_Mariachi_Still_1.jpg\",\"keywords\":[\"Ad\u00e1n Ruiz\",\"Cine Documental\",\"La Mariachi\",\"The Mariachi Woman\"],\"articleSection\":[\"Cine\",\"Destacado\",\"Festivales\",\"RNA\"],\"inLanguage\":\"es\"},{\"@type\":\"WebPage\",\"@id\":\"https:\/\/rednacionaldearte.com\/noticias\/la-mariachi-adan-ruiz-concordia-film-festival\/\",\"url\":\"https:\/\/rednacionaldearte.com\/noticias\/la-mariachi-adan-ruiz-concordia-film-festival\/\",\"name\":\"\\\"La Mariachi\\\" de Ad\u00e1n Ruiz se proyectar\u00e1 en el 45\u00ba Concordia Film Festival\",\"isPartOf\":{\"@id\":\"http:\/\/rednacionaldearte.com\/noticias\/#website\"},\"primaryImageOfPage\":{\"@id\":\"https:\/\/rednacionaldearte.com\/noticias\/la-mariachi-adan-ruiz-concordia-film-festival\/#primaryimage\"},\"image\":{\"@id\":\"https:\/\/rednacionaldearte.com\/noticias\/la-mariachi-adan-ruiz-concordia-film-festival\/#primaryimage\"},\"thumbnailUrl\":\"https:\/\/rednacionaldearte.com\/noticias\/wp-content\/uploads\/2018\/04\/La_Mariachi_Still_1.jpg\",\"datePublished\":\"2018-04-21T06:02:57+00:00\",\"dateModified\":\"2018-10-13T01:29:36+00:00\",\"breadcrumb\":{\"@id\":\"https:\/\/rednacionaldearte.com\/noticias\/la-mariachi-adan-ruiz-concordia-film-festival\/#breadcrumb\"},\"inLanguage\":\"es\",\"potentialAction\":[{\"@type\":\"ReadAction\",\"target\":[\"https:\/\/rednacionaldearte.com\/noticias\/la-mariachi-adan-ruiz-concordia-film-festival\/\"]}]},{\"@type\":\"ImageObject\",\"inLanguage\":\"es\",\"@id\":\"https:\/\/rednacionaldearte.com\/noticias\/la-mariachi-adan-ruiz-concordia-film-festival\/#primaryimage\",\"url\":\"https:\/\/rednacionaldearte.com\/noticias\/wp-content\/uploads\/2018\/04\/La_Mariachi_Still_1.jpg\",\"contentUrl\":\"https:\/\/rednacionaldearte.com\/noticias\/wp-content\/uploads\/2018\/04\/La_Mariachi_Still_1.jpg\",\"width\":1280,\"height\":539,\"caption\":\"La Mariachi, documental de Ad\u00e1n Ruiz\"},{\"@type\":\"BreadcrumbList\",\"@id\":\"https:\/\/rednacionaldearte.com\/noticias\/la-mariachi-adan-ruiz-concordia-film-festival\/#breadcrumb\",\"itemListElement\":[{\"@type\":\"ListItem\",\"position\":1,\"name\":\"Home\",\"item\":\"http:\/\/rednacionaldearte.com\/noticias\/\"},{\"@type\":\"ListItem\",\"position\":2,\"name\":\"\u00abLa Mariachi\u00bb de Ad\u00e1n Ruiz se proyectar\u00e1 en el 45\u00ba Concordia Film Festival\"}]},{\"@type\":\"WebSite\",\"@id\":\"http:\/\/rednacionaldearte.com\/noticias\/#website\",\"url\":\"http:\/\/rednacionaldearte.com\/noticias\/\",\"name\":\"Red Nacional de Arte\",\"description\":\"Cultura y Arte contempor\u00e1neo en M\u00e9xico\",\"publisher\":{\"@id\":\"http:\/\/rednacionaldearte.com\/noticias\/#organization\"},\"potentialAction\":[{\"@type\":\"SearchAction\",\"target\":{\"@type\":\"EntryPoint\",\"urlTemplate\":\"http:\/\/rednacionaldearte.com\/noticias\/?s={search_term_string}\"},\"query-input\":{\"@type\":\"PropertyValueSpecification\",\"valueRequired\":true,\"valueName\":\"search_term_string\"}}],\"inLanguage\":\"es\"},{\"@type\":\"Organization\",\"@id\":\"http:\/\/rednacionaldearte.com\/noticias\/#organization\",\"name\":\"Red Nacional de Arte\",\"url\":\"http:\/\/rednacionaldearte.com\/noticias\/\",\"logo\":{\"@type\":\"ImageObject\",\"inLanguage\":\"es\",\"@id\":\"http:\/\/rednacionaldearte.com\/noticias\/#\/schema\/logo\/image\/\",\"url\":\"http:\/\/rednacionaldearte.com\/noticias\/wp-content\/uploads\/2016\/04\/logo.png\",\"contentUrl\":\"http:\/\/rednacionaldearte.com\/noticias\/wp-content\/uploads\/2016\/04\/logo.png\",\"width\":575,\"height\":554,\"caption\":\"Red Nacional de Arte\"},\"image\":{\"@id\":\"http:\/\/rednacionaldearte.com\/noticias\/#\/schema\/logo\/image\/\"},\"sameAs\":[\"http:\/\/www.facebook.com\/rednacionaldearte\/\",\"https:\/\/x.com\/rednacionalarte\"]},{\"@type\":\"Person\",\"@id\":\"http:\/\/rednacionaldearte.com\/noticias\/#\/schema\/person\/489d635082b1de413434d2708a3e5b9b\",\"name\":\"Redacci\u00f3n\",\"image\":{\"@type\":\"ImageObject\",\"inLanguage\":\"es\",\"@id\":\"https:\/\/secure.gravatar.com\/avatar\/1d1c30eaee7c2f6cfa13fb8502cb06839106cdf371b9953d50e4b572d0bfa3c7?s=96&d=mm&r=g\",\"url\":\"https:\/\/secure.gravatar.com\/avatar\/1d1c30eaee7c2f6cfa13fb8502cb06839106cdf371b9953d50e4b572d0bfa3c7?s=96&d=mm&r=g\",\"contentUrl\":\"https:\/\/secure.gravatar.com\/avatar\/1d1c30eaee7c2f6cfa13fb8502cb06839106cdf371b9953d50e4b572d0bfa3c7?s=96&d=mm&r=g\",\"caption\":\"Redacci\u00f3n\"},\"url\":\"https:\/\/rednacionaldearte.com\/noticias\/author\/adan\/\"}]}<\/script>\n<!-- \/ Yoast SEO plugin. -->","yoast_head_json":{"title":"\"La Mariachi\" de Ad\u00e1n Ruiz se proyectar\u00e1 en el 45\u00ba Concordia Film Festival","robots":{"index":"index","follow":"follow","max-snippet":"max-snippet:-1","max-image-preview":"max-image-preview:large","max-video-preview":"max-video-preview:-1"},"canonical":"https:\/\/rednacionaldearte.com\/noticias\/la-mariachi-adan-ruiz-concordia-film-festival\/","og_locale":"es_ES","og_type":"article","og_title":"\"La Mariachi\" de Ad\u00e1n Ruiz se proyectar\u00e1 en el 45\u00ba Concordia Film Festival","og_description":"El cortometraje documental formar\u00e1 parte de la secci\u00f3n \u00abVISIONS\u00bb. El documental \u00abLa Mariachi\u00bb (The Mariachi Woman) dirigido por Ad\u00e1n Ruiz y producido por el Centro Universitario de Estudios Cinematogr\u00e1ficos (CUEC-UNAM) con el apoyo de Red Nacional de Arte como productor asociado, ha sido seleccionado para proyectarse en el 45\u00ba Concordia Film Festival en Montreal, Canad\u00e1. [&hellip;]","og_url":"https:\/\/rednacionaldearte.com\/noticias\/la-mariachi-adan-ruiz-concordia-film-festival\/","og_site_name":"Red Nacional de Arte","article_publisher":"http:\/\/www.facebook.com\/rednacionaldearte\/","article_published_time":"2018-04-21T06:02:57+00:00","article_modified_time":"2018-10-13T01:29:36+00:00","og_image":[{"width":1280,"height":539,"url":"http:\/\/rednacionaldearte.com\/noticias\/wp-content\/uploads\/2018\/04\/La_Mariachi_Still_1.jpg","type":"image\/jpeg"}],"author":"Redacci\u00f3n","twitter_card":"summary_large_image","twitter_creator":"@rednacionalarte","twitter_site":"@rednacionalarte","twitter_misc":{"Escrito por":"Redacci\u00f3n","Tiempo de lectura":"1 minuto"},"schema":{"@context":"https:\/\/schema.org","@graph":[{"@type":"Article","@id":"https:\/\/rednacionaldearte.com\/noticias\/la-mariachi-adan-ruiz-concordia-film-festival\/#article","isPartOf":{"@id":"https:\/\/rednacionaldearte.com\/noticias\/la-mariachi-adan-ruiz-concordia-film-festival\/"},"author":{"name":"Redacci\u00f3n","@id":"http:\/\/rednacionaldearte.com\/noticias\/#\/schema\/person\/489d635082b1de413434d2708a3e5b9b"},"headline":"\u00abLa Mariachi\u00bb de Ad\u00e1n Ruiz se proyectar\u00e1 en el 45\u00ba Concordia Film Festival","datePublished":"2018-04-21T06:02:57+00:00","dateModified":"2018-10-13T01:29:36+00:00","mainEntityOfPage":{"@id":"https:\/\/rednacionaldearte.com\/noticias\/la-mariachi-adan-ruiz-concordia-film-festival\/"},"wordCount":241,"publisher":{"@id":"http:\/\/rednacionaldearte.com\/noticias\/#organization"},"image":{"@id":"https:\/\/rednacionaldearte.com\/noticias\/la-mariachi-adan-ruiz-concordia-film-festival\/#primaryimage"},"thumbnailUrl":"https:\/\/rednacionaldearte.com\/noticias\/wp-content\/uploads\/2018\/04\/La_Mariachi_Still_1.jpg","keywords":["Ad\u00e1n Ruiz","Cine Documental","La Mariachi","The Mariachi Woman"],"articleSection":["Cine","Destacado","Festivales","RNA"],"inLanguage":"es"},{"@type":"WebPage","@id":"https:\/\/rednacionaldearte.com\/noticias\/la-mariachi-adan-ruiz-concordia-film-festival\/","url":"https:\/\/rednacionaldearte.com\/noticias\/la-mariachi-adan-ruiz-concordia-film-festival\/","name":"\"La Mariachi\" de Ad\u00e1n Ruiz se proyectar\u00e1 en el 45\u00ba Concordia Film Festival","isPartOf":{"@id":"http:\/\/rednacionaldearte.com\/noticias\/#website"},"primaryImageOfPage":{"@id":"https:\/\/rednacionaldearte.com\/noticias\/la-mariachi-adan-ruiz-concordia-film-festival\/#primaryimage"},"image":{"@id":"https:\/\/rednacionaldearte.com\/noticias\/la-mariachi-adan-ruiz-concordia-film-festival\/#primaryimage"},"thumbnailUrl":"https:\/\/rednacionaldearte.com\/noticias\/wp-content\/uploads\/2018\/04\/La_Mariachi_Still_1.jpg","datePublished":"2018-04-21T06:02:57+00:00","dateModified":"2018-10-13T01:29:36+00:00","breadcrumb":{"@id":"https:\/\/rednacionaldearte.com\/noticias\/la-mariachi-adan-ruiz-concordia-film-festival\/#breadcrumb"},"inLanguage":"es","potentialAction":[{"@type":"ReadAction","target":["https:\/\/rednacionaldearte.com\/noticias\/la-mariachi-adan-ruiz-concordia-film-festival\/"]}]},{"@type":"ImageObject","inLanguage":"es","@id":"https:\/\/rednacionaldearte.com\/noticias\/la-mariachi-adan-ruiz-concordia-film-festival\/#primaryimage","url":"https:\/\/rednacionaldearte.com\/noticias\/wp-content\/uploads\/2018\/04\/La_Mariachi_Still_1.jpg","contentUrl":"https:\/\/rednacionaldearte.com\/noticias\/wp-content\/uploads\/2018\/04\/La_Mariachi_Still_1.jpg","width":1280,"height":539,"caption":"La Mariachi, documental de Ad\u00e1n Ruiz"},{"@type":"BreadcrumbList","@id":"https:\/\/rednacionaldearte.com\/noticias\/la-mariachi-adan-ruiz-concordia-film-festival\/#breadcrumb","itemListElement":[{"@type":"ListItem","position":1,"name":"Home","item":"http:\/\/rednacionaldearte.com\/noticias\/"},{"@type":"ListItem","position":2,"name":"\u00abLa Mariachi\u00bb de Ad\u00e1n Ruiz se proyectar\u00e1 en el 45\u00ba Concordia Film Festival"}]},{"@type":"WebSite","@id":"http:\/\/rednacionaldearte.com\/noticias\/#website","url":"http:\/\/rednacionaldearte.com\/noticias\/","name":"Red Nacional de Arte","description":"Cultura y Arte contempor\u00e1neo en M\u00e9xico","publisher":{"@id":"http:\/\/rednacionaldearte.com\/noticias\/#organization"},"potentialAction":[{"@type":"SearchAction","target":{"@type":"EntryPoint","urlTemplate":"http:\/\/rednacionaldearte.com\/noticias\/?s={search_term_string}"},"query-input":{"@type":"PropertyValueSpecification","valueRequired":true,"valueName":"search_term_string"}}],"inLanguage":"es"},{"@type":"Organization","@id":"http:\/\/rednacionaldearte.com\/noticias\/#organization","name":"Red Nacional de Arte","url":"http:\/\/rednacionaldearte.com\/noticias\/","logo":{"@type":"ImageObject","inLanguage":"es","@id":"http:\/\/rednacionaldearte.com\/noticias\/#\/schema\/logo\/image\/","url":"http:\/\/rednacionaldearte.com\/noticias\/wp-content\/uploads\/2016\/04\/logo.png","contentUrl":"http:\/\/rednacionaldearte.com\/noticias\/wp-content\/uploads\/2016\/04\/logo.png","width":575,"height":554,"caption":"Red Nacional de Arte"},"image":{"@id":"http:\/\/rednacionaldearte.com\/noticias\/#\/schema\/logo\/image\/"},"sameAs":["http:\/\/www.facebook.com\/rednacionaldearte\/","https:\/\/x.com\/rednacionalarte"]},{"@type":"Person","@id":"http:\/\/rednacionaldearte.com\/noticias\/#\/schema\/person\/489d635082b1de413434d2708a3e5b9b","name":"Redacci\u00f3n","image":{"@type":"ImageObject","inLanguage":"es","@id":"https:\/\/secure.gravatar.com\/avatar\/1d1c30eaee7c2f6cfa13fb8502cb06839106cdf371b9953d50e4b572d0bfa3c7?s=96&d=mm&r=g","url":"https:\/\/secure.gravatar.com\/avatar\/1d1c30eaee7c2f6cfa13fb8502cb06839106cdf371b9953d50e4b572d0bfa3c7?s=96&d=mm&r=g","contentUrl":"https:\/\/secure.gravatar.com\/avatar\/1d1c30eaee7c2f6cfa13fb8502cb06839106cdf371b9953d50e4b572d0bfa3c7?s=96&d=mm&r=g","caption":"Redacci\u00f3n"},"url":"https:\/\/rednacionaldearte.com\/noticias\/author\/adan\/"}]}},"amp_validity":null,"amp_enabled":true,"_links":{"self":[{"href":"https:\/\/rednacionaldearte.com\/noticias\/wp-json\/wp\/v2\/posts\/2609","targetHints":{"allow":["GET"]}}],"collection":[{"href":"https:\/\/rednacionaldearte.com\/noticias\/wp-json\/wp\/v2\/posts"}],"about":[{"href":"https:\/\/rednacionaldearte.com\/noticias\/wp-json\/wp\/v2\/types\/post"}],"author":[{"embeddable":true,"href":"https:\/\/rednacionaldearte.com\/noticias\/wp-json\/wp\/v2\/users\/1"}],"replies":[{"embeddable":true,"href":"https:\/\/rednacionaldearte.com\/noticias\/wp-json\/wp\/v2\/comments?post=2609"}],"version-history":[{"count":2,"href":"https:\/\/rednacionaldearte.com\/noticias\/wp-json\/wp\/v2\/posts\/2609\/revisions"}],"predecessor-version":[{"id":2613,"href":"https:\/\/rednacionaldearte.com\/noticias\/wp-json\/wp\/v2\/posts\/2609\/revisions\/2613"}],"wp:featuredmedia":[{"embeddable":true,"href":"https:\/\/rednacionaldearte.com\/noticias\/wp-json\/wp\/v2\/media\/2610"}],"wp:attachment":[{"href":"https:\/\/rednacionaldearte.com\/noticias\/wp-json\/wp\/v2\/media?parent=2609"}],"wp:term":[{"taxonomy":"category","embeddable":true,"href":"https:\/\/rednacionaldearte.com\/noticias\/wp-json\/wp\/v2\/categories?post=2609"},{"taxonomy":"post_tag","embeddable":true,"href":"https:\/\/rednacionaldearte.com\/noticias\/wp-json\/wp\/v2\/tags?post=2609"}],"curies":[{"name":"wp","href":"https:\/\/api.w.org\/{rel}","templated":true}]}}