{"id":262,"date":"2016-10-20T03:25:24","date_gmt":"2016-10-20T03:25:24","guid":{"rendered":"http:\/\/rednacionaldearte.com\/noticias\/?p=262"},"modified":"2016-11-25T21:13:25","modified_gmt":"2016-11-25T21:13:25","slug":"festival-internacional-cine-queretaro-abre-convocatoria","status":"publish","type":"post","link":"https:\/\/rednacionaldearte.com\/noticias\/festival-internacional-cine-queretaro-abre-convocatoria\/","title":{"rendered":"El Festival Internacional de Cine de Quer\u00e9taro abre su Convocatoria"},"content":{"rendered":"<p style=\"text-align: justify;\"><a href=\"http:\/\/rednacionaldearte.com\/noticias\/wp-content\/uploads\/2016\/10\/banner-open-call.jpg\"><img loading=\"lazy\" decoding=\"async\" class=\"aligncenter wp-image-263 size-large\" src=\"http:\/\/rednacionaldearte.com\/noticias\/wp-content\/uploads\/2016\/10\/banner-open-call-1024x851.jpg\" alt=\"Convocatoria FICQ\" width=\"640\" height=\"532\" srcset=\"https:\/\/rednacionaldearte.com\/noticias\/wp-content\/uploads\/2016\/10\/banner-open-call-1024x851.jpg 1024w, https:\/\/rednacionaldearte.com\/noticias\/wp-content\/uploads\/2016\/10\/banner-open-call-300x249.jpg 300w, https:\/\/rednacionaldearte.com\/noticias\/wp-content\/uploads\/2016\/10\/banner-open-call-768x639.jpg 768w, https:\/\/rednacionaldearte.com\/noticias\/wp-content\/uploads\/2016\/10\/banner-open-call.jpg 1181w\" sizes=\"auto, (max-width: 640px) 100vw, 640px\" \/><\/a><\/p>\n<p style=\"text-align: justify;\">El <a href=\"http:\/\/queretarofilmfestival.org\/\">Festival Internacional de Cine de Quer\u00e9taro<\/a>, en colaboraci\u00f3n con Red Nacional de Arte, convoca a realizadores nacionales y extranjeros a inscribir sus cortometrajes en las secciones competitivas de su primera edici\u00f3n, que tendr\u00e1 lugar del 09 al 13 de julio de 2017.<\/p>\n<p style=\"text-align: justify;\">La convocatoria contempla las siguientes categor\u00edas:<\/p>\n<p style=\"text-align: justify;\"><b>Cortometraje de Ficci\u00f3n<\/b><\/p>\n<p style=\"text-align: justify;\">Podr\u00e1n inscribirse trabajos mexicanos o extranjeros finalizados entre el 2015 y 2017, con una duraci\u00f3n m\u00e1xima de 43 minutos (cr\u00e9ditos incluidos). Se aceptar\u00e1n piezas realizadas bajo cualquier t\u00e9cnica, incluyendo animaci\u00f3n.<\/p>\n<p style=\"text-align: justify;\"><b>Cortometraje Documental<\/b><\/p>\n<p style=\"text-align: justify;\">Se aceptar\u00e1n documentales de realizadores nacionales o internacionales con una duraci\u00f3n m\u00e1xima de 43 minutos (cr\u00e9ditos incluidos), finalizadas durante el 2015 y 2017, hechos bajo cualquier t\u00e9cnica, incluyendo animaci\u00f3n.<\/p>\n<p style=\"text-align: justify;\"><b>Tombstone Nights<\/b><\/p>\n<p style=\"text-align: justify;\">Podr\u00e1n concursar pel\u00edculas nacionales e internacionales de horror, suspenso, ciencia ficci\u00f3n y fantas\u00eda con una duraci\u00f3n no mayor a 120 minutos, realizadas durante el 2015 y 2017.<\/p>\n<p style=\"text-align: justify;\">Se recibir\u00e1n hasta el 29 de marzo de 2017. Para mayor informaci\u00f3n, ver la convocatoria completa <a href=\"http:\/\/queretarofilmfestival.org\/convocatoria.php\">aqu\u00ed<\/a>.<\/p>\n","protected":false},"excerpt":{"rendered":"<p>El Festival Internacional de Cine de Quer\u00e9taro, en colaboraci\u00f3n con Red Nacional de Arte, convoca a realizadores nacionales y extranjeros a inscribir sus cortometrajes en las secciones competitivas de su primera edici\u00f3n, que tendr\u00e1 lugar del 09 al 13 de julio de 2017. La convocatoria contempla las siguientes categor\u00edas: Cortometraje de Ficci\u00f3n Podr\u00e1n inscribirse trabajos [&hellip;]<\/p>\n","protected":false},"author":1,"featured_media":263,"comment_status":"closed","ping_status":"open","sticky":false,"template":"","format":"standard","meta":{"footnotes":""},"categories":[60,24,93,41],"tags":[79,77,78],"class_list":["post-262","post","type-post","status-publish","format-standard","has-post-thumbnail","hentry","category-cine","category-convocatorias","category-festivales","category-rna","tag-queretaroescine","tag-festival-internacional-de-cine-de-queretaro","tag-ficq"],"yoast_head":"<!-- This site is optimized with the Yoast SEO plugin v27.2 - https:\/\/yoast.com\/product\/yoast-seo-wordpress\/ -->\n<title>El Festival Internacional de Cine de Quer\u00e9taro abre su Convocatoria<\/title>\n<meta name=\"robots\" content=\"index, follow, max-snippet:-1, max-image-preview:large, max-video-preview:-1\" \/>\n<link rel=\"canonical\" href=\"http:\/\/rednacionaldearte.com\/noticias\/festival-internacional-cine-queretaro-abre-convocatoria\/\" \/>\n<meta property=\"og:locale\" content=\"es_ES\" \/>\n<meta property=\"og:type\" content=\"article\" \/>\n<meta property=\"og:title\" content=\"El Festival Internacional de Cine de Quer\u00e9taro abre su Convocatoria\" \/>\n<meta property=\"og:description\" content=\"El Festival Internacional de Cine de Quer\u00e9taro, en colaboraci\u00f3n con Red Nacional de Arte, convoca a realizadores nacionales y extranjeros a inscribir sus cortometrajes en las secciones competitivas de su primera edici\u00f3n, que tendr\u00e1 lugar del 09 al 13 de julio de 2017. La convocatoria contempla las siguientes categor\u00edas: Cortometraje de Ficci\u00f3n Podr\u00e1n inscribirse trabajos [&hellip;]\" \/>\n<meta property=\"og:url\" content=\"http:\/\/rednacionaldearte.com\/noticias\/festival-internacional-cine-queretaro-abre-convocatoria\/\" \/>\n<meta property=\"og:site_name\" content=\"Red Nacional de Arte\" \/>\n<meta property=\"article:publisher\" content=\"http:\/\/www.facebook.com\/rednacionaldearte\/\" \/>\n<meta property=\"article:published_time\" content=\"2016-10-20T03:25:24+00:00\" \/>\n<meta property=\"article:modified_time\" content=\"2016-11-25T21:13:25+00:00\" \/>\n<meta property=\"og:image\" content=\"http:\/\/rednacionaldearte.com\/noticias\/wp-content\/uploads\/2016\/10\/banner-open-call.jpg\" \/>\n\t<meta property=\"og:image:width\" content=\"1181\" \/>\n\t<meta property=\"og:image:height\" content=\"982\" \/>\n\t<meta property=\"og:image:type\" content=\"image\/jpeg\" \/>\n<meta name=\"author\" content=\"Redacci\u00f3n\" \/>\n<meta name=\"twitter:card\" content=\"summary_large_image\" \/>\n<meta name=\"twitter:creator\" content=\"@rednacionalarte\" \/>\n<meta name=\"twitter:site\" content=\"@rednacionalarte\" \/>\n<meta name=\"twitter:label1\" content=\"Escrito por\" \/>\n\t<meta name=\"twitter:data1\" content=\"Redacci\u00f3n\" \/>\n\t<meta name=\"twitter:label2\" content=\"Tiempo de lectura\" \/>\n\t<meta name=\"twitter:data2\" content=\"1 minuto\" \/>\n<script type=\"application\/ld+json\" class=\"yoast-schema-graph\">{\"@context\":\"https:\/\/schema.org\",\"@graph\":[{\"@type\":\"Article\",\"@id\":\"http:\/\/rednacionaldearte.com\/noticias\/festival-internacional-cine-queretaro-abre-convocatoria\/#article\",\"isPartOf\":{\"@id\":\"http:\/\/rednacionaldearte.com\/noticias\/festival-internacional-cine-queretaro-abre-convocatoria\/\"},\"author\":{\"name\":\"Redacci\u00f3n\",\"@id\":\"http:\/\/rednacionaldearte.com\/noticias\/#\/schema\/person\/489d635082b1de413434d2708a3e5b9b\"},\"headline\":\"El Festival Internacional de Cine de Quer\u00e9taro abre su Convocatoria\",\"datePublished\":\"2016-10-20T03:25:24+00:00\",\"dateModified\":\"2016-11-25T21:13:25+00:00\",\"mainEntityOfPage\":{\"@id\":\"http:\/\/rednacionaldearte.com\/noticias\/festival-internacional-cine-queretaro-abre-convocatoria\/\"},\"wordCount\":181,\"publisher\":{\"@id\":\"http:\/\/rednacionaldearte.com\/noticias\/#organization\"},\"image\":{\"@id\":\"http:\/\/rednacionaldearte.com\/noticias\/festival-internacional-cine-queretaro-abre-convocatoria\/#primaryimage\"},\"thumbnailUrl\":\"https:\/\/rednacionaldearte.com\/noticias\/wp-content\/uploads\/2016\/10\/banner-open-call.jpg\",\"keywords\":[\"#Quer\u00e9taroEsCine\",\"Festival Internacional de Cine de Quer\u00e9taro\",\"FICQ\"],\"articleSection\":[\"Cine\",\"Convocatorias\",\"Festivales\",\"RNA\"],\"inLanguage\":\"es\"},{\"@type\":\"WebPage\",\"@id\":\"http:\/\/rednacionaldearte.com\/noticias\/festival-internacional-cine-queretaro-abre-convocatoria\/\",\"url\":\"http:\/\/rednacionaldearte.com\/noticias\/festival-internacional-cine-queretaro-abre-convocatoria\/\",\"name\":\"El Festival Internacional de Cine de Quer\u00e9taro abre su Convocatoria\",\"isPartOf\":{\"@id\":\"http:\/\/rednacionaldearte.com\/noticias\/#website\"},\"primaryImageOfPage\":{\"@id\":\"http:\/\/rednacionaldearte.com\/noticias\/festival-internacional-cine-queretaro-abre-convocatoria\/#primaryimage\"},\"image\":{\"@id\":\"http:\/\/rednacionaldearte.com\/noticias\/festival-internacional-cine-queretaro-abre-convocatoria\/#primaryimage\"},\"thumbnailUrl\":\"https:\/\/rednacionaldearte.com\/noticias\/wp-content\/uploads\/2016\/10\/banner-open-call.jpg\",\"datePublished\":\"2016-10-20T03:25:24+00:00\",\"dateModified\":\"2016-11-25T21:13:25+00:00\",\"breadcrumb\":{\"@id\":\"http:\/\/rednacionaldearte.com\/noticias\/festival-internacional-cine-queretaro-abre-convocatoria\/#breadcrumb\"},\"inLanguage\":\"es\",\"potentialAction\":[{\"@type\":\"ReadAction\",\"target\":[\"http:\/\/rednacionaldearte.com\/noticias\/festival-internacional-cine-queretaro-abre-convocatoria\/\"]}]},{\"@type\":\"ImageObject\",\"inLanguage\":\"es\",\"@id\":\"http:\/\/rednacionaldearte.com\/noticias\/festival-internacional-cine-queretaro-abre-convocatoria\/#primaryimage\",\"url\":\"https:\/\/rednacionaldearte.com\/noticias\/wp-content\/uploads\/2016\/10\/banner-open-call.jpg\",\"contentUrl\":\"https:\/\/rednacionaldearte.com\/noticias\/wp-content\/uploads\/2016\/10\/banner-open-call.jpg\",\"width\":1181,\"height\":982,\"caption\":\"Convocatoria FICQ\"},{\"@type\":\"BreadcrumbList\",\"@id\":\"http:\/\/rednacionaldearte.com\/noticias\/festival-internacional-cine-queretaro-abre-convocatoria\/#breadcrumb\",\"itemListElement\":[{\"@type\":\"ListItem\",\"position\":1,\"name\":\"Home\",\"item\":\"http:\/\/rednacionaldearte.com\/noticias\/\"},{\"@type\":\"ListItem\",\"position\":2,\"name\":\"El Festival Internacional de Cine de Quer\u00e9taro abre su Convocatoria\"}]},{\"@type\":\"WebSite\",\"@id\":\"http:\/\/rednacionaldearte.com\/noticias\/#website\",\"url\":\"http:\/\/rednacionaldearte.com\/noticias\/\",\"name\":\"Red Nacional de Arte\",\"description\":\"Cultura y Arte contempor\u00e1neo en M\u00e9xico\",\"publisher\":{\"@id\":\"http:\/\/rednacionaldearte.com\/noticias\/#organization\"},\"potentialAction\":[{\"@type\":\"SearchAction\",\"target\":{\"@type\":\"EntryPoint\",\"urlTemplate\":\"http:\/\/rednacionaldearte.com\/noticias\/?s={search_term_string}\"},\"query-input\":{\"@type\":\"PropertyValueSpecification\",\"valueRequired\":true,\"valueName\":\"search_term_string\"}}],\"inLanguage\":\"es\"},{\"@type\":\"Organization\",\"@id\":\"http:\/\/rednacionaldearte.com\/noticias\/#organization\",\"name\":\"Red Nacional de Arte\",\"url\":\"http:\/\/rednacionaldearte.com\/noticias\/\",\"logo\":{\"@type\":\"ImageObject\",\"inLanguage\":\"es\",\"@id\":\"http:\/\/rednacionaldearte.com\/noticias\/#\/schema\/logo\/image\/\",\"url\":\"http:\/\/rednacionaldearte.com\/noticias\/wp-content\/uploads\/2016\/04\/logo.png\",\"contentUrl\":\"http:\/\/rednacionaldearte.com\/noticias\/wp-content\/uploads\/2016\/04\/logo.png\",\"width\":575,\"height\":554,\"caption\":\"Red Nacional de Arte\"},\"image\":{\"@id\":\"http:\/\/rednacionaldearte.com\/noticias\/#\/schema\/logo\/image\/\"},\"sameAs\":[\"http:\/\/www.facebook.com\/rednacionaldearte\/\",\"https:\/\/x.com\/rednacionalarte\"]},{\"@type\":\"Person\",\"@id\":\"http:\/\/rednacionaldearte.com\/noticias\/#\/schema\/person\/489d635082b1de413434d2708a3e5b9b\",\"name\":\"Redacci\u00f3n\",\"image\":{\"@type\":\"ImageObject\",\"inLanguage\":\"es\",\"@id\":\"https:\/\/secure.gravatar.com\/avatar\/1d1c30eaee7c2f6cfa13fb8502cb06839106cdf371b9953d50e4b572d0bfa3c7?s=96&d=mm&r=g\",\"url\":\"https:\/\/secure.gravatar.com\/avatar\/1d1c30eaee7c2f6cfa13fb8502cb06839106cdf371b9953d50e4b572d0bfa3c7?s=96&d=mm&r=g\",\"contentUrl\":\"https:\/\/secure.gravatar.com\/avatar\/1d1c30eaee7c2f6cfa13fb8502cb06839106cdf371b9953d50e4b572d0bfa3c7?s=96&d=mm&r=g\",\"caption\":\"Redacci\u00f3n\"},\"url\":\"https:\/\/rednacionaldearte.com\/noticias\/author\/adan\/\"}]}<\/script>\n<!-- \/ Yoast SEO plugin. -->","yoast_head_json":{"title":"El Festival Internacional de Cine de Quer\u00e9taro abre su Convocatoria","robots":{"index":"index","follow":"follow","max-snippet":"max-snippet:-1","max-image-preview":"max-image-preview:large","max-video-preview":"max-video-preview:-1"},"canonical":"http:\/\/rednacionaldearte.com\/noticias\/festival-internacional-cine-queretaro-abre-convocatoria\/","og_locale":"es_ES","og_type":"article","og_title":"El Festival Internacional de Cine de Quer\u00e9taro abre su Convocatoria","og_description":"El Festival Internacional de Cine de Quer\u00e9taro, en colaboraci\u00f3n con Red Nacional de Arte, convoca a realizadores nacionales y extranjeros a inscribir sus cortometrajes en las secciones competitivas de su primera edici\u00f3n, que tendr\u00e1 lugar del 09 al 13 de julio de 2017. La convocatoria contempla las siguientes categor\u00edas: Cortometraje de Ficci\u00f3n Podr\u00e1n inscribirse trabajos [&hellip;]","og_url":"http:\/\/rednacionaldearte.com\/noticias\/festival-internacional-cine-queretaro-abre-convocatoria\/","og_site_name":"Red Nacional de Arte","article_publisher":"http:\/\/www.facebook.com\/rednacionaldearte\/","article_published_time":"2016-10-20T03:25:24+00:00","article_modified_time":"2016-11-25T21:13:25+00:00","og_image":[{"width":1181,"height":982,"url":"http:\/\/rednacionaldearte.com\/noticias\/wp-content\/uploads\/2016\/10\/banner-open-call.jpg","type":"image\/jpeg"}],"author":"Redacci\u00f3n","twitter_card":"summary_large_image","twitter_creator":"@rednacionalarte","twitter_site":"@rednacionalarte","twitter_misc":{"Escrito por":"Redacci\u00f3n","Tiempo de lectura":"1 minuto"},"schema":{"@context":"https:\/\/schema.org","@graph":[{"@type":"Article","@id":"http:\/\/rednacionaldearte.com\/noticias\/festival-internacional-cine-queretaro-abre-convocatoria\/#article","isPartOf":{"@id":"http:\/\/rednacionaldearte.com\/noticias\/festival-internacional-cine-queretaro-abre-convocatoria\/"},"author":{"name":"Redacci\u00f3n","@id":"http:\/\/rednacionaldearte.com\/noticias\/#\/schema\/person\/489d635082b1de413434d2708a3e5b9b"},"headline":"El Festival Internacional de Cine de Quer\u00e9taro abre su Convocatoria","datePublished":"2016-10-20T03:25:24+00:00","dateModified":"2016-11-25T21:13:25+00:00","mainEntityOfPage":{"@id":"http:\/\/rednacionaldearte.com\/noticias\/festival-internacional-cine-queretaro-abre-convocatoria\/"},"wordCount":181,"publisher":{"@id":"http:\/\/rednacionaldearte.com\/noticias\/#organization"},"image":{"@id":"http:\/\/rednacionaldearte.com\/noticias\/festival-internacional-cine-queretaro-abre-convocatoria\/#primaryimage"},"thumbnailUrl":"https:\/\/rednacionaldearte.com\/noticias\/wp-content\/uploads\/2016\/10\/banner-open-call.jpg","keywords":["#Quer\u00e9taroEsCine","Festival Internacional de Cine de Quer\u00e9taro","FICQ"],"articleSection":["Cine","Convocatorias","Festivales","RNA"],"inLanguage":"es"},{"@type":"WebPage","@id":"http:\/\/rednacionaldearte.com\/noticias\/festival-internacional-cine-queretaro-abre-convocatoria\/","url":"http:\/\/rednacionaldearte.com\/noticias\/festival-internacional-cine-queretaro-abre-convocatoria\/","name":"El Festival Internacional de Cine de Quer\u00e9taro abre su Convocatoria","isPartOf":{"@id":"http:\/\/rednacionaldearte.com\/noticias\/#website"},"primaryImageOfPage":{"@id":"http:\/\/rednacionaldearte.com\/noticias\/festival-internacional-cine-queretaro-abre-convocatoria\/#primaryimage"},"image":{"@id":"http:\/\/rednacionaldearte.com\/noticias\/festival-internacional-cine-queretaro-abre-convocatoria\/#primaryimage"},"thumbnailUrl":"https:\/\/rednacionaldearte.com\/noticias\/wp-content\/uploads\/2016\/10\/banner-open-call.jpg","datePublished":"2016-10-20T03:25:24+00:00","dateModified":"2016-11-25T21:13:25+00:00","breadcrumb":{"@id":"http:\/\/rednacionaldearte.com\/noticias\/festival-internacional-cine-queretaro-abre-convocatoria\/#breadcrumb"},"inLanguage":"es","potentialAction":[{"@type":"ReadAction","target":["http:\/\/rednacionaldearte.com\/noticias\/festival-internacional-cine-queretaro-abre-convocatoria\/"]}]},{"@type":"ImageObject","inLanguage":"es","@id":"http:\/\/rednacionaldearte.com\/noticias\/festival-internacional-cine-queretaro-abre-convocatoria\/#primaryimage","url":"https:\/\/rednacionaldearte.com\/noticias\/wp-content\/uploads\/2016\/10\/banner-open-call.jpg","contentUrl":"https:\/\/rednacionaldearte.com\/noticias\/wp-content\/uploads\/2016\/10\/banner-open-call.jpg","width":1181,"height":982,"caption":"Convocatoria FICQ"},{"@type":"BreadcrumbList","@id":"http:\/\/rednacionaldearte.com\/noticias\/festival-internacional-cine-queretaro-abre-convocatoria\/#breadcrumb","itemListElement":[{"@type":"ListItem","position":1,"name":"Home","item":"http:\/\/rednacionaldearte.com\/noticias\/"},{"@type":"ListItem","position":2,"name":"El Festival Internacional de Cine de Quer\u00e9taro abre su Convocatoria"}]},{"@type":"WebSite","@id":"http:\/\/rednacionaldearte.com\/noticias\/#website","url":"http:\/\/rednacionaldearte.com\/noticias\/","name":"Red Nacional de Arte","description":"Cultura y Arte contempor\u00e1neo en M\u00e9xico","publisher":{"@id":"http:\/\/rednacionaldearte.com\/noticias\/#organization"},"potentialAction":[{"@type":"SearchAction","target":{"@type":"EntryPoint","urlTemplate":"http:\/\/rednacionaldearte.com\/noticias\/?s={search_term_string}"},"query-input":{"@type":"PropertyValueSpecification","valueRequired":true,"valueName":"search_term_string"}}],"inLanguage":"es"},{"@type":"Organization","@id":"http:\/\/rednacionaldearte.com\/noticias\/#organization","name":"Red Nacional de Arte","url":"http:\/\/rednacionaldearte.com\/noticias\/","logo":{"@type":"ImageObject","inLanguage":"es","@id":"http:\/\/rednacionaldearte.com\/noticias\/#\/schema\/logo\/image\/","url":"http:\/\/rednacionaldearte.com\/noticias\/wp-content\/uploads\/2016\/04\/logo.png","contentUrl":"http:\/\/rednacionaldearte.com\/noticias\/wp-content\/uploads\/2016\/04\/logo.png","width":575,"height":554,"caption":"Red Nacional de Arte"},"image":{"@id":"http:\/\/rednacionaldearte.com\/noticias\/#\/schema\/logo\/image\/"},"sameAs":["http:\/\/www.facebook.com\/rednacionaldearte\/","https:\/\/x.com\/rednacionalarte"]},{"@type":"Person","@id":"http:\/\/rednacionaldearte.com\/noticias\/#\/schema\/person\/489d635082b1de413434d2708a3e5b9b","name":"Redacci\u00f3n","image":{"@type":"ImageObject","inLanguage":"es","@id":"https:\/\/secure.gravatar.com\/avatar\/1d1c30eaee7c2f6cfa13fb8502cb06839106cdf371b9953d50e4b572d0bfa3c7?s=96&d=mm&r=g","url":"https:\/\/secure.gravatar.com\/avatar\/1d1c30eaee7c2f6cfa13fb8502cb06839106cdf371b9953d50e4b572d0bfa3c7?s=96&d=mm&r=g","contentUrl":"https:\/\/secure.gravatar.com\/avatar\/1d1c30eaee7c2f6cfa13fb8502cb06839106cdf371b9953d50e4b572d0bfa3c7?s=96&d=mm&r=g","caption":"Redacci\u00f3n"},"url":"https:\/\/rednacionaldearte.com\/noticias\/author\/adan\/"}]}},"amp_validity":null,"amp_enabled":true,"_links":{"self":[{"href":"https:\/\/rednacionaldearte.com\/noticias\/wp-json\/wp\/v2\/posts\/262","targetHints":{"allow":["GET"]}}],"collection":[{"href":"https:\/\/rednacionaldearte.com\/noticias\/wp-json\/wp\/v2\/posts"}],"about":[{"href":"https:\/\/rednacionaldearte.com\/noticias\/wp-json\/wp\/v2\/types\/post"}],"author":[{"embeddable":true,"href":"https:\/\/rednacionaldearte.com\/noticias\/wp-json\/wp\/v2\/users\/1"}],"replies":[{"embeddable":true,"href":"https:\/\/rednacionaldearte.com\/noticias\/wp-json\/wp\/v2\/comments?post=262"}],"version-history":[{"count":2,"href":"https:\/\/rednacionaldearte.com\/noticias\/wp-json\/wp\/v2\/posts\/262\/revisions"}],"predecessor-version":[{"id":270,"href":"https:\/\/rednacionaldearte.com\/noticias\/wp-json\/wp\/v2\/posts\/262\/revisions\/270"}],"wp:featuredmedia":[{"embeddable":true,"href":"https:\/\/rednacionaldearte.com\/noticias\/wp-json\/wp\/v2\/media\/263"}],"wp:attachment":[{"href":"https:\/\/rednacionaldearte.com\/noticias\/wp-json\/wp\/v2\/media?parent=262"}],"wp:term":[{"taxonomy":"category","embeddable":true,"href":"https:\/\/rednacionaldearte.com\/noticias\/wp-json\/wp\/v2\/categories?post=262"},{"taxonomy":"post_tag","embeddable":true,"href":"https:\/\/rednacionaldearte.com\/noticias\/wp-json\/wp\/v2\/tags?post=262"}],"curies":[{"name":"wp","href":"https:\/\/api.w.org\/{rel}","templated":true}]}}