{"id":2637,"date":"2018-04-22T18:18:57","date_gmt":"2018-04-22T18:18:57","guid":{"rendered":"http:\/\/rednacionaldearte.com\/noticias\/?p=2637"},"modified":"2018-04-22T18:18:57","modified_gmt":"2018-04-22T18:18:57","slug":"ceniza-pasos-esperanza-iris","status":"publish","type":"post","link":"https:\/\/rednacionaldearte.com\/noticias\/ceniza-pasos-esperanza-iris\/","title":{"rendered":"Ceniza de los Pasos se despide con \u00daltima Temporada en el Esperanza Iris"},"content":{"rendered":"<h2>Las \u00daltimas funciones de Ceniza de los Pasos se llevar\u00e1n a cabo cada mi\u00e9rcoles de Mayo.<\/h2>\n<p><a href=\"http:\/\/www.ticketmaster.com.mx\/Ceniza-de-los-Pasos-boletos\/artist\/2459616\"><img loading=\"lazy\" decoding=\"async\" class=\"aligncenter size-full wp-image-2639\" src=\"http:\/\/rednacionaldearte.com\/noticias\/wp-content\/uploads\/2018\/04\/Ceniza-pasos-esperanza-iris.jpg\" alt=\"Ceniza de los Pasos - Esperanza Iris\" width=\"746\" height=\"800\" srcset=\"https:\/\/rednacionaldearte.com\/noticias\/wp-content\/uploads\/2018\/04\/Ceniza-pasos-esperanza-iris.jpg 746w, https:\/\/rednacionaldearte.com\/noticias\/wp-content\/uploads\/2018\/04\/Ceniza-pasos-esperanza-iris-280x300.jpg 280w\" sizes=\"auto, (max-width: 746px) 100vw, 746px\" \/><\/a><\/p>\n<p>La obra de danza con arn\u00e9s \u00abCeniza de los Pasos\u00bb se despedir\u00e1 con una \u00faltima temporada de funciones en el <strong>Teatro de la Ciudad Esperanza Iris.<\/strong> La pieza de Yuki Pastrana y Catalina Navarrete mostrar\u00e1 algunas modificaciones trabajadas durante un remontaje realizado especialmente para este teatro.<\/p>\n<p>Julia Barrios de la Mora se suma al elenco. El videoarte utilizado en escena cuenta con fotograf\u00eda de Wences L\u00f3pez y <a href=\"http:\/\/rednacionaldearte.com\/noticias\/la-mariachi-adan-ruiz-concordia-film-festival\/\">Ad\u00e1n Ruiz<\/a>.<\/p>\n<p><strong>Ceniza de los Pasos<\/strong>\u00a0es una pieza esce\u0301nica que interactu\u0301a en la morfologi\u0301a del paisaje transformado por las erupciones del volca\u0301n Paricuti\u0301n en Michoaca\u0301n, Me\u0301xico.<\/p>\n<p>Gui\u0301a al pu\u0301blico a sumergirse en la experiencia de recorrer el volca\u0301n y sus paisajes, a partir del lenguaje coreogra\u0301fico y cinematogra\u0301fico que hace e\u0301nfasis en los amplios trayectos de los espacios donde se generan adaptaciones orga\u0301nicas del cuerpo, integrando a la escena la danza con arne\u0301s como detonador corporal y el videoarte como elemento escenogra\u0301fico.<\/p>\n<p>&nbsp;<\/p>\n<p>La edicio\u0301n del videoarte propone la estructura temporal y narrativa del montaje esce\u0301nico. Las composiciones y pautas de movimiento que se observan en pantalla, tienen una relacio\u0301n directa con lo que sucede en escena, son espacios interactivos que generan atmo\u0301sferas del volca\u0301n.<\/p>\n<p>La obra cerrar\u00e1 su ciclo de presentaciones conmemorando los 75 a\u00f1os del nacimiento del Paricut\u00edn y los 100 a\u00f1os del Teatro de la Ciudad.<\/p>\n<p>Para obtener boletos, dar click sobre la fecha de inter\u00e9s:<\/p>\n<p><a href=\"http:\/\/www.ticketmaster.com.mx\/ceniza-de-los-pasos-mexico-distrito-federal-09-05-2018\/event\/14005439E50DC98A?artistid=2459616&amp;majorcatid=10002&amp;minorcatid=823&amp;bba=1\"><img loading=\"lazy\" decoding=\"async\" class=\"alignleft wp-image-2643 size-medium\" src=\"http:\/\/rednacionaldearte.com\/noticias\/wp-content\/uploads\/2018\/04\/9-may-300x200.jpg\" alt=\"\" width=\"300\" height=\"200\" srcset=\"https:\/\/rednacionaldearte.com\/noticias\/wp-content\/uploads\/2018\/04\/9-may-300x200.jpg 300w, https:\/\/rednacionaldearte.com\/noticias\/wp-content\/uploads\/2018\/04\/9-may-360x240.jpg 360w, https:\/\/rednacionaldearte.com\/noticias\/wp-content\/uploads\/2018\/04\/9-may.jpg 500w\" sizes=\"auto, (max-width: 300px) 100vw, 300px\" \/><\/a><\/p>\n<p><a href=\"http:\/\/www.ticketmaster.com.mx\/ceniza-de-los-pasos-mexico-distrito-federal-16-05-2018\/event\/14005445ABF22161?artistid=2459616&amp;majorcatid=10002&amp;minorcatid=823&amp;bba=1\"><img loading=\"lazy\" decoding=\"async\" class=\"alignleft wp-image-2640 size-medium\" src=\"http:\/\/rednacionaldearte.com\/noticias\/wp-content\/uploads\/2018\/04\/16-300x200.jpg\" alt=\"\" width=\"300\" height=\"200\" srcset=\"https:\/\/rednacionaldearte.com\/noticias\/wp-content\/uploads\/2018\/04\/16-300x200.jpg 300w, https:\/\/rednacionaldearte.com\/noticias\/wp-content\/uploads\/2018\/04\/16-360x240.jpg 360w, https:\/\/rednacionaldearte.com\/noticias\/wp-content\/uploads\/2018\/04\/16.jpg 500w\" sizes=\"auto, (max-width: 300px) 100vw, 300px\" \/><\/a><a href=\"http:\/\/www.ticketmaster.com.mx\/ceniza-de-los-pasos-mexico-distrito-federal-23-05-2018\/event\/14005445AC5A2200?artistid=2459616&amp;majorcatid=10002&amp;minorcatid=823&amp;bba=1\"><br \/>\n<img loading=\"lazy\" decoding=\"async\" class=\"alignleft wp-image-2641 size-medium\" src=\"http:\/\/rednacionaldearte.com\/noticias\/wp-content\/uploads\/2018\/04\/23-300x200.jpg\" alt=\"\" width=\"300\" height=\"200\" srcset=\"https:\/\/rednacionaldearte.com\/noticias\/wp-content\/uploads\/2018\/04\/23-300x200.jpg 300w, https:\/\/rednacionaldearte.com\/noticias\/wp-content\/uploads\/2018\/04\/23-360x240.jpg 360w, https:\/\/rednacionaldearte.com\/noticias\/wp-content\/uploads\/2018\/04\/23.jpg 500w\" sizes=\"auto, (max-width: 300px) 100vw, 300px\" \/><\/a> <a href=\"http:\/\/www.ticketmaster.com.mx\/ceniza-de-los-pasos-mexico-distrito-federal-30-05-2018\/event\/14005445AC5A2206?artistid=2459616&amp;majorcatid=10002&amp;minorcatid=823&amp;bba=1\"><img loading=\"lazy\" decoding=\"async\" class=\"alignleft wp-image-2642 size-medium\" src=\"http:\/\/rednacionaldearte.com\/noticias\/wp-content\/uploads\/2018\/04\/30-300x200.jpg\" alt=\"\" width=\"300\" height=\"200\" srcset=\"https:\/\/rednacionaldearte.com\/noticias\/wp-content\/uploads\/2018\/04\/30-300x200.jpg 300w, https:\/\/rednacionaldearte.com\/noticias\/wp-content\/uploads\/2018\/04\/30-360x240.jpg 360w, https:\/\/rednacionaldearte.com\/noticias\/wp-content\/uploads\/2018\/04\/30.jpg 500w\" sizes=\"auto, (max-width: 300px) 100vw, 300px\" \/><\/a><\/p>\n","protected":false},"excerpt":{"rendered":"<p>Las \u00daltimas funciones de Ceniza de los Pasos se llevar\u00e1n a cabo cada mi\u00e9rcoles de Mayo. La obra de danza con arn\u00e9s \u00abCeniza de los Pasos\u00bb se despedir\u00e1 con una \u00faltima temporada de funciones en el Teatro de la Ciudad Esperanza Iris. La pieza de Yuki Pastrana y Catalina Navarrete mostrar\u00e1 algunas modificaciones trabajadas durante [&hellip;]<\/p>\n","protected":false},"author":1,"featured_media":2087,"comment_status":"closed","ping_status":"open","sticky":false,"template":"","format":"standard","meta":{"footnotes":""},"categories":[103,58,18,41],"tags":[142],"class_list":["post-2637","post","type-post","status-publish","format-standard","has-post-thumbnail","hentry","category-artes-escenicas","category-danza","category-eventos","category-rna","tag-ceniza-de-los-pasos"],"yoast_head":"<!-- This site is optimized with the Yoast SEO plugin v27.2 - https:\/\/yoast.com\/product\/yoast-seo-wordpress\/ -->\n<title>Ceniza de los Pasos se despide con \u00daltima Temporada en el Esperanza Iris<\/title>\n<meta name=\"robots\" content=\"index, follow, max-snippet:-1, max-image-preview:large, max-video-preview:-1\" \/>\n<link rel=\"canonical\" href=\"http:\/\/rednacionaldearte.com\/noticias\/ceniza-pasos-esperanza-iris\/\" \/>\n<meta property=\"og:locale\" content=\"es_ES\" \/>\n<meta property=\"og:type\" content=\"article\" \/>\n<meta property=\"og:title\" content=\"Ceniza de los Pasos se despide con \u00daltima Temporada en el Esperanza Iris\" \/>\n<meta property=\"og:description\" content=\"Las \u00daltimas funciones de Ceniza de los Pasos se llevar\u00e1n a cabo cada mi\u00e9rcoles de Mayo. La obra de danza con arn\u00e9s \u00abCeniza de los Pasos\u00bb se despedir\u00e1 con una \u00faltima temporada de funciones en el Teatro de la Ciudad Esperanza Iris. La pieza de Yuki Pastrana y Catalina Navarrete mostrar\u00e1 algunas modificaciones trabajadas durante [&hellip;]\" \/>\n<meta property=\"og:url\" content=\"http:\/\/rednacionaldearte.com\/noticias\/ceniza-pasos-esperanza-iris\/\" \/>\n<meta property=\"og:site_name\" content=\"Red Nacional de Arte\" \/>\n<meta property=\"article:publisher\" content=\"http:\/\/www.facebook.com\/rednacionaldearte\/\" \/>\n<meta property=\"article:published_time\" content=\"2018-04-22T18:18:57+00:00\" \/>\n<meta property=\"og:image\" content=\"http:\/\/rednacionaldearte.com\/noticias\/wp-content\/uploads\/2018\/04\/Ceniza-Pasos-Foto-Adan-Ruiz-4.jpg\" \/>\n\t<meta property=\"og:image:width\" content=\"1280\" \/>\n\t<meta property=\"og:image:height\" content=\"853\" \/>\n\t<meta property=\"og:image:type\" content=\"image\/jpeg\" \/>\n<meta name=\"author\" content=\"Redacci\u00f3n\" \/>\n<meta name=\"twitter:card\" content=\"summary_large_image\" \/>\n<meta name=\"twitter:creator\" content=\"@rednacionalarte\" \/>\n<meta name=\"twitter:site\" content=\"@rednacionalarte\" \/>\n<meta name=\"twitter:label1\" content=\"Escrito por\" \/>\n\t<meta name=\"twitter:data1\" content=\"Redacci\u00f3n\" \/>\n\t<meta name=\"twitter:label2\" content=\"Tiempo de lectura\" \/>\n\t<meta name=\"twitter:data2\" content=\"1 minuto\" \/>\n<script type=\"application\/ld+json\" class=\"yoast-schema-graph\">{\"@context\":\"https:\/\/schema.org\",\"@graph\":[{\"@type\":\"Article\",\"@id\":\"http:\/\/rednacionaldearte.com\/noticias\/ceniza-pasos-esperanza-iris\/#article\",\"isPartOf\":{\"@id\":\"http:\/\/rednacionaldearte.com\/noticias\/ceniza-pasos-esperanza-iris\/\"},\"author\":{\"name\":\"Redacci\u00f3n\",\"@id\":\"http:\/\/rednacionaldearte.com\/noticias\/#\/schema\/person\/489d635082b1de413434d2708a3e5b9b\"},\"headline\":\"Ceniza de los Pasos se despide con \u00daltima Temporada en el Esperanza Iris\",\"datePublished\":\"2018-04-22T18:18:57+00:00\",\"mainEntityOfPage\":{\"@id\":\"http:\/\/rednacionaldearte.com\/noticias\/ceniza-pasos-esperanza-iris\/\"},\"wordCount\":285,\"publisher\":{\"@id\":\"http:\/\/rednacionaldearte.com\/noticias\/#organization\"},\"image\":{\"@id\":\"http:\/\/rednacionaldearte.com\/noticias\/ceniza-pasos-esperanza-iris\/#primaryimage\"},\"thumbnailUrl\":\"https:\/\/rednacionaldearte.com\/noticias\/wp-content\/uploads\/2018\/04\/Ceniza-Pasos-Foto-Adan-Ruiz-4.jpg\",\"keywords\":[\"Ceniza de los Pasos\"],\"articleSection\":[\"Artes Esc\u00e9nicas\",\"Danza\",\"Eventos\",\"RNA\"],\"inLanguage\":\"es\"},{\"@type\":\"WebPage\",\"@id\":\"http:\/\/rednacionaldearte.com\/noticias\/ceniza-pasos-esperanza-iris\/\",\"url\":\"http:\/\/rednacionaldearte.com\/noticias\/ceniza-pasos-esperanza-iris\/\",\"name\":\"Ceniza de los Pasos se despide con \u00daltima Temporada en el Esperanza Iris\",\"isPartOf\":{\"@id\":\"http:\/\/rednacionaldearte.com\/noticias\/#website\"},\"primaryImageOfPage\":{\"@id\":\"http:\/\/rednacionaldearte.com\/noticias\/ceniza-pasos-esperanza-iris\/#primaryimage\"},\"image\":{\"@id\":\"http:\/\/rednacionaldearte.com\/noticias\/ceniza-pasos-esperanza-iris\/#primaryimage\"},\"thumbnailUrl\":\"https:\/\/rednacionaldearte.com\/noticias\/wp-content\/uploads\/2018\/04\/Ceniza-Pasos-Foto-Adan-Ruiz-4.jpg\",\"datePublished\":\"2018-04-22T18:18:57+00:00\",\"breadcrumb\":{\"@id\":\"http:\/\/rednacionaldearte.com\/noticias\/ceniza-pasos-esperanza-iris\/#breadcrumb\"},\"inLanguage\":\"es\",\"potentialAction\":[{\"@type\":\"ReadAction\",\"target\":[\"http:\/\/rednacionaldearte.com\/noticias\/ceniza-pasos-esperanza-iris\/\"]}]},{\"@type\":\"ImageObject\",\"inLanguage\":\"es\",\"@id\":\"http:\/\/rednacionaldearte.com\/noticias\/ceniza-pasos-esperanza-iris\/#primaryimage\",\"url\":\"https:\/\/rednacionaldearte.com\/noticias\/wp-content\/uploads\/2018\/04\/Ceniza-Pasos-Foto-Adan-Ruiz-4.jpg\",\"contentUrl\":\"https:\/\/rednacionaldearte.com\/noticias\/wp-content\/uploads\/2018\/04\/Ceniza-Pasos-Foto-Adan-Ruiz-4.jpg\",\"width\":1280,\"height\":853,\"caption\":\"Ceniza-Pasos-Foto: Adan-Ruiz\"},{\"@type\":\"BreadcrumbList\",\"@id\":\"http:\/\/rednacionaldearte.com\/noticias\/ceniza-pasos-esperanza-iris\/#breadcrumb\",\"itemListElement\":[{\"@type\":\"ListItem\",\"position\":1,\"name\":\"Home\",\"item\":\"http:\/\/rednacionaldearte.com\/noticias\/\"},{\"@type\":\"ListItem\",\"position\":2,\"name\":\"Ceniza de los Pasos se despide con \u00daltima Temporada en el Esperanza Iris\"}]},{\"@type\":\"WebSite\",\"@id\":\"http:\/\/rednacionaldearte.com\/noticias\/#website\",\"url\":\"http:\/\/rednacionaldearte.com\/noticias\/\",\"name\":\"Red Nacional de Arte\",\"description\":\"Cultura y Arte contempor\u00e1neo en M\u00e9xico\",\"publisher\":{\"@id\":\"http:\/\/rednacionaldearte.com\/noticias\/#organization\"},\"potentialAction\":[{\"@type\":\"SearchAction\",\"target\":{\"@type\":\"EntryPoint\",\"urlTemplate\":\"http:\/\/rednacionaldearte.com\/noticias\/?s={search_term_string}\"},\"query-input\":{\"@type\":\"PropertyValueSpecification\",\"valueRequired\":true,\"valueName\":\"search_term_string\"}}],\"inLanguage\":\"es\"},{\"@type\":\"Organization\",\"@id\":\"http:\/\/rednacionaldearte.com\/noticias\/#organization\",\"name\":\"Red Nacional de Arte\",\"url\":\"http:\/\/rednacionaldearte.com\/noticias\/\",\"logo\":{\"@type\":\"ImageObject\",\"inLanguage\":\"es\",\"@id\":\"http:\/\/rednacionaldearte.com\/noticias\/#\/schema\/logo\/image\/\",\"url\":\"http:\/\/rednacionaldearte.com\/noticias\/wp-content\/uploads\/2016\/04\/logo.png\",\"contentUrl\":\"http:\/\/rednacionaldearte.com\/noticias\/wp-content\/uploads\/2016\/04\/logo.png\",\"width\":575,\"height\":554,\"caption\":\"Red Nacional de Arte\"},\"image\":{\"@id\":\"http:\/\/rednacionaldearte.com\/noticias\/#\/schema\/logo\/image\/\"},\"sameAs\":[\"http:\/\/www.facebook.com\/rednacionaldearte\/\",\"https:\/\/x.com\/rednacionalarte\"]},{\"@type\":\"Person\",\"@id\":\"http:\/\/rednacionaldearte.com\/noticias\/#\/schema\/person\/489d635082b1de413434d2708a3e5b9b\",\"name\":\"Redacci\u00f3n\",\"image\":{\"@type\":\"ImageObject\",\"inLanguage\":\"es\",\"@id\":\"https:\/\/secure.gravatar.com\/avatar\/1d1c30eaee7c2f6cfa13fb8502cb06839106cdf371b9953d50e4b572d0bfa3c7?s=96&d=mm&r=g\",\"url\":\"https:\/\/secure.gravatar.com\/avatar\/1d1c30eaee7c2f6cfa13fb8502cb06839106cdf371b9953d50e4b572d0bfa3c7?s=96&d=mm&r=g\",\"contentUrl\":\"https:\/\/secure.gravatar.com\/avatar\/1d1c30eaee7c2f6cfa13fb8502cb06839106cdf371b9953d50e4b572d0bfa3c7?s=96&d=mm&r=g\",\"caption\":\"Redacci\u00f3n\"},\"url\":\"https:\/\/rednacionaldearte.com\/noticias\/author\/adan\/\"}]}<\/script>\n<!-- \/ Yoast SEO plugin. -->","yoast_head_json":{"title":"Ceniza de los Pasos se despide con \u00daltima Temporada en el Esperanza Iris","robots":{"index":"index","follow":"follow","max-snippet":"max-snippet:-1","max-image-preview":"max-image-preview:large","max-video-preview":"max-video-preview:-1"},"canonical":"http:\/\/rednacionaldearte.com\/noticias\/ceniza-pasos-esperanza-iris\/","og_locale":"es_ES","og_type":"article","og_title":"Ceniza de los Pasos se despide con \u00daltima Temporada en el Esperanza Iris","og_description":"Las \u00daltimas funciones de Ceniza de los Pasos se llevar\u00e1n a cabo cada mi\u00e9rcoles de Mayo. La obra de danza con arn\u00e9s \u00abCeniza de los Pasos\u00bb se despedir\u00e1 con una \u00faltima temporada de funciones en el Teatro de la Ciudad Esperanza Iris. La pieza de Yuki Pastrana y Catalina Navarrete mostrar\u00e1 algunas modificaciones trabajadas durante [&hellip;]","og_url":"http:\/\/rednacionaldearte.com\/noticias\/ceniza-pasos-esperanza-iris\/","og_site_name":"Red Nacional de Arte","article_publisher":"http:\/\/www.facebook.com\/rednacionaldearte\/","article_published_time":"2018-04-22T18:18:57+00:00","og_image":[{"width":1280,"height":853,"url":"http:\/\/rednacionaldearte.com\/noticias\/wp-content\/uploads\/2018\/04\/Ceniza-Pasos-Foto-Adan-Ruiz-4.jpg","type":"image\/jpeg"}],"author":"Redacci\u00f3n","twitter_card":"summary_large_image","twitter_creator":"@rednacionalarte","twitter_site":"@rednacionalarte","twitter_misc":{"Escrito por":"Redacci\u00f3n","Tiempo de lectura":"1 minuto"},"schema":{"@context":"https:\/\/schema.org","@graph":[{"@type":"Article","@id":"http:\/\/rednacionaldearte.com\/noticias\/ceniza-pasos-esperanza-iris\/#article","isPartOf":{"@id":"http:\/\/rednacionaldearte.com\/noticias\/ceniza-pasos-esperanza-iris\/"},"author":{"name":"Redacci\u00f3n","@id":"http:\/\/rednacionaldearte.com\/noticias\/#\/schema\/person\/489d635082b1de413434d2708a3e5b9b"},"headline":"Ceniza de los Pasos se despide con \u00daltima Temporada en el Esperanza Iris","datePublished":"2018-04-22T18:18:57+00:00","mainEntityOfPage":{"@id":"http:\/\/rednacionaldearte.com\/noticias\/ceniza-pasos-esperanza-iris\/"},"wordCount":285,"publisher":{"@id":"http:\/\/rednacionaldearte.com\/noticias\/#organization"},"image":{"@id":"http:\/\/rednacionaldearte.com\/noticias\/ceniza-pasos-esperanza-iris\/#primaryimage"},"thumbnailUrl":"https:\/\/rednacionaldearte.com\/noticias\/wp-content\/uploads\/2018\/04\/Ceniza-Pasos-Foto-Adan-Ruiz-4.jpg","keywords":["Ceniza de los Pasos"],"articleSection":["Artes Esc\u00e9nicas","Danza","Eventos","RNA"],"inLanguage":"es"},{"@type":"WebPage","@id":"http:\/\/rednacionaldearte.com\/noticias\/ceniza-pasos-esperanza-iris\/","url":"http:\/\/rednacionaldearte.com\/noticias\/ceniza-pasos-esperanza-iris\/","name":"Ceniza de los Pasos se despide con \u00daltima Temporada en el Esperanza Iris","isPartOf":{"@id":"http:\/\/rednacionaldearte.com\/noticias\/#website"},"primaryImageOfPage":{"@id":"http:\/\/rednacionaldearte.com\/noticias\/ceniza-pasos-esperanza-iris\/#primaryimage"},"image":{"@id":"http:\/\/rednacionaldearte.com\/noticias\/ceniza-pasos-esperanza-iris\/#primaryimage"},"thumbnailUrl":"https:\/\/rednacionaldearte.com\/noticias\/wp-content\/uploads\/2018\/04\/Ceniza-Pasos-Foto-Adan-Ruiz-4.jpg","datePublished":"2018-04-22T18:18:57+00:00","breadcrumb":{"@id":"http:\/\/rednacionaldearte.com\/noticias\/ceniza-pasos-esperanza-iris\/#breadcrumb"},"inLanguage":"es","potentialAction":[{"@type":"ReadAction","target":["http:\/\/rednacionaldearte.com\/noticias\/ceniza-pasos-esperanza-iris\/"]}]},{"@type":"ImageObject","inLanguage":"es","@id":"http:\/\/rednacionaldearte.com\/noticias\/ceniza-pasos-esperanza-iris\/#primaryimage","url":"https:\/\/rednacionaldearte.com\/noticias\/wp-content\/uploads\/2018\/04\/Ceniza-Pasos-Foto-Adan-Ruiz-4.jpg","contentUrl":"https:\/\/rednacionaldearte.com\/noticias\/wp-content\/uploads\/2018\/04\/Ceniza-Pasos-Foto-Adan-Ruiz-4.jpg","width":1280,"height":853,"caption":"Ceniza-Pasos-Foto: Adan-Ruiz"},{"@type":"BreadcrumbList","@id":"http:\/\/rednacionaldearte.com\/noticias\/ceniza-pasos-esperanza-iris\/#breadcrumb","itemListElement":[{"@type":"ListItem","position":1,"name":"Home","item":"http:\/\/rednacionaldearte.com\/noticias\/"},{"@type":"ListItem","position":2,"name":"Ceniza de los Pasos se despide con \u00daltima Temporada en el Esperanza Iris"}]},{"@type":"WebSite","@id":"http:\/\/rednacionaldearte.com\/noticias\/#website","url":"http:\/\/rednacionaldearte.com\/noticias\/","name":"Red Nacional de Arte","description":"Cultura y Arte contempor\u00e1neo en M\u00e9xico","publisher":{"@id":"http:\/\/rednacionaldearte.com\/noticias\/#organization"},"potentialAction":[{"@type":"SearchAction","target":{"@type":"EntryPoint","urlTemplate":"http:\/\/rednacionaldearte.com\/noticias\/?s={search_term_string}"},"query-input":{"@type":"PropertyValueSpecification","valueRequired":true,"valueName":"search_term_string"}}],"inLanguage":"es"},{"@type":"Organization","@id":"http:\/\/rednacionaldearte.com\/noticias\/#organization","name":"Red Nacional de Arte","url":"http:\/\/rednacionaldearte.com\/noticias\/","logo":{"@type":"ImageObject","inLanguage":"es","@id":"http:\/\/rednacionaldearte.com\/noticias\/#\/schema\/logo\/image\/","url":"http:\/\/rednacionaldearte.com\/noticias\/wp-content\/uploads\/2016\/04\/logo.png","contentUrl":"http:\/\/rednacionaldearte.com\/noticias\/wp-content\/uploads\/2016\/04\/logo.png","width":575,"height":554,"caption":"Red Nacional de Arte"},"image":{"@id":"http:\/\/rednacionaldearte.com\/noticias\/#\/schema\/logo\/image\/"},"sameAs":["http:\/\/www.facebook.com\/rednacionaldearte\/","https:\/\/x.com\/rednacionalarte"]},{"@type":"Person","@id":"http:\/\/rednacionaldearte.com\/noticias\/#\/schema\/person\/489d635082b1de413434d2708a3e5b9b","name":"Redacci\u00f3n","image":{"@type":"ImageObject","inLanguage":"es","@id":"https:\/\/secure.gravatar.com\/avatar\/1d1c30eaee7c2f6cfa13fb8502cb06839106cdf371b9953d50e4b572d0bfa3c7?s=96&d=mm&r=g","url":"https:\/\/secure.gravatar.com\/avatar\/1d1c30eaee7c2f6cfa13fb8502cb06839106cdf371b9953d50e4b572d0bfa3c7?s=96&d=mm&r=g","contentUrl":"https:\/\/secure.gravatar.com\/avatar\/1d1c30eaee7c2f6cfa13fb8502cb06839106cdf371b9953d50e4b572d0bfa3c7?s=96&d=mm&r=g","caption":"Redacci\u00f3n"},"url":"https:\/\/rednacionaldearte.com\/noticias\/author\/adan\/"}]}},"amp_validity":null,"amp_enabled":true,"_links":{"self":[{"href":"https:\/\/rednacionaldearte.com\/noticias\/wp-json\/wp\/v2\/posts\/2637","targetHints":{"allow":["GET"]}}],"collection":[{"href":"https:\/\/rednacionaldearte.com\/noticias\/wp-json\/wp\/v2\/posts"}],"about":[{"href":"https:\/\/rednacionaldearte.com\/noticias\/wp-json\/wp\/v2\/types\/post"}],"author":[{"embeddable":true,"href":"https:\/\/rednacionaldearte.com\/noticias\/wp-json\/wp\/v2\/users\/1"}],"replies":[{"embeddable":true,"href":"https:\/\/rednacionaldearte.com\/noticias\/wp-json\/wp\/v2\/comments?post=2637"}],"version-history":[{"count":3,"href":"https:\/\/rednacionaldearte.com\/noticias\/wp-json\/wp\/v2\/posts\/2637\/revisions"}],"predecessor-version":[{"id":2646,"href":"https:\/\/rednacionaldearte.com\/noticias\/wp-json\/wp\/v2\/posts\/2637\/revisions\/2646"}],"wp:featuredmedia":[{"embeddable":true,"href":"https:\/\/rednacionaldearte.com\/noticias\/wp-json\/wp\/v2\/media\/2087"}],"wp:attachment":[{"href":"https:\/\/rednacionaldearte.com\/noticias\/wp-json\/wp\/v2\/media?parent=2637"}],"wp:term":[{"taxonomy":"category","embeddable":true,"href":"https:\/\/rednacionaldearte.com\/noticias\/wp-json\/wp\/v2\/categories?post=2637"},{"taxonomy":"post_tag","embeddable":true,"href":"https:\/\/rednacionaldearte.com\/noticias\/wp-json\/wp\/v2\/tags?post=2637"}],"curies":[{"name":"wp","href":"https:\/\/api.w.org\/{rel}","templated":true}]}}