{"id":265,"date":"2016-10-20T05:59:49","date_gmt":"2016-10-20T05:59:49","guid":{"rendered":"http:\/\/rednacionaldearte.com\/noticias\/?p=265"},"modified":"2016-10-20T06:01:11","modified_gmt":"2016-10-20T06:01:11","slug":"presente-distopico-convocatoria","status":"publish","type":"post","link":"https:\/\/rednacionaldearte.com\/noticias\/presente-distopico-convocatoria\/","title":{"rendered":"Presente Dist\u00f3pico: Convocatoria Para Exposici\u00f3n de Dise\u00f1o e Ilustraci\u00f3n En La Ciudad De M\u00e9xico"},"content":{"rendered":"<div class=\"page\" title=\"Page 1\">\n<div class=\"layoutArea\">\n<div class=\"column\">\n<p style=\"text-align: justify;\"><a href=\"http:\/\/rednacionaldearte.com\/noticias\/wp-content\/uploads\/2016\/10\/banner-presente-distopico.jpg\"><img loading=\"lazy\" decoding=\"async\" class=\"aligncenter wp-image-266 size-large\" src=\"http:\/\/rednacionaldearte.com\/noticias\/wp-content\/uploads\/2016\/10\/banner-presente-distopico-1024x985.jpg\" alt=\"Presente Dist\u00f3pico\" width=\"640\" height=\"616\" srcset=\"https:\/\/rednacionaldearte.com\/noticias\/wp-content\/uploads\/2016\/10\/banner-presente-distopico-1024x985.jpg 1024w, https:\/\/rednacionaldearte.com\/noticias\/wp-content\/uploads\/2016\/10\/banner-presente-distopico-300x289.jpg 300w, https:\/\/rednacionaldearte.com\/noticias\/wp-content\/uploads\/2016\/10\/banner-presente-distopico-768x739.jpg 768w, https:\/\/rednacionaldearte.com\/noticias\/wp-content\/uploads\/2016\/10\/banner-presente-distopico.jpg 1200w\" sizes=\"auto, (max-width: 640px) 100vw, 640px\" \/><\/a><\/p>\n<p style=\"text-align: justify;\">Red Nacional de Arte, plataforma para artistas, gestores, centros culturales, galeri\u0301as y personas dedicadas al arte y la cultura, en su objetivo por impulsar el trabajo arti\u0301stico, su divulgacio\u0301n y programacio\u0301n, adema\u0301s de fomentar la creacio\u0301n de vi\u0301nculos que resulten puntos de reflexio\u0301n y cri\u0301tica ante los mecanismos de produccio\u0301n contempora\u0301neos, invita a participar en la exposicio\u0301n colectiva: \u201c<strong>Presente Disto\u0301pico: Urgencias y Realidades del Siglo XXI<\/strong>\u201d.<\/p>\n<p style=\"text-align: justify;\">La muestra tiene como objetivo reunir el trabajo de artistas de Me\u0301xico y el mundo que aborden las problema\u0301ticas sociales, poli\u0301ticas, econo\u0301micas, ecolo\u0301gicas y todas aquellas situaciones que afecten de forma masiva a la poblacio\u0301n en la e\u0301poca contempora\u0301nea; lo que imagina\u0301bamos como posibilidad exorbitante ahora nos acompan\u0303a en lo cotidiano.<\/p>\n<p style=\"text-align: justify;\">Para mayor informaci\u00f3n, descargar la convocatoria en el siguiente link:<\/p>\n<p><a href=\"http:\/\/rednacionaldearte.com\/docs\/convocatoria-presente-distopico.pdf\" target=\"_blank\">http:\/\/rednacionaldearte.com\/docs\/convocatoria-presente-distopico.pdf<\/a><\/p>\n<\/div>\n<\/div>\n<\/div>\n","protected":false},"excerpt":{"rendered":"<p>Red Nacional de Arte, plataforma para artistas, gestores, centros culturales, galeri\u0301as y personas dedicadas al arte y la cultura, en su objetivo por impulsar el trabajo arti\u0301stico, su divulgacio\u0301n y programacio\u0301n, adema\u0301s de fomentar la creacio\u0301n de vi\u0301nculos que resulten puntos de reflexio\u0301n y cri\u0301tica ante los mecanismos de produccio\u0301n contempora\u0301neos, invita a participar en [&hellip;]<\/p>\n","protected":false},"author":1,"featured_media":266,"comment_status":"closed","ping_status":"open","sticky":false,"template":"","format":"standard","meta":{"footnotes":""},"categories":[59,24,80,41],"tags":[82,83,84,81],"class_list":["post-265","post","type-post","status-publish","format-standard","has-post-thumbnail","hentry","category-artes-visuales","category-convocatorias","category-diseno","category-rna","tag-convocatorias","tag-diseno","tag-ilustracion","tag-presente-distopico"],"yoast_head":"<!-- This site is optimized with the Yoast SEO plugin v27.2 - https:\/\/yoast.com\/product\/yoast-seo-wordpress\/ -->\n<title>Presente Dist\u00f3pico: Convocatoria Para Exposici\u00f3n de Dise\u00f1o e Ilustraci\u00f3n En La Ciudad De M\u00e9xico<\/title>\n<meta name=\"robots\" content=\"index, follow, max-snippet:-1, max-image-preview:large, max-video-preview:-1\" \/>\n<link rel=\"canonical\" href=\"http:\/\/rednacionaldearte.com\/noticias\/presente-distopico-convocatoria\/\" \/>\n<meta property=\"og:locale\" content=\"es_ES\" \/>\n<meta property=\"og:type\" content=\"article\" \/>\n<meta property=\"og:title\" content=\"Presente Dist\u00f3pico: Convocatoria Para Exposici\u00f3n de Dise\u00f1o e Ilustraci\u00f3n En La Ciudad De M\u00e9xico\" \/>\n<meta property=\"og:description\" content=\"Red Nacional de Arte, plataforma para artistas, gestores, centros culturales, galeri\u0301as y personas dedicadas al arte y la cultura, en su objetivo por impulsar el trabajo arti\u0301stico, su divulgacio\u0301n y programacio\u0301n, adema\u0301s de fomentar la creacio\u0301n de vi\u0301nculos que resulten puntos de reflexio\u0301n y cri\u0301tica ante los mecanismos de produccio\u0301n contempora\u0301neos, invita a participar en [&hellip;]\" \/>\n<meta property=\"og:url\" content=\"http:\/\/rednacionaldearte.com\/noticias\/presente-distopico-convocatoria\/\" \/>\n<meta property=\"og:site_name\" content=\"Red Nacional de Arte\" \/>\n<meta property=\"article:publisher\" content=\"http:\/\/www.facebook.com\/rednacionaldearte\/\" \/>\n<meta property=\"article:published_time\" content=\"2016-10-20T05:59:49+00:00\" \/>\n<meta property=\"article:modified_time\" content=\"2016-10-20T06:01:11+00:00\" \/>\n<meta property=\"og:image\" content=\"http:\/\/rednacionaldearte.com\/noticias\/wp-content\/uploads\/2016\/10\/banner-presente-distopico.jpg\" \/>\n\t<meta property=\"og:image:width\" content=\"1200\" \/>\n\t<meta property=\"og:image:height\" content=\"1154\" \/>\n\t<meta property=\"og:image:type\" content=\"image\/jpeg\" \/>\n<meta name=\"author\" content=\"Redacci\u00f3n\" \/>\n<meta name=\"twitter:card\" content=\"summary_large_image\" \/>\n<meta name=\"twitter:creator\" content=\"@rednacionalarte\" \/>\n<meta name=\"twitter:site\" content=\"@rednacionalarte\" \/>\n<meta name=\"twitter:label1\" content=\"Escrito por\" \/>\n\t<meta name=\"twitter:data1\" content=\"Redacci\u00f3n\" \/>\n\t<meta name=\"twitter:label2\" content=\"Tiempo de lectura\" \/>\n\t<meta name=\"twitter:data2\" content=\"1 minuto\" \/>\n<script type=\"application\/ld+json\" class=\"yoast-schema-graph\">{\"@context\":\"https:\/\/schema.org\",\"@graph\":[{\"@type\":\"Article\",\"@id\":\"http:\/\/rednacionaldearte.com\/noticias\/presente-distopico-convocatoria\/#article\",\"isPartOf\":{\"@id\":\"http:\/\/rednacionaldearte.com\/noticias\/presente-distopico-convocatoria\/\"},\"author\":{\"name\":\"Redacci\u00f3n\",\"@id\":\"http:\/\/rednacionaldearte.com\/noticias\/#\/schema\/person\/489d635082b1de413434d2708a3e5b9b\"},\"headline\":\"Presente Dist\u00f3pico: Convocatoria Para Exposici\u00f3n de Dise\u00f1o e Ilustraci\u00f3n En La Ciudad De M\u00e9xico\",\"datePublished\":\"2016-10-20T05:59:49+00:00\",\"dateModified\":\"2016-10-20T06:01:11+00:00\",\"mainEntityOfPage\":{\"@id\":\"http:\/\/rednacionaldearte.com\/noticias\/presente-distopico-convocatoria\/\"},\"wordCount\":176,\"publisher\":{\"@id\":\"http:\/\/rednacionaldearte.com\/noticias\/#organization\"},\"image\":{\"@id\":\"http:\/\/rednacionaldearte.com\/noticias\/presente-distopico-convocatoria\/#primaryimage\"},\"thumbnailUrl\":\"https:\/\/rednacionaldearte.com\/noticias\/wp-content\/uploads\/2016\/10\/banner-presente-distopico.jpg\",\"keywords\":[\"Convocatorias\",\"Dise\u00f1o\",\"Ilustraci\u00f3n\",\"Presente Dist\u00f3pico\"],\"articleSection\":[\"Artes Visuales\",\"Convocatorias\",\"Dise\u00f1o\",\"RNA\"],\"inLanguage\":\"es\"},{\"@type\":\"WebPage\",\"@id\":\"http:\/\/rednacionaldearte.com\/noticias\/presente-distopico-convocatoria\/\",\"url\":\"http:\/\/rednacionaldearte.com\/noticias\/presente-distopico-convocatoria\/\",\"name\":\"Presente Dist\u00f3pico: Convocatoria Para Exposici\u00f3n de Dise\u00f1o e Ilustraci\u00f3n En La Ciudad De M\u00e9xico\",\"isPartOf\":{\"@id\":\"http:\/\/rednacionaldearte.com\/noticias\/#website\"},\"primaryImageOfPage\":{\"@id\":\"http:\/\/rednacionaldearte.com\/noticias\/presente-distopico-convocatoria\/#primaryimage\"},\"image\":{\"@id\":\"http:\/\/rednacionaldearte.com\/noticias\/presente-distopico-convocatoria\/#primaryimage\"},\"thumbnailUrl\":\"https:\/\/rednacionaldearte.com\/noticias\/wp-content\/uploads\/2016\/10\/banner-presente-distopico.jpg\",\"datePublished\":\"2016-10-20T05:59:49+00:00\",\"dateModified\":\"2016-10-20T06:01:11+00:00\",\"breadcrumb\":{\"@id\":\"http:\/\/rednacionaldearte.com\/noticias\/presente-distopico-convocatoria\/#breadcrumb\"},\"inLanguage\":\"es\",\"potentialAction\":[{\"@type\":\"ReadAction\",\"target\":[\"http:\/\/rednacionaldearte.com\/noticias\/presente-distopico-convocatoria\/\"]}]},{\"@type\":\"ImageObject\",\"inLanguage\":\"es\",\"@id\":\"http:\/\/rednacionaldearte.com\/noticias\/presente-distopico-convocatoria\/#primaryimage\",\"url\":\"https:\/\/rednacionaldearte.com\/noticias\/wp-content\/uploads\/2016\/10\/banner-presente-distopico.jpg\",\"contentUrl\":\"https:\/\/rednacionaldearte.com\/noticias\/wp-content\/uploads\/2016\/10\/banner-presente-distopico.jpg\",\"width\":1200,\"height\":1154,\"caption\":\"Presente Dist\u00f3pico\"},{\"@type\":\"BreadcrumbList\",\"@id\":\"http:\/\/rednacionaldearte.com\/noticias\/presente-distopico-convocatoria\/#breadcrumb\",\"itemListElement\":[{\"@type\":\"ListItem\",\"position\":1,\"name\":\"Home\",\"item\":\"http:\/\/rednacionaldearte.com\/noticias\/\"},{\"@type\":\"ListItem\",\"position\":2,\"name\":\"Presente Dist\u00f3pico: Convocatoria Para Exposici\u00f3n de Dise\u00f1o e Ilustraci\u00f3n En La Ciudad De M\u00e9xico\"}]},{\"@type\":\"WebSite\",\"@id\":\"http:\/\/rednacionaldearte.com\/noticias\/#website\",\"url\":\"http:\/\/rednacionaldearte.com\/noticias\/\",\"name\":\"Red Nacional de Arte\",\"description\":\"Cultura y Arte contempor\u00e1neo en M\u00e9xico\",\"publisher\":{\"@id\":\"http:\/\/rednacionaldearte.com\/noticias\/#organization\"},\"potentialAction\":[{\"@type\":\"SearchAction\",\"target\":{\"@type\":\"EntryPoint\",\"urlTemplate\":\"http:\/\/rednacionaldearte.com\/noticias\/?s={search_term_string}\"},\"query-input\":{\"@type\":\"PropertyValueSpecification\",\"valueRequired\":true,\"valueName\":\"search_term_string\"}}],\"inLanguage\":\"es\"},{\"@type\":\"Organization\",\"@id\":\"http:\/\/rednacionaldearte.com\/noticias\/#organization\",\"name\":\"Red Nacional de Arte\",\"url\":\"http:\/\/rednacionaldearte.com\/noticias\/\",\"logo\":{\"@type\":\"ImageObject\",\"inLanguage\":\"es\",\"@id\":\"http:\/\/rednacionaldearte.com\/noticias\/#\/schema\/logo\/image\/\",\"url\":\"http:\/\/rednacionaldearte.com\/noticias\/wp-content\/uploads\/2016\/04\/logo.png\",\"contentUrl\":\"http:\/\/rednacionaldearte.com\/noticias\/wp-content\/uploads\/2016\/04\/logo.png\",\"width\":575,\"height\":554,\"caption\":\"Red Nacional de Arte\"},\"image\":{\"@id\":\"http:\/\/rednacionaldearte.com\/noticias\/#\/schema\/logo\/image\/\"},\"sameAs\":[\"http:\/\/www.facebook.com\/rednacionaldearte\/\",\"https:\/\/x.com\/rednacionalarte\"]},{\"@type\":\"Person\",\"@id\":\"http:\/\/rednacionaldearte.com\/noticias\/#\/schema\/person\/489d635082b1de413434d2708a3e5b9b\",\"name\":\"Redacci\u00f3n\",\"image\":{\"@type\":\"ImageObject\",\"inLanguage\":\"es\",\"@id\":\"https:\/\/secure.gravatar.com\/avatar\/1d1c30eaee7c2f6cfa13fb8502cb06839106cdf371b9953d50e4b572d0bfa3c7?s=96&d=mm&r=g\",\"url\":\"https:\/\/secure.gravatar.com\/avatar\/1d1c30eaee7c2f6cfa13fb8502cb06839106cdf371b9953d50e4b572d0bfa3c7?s=96&d=mm&r=g\",\"contentUrl\":\"https:\/\/secure.gravatar.com\/avatar\/1d1c30eaee7c2f6cfa13fb8502cb06839106cdf371b9953d50e4b572d0bfa3c7?s=96&d=mm&r=g\",\"caption\":\"Redacci\u00f3n\"},\"url\":\"https:\/\/rednacionaldearte.com\/noticias\/author\/adan\/\"}]}<\/script>\n<!-- \/ Yoast SEO plugin. -->","yoast_head_json":{"title":"Presente Dist\u00f3pico: Convocatoria Para Exposici\u00f3n de Dise\u00f1o e Ilustraci\u00f3n En La Ciudad De M\u00e9xico","robots":{"index":"index","follow":"follow","max-snippet":"max-snippet:-1","max-image-preview":"max-image-preview:large","max-video-preview":"max-video-preview:-1"},"canonical":"http:\/\/rednacionaldearte.com\/noticias\/presente-distopico-convocatoria\/","og_locale":"es_ES","og_type":"article","og_title":"Presente Dist\u00f3pico: Convocatoria Para Exposici\u00f3n de Dise\u00f1o e Ilustraci\u00f3n En La Ciudad De M\u00e9xico","og_description":"Red Nacional de Arte, plataforma para artistas, gestores, centros culturales, galeri\u0301as y personas dedicadas al arte y la cultura, en su objetivo por impulsar el trabajo arti\u0301stico, su divulgacio\u0301n y programacio\u0301n, adema\u0301s de fomentar la creacio\u0301n de vi\u0301nculos que resulten puntos de reflexio\u0301n y cri\u0301tica ante los mecanismos de produccio\u0301n contempora\u0301neos, invita a participar en [&hellip;]","og_url":"http:\/\/rednacionaldearte.com\/noticias\/presente-distopico-convocatoria\/","og_site_name":"Red Nacional de Arte","article_publisher":"http:\/\/www.facebook.com\/rednacionaldearte\/","article_published_time":"2016-10-20T05:59:49+00:00","article_modified_time":"2016-10-20T06:01:11+00:00","og_image":[{"width":1200,"height":1154,"url":"http:\/\/rednacionaldearte.com\/noticias\/wp-content\/uploads\/2016\/10\/banner-presente-distopico.jpg","type":"image\/jpeg"}],"author":"Redacci\u00f3n","twitter_card":"summary_large_image","twitter_creator":"@rednacionalarte","twitter_site":"@rednacionalarte","twitter_misc":{"Escrito por":"Redacci\u00f3n","Tiempo de lectura":"1 minuto"},"schema":{"@context":"https:\/\/schema.org","@graph":[{"@type":"Article","@id":"http:\/\/rednacionaldearte.com\/noticias\/presente-distopico-convocatoria\/#article","isPartOf":{"@id":"http:\/\/rednacionaldearte.com\/noticias\/presente-distopico-convocatoria\/"},"author":{"name":"Redacci\u00f3n","@id":"http:\/\/rednacionaldearte.com\/noticias\/#\/schema\/person\/489d635082b1de413434d2708a3e5b9b"},"headline":"Presente Dist\u00f3pico: Convocatoria Para Exposici\u00f3n de Dise\u00f1o e Ilustraci\u00f3n En La Ciudad De M\u00e9xico","datePublished":"2016-10-20T05:59:49+00:00","dateModified":"2016-10-20T06:01:11+00:00","mainEntityOfPage":{"@id":"http:\/\/rednacionaldearte.com\/noticias\/presente-distopico-convocatoria\/"},"wordCount":176,"publisher":{"@id":"http:\/\/rednacionaldearte.com\/noticias\/#organization"},"image":{"@id":"http:\/\/rednacionaldearte.com\/noticias\/presente-distopico-convocatoria\/#primaryimage"},"thumbnailUrl":"https:\/\/rednacionaldearte.com\/noticias\/wp-content\/uploads\/2016\/10\/banner-presente-distopico.jpg","keywords":["Convocatorias","Dise\u00f1o","Ilustraci\u00f3n","Presente Dist\u00f3pico"],"articleSection":["Artes Visuales","Convocatorias","Dise\u00f1o","RNA"],"inLanguage":"es"},{"@type":"WebPage","@id":"http:\/\/rednacionaldearte.com\/noticias\/presente-distopico-convocatoria\/","url":"http:\/\/rednacionaldearte.com\/noticias\/presente-distopico-convocatoria\/","name":"Presente Dist\u00f3pico: Convocatoria Para Exposici\u00f3n de Dise\u00f1o e Ilustraci\u00f3n En La Ciudad De M\u00e9xico","isPartOf":{"@id":"http:\/\/rednacionaldearte.com\/noticias\/#website"},"primaryImageOfPage":{"@id":"http:\/\/rednacionaldearte.com\/noticias\/presente-distopico-convocatoria\/#primaryimage"},"image":{"@id":"http:\/\/rednacionaldearte.com\/noticias\/presente-distopico-convocatoria\/#primaryimage"},"thumbnailUrl":"https:\/\/rednacionaldearte.com\/noticias\/wp-content\/uploads\/2016\/10\/banner-presente-distopico.jpg","datePublished":"2016-10-20T05:59:49+00:00","dateModified":"2016-10-20T06:01:11+00:00","breadcrumb":{"@id":"http:\/\/rednacionaldearte.com\/noticias\/presente-distopico-convocatoria\/#breadcrumb"},"inLanguage":"es","potentialAction":[{"@type":"ReadAction","target":["http:\/\/rednacionaldearte.com\/noticias\/presente-distopico-convocatoria\/"]}]},{"@type":"ImageObject","inLanguage":"es","@id":"http:\/\/rednacionaldearte.com\/noticias\/presente-distopico-convocatoria\/#primaryimage","url":"https:\/\/rednacionaldearte.com\/noticias\/wp-content\/uploads\/2016\/10\/banner-presente-distopico.jpg","contentUrl":"https:\/\/rednacionaldearte.com\/noticias\/wp-content\/uploads\/2016\/10\/banner-presente-distopico.jpg","width":1200,"height":1154,"caption":"Presente Dist\u00f3pico"},{"@type":"BreadcrumbList","@id":"http:\/\/rednacionaldearte.com\/noticias\/presente-distopico-convocatoria\/#breadcrumb","itemListElement":[{"@type":"ListItem","position":1,"name":"Home","item":"http:\/\/rednacionaldearte.com\/noticias\/"},{"@type":"ListItem","position":2,"name":"Presente Dist\u00f3pico: Convocatoria Para Exposici\u00f3n de Dise\u00f1o e Ilustraci\u00f3n En La Ciudad De M\u00e9xico"}]},{"@type":"WebSite","@id":"http:\/\/rednacionaldearte.com\/noticias\/#website","url":"http:\/\/rednacionaldearte.com\/noticias\/","name":"Red Nacional de Arte","description":"Cultura y Arte contempor\u00e1neo en M\u00e9xico","publisher":{"@id":"http:\/\/rednacionaldearte.com\/noticias\/#organization"},"potentialAction":[{"@type":"SearchAction","target":{"@type":"EntryPoint","urlTemplate":"http:\/\/rednacionaldearte.com\/noticias\/?s={search_term_string}"},"query-input":{"@type":"PropertyValueSpecification","valueRequired":true,"valueName":"search_term_string"}}],"inLanguage":"es"},{"@type":"Organization","@id":"http:\/\/rednacionaldearte.com\/noticias\/#organization","name":"Red Nacional de Arte","url":"http:\/\/rednacionaldearte.com\/noticias\/","logo":{"@type":"ImageObject","inLanguage":"es","@id":"http:\/\/rednacionaldearte.com\/noticias\/#\/schema\/logo\/image\/","url":"http:\/\/rednacionaldearte.com\/noticias\/wp-content\/uploads\/2016\/04\/logo.png","contentUrl":"http:\/\/rednacionaldearte.com\/noticias\/wp-content\/uploads\/2016\/04\/logo.png","width":575,"height":554,"caption":"Red Nacional de Arte"},"image":{"@id":"http:\/\/rednacionaldearte.com\/noticias\/#\/schema\/logo\/image\/"},"sameAs":["http:\/\/www.facebook.com\/rednacionaldearte\/","https:\/\/x.com\/rednacionalarte"]},{"@type":"Person","@id":"http:\/\/rednacionaldearte.com\/noticias\/#\/schema\/person\/489d635082b1de413434d2708a3e5b9b","name":"Redacci\u00f3n","image":{"@type":"ImageObject","inLanguage":"es","@id":"https:\/\/secure.gravatar.com\/avatar\/1d1c30eaee7c2f6cfa13fb8502cb06839106cdf371b9953d50e4b572d0bfa3c7?s=96&d=mm&r=g","url":"https:\/\/secure.gravatar.com\/avatar\/1d1c30eaee7c2f6cfa13fb8502cb06839106cdf371b9953d50e4b572d0bfa3c7?s=96&d=mm&r=g","contentUrl":"https:\/\/secure.gravatar.com\/avatar\/1d1c30eaee7c2f6cfa13fb8502cb06839106cdf371b9953d50e4b572d0bfa3c7?s=96&d=mm&r=g","caption":"Redacci\u00f3n"},"url":"https:\/\/rednacionaldearte.com\/noticias\/author\/adan\/"}]}},"amp_validity":null,"amp_enabled":true,"_links":{"self":[{"href":"https:\/\/rednacionaldearte.com\/noticias\/wp-json\/wp\/v2\/posts\/265","targetHints":{"allow":["GET"]}}],"collection":[{"href":"https:\/\/rednacionaldearte.com\/noticias\/wp-json\/wp\/v2\/posts"}],"about":[{"href":"https:\/\/rednacionaldearte.com\/noticias\/wp-json\/wp\/v2\/types\/post"}],"author":[{"embeddable":true,"href":"https:\/\/rednacionaldearte.com\/noticias\/wp-json\/wp\/v2\/users\/1"}],"replies":[{"embeddable":true,"href":"https:\/\/rednacionaldearte.com\/noticias\/wp-json\/wp\/v2\/comments?post=265"}],"version-history":[{"count":3,"href":"https:\/\/rednacionaldearte.com\/noticias\/wp-json\/wp\/v2\/posts\/265\/revisions"}],"predecessor-version":[{"id":269,"href":"https:\/\/rednacionaldearte.com\/noticias\/wp-json\/wp\/v2\/posts\/265\/revisions\/269"}],"wp:featuredmedia":[{"embeddable":true,"href":"https:\/\/rednacionaldearte.com\/noticias\/wp-json\/wp\/v2\/media\/266"}],"wp:attachment":[{"href":"https:\/\/rednacionaldearte.com\/noticias\/wp-json\/wp\/v2\/media?parent=265"}],"wp:term":[{"taxonomy":"category","embeddable":true,"href":"https:\/\/rednacionaldearte.com\/noticias\/wp-json\/wp\/v2\/categories?post=265"},{"taxonomy":"post_tag","embeddable":true,"href":"https:\/\/rednacionaldearte.com\/noticias\/wp-json\/wp\/v2\/tags?post=265"}],"curies":[{"name":"wp","href":"https:\/\/api.w.org\/{rel}","templated":true}]}}