{"id":2784,"date":"2018-04-30T08:07:49","date_gmt":"2018-04-30T08:07:49","guid":{"rendered":"http:\/\/rednacionaldearte.com\/noticias\/?p=2784"},"modified":"2018-04-30T08:10:12","modified_gmt":"2018-04-30T08:10:12","slug":"sesion-danza-arnes","status":"publish","type":"post","link":"https:\/\/rednacionaldearte.com\/noticias\/sesion-danza-arnes\/","title":{"rendered":"\u00a1Asiste a una Sesi\u00f3n de Danza con Arn\u00e9s!"},"content":{"rendered":"<h2>Experimenta diferentes mec\u00e1nicas corporales para llevar al cuerpo m\u00e1s all\u00e1 de los l\u00edmites acostumbrados.<\/h2>\n<p><a href=\"http:\/\/rednacionaldearte.com\/noticias\/wp-content\/uploads\/2018\/04\/20770436_728662164000678_5582579071369150710_n.jpg\"><img loading=\"lazy\" decoding=\"async\" class=\"aligncenter size-full wp-image-2083\" src=\"http:\/\/rednacionaldearte.com\/noticias\/wp-content\/uploads\/2018\/04\/20770436_728662164000678_5582579071369150710_n.jpg\" alt=\"Ceniza de los Pasos - Foto LAMAC\" width=\"960\" height=\"640\" srcset=\"https:\/\/rednacionaldearte.com\/noticias\/wp-content\/uploads\/2018\/04\/20770436_728662164000678_5582579071369150710_n.jpg 960w, https:\/\/rednacionaldearte.com\/noticias\/wp-content\/uploads\/2018\/04\/20770436_728662164000678_5582579071369150710_n-300x200.jpg 300w, https:\/\/rednacionaldearte.com\/noticias\/wp-content\/uploads\/2018\/04\/20770436_728662164000678_5582579071369150710_n-768x512.jpg 768w, https:\/\/rednacionaldearte.com\/noticias\/wp-content\/uploads\/2018\/04\/20770436_728662164000678_5582579071369150710_n-360x240.jpg 360w\" sizes=\"auto, (max-width: 960px) 100vw, 960px\" \/><\/a><\/p>\n<p>Con motivo de la temporada de <strong><a href=\"http:\/\/rednacionaldearte.com\/noticias\/10-razones-ceniza-pasos\/\">Ceniza de los Pasos<\/a><\/strong> en el <a href=\"http:\/\/rednacionaldearte.com\/noticias\/ceniza-pasos-esperanza-iris\/\">Teatro de la Ciudad Esperanza Iris<\/a>, se llevar\u00e1 a cabo una <strong>sesi\u00f3n de Danza con Arn\u00e9s<\/strong> abierta al p\u00fablico.<\/p>\n<p>La sesi\u00f3n tiene un costo de $400 pesos e incluye:<\/p>\n<ol>\n<li>Un boleto para una funci\u00f3n de Ceniza de los Pasos en el Teatro de la Ciudad.<\/li>\n<li>3 fotograf\u00edas de colecci\u00f3n.<\/li>\n<li>Una publicaci\u00f3n coreogr\u00e1fica de danza con arn\u00e9s<\/li>\n<\/ol>\n<p>Los accesos son limitados y pueden adquirirse en <strong>laCantera<\/strong> (Ponciano Arriaga 31), <strong>Petipa<\/strong> (Dentro del CENART o en M. \u00c1ngel de Quevedo 140), o reservando con Catalina Navarrete al tel\u00e9fono 5541890393.<\/p>\n<p>Si est\u00e1s interesado(a) y deseas\u00a0 m\u00e1s informaci\u00f3n, te pedimos env\u00edes un correo a <strong>proyectos@rednacionaldearte.com<\/strong> con el asunto \u00abSesi\u00f3n Danza con Arn\u00e9s\u00bb y tu nombre y tel\u00e9fono.<\/p>\n<p>&nbsp;<\/p>\n","protected":false},"excerpt":{"rendered":"<p>Experimenta diferentes mec\u00e1nicas corporales para llevar al cuerpo m\u00e1s all\u00e1 de los l\u00edmites acostumbrados. Con motivo de la temporada de Ceniza de los Pasos en el Teatro de la Ciudad Esperanza Iris, se llevar\u00e1 a cabo una sesi\u00f3n de Danza con Arn\u00e9s abierta al p\u00fablico. La sesi\u00f3n tiene un costo de $400 pesos e incluye: [&hellip;]<\/p>\n","protected":false},"author":1,"featured_media":2083,"comment_status":"closed","ping_status":"open","sticky":false,"template":"","format":"standard","meta":{"footnotes":""},"categories":[103,43,58,41],"tags":[142],"class_list":["post-2784","post","type-post","status-publish","format-standard","has-post-thumbnail","hentry","category-artes-escenicas","category-cursos","category-danza","category-rna","tag-ceniza-de-los-pasos"],"yoast_head":"<!-- This site is optimized with the Yoast SEO plugin v27.2 - https:\/\/yoast.com\/product\/yoast-seo-wordpress\/ -->\n<title>\u00a1Asiste a una Sesi\u00f3n de Danza con Arn\u00e9s! - Ceniza de los Pasos<\/title>\n<meta name=\"description\" content=\"Con motivo de la temporada de Ceniza de los Pasos en el Teatro de la Ciudad Esperanza Iris, se llevar\u00e1 a cabo una sesi\u00f3n de Danza con Arn\u00e9s abierta al p\u00fablico.\" \/>\n<meta name=\"robots\" content=\"index, follow, max-snippet:-1, max-image-preview:large, max-video-preview:-1\" \/>\n<link rel=\"canonical\" href=\"http:\/\/rednacionaldearte.com\/noticias\/sesion-danza-arnes\/\" \/>\n<meta property=\"og:locale\" content=\"es_ES\" \/>\n<meta property=\"og:type\" content=\"article\" \/>\n<meta property=\"og:title\" content=\"\u00a1Asiste a una Sesi\u00f3n de Danza con Arn\u00e9s! - Ceniza de los Pasos\" \/>\n<meta property=\"og:description\" content=\"Con motivo de la temporada de Ceniza de los Pasos en el Teatro de la Ciudad Esperanza Iris, se llevar\u00e1 a cabo una sesi\u00f3n de Danza con Arn\u00e9s abierta al p\u00fablico.\" \/>\n<meta property=\"og:url\" content=\"http:\/\/rednacionaldearte.com\/noticias\/sesion-danza-arnes\/\" \/>\n<meta property=\"og:site_name\" content=\"Red Nacional de Arte\" \/>\n<meta property=\"article:publisher\" content=\"http:\/\/www.facebook.com\/rednacionaldearte\/\" \/>\n<meta property=\"article:published_time\" content=\"2018-04-30T08:07:49+00:00\" \/>\n<meta property=\"article:modified_time\" content=\"2018-04-30T08:10:12+00:00\" \/>\n<meta property=\"og:image\" content=\"http:\/\/rednacionaldearte.com\/noticias\/wp-content\/uploads\/2018\/04\/20770436_728662164000678_5582579071369150710_n.jpg\" \/>\n\t<meta property=\"og:image:width\" content=\"960\" \/>\n\t<meta property=\"og:image:height\" content=\"640\" \/>\n\t<meta property=\"og:image:type\" content=\"image\/jpeg\" \/>\n<meta name=\"author\" content=\"Redacci\u00f3n\" \/>\n<meta name=\"twitter:card\" content=\"summary_large_image\" \/>\n<meta name=\"twitter:title\" content=\"\u00a1Asiste a una Sesi\u00f3n de Danza con Arn\u00e9s! - Ceniza de los Pasos\" \/>\n<meta name=\"twitter:description\" content=\"Con motivo de la temporada de Ceniza de los Pasos en el Teatro de la Ciudad Esperanza Iris, se llevar\u00e1 a cabo una sesi\u00f3n de Danza con Arn\u00e9s abierta al p\u00fablico.\" \/>\n<meta name=\"twitter:creator\" content=\"@rednacionalarte\" \/>\n<meta name=\"twitter:site\" content=\"@rednacionalarte\" \/>\n<meta name=\"twitter:label1\" content=\"Escrito por\" \/>\n\t<meta name=\"twitter:data1\" content=\"Redacci\u00f3n\" \/>\n\t<meta name=\"twitter:label2\" content=\"Tiempo de lectura\" \/>\n\t<meta name=\"twitter:data2\" content=\"1 minuto\" \/>\n<script type=\"application\/ld+json\" class=\"yoast-schema-graph\">{\"@context\":\"https:\/\/schema.org\",\"@graph\":[{\"@type\":\"Article\",\"@id\":\"http:\/\/rednacionaldearte.com\/noticias\/sesion-danza-arnes\/#article\",\"isPartOf\":{\"@id\":\"http:\/\/rednacionaldearte.com\/noticias\/sesion-danza-arnes\/\"},\"author\":{\"name\":\"Redacci\u00f3n\",\"@id\":\"http:\/\/rednacionaldearte.com\/noticias\/#\/schema\/person\/489d635082b1de413434d2708a3e5b9b\"},\"headline\":\"\u00a1Asiste a una Sesi\u00f3n de Danza con Arn\u00e9s!\",\"datePublished\":\"2018-04-30T08:07:49+00:00\",\"dateModified\":\"2018-04-30T08:10:12+00:00\",\"mainEntityOfPage\":{\"@id\":\"http:\/\/rednacionaldearte.com\/noticias\/sesion-danza-arnes\/\"},\"wordCount\":169,\"publisher\":{\"@id\":\"http:\/\/rednacionaldearte.com\/noticias\/#organization\"},\"image\":{\"@id\":\"http:\/\/rednacionaldearte.com\/noticias\/sesion-danza-arnes\/#primaryimage\"},\"thumbnailUrl\":\"https:\/\/rednacionaldearte.com\/noticias\/wp-content\/uploads\/2018\/04\/20770436_728662164000678_5582579071369150710_n.jpg\",\"keywords\":[\"Ceniza de los Pasos\"],\"articleSection\":[\"Artes Esc\u00e9nicas\",\"Cursos\",\"Danza\",\"RNA\"],\"inLanguage\":\"es\"},{\"@type\":\"WebPage\",\"@id\":\"http:\/\/rednacionaldearte.com\/noticias\/sesion-danza-arnes\/\",\"url\":\"http:\/\/rednacionaldearte.com\/noticias\/sesion-danza-arnes\/\",\"name\":\"\u00a1Asiste a una Sesi\u00f3n de Danza con Arn\u00e9s! - Ceniza de los Pasos\",\"isPartOf\":{\"@id\":\"http:\/\/rednacionaldearte.com\/noticias\/#website\"},\"primaryImageOfPage\":{\"@id\":\"http:\/\/rednacionaldearte.com\/noticias\/sesion-danza-arnes\/#primaryimage\"},\"image\":{\"@id\":\"http:\/\/rednacionaldearte.com\/noticias\/sesion-danza-arnes\/#primaryimage\"},\"thumbnailUrl\":\"https:\/\/rednacionaldearte.com\/noticias\/wp-content\/uploads\/2018\/04\/20770436_728662164000678_5582579071369150710_n.jpg\",\"datePublished\":\"2018-04-30T08:07:49+00:00\",\"dateModified\":\"2018-04-30T08:10:12+00:00\",\"description\":\"Con motivo de la temporada de Ceniza de los Pasos en el Teatro de la Ciudad Esperanza Iris, se llevar\u00e1 a cabo una sesi\u00f3n de Danza con Arn\u00e9s abierta al p\u00fablico.\",\"breadcrumb\":{\"@id\":\"http:\/\/rednacionaldearte.com\/noticias\/sesion-danza-arnes\/#breadcrumb\"},\"inLanguage\":\"es\",\"potentialAction\":[{\"@type\":\"ReadAction\",\"target\":[\"http:\/\/rednacionaldearte.com\/noticias\/sesion-danza-arnes\/\"]}]},{\"@type\":\"ImageObject\",\"inLanguage\":\"es\",\"@id\":\"http:\/\/rednacionaldearte.com\/noticias\/sesion-danza-arnes\/#primaryimage\",\"url\":\"https:\/\/rednacionaldearte.com\/noticias\/wp-content\/uploads\/2018\/04\/20770436_728662164000678_5582579071369150710_n.jpg\",\"contentUrl\":\"https:\/\/rednacionaldearte.com\/noticias\/wp-content\/uploads\/2018\/04\/20770436_728662164000678_5582579071369150710_n.jpg\",\"width\":960,\"height\":640,\"caption\":\"Ceniza de los Pasos - Foto LAMAC\"},{\"@type\":\"BreadcrumbList\",\"@id\":\"http:\/\/rednacionaldearte.com\/noticias\/sesion-danza-arnes\/#breadcrumb\",\"itemListElement\":[{\"@type\":\"ListItem\",\"position\":1,\"name\":\"Home\",\"item\":\"http:\/\/rednacionaldearte.com\/noticias\/\"},{\"@type\":\"ListItem\",\"position\":2,\"name\":\"\u00a1Asiste a una Sesi\u00f3n de Danza con Arn\u00e9s!\"}]},{\"@type\":\"WebSite\",\"@id\":\"http:\/\/rednacionaldearte.com\/noticias\/#website\",\"url\":\"http:\/\/rednacionaldearte.com\/noticias\/\",\"name\":\"Red Nacional de Arte\",\"description\":\"Cultura y Arte contempor\u00e1neo en M\u00e9xico\",\"publisher\":{\"@id\":\"http:\/\/rednacionaldearte.com\/noticias\/#organization\"},\"potentialAction\":[{\"@type\":\"SearchAction\",\"target\":{\"@type\":\"EntryPoint\",\"urlTemplate\":\"http:\/\/rednacionaldearte.com\/noticias\/?s={search_term_string}\"},\"query-input\":{\"@type\":\"PropertyValueSpecification\",\"valueRequired\":true,\"valueName\":\"search_term_string\"}}],\"inLanguage\":\"es\"},{\"@type\":\"Organization\",\"@id\":\"http:\/\/rednacionaldearte.com\/noticias\/#organization\",\"name\":\"Red Nacional de Arte\",\"url\":\"http:\/\/rednacionaldearte.com\/noticias\/\",\"logo\":{\"@type\":\"ImageObject\",\"inLanguage\":\"es\",\"@id\":\"http:\/\/rednacionaldearte.com\/noticias\/#\/schema\/logo\/image\/\",\"url\":\"http:\/\/rednacionaldearte.com\/noticias\/wp-content\/uploads\/2016\/04\/logo.png\",\"contentUrl\":\"http:\/\/rednacionaldearte.com\/noticias\/wp-content\/uploads\/2016\/04\/logo.png\",\"width\":575,\"height\":554,\"caption\":\"Red Nacional de Arte\"},\"image\":{\"@id\":\"http:\/\/rednacionaldearte.com\/noticias\/#\/schema\/logo\/image\/\"},\"sameAs\":[\"http:\/\/www.facebook.com\/rednacionaldearte\/\",\"https:\/\/x.com\/rednacionalarte\"]},{\"@type\":\"Person\",\"@id\":\"http:\/\/rednacionaldearte.com\/noticias\/#\/schema\/person\/489d635082b1de413434d2708a3e5b9b\",\"name\":\"Redacci\u00f3n\",\"image\":{\"@type\":\"ImageObject\",\"inLanguage\":\"es\",\"@id\":\"https:\/\/secure.gravatar.com\/avatar\/1d1c30eaee7c2f6cfa13fb8502cb06839106cdf371b9953d50e4b572d0bfa3c7?s=96&d=mm&r=g\",\"url\":\"https:\/\/secure.gravatar.com\/avatar\/1d1c30eaee7c2f6cfa13fb8502cb06839106cdf371b9953d50e4b572d0bfa3c7?s=96&d=mm&r=g\",\"contentUrl\":\"https:\/\/secure.gravatar.com\/avatar\/1d1c30eaee7c2f6cfa13fb8502cb06839106cdf371b9953d50e4b572d0bfa3c7?s=96&d=mm&r=g\",\"caption\":\"Redacci\u00f3n\"},\"url\":\"https:\/\/rednacionaldearte.com\/noticias\/author\/adan\/\"}]}<\/script>\n<!-- \/ Yoast SEO plugin. -->","yoast_head_json":{"title":"\u00a1Asiste a una Sesi\u00f3n de Danza con Arn\u00e9s! - Ceniza de los Pasos","description":"Con motivo de la temporada de Ceniza de los Pasos en el Teatro de la Ciudad Esperanza Iris, se llevar\u00e1 a cabo una sesi\u00f3n de Danza con Arn\u00e9s abierta al p\u00fablico.","robots":{"index":"index","follow":"follow","max-snippet":"max-snippet:-1","max-image-preview":"max-image-preview:large","max-video-preview":"max-video-preview:-1"},"canonical":"http:\/\/rednacionaldearte.com\/noticias\/sesion-danza-arnes\/","og_locale":"es_ES","og_type":"article","og_title":"\u00a1Asiste a una Sesi\u00f3n de Danza con Arn\u00e9s! - Ceniza de los Pasos","og_description":"Con motivo de la temporada de Ceniza de los Pasos en el Teatro de la Ciudad Esperanza Iris, se llevar\u00e1 a cabo una sesi\u00f3n de Danza con Arn\u00e9s abierta al p\u00fablico.","og_url":"http:\/\/rednacionaldearte.com\/noticias\/sesion-danza-arnes\/","og_site_name":"Red Nacional de Arte","article_publisher":"http:\/\/www.facebook.com\/rednacionaldearte\/","article_published_time":"2018-04-30T08:07:49+00:00","article_modified_time":"2018-04-30T08:10:12+00:00","og_image":[{"width":960,"height":640,"url":"http:\/\/rednacionaldearte.com\/noticias\/wp-content\/uploads\/2018\/04\/20770436_728662164000678_5582579071369150710_n.jpg","type":"image\/jpeg"}],"author":"Redacci\u00f3n","twitter_card":"summary_large_image","twitter_title":"\u00a1Asiste a una Sesi\u00f3n de Danza con Arn\u00e9s! - Ceniza de los Pasos","twitter_description":"Con motivo de la temporada de Ceniza de los Pasos en el Teatro de la Ciudad Esperanza Iris, se llevar\u00e1 a cabo una sesi\u00f3n de Danza con Arn\u00e9s abierta al p\u00fablico.","twitter_creator":"@rednacionalarte","twitter_site":"@rednacionalarte","twitter_misc":{"Escrito por":"Redacci\u00f3n","Tiempo de lectura":"1 minuto"},"schema":{"@context":"https:\/\/schema.org","@graph":[{"@type":"Article","@id":"http:\/\/rednacionaldearte.com\/noticias\/sesion-danza-arnes\/#article","isPartOf":{"@id":"http:\/\/rednacionaldearte.com\/noticias\/sesion-danza-arnes\/"},"author":{"name":"Redacci\u00f3n","@id":"http:\/\/rednacionaldearte.com\/noticias\/#\/schema\/person\/489d635082b1de413434d2708a3e5b9b"},"headline":"\u00a1Asiste a una Sesi\u00f3n de Danza con Arn\u00e9s!","datePublished":"2018-04-30T08:07:49+00:00","dateModified":"2018-04-30T08:10:12+00:00","mainEntityOfPage":{"@id":"http:\/\/rednacionaldearte.com\/noticias\/sesion-danza-arnes\/"},"wordCount":169,"publisher":{"@id":"http:\/\/rednacionaldearte.com\/noticias\/#organization"},"image":{"@id":"http:\/\/rednacionaldearte.com\/noticias\/sesion-danza-arnes\/#primaryimage"},"thumbnailUrl":"https:\/\/rednacionaldearte.com\/noticias\/wp-content\/uploads\/2018\/04\/20770436_728662164000678_5582579071369150710_n.jpg","keywords":["Ceniza de los Pasos"],"articleSection":["Artes Esc\u00e9nicas","Cursos","Danza","RNA"],"inLanguage":"es"},{"@type":"WebPage","@id":"http:\/\/rednacionaldearte.com\/noticias\/sesion-danza-arnes\/","url":"http:\/\/rednacionaldearte.com\/noticias\/sesion-danza-arnes\/","name":"\u00a1Asiste a una Sesi\u00f3n de Danza con Arn\u00e9s! - Ceniza de los Pasos","isPartOf":{"@id":"http:\/\/rednacionaldearte.com\/noticias\/#website"},"primaryImageOfPage":{"@id":"http:\/\/rednacionaldearte.com\/noticias\/sesion-danza-arnes\/#primaryimage"},"image":{"@id":"http:\/\/rednacionaldearte.com\/noticias\/sesion-danza-arnes\/#primaryimage"},"thumbnailUrl":"https:\/\/rednacionaldearte.com\/noticias\/wp-content\/uploads\/2018\/04\/20770436_728662164000678_5582579071369150710_n.jpg","datePublished":"2018-04-30T08:07:49+00:00","dateModified":"2018-04-30T08:10:12+00:00","description":"Con motivo de la temporada de Ceniza de los Pasos en el Teatro de la Ciudad Esperanza Iris, se llevar\u00e1 a cabo una sesi\u00f3n de Danza con Arn\u00e9s abierta al p\u00fablico.","breadcrumb":{"@id":"http:\/\/rednacionaldearte.com\/noticias\/sesion-danza-arnes\/#breadcrumb"},"inLanguage":"es","potentialAction":[{"@type":"ReadAction","target":["http:\/\/rednacionaldearte.com\/noticias\/sesion-danza-arnes\/"]}]},{"@type":"ImageObject","inLanguage":"es","@id":"http:\/\/rednacionaldearte.com\/noticias\/sesion-danza-arnes\/#primaryimage","url":"https:\/\/rednacionaldearte.com\/noticias\/wp-content\/uploads\/2018\/04\/20770436_728662164000678_5582579071369150710_n.jpg","contentUrl":"https:\/\/rednacionaldearte.com\/noticias\/wp-content\/uploads\/2018\/04\/20770436_728662164000678_5582579071369150710_n.jpg","width":960,"height":640,"caption":"Ceniza de los Pasos - Foto LAMAC"},{"@type":"BreadcrumbList","@id":"http:\/\/rednacionaldearte.com\/noticias\/sesion-danza-arnes\/#breadcrumb","itemListElement":[{"@type":"ListItem","position":1,"name":"Home","item":"http:\/\/rednacionaldearte.com\/noticias\/"},{"@type":"ListItem","position":2,"name":"\u00a1Asiste a una Sesi\u00f3n de Danza con Arn\u00e9s!"}]},{"@type":"WebSite","@id":"http:\/\/rednacionaldearte.com\/noticias\/#website","url":"http:\/\/rednacionaldearte.com\/noticias\/","name":"Red Nacional de Arte","description":"Cultura y Arte contempor\u00e1neo en M\u00e9xico","publisher":{"@id":"http:\/\/rednacionaldearte.com\/noticias\/#organization"},"potentialAction":[{"@type":"SearchAction","target":{"@type":"EntryPoint","urlTemplate":"http:\/\/rednacionaldearte.com\/noticias\/?s={search_term_string}"},"query-input":{"@type":"PropertyValueSpecification","valueRequired":true,"valueName":"search_term_string"}}],"inLanguage":"es"},{"@type":"Organization","@id":"http:\/\/rednacionaldearte.com\/noticias\/#organization","name":"Red Nacional de Arte","url":"http:\/\/rednacionaldearte.com\/noticias\/","logo":{"@type":"ImageObject","inLanguage":"es","@id":"http:\/\/rednacionaldearte.com\/noticias\/#\/schema\/logo\/image\/","url":"http:\/\/rednacionaldearte.com\/noticias\/wp-content\/uploads\/2016\/04\/logo.png","contentUrl":"http:\/\/rednacionaldearte.com\/noticias\/wp-content\/uploads\/2016\/04\/logo.png","width":575,"height":554,"caption":"Red Nacional de Arte"},"image":{"@id":"http:\/\/rednacionaldearte.com\/noticias\/#\/schema\/logo\/image\/"},"sameAs":["http:\/\/www.facebook.com\/rednacionaldearte\/","https:\/\/x.com\/rednacionalarte"]},{"@type":"Person","@id":"http:\/\/rednacionaldearte.com\/noticias\/#\/schema\/person\/489d635082b1de413434d2708a3e5b9b","name":"Redacci\u00f3n","image":{"@type":"ImageObject","inLanguage":"es","@id":"https:\/\/secure.gravatar.com\/avatar\/1d1c30eaee7c2f6cfa13fb8502cb06839106cdf371b9953d50e4b572d0bfa3c7?s=96&d=mm&r=g","url":"https:\/\/secure.gravatar.com\/avatar\/1d1c30eaee7c2f6cfa13fb8502cb06839106cdf371b9953d50e4b572d0bfa3c7?s=96&d=mm&r=g","contentUrl":"https:\/\/secure.gravatar.com\/avatar\/1d1c30eaee7c2f6cfa13fb8502cb06839106cdf371b9953d50e4b572d0bfa3c7?s=96&d=mm&r=g","caption":"Redacci\u00f3n"},"url":"https:\/\/rednacionaldearte.com\/noticias\/author\/adan\/"}]}},"amp_validity":null,"amp_enabled":true,"_links":{"self":[{"href":"https:\/\/rednacionaldearte.com\/noticias\/wp-json\/wp\/v2\/posts\/2784","targetHints":{"allow":["GET"]}}],"collection":[{"href":"https:\/\/rednacionaldearte.com\/noticias\/wp-json\/wp\/v2\/posts"}],"about":[{"href":"https:\/\/rednacionaldearte.com\/noticias\/wp-json\/wp\/v2\/types\/post"}],"author":[{"embeddable":true,"href":"https:\/\/rednacionaldearte.com\/noticias\/wp-json\/wp\/v2\/users\/1"}],"replies":[{"embeddable":true,"href":"https:\/\/rednacionaldearte.com\/noticias\/wp-json\/wp\/v2\/comments?post=2784"}],"version-history":[{"count":1,"href":"https:\/\/rednacionaldearte.com\/noticias\/wp-json\/wp\/v2\/posts\/2784\/revisions"}],"predecessor-version":[{"id":2785,"href":"https:\/\/rednacionaldearte.com\/noticias\/wp-json\/wp\/v2\/posts\/2784\/revisions\/2785"}],"wp:featuredmedia":[{"embeddable":true,"href":"https:\/\/rednacionaldearte.com\/noticias\/wp-json\/wp\/v2\/media\/2083"}],"wp:attachment":[{"href":"https:\/\/rednacionaldearte.com\/noticias\/wp-json\/wp\/v2\/media?parent=2784"}],"wp:term":[{"taxonomy":"category","embeddable":true,"href":"https:\/\/rednacionaldearte.com\/noticias\/wp-json\/wp\/v2\/categories?post=2784"},{"taxonomy":"post_tag","embeddable":true,"href":"https:\/\/rednacionaldearte.com\/noticias\/wp-json\/wp\/v2\/tags?post=2784"}],"curies":[{"name":"wp","href":"https:\/\/api.w.org\/{rel}","templated":true}]}}