{"id":29,"date":"2016-01-25T22:20:50","date_gmt":"2016-01-25T22:20:50","guid":{"rendered":"http:\/\/rednacionaldearte.com\/noticias\/?p=29"},"modified":"2016-01-25T22:22:03","modified_gmt":"2016-01-25T22:22:03","slug":"paisaje-y-la-psique-convocatoria-para-exponer-en-la-ciudad-de-mexico","status":"publish","type":"post","link":"https:\/\/rednacionaldearte.com\/noticias\/paisaje-y-la-psique-convocatoria-para-exponer-en-la-ciudad-de-mexico\/","title":{"rendered":"El Paisaje y la Psique: Convocatoria para Exposici\u00f3n Fotogr\u00e1fica en la Ciudad de M\u00e9xico"},"content":{"rendered":"<div class=\"page\" title=\"Page 1\">\n<div class=\"layoutArea\">\n<div class=\"column\">\n<p style=\"text-align: justify;\">Red Nacional de Arte, plataforma para artistas, gestores, centros culturales, galeri\u0301as y personas dedicadas al arte y la cultura, en su objetivo por impulsar el trabajo arti\u0301stico, su divulgacio\u0301n y programacio\u0301n, adema\u0301s de fomentar la creacio\u0301n de vi\u0301nculos que resulten puntos de reflexio\u0301n y cri\u0301tica ante los mecanismos de produccio\u0301n contempora\u0301neos, invita a participar en la exposicio\u0301n fotogra\u0301fica colectiva \u201cEl Paisaje y la Psique: Reflexiones de un Entorno\u201d.<\/p>\n<\/div>\n<div class=\"page\" title=\"Page 1\">\n<div class=\"layoutArea\">\n<div class=\"column\">\n<p style=\"text-align: justify;\">La muestra tiene como objetivo reunir el trabajo de foto\u0301grafos de Me\u0301xico y el mundo que aborden la relacio\u0301n que existe entre el paisaje y la psique, tomando en cuenta la construccio\u0301n reci\u0301proca del mundo que habitamos.<\/p>\n<p style=\"text-align: justify;\">Para mayor informaci\u00f3n, descargar la convocatoria en el siguiente link:<\/p>\n<p><a href=\"http:\/\/rednacionaldearte.com\/docs\/Convocatoria-El-Paisaje-y-la-psique.pdf\" target=\"_blank\">http:\/\/rednacionaldearte.com\/docs\/Convocatoria-El-Paisaje-y-la-psique.pdf<\/a><\/p>\n<\/div>\n<\/div>\n<\/div>\n<\/div>\n<\/div>\n","protected":false},"excerpt":{"rendered":"<p>Red Nacional de Arte, plataforma para artistas, gestores, centros culturales, galeri\u0301as y personas dedicadas al arte y la cultura, en su objetivo por impulsar el trabajo arti\u0301stico, su divulgacio\u0301n y programacio\u0301n, adema\u0301s de fomentar la creacio\u0301n de vi\u0301nculos que resulten puntos de reflexio\u0301n y cri\u0301tica ante los mecanismos de produccio\u0301n contempora\u0301neos, invita a participar en [&hellip;]<\/p>\n","protected":false},"author":1,"featured_media":30,"comment_status":"closed","ping_status":"open","sticky":false,"template":"","format":"standard","meta":{"footnotes":""},"categories":[24,2],"tags":[38,37,36,39,40],"class_list":["post-29","post","type-post","status-publish","format-standard","has-post-thumbnail","hentry","category-convocatorias","category-fotografia","tag-ciudad-de-mexico","tag-convocatoria","tag-el-paisaje-y-la-psique","tag-fotografia","tag-red-nacional-de-arte"],"yoast_head":"<!-- This site is optimized with the Yoast SEO plugin v27.2 - https:\/\/yoast.com\/product\/yoast-seo-wordpress\/ -->\n<title>El Paisaje y la Psique: Convocatoria para Exposici\u00f3n Fotogr\u00e1fica en la Ciudad de M\u00e9xico - Red Nacional de Arte<\/title>\n<meta name=\"robots\" content=\"index, follow, max-snippet:-1, max-image-preview:large, max-video-preview:-1\" \/>\n<link rel=\"canonical\" href=\"http:\/\/rednacionaldearte.com\/noticias\/paisaje-y-la-psique-convocatoria-para-exponer-en-la-ciudad-de-mexico\/\" \/>\n<meta property=\"og:locale\" content=\"es_ES\" \/>\n<meta property=\"og:type\" content=\"article\" \/>\n<meta property=\"og:title\" content=\"El Paisaje y la Psique: Convocatoria para Exposici\u00f3n Fotogr\u00e1fica en la Ciudad de M\u00e9xico - Red Nacional de Arte\" \/>\n<meta property=\"og:description\" content=\"Red Nacional de Arte, plataforma para artistas, gestores, centros culturales, galeri\u0301as y personas dedicadas al arte y la cultura, en su objetivo por impulsar el trabajo arti\u0301stico, su divulgacio\u0301n y programacio\u0301n, adema\u0301s de fomentar la creacio\u0301n de vi\u0301nculos que resulten puntos de reflexio\u0301n y cri\u0301tica ante los mecanismos de produccio\u0301n contempora\u0301neos, invita a participar en [&hellip;]\" \/>\n<meta property=\"og:url\" content=\"http:\/\/rednacionaldearte.com\/noticias\/paisaje-y-la-psique-convocatoria-para-exponer-en-la-ciudad-de-mexico\/\" \/>\n<meta property=\"og:site_name\" content=\"Red Nacional de Arte\" \/>\n<meta property=\"article:publisher\" content=\"http:\/\/www.facebook.com\/rednacionaldearte\/\" \/>\n<meta property=\"article:published_time\" content=\"2016-01-25T22:20:50+00:00\" \/>\n<meta property=\"article:modified_time\" content=\"2016-01-25T22:22:03+00:00\" \/>\n<meta property=\"og:image\" content=\"http:\/\/rednacionaldearte.com\/noticias\/wp-content\/uploads\/2016\/01\/banner-paisaje.jpg\" \/>\n\t<meta property=\"og:image:width\" content=\"1200\" \/>\n\t<meta property=\"og:image:height\" content=\"1200\" \/>\n\t<meta property=\"og:image:type\" content=\"image\/jpeg\" \/>\n<meta name=\"author\" content=\"Redacci\u00f3n\" \/>\n<meta name=\"twitter:card\" content=\"summary_large_image\" \/>\n<meta name=\"twitter:creator\" content=\"@rednacionalarte\" \/>\n<meta name=\"twitter:site\" content=\"@rednacionalarte\" \/>\n<meta name=\"twitter:label1\" content=\"Escrito por\" \/>\n\t<meta name=\"twitter:data1\" content=\"Redacci\u00f3n\" \/>\n\t<meta name=\"twitter:label2\" content=\"Tiempo de lectura\" \/>\n\t<meta name=\"twitter:data2\" content=\"1 minuto\" \/>\n<script type=\"application\/ld+json\" class=\"yoast-schema-graph\">{\"@context\":\"https:\/\/schema.org\",\"@graph\":[{\"@type\":\"Article\",\"@id\":\"http:\/\/rednacionaldearte.com\/noticias\/paisaje-y-la-psique-convocatoria-para-exponer-en-la-ciudad-de-mexico\/#article\",\"isPartOf\":{\"@id\":\"http:\/\/rednacionaldearte.com\/noticias\/paisaje-y-la-psique-convocatoria-para-exponer-en-la-ciudad-de-mexico\/\"},\"author\":{\"name\":\"Redacci\u00f3n\",\"@id\":\"http:\/\/rednacionaldearte.com\/noticias\/#\/schema\/person\/489d635082b1de413434d2708a3e5b9b\"},\"headline\":\"El Paisaje y la Psique: Convocatoria para Exposici\u00f3n Fotogr\u00e1fica en la Ciudad de M\u00e9xico\",\"datePublished\":\"2016-01-25T22:20:50+00:00\",\"dateModified\":\"2016-01-25T22:22:03+00:00\",\"mainEntityOfPage\":{\"@id\":\"http:\/\/rednacionaldearte.com\/noticias\/paisaje-y-la-psique-convocatoria-para-exponer-en-la-ciudad-de-mexico\/\"},\"wordCount\":157,\"publisher\":{\"@id\":\"http:\/\/rednacionaldearte.com\/noticias\/#organization\"},\"image\":{\"@id\":\"http:\/\/rednacionaldearte.com\/noticias\/paisaje-y-la-psique-convocatoria-para-exponer-en-la-ciudad-de-mexico\/#primaryimage\"},\"thumbnailUrl\":\"https:\/\/rednacionaldearte.com\/noticias\/wp-content\/uploads\/2016\/01\/banner-paisaje.jpg\",\"keywords\":[\"ciudad de M\u00e9xico\",\"convocatoria\",\"El paisaje y la psique\",\"Fotograf\u00eda\",\"Red Nacional de Arte\"],\"articleSection\":[\"Convocatorias\",\"Fotograf\u00eda\"],\"inLanguage\":\"es\"},{\"@type\":\"WebPage\",\"@id\":\"http:\/\/rednacionaldearte.com\/noticias\/paisaje-y-la-psique-convocatoria-para-exponer-en-la-ciudad-de-mexico\/\",\"url\":\"http:\/\/rednacionaldearte.com\/noticias\/paisaje-y-la-psique-convocatoria-para-exponer-en-la-ciudad-de-mexico\/\",\"name\":\"El Paisaje y la Psique: Convocatoria para Exposici\u00f3n Fotogr\u00e1fica en la Ciudad de M\u00e9xico - Red Nacional de Arte\",\"isPartOf\":{\"@id\":\"http:\/\/rednacionaldearte.com\/noticias\/#website\"},\"primaryImageOfPage\":{\"@id\":\"http:\/\/rednacionaldearte.com\/noticias\/paisaje-y-la-psique-convocatoria-para-exponer-en-la-ciudad-de-mexico\/#primaryimage\"},\"image\":{\"@id\":\"http:\/\/rednacionaldearte.com\/noticias\/paisaje-y-la-psique-convocatoria-para-exponer-en-la-ciudad-de-mexico\/#primaryimage\"},\"thumbnailUrl\":\"https:\/\/rednacionaldearte.com\/noticias\/wp-content\/uploads\/2016\/01\/banner-paisaje.jpg\",\"datePublished\":\"2016-01-25T22:20:50+00:00\",\"dateModified\":\"2016-01-25T22:22:03+00:00\",\"breadcrumb\":{\"@id\":\"http:\/\/rednacionaldearte.com\/noticias\/paisaje-y-la-psique-convocatoria-para-exponer-en-la-ciudad-de-mexico\/#breadcrumb\"},\"inLanguage\":\"es\",\"potentialAction\":[{\"@type\":\"ReadAction\",\"target\":[\"http:\/\/rednacionaldearte.com\/noticias\/paisaje-y-la-psique-convocatoria-para-exponer-en-la-ciudad-de-mexico\/\"]}]},{\"@type\":\"ImageObject\",\"inLanguage\":\"es\",\"@id\":\"http:\/\/rednacionaldearte.com\/noticias\/paisaje-y-la-psique-convocatoria-para-exponer-en-la-ciudad-de-mexico\/#primaryimage\",\"url\":\"https:\/\/rednacionaldearte.com\/noticias\/wp-content\/uploads\/2016\/01\/banner-paisaje.jpg\",\"contentUrl\":\"https:\/\/rednacionaldearte.com\/noticias\/wp-content\/uploads\/2016\/01\/banner-paisaje.jpg\",\"width\":1200,\"height\":1200},{\"@type\":\"BreadcrumbList\",\"@id\":\"http:\/\/rednacionaldearte.com\/noticias\/paisaje-y-la-psique-convocatoria-para-exponer-en-la-ciudad-de-mexico\/#breadcrumb\",\"itemListElement\":[{\"@type\":\"ListItem\",\"position\":1,\"name\":\"Home\",\"item\":\"http:\/\/rednacionaldearte.com\/noticias\/\"},{\"@type\":\"ListItem\",\"position\":2,\"name\":\"El Paisaje y la Psique: Convocatoria para Exposici\u00f3n Fotogr\u00e1fica en la Ciudad de M\u00e9xico\"}]},{\"@type\":\"WebSite\",\"@id\":\"http:\/\/rednacionaldearte.com\/noticias\/#website\",\"url\":\"http:\/\/rednacionaldearte.com\/noticias\/\",\"name\":\"Red Nacional de Arte\",\"description\":\"Cultura y Arte contempor\u00e1neo en M\u00e9xico\",\"publisher\":{\"@id\":\"http:\/\/rednacionaldearte.com\/noticias\/#organization\"},\"potentialAction\":[{\"@type\":\"SearchAction\",\"target\":{\"@type\":\"EntryPoint\",\"urlTemplate\":\"http:\/\/rednacionaldearte.com\/noticias\/?s={search_term_string}\"},\"query-input\":{\"@type\":\"PropertyValueSpecification\",\"valueRequired\":true,\"valueName\":\"search_term_string\"}}],\"inLanguage\":\"es\"},{\"@type\":\"Organization\",\"@id\":\"http:\/\/rednacionaldearte.com\/noticias\/#organization\",\"name\":\"Red Nacional de Arte\",\"url\":\"http:\/\/rednacionaldearte.com\/noticias\/\",\"logo\":{\"@type\":\"ImageObject\",\"inLanguage\":\"es\",\"@id\":\"http:\/\/rednacionaldearte.com\/noticias\/#\/schema\/logo\/image\/\",\"url\":\"http:\/\/rednacionaldearte.com\/noticias\/wp-content\/uploads\/2016\/04\/logo.png\",\"contentUrl\":\"http:\/\/rednacionaldearte.com\/noticias\/wp-content\/uploads\/2016\/04\/logo.png\",\"width\":575,\"height\":554,\"caption\":\"Red Nacional de Arte\"},\"image\":{\"@id\":\"http:\/\/rednacionaldearte.com\/noticias\/#\/schema\/logo\/image\/\"},\"sameAs\":[\"http:\/\/www.facebook.com\/rednacionaldearte\/\",\"https:\/\/x.com\/rednacionalarte\"]},{\"@type\":\"Person\",\"@id\":\"http:\/\/rednacionaldearte.com\/noticias\/#\/schema\/person\/489d635082b1de413434d2708a3e5b9b\",\"name\":\"Redacci\u00f3n\",\"image\":{\"@type\":\"ImageObject\",\"inLanguage\":\"es\",\"@id\":\"https:\/\/secure.gravatar.com\/avatar\/1d1c30eaee7c2f6cfa13fb8502cb06839106cdf371b9953d50e4b572d0bfa3c7?s=96&d=mm&r=g\",\"url\":\"https:\/\/secure.gravatar.com\/avatar\/1d1c30eaee7c2f6cfa13fb8502cb06839106cdf371b9953d50e4b572d0bfa3c7?s=96&d=mm&r=g\",\"contentUrl\":\"https:\/\/secure.gravatar.com\/avatar\/1d1c30eaee7c2f6cfa13fb8502cb06839106cdf371b9953d50e4b572d0bfa3c7?s=96&d=mm&r=g\",\"caption\":\"Redacci\u00f3n\"},\"url\":\"https:\/\/rednacionaldearte.com\/noticias\/author\/adan\/\"}]}<\/script>\n<!-- \/ Yoast SEO plugin. -->","yoast_head_json":{"title":"El Paisaje y la Psique: Convocatoria para Exposici\u00f3n Fotogr\u00e1fica en la Ciudad de M\u00e9xico - Red Nacional de Arte","robots":{"index":"index","follow":"follow","max-snippet":"max-snippet:-1","max-image-preview":"max-image-preview:large","max-video-preview":"max-video-preview:-1"},"canonical":"http:\/\/rednacionaldearte.com\/noticias\/paisaje-y-la-psique-convocatoria-para-exponer-en-la-ciudad-de-mexico\/","og_locale":"es_ES","og_type":"article","og_title":"El Paisaje y la Psique: Convocatoria para Exposici\u00f3n Fotogr\u00e1fica en la Ciudad de M\u00e9xico - Red Nacional de Arte","og_description":"Red Nacional de Arte, plataforma para artistas, gestores, centros culturales, galeri\u0301as y personas dedicadas al arte y la cultura, en su objetivo por impulsar el trabajo arti\u0301stico, su divulgacio\u0301n y programacio\u0301n, adema\u0301s de fomentar la creacio\u0301n de vi\u0301nculos que resulten puntos de reflexio\u0301n y cri\u0301tica ante los mecanismos de produccio\u0301n contempora\u0301neos, invita a participar en [&hellip;]","og_url":"http:\/\/rednacionaldearte.com\/noticias\/paisaje-y-la-psique-convocatoria-para-exponer-en-la-ciudad-de-mexico\/","og_site_name":"Red Nacional de Arte","article_publisher":"http:\/\/www.facebook.com\/rednacionaldearte\/","article_published_time":"2016-01-25T22:20:50+00:00","article_modified_time":"2016-01-25T22:22:03+00:00","og_image":[{"width":1200,"height":1200,"url":"http:\/\/rednacionaldearte.com\/noticias\/wp-content\/uploads\/2016\/01\/banner-paisaje.jpg","type":"image\/jpeg"}],"author":"Redacci\u00f3n","twitter_card":"summary_large_image","twitter_creator":"@rednacionalarte","twitter_site":"@rednacionalarte","twitter_misc":{"Escrito por":"Redacci\u00f3n","Tiempo de lectura":"1 minuto"},"schema":{"@context":"https:\/\/schema.org","@graph":[{"@type":"Article","@id":"http:\/\/rednacionaldearte.com\/noticias\/paisaje-y-la-psique-convocatoria-para-exponer-en-la-ciudad-de-mexico\/#article","isPartOf":{"@id":"http:\/\/rednacionaldearte.com\/noticias\/paisaje-y-la-psique-convocatoria-para-exponer-en-la-ciudad-de-mexico\/"},"author":{"name":"Redacci\u00f3n","@id":"http:\/\/rednacionaldearte.com\/noticias\/#\/schema\/person\/489d635082b1de413434d2708a3e5b9b"},"headline":"El Paisaje y la Psique: Convocatoria para Exposici\u00f3n Fotogr\u00e1fica en la Ciudad de M\u00e9xico","datePublished":"2016-01-25T22:20:50+00:00","dateModified":"2016-01-25T22:22:03+00:00","mainEntityOfPage":{"@id":"http:\/\/rednacionaldearte.com\/noticias\/paisaje-y-la-psique-convocatoria-para-exponer-en-la-ciudad-de-mexico\/"},"wordCount":157,"publisher":{"@id":"http:\/\/rednacionaldearte.com\/noticias\/#organization"},"image":{"@id":"http:\/\/rednacionaldearte.com\/noticias\/paisaje-y-la-psique-convocatoria-para-exponer-en-la-ciudad-de-mexico\/#primaryimage"},"thumbnailUrl":"https:\/\/rednacionaldearte.com\/noticias\/wp-content\/uploads\/2016\/01\/banner-paisaje.jpg","keywords":["ciudad de M\u00e9xico","convocatoria","El paisaje y la psique","Fotograf\u00eda","Red Nacional de Arte"],"articleSection":["Convocatorias","Fotograf\u00eda"],"inLanguage":"es"},{"@type":"WebPage","@id":"http:\/\/rednacionaldearte.com\/noticias\/paisaje-y-la-psique-convocatoria-para-exponer-en-la-ciudad-de-mexico\/","url":"http:\/\/rednacionaldearte.com\/noticias\/paisaje-y-la-psique-convocatoria-para-exponer-en-la-ciudad-de-mexico\/","name":"El Paisaje y la Psique: Convocatoria para Exposici\u00f3n Fotogr\u00e1fica en la Ciudad de M\u00e9xico - Red Nacional de Arte","isPartOf":{"@id":"http:\/\/rednacionaldearte.com\/noticias\/#website"},"primaryImageOfPage":{"@id":"http:\/\/rednacionaldearte.com\/noticias\/paisaje-y-la-psique-convocatoria-para-exponer-en-la-ciudad-de-mexico\/#primaryimage"},"image":{"@id":"http:\/\/rednacionaldearte.com\/noticias\/paisaje-y-la-psique-convocatoria-para-exponer-en-la-ciudad-de-mexico\/#primaryimage"},"thumbnailUrl":"https:\/\/rednacionaldearte.com\/noticias\/wp-content\/uploads\/2016\/01\/banner-paisaje.jpg","datePublished":"2016-01-25T22:20:50+00:00","dateModified":"2016-01-25T22:22:03+00:00","breadcrumb":{"@id":"http:\/\/rednacionaldearte.com\/noticias\/paisaje-y-la-psique-convocatoria-para-exponer-en-la-ciudad-de-mexico\/#breadcrumb"},"inLanguage":"es","potentialAction":[{"@type":"ReadAction","target":["http:\/\/rednacionaldearte.com\/noticias\/paisaje-y-la-psique-convocatoria-para-exponer-en-la-ciudad-de-mexico\/"]}]},{"@type":"ImageObject","inLanguage":"es","@id":"http:\/\/rednacionaldearte.com\/noticias\/paisaje-y-la-psique-convocatoria-para-exponer-en-la-ciudad-de-mexico\/#primaryimage","url":"https:\/\/rednacionaldearte.com\/noticias\/wp-content\/uploads\/2016\/01\/banner-paisaje.jpg","contentUrl":"https:\/\/rednacionaldearte.com\/noticias\/wp-content\/uploads\/2016\/01\/banner-paisaje.jpg","width":1200,"height":1200},{"@type":"BreadcrumbList","@id":"http:\/\/rednacionaldearte.com\/noticias\/paisaje-y-la-psique-convocatoria-para-exponer-en-la-ciudad-de-mexico\/#breadcrumb","itemListElement":[{"@type":"ListItem","position":1,"name":"Home","item":"http:\/\/rednacionaldearte.com\/noticias\/"},{"@type":"ListItem","position":2,"name":"El Paisaje y la Psique: Convocatoria para Exposici\u00f3n Fotogr\u00e1fica en la Ciudad de M\u00e9xico"}]},{"@type":"WebSite","@id":"http:\/\/rednacionaldearte.com\/noticias\/#website","url":"http:\/\/rednacionaldearte.com\/noticias\/","name":"Red Nacional de Arte","description":"Cultura y Arte contempor\u00e1neo en M\u00e9xico","publisher":{"@id":"http:\/\/rednacionaldearte.com\/noticias\/#organization"},"potentialAction":[{"@type":"SearchAction","target":{"@type":"EntryPoint","urlTemplate":"http:\/\/rednacionaldearte.com\/noticias\/?s={search_term_string}"},"query-input":{"@type":"PropertyValueSpecification","valueRequired":true,"valueName":"search_term_string"}}],"inLanguage":"es"},{"@type":"Organization","@id":"http:\/\/rednacionaldearte.com\/noticias\/#organization","name":"Red Nacional de Arte","url":"http:\/\/rednacionaldearte.com\/noticias\/","logo":{"@type":"ImageObject","inLanguage":"es","@id":"http:\/\/rednacionaldearte.com\/noticias\/#\/schema\/logo\/image\/","url":"http:\/\/rednacionaldearte.com\/noticias\/wp-content\/uploads\/2016\/04\/logo.png","contentUrl":"http:\/\/rednacionaldearte.com\/noticias\/wp-content\/uploads\/2016\/04\/logo.png","width":575,"height":554,"caption":"Red Nacional de Arte"},"image":{"@id":"http:\/\/rednacionaldearte.com\/noticias\/#\/schema\/logo\/image\/"},"sameAs":["http:\/\/www.facebook.com\/rednacionaldearte\/","https:\/\/x.com\/rednacionalarte"]},{"@type":"Person","@id":"http:\/\/rednacionaldearte.com\/noticias\/#\/schema\/person\/489d635082b1de413434d2708a3e5b9b","name":"Redacci\u00f3n","image":{"@type":"ImageObject","inLanguage":"es","@id":"https:\/\/secure.gravatar.com\/avatar\/1d1c30eaee7c2f6cfa13fb8502cb06839106cdf371b9953d50e4b572d0bfa3c7?s=96&d=mm&r=g","url":"https:\/\/secure.gravatar.com\/avatar\/1d1c30eaee7c2f6cfa13fb8502cb06839106cdf371b9953d50e4b572d0bfa3c7?s=96&d=mm&r=g","contentUrl":"https:\/\/secure.gravatar.com\/avatar\/1d1c30eaee7c2f6cfa13fb8502cb06839106cdf371b9953d50e4b572d0bfa3c7?s=96&d=mm&r=g","caption":"Redacci\u00f3n"},"url":"https:\/\/rednacionaldearte.com\/noticias\/author\/adan\/"}]}},"amp_validity":null,"amp_enabled":true,"_links":{"self":[{"href":"https:\/\/rednacionaldearte.com\/noticias\/wp-json\/wp\/v2\/posts\/29","targetHints":{"allow":["GET"]}}],"collection":[{"href":"https:\/\/rednacionaldearte.com\/noticias\/wp-json\/wp\/v2\/posts"}],"about":[{"href":"https:\/\/rednacionaldearte.com\/noticias\/wp-json\/wp\/v2\/types\/post"}],"author":[{"embeddable":true,"href":"https:\/\/rednacionaldearte.com\/noticias\/wp-json\/wp\/v2\/users\/1"}],"replies":[{"embeddable":true,"href":"https:\/\/rednacionaldearte.com\/noticias\/wp-json\/wp\/v2\/comments?post=29"}],"version-history":[{"count":1,"href":"https:\/\/rednacionaldearte.com\/noticias\/wp-json\/wp\/v2\/posts\/29\/revisions"}],"predecessor-version":[{"id":31,"href":"https:\/\/rednacionaldearte.com\/noticias\/wp-json\/wp\/v2\/posts\/29\/revisions\/31"}],"wp:featuredmedia":[{"embeddable":true,"href":"https:\/\/rednacionaldearte.com\/noticias\/wp-json\/wp\/v2\/media\/30"}],"wp:attachment":[{"href":"https:\/\/rednacionaldearte.com\/noticias\/wp-json\/wp\/v2\/media?parent=29"}],"wp:term":[{"taxonomy":"category","embeddable":true,"href":"https:\/\/rednacionaldearte.com\/noticias\/wp-json\/wp\/v2\/categories?post=29"},{"taxonomy":"post_tag","embeddable":true,"href":"https:\/\/rednacionaldearte.com\/noticias\/wp-json\/wp\/v2\/tags?post=29"}],"curies":[{"name":"wp","href":"https:\/\/api.w.org\/{rel}","templated":true}]}}