{"id":291,"date":"2016-11-24T05:10:14","date_gmt":"2016-11-24T05:10:14","guid":{"rendered":"http:\/\/rednacionaldearte.com\/noticias\/?p=291"},"modified":"2017-03-10T05:28:10","modified_gmt":"2017-03-10T05:28:10","slug":"workshop-cuerpo-presente-karen-de-luna-fors","status":"publish","type":"post","link":"https:\/\/rednacionaldearte.com\/noticias\/workshop-cuerpo-presente-karen-de-luna-fors\/","title":{"rendered":"Workshop Cuerpo Presente, por Karen de Luna Fors"},"content":{"rendered":"<div class=\"column\">\n<p style=\"text-align: justify;\"><a href=\"http:\/\/rednacionaldearte.com\/noticias\/wp-content\/uploads\/2016\/11\/Karen-Flyer.jpg\"><img loading=\"lazy\" decoding=\"async\" class=\"aligncenter size-full wp-image-298\" src=\"http:\/\/rednacionaldearte.com\/noticias\/wp-content\/uploads\/2016\/11\/Karen-Flyer.jpg\" alt=\"Karen de Luna Fors\" width=\"5210\" height=\"3434\" srcset=\"https:\/\/rednacionaldearte.com\/noticias\/wp-content\/uploads\/2016\/11\/Karen-Flyer.jpg 5210w, https:\/\/rednacionaldearte.com\/noticias\/wp-content\/uploads\/2016\/11\/Karen-Flyer-300x198.jpg 300w, https:\/\/rednacionaldearte.com\/noticias\/wp-content\/uploads\/2016\/11\/Karen-Flyer-768x506.jpg 768w, https:\/\/rednacionaldearte.com\/noticias\/wp-content\/uploads\/2016\/11\/Karen-Flyer-1024x675.jpg 1024w, https:\/\/rednacionaldearte.com\/noticias\/wp-content\/uploads\/2016\/11\/Karen-Flyer-100x65.jpg 100w, https:\/\/rednacionaldearte.com\/noticias\/wp-content\/uploads\/2016\/11\/Karen-Flyer-260x170.jpg 260w, https:\/\/rednacionaldearte.com\/noticias\/wp-content\/uploads\/2016\/11\/Karen-Flyer-759x500.jpg 759w\" sizes=\"auto, (max-width: 5210px) 100vw, 5210px\" \/><\/a><\/p>\n<p style=\"text-align: justify;\"><strong>Imparte:<\/strong> Karen de Luna Fors.<\/p>\n<p style=\"text-align: justify;\">Directora de Proyecto al Margen. Bailarina, core\u00f3grafa y docente egresada de la Escuela Profesional de Danza de Mazatl\u00e1n. Se incorpora la Compa\u00f1\u00eda Delfos (2004-2010) como int\u00e9rprete y maestra de la EPDM, present\u00e1ndose en el Joyce Theatre de Nueva York en importantes foros en M\u00e9xico y el extranjero. Su formaci\u00f3n incluye cursos y talleres con maestros de todo el mundo asistiendo a entrenamientos intensivos como el programa Acad\u00e9mico del Festival Internacional de Danza Lila L\u00f3pez en San Lu\u00eds Potos\u00ed, los talleres dentro del Festival Deltebre Dansa en Catalunya (2011, 2012 y 2014) y los cursos intensivos de flying low y passing trough con David Zambrano y Anatom\u00eda y danza contempor\u00e1nea con Juan Kruz en el estudio de TUMAKA\u00b4T, M\u00e9rida durante el 2013.<\/p>\n<p style=\"text-align: justify;\">Colabora con: La Alternativa (San Francisco), la Universidad de las Am\u00e9ricas de Puebla, Dutch Rall (colaborador de David Lynch), ARCDANZ programa intensivo de danza, Andee Scott (Universidad del Sur de Florida), Alicia S\u00e1nchez y con Victor Hern\u00e1ndez (KaizenDanza). Finalista Opera Prima@elcolectivo y fundadora del Proyecto al Margen en el 2010, presenta su trabajo en San Francisco, Hong Kong Academy of Performing Arts, los principales festivales del pa\u00eds y foros alternativos como el museo Soumaya del DF y VI Festival Yucat\u00e1n Esc\u00e9nica 2015.<\/p>\n<p class=\"font_8\" style=\"text-align: justify;\">Ha impartido clases en La Universidad del Sur de Florida (USF), Kunst-Stoff Arts (San Francisco), CEPRODAC, Lux Boreal, CAMP-IN (San Luis Potos\u00ed), Invernadero (Oaxaca), ARCdanz (Puebla), Encuentro de las Artes (Zapopan), PERFORMATICA (Puebla), Universidad de Guadalajara (UDG), Festival Danza Extrema (Xalapa) y el programa intensivo internacional ARCDANZ. Recibe las becas de PECDA, Jalisco, en la categor\u00eda Desarrollo Individual, (2005-2006) y J\u00f3venes Creadores en (2008-2009) y la beca de CREAD\u00d3R ESC\u00c9NICO del FONCA emisi\u00f3n 2013.<\/p>\n<p><strong>Dirigido a:<\/strong><\/p>\n<p>Creativos, bailarines, inte\u0301rpretes, creadores esce\u0301nicos, actores, coreo\u0301grafos y directores interesados en la exploracio\u0301n corporal, discursiva, e involucrados en la creacio\u0301n esce\u0301nica contempora\u0301nea.<\/p>\n<p><strong>Requisitos:<\/strong> Ropa de entrenamiento y libreta.<\/p>\n<p>Descuentos por pronto pago, a estudiantes, personas que hayan tomado un curso previamente con RNA.<\/p>\n<p><strong>Al finalizar el workshop\u00a0se entregara\u0301 una constancia de participacio\u0301n.<\/strong><\/p>\n<\/div>\n<p><strong>M\u00e9todos de Pago:<\/strong><\/p>\n<ol>\n<li>Dep\u00f3sito bancario.<\/li>\n<li>Tiendas OXXO.<\/li>\n<li>En l\u00ednea con PayPal y Tarjetas de Cr\u00e9dito.<\/li>\n<li>Transferencia interbancaria.<\/li>\n<\/ol>\n<p>Si tiene dudas o <strong>desea pagar mediante dep\u00f3sito, tiendas OXXO\u00a0o transferencia interbancaria,<\/strong> <strong>haga click en \u201cSolicitar m\u00e1s informaci\u00f3n\u201d,<\/strong> y en el formulario indique el m\u00e9todo deseado.<\/p>\n<p style=\"text-align: center;\"><a class=\"fasc-button fasc-size-medium fasc-type-flat\" style=\"background-color: #33809e; color: #ffffff;\" href=\"http:\/\/rednacionaldearte.com\/noticias\/info-cursos\/\" data-fasc-style=\"background-color:#33809e;color:#ffffff;\">Solicitar m\u00e1s informaci\u00f3n<\/a><\/p>\n","protected":false},"excerpt":{"rendered":"<p>Imparte: Karen de Luna Fors. Directora de Proyecto al Margen. Bailarina, core\u00f3grafa y docente egresada de la Escuela Profesional de Danza de Mazatl\u00e1n. Se incorpora la Compa\u00f1\u00eda Delfos (2004-2010) como int\u00e9rprete y maestra de la EPDM, present\u00e1ndose en el Joyce Theatre de Nueva York en importantes foros en M\u00e9xico y el extranjero. Su formaci\u00f3n incluye [&hellip;]<\/p>\n","protected":false},"author":1,"featured_media":298,"comment_status":"closed","ping_status":"open","sticky":false,"template":"","format":"standard","meta":{"footnotes":""},"categories":[85,103,43,58,18,41],"tags":[73,91,74,90,92],"class_list":["post-291","post","type-post","status-publish","format-standard","has-post-thumbnail","hentry","category-arte-contemporaneo","category-artes-escenicas","category-cursos","category-danza","category-eventos","category-rna","tag-coreografia","tag-cuerpo-presente","tag-danza-contemporanea","tag-karen-de-luna-fors","tag-workshops"],"yoast_head":"<!-- This site is optimized with the Yoast SEO plugin v27.2 - https:\/\/yoast.com\/product\/yoast-seo-wordpress\/ -->\n<title>Workshop Cuerpo Presente, por Karen de Luna Fors<\/title>\n<meta name=\"robots\" content=\"index, follow, max-snippet:-1, max-image-preview:large, max-video-preview:-1\" \/>\n<link rel=\"canonical\" href=\"http:\/\/rednacionaldearte.com\/noticias\/workshop-cuerpo-presente-karen-de-luna-fors\/\" \/>\n<meta property=\"og:locale\" content=\"es_ES\" \/>\n<meta property=\"og:type\" content=\"article\" \/>\n<meta property=\"og:title\" content=\"Workshop Cuerpo Presente, por Karen de Luna Fors\" \/>\n<meta property=\"og:description\" content=\"Imparte: Karen de Luna Fors. Directora de Proyecto al Margen. Bailarina, core\u00f3grafa y docente egresada de la Escuela Profesional de Danza de Mazatl\u00e1n. Se incorpora la Compa\u00f1\u00eda Delfos (2004-2010) como int\u00e9rprete y maestra de la EPDM, present\u00e1ndose en el Joyce Theatre de Nueva York en importantes foros en M\u00e9xico y el extranjero. Su formaci\u00f3n incluye [&hellip;]\" \/>\n<meta property=\"og:url\" content=\"http:\/\/rednacionaldearte.com\/noticias\/workshop-cuerpo-presente-karen-de-luna-fors\/\" \/>\n<meta property=\"og:site_name\" content=\"Red Nacional de Arte\" \/>\n<meta property=\"article:publisher\" content=\"http:\/\/www.facebook.com\/rednacionaldearte\/\" \/>\n<meta property=\"article:published_time\" content=\"2016-11-24T05:10:14+00:00\" \/>\n<meta property=\"article:modified_time\" content=\"2017-03-10T05:28:10+00:00\" \/>\n<meta property=\"og:image\" content=\"http:\/\/rednacionaldearte.com\/noticias\/wp-content\/uploads\/2016\/11\/Karen-Flyer.jpg\" \/>\n\t<meta property=\"og:image:width\" content=\"5210\" \/>\n\t<meta property=\"og:image:height\" content=\"3434\" \/>\n\t<meta property=\"og:image:type\" content=\"image\/jpeg\" \/>\n<meta name=\"author\" content=\"Redacci\u00f3n\" \/>\n<meta name=\"twitter:card\" content=\"summary_large_image\" \/>\n<meta name=\"twitter:creator\" content=\"@rednacionalarte\" \/>\n<meta name=\"twitter:site\" content=\"@rednacionalarte\" \/>\n<meta name=\"twitter:label1\" content=\"Escrito por\" \/>\n\t<meta name=\"twitter:data1\" content=\"Redacci\u00f3n\" \/>\n\t<meta name=\"twitter:label2\" content=\"Tiempo de lectura\" \/>\n\t<meta name=\"twitter:data2\" content=\"2 minutos\" \/>\n<script type=\"application\/ld+json\" class=\"yoast-schema-graph\">{\"@context\":\"https:\/\/schema.org\",\"@graph\":[{\"@type\":\"Article\",\"@id\":\"http:\/\/rednacionaldearte.com\/noticias\/workshop-cuerpo-presente-karen-de-luna-fors\/#article\",\"isPartOf\":{\"@id\":\"http:\/\/rednacionaldearte.com\/noticias\/workshop-cuerpo-presente-karen-de-luna-fors\/\"},\"author\":{\"name\":\"Redacci\u00f3n\",\"@id\":\"http:\/\/rednacionaldearte.com\/noticias\/#\/schema\/person\/489d635082b1de413434d2708a3e5b9b\"},\"headline\":\"Workshop Cuerpo Presente, por Karen de Luna Fors\",\"datePublished\":\"2016-11-24T05:10:14+00:00\",\"dateModified\":\"2017-03-10T05:28:10+00:00\",\"mainEntityOfPage\":{\"@id\":\"http:\/\/rednacionaldearte.com\/noticias\/workshop-cuerpo-presente-karen-de-luna-fors\/\"},\"wordCount\":429,\"publisher\":{\"@id\":\"http:\/\/rednacionaldearte.com\/noticias\/#organization\"},\"image\":{\"@id\":\"http:\/\/rednacionaldearte.com\/noticias\/workshop-cuerpo-presente-karen-de-luna-fors\/#primaryimage\"},\"thumbnailUrl\":\"https:\/\/rednacionaldearte.com\/noticias\/wp-content\/uploads\/2016\/11\/Karen-Flyer.jpg\",\"keywords\":[\"coreograf\u00eda\",\"Cuerpo Presente\",\"danza contempor\u00e1nea\",\"Karen de Luna Fors\",\"Workshops\"],\"articleSection\":[\"Arte Contempor\u00e1neo\",\"Artes Esc\u00e9nicas\",\"Cursos\",\"Danza\",\"Eventos\",\"RNA\"],\"inLanguage\":\"es\"},{\"@type\":\"WebPage\",\"@id\":\"http:\/\/rednacionaldearte.com\/noticias\/workshop-cuerpo-presente-karen-de-luna-fors\/\",\"url\":\"http:\/\/rednacionaldearte.com\/noticias\/workshop-cuerpo-presente-karen-de-luna-fors\/\",\"name\":\"Workshop Cuerpo Presente, por Karen de Luna Fors\",\"isPartOf\":{\"@id\":\"http:\/\/rednacionaldearte.com\/noticias\/#website\"},\"primaryImageOfPage\":{\"@id\":\"http:\/\/rednacionaldearte.com\/noticias\/workshop-cuerpo-presente-karen-de-luna-fors\/#primaryimage\"},\"image\":{\"@id\":\"http:\/\/rednacionaldearte.com\/noticias\/workshop-cuerpo-presente-karen-de-luna-fors\/#primaryimage\"},\"thumbnailUrl\":\"https:\/\/rednacionaldearte.com\/noticias\/wp-content\/uploads\/2016\/11\/Karen-Flyer.jpg\",\"datePublished\":\"2016-11-24T05:10:14+00:00\",\"dateModified\":\"2017-03-10T05:28:10+00:00\",\"breadcrumb\":{\"@id\":\"http:\/\/rednacionaldearte.com\/noticias\/workshop-cuerpo-presente-karen-de-luna-fors\/#breadcrumb\"},\"inLanguage\":\"es\",\"potentialAction\":[{\"@type\":\"ReadAction\",\"target\":[\"http:\/\/rednacionaldearte.com\/noticias\/workshop-cuerpo-presente-karen-de-luna-fors\/\"]}]},{\"@type\":\"ImageObject\",\"inLanguage\":\"es\",\"@id\":\"http:\/\/rednacionaldearte.com\/noticias\/workshop-cuerpo-presente-karen-de-luna-fors\/#primaryimage\",\"url\":\"https:\/\/rednacionaldearte.com\/noticias\/wp-content\/uploads\/2016\/11\/Karen-Flyer.jpg\",\"contentUrl\":\"https:\/\/rednacionaldearte.com\/noticias\/wp-content\/uploads\/2016\/11\/Karen-Flyer.jpg\",\"width\":5210,\"height\":3434,\"caption\":\"Karen de Luna Fors\"},{\"@type\":\"BreadcrumbList\",\"@id\":\"http:\/\/rednacionaldearte.com\/noticias\/workshop-cuerpo-presente-karen-de-luna-fors\/#breadcrumb\",\"itemListElement\":[{\"@type\":\"ListItem\",\"position\":1,\"name\":\"Home\",\"item\":\"http:\/\/rednacionaldearte.com\/noticias\/\"},{\"@type\":\"ListItem\",\"position\":2,\"name\":\"Workshop Cuerpo Presente, por Karen de Luna Fors\"}]},{\"@type\":\"WebSite\",\"@id\":\"http:\/\/rednacionaldearte.com\/noticias\/#website\",\"url\":\"http:\/\/rednacionaldearte.com\/noticias\/\",\"name\":\"Red Nacional de Arte\",\"description\":\"Cultura y Arte contempor\u00e1neo en M\u00e9xico\",\"publisher\":{\"@id\":\"http:\/\/rednacionaldearte.com\/noticias\/#organization\"},\"potentialAction\":[{\"@type\":\"SearchAction\",\"target\":{\"@type\":\"EntryPoint\",\"urlTemplate\":\"http:\/\/rednacionaldearte.com\/noticias\/?s={search_term_string}\"},\"query-input\":{\"@type\":\"PropertyValueSpecification\",\"valueRequired\":true,\"valueName\":\"search_term_string\"}}],\"inLanguage\":\"es\"},{\"@type\":\"Organization\",\"@id\":\"http:\/\/rednacionaldearte.com\/noticias\/#organization\",\"name\":\"Red Nacional de Arte\",\"url\":\"http:\/\/rednacionaldearte.com\/noticias\/\",\"logo\":{\"@type\":\"ImageObject\",\"inLanguage\":\"es\",\"@id\":\"http:\/\/rednacionaldearte.com\/noticias\/#\/schema\/logo\/image\/\",\"url\":\"http:\/\/rednacionaldearte.com\/noticias\/wp-content\/uploads\/2016\/04\/logo.png\",\"contentUrl\":\"http:\/\/rednacionaldearte.com\/noticias\/wp-content\/uploads\/2016\/04\/logo.png\",\"width\":575,\"height\":554,\"caption\":\"Red Nacional de Arte\"},\"image\":{\"@id\":\"http:\/\/rednacionaldearte.com\/noticias\/#\/schema\/logo\/image\/\"},\"sameAs\":[\"http:\/\/www.facebook.com\/rednacionaldearte\/\",\"https:\/\/x.com\/rednacionalarte\"]},{\"@type\":\"Person\",\"@id\":\"http:\/\/rednacionaldearte.com\/noticias\/#\/schema\/person\/489d635082b1de413434d2708a3e5b9b\",\"name\":\"Redacci\u00f3n\",\"image\":{\"@type\":\"ImageObject\",\"inLanguage\":\"es\",\"@id\":\"https:\/\/secure.gravatar.com\/avatar\/1d1c30eaee7c2f6cfa13fb8502cb06839106cdf371b9953d50e4b572d0bfa3c7?s=96&d=mm&r=g\",\"url\":\"https:\/\/secure.gravatar.com\/avatar\/1d1c30eaee7c2f6cfa13fb8502cb06839106cdf371b9953d50e4b572d0bfa3c7?s=96&d=mm&r=g\",\"contentUrl\":\"https:\/\/secure.gravatar.com\/avatar\/1d1c30eaee7c2f6cfa13fb8502cb06839106cdf371b9953d50e4b572d0bfa3c7?s=96&d=mm&r=g\",\"caption\":\"Redacci\u00f3n\"},\"url\":\"https:\/\/rednacionaldearte.com\/noticias\/author\/adan\/\"}]}<\/script>\n<!-- \/ Yoast SEO plugin. -->","yoast_head_json":{"title":"Workshop Cuerpo Presente, por Karen de Luna Fors","robots":{"index":"index","follow":"follow","max-snippet":"max-snippet:-1","max-image-preview":"max-image-preview:large","max-video-preview":"max-video-preview:-1"},"canonical":"http:\/\/rednacionaldearte.com\/noticias\/workshop-cuerpo-presente-karen-de-luna-fors\/","og_locale":"es_ES","og_type":"article","og_title":"Workshop Cuerpo Presente, por Karen de Luna Fors","og_description":"Imparte: Karen de Luna Fors. Directora de Proyecto al Margen. Bailarina, core\u00f3grafa y docente egresada de la Escuela Profesional de Danza de Mazatl\u00e1n. Se incorpora la Compa\u00f1\u00eda Delfos (2004-2010) como int\u00e9rprete y maestra de la EPDM, present\u00e1ndose en el Joyce Theatre de Nueva York en importantes foros en M\u00e9xico y el extranjero. Su formaci\u00f3n incluye [&hellip;]","og_url":"http:\/\/rednacionaldearte.com\/noticias\/workshop-cuerpo-presente-karen-de-luna-fors\/","og_site_name":"Red Nacional de Arte","article_publisher":"http:\/\/www.facebook.com\/rednacionaldearte\/","article_published_time":"2016-11-24T05:10:14+00:00","article_modified_time":"2017-03-10T05:28:10+00:00","og_image":[{"width":5210,"height":3434,"url":"http:\/\/rednacionaldearte.com\/noticias\/wp-content\/uploads\/2016\/11\/Karen-Flyer.jpg","type":"image\/jpeg"}],"author":"Redacci\u00f3n","twitter_card":"summary_large_image","twitter_creator":"@rednacionalarte","twitter_site":"@rednacionalarte","twitter_misc":{"Escrito por":"Redacci\u00f3n","Tiempo de lectura":"2 minutos"},"schema":{"@context":"https:\/\/schema.org","@graph":[{"@type":"Article","@id":"http:\/\/rednacionaldearte.com\/noticias\/workshop-cuerpo-presente-karen-de-luna-fors\/#article","isPartOf":{"@id":"http:\/\/rednacionaldearte.com\/noticias\/workshop-cuerpo-presente-karen-de-luna-fors\/"},"author":{"name":"Redacci\u00f3n","@id":"http:\/\/rednacionaldearte.com\/noticias\/#\/schema\/person\/489d635082b1de413434d2708a3e5b9b"},"headline":"Workshop Cuerpo Presente, por Karen de Luna Fors","datePublished":"2016-11-24T05:10:14+00:00","dateModified":"2017-03-10T05:28:10+00:00","mainEntityOfPage":{"@id":"http:\/\/rednacionaldearte.com\/noticias\/workshop-cuerpo-presente-karen-de-luna-fors\/"},"wordCount":429,"publisher":{"@id":"http:\/\/rednacionaldearte.com\/noticias\/#organization"},"image":{"@id":"http:\/\/rednacionaldearte.com\/noticias\/workshop-cuerpo-presente-karen-de-luna-fors\/#primaryimage"},"thumbnailUrl":"https:\/\/rednacionaldearte.com\/noticias\/wp-content\/uploads\/2016\/11\/Karen-Flyer.jpg","keywords":["coreograf\u00eda","Cuerpo Presente","danza contempor\u00e1nea","Karen de Luna Fors","Workshops"],"articleSection":["Arte Contempor\u00e1neo","Artes Esc\u00e9nicas","Cursos","Danza","Eventos","RNA"],"inLanguage":"es"},{"@type":"WebPage","@id":"http:\/\/rednacionaldearte.com\/noticias\/workshop-cuerpo-presente-karen-de-luna-fors\/","url":"http:\/\/rednacionaldearte.com\/noticias\/workshop-cuerpo-presente-karen-de-luna-fors\/","name":"Workshop Cuerpo Presente, por Karen de Luna Fors","isPartOf":{"@id":"http:\/\/rednacionaldearte.com\/noticias\/#website"},"primaryImageOfPage":{"@id":"http:\/\/rednacionaldearte.com\/noticias\/workshop-cuerpo-presente-karen-de-luna-fors\/#primaryimage"},"image":{"@id":"http:\/\/rednacionaldearte.com\/noticias\/workshop-cuerpo-presente-karen-de-luna-fors\/#primaryimage"},"thumbnailUrl":"https:\/\/rednacionaldearte.com\/noticias\/wp-content\/uploads\/2016\/11\/Karen-Flyer.jpg","datePublished":"2016-11-24T05:10:14+00:00","dateModified":"2017-03-10T05:28:10+00:00","breadcrumb":{"@id":"http:\/\/rednacionaldearte.com\/noticias\/workshop-cuerpo-presente-karen-de-luna-fors\/#breadcrumb"},"inLanguage":"es","potentialAction":[{"@type":"ReadAction","target":["http:\/\/rednacionaldearte.com\/noticias\/workshop-cuerpo-presente-karen-de-luna-fors\/"]}]},{"@type":"ImageObject","inLanguage":"es","@id":"http:\/\/rednacionaldearte.com\/noticias\/workshop-cuerpo-presente-karen-de-luna-fors\/#primaryimage","url":"https:\/\/rednacionaldearte.com\/noticias\/wp-content\/uploads\/2016\/11\/Karen-Flyer.jpg","contentUrl":"https:\/\/rednacionaldearte.com\/noticias\/wp-content\/uploads\/2016\/11\/Karen-Flyer.jpg","width":5210,"height":3434,"caption":"Karen de Luna Fors"},{"@type":"BreadcrumbList","@id":"http:\/\/rednacionaldearte.com\/noticias\/workshop-cuerpo-presente-karen-de-luna-fors\/#breadcrumb","itemListElement":[{"@type":"ListItem","position":1,"name":"Home","item":"http:\/\/rednacionaldearte.com\/noticias\/"},{"@type":"ListItem","position":2,"name":"Workshop Cuerpo Presente, por Karen de Luna Fors"}]},{"@type":"WebSite","@id":"http:\/\/rednacionaldearte.com\/noticias\/#website","url":"http:\/\/rednacionaldearte.com\/noticias\/","name":"Red Nacional de Arte","description":"Cultura y Arte contempor\u00e1neo en M\u00e9xico","publisher":{"@id":"http:\/\/rednacionaldearte.com\/noticias\/#organization"},"potentialAction":[{"@type":"SearchAction","target":{"@type":"EntryPoint","urlTemplate":"http:\/\/rednacionaldearte.com\/noticias\/?s={search_term_string}"},"query-input":{"@type":"PropertyValueSpecification","valueRequired":true,"valueName":"search_term_string"}}],"inLanguage":"es"},{"@type":"Organization","@id":"http:\/\/rednacionaldearte.com\/noticias\/#organization","name":"Red Nacional de Arte","url":"http:\/\/rednacionaldearte.com\/noticias\/","logo":{"@type":"ImageObject","inLanguage":"es","@id":"http:\/\/rednacionaldearte.com\/noticias\/#\/schema\/logo\/image\/","url":"http:\/\/rednacionaldearte.com\/noticias\/wp-content\/uploads\/2016\/04\/logo.png","contentUrl":"http:\/\/rednacionaldearte.com\/noticias\/wp-content\/uploads\/2016\/04\/logo.png","width":575,"height":554,"caption":"Red Nacional de Arte"},"image":{"@id":"http:\/\/rednacionaldearte.com\/noticias\/#\/schema\/logo\/image\/"},"sameAs":["http:\/\/www.facebook.com\/rednacionaldearte\/","https:\/\/x.com\/rednacionalarte"]},{"@type":"Person","@id":"http:\/\/rednacionaldearte.com\/noticias\/#\/schema\/person\/489d635082b1de413434d2708a3e5b9b","name":"Redacci\u00f3n","image":{"@type":"ImageObject","inLanguage":"es","@id":"https:\/\/secure.gravatar.com\/avatar\/1d1c30eaee7c2f6cfa13fb8502cb06839106cdf371b9953d50e4b572d0bfa3c7?s=96&d=mm&r=g","url":"https:\/\/secure.gravatar.com\/avatar\/1d1c30eaee7c2f6cfa13fb8502cb06839106cdf371b9953d50e4b572d0bfa3c7?s=96&d=mm&r=g","contentUrl":"https:\/\/secure.gravatar.com\/avatar\/1d1c30eaee7c2f6cfa13fb8502cb06839106cdf371b9953d50e4b572d0bfa3c7?s=96&d=mm&r=g","caption":"Redacci\u00f3n"},"url":"https:\/\/rednacionaldearte.com\/noticias\/author\/adan\/"}]}},"amp_validity":null,"amp_enabled":true,"_links":{"self":[{"href":"https:\/\/rednacionaldearte.com\/noticias\/wp-json\/wp\/v2\/posts\/291","targetHints":{"allow":["GET"]}}],"collection":[{"href":"https:\/\/rednacionaldearte.com\/noticias\/wp-json\/wp\/v2\/posts"}],"about":[{"href":"https:\/\/rednacionaldearte.com\/noticias\/wp-json\/wp\/v2\/types\/post"}],"author":[{"embeddable":true,"href":"https:\/\/rednacionaldearte.com\/noticias\/wp-json\/wp\/v2\/users\/1"}],"replies":[{"embeddable":true,"href":"https:\/\/rednacionaldearte.com\/noticias\/wp-json\/wp\/v2\/comments?post=291"}],"version-history":[{"count":8,"href":"https:\/\/rednacionaldearte.com\/noticias\/wp-json\/wp\/v2\/posts\/291\/revisions"}],"predecessor-version":[{"id":322,"href":"https:\/\/rednacionaldearte.com\/noticias\/wp-json\/wp\/v2\/posts\/291\/revisions\/322"}],"wp:featuredmedia":[{"embeddable":true,"href":"https:\/\/rednacionaldearte.com\/noticias\/wp-json\/wp\/v2\/media\/298"}],"wp:attachment":[{"href":"https:\/\/rednacionaldearte.com\/noticias\/wp-json\/wp\/v2\/media?parent=291"}],"wp:term":[{"taxonomy":"category","embeddable":true,"href":"https:\/\/rednacionaldearte.com\/noticias\/wp-json\/wp\/v2\/categories?post=291"},{"taxonomy":"post_tag","embeddable":true,"href":"https:\/\/rednacionaldearte.com\/noticias\/wp-json\/wp\/v2\/tags?post=291"}],"curies":[{"name":"wp","href":"https:\/\/api.w.org\/{rel}","templated":true}]}}