{"id":301,"date":"2016-12-03T07:02:13","date_gmt":"2016-12-03T07:02:13","guid":{"rendered":"http:\/\/rednacionaldearte.com\/noticias\/?p=301"},"modified":"2017-03-10T05:28:06","modified_gmt":"2017-03-10T05:28:06","slug":"workshop-cuerpo-reflexivo-por-beto-perez","status":"publish","type":"post","link":"https:\/\/rednacionaldearte.com\/noticias\/workshop-cuerpo-reflexivo-por-beto-perez\/","title":{"rendered":"Workshop El Cuerpo Reflexivo, por Beto P\u00e9rez"},"content":{"rendered":"<p style=\"text-align: justify;\"><strong>Imparte:<\/strong>\u00a0Beto P\u00e9rez.<\/p>\n<p style=\"text-align: justify;\">Director de Proyecto \u00cdtaca. Maestro, int\u00e9rprete, core\u00f3grafo y pedagogo en T\u00e9cnicas de Movimiento especifico a la de Danza Contempor\u00e1nea.Inicia sus estudios en los grupos especiales de Danza en el Sistema Nacional para la Ense\u00f1anza Profesional de la Danza (SNEPD) INBA, M\u00e9xico.<\/p>\n<p style=\"text-align: justify;\">Form\u00f3 parte de las compa\u00f1\u00edas de Danza Barro Rojo (Arturo Garrido); Ensamble Tiempo de Bailar (Vicente Silva) y la compa\u00f1\u00eda ASYC (Alicia S\u00e1nchez) en M\u00e9xico; y con las compa\u00f1\u00edas Acci\u00f3n Colectiva &#8211; Teatro F\u00edsico (Julie Barnsley) y Rajatabladanza (Eduardo Castillo) en Caracas, Venezuela . Ha participado enmontajes teatrales con la compa\u00f1\u00eda Teatro L\u00ednea de Sombra (Jorge Vargas, Alicia Laguna) y como bailar\u00edn invitado por la compa\u00f1\u00eda Danza Concierto (Peter Palacio) de Medell\u00edn, Colombia.<\/p>\n<p style=\"text-align: justify;\">Invitado como int\u00e9rprete, maestro y core\u00f3grafo a numerosos festivales de Danza y Teatro en M\u00e9xico, Estados Unidos, Colombia, Guatemala, El Salvador, Chile, Brasil, Venezuela, Rusia, Espa\u00f1a, Francia, Alemania, Escocia, Inglaterra y China.<\/p>\n<p style=\"text-align: justify;\">Desde 1995 ha desarrollado una investigaci\u00f3n personal a las artes esc\u00e9nicas, formulando m\u00e9todos del trabajo creativo para el bailar\u00edn y el actor. Conjuntamente; es colaborador, asesor, int\u00e9rprete y co-creador de la compa\u00f1\u00eda: Physical Momemtum Project &#8211; Scenic Action de Francisco C\u00f3rdova Azuela.<\/p>\n<p style=\"text-align: justify;\">Ha dado cursos y talleres en la Escuela de Danza Morena Celari\u00e9 y la Universidad Nacional de El Salvador, (San Salvador, El Salvador); Instituto Superior de Danza de Caracas, (Caracas, Venezuela); Universidad Nacional de Colombia (Bogot\u00e1, Colombia) Temporada Internacional de Danza (Medell\u00edn, Colombia); Universidad Pedag\u00f3gica Nacional (UPN); CEDART Diego Rivera; Universidad Nacional Aut\u00f3noma de M\u00e9xico (UNAM), Centro de las Artes (Salamanca) entre otros.<\/p>\n<p style=\"text-align: justify;\">Ha sido Becario en el rubro Int\u00e9rpretes 1997-1998. Reconocido como uno de los tres mejores bailarines de M\u00e9xico por la Revista Zona de Danza. Actualmente Becario del Programa Creadores Esc\u00e9nicos con Trayectoria 2012-2014 del FONCA.<\/p>\n<div class=\"column\">\n<p><strong>Dirigido a:<\/strong><\/p>\n<p>Creativos, bailarines, inte\u0301rpretes, creadores esce\u0301nicos, actores, coreo\u0301grafos y directores interesados en la exploracio\u0301n corporal, discursiva, e involucrados en la creacio\u0301n esce\u0301nica contempora\u0301nea.<\/p>\n<p><strong>Requisitos:<\/strong> Ropa de entrenamiento y libreta.<\/p>\n<p><strong>Fechas:\u00a0<\/strong>Del 9 al 13 de enero, 2017.<\/p>\n<p><strong>Horario:\u00a0<\/strong>4 a 7 p.m.<\/p>\n<p class=\"p1\"><span class=\"s1\"><strong>Direcci\u00f3n:<\/strong> Cuauht\u00e9moc 68, Colonia Del Carmen, Del. Coyoac\u00e1n, CDMX.<\/span><\/p>\n<div class=\"column\">\n<p><strong>Cuota de recuperacio\u0301n:<\/strong><\/p>\n<p class=\"p1\"><span class=\"s1\">General: $1,400.00<br \/>\nPagando antes del 17 de Diciembre: $1,300.00.<br \/>\n<\/span><\/p>\n<p class=\"p1\"><strong>Descuentos:<\/strong><\/p>\n<p class=\"p1\">Estudiantes e inscritos a otros cursos de RNA pagando antes del 17 de Diciembre: $1,150.00.<br \/>\n<span class=\"s1\">Estudiantes e inscritos a otros cursos de RNA: $ 1,300.00.<\/span><\/p>\n<p><strong>Al finalizar el workshop\u00a0se entregara\u0301 una constancia de participacio\u0301n.<\/strong><\/p>\n<\/div>\n<p><strong>M\u00e9todos de Pago:<\/strong><\/p>\n<ol>\n<li>Dep\u00f3sito bancario.<\/li>\n<li>Tiendas OXXO.<\/li>\n<li>En l\u00ednea con PayPal y Tarjetas de Cr\u00e9dito.<\/li>\n<li>Transferencia interbancaria.<\/li>\n<\/ol>\n<p>Si tiene dudas o <strong>desea pagar mediante dep\u00f3sito, tiendas OXXO\u00a0o transferencia interbancaria,<\/strong> <strong>haga click en \u201cSolicitar m\u00e1s informaci\u00f3n\u201d,<\/strong> y en el formulario indique el m\u00e9todo deseado.<\/p>\n<p style=\"text-align: center;\"><a class=\"fasc-button fasc-size-medium fasc-type-flat\" style=\"background-color: #33809e; color: #ffffff;\" href=\"http:\/\/rednacionaldearte.com\/noticias\/info-cursos\/\" data-fasc-style=\"background-color:#33809e;color:#ffffff;\">Solicitar m\u00e1s informaci\u00f3n<\/a><\/p>\n<p style=\"text-align: center;\"><a class=\"fasc-button fasc-size-medium fasc-type-flat\" style=\"background-color: #33809e; color: #ffffff;\" href=\"http:\/\/rednacionaldearte.com\/tienda\/producto\/workshop-cuerpo-reflexivo-beto-perez\/\" data-fasc-style=\"background-color:#33809e;color:#ffffff;\">Pagar en l\u00ednea<\/a><\/p>\n<\/div>\n","protected":false},"excerpt":{"rendered":"<p>Imparte:\u00a0Beto P\u00e9rez. Director de Proyecto \u00cdtaca. Maestro, int\u00e9rprete, core\u00f3grafo y pedagogo en T\u00e9cnicas de Movimiento especifico a la de Danza Contempor\u00e1nea.Inicia sus estudios en los grupos especiales de Danza en el Sistema Nacional para la Ense\u00f1anza Profesional de la Danza (SNEPD) INBA, M\u00e9xico. Form\u00f3 parte de las compa\u00f1\u00edas de Danza Barro Rojo (Arturo Garrido); Ensamble [&hellip;]<\/p>\n","protected":false},"author":1,"featured_media":314,"comment_status":"closed","ping_status":"open","sticky":false,"template":"","format":"standard","meta":{"footnotes":""},"categories":[85,103,43,58,18,41],"tags":[],"class_list":["post-301","post","type-post","status-publish","format-standard","has-post-thumbnail","hentry","category-arte-contemporaneo","category-artes-escenicas","category-cursos","category-danza","category-eventos","category-rna"],"yoast_head":"<!-- This site is optimized with the Yoast SEO plugin v27.2 - https:\/\/yoast.com\/product\/yoast-seo-wordpress\/ -->\n<title>Workshop El Cuerpo Reflexivo, por Beto P\u00e9rez - Red Nacional de Arte<\/title>\n<meta name=\"robots\" content=\"index, follow, max-snippet:-1, max-image-preview:large, max-video-preview:-1\" \/>\n<link rel=\"canonical\" href=\"https:\/\/rednacionaldearte.com\/noticias\/workshop-cuerpo-reflexivo-por-beto-perez\/\" \/>\n<meta property=\"og:locale\" content=\"es_ES\" \/>\n<meta property=\"og:type\" content=\"article\" \/>\n<meta property=\"og:title\" content=\"Workshop El Cuerpo Reflexivo, por Beto P\u00e9rez - Red Nacional de Arte\" \/>\n<meta property=\"og:description\" content=\"Imparte:\u00a0Beto P\u00e9rez. Director de Proyecto \u00cdtaca. Maestro, int\u00e9rprete, core\u00f3grafo y pedagogo en T\u00e9cnicas de Movimiento especifico a la de Danza Contempor\u00e1nea.Inicia sus estudios en los grupos especiales de Danza en el Sistema Nacional para la Ense\u00f1anza Profesional de la Danza (SNEPD) INBA, M\u00e9xico. Form\u00f3 parte de las compa\u00f1\u00edas de Danza Barro Rojo (Arturo Garrido); Ensamble [&hellip;]\" \/>\n<meta property=\"og:url\" content=\"https:\/\/rednacionaldearte.com\/noticias\/workshop-cuerpo-reflexivo-por-beto-perez\/\" \/>\n<meta property=\"og:site_name\" content=\"Red Nacional de Arte\" \/>\n<meta property=\"article:publisher\" content=\"http:\/\/www.facebook.com\/rednacionaldearte\/\" \/>\n<meta property=\"article:published_time\" content=\"2016-12-03T07:02:13+00:00\" \/>\n<meta property=\"article:modified_time\" content=\"2017-03-10T05:28:06+00:00\" \/>\n<meta property=\"og:image\" content=\"http:\/\/rednacionaldearte.com\/noticias\/wp-content\/uploads\/2016\/12\/FLYER1.jpg\" \/>\n\t<meta property=\"og:image:width\" content=\"500\" \/>\n\t<meta property=\"og:image:height\" content=\"500\" \/>\n\t<meta property=\"og:image:type\" content=\"image\/jpeg\" \/>\n<meta name=\"author\" content=\"Redacci\u00f3n\" \/>\n<meta name=\"twitter:card\" content=\"summary_large_image\" \/>\n<meta name=\"twitter:creator\" content=\"@rednacionalarte\" \/>\n<meta name=\"twitter:site\" content=\"@rednacionalarte\" \/>\n<meta name=\"twitter:label1\" content=\"Escrito por\" \/>\n\t<meta name=\"twitter:data1\" content=\"Redacci\u00f3n\" \/>\n\t<meta name=\"twitter:label2\" content=\"Tiempo de lectura\" \/>\n\t<meta name=\"twitter:data2\" content=\"2 minutos\" \/>\n<script type=\"application\/ld+json\" class=\"yoast-schema-graph\">{\"@context\":\"https:\/\/schema.org\",\"@graph\":[{\"@type\":\"Article\",\"@id\":\"https:\/\/rednacionaldearte.com\/noticias\/workshop-cuerpo-reflexivo-por-beto-perez\/#article\",\"isPartOf\":{\"@id\":\"https:\/\/rednacionaldearte.com\/noticias\/workshop-cuerpo-reflexivo-por-beto-perez\/\"},\"author\":{\"name\":\"Redacci\u00f3n\",\"@id\":\"http:\/\/rednacionaldearte.com\/noticias\/#\/schema\/person\/489d635082b1de413434d2708a3e5b9b\"},\"headline\":\"Workshop El Cuerpo Reflexivo, por Beto P\u00e9rez\",\"datePublished\":\"2016-12-03T07:02:13+00:00\",\"dateModified\":\"2017-03-10T05:28:06+00:00\",\"mainEntityOfPage\":{\"@id\":\"https:\/\/rednacionaldearte.com\/noticias\/workshop-cuerpo-reflexivo-por-beto-perez\/\"},\"wordCount\":494,\"publisher\":{\"@id\":\"http:\/\/rednacionaldearte.com\/noticias\/#organization\"},\"image\":{\"@id\":\"https:\/\/rednacionaldearte.com\/noticias\/workshop-cuerpo-reflexivo-por-beto-perez\/#primaryimage\"},\"thumbnailUrl\":\"https:\/\/rednacionaldearte.com\/noticias\/wp-content\/uploads\/2016\/12\/FLYER1.jpg\",\"articleSection\":[\"Arte Contempor\u00e1neo\",\"Artes Esc\u00e9nicas\",\"Cursos\",\"Danza\",\"Eventos\",\"RNA\"],\"inLanguage\":\"es\"},{\"@type\":\"WebPage\",\"@id\":\"https:\/\/rednacionaldearte.com\/noticias\/workshop-cuerpo-reflexivo-por-beto-perez\/\",\"url\":\"https:\/\/rednacionaldearte.com\/noticias\/workshop-cuerpo-reflexivo-por-beto-perez\/\",\"name\":\"Workshop El Cuerpo Reflexivo, por Beto P\u00e9rez - Red Nacional de Arte\",\"isPartOf\":{\"@id\":\"http:\/\/rednacionaldearte.com\/noticias\/#website\"},\"primaryImageOfPage\":{\"@id\":\"https:\/\/rednacionaldearte.com\/noticias\/workshop-cuerpo-reflexivo-por-beto-perez\/#primaryimage\"},\"image\":{\"@id\":\"https:\/\/rednacionaldearte.com\/noticias\/workshop-cuerpo-reflexivo-por-beto-perez\/#primaryimage\"},\"thumbnailUrl\":\"https:\/\/rednacionaldearte.com\/noticias\/wp-content\/uploads\/2016\/12\/FLYER1.jpg\",\"datePublished\":\"2016-12-03T07:02:13+00:00\",\"dateModified\":\"2017-03-10T05:28:06+00:00\",\"breadcrumb\":{\"@id\":\"https:\/\/rednacionaldearte.com\/noticias\/workshop-cuerpo-reflexivo-por-beto-perez\/#breadcrumb\"},\"inLanguage\":\"es\",\"potentialAction\":[{\"@type\":\"ReadAction\",\"target\":[\"https:\/\/rednacionaldearte.com\/noticias\/workshop-cuerpo-reflexivo-por-beto-perez\/\"]}]},{\"@type\":\"ImageObject\",\"inLanguage\":\"es\",\"@id\":\"https:\/\/rednacionaldearte.com\/noticias\/workshop-cuerpo-reflexivo-por-beto-perez\/#primaryimage\",\"url\":\"https:\/\/rednacionaldearte.com\/noticias\/wp-content\/uploads\/2016\/12\/FLYER1.jpg\",\"contentUrl\":\"https:\/\/rednacionaldearte.com\/noticias\/wp-content\/uploads\/2016\/12\/FLYER1.jpg\",\"width\":500,\"height\":500},{\"@type\":\"BreadcrumbList\",\"@id\":\"https:\/\/rednacionaldearte.com\/noticias\/workshop-cuerpo-reflexivo-por-beto-perez\/#breadcrumb\",\"itemListElement\":[{\"@type\":\"ListItem\",\"position\":1,\"name\":\"Home\",\"item\":\"http:\/\/rednacionaldearte.com\/noticias\/\"},{\"@type\":\"ListItem\",\"position\":2,\"name\":\"Workshop El Cuerpo Reflexivo, por Beto P\u00e9rez\"}]},{\"@type\":\"WebSite\",\"@id\":\"http:\/\/rednacionaldearte.com\/noticias\/#website\",\"url\":\"http:\/\/rednacionaldearte.com\/noticias\/\",\"name\":\"Red Nacional de Arte\",\"description\":\"Cultura y Arte contempor\u00e1neo en M\u00e9xico\",\"publisher\":{\"@id\":\"http:\/\/rednacionaldearte.com\/noticias\/#organization\"},\"potentialAction\":[{\"@type\":\"SearchAction\",\"target\":{\"@type\":\"EntryPoint\",\"urlTemplate\":\"http:\/\/rednacionaldearte.com\/noticias\/?s={search_term_string}\"},\"query-input\":{\"@type\":\"PropertyValueSpecification\",\"valueRequired\":true,\"valueName\":\"search_term_string\"}}],\"inLanguage\":\"es\"},{\"@type\":\"Organization\",\"@id\":\"http:\/\/rednacionaldearte.com\/noticias\/#organization\",\"name\":\"Red Nacional de Arte\",\"url\":\"http:\/\/rednacionaldearte.com\/noticias\/\",\"logo\":{\"@type\":\"ImageObject\",\"inLanguage\":\"es\",\"@id\":\"http:\/\/rednacionaldearte.com\/noticias\/#\/schema\/logo\/image\/\",\"url\":\"http:\/\/rednacionaldearte.com\/noticias\/wp-content\/uploads\/2016\/04\/logo.png\",\"contentUrl\":\"http:\/\/rednacionaldearte.com\/noticias\/wp-content\/uploads\/2016\/04\/logo.png\",\"width\":575,\"height\":554,\"caption\":\"Red Nacional de Arte\"},\"image\":{\"@id\":\"http:\/\/rednacionaldearte.com\/noticias\/#\/schema\/logo\/image\/\"},\"sameAs\":[\"http:\/\/www.facebook.com\/rednacionaldearte\/\",\"https:\/\/x.com\/rednacionalarte\"]},{\"@type\":\"Person\",\"@id\":\"http:\/\/rednacionaldearte.com\/noticias\/#\/schema\/person\/489d635082b1de413434d2708a3e5b9b\",\"name\":\"Redacci\u00f3n\",\"image\":{\"@type\":\"ImageObject\",\"inLanguage\":\"es\",\"@id\":\"https:\/\/secure.gravatar.com\/avatar\/1d1c30eaee7c2f6cfa13fb8502cb06839106cdf371b9953d50e4b572d0bfa3c7?s=96&d=mm&r=g\",\"url\":\"https:\/\/secure.gravatar.com\/avatar\/1d1c30eaee7c2f6cfa13fb8502cb06839106cdf371b9953d50e4b572d0bfa3c7?s=96&d=mm&r=g\",\"contentUrl\":\"https:\/\/secure.gravatar.com\/avatar\/1d1c30eaee7c2f6cfa13fb8502cb06839106cdf371b9953d50e4b572d0bfa3c7?s=96&d=mm&r=g\",\"caption\":\"Redacci\u00f3n\"},\"url\":\"https:\/\/rednacionaldearte.com\/noticias\/author\/adan\/\"}]}<\/script>\n<!-- \/ Yoast SEO plugin. -->","yoast_head_json":{"title":"Workshop El Cuerpo Reflexivo, por Beto P\u00e9rez - Red Nacional de Arte","robots":{"index":"index","follow":"follow","max-snippet":"max-snippet:-1","max-image-preview":"max-image-preview:large","max-video-preview":"max-video-preview:-1"},"canonical":"https:\/\/rednacionaldearte.com\/noticias\/workshop-cuerpo-reflexivo-por-beto-perez\/","og_locale":"es_ES","og_type":"article","og_title":"Workshop El Cuerpo Reflexivo, por Beto P\u00e9rez - Red Nacional de Arte","og_description":"Imparte:\u00a0Beto P\u00e9rez. Director de Proyecto \u00cdtaca. Maestro, int\u00e9rprete, core\u00f3grafo y pedagogo en T\u00e9cnicas de Movimiento especifico a la de Danza Contempor\u00e1nea.Inicia sus estudios en los grupos especiales de Danza en el Sistema Nacional para la Ense\u00f1anza Profesional de la Danza (SNEPD) INBA, M\u00e9xico. Form\u00f3 parte de las compa\u00f1\u00edas de Danza Barro Rojo (Arturo Garrido); Ensamble [&hellip;]","og_url":"https:\/\/rednacionaldearte.com\/noticias\/workshop-cuerpo-reflexivo-por-beto-perez\/","og_site_name":"Red Nacional de Arte","article_publisher":"http:\/\/www.facebook.com\/rednacionaldearte\/","article_published_time":"2016-12-03T07:02:13+00:00","article_modified_time":"2017-03-10T05:28:06+00:00","og_image":[{"width":500,"height":500,"url":"http:\/\/rednacionaldearte.com\/noticias\/wp-content\/uploads\/2016\/12\/FLYER1.jpg","type":"image\/jpeg"}],"author":"Redacci\u00f3n","twitter_card":"summary_large_image","twitter_creator":"@rednacionalarte","twitter_site":"@rednacionalarte","twitter_misc":{"Escrito por":"Redacci\u00f3n","Tiempo de lectura":"2 minutos"},"schema":{"@context":"https:\/\/schema.org","@graph":[{"@type":"Article","@id":"https:\/\/rednacionaldearte.com\/noticias\/workshop-cuerpo-reflexivo-por-beto-perez\/#article","isPartOf":{"@id":"https:\/\/rednacionaldearte.com\/noticias\/workshop-cuerpo-reflexivo-por-beto-perez\/"},"author":{"name":"Redacci\u00f3n","@id":"http:\/\/rednacionaldearte.com\/noticias\/#\/schema\/person\/489d635082b1de413434d2708a3e5b9b"},"headline":"Workshop El Cuerpo Reflexivo, por Beto P\u00e9rez","datePublished":"2016-12-03T07:02:13+00:00","dateModified":"2017-03-10T05:28:06+00:00","mainEntityOfPage":{"@id":"https:\/\/rednacionaldearte.com\/noticias\/workshop-cuerpo-reflexivo-por-beto-perez\/"},"wordCount":494,"publisher":{"@id":"http:\/\/rednacionaldearte.com\/noticias\/#organization"},"image":{"@id":"https:\/\/rednacionaldearte.com\/noticias\/workshop-cuerpo-reflexivo-por-beto-perez\/#primaryimage"},"thumbnailUrl":"https:\/\/rednacionaldearte.com\/noticias\/wp-content\/uploads\/2016\/12\/FLYER1.jpg","articleSection":["Arte Contempor\u00e1neo","Artes Esc\u00e9nicas","Cursos","Danza","Eventos","RNA"],"inLanguage":"es"},{"@type":"WebPage","@id":"https:\/\/rednacionaldearte.com\/noticias\/workshop-cuerpo-reflexivo-por-beto-perez\/","url":"https:\/\/rednacionaldearte.com\/noticias\/workshop-cuerpo-reflexivo-por-beto-perez\/","name":"Workshop El Cuerpo Reflexivo, por Beto P\u00e9rez - Red Nacional de Arte","isPartOf":{"@id":"http:\/\/rednacionaldearte.com\/noticias\/#website"},"primaryImageOfPage":{"@id":"https:\/\/rednacionaldearte.com\/noticias\/workshop-cuerpo-reflexivo-por-beto-perez\/#primaryimage"},"image":{"@id":"https:\/\/rednacionaldearte.com\/noticias\/workshop-cuerpo-reflexivo-por-beto-perez\/#primaryimage"},"thumbnailUrl":"https:\/\/rednacionaldearte.com\/noticias\/wp-content\/uploads\/2016\/12\/FLYER1.jpg","datePublished":"2016-12-03T07:02:13+00:00","dateModified":"2017-03-10T05:28:06+00:00","breadcrumb":{"@id":"https:\/\/rednacionaldearte.com\/noticias\/workshop-cuerpo-reflexivo-por-beto-perez\/#breadcrumb"},"inLanguage":"es","potentialAction":[{"@type":"ReadAction","target":["https:\/\/rednacionaldearte.com\/noticias\/workshop-cuerpo-reflexivo-por-beto-perez\/"]}]},{"@type":"ImageObject","inLanguage":"es","@id":"https:\/\/rednacionaldearte.com\/noticias\/workshop-cuerpo-reflexivo-por-beto-perez\/#primaryimage","url":"https:\/\/rednacionaldearte.com\/noticias\/wp-content\/uploads\/2016\/12\/FLYER1.jpg","contentUrl":"https:\/\/rednacionaldearte.com\/noticias\/wp-content\/uploads\/2016\/12\/FLYER1.jpg","width":500,"height":500},{"@type":"BreadcrumbList","@id":"https:\/\/rednacionaldearte.com\/noticias\/workshop-cuerpo-reflexivo-por-beto-perez\/#breadcrumb","itemListElement":[{"@type":"ListItem","position":1,"name":"Home","item":"http:\/\/rednacionaldearte.com\/noticias\/"},{"@type":"ListItem","position":2,"name":"Workshop El Cuerpo Reflexivo, por Beto P\u00e9rez"}]},{"@type":"WebSite","@id":"http:\/\/rednacionaldearte.com\/noticias\/#website","url":"http:\/\/rednacionaldearte.com\/noticias\/","name":"Red Nacional de Arte","description":"Cultura y Arte contempor\u00e1neo en M\u00e9xico","publisher":{"@id":"http:\/\/rednacionaldearte.com\/noticias\/#organization"},"potentialAction":[{"@type":"SearchAction","target":{"@type":"EntryPoint","urlTemplate":"http:\/\/rednacionaldearte.com\/noticias\/?s={search_term_string}"},"query-input":{"@type":"PropertyValueSpecification","valueRequired":true,"valueName":"search_term_string"}}],"inLanguage":"es"},{"@type":"Organization","@id":"http:\/\/rednacionaldearte.com\/noticias\/#organization","name":"Red Nacional de Arte","url":"http:\/\/rednacionaldearte.com\/noticias\/","logo":{"@type":"ImageObject","inLanguage":"es","@id":"http:\/\/rednacionaldearte.com\/noticias\/#\/schema\/logo\/image\/","url":"http:\/\/rednacionaldearte.com\/noticias\/wp-content\/uploads\/2016\/04\/logo.png","contentUrl":"http:\/\/rednacionaldearte.com\/noticias\/wp-content\/uploads\/2016\/04\/logo.png","width":575,"height":554,"caption":"Red Nacional de Arte"},"image":{"@id":"http:\/\/rednacionaldearte.com\/noticias\/#\/schema\/logo\/image\/"},"sameAs":["http:\/\/www.facebook.com\/rednacionaldearte\/","https:\/\/x.com\/rednacionalarte"]},{"@type":"Person","@id":"http:\/\/rednacionaldearte.com\/noticias\/#\/schema\/person\/489d635082b1de413434d2708a3e5b9b","name":"Redacci\u00f3n","image":{"@type":"ImageObject","inLanguage":"es","@id":"https:\/\/secure.gravatar.com\/avatar\/1d1c30eaee7c2f6cfa13fb8502cb06839106cdf371b9953d50e4b572d0bfa3c7?s=96&d=mm&r=g","url":"https:\/\/secure.gravatar.com\/avatar\/1d1c30eaee7c2f6cfa13fb8502cb06839106cdf371b9953d50e4b572d0bfa3c7?s=96&d=mm&r=g","contentUrl":"https:\/\/secure.gravatar.com\/avatar\/1d1c30eaee7c2f6cfa13fb8502cb06839106cdf371b9953d50e4b572d0bfa3c7?s=96&d=mm&r=g","caption":"Redacci\u00f3n"},"url":"https:\/\/rednacionaldearte.com\/noticias\/author\/adan\/"}]}},"amp_validity":null,"amp_enabled":true,"_links":{"self":[{"href":"https:\/\/rednacionaldearte.com\/noticias\/wp-json\/wp\/v2\/posts\/301","targetHints":{"allow":["GET"]}}],"collection":[{"href":"https:\/\/rednacionaldearte.com\/noticias\/wp-json\/wp\/v2\/posts"}],"about":[{"href":"https:\/\/rednacionaldearte.com\/noticias\/wp-json\/wp\/v2\/types\/post"}],"author":[{"embeddable":true,"href":"https:\/\/rednacionaldearte.com\/noticias\/wp-json\/wp\/v2\/users\/1"}],"replies":[{"embeddable":true,"href":"https:\/\/rednacionaldearte.com\/noticias\/wp-json\/wp\/v2\/comments?post=301"}],"version-history":[{"count":8,"href":"https:\/\/rednacionaldearte.com\/noticias\/wp-json\/wp\/v2\/posts\/301\/revisions"}],"predecessor-version":[{"id":312,"href":"https:\/\/rednacionaldearte.com\/noticias\/wp-json\/wp\/v2\/posts\/301\/revisions\/312"}],"wp:featuredmedia":[{"embeddable":true,"href":"https:\/\/rednacionaldearte.com\/noticias\/wp-json\/wp\/v2\/media\/314"}],"wp:attachment":[{"href":"https:\/\/rednacionaldearte.com\/noticias\/wp-json\/wp\/v2\/media?parent=301"}],"wp:term":[{"taxonomy":"category","embeddable":true,"href":"https:\/\/rednacionaldearte.com\/noticias\/wp-json\/wp\/v2\/categories?post=301"},{"taxonomy":"post_tag","embeddable":true,"href":"https:\/\/rednacionaldearte.com\/noticias\/wp-json\/wp\/v2\/tags?post=301"}],"curies":[{"name":"wp","href":"https:\/\/api.w.org\/{rel}","templated":true}]}}