{"id":34,"date":"2016-03-30T04:17:51","date_gmt":"2016-03-30T04:17:51","guid":{"rendered":"http:\/\/rednacionaldearte.com\/noticias\/?p=34"},"modified":"2016-03-30T04:19:10","modified_gmt":"2016-03-30T04:19:10","slug":"invitacion-inauguracion-paisaje-y-la-psique","status":"publish","type":"post","link":"https:\/\/rednacionaldearte.com\/noticias\/invitacion-inauguracion-paisaje-y-la-psique\/","title":{"rendered":"Invitaci\u00f3n: Inauguraci\u00f3n de El Paisaje Y La Psique"},"content":{"rendered":"<p>Artistas participantes:<\/p>\n<p>Pablo Linares, Natalia Moya, Rafael Montiel, Isma\u00ebl Guye, Stefania Vara,<br \/>\nAmaia Garc\u00eda, M\u00f3nica Ortega, Brian Overcast, \u00c1lvaro Fern\u00e1ndez,<br \/>\nRoc\u00edo Askins, Antonio Busqueta, Ad\u00e1n Ruiz, Natalia Rodr\u00edguez,<br \/>\nDaniela Ruiz, Paloma Navarro, Yamile Alfaro, Anubis M\u00e9ndez<br \/>\nTom\u00e1s Cano, Rosal\u00eda Aguirre, Perla Hern\u00e1ndez.<\/p>\n<p>&nbsp;<\/p>\n<p><a href=\"http:\/\/rednacionaldearte.com\/noticias\/wp-content\/uploads\/2016\/03\/Invitacio\u0301n-EXPOSICIO\u0301N.jpg\"><img loading=\"lazy\" decoding=\"async\" class=\"alignleft wp-image-35 size-large\" src=\"http:\/\/rednacionaldearte.com\/noticias\/wp-content\/uploads\/2016\/03\/Invitacio\u0301n-EXPOSICIO\u0301N-1024x683.jpg\" alt=\"Invitacio\u0301n a la Exposici\u00f3n El Paisaje y la Psique\" width=\"640\" height=\"427\" srcset=\"https:\/\/rednacionaldearte.com\/noticias\/wp-content\/uploads\/2016\/03\/Invitacio\u0301n-EXPOSICIO\u0301N-1024x683.jpg 1024w, https:\/\/rednacionaldearte.com\/noticias\/wp-content\/uploads\/2016\/03\/Invitacio\u0301n-EXPOSICIO\u0301N-300x200.jpg 300w, https:\/\/rednacionaldearte.com\/noticias\/wp-content\/uploads\/2016\/03\/Invitacio\u0301n-EXPOSICIO\u0301N-768x512.jpg 768w, https:\/\/rednacionaldearte.com\/noticias\/wp-content\/uploads\/2016\/03\/Invitacio\u0301n-EXPOSICIO\u0301N-360x240.jpg 360w\" sizes=\"auto, (max-width: 640px) 100vw, 640px\" \/><\/a><\/p>\n<p>&nbsp;<\/p>\n<p>Jueves 7 de Abril, 2016.<\/p>\n<p>Centro Cultural Futurama.<\/p>\n<p>17 horas.<\/p>\n<p>&nbsp;<\/p>\n","protected":false},"excerpt":{"rendered":"<p>Artistas participantes: Pablo Linares, Natalia Moya, Rafael Montiel, Isma\u00ebl Guye, Stefania Vara, Amaia Garc\u00eda, M\u00f3nica Ortega, Brian Overcast, \u00c1lvaro Fern\u00e1ndez, Roc\u00edo Askins, Antonio Busqueta, Ad\u00e1n Ruiz, Natalia Rodr\u00edguez, Daniela Ruiz, Paloma Navarro, Yamile Alfaro, Anubis M\u00e9ndez Tom\u00e1s Cano, Rosal\u00eda Aguirre, Perla Hern\u00e1ndez. &nbsp; &nbsp; Jueves 7 de Abril, 2016. Centro Cultural Futurama. 17 horas. &nbsp;<\/p>\n","protected":false},"author":1,"featured_media":35,"comment_status":"closed","ping_status":"open","sticky":false,"template":"","format":"image","meta":{"footnotes":""},"categories":[24,18,2],"tags":[],"class_list":["post-34","post","type-post","status-publish","format-image","has-post-thumbnail","hentry","category-convocatorias","category-eventos","category-fotografia","post_format-post-format-image"],"yoast_head":"<!-- This site is optimized with the Yoast SEO plugin v27.2 - https:\/\/yoast.com\/product\/yoast-seo-wordpress\/ -->\n<title>Invitaci\u00f3n: Inauguraci\u00f3n de El Paisaje Y La Psique - Red Nacional de Arte<\/title>\n<meta name=\"robots\" content=\"index, follow, max-snippet:-1, max-image-preview:large, max-video-preview:-1\" \/>\n<link rel=\"canonical\" href=\"http:\/\/rednacionaldearte.com\/noticias\/invitacion-inauguracion-paisaje-y-la-psique\/\" \/>\n<meta property=\"og:locale\" content=\"es_ES\" \/>\n<meta property=\"og:type\" content=\"article\" \/>\n<meta property=\"og:title\" content=\"Invitaci\u00f3n: Inauguraci\u00f3n de El Paisaje Y La Psique - Red Nacional de Arte\" \/>\n<meta property=\"og:description\" content=\"Artistas participantes: Pablo Linares, Natalia Moya, Rafael Montiel, Isma\u00ebl Guye, Stefania Vara, Amaia Garc\u00eda, M\u00f3nica Ortega, Brian Overcast, \u00c1lvaro Fern\u00e1ndez, Roc\u00edo Askins, Antonio Busqueta, Ad\u00e1n Ruiz, Natalia Rodr\u00edguez, Daniela Ruiz, Paloma Navarro, Yamile Alfaro, Anubis M\u00e9ndez Tom\u00e1s Cano, Rosal\u00eda Aguirre, Perla Hern\u00e1ndez. &nbsp; &nbsp; Jueves 7 de Abril, 2016. Centro Cultural Futurama. 17 horas. &nbsp;\" \/>\n<meta property=\"og:url\" content=\"http:\/\/rednacionaldearte.com\/noticias\/invitacion-inauguracion-paisaje-y-la-psique\/\" \/>\n<meta property=\"og:site_name\" content=\"Red Nacional de Arte\" \/>\n<meta property=\"article:publisher\" content=\"http:\/\/www.facebook.com\/rednacionaldearte\/\" \/>\n<meta property=\"article:published_time\" content=\"2016-03-30T04:17:51+00:00\" \/>\n<meta property=\"article:modified_time\" content=\"2016-03-30T04:19:10+00:00\" \/>\n<meta property=\"og:image\" content=\"http:\/\/rednacionaldearte.com\/noticias\/wp-content\/uploads\/2016\/03\/Invitacio\u0301n-EXPOSICIO\u0301N-1024x683.jpg\" \/>\n\t<meta property=\"og:image:width\" content=\"1024\" \/>\n\t<meta property=\"og:image:height\" content=\"683\" \/>\n\t<meta property=\"og:image:type\" content=\"image\/jpeg\" \/>\n<meta name=\"author\" content=\"Redacci\u00f3n\" \/>\n<meta name=\"twitter:card\" content=\"summary_large_image\" \/>\n<meta name=\"twitter:creator\" content=\"@rednacionalarte\" \/>\n<meta name=\"twitter:site\" content=\"@rednacionalarte\" \/>\n<meta name=\"twitter:label1\" content=\"Escrito por\" \/>\n\t<meta name=\"twitter:data1\" content=\"Redacci\u00f3n\" \/>\n<script type=\"application\/ld+json\" class=\"yoast-schema-graph\">{\"@context\":\"https:\/\/schema.org\",\"@graph\":[{\"@type\":\"Article\",\"@id\":\"http:\/\/rednacionaldearte.com\/noticias\/invitacion-inauguracion-paisaje-y-la-psique\/#article\",\"isPartOf\":{\"@id\":\"http:\/\/rednacionaldearte.com\/noticias\/invitacion-inauguracion-paisaje-y-la-psique\/\"},\"author\":{\"name\":\"Redacci\u00f3n\",\"@id\":\"http:\/\/rednacionaldearte.com\/noticias\/#\/schema\/person\/489d635082b1de413434d2708a3e5b9b\"},\"headline\":\"Invitaci\u00f3n: Inauguraci\u00f3n de El Paisaje Y La Psique\",\"datePublished\":\"2016-03-30T04:17:51+00:00\",\"dateModified\":\"2016-03-30T04:19:10+00:00\",\"mainEntityOfPage\":{\"@id\":\"http:\/\/rednacionaldearte.com\/noticias\/invitacion-inauguracion-paisaje-y-la-psique\/\"},\"wordCount\":73,\"publisher\":{\"@id\":\"http:\/\/rednacionaldearte.com\/noticias\/#organization\"},\"image\":{\"@id\":\"http:\/\/rednacionaldearte.com\/noticias\/invitacion-inauguracion-paisaje-y-la-psique\/#primaryimage\"},\"thumbnailUrl\":\"https:\/\/rednacionaldearte.com\/noticias\/wp-content\/uploads\/2016\/03\/Invitacio\u0301n-EXPOSICIO\u0301N.jpg\",\"articleSection\":[\"Convocatorias\",\"Eventos\",\"Fotograf\u00eda\"],\"inLanguage\":\"es\"},{\"@type\":\"WebPage\",\"@id\":\"http:\/\/rednacionaldearte.com\/noticias\/invitacion-inauguracion-paisaje-y-la-psique\/\",\"url\":\"http:\/\/rednacionaldearte.com\/noticias\/invitacion-inauguracion-paisaje-y-la-psique\/\",\"name\":\"Invitaci\u00f3n: Inauguraci\u00f3n de El Paisaje Y La Psique - Red Nacional de Arte\",\"isPartOf\":{\"@id\":\"http:\/\/rednacionaldearte.com\/noticias\/#website\"},\"primaryImageOfPage\":{\"@id\":\"http:\/\/rednacionaldearte.com\/noticias\/invitacion-inauguracion-paisaje-y-la-psique\/#primaryimage\"},\"image\":{\"@id\":\"http:\/\/rednacionaldearte.com\/noticias\/invitacion-inauguracion-paisaje-y-la-psique\/#primaryimage\"},\"thumbnailUrl\":\"https:\/\/rednacionaldearte.com\/noticias\/wp-content\/uploads\/2016\/03\/Invitacio\u0301n-EXPOSICIO\u0301N.jpg\",\"datePublished\":\"2016-03-30T04:17:51+00:00\",\"dateModified\":\"2016-03-30T04:19:10+00:00\",\"breadcrumb\":{\"@id\":\"http:\/\/rednacionaldearte.com\/noticias\/invitacion-inauguracion-paisaje-y-la-psique\/#breadcrumb\"},\"inLanguage\":\"es\",\"potentialAction\":[{\"@type\":\"ReadAction\",\"target\":[\"http:\/\/rednacionaldearte.com\/noticias\/invitacion-inauguracion-paisaje-y-la-psique\/\"]}]},{\"@type\":\"ImageObject\",\"inLanguage\":\"es\",\"@id\":\"http:\/\/rednacionaldearte.com\/noticias\/invitacion-inauguracion-paisaje-y-la-psique\/#primaryimage\",\"url\":\"https:\/\/rednacionaldearte.com\/noticias\/wp-content\/uploads\/2016\/03\/Invitacio\u0301n-EXPOSICIO\u0301N.jpg\",\"contentUrl\":\"https:\/\/rednacionaldearte.com\/noticias\/wp-content\/uploads\/2016\/03\/Invitacio\u0301n-EXPOSICIO\u0301N.jpg\",\"width\":3000,\"height\":2000,\"caption\":\"Invitacio\u0301n a la Exposici\u00f3n El Paisaje y la Psique\"},{\"@type\":\"BreadcrumbList\",\"@id\":\"http:\/\/rednacionaldearte.com\/noticias\/invitacion-inauguracion-paisaje-y-la-psique\/#breadcrumb\",\"itemListElement\":[{\"@type\":\"ListItem\",\"position\":1,\"name\":\"Home\",\"item\":\"http:\/\/rednacionaldearte.com\/noticias\/\"},{\"@type\":\"ListItem\",\"position\":2,\"name\":\"Invitaci\u00f3n: Inauguraci\u00f3n de El Paisaje Y La Psique\"}]},{\"@type\":\"WebSite\",\"@id\":\"http:\/\/rednacionaldearte.com\/noticias\/#website\",\"url\":\"http:\/\/rednacionaldearte.com\/noticias\/\",\"name\":\"Red Nacional de Arte\",\"description\":\"Cultura y Arte contempor\u00e1neo en M\u00e9xico\",\"publisher\":{\"@id\":\"http:\/\/rednacionaldearte.com\/noticias\/#organization\"},\"potentialAction\":[{\"@type\":\"SearchAction\",\"target\":{\"@type\":\"EntryPoint\",\"urlTemplate\":\"http:\/\/rednacionaldearte.com\/noticias\/?s={search_term_string}\"},\"query-input\":{\"@type\":\"PropertyValueSpecification\",\"valueRequired\":true,\"valueName\":\"search_term_string\"}}],\"inLanguage\":\"es\"},{\"@type\":\"Organization\",\"@id\":\"http:\/\/rednacionaldearte.com\/noticias\/#organization\",\"name\":\"Red Nacional de Arte\",\"url\":\"http:\/\/rednacionaldearte.com\/noticias\/\",\"logo\":{\"@type\":\"ImageObject\",\"inLanguage\":\"es\",\"@id\":\"http:\/\/rednacionaldearte.com\/noticias\/#\/schema\/logo\/image\/\",\"url\":\"http:\/\/rednacionaldearte.com\/noticias\/wp-content\/uploads\/2016\/04\/logo.png\",\"contentUrl\":\"http:\/\/rednacionaldearte.com\/noticias\/wp-content\/uploads\/2016\/04\/logo.png\",\"width\":575,\"height\":554,\"caption\":\"Red Nacional de Arte\"},\"image\":{\"@id\":\"http:\/\/rednacionaldearte.com\/noticias\/#\/schema\/logo\/image\/\"},\"sameAs\":[\"http:\/\/www.facebook.com\/rednacionaldearte\/\",\"https:\/\/x.com\/rednacionalarte\"]},{\"@type\":\"Person\",\"@id\":\"http:\/\/rednacionaldearte.com\/noticias\/#\/schema\/person\/489d635082b1de413434d2708a3e5b9b\",\"name\":\"Redacci\u00f3n\",\"image\":{\"@type\":\"ImageObject\",\"inLanguage\":\"es\",\"@id\":\"https:\/\/secure.gravatar.com\/avatar\/1d1c30eaee7c2f6cfa13fb8502cb06839106cdf371b9953d50e4b572d0bfa3c7?s=96&d=mm&r=g\",\"url\":\"https:\/\/secure.gravatar.com\/avatar\/1d1c30eaee7c2f6cfa13fb8502cb06839106cdf371b9953d50e4b572d0bfa3c7?s=96&d=mm&r=g\",\"contentUrl\":\"https:\/\/secure.gravatar.com\/avatar\/1d1c30eaee7c2f6cfa13fb8502cb06839106cdf371b9953d50e4b572d0bfa3c7?s=96&d=mm&r=g\",\"caption\":\"Redacci\u00f3n\"},\"url\":\"https:\/\/rednacionaldearte.com\/noticias\/author\/adan\/\"}]}<\/script>\n<!-- \/ Yoast SEO plugin. -->","yoast_head_json":{"title":"Invitaci\u00f3n: Inauguraci\u00f3n de El Paisaje Y La Psique - Red Nacional de Arte","robots":{"index":"index","follow":"follow","max-snippet":"max-snippet:-1","max-image-preview":"max-image-preview:large","max-video-preview":"max-video-preview:-1"},"canonical":"http:\/\/rednacionaldearte.com\/noticias\/invitacion-inauguracion-paisaje-y-la-psique\/","og_locale":"es_ES","og_type":"article","og_title":"Invitaci\u00f3n: Inauguraci\u00f3n de El Paisaje Y La Psique - Red Nacional de Arte","og_description":"Artistas participantes: Pablo Linares, Natalia Moya, Rafael Montiel, Isma\u00ebl Guye, Stefania Vara, Amaia Garc\u00eda, M\u00f3nica Ortega, Brian Overcast, \u00c1lvaro Fern\u00e1ndez, Roc\u00edo Askins, Antonio Busqueta, Ad\u00e1n Ruiz, Natalia Rodr\u00edguez, Daniela Ruiz, Paloma Navarro, Yamile Alfaro, Anubis M\u00e9ndez Tom\u00e1s Cano, Rosal\u00eda Aguirre, Perla Hern\u00e1ndez. &nbsp; &nbsp; Jueves 7 de Abril, 2016. Centro Cultural Futurama. 17 horas. &nbsp;","og_url":"http:\/\/rednacionaldearte.com\/noticias\/invitacion-inauguracion-paisaje-y-la-psique\/","og_site_name":"Red Nacional de Arte","article_publisher":"http:\/\/www.facebook.com\/rednacionaldearte\/","article_published_time":"2016-03-30T04:17:51+00:00","article_modified_time":"2016-03-30T04:19:10+00:00","og_image":[{"width":1024,"height":683,"url":"http:\/\/rednacionaldearte.com\/noticias\/wp-content\/uploads\/2016\/03\/Invitacio\u0301n-EXPOSICIO\u0301N-1024x683.jpg","type":"image\/jpeg"}],"author":"Redacci\u00f3n","twitter_card":"summary_large_image","twitter_creator":"@rednacionalarte","twitter_site":"@rednacionalarte","twitter_misc":{"Escrito por":"Redacci\u00f3n"},"schema":{"@context":"https:\/\/schema.org","@graph":[{"@type":"Article","@id":"http:\/\/rednacionaldearte.com\/noticias\/invitacion-inauguracion-paisaje-y-la-psique\/#article","isPartOf":{"@id":"http:\/\/rednacionaldearte.com\/noticias\/invitacion-inauguracion-paisaje-y-la-psique\/"},"author":{"name":"Redacci\u00f3n","@id":"http:\/\/rednacionaldearte.com\/noticias\/#\/schema\/person\/489d635082b1de413434d2708a3e5b9b"},"headline":"Invitaci\u00f3n: Inauguraci\u00f3n de El Paisaje Y La Psique","datePublished":"2016-03-30T04:17:51+00:00","dateModified":"2016-03-30T04:19:10+00:00","mainEntityOfPage":{"@id":"http:\/\/rednacionaldearte.com\/noticias\/invitacion-inauguracion-paisaje-y-la-psique\/"},"wordCount":73,"publisher":{"@id":"http:\/\/rednacionaldearte.com\/noticias\/#organization"},"image":{"@id":"http:\/\/rednacionaldearte.com\/noticias\/invitacion-inauguracion-paisaje-y-la-psique\/#primaryimage"},"thumbnailUrl":"https:\/\/rednacionaldearte.com\/noticias\/wp-content\/uploads\/2016\/03\/Invitacio\u0301n-EXPOSICIO\u0301N.jpg","articleSection":["Convocatorias","Eventos","Fotograf\u00eda"],"inLanguage":"es"},{"@type":"WebPage","@id":"http:\/\/rednacionaldearte.com\/noticias\/invitacion-inauguracion-paisaje-y-la-psique\/","url":"http:\/\/rednacionaldearte.com\/noticias\/invitacion-inauguracion-paisaje-y-la-psique\/","name":"Invitaci\u00f3n: Inauguraci\u00f3n de El Paisaje Y La Psique - Red Nacional de Arte","isPartOf":{"@id":"http:\/\/rednacionaldearte.com\/noticias\/#website"},"primaryImageOfPage":{"@id":"http:\/\/rednacionaldearte.com\/noticias\/invitacion-inauguracion-paisaje-y-la-psique\/#primaryimage"},"image":{"@id":"http:\/\/rednacionaldearte.com\/noticias\/invitacion-inauguracion-paisaje-y-la-psique\/#primaryimage"},"thumbnailUrl":"https:\/\/rednacionaldearte.com\/noticias\/wp-content\/uploads\/2016\/03\/Invitacio\u0301n-EXPOSICIO\u0301N.jpg","datePublished":"2016-03-30T04:17:51+00:00","dateModified":"2016-03-30T04:19:10+00:00","breadcrumb":{"@id":"http:\/\/rednacionaldearte.com\/noticias\/invitacion-inauguracion-paisaje-y-la-psique\/#breadcrumb"},"inLanguage":"es","potentialAction":[{"@type":"ReadAction","target":["http:\/\/rednacionaldearte.com\/noticias\/invitacion-inauguracion-paisaje-y-la-psique\/"]}]},{"@type":"ImageObject","inLanguage":"es","@id":"http:\/\/rednacionaldearte.com\/noticias\/invitacion-inauguracion-paisaje-y-la-psique\/#primaryimage","url":"https:\/\/rednacionaldearte.com\/noticias\/wp-content\/uploads\/2016\/03\/Invitacio\u0301n-EXPOSICIO\u0301N.jpg","contentUrl":"https:\/\/rednacionaldearte.com\/noticias\/wp-content\/uploads\/2016\/03\/Invitacio\u0301n-EXPOSICIO\u0301N.jpg","width":3000,"height":2000,"caption":"Invitacio\u0301n a la Exposici\u00f3n El Paisaje y la Psique"},{"@type":"BreadcrumbList","@id":"http:\/\/rednacionaldearte.com\/noticias\/invitacion-inauguracion-paisaje-y-la-psique\/#breadcrumb","itemListElement":[{"@type":"ListItem","position":1,"name":"Home","item":"http:\/\/rednacionaldearte.com\/noticias\/"},{"@type":"ListItem","position":2,"name":"Invitaci\u00f3n: Inauguraci\u00f3n de El Paisaje Y La Psique"}]},{"@type":"WebSite","@id":"http:\/\/rednacionaldearte.com\/noticias\/#website","url":"http:\/\/rednacionaldearte.com\/noticias\/","name":"Red Nacional de Arte","description":"Cultura y Arte contempor\u00e1neo en M\u00e9xico","publisher":{"@id":"http:\/\/rednacionaldearte.com\/noticias\/#organization"},"potentialAction":[{"@type":"SearchAction","target":{"@type":"EntryPoint","urlTemplate":"http:\/\/rednacionaldearte.com\/noticias\/?s={search_term_string}"},"query-input":{"@type":"PropertyValueSpecification","valueRequired":true,"valueName":"search_term_string"}}],"inLanguage":"es"},{"@type":"Organization","@id":"http:\/\/rednacionaldearte.com\/noticias\/#organization","name":"Red Nacional de Arte","url":"http:\/\/rednacionaldearte.com\/noticias\/","logo":{"@type":"ImageObject","inLanguage":"es","@id":"http:\/\/rednacionaldearte.com\/noticias\/#\/schema\/logo\/image\/","url":"http:\/\/rednacionaldearte.com\/noticias\/wp-content\/uploads\/2016\/04\/logo.png","contentUrl":"http:\/\/rednacionaldearte.com\/noticias\/wp-content\/uploads\/2016\/04\/logo.png","width":575,"height":554,"caption":"Red Nacional de Arte"},"image":{"@id":"http:\/\/rednacionaldearte.com\/noticias\/#\/schema\/logo\/image\/"},"sameAs":["http:\/\/www.facebook.com\/rednacionaldearte\/","https:\/\/x.com\/rednacionalarte"]},{"@type":"Person","@id":"http:\/\/rednacionaldearte.com\/noticias\/#\/schema\/person\/489d635082b1de413434d2708a3e5b9b","name":"Redacci\u00f3n","image":{"@type":"ImageObject","inLanguage":"es","@id":"https:\/\/secure.gravatar.com\/avatar\/1d1c30eaee7c2f6cfa13fb8502cb06839106cdf371b9953d50e4b572d0bfa3c7?s=96&d=mm&r=g","url":"https:\/\/secure.gravatar.com\/avatar\/1d1c30eaee7c2f6cfa13fb8502cb06839106cdf371b9953d50e4b572d0bfa3c7?s=96&d=mm&r=g","contentUrl":"https:\/\/secure.gravatar.com\/avatar\/1d1c30eaee7c2f6cfa13fb8502cb06839106cdf371b9953d50e4b572d0bfa3c7?s=96&d=mm&r=g","caption":"Redacci\u00f3n"},"url":"https:\/\/rednacionaldearte.com\/noticias\/author\/adan\/"}]}},"amp_validity":null,"amp_enabled":true,"_links":{"self":[{"href":"https:\/\/rednacionaldearte.com\/noticias\/wp-json\/wp\/v2\/posts\/34","targetHints":{"allow":["GET"]}}],"collection":[{"href":"https:\/\/rednacionaldearte.com\/noticias\/wp-json\/wp\/v2\/posts"}],"about":[{"href":"https:\/\/rednacionaldearte.com\/noticias\/wp-json\/wp\/v2\/types\/post"}],"author":[{"embeddable":true,"href":"https:\/\/rednacionaldearte.com\/noticias\/wp-json\/wp\/v2\/users\/1"}],"replies":[{"embeddable":true,"href":"https:\/\/rednacionaldearte.com\/noticias\/wp-json\/wp\/v2\/comments?post=34"}],"version-history":[{"count":3,"href":"https:\/\/rednacionaldearte.com\/noticias\/wp-json\/wp\/v2\/posts\/34\/revisions"}],"predecessor-version":[{"id":38,"href":"https:\/\/rednacionaldearte.com\/noticias\/wp-json\/wp\/v2\/posts\/34\/revisions\/38"}],"wp:featuredmedia":[{"embeddable":true,"href":"https:\/\/rednacionaldearte.com\/noticias\/wp-json\/wp\/v2\/media\/35"}],"wp:attachment":[{"href":"https:\/\/rednacionaldearte.com\/noticias\/wp-json\/wp\/v2\/media?parent=34"}],"wp:term":[{"taxonomy":"category","embeddable":true,"href":"https:\/\/rednacionaldearte.com\/noticias\/wp-json\/wp\/v2\/categories?post=34"},{"taxonomy":"post_tag","embeddable":true,"href":"https:\/\/rednacionaldearte.com\/noticias\/wp-json\/wp\/v2\/tags?post=34"}],"curies":[{"name":"wp","href":"https:\/\/api.w.org\/{rel}","templated":true}]}}