{"id":368,"date":"2017-03-10T05:18:37","date_gmt":"2017-03-10T05:18:37","guid":{"rendered":"http:\/\/rednacionaldearte.com\/noticias\/?p=368"},"modified":"2017-03-10T05:24:12","modified_gmt":"2017-03-10T05:24:12","slug":"louvre-pasarela-louis-vuitton","status":"publish","type":"post","link":"https:\/\/rednacionaldearte.com\/noticias\/louvre-pasarela-louis-vuitton\/","title":{"rendered":"Por primera vez el Louvre alberga una pasarela: Louis Vuitton"},"content":{"rendered":"<p><a href=\"http:\/\/rednacionaldearte.com\/noticias\/wp-content\/uploads\/2017\/03\/Louis-Vuitton-Louvre.png\"><img loading=\"lazy\" decoding=\"async\" class=\"aligncenter size-full wp-image-369\" src=\"http:\/\/rednacionaldearte.com\/noticias\/wp-content\/uploads\/2017\/03\/Louis-Vuitton-Louvre.png\" alt=\"Louis Vuitton en el Louvre\" width=\"685\" height=\"384\" srcset=\"https:\/\/rednacionaldearte.com\/noticias\/wp-content\/uploads\/2017\/03\/Louis-Vuitton-Louvre.png 685w, https:\/\/rednacionaldearte.com\/noticias\/wp-content\/uploads\/2017\/03\/Louis-Vuitton-Louvre-300x168.png 300w\" sizes=\"auto, (max-width: 685px) 100vw, 685px\" \/><\/a><\/p>\n<p>La noche de ayer, el Museo de Louvre -uno de los m\u00e1s importantes del mundo- hosped\u00f3 por primera vez en su historia un\u00a0desfile de modas organizado por\u00a0la marca\u00a0Louis Vuitton\u00a0para presentar\u00a0su nueva colecci\u00f3n para oto\u00f1o-invierno dise\u00f1ada\u00a0por Nicolas Ghesqui\u00e8re, considerada como una de las m\u00e1s esperadas del Paris Fashion Week.<\/p>\n<blockquote><p>Mi intenci\u00f3n es mostrar c\u00f3mo la migraci\u00f3n y el multiculturalismo siempre ha mejorado el estado actual de la moda. [&#8230;] Par\u00eds siempre ha sido una ciudad que ha recibido al mundo de la moda y deber\u00eda de permanecer as\u00ed. Sin\u00a0fronteras, la\u00a0cultura es incuestionablemente enriquecida.<\/p><\/blockquote>\n<p>Michael Burke, director ejecutivo de Louis Vuitton manifest\u00f3 que el evento\u00a0en el museo ayudar\u00e1 a rehabilitar la reputaci\u00f3n de la ciudad \u00abpromocionando la marca que es Par\u00eds\u00bb. A la vez, la Fundaci\u00f3n Louis Vuitton anunci\u00f3 la construcci\u00f3n de un nuevo museo dise\u00f1ado por Frank Gehry, a un costado de sus instalaciones en el R\u00edo Siena.<\/p>\n<p><a href=\"http:\/\/rednacionaldearte.com\/noticias\/wp-content\/uploads\/2017\/03\/louis-vuitton-women-fall-winter-2017-show-looks-from-the-collection-WOMANFW17SHOW_VISUEL_KEYLOOKS_v2_DI1.jpg\"><img loading=\"lazy\" decoding=\"async\" class=\"aligncenter size-full wp-image-370\" src=\"http:\/\/rednacionaldearte.com\/noticias\/wp-content\/uploads\/2017\/03\/louis-vuitton-women-fall-winter-2017-show-looks-from-the-collection-WOMANFW17SHOW_VISUEL_KEYLOOKS_v2_DI1.jpg\" alt=\"\" width=\"1050\" height=\"489\" srcset=\"https:\/\/rednacionaldearte.com\/noticias\/wp-content\/uploads\/2017\/03\/louis-vuitton-women-fall-winter-2017-show-looks-from-the-collection-WOMANFW17SHOW_VISUEL_KEYLOOKS_v2_DI1.jpg 1050w, https:\/\/rednacionaldearte.com\/noticias\/wp-content\/uploads\/2017\/03\/louis-vuitton-women-fall-winter-2017-show-looks-from-the-collection-WOMANFW17SHOW_VISUEL_KEYLOOKS_v2_DI1-300x140.jpg 300w, https:\/\/rednacionaldearte.com\/noticias\/wp-content\/uploads\/2017\/03\/louis-vuitton-women-fall-winter-2017-show-looks-from-the-collection-WOMANFW17SHOW_VISUEL_KEYLOOKS_v2_DI1-768x358.jpg 768w, https:\/\/rednacionaldearte.com\/noticias\/wp-content\/uploads\/2017\/03\/louis-vuitton-women-fall-winter-2017-show-looks-from-the-collection-WOMANFW17SHOW_VISUEL_KEYLOOKS_v2_DI1-1024x477.jpg 1024w\" sizes=\"auto, (max-width: 1050px) 100vw, 1050px\" \/><\/a><\/p>\n<p><a href=\"http:\/\/rednacionaldearte.com\/noticias\/wp-content\/uploads\/2017\/03\/02-louis-vuitton-recap.jpg\"><img loading=\"lazy\" decoding=\"async\" class=\"aligncenter size-full wp-image-371\" src=\"http:\/\/rednacionaldearte.com\/noticias\/wp-content\/uploads\/2017\/03\/02-louis-vuitton-recap.jpg\" alt=\"\" width=\"660\" height=\"440\" srcset=\"https:\/\/rednacionaldearte.com\/noticias\/wp-content\/uploads\/2017\/03\/02-louis-vuitton-recap.jpg 660w, https:\/\/rednacionaldearte.com\/noticias\/wp-content\/uploads\/2017\/03\/02-louis-vuitton-recap-300x200.jpg 300w, https:\/\/rednacionaldearte.com\/noticias\/wp-content\/uploads\/2017\/03\/02-louis-vuitton-recap-360x240.jpg 360w\" sizes=\"auto, (max-width: 660px) 100vw, 660px\" \/><\/a><\/p>\n<p><a href=\"http:\/\/rednacionaldearte.com\/noticias\/wp-content\/uploads\/2017\/03\/00-holding-louis-vuitton-recap.jpg\"><img loading=\"lazy\" decoding=\"async\" class=\"aligncenter size-full wp-image-372\" src=\"http:\/\/rednacionaldearte.com\/noticias\/wp-content\/uploads\/2017\/03\/00-holding-louis-vuitton-recap.jpg\" alt=\"\" width=\"780\" height=\"520\" srcset=\"https:\/\/rednacionaldearte.com\/noticias\/wp-content\/uploads\/2017\/03\/00-holding-louis-vuitton-recap.jpg 780w, https:\/\/rednacionaldearte.com\/noticias\/wp-content\/uploads\/2017\/03\/00-holding-louis-vuitton-recap-300x200.jpg 300w, https:\/\/rednacionaldearte.com\/noticias\/wp-content\/uploads\/2017\/03\/00-holding-louis-vuitton-recap-768x512.jpg 768w, https:\/\/rednacionaldearte.com\/noticias\/wp-content\/uploads\/2017\/03\/00-holding-louis-vuitton-recap-360x240.jpg 360w\" sizes=\"auto, (max-width: 780px) 100vw, 780px\" \/><\/a><\/p>\n<p><a href=\"http:\/\/rednacionaldearte.com\/noticias\/wp-content\/uploads\/2017\/03\/03-louis-vuitton-recap.jpg\"><img loading=\"lazy\" decoding=\"async\" class=\"aligncenter size-full wp-image-373\" src=\"http:\/\/rednacionaldearte.com\/noticias\/wp-content\/uploads\/2017\/03\/03-louis-vuitton-recap.jpg\" alt=\"\" width=\"660\" height=\"990\" srcset=\"https:\/\/rednacionaldearte.com\/noticias\/wp-content\/uploads\/2017\/03\/03-louis-vuitton-recap.jpg 660w, https:\/\/rednacionaldearte.com\/noticias\/wp-content\/uploads\/2017\/03\/03-louis-vuitton-recap-200x300.jpg 200w\" sizes=\"auto, (max-width: 660px) 100vw, 660px\" \/><\/a><\/p>\n<p><a href=\"http:\/\/rednacionaldearte.com\/noticias\/wp-content\/uploads\/2017\/03\/1206407.jpg\"><img loading=\"lazy\" decoding=\"async\" class=\"aligncenter size-full wp-image-374\" src=\"http:\/\/rednacionaldearte.com\/noticias\/wp-content\/uploads\/2017\/03\/1206407.jpg\" alt=\"\" width=\"786\" height=\"524\" srcset=\"https:\/\/rednacionaldearte.com\/noticias\/wp-content\/uploads\/2017\/03\/1206407.jpg 786w, https:\/\/rednacionaldearte.com\/noticias\/wp-content\/uploads\/2017\/03\/1206407-300x200.jpg 300w, https:\/\/rednacionaldearte.com\/noticias\/wp-content\/uploads\/2017\/03\/1206407-768x512.jpg 768w, https:\/\/rednacionaldearte.com\/noticias\/wp-content\/uploads\/2017\/03\/1206407-360x240.jpg 360w\" sizes=\"auto, (max-width: 786px) 100vw, 786px\" \/><\/a><\/p>\n<p>&nbsp;<\/p>\n<p><iframe loading=\"lazy\" title=\"Women&#039;s Fall-Winter 2017 Show Finale | LOUIS VUITTON\" width=\"648\" height=\"365\" src=\"https:\/\/www.youtube.com\/embed\/D8Iga4p9Lgw?feature=oembed\" frameborder=\"0\" allow=\"accelerometer; autoplay; clipboard-write; encrypted-media; gyroscope; picture-in-picture; web-share\" referrerpolicy=\"strict-origin-when-cross-origin\" allowfullscreen><\/iframe><\/p>\n","protected":false},"excerpt":{"rendered":"<p>La noche de ayer, el Museo de Louvre -uno de los m\u00e1s importantes del mundo- hosped\u00f3 por primera vez en su historia un\u00a0desfile de modas organizado por\u00a0la marca\u00a0Louis Vuitton\u00a0para presentar\u00a0su nueva colecci\u00f3n para oto\u00f1o-invierno dise\u00f1ada\u00a0por Nicolas Ghesqui\u00e8re, considerada como una de las m\u00e1s esperadas del Paris Fashion Week. Mi intenci\u00f3n es mostrar c\u00f3mo la migraci\u00f3n [&hellip;]<\/p>\n","protected":false},"author":1,"featured_media":369,"comment_status":"closed","ping_status":"open","sticky":false,"template":"","format":"standard","meta":{"footnotes":""},"categories":[102,99],"tags":[100,101],"class_list":["post-368","post","type-post","status-publish","format-standard","has-post-thumbnail","hentry","category-estilo-de-vida","category-moda","tag-louis-vuitton","tag-museo-de-louvre"],"yoast_head":"<!-- This site is optimized with the Yoast SEO plugin v27.2 - https:\/\/yoast.com\/product\/yoast-seo-wordpress\/ -->\n<title>Por primera vez el Louvre alberga una pasarela: Louis Vuitton<\/title>\n<meta name=\"robots\" content=\"index, follow, max-snippet:-1, max-image-preview:large, max-video-preview:-1\" \/>\n<link rel=\"canonical\" href=\"http:\/\/rednacionaldearte.com\/noticias\/louvre-pasarela-louis-vuitton\/\" \/>\n<meta property=\"og:locale\" content=\"es_ES\" \/>\n<meta property=\"og:type\" content=\"article\" \/>\n<meta property=\"og:title\" content=\"Por primera vez el Louvre alberga una pasarela: Louis Vuitton\" \/>\n<meta property=\"og:description\" content=\"La noche de ayer, el Museo de Louvre -uno de los m\u00e1s importantes del mundo- hosped\u00f3 por primera vez en su historia un\u00a0desfile de modas organizado por\u00a0la marca\u00a0Louis Vuitton\u00a0para presentar\u00a0su nueva colecci\u00f3n para oto\u00f1o-invierno dise\u00f1ada\u00a0por Nicolas Ghesqui\u00e8re, considerada como una de las m\u00e1s esperadas del Paris Fashion Week. Mi intenci\u00f3n es mostrar c\u00f3mo la migraci\u00f3n [&hellip;]\" \/>\n<meta property=\"og:url\" content=\"http:\/\/rednacionaldearte.com\/noticias\/louvre-pasarela-louis-vuitton\/\" \/>\n<meta property=\"og:site_name\" content=\"Red Nacional de Arte\" \/>\n<meta property=\"article:publisher\" content=\"http:\/\/www.facebook.com\/rednacionaldearte\/\" \/>\n<meta property=\"article:published_time\" content=\"2017-03-10T05:18:37+00:00\" \/>\n<meta property=\"article:modified_time\" content=\"2017-03-10T05:24:12+00:00\" \/>\n<meta property=\"og:image\" content=\"http:\/\/rednacionaldearte.com\/noticias\/wp-content\/uploads\/2017\/03\/Louis-Vuitton-Louvre.png\" \/>\n\t<meta property=\"og:image:width\" content=\"685\" \/>\n\t<meta property=\"og:image:height\" content=\"384\" \/>\n\t<meta property=\"og:image:type\" content=\"image\/png\" \/>\n<meta name=\"author\" content=\"Redacci\u00f3n\" \/>\n<meta name=\"twitter:card\" content=\"summary_large_image\" \/>\n<meta name=\"twitter:creator\" content=\"@rednacionalarte\" \/>\n<meta name=\"twitter:site\" content=\"@rednacionalarte\" \/>\n<meta name=\"twitter:label1\" content=\"Escrito por\" \/>\n\t<meta name=\"twitter:data1\" content=\"Redacci\u00f3n\" \/>\n\t<meta name=\"twitter:label2\" content=\"Tiempo de lectura\" \/>\n\t<meta name=\"twitter:data2\" content=\"1 minuto\" \/>\n<script type=\"application\/ld+json\" class=\"yoast-schema-graph\">{\"@context\":\"https:\/\/schema.org\",\"@graph\":[{\"@type\":\"Article\",\"@id\":\"http:\/\/rednacionaldearte.com\/noticias\/louvre-pasarela-louis-vuitton\/#article\",\"isPartOf\":{\"@id\":\"http:\/\/rednacionaldearte.com\/noticias\/louvre-pasarela-louis-vuitton\/\"},\"author\":{\"name\":\"Redacci\u00f3n\",\"@id\":\"http:\/\/rednacionaldearte.com\/noticias\/#\/schema\/person\/489d635082b1de413434d2708a3e5b9b\"},\"headline\":\"Por primera vez el Louvre alberga una pasarela: Louis Vuitton\",\"datePublished\":\"2017-03-10T05:18:37+00:00\",\"dateModified\":\"2017-03-10T05:24:12+00:00\",\"mainEntityOfPage\":{\"@id\":\"http:\/\/rednacionaldearte.com\/noticias\/louvre-pasarela-louis-vuitton\/\"},\"wordCount\":193,\"publisher\":{\"@id\":\"http:\/\/rednacionaldearte.com\/noticias\/#organization\"},\"image\":{\"@id\":\"http:\/\/rednacionaldearte.com\/noticias\/louvre-pasarela-louis-vuitton\/#primaryimage\"},\"thumbnailUrl\":\"https:\/\/rednacionaldearte.com\/noticias\/wp-content\/uploads\/2017\/03\/Louis-Vuitton-Louvre.png\",\"keywords\":[\"Louis Vuitton\",\"Museo de Louvre\"],\"articleSection\":[\"Estilo de Vida\",\"Moda\"],\"inLanguage\":\"es\"},{\"@type\":\"WebPage\",\"@id\":\"http:\/\/rednacionaldearte.com\/noticias\/louvre-pasarela-louis-vuitton\/\",\"url\":\"http:\/\/rednacionaldearte.com\/noticias\/louvre-pasarela-louis-vuitton\/\",\"name\":\"Por primera vez el Louvre alberga una pasarela: Louis Vuitton\",\"isPartOf\":{\"@id\":\"http:\/\/rednacionaldearte.com\/noticias\/#website\"},\"primaryImageOfPage\":{\"@id\":\"http:\/\/rednacionaldearte.com\/noticias\/louvre-pasarela-louis-vuitton\/#primaryimage\"},\"image\":{\"@id\":\"http:\/\/rednacionaldearte.com\/noticias\/louvre-pasarela-louis-vuitton\/#primaryimage\"},\"thumbnailUrl\":\"https:\/\/rednacionaldearte.com\/noticias\/wp-content\/uploads\/2017\/03\/Louis-Vuitton-Louvre.png\",\"datePublished\":\"2017-03-10T05:18:37+00:00\",\"dateModified\":\"2017-03-10T05:24:12+00:00\",\"breadcrumb\":{\"@id\":\"http:\/\/rednacionaldearte.com\/noticias\/louvre-pasarela-louis-vuitton\/#breadcrumb\"},\"inLanguage\":\"es\",\"potentialAction\":[{\"@type\":\"ReadAction\",\"target\":[\"http:\/\/rednacionaldearte.com\/noticias\/louvre-pasarela-louis-vuitton\/\"]}]},{\"@type\":\"ImageObject\",\"inLanguage\":\"es\",\"@id\":\"http:\/\/rednacionaldearte.com\/noticias\/louvre-pasarela-louis-vuitton\/#primaryimage\",\"url\":\"https:\/\/rednacionaldearte.com\/noticias\/wp-content\/uploads\/2017\/03\/Louis-Vuitton-Louvre.png\",\"contentUrl\":\"https:\/\/rednacionaldearte.com\/noticias\/wp-content\/uploads\/2017\/03\/Louis-Vuitton-Louvre.png\",\"width\":685,\"height\":384,\"caption\":\"Louis Vuitton en el Louvre\"},{\"@type\":\"BreadcrumbList\",\"@id\":\"http:\/\/rednacionaldearte.com\/noticias\/louvre-pasarela-louis-vuitton\/#breadcrumb\",\"itemListElement\":[{\"@type\":\"ListItem\",\"position\":1,\"name\":\"Home\",\"item\":\"http:\/\/rednacionaldearte.com\/noticias\/\"},{\"@type\":\"ListItem\",\"position\":2,\"name\":\"Por primera vez el Louvre alberga una pasarela: Louis Vuitton\"}]},{\"@type\":\"WebSite\",\"@id\":\"http:\/\/rednacionaldearte.com\/noticias\/#website\",\"url\":\"http:\/\/rednacionaldearte.com\/noticias\/\",\"name\":\"Red Nacional de Arte\",\"description\":\"Cultura y Arte contempor\u00e1neo en M\u00e9xico\",\"publisher\":{\"@id\":\"http:\/\/rednacionaldearte.com\/noticias\/#organization\"},\"potentialAction\":[{\"@type\":\"SearchAction\",\"target\":{\"@type\":\"EntryPoint\",\"urlTemplate\":\"http:\/\/rednacionaldearte.com\/noticias\/?s={search_term_string}\"},\"query-input\":{\"@type\":\"PropertyValueSpecification\",\"valueRequired\":true,\"valueName\":\"search_term_string\"}}],\"inLanguage\":\"es\"},{\"@type\":\"Organization\",\"@id\":\"http:\/\/rednacionaldearte.com\/noticias\/#organization\",\"name\":\"Red Nacional de Arte\",\"url\":\"http:\/\/rednacionaldearte.com\/noticias\/\",\"logo\":{\"@type\":\"ImageObject\",\"inLanguage\":\"es\",\"@id\":\"http:\/\/rednacionaldearte.com\/noticias\/#\/schema\/logo\/image\/\",\"url\":\"http:\/\/rednacionaldearte.com\/noticias\/wp-content\/uploads\/2016\/04\/logo.png\",\"contentUrl\":\"http:\/\/rednacionaldearte.com\/noticias\/wp-content\/uploads\/2016\/04\/logo.png\",\"width\":575,\"height\":554,\"caption\":\"Red Nacional de Arte\"},\"image\":{\"@id\":\"http:\/\/rednacionaldearte.com\/noticias\/#\/schema\/logo\/image\/\"},\"sameAs\":[\"http:\/\/www.facebook.com\/rednacionaldearte\/\",\"https:\/\/x.com\/rednacionalarte\"]},{\"@type\":\"Person\",\"@id\":\"http:\/\/rednacionaldearte.com\/noticias\/#\/schema\/person\/489d635082b1de413434d2708a3e5b9b\",\"name\":\"Redacci\u00f3n\",\"image\":{\"@type\":\"ImageObject\",\"inLanguage\":\"es\",\"@id\":\"https:\/\/secure.gravatar.com\/avatar\/1d1c30eaee7c2f6cfa13fb8502cb06839106cdf371b9953d50e4b572d0bfa3c7?s=96&d=mm&r=g\",\"url\":\"https:\/\/secure.gravatar.com\/avatar\/1d1c30eaee7c2f6cfa13fb8502cb06839106cdf371b9953d50e4b572d0bfa3c7?s=96&d=mm&r=g\",\"contentUrl\":\"https:\/\/secure.gravatar.com\/avatar\/1d1c30eaee7c2f6cfa13fb8502cb06839106cdf371b9953d50e4b572d0bfa3c7?s=96&d=mm&r=g\",\"caption\":\"Redacci\u00f3n\"},\"url\":\"https:\/\/rednacionaldearte.com\/noticias\/author\/adan\/\"}]}<\/script>\n<!-- \/ Yoast SEO plugin. -->","yoast_head_json":{"title":"Por primera vez el Louvre alberga una pasarela: Louis Vuitton","robots":{"index":"index","follow":"follow","max-snippet":"max-snippet:-1","max-image-preview":"max-image-preview:large","max-video-preview":"max-video-preview:-1"},"canonical":"http:\/\/rednacionaldearte.com\/noticias\/louvre-pasarela-louis-vuitton\/","og_locale":"es_ES","og_type":"article","og_title":"Por primera vez el Louvre alberga una pasarela: Louis Vuitton","og_description":"La noche de ayer, el Museo de Louvre -uno de los m\u00e1s importantes del mundo- hosped\u00f3 por primera vez en su historia un\u00a0desfile de modas organizado por\u00a0la marca\u00a0Louis Vuitton\u00a0para presentar\u00a0su nueva colecci\u00f3n para oto\u00f1o-invierno dise\u00f1ada\u00a0por Nicolas Ghesqui\u00e8re, considerada como una de las m\u00e1s esperadas del Paris Fashion Week. Mi intenci\u00f3n es mostrar c\u00f3mo la migraci\u00f3n [&hellip;]","og_url":"http:\/\/rednacionaldearte.com\/noticias\/louvre-pasarela-louis-vuitton\/","og_site_name":"Red Nacional de Arte","article_publisher":"http:\/\/www.facebook.com\/rednacionaldearte\/","article_published_time":"2017-03-10T05:18:37+00:00","article_modified_time":"2017-03-10T05:24:12+00:00","og_image":[{"width":685,"height":384,"url":"http:\/\/rednacionaldearte.com\/noticias\/wp-content\/uploads\/2017\/03\/Louis-Vuitton-Louvre.png","type":"image\/png"}],"author":"Redacci\u00f3n","twitter_card":"summary_large_image","twitter_creator":"@rednacionalarte","twitter_site":"@rednacionalarte","twitter_misc":{"Escrito por":"Redacci\u00f3n","Tiempo de lectura":"1 minuto"},"schema":{"@context":"https:\/\/schema.org","@graph":[{"@type":"Article","@id":"http:\/\/rednacionaldearte.com\/noticias\/louvre-pasarela-louis-vuitton\/#article","isPartOf":{"@id":"http:\/\/rednacionaldearte.com\/noticias\/louvre-pasarela-louis-vuitton\/"},"author":{"name":"Redacci\u00f3n","@id":"http:\/\/rednacionaldearte.com\/noticias\/#\/schema\/person\/489d635082b1de413434d2708a3e5b9b"},"headline":"Por primera vez el Louvre alberga una pasarela: Louis Vuitton","datePublished":"2017-03-10T05:18:37+00:00","dateModified":"2017-03-10T05:24:12+00:00","mainEntityOfPage":{"@id":"http:\/\/rednacionaldearte.com\/noticias\/louvre-pasarela-louis-vuitton\/"},"wordCount":193,"publisher":{"@id":"http:\/\/rednacionaldearte.com\/noticias\/#organization"},"image":{"@id":"http:\/\/rednacionaldearte.com\/noticias\/louvre-pasarela-louis-vuitton\/#primaryimage"},"thumbnailUrl":"https:\/\/rednacionaldearte.com\/noticias\/wp-content\/uploads\/2017\/03\/Louis-Vuitton-Louvre.png","keywords":["Louis Vuitton","Museo de Louvre"],"articleSection":["Estilo de Vida","Moda"],"inLanguage":"es"},{"@type":"WebPage","@id":"http:\/\/rednacionaldearte.com\/noticias\/louvre-pasarela-louis-vuitton\/","url":"http:\/\/rednacionaldearte.com\/noticias\/louvre-pasarela-louis-vuitton\/","name":"Por primera vez el Louvre alberga una pasarela: Louis Vuitton","isPartOf":{"@id":"http:\/\/rednacionaldearte.com\/noticias\/#website"},"primaryImageOfPage":{"@id":"http:\/\/rednacionaldearte.com\/noticias\/louvre-pasarela-louis-vuitton\/#primaryimage"},"image":{"@id":"http:\/\/rednacionaldearte.com\/noticias\/louvre-pasarela-louis-vuitton\/#primaryimage"},"thumbnailUrl":"https:\/\/rednacionaldearte.com\/noticias\/wp-content\/uploads\/2017\/03\/Louis-Vuitton-Louvre.png","datePublished":"2017-03-10T05:18:37+00:00","dateModified":"2017-03-10T05:24:12+00:00","breadcrumb":{"@id":"http:\/\/rednacionaldearte.com\/noticias\/louvre-pasarela-louis-vuitton\/#breadcrumb"},"inLanguage":"es","potentialAction":[{"@type":"ReadAction","target":["http:\/\/rednacionaldearte.com\/noticias\/louvre-pasarela-louis-vuitton\/"]}]},{"@type":"ImageObject","inLanguage":"es","@id":"http:\/\/rednacionaldearte.com\/noticias\/louvre-pasarela-louis-vuitton\/#primaryimage","url":"https:\/\/rednacionaldearte.com\/noticias\/wp-content\/uploads\/2017\/03\/Louis-Vuitton-Louvre.png","contentUrl":"https:\/\/rednacionaldearte.com\/noticias\/wp-content\/uploads\/2017\/03\/Louis-Vuitton-Louvre.png","width":685,"height":384,"caption":"Louis Vuitton en el Louvre"},{"@type":"BreadcrumbList","@id":"http:\/\/rednacionaldearte.com\/noticias\/louvre-pasarela-louis-vuitton\/#breadcrumb","itemListElement":[{"@type":"ListItem","position":1,"name":"Home","item":"http:\/\/rednacionaldearte.com\/noticias\/"},{"@type":"ListItem","position":2,"name":"Por primera vez el Louvre alberga una pasarela: Louis Vuitton"}]},{"@type":"WebSite","@id":"http:\/\/rednacionaldearte.com\/noticias\/#website","url":"http:\/\/rednacionaldearte.com\/noticias\/","name":"Red Nacional de Arte","description":"Cultura y Arte contempor\u00e1neo en M\u00e9xico","publisher":{"@id":"http:\/\/rednacionaldearte.com\/noticias\/#organization"},"potentialAction":[{"@type":"SearchAction","target":{"@type":"EntryPoint","urlTemplate":"http:\/\/rednacionaldearte.com\/noticias\/?s={search_term_string}"},"query-input":{"@type":"PropertyValueSpecification","valueRequired":true,"valueName":"search_term_string"}}],"inLanguage":"es"},{"@type":"Organization","@id":"http:\/\/rednacionaldearte.com\/noticias\/#organization","name":"Red Nacional de Arte","url":"http:\/\/rednacionaldearte.com\/noticias\/","logo":{"@type":"ImageObject","inLanguage":"es","@id":"http:\/\/rednacionaldearte.com\/noticias\/#\/schema\/logo\/image\/","url":"http:\/\/rednacionaldearte.com\/noticias\/wp-content\/uploads\/2016\/04\/logo.png","contentUrl":"http:\/\/rednacionaldearte.com\/noticias\/wp-content\/uploads\/2016\/04\/logo.png","width":575,"height":554,"caption":"Red Nacional de Arte"},"image":{"@id":"http:\/\/rednacionaldearte.com\/noticias\/#\/schema\/logo\/image\/"},"sameAs":["http:\/\/www.facebook.com\/rednacionaldearte\/","https:\/\/x.com\/rednacionalarte"]},{"@type":"Person","@id":"http:\/\/rednacionaldearte.com\/noticias\/#\/schema\/person\/489d635082b1de413434d2708a3e5b9b","name":"Redacci\u00f3n","image":{"@type":"ImageObject","inLanguage":"es","@id":"https:\/\/secure.gravatar.com\/avatar\/1d1c30eaee7c2f6cfa13fb8502cb06839106cdf371b9953d50e4b572d0bfa3c7?s=96&d=mm&r=g","url":"https:\/\/secure.gravatar.com\/avatar\/1d1c30eaee7c2f6cfa13fb8502cb06839106cdf371b9953d50e4b572d0bfa3c7?s=96&d=mm&r=g","contentUrl":"https:\/\/secure.gravatar.com\/avatar\/1d1c30eaee7c2f6cfa13fb8502cb06839106cdf371b9953d50e4b572d0bfa3c7?s=96&d=mm&r=g","caption":"Redacci\u00f3n"},"url":"https:\/\/rednacionaldearte.com\/noticias\/author\/adan\/"}]}},"amp_validity":null,"amp_enabled":true,"_links":{"self":[{"href":"https:\/\/rednacionaldearte.com\/noticias\/wp-json\/wp\/v2\/posts\/368","targetHints":{"allow":["GET"]}}],"collection":[{"href":"https:\/\/rednacionaldearte.com\/noticias\/wp-json\/wp\/v2\/posts"}],"about":[{"href":"https:\/\/rednacionaldearte.com\/noticias\/wp-json\/wp\/v2\/types\/post"}],"author":[{"embeddable":true,"href":"https:\/\/rednacionaldearte.com\/noticias\/wp-json\/wp\/v2\/users\/1"}],"replies":[{"embeddable":true,"href":"https:\/\/rednacionaldearte.com\/noticias\/wp-json\/wp\/v2\/comments?post=368"}],"version-history":[{"count":3,"href":"https:\/\/rednacionaldearte.com\/noticias\/wp-json\/wp\/v2\/posts\/368\/revisions"}],"predecessor-version":[{"id":377,"href":"https:\/\/rednacionaldearte.com\/noticias\/wp-json\/wp\/v2\/posts\/368\/revisions\/377"}],"wp:featuredmedia":[{"embeddable":true,"href":"https:\/\/rednacionaldearte.com\/noticias\/wp-json\/wp\/v2\/media\/369"}],"wp:attachment":[{"href":"https:\/\/rednacionaldearte.com\/noticias\/wp-json\/wp\/v2\/media?parent=368"}],"wp:term":[{"taxonomy":"category","embeddable":true,"href":"https:\/\/rednacionaldearte.com\/noticias\/wp-json\/wp\/v2\/categories?post=368"},{"taxonomy":"post_tag","embeddable":true,"href":"https:\/\/rednacionaldearte.com\/noticias\/wp-json\/wp\/v2\/tags?post=368"}],"curies":[{"name":"wp","href":"https:\/\/api.w.org\/{rel}","templated":true}]}}