{"id":382,"date":"2017-03-10T06:18:57","date_gmt":"2017-03-10T06:18:57","guid":{"rendered":"http:\/\/rednacionaldearte.com\/noticias\/?p=382"},"modified":"2017-03-10T06:18:57","modified_gmt":"2017-03-10T06:18:57","slug":"flatland-paisajes-alterados-aydin-buyuktasby","status":"publish","type":"post","link":"https:\/\/rednacionaldearte.com\/noticias\/flatland-paisajes-alterados-aydin-buyuktasby\/","title":{"rendered":"Flatland: Paisajes Alterados de Aydin B\u00fcy\u00fcktasby"},"content":{"rendered":"<p><a href=\"http:\/\/rednacionaldearte.com\/noticias\/wp-content\/uploads\/2017\/03\/BNSF_Yard-copy.jpg\"><img loading=\"lazy\" decoding=\"async\" class=\"aligncenter wp-image-383 size-full\" src=\"http:\/\/rednacionaldearte.com\/noticias\/wp-content\/uploads\/2017\/03\/BNSF_Yard-copy.jpg\" alt=\"\" width=\"859\" height=\"1200\" srcset=\"https:\/\/rednacionaldearte.com\/noticias\/wp-content\/uploads\/2017\/03\/BNSF_Yard-copy.jpg 859w, https:\/\/rednacionaldearte.com\/noticias\/wp-content\/uploads\/2017\/03\/BNSF_Yard-copy-215x300.jpg 215w, https:\/\/rednacionaldearte.com\/noticias\/wp-content\/uploads\/2017\/03\/BNSF_Yard-copy-768x1073.jpg 768w, https:\/\/rednacionaldearte.com\/noticias\/wp-content\/uploads\/2017\/03\/BNSF_Yard-copy-733x1024.jpg 733w\" sizes=\"auto, (max-width: 859px) 100vw, 859px\" \/><\/a><\/p>\n<p>\u00abFlatland\u00bb es una serie\u00a0del\u00a0fot\u00f3grafo y artista digital turco Aydin B\u00fcy\u00fcktas que recuerda a la pel\u00edcula <em>Inception<\/em>. Se compone por\u00a0im\u00e1genes compuestas por entre\u00a018 a 20 fotograf\u00edas con\u00a0drones y alteradas digitalmente. B\u00fcy\u00fcktas encontr\u00f3 la inspiraci\u00f3n para realizarlas en\u00a0la novela s\u00e1tira del mismo nombre, sobre un mundo\u00a0de dos dimensiones habitado por figuras geom\u00e9tricas.<\/p>\n<p>Las im\u00e1genes fueron capturadas Estambul y en ciudades de Estados Unidos como Texas, Arizona, Nuevo M\u00e9xico y California.<\/p>\n<p><a href=\"http:\/\/rednacionaldearte.com\/noticias\/wp-content\/uploads\/2017\/03\/Sali_Pazari.jpg\"><img loading=\"lazy\" decoding=\"async\" class=\"aligncenter size-full wp-image-384\" src=\"http:\/\/rednacionaldearte.com\/noticias\/wp-content\/uploads\/2017\/03\/Sali_Pazari.jpg\" alt=\"\" width=\"726\" height=\"1024\" srcset=\"https:\/\/rednacionaldearte.com\/noticias\/wp-content\/uploads\/2017\/03\/Sali_Pazari.jpg 726w, https:\/\/rednacionaldearte.com\/noticias\/wp-content\/uploads\/2017\/03\/Sali_Pazari-213x300.jpg 213w\" sizes=\"auto, (max-width: 726px) 100vw, 726px\" \/><\/a><\/p>\n<p><a href=\"http:\/\/rednacionaldearte.com\/noticias\/wp-content\/uploads\/2017\/03\/Nursery-copy.jpg\"><img loading=\"lazy\" decoding=\"async\" class=\"aligncenter size-full wp-image-385\" src=\"http:\/\/rednacionaldearte.com\/noticias\/wp-content\/uploads\/2017\/03\/Nursery-copy.jpg\" alt=\"\" width=\"818\" height=\"1200\" srcset=\"https:\/\/rednacionaldearte.com\/noticias\/wp-content\/uploads\/2017\/03\/Nursery-copy.jpg 818w, https:\/\/rednacionaldearte.com\/noticias\/wp-content\/uploads\/2017\/03\/Nursery-copy-205x300.jpg 205w, https:\/\/rednacionaldearte.com\/noticias\/wp-content\/uploads\/2017\/03\/Nursery-copy-768x1127.jpg 768w, https:\/\/rednacionaldearte.com\/noticias\/wp-content\/uploads\/2017\/03\/Nursery-copy-698x1024.jpg 698w\" sizes=\"auto, (max-width: 818px) 100vw, 818px\" \/><\/a><\/p>\n<p><a href=\"http:\/\/rednacionaldearte.com\/noticias\/wp-content\/uploads\/2017\/03\/SultanAhmet.jpg\"><img loading=\"lazy\" decoding=\"async\" class=\"aligncenter size-full wp-image-386\" src=\"http:\/\/rednacionaldearte.com\/noticias\/wp-content\/uploads\/2017\/03\/SultanAhmet.jpg\" alt=\"\" width=\"776\" height=\"1024\" srcset=\"https:\/\/rednacionaldearte.com\/noticias\/wp-content\/uploads\/2017\/03\/SultanAhmet.jpg 776w, https:\/\/rednacionaldearte.com\/noticias\/wp-content\/uploads\/2017\/03\/SultanAhmet-227x300.jpg 227w, https:\/\/rednacionaldearte.com\/noticias\/wp-content\/uploads\/2017\/03\/SultanAhmet-768x1013.jpg 768w\" sizes=\"auto, (max-width: 776px) 100vw, 776px\" \/><\/a><\/p>\n<p><a href=\"http:\/\/rednacionaldearte.com\/noticias\/wp-content\/uploads\/2017\/03\/Galata_Bridge.jpg\"><img loading=\"lazy\" decoding=\"async\" class=\"aligncenter size-full wp-image-387\" src=\"http:\/\/rednacionaldearte.com\/noticias\/wp-content\/uploads\/2017\/03\/Galata_Bridge.jpg\" alt=\"\" width=\"598\" height=\"1024\" srcset=\"https:\/\/rednacionaldearte.com\/noticias\/wp-content\/uploads\/2017\/03\/Galata_Bridge.jpg 598w, https:\/\/rednacionaldearte.com\/noticias\/wp-content\/uploads\/2017\/03\/Galata_Bridge-175x300.jpg 175w\" sizes=\"auto, (max-width: 598px) 100vw, 598px\" \/><\/a><\/p>\n<p><a href=\"http:\/\/rednacionaldearte.com\/noticias\/wp-content\/uploads\/2017\/03\/Basibuyuk.jpg\"><img loading=\"lazy\" decoding=\"async\" class=\"aligncenter size-full wp-image-388\" src=\"http:\/\/rednacionaldearte.com\/noticias\/wp-content\/uploads\/2017\/03\/Basibuyuk.jpg\" alt=\"\" width=\"540\" height=\"1024\" srcset=\"https:\/\/rednacionaldearte.com\/noticias\/wp-content\/uploads\/2017\/03\/Basibuyuk.jpg 540w, https:\/\/rednacionaldearte.com\/noticias\/wp-content\/uploads\/2017\/03\/Basibuyuk-158x300.jpg 158w\" sizes=\"auto, (max-width: 540px) 100vw, 540px\" \/><\/a><\/p>\n<p><a href=\"http:\/\/rednacionaldearte.com\/noticias\/wp-content\/uploads\/2017\/03\/Yeni_Cami.jpg\"><img loading=\"lazy\" decoding=\"async\" class=\"aligncenter size-full wp-image-389\" src=\"http:\/\/rednacionaldearte.com\/noticias\/wp-content\/uploads\/2017\/03\/Yeni_Cami.jpg\" alt=\"\" width=\"1024\" height=\"956\" srcset=\"https:\/\/rednacionaldearte.com\/noticias\/wp-content\/uploads\/2017\/03\/Yeni_Cami.jpg 1024w, https:\/\/rednacionaldearte.com\/noticias\/wp-content\/uploads\/2017\/03\/Yeni_Cami-300x280.jpg 300w, https:\/\/rednacionaldearte.com\/noticias\/wp-content\/uploads\/2017\/03\/Yeni_Cami-768x717.jpg 768w\" sizes=\"auto, (max-width: 1024px) 100vw, 1024px\" \/><\/a><\/p>\n<p><a href=\"http:\/\/rednacionaldearte.com\/noticias\/wp-content\/uploads\/2017\/03\/Buyuktas-Aydin_Grand-Bazaar.jpg\"><img loading=\"lazy\" decoding=\"async\" class=\"aligncenter size-full wp-image-390\" src=\"http:\/\/rednacionaldearte.com\/noticias\/wp-content\/uploads\/2017\/03\/Buyuktas-Aydin_Grand-Bazaar.jpg\" alt=\"\" width=\"701\" height=\"1024\" srcset=\"https:\/\/rednacionaldearte.com\/noticias\/wp-content\/uploads\/2017\/03\/Buyuktas-Aydin_Grand-Bazaar.jpg 701w, https:\/\/rednacionaldearte.com\/noticias\/wp-content\/uploads\/2017\/03\/Buyuktas-Aydin_Grand-Bazaar-205x300.jpg 205w\" sizes=\"auto, (max-width: 701px) 100vw, 701px\" \/><\/a><\/p>\n<p><a href=\"http:\/\/rednacionaldearte.com\/noticias\/wp-content\/uploads\/2017\/03\/kaykaypist.jpg\"><img loading=\"lazy\" decoding=\"async\" class=\"aligncenter size-full wp-image-391\" src=\"http:\/\/rednacionaldearte.com\/noticias\/wp-content\/uploads\/2017\/03\/kaykaypist.jpg\" alt=\"\" width=\"658\" height=\"1024\" srcset=\"https:\/\/rednacionaldearte.com\/noticias\/wp-content\/uploads\/2017\/03\/kaykaypist.jpg 658w, https:\/\/rednacionaldearte.com\/noticias\/wp-content\/uploads\/2017\/03\/kaykaypist-193x300.jpg 193w\" sizes=\"auto, (max-width: 658px) 100vw, 658px\" \/><\/a><\/p>\n<p><a href=\"http:\/\/rednacionaldearte.com\/noticias\/wp-content\/uploads\/2017\/03\/Buyuktas-Aydin_Bus-Station.jpg\"><img loading=\"lazy\" decoding=\"async\" class=\"aligncenter size-full wp-image-392\" src=\"http:\/\/rednacionaldearte.com\/noticias\/wp-content\/uploads\/2017\/03\/Buyuktas-Aydin_Bus-Station.jpg\" alt=\"\" width=\"620\" height=\"1024\" srcset=\"https:\/\/rednacionaldearte.com\/noticias\/wp-content\/uploads\/2017\/03\/Buyuktas-Aydin_Bus-Station.jpg 620w, https:\/\/rednacionaldearte.com\/noticias\/wp-content\/uploads\/2017\/03\/Buyuktas-Aydin_Bus-Station-182x300.jpg 182w\" sizes=\"auto, (max-width: 620px) 100vw, 620px\" \/><\/a><\/p>\n<p><a href=\"http:\/\/rednacionaldearte.com\/noticias\/wp-content\/uploads\/2017\/03\/Quarry-copy.jpg\"><img loading=\"lazy\" decoding=\"async\" class=\"aligncenter size-full wp-image-393\" src=\"http:\/\/rednacionaldearte.com\/noticias\/wp-content\/uploads\/2017\/03\/Quarry-copy.jpg\" alt=\"\" width=\"862\" height=\"1200\" srcset=\"https:\/\/rednacionaldearte.com\/noticias\/wp-content\/uploads\/2017\/03\/Quarry-copy.jpg 862w, https:\/\/rednacionaldearte.com\/noticias\/wp-content\/uploads\/2017\/03\/Quarry-copy-216x300.jpg 216w, https:\/\/rednacionaldearte.com\/noticias\/wp-content\/uploads\/2017\/03\/Quarry-copy-768x1069.jpg 768w, https:\/\/rednacionaldearte.com\/noticias\/wp-content\/uploads\/2017\/03\/Quarry-copy-736x1024.jpg 736w\" sizes=\"auto, (max-width: 862px) 100vw, 862px\" \/><\/a><\/p>\n<p><a href=\"http:\/\/rednacionaldearte.com\/noticias\/wp-content\/uploads\/2017\/03\/Bridge-copy.jpg\"><img loading=\"lazy\" decoding=\"async\" class=\"aligncenter size-full wp-image-394\" src=\"http:\/\/rednacionaldearte.com\/noticias\/wp-content\/uploads\/2017\/03\/Bridge-copy.jpg\" alt=\"\" width=\"829\" height=\"1200\" srcset=\"https:\/\/rednacionaldearte.com\/noticias\/wp-content\/uploads\/2017\/03\/Bridge-copy.jpg 829w, https:\/\/rednacionaldearte.com\/noticias\/wp-content\/uploads\/2017\/03\/Bridge-copy-207x300.jpg 207w, https:\/\/rednacionaldearte.com\/noticias\/wp-content\/uploads\/2017\/03\/Bridge-copy-768x1112.jpg 768w, https:\/\/rednacionaldearte.com\/noticias\/wp-content\/uploads\/2017\/03\/Bridge-copy-707x1024.jpg 707w\" sizes=\"auto, (max-width: 829px) 100vw, 829px\" \/><\/a><\/p>\n<p><a href=\"http:\/\/rednacionaldearte.com\/noticias\/wp-content\/uploads\/2017\/03\/Kurbagli_dere.jpg\"><img loading=\"lazy\" decoding=\"async\" class=\"aligncenter size-full wp-image-395\" src=\"http:\/\/rednacionaldearte.com\/noticias\/wp-content\/uploads\/2017\/03\/Kurbagli_dere.jpg\" alt=\"\" width=\"639\" height=\"1024\" srcset=\"https:\/\/rednacionaldearte.com\/noticias\/wp-content\/uploads\/2017\/03\/Kurbagli_dere.jpg 639w, https:\/\/rednacionaldearte.com\/noticias\/wp-content\/uploads\/2017\/03\/Kurbagli_dere-187x300.jpg 187w\" sizes=\"auto, (max-width: 639px) 100vw, 639px\" \/><\/a><\/p>\n<p><a href=\"http:\/\/rednacionaldearte.com\/noticias\/wp-content\/uploads\/2017\/03\/Fenerbahce_stadium.jpg\"><img loading=\"lazy\" decoding=\"async\" class=\"aligncenter size-full wp-image-396\" src=\"http:\/\/rednacionaldearte.com\/noticias\/wp-content\/uploads\/2017\/03\/Fenerbahce_stadium.jpg\" alt=\"\" width=\"763\" height=\"1024\" srcset=\"https:\/\/rednacionaldearte.com\/noticias\/wp-content\/uploads\/2017\/03\/Fenerbahce_stadium.jpg 763w, https:\/\/rednacionaldearte.com\/noticias\/wp-content\/uploads\/2017\/03\/Fenerbahce_stadium-224x300.jpg 224w\" sizes=\"auto, (max-width: 763px) 100vw, 763px\" \/><\/a><\/p>\n<p><a href=\"http:\/\/rednacionaldearte.com\/noticias\/wp-content\/uploads\/2017\/03\/Cemetery-copy.jpg\"><img loading=\"lazy\" decoding=\"async\" class=\"aligncenter size-full wp-image-397\" src=\"http:\/\/rednacionaldearte.com\/noticias\/wp-content\/uploads\/2017\/03\/Cemetery-copy.jpg\" alt=\"\" width=\"808\" height=\"1200\" srcset=\"https:\/\/rednacionaldearte.com\/noticias\/wp-content\/uploads\/2017\/03\/Cemetery-copy.jpg 808w, https:\/\/rednacionaldearte.com\/noticias\/wp-content\/uploads\/2017\/03\/Cemetery-copy-202x300.jpg 202w, https:\/\/rednacionaldearte.com\/noticias\/wp-content\/uploads\/2017\/03\/Cemetery-copy-768x1141.jpg 768w, https:\/\/rednacionaldearte.com\/noticias\/wp-content\/uploads\/2017\/03\/Cemetery-copy-689x1024.jpg 689w\" sizes=\"auto, (max-width: 808px) 100vw, 808px\" \/><\/a><\/p>\n<p><a href=\"http:\/\/rednacionaldearte.com\/noticias\/wp-content\/uploads\/2017\/03\/junkyard-copy.jpg\"><img loading=\"lazy\" decoding=\"async\" class=\"aligncenter size-full wp-image-398\" src=\"http:\/\/rednacionaldearte.com\/noticias\/wp-content\/uploads\/2017\/03\/junkyard-copy.jpg\" alt=\"\" width=\"820\" height=\"1200\" srcset=\"https:\/\/rednacionaldearte.com\/noticias\/wp-content\/uploads\/2017\/03\/junkyard-copy.jpg 820w, https:\/\/rednacionaldearte.com\/noticias\/wp-content\/uploads\/2017\/03\/junkyard-copy-205x300.jpg 205w, https:\/\/rednacionaldearte.com\/noticias\/wp-content\/uploads\/2017\/03\/junkyard-copy-768x1124.jpg 768w, https:\/\/rednacionaldearte.com\/noticias\/wp-content\/uploads\/2017\/03\/junkyard-copy-700x1024.jpg 700w\" sizes=\"auto, (max-width: 820px) 100vw, 820px\" \/><\/a><\/p>\n<p><a href=\"http:\/\/rednacionaldearte.com\/noticias\/wp-content\/uploads\/2017\/03\/Abandoned_greenhouse-copy.jpg\"><img loading=\"lazy\" decoding=\"async\" class=\"aligncenter size-full wp-image-399\" src=\"http:\/\/rednacionaldearte.com\/noticias\/wp-content\/uploads\/2017\/03\/Abandoned_greenhouse-copy.jpg\" alt=\"\" width=\"830\" height=\"1200\" srcset=\"https:\/\/rednacionaldearte.com\/noticias\/wp-content\/uploads\/2017\/03\/Abandoned_greenhouse-copy.jpg 830w, https:\/\/rednacionaldearte.com\/noticias\/wp-content\/uploads\/2017\/03\/Abandoned_greenhouse-copy-208x300.jpg 208w, https:\/\/rednacionaldearte.com\/noticias\/wp-content\/uploads\/2017\/03\/Abandoned_greenhouse-copy-768x1110.jpg 768w, https:\/\/rednacionaldearte.com\/noticias\/wp-content\/uploads\/2017\/03\/Abandoned_greenhouse-copy-708x1024.jpg 708w\" sizes=\"auto, (max-width: 830px) 100vw, 830px\" \/><\/a><\/p>\n<p>Puedes seguir a Aydin B\u00fcy\u00fcktas en <a href=\"https:\/\/www.instagram.com\/aydinbuyuktas\/\">Instagram<\/a>.<\/p>\n","protected":false},"excerpt":{"rendered":"<p>\u00abFlatland\u00bb es una serie\u00a0del\u00a0fot\u00f3grafo y artista digital turco Aydin B\u00fcy\u00fcktas que recuerda a la pel\u00edcula Inception. Se compone por\u00a0im\u00e1genes compuestas por entre\u00a018 a 20 fotograf\u00edas con\u00a0drones y alteradas digitalmente. B\u00fcy\u00fcktas encontr\u00f3 la inspiraci\u00f3n para realizarlas en\u00a0la novela s\u00e1tira del mismo nombre, sobre un mundo\u00a0de dos dimensiones habitado por figuras geom\u00e9tricas. Las im\u00e1genes fueron capturadas Estambul [&hellip;]<\/p>\n","protected":false},"author":1,"featured_media":383,"comment_status":"closed","ping_status":"open","sticky":false,"template":"","format":"standard","meta":{"footnotes":""},"categories":[59,2],"tags":[105],"class_list":["post-382","post","type-post","status-publish","format-standard","has-post-thumbnail","hentry","category-artes-visuales","category-fotografia","tag-aydin-buyuktas"],"yoast_head":"<!-- This site is optimized with the Yoast SEO plugin v27.2 - https:\/\/yoast.com\/product\/yoast-seo-wordpress\/ -->\n<title>Flatland: Paisajes Alterados de Aydin B\u00fcy\u00fcktasby - Red Nacional de Arte<\/title>\n<meta name=\"robots\" content=\"index, follow, max-snippet:-1, max-image-preview:large, max-video-preview:-1\" \/>\n<link rel=\"canonical\" href=\"https:\/\/rednacionaldearte.com\/noticias\/flatland-paisajes-alterados-aydin-buyuktasby\/\" \/>\n<meta property=\"og:locale\" content=\"es_ES\" \/>\n<meta property=\"og:type\" content=\"article\" \/>\n<meta property=\"og:title\" content=\"Flatland: Paisajes Alterados de Aydin B\u00fcy\u00fcktasby - Red Nacional de Arte\" \/>\n<meta property=\"og:description\" content=\"\u00abFlatland\u00bb es una serie\u00a0del\u00a0fot\u00f3grafo y artista digital turco Aydin B\u00fcy\u00fcktas que recuerda a la pel\u00edcula Inception. Se compone por\u00a0im\u00e1genes compuestas por entre\u00a018 a 20 fotograf\u00edas con\u00a0drones y alteradas digitalmente. B\u00fcy\u00fcktas encontr\u00f3 la inspiraci\u00f3n para realizarlas en\u00a0la novela s\u00e1tira del mismo nombre, sobre un mundo\u00a0de dos dimensiones habitado por figuras geom\u00e9tricas. Las im\u00e1genes fueron capturadas Estambul [&hellip;]\" \/>\n<meta property=\"og:url\" content=\"https:\/\/rednacionaldearte.com\/noticias\/flatland-paisajes-alterados-aydin-buyuktasby\/\" \/>\n<meta property=\"og:site_name\" content=\"Red Nacional de Arte\" \/>\n<meta property=\"article:publisher\" content=\"http:\/\/www.facebook.com\/rednacionaldearte\/\" \/>\n<meta property=\"article:published_time\" content=\"2017-03-10T06:18:57+00:00\" \/>\n<meta property=\"og:image\" content=\"https:\/\/rednacionaldearte.com\/noticias\/wp-content\/uploads\/2017\/03\/BNSF_Yard-copy.jpg\" \/>\n\t<meta property=\"og:image:width\" content=\"859\" \/>\n\t<meta property=\"og:image:height\" content=\"1200\" \/>\n\t<meta property=\"og:image:type\" content=\"image\/jpeg\" \/>\n<meta name=\"author\" content=\"Redacci\u00f3n\" \/>\n<meta name=\"twitter:card\" content=\"summary_large_image\" \/>\n<meta name=\"twitter:creator\" content=\"@rednacionalarte\" \/>\n<meta name=\"twitter:site\" content=\"@rednacionalarte\" \/>\n<meta name=\"twitter:label1\" content=\"Escrito por\" \/>\n\t<meta name=\"twitter:data1\" content=\"Redacci\u00f3n\" \/>\n<script type=\"application\/ld+json\" class=\"yoast-schema-graph\">{\"@context\":\"https:\/\/schema.org\",\"@graph\":[{\"@type\":\"Article\",\"@id\":\"https:\/\/rednacionaldearte.com\/noticias\/flatland-paisajes-alterados-aydin-buyuktasby\/#article\",\"isPartOf\":{\"@id\":\"https:\/\/rednacionaldearte.com\/noticias\/flatland-paisajes-alterados-aydin-buyuktasby\/\"},\"author\":{\"name\":\"Redacci\u00f3n\",\"@id\":\"http:\/\/rednacionaldearte.com\/noticias\/#\/schema\/person\/489d635082b1de413434d2708a3e5b9b\"},\"headline\":\"Flatland: Paisajes Alterados de Aydin B\u00fcy\u00fcktasby\",\"datePublished\":\"2017-03-10T06:18:57+00:00\",\"mainEntityOfPage\":{\"@id\":\"https:\/\/rednacionaldearte.com\/noticias\/flatland-paisajes-alterados-aydin-buyuktasby\/\"},\"wordCount\":103,\"publisher\":{\"@id\":\"http:\/\/rednacionaldearte.com\/noticias\/#organization\"},\"image\":{\"@id\":\"https:\/\/rednacionaldearte.com\/noticias\/flatland-paisajes-alterados-aydin-buyuktasby\/#primaryimage\"},\"thumbnailUrl\":\"https:\/\/rednacionaldearte.com\/noticias\/wp-content\/uploads\/2017\/03\/BNSF_Yard-copy.jpg\",\"keywords\":[\"Aydin B\u00fcy\u00fcktas\"],\"articleSection\":[\"Artes Visuales\",\"Fotograf\u00eda\"],\"inLanguage\":\"es\"},{\"@type\":\"WebPage\",\"@id\":\"https:\/\/rednacionaldearte.com\/noticias\/flatland-paisajes-alterados-aydin-buyuktasby\/\",\"url\":\"https:\/\/rednacionaldearte.com\/noticias\/flatland-paisajes-alterados-aydin-buyuktasby\/\",\"name\":\"Flatland: Paisajes Alterados de Aydin B\u00fcy\u00fcktasby - Red Nacional de Arte\",\"isPartOf\":{\"@id\":\"http:\/\/rednacionaldearte.com\/noticias\/#website\"},\"primaryImageOfPage\":{\"@id\":\"https:\/\/rednacionaldearte.com\/noticias\/flatland-paisajes-alterados-aydin-buyuktasby\/#primaryimage\"},\"image\":{\"@id\":\"https:\/\/rednacionaldearte.com\/noticias\/flatland-paisajes-alterados-aydin-buyuktasby\/#primaryimage\"},\"thumbnailUrl\":\"https:\/\/rednacionaldearte.com\/noticias\/wp-content\/uploads\/2017\/03\/BNSF_Yard-copy.jpg\",\"datePublished\":\"2017-03-10T06:18:57+00:00\",\"breadcrumb\":{\"@id\":\"https:\/\/rednacionaldearte.com\/noticias\/flatland-paisajes-alterados-aydin-buyuktasby\/#breadcrumb\"},\"inLanguage\":\"es\",\"potentialAction\":[{\"@type\":\"ReadAction\",\"target\":[\"https:\/\/rednacionaldearte.com\/noticias\/flatland-paisajes-alterados-aydin-buyuktasby\/\"]}]},{\"@type\":\"ImageObject\",\"inLanguage\":\"es\",\"@id\":\"https:\/\/rednacionaldearte.com\/noticias\/flatland-paisajes-alterados-aydin-buyuktasby\/#primaryimage\",\"url\":\"https:\/\/rednacionaldearte.com\/noticias\/wp-content\/uploads\/2017\/03\/BNSF_Yard-copy.jpg\",\"contentUrl\":\"https:\/\/rednacionaldearte.com\/noticias\/wp-content\/uploads\/2017\/03\/BNSF_Yard-copy.jpg\",\"width\":859,\"height\":1200},{\"@type\":\"BreadcrumbList\",\"@id\":\"https:\/\/rednacionaldearte.com\/noticias\/flatland-paisajes-alterados-aydin-buyuktasby\/#breadcrumb\",\"itemListElement\":[{\"@type\":\"ListItem\",\"position\":1,\"name\":\"Home\",\"item\":\"http:\/\/rednacionaldearte.com\/noticias\/\"},{\"@type\":\"ListItem\",\"position\":2,\"name\":\"Flatland: Paisajes Alterados de Aydin B\u00fcy\u00fcktasby\"}]},{\"@type\":\"WebSite\",\"@id\":\"http:\/\/rednacionaldearte.com\/noticias\/#website\",\"url\":\"http:\/\/rednacionaldearte.com\/noticias\/\",\"name\":\"Red Nacional de Arte\",\"description\":\"Cultura y Arte contempor\u00e1neo en M\u00e9xico\",\"publisher\":{\"@id\":\"http:\/\/rednacionaldearte.com\/noticias\/#organization\"},\"potentialAction\":[{\"@type\":\"SearchAction\",\"target\":{\"@type\":\"EntryPoint\",\"urlTemplate\":\"http:\/\/rednacionaldearte.com\/noticias\/?s={search_term_string}\"},\"query-input\":{\"@type\":\"PropertyValueSpecification\",\"valueRequired\":true,\"valueName\":\"search_term_string\"}}],\"inLanguage\":\"es\"},{\"@type\":\"Organization\",\"@id\":\"http:\/\/rednacionaldearte.com\/noticias\/#organization\",\"name\":\"Red Nacional de Arte\",\"url\":\"http:\/\/rednacionaldearte.com\/noticias\/\",\"logo\":{\"@type\":\"ImageObject\",\"inLanguage\":\"es\",\"@id\":\"http:\/\/rednacionaldearte.com\/noticias\/#\/schema\/logo\/image\/\",\"url\":\"http:\/\/rednacionaldearte.com\/noticias\/wp-content\/uploads\/2016\/04\/logo.png\",\"contentUrl\":\"http:\/\/rednacionaldearte.com\/noticias\/wp-content\/uploads\/2016\/04\/logo.png\",\"width\":575,\"height\":554,\"caption\":\"Red Nacional de Arte\"},\"image\":{\"@id\":\"http:\/\/rednacionaldearte.com\/noticias\/#\/schema\/logo\/image\/\"},\"sameAs\":[\"http:\/\/www.facebook.com\/rednacionaldearte\/\",\"https:\/\/x.com\/rednacionalarte\"]},{\"@type\":\"Person\",\"@id\":\"http:\/\/rednacionaldearte.com\/noticias\/#\/schema\/person\/489d635082b1de413434d2708a3e5b9b\",\"name\":\"Redacci\u00f3n\",\"image\":{\"@type\":\"ImageObject\",\"inLanguage\":\"es\",\"@id\":\"https:\/\/secure.gravatar.com\/avatar\/1d1c30eaee7c2f6cfa13fb8502cb06839106cdf371b9953d50e4b572d0bfa3c7?s=96&d=mm&r=g\",\"url\":\"https:\/\/secure.gravatar.com\/avatar\/1d1c30eaee7c2f6cfa13fb8502cb06839106cdf371b9953d50e4b572d0bfa3c7?s=96&d=mm&r=g\",\"contentUrl\":\"https:\/\/secure.gravatar.com\/avatar\/1d1c30eaee7c2f6cfa13fb8502cb06839106cdf371b9953d50e4b572d0bfa3c7?s=96&d=mm&r=g\",\"caption\":\"Redacci\u00f3n\"},\"url\":\"https:\/\/rednacionaldearte.com\/noticias\/author\/adan\/\"}]}<\/script>\n<!-- \/ Yoast SEO plugin. -->","yoast_head_json":{"title":"Flatland: Paisajes Alterados de Aydin B\u00fcy\u00fcktasby - Red Nacional de Arte","robots":{"index":"index","follow":"follow","max-snippet":"max-snippet:-1","max-image-preview":"max-image-preview:large","max-video-preview":"max-video-preview:-1"},"canonical":"https:\/\/rednacionaldearte.com\/noticias\/flatland-paisajes-alterados-aydin-buyuktasby\/","og_locale":"es_ES","og_type":"article","og_title":"Flatland: Paisajes Alterados de Aydin B\u00fcy\u00fcktasby - Red Nacional de Arte","og_description":"\u00abFlatland\u00bb es una serie\u00a0del\u00a0fot\u00f3grafo y artista digital turco Aydin B\u00fcy\u00fcktas que recuerda a la pel\u00edcula Inception. Se compone por\u00a0im\u00e1genes compuestas por entre\u00a018 a 20 fotograf\u00edas con\u00a0drones y alteradas digitalmente. B\u00fcy\u00fcktas encontr\u00f3 la inspiraci\u00f3n para realizarlas en\u00a0la novela s\u00e1tira del mismo nombre, sobre un mundo\u00a0de dos dimensiones habitado por figuras geom\u00e9tricas. Las im\u00e1genes fueron capturadas Estambul [&hellip;]","og_url":"https:\/\/rednacionaldearte.com\/noticias\/flatland-paisajes-alterados-aydin-buyuktasby\/","og_site_name":"Red Nacional de Arte","article_publisher":"http:\/\/www.facebook.com\/rednacionaldearte\/","article_published_time":"2017-03-10T06:18:57+00:00","og_image":[{"width":859,"height":1200,"url":"https:\/\/rednacionaldearte.com\/noticias\/wp-content\/uploads\/2017\/03\/BNSF_Yard-copy.jpg","type":"image\/jpeg"}],"author":"Redacci\u00f3n","twitter_card":"summary_large_image","twitter_creator":"@rednacionalarte","twitter_site":"@rednacionalarte","twitter_misc":{"Escrito por":"Redacci\u00f3n"},"schema":{"@context":"https:\/\/schema.org","@graph":[{"@type":"Article","@id":"https:\/\/rednacionaldearte.com\/noticias\/flatland-paisajes-alterados-aydin-buyuktasby\/#article","isPartOf":{"@id":"https:\/\/rednacionaldearte.com\/noticias\/flatland-paisajes-alterados-aydin-buyuktasby\/"},"author":{"name":"Redacci\u00f3n","@id":"http:\/\/rednacionaldearte.com\/noticias\/#\/schema\/person\/489d635082b1de413434d2708a3e5b9b"},"headline":"Flatland: Paisajes Alterados de Aydin B\u00fcy\u00fcktasby","datePublished":"2017-03-10T06:18:57+00:00","mainEntityOfPage":{"@id":"https:\/\/rednacionaldearte.com\/noticias\/flatland-paisajes-alterados-aydin-buyuktasby\/"},"wordCount":103,"publisher":{"@id":"http:\/\/rednacionaldearte.com\/noticias\/#organization"},"image":{"@id":"https:\/\/rednacionaldearte.com\/noticias\/flatland-paisajes-alterados-aydin-buyuktasby\/#primaryimage"},"thumbnailUrl":"https:\/\/rednacionaldearte.com\/noticias\/wp-content\/uploads\/2017\/03\/BNSF_Yard-copy.jpg","keywords":["Aydin B\u00fcy\u00fcktas"],"articleSection":["Artes Visuales","Fotograf\u00eda"],"inLanguage":"es"},{"@type":"WebPage","@id":"https:\/\/rednacionaldearte.com\/noticias\/flatland-paisajes-alterados-aydin-buyuktasby\/","url":"https:\/\/rednacionaldearte.com\/noticias\/flatland-paisajes-alterados-aydin-buyuktasby\/","name":"Flatland: Paisajes Alterados de Aydin B\u00fcy\u00fcktasby - Red Nacional de Arte","isPartOf":{"@id":"http:\/\/rednacionaldearte.com\/noticias\/#website"},"primaryImageOfPage":{"@id":"https:\/\/rednacionaldearte.com\/noticias\/flatland-paisajes-alterados-aydin-buyuktasby\/#primaryimage"},"image":{"@id":"https:\/\/rednacionaldearte.com\/noticias\/flatland-paisajes-alterados-aydin-buyuktasby\/#primaryimage"},"thumbnailUrl":"https:\/\/rednacionaldearte.com\/noticias\/wp-content\/uploads\/2017\/03\/BNSF_Yard-copy.jpg","datePublished":"2017-03-10T06:18:57+00:00","breadcrumb":{"@id":"https:\/\/rednacionaldearte.com\/noticias\/flatland-paisajes-alterados-aydin-buyuktasby\/#breadcrumb"},"inLanguage":"es","potentialAction":[{"@type":"ReadAction","target":["https:\/\/rednacionaldearte.com\/noticias\/flatland-paisajes-alterados-aydin-buyuktasby\/"]}]},{"@type":"ImageObject","inLanguage":"es","@id":"https:\/\/rednacionaldearte.com\/noticias\/flatland-paisajes-alterados-aydin-buyuktasby\/#primaryimage","url":"https:\/\/rednacionaldearte.com\/noticias\/wp-content\/uploads\/2017\/03\/BNSF_Yard-copy.jpg","contentUrl":"https:\/\/rednacionaldearte.com\/noticias\/wp-content\/uploads\/2017\/03\/BNSF_Yard-copy.jpg","width":859,"height":1200},{"@type":"BreadcrumbList","@id":"https:\/\/rednacionaldearte.com\/noticias\/flatland-paisajes-alterados-aydin-buyuktasby\/#breadcrumb","itemListElement":[{"@type":"ListItem","position":1,"name":"Home","item":"http:\/\/rednacionaldearte.com\/noticias\/"},{"@type":"ListItem","position":2,"name":"Flatland: Paisajes Alterados de Aydin B\u00fcy\u00fcktasby"}]},{"@type":"WebSite","@id":"http:\/\/rednacionaldearte.com\/noticias\/#website","url":"http:\/\/rednacionaldearte.com\/noticias\/","name":"Red Nacional de Arte","description":"Cultura y Arte contempor\u00e1neo en M\u00e9xico","publisher":{"@id":"http:\/\/rednacionaldearte.com\/noticias\/#organization"},"potentialAction":[{"@type":"SearchAction","target":{"@type":"EntryPoint","urlTemplate":"http:\/\/rednacionaldearte.com\/noticias\/?s={search_term_string}"},"query-input":{"@type":"PropertyValueSpecification","valueRequired":true,"valueName":"search_term_string"}}],"inLanguage":"es"},{"@type":"Organization","@id":"http:\/\/rednacionaldearte.com\/noticias\/#organization","name":"Red Nacional de Arte","url":"http:\/\/rednacionaldearte.com\/noticias\/","logo":{"@type":"ImageObject","inLanguage":"es","@id":"http:\/\/rednacionaldearte.com\/noticias\/#\/schema\/logo\/image\/","url":"http:\/\/rednacionaldearte.com\/noticias\/wp-content\/uploads\/2016\/04\/logo.png","contentUrl":"http:\/\/rednacionaldearte.com\/noticias\/wp-content\/uploads\/2016\/04\/logo.png","width":575,"height":554,"caption":"Red Nacional de Arte"},"image":{"@id":"http:\/\/rednacionaldearte.com\/noticias\/#\/schema\/logo\/image\/"},"sameAs":["http:\/\/www.facebook.com\/rednacionaldearte\/","https:\/\/x.com\/rednacionalarte"]},{"@type":"Person","@id":"http:\/\/rednacionaldearte.com\/noticias\/#\/schema\/person\/489d635082b1de413434d2708a3e5b9b","name":"Redacci\u00f3n","image":{"@type":"ImageObject","inLanguage":"es","@id":"https:\/\/secure.gravatar.com\/avatar\/1d1c30eaee7c2f6cfa13fb8502cb06839106cdf371b9953d50e4b572d0bfa3c7?s=96&d=mm&r=g","url":"https:\/\/secure.gravatar.com\/avatar\/1d1c30eaee7c2f6cfa13fb8502cb06839106cdf371b9953d50e4b572d0bfa3c7?s=96&d=mm&r=g","contentUrl":"https:\/\/secure.gravatar.com\/avatar\/1d1c30eaee7c2f6cfa13fb8502cb06839106cdf371b9953d50e4b572d0bfa3c7?s=96&d=mm&r=g","caption":"Redacci\u00f3n"},"url":"https:\/\/rednacionaldearte.com\/noticias\/author\/adan\/"}]}},"amp_validity":null,"amp_enabled":true,"_links":{"self":[{"href":"https:\/\/rednacionaldearte.com\/noticias\/wp-json\/wp\/v2\/posts\/382","targetHints":{"allow":["GET"]}}],"collection":[{"href":"https:\/\/rednacionaldearte.com\/noticias\/wp-json\/wp\/v2\/posts"}],"about":[{"href":"https:\/\/rednacionaldearte.com\/noticias\/wp-json\/wp\/v2\/types\/post"}],"author":[{"embeddable":true,"href":"https:\/\/rednacionaldearte.com\/noticias\/wp-json\/wp\/v2\/users\/1"}],"replies":[{"embeddable":true,"href":"https:\/\/rednacionaldearte.com\/noticias\/wp-json\/wp\/v2\/comments?post=382"}],"version-history":[{"count":1,"href":"https:\/\/rednacionaldearte.com\/noticias\/wp-json\/wp\/v2\/posts\/382\/revisions"}],"predecessor-version":[{"id":400,"href":"https:\/\/rednacionaldearte.com\/noticias\/wp-json\/wp\/v2\/posts\/382\/revisions\/400"}],"wp:featuredmedia":[{"embeddable":true,"href":"https:\/\/rednacionaldearte.com\/noticias\/wp-json\/wp\/v2\/media\/383"}],"wp:attachment":[{"href":"https:\/\/rednacionaldearte.com\/noticias\/wp-json\/wp\/v2\/media?parent=382"}],"wp:term":[{"taxonomy":"category","embeddable":true,"href":"https:\/\/rednacionaldearte.com\/noticias\/wp-json\/wp\/v2\/categories?post=382"},{"taxonomy":"post_tag","embeddable":true,"href":"https:\/\/rednacionaldearte.com\/noticias\/wp-json\/wp\/v2\/tags?post=382"}],"curies":[{"name":"wp","href":"https:\/\/api.w.org\/{rel}","templated":true}]}}