{"id":40,"date":"2016-04-12T16:45:14","date_gmt":"2016-04-12T16:45:14","guid":{"rendered":"http:\/\/rednacionaldearte.com\/noticias\/?p=40"},"modified":"2020-11-27T06:03:59","modified_gmt":"2020-11-27T06:03:59","slug":"inauguracion-de-el-paisaje-y-la-psique-reflexiones-de-un-entorno","status":"publish","type":"post","link":"https:\/\/rednacionaldearte.com\/noticias\/inauguracion-de-el-paisaje-y-la-psique-reflexiones-de-un-entorno\/","title":{"rendered":"Inauguraci\u00f3n de \u00abEl Paisaje y la Psique: Reflexiones de un Entorno\u00bb"},"content":{"rendered":"<p>El pasado 7 de abril tuvo lugar la inauguraci\u00f3n de\u00a0\u00abEl Paisaje y la Psique: Reflexiones de un Entorno\u00bb en\u00a0el\u00a0Centro Cultural Futurama. Misma exposici\u00f3n permanecer\u00e1 abierta para todo el que desee visitarla durante todo el mes.<\/p>\n<p style=\"text-align: justify;\">Las obras exhibidas se encuentran a la venta a trav\u00e9s de\u00a0<a href=\"http:\/\/rednacionaldearte.com\/elpaisajeylapsique\/\">este link<\/a>.<\/p>\n<p style=\"text-align: justify;\"><img loading=\"lazy\" decoding=\"async\" class=\"aligncenter size-full wp-image-48\" src=\"http:\/\/rednacionaldearte.com\/noticias\/wp-content\/uploads\/2016\/04\/paisaje-psique-red-nacional-arte-5.jpg\" alt=\"paisaje psique red nacional arte 5\" width=\"800\" height=\"533\" srcset=\"https:\/\/rednacionaldearte.com\/noticias\/wp-content\/uploads\/2016\/04\/paisaje-psique-red-nacional-arte-5.jpg 800w, https:\/\/rednacionaldearte.com\/noticias\/wp-content\/uploads\/2016\/04\/paisaje-psique-red-nacional-arte-5-300x200.jpg 300w, https:\/\/rednacionaldearte.com\/noticias\/wp-content\/uploads\/2016\/04\/paisaje-psique-red-nacional-arte-5-768x512.jpg 768w, https:\/\/rednacionaldearte.com\/noticias\/wp-content\/uploads\/2016\/04\/paisaje-psique-red-nacional-arte-5-360x240.jpg 360w\" sizes=\"auto, (max-width: 800px) 100vw, 800px\" \/><\/p>\n<figure id=\"attachment_42\" class=\"thumbnail wp-caption aligncenter\" style=\"width: 810px\"><a href=\"http:\/\/rednacionaldearte.com\/noticias\/wp-content\/uploads\/2016\/04\/anubis-mendez-paisaje-psique.jpg\"><img loading=\"lazy\" decoding=\"async\" class=\"wp-image-42 size-full\" src=\"http:\/\/rednacionaldearte.com\/noticias\/wp-content\/uploads\/2016\/04\/anubis-mendez-paisaje-psique.jpg\" alt=\"anubis mendez paisaje psique\" width=\"800\" height=\"533\" srcset=\"https:\/\/rednacionaldearte.com\/noticias\/wp-content\/uploads\/2016\/04\/anubis-mendez-paisaje-psique.jpg 800w, https:\/\/rednacionaldearte.com\/noticias\/wp-content\/uploads\/2016\/04\/anubis-mendez-paisaje-psique-300x200.jpg 300w, https:\/\/rednacionaldearte.com\/noticias\/wp-content\/uploads\/2016\/04\/anubis-mendez-paisaje-psique-768x512.jpg 768w, https:\/\/rednacionaldearte.com\/noticias\/wp-content\/uploads\/2016\/04\/anubis-mendez-paisaje-psique-360x240.jpg 360w\" sizes=\"auto, (max-width: 800px) 100vw, 800px\" \/><\/a><figcaption class=\"caption wp-caption-text\">Anubis M\u00e9ndez<\/figcaption><\/figure>\n<figure id=\"attachment_43\" class=\"thumbnail wp-caption aligncenter\" style=\"width: 810px\"><a href=\"http:\/\/rednacionaldearte.com\/noticias\/wp-content\/uploads\/2016\/04\/daniela-ruiz-paisaje-psique.jpg\"><img loading=\"lazy\" decoding=\"async\" class=\"wp-image-43 size-full\" src=\"http:\/\/rednacionaldearte.com\/noticias\/wp-content\/uploads\/2016\/04\/daniela-ruiz-paisaje-psique.jpg\" alt=\"daniela ruiz paisaje psique\" width=\"800\" height=\"533\" srcset=\"https:\/\/rednacionaldearte.com\/noticias\/wp-content\/uploads\/2016\/04\/daniela-ruiz-paisaje-psique.jpg 800w, https:\/\/rednacionaldearte.com\/noticias\/wp-content\/uploads\/2016\/04\/daniela-ruiz-paisaje-psique-300x200.jpg 300w, https:\/\/rednacionaldearte.com\/noticias\/wp-content\/uploads\/2016\/04\/daniela-ruiz-paisaje-psique-768x512.jpg 768w, https:\/\/rednacionaldearte.com\/noticias\/wp-content\/uploads\/2016\/04\/daniela-ruiz-paisaje-psique-360x240.jpg 360w\" sizes=\"auto, (max-width: 800px) 100vw, 800px\" \/><\/a><figcaption class=\"caption wp-caption-text\">Daniela Ruiz<\/figcaption><\/figure>\n<p><a href=\"http:\/\/rednacionaldearte.com\/noticias\/wp-content\/uploads\/2016\/04\/paisaje-psique-red-nacional-arte-2.jpg\"><img loading=\"lazy\" decoding=\"async\" class=\"aligncenter size-full wp-image-45\" src=\"http:\/\/rednacionaldearte.com\/noticias\/wp-content\/uploads\/2016\/04\/paisaje-psique-red-nacional-arte-2.jpg\" alt=\"paisaje psique red nacional arte 2\" width=\"800\" height=\"533\" srcset=\"https:\/\/rednacionaldearte.com\/noticias\/wp-content\/uploads\/2016\/04\/paisaje-psique-red-nacional-arte-2.jpg 800w, https:\/\/rednacionaldearte.com\/noticias\/wp-content\/uploads\/2016\/04\/paisaje-psique-red-nacional-arte-2-300x200.jpg 300w, https:\/\/rednacionaldearte.com\/noticias\/wp-content\/uploads\/2016\/04\/paisaje-psique-red-nacional-arte-2-768x512.jpg 768w, https:\/\/rednacionaldearte.com\/noticias\/wp-content\/uploads\/2016\/04\/paisaje-psique-red-nacional-arte-2-360x240.jpg 360w\" sizes=\"auto, (max-width: 800px) 100vw, 800px\" \/><\/a><\/p>\n<p><a href=\"http:\/\/rednacionaldearte.com\/noticias\/wp-content\/uploads\/2016\/04\/paisaje-psique-red-nacional-arte-3.jpg\"><img loading=\"lazy\" decoding=\"async\" class=\"aligncenter size-full wp-image-46\" src=\"http:\/\/rednacionaldearte.com\/noticias\/wp-content\/uploads\/2016\/04\/paisaje-psique-red-nacional-arte-3.jpg\" alt=\"paisaje psique red nacional arte 3\" width=\"800\" height=\"533\" srcset=\"https:\/\/rednacionaldearte.com\/noticias\/wp-content\/uploads\/2016\/04\/paisaje-psique-red-nacional-arte-3.jpg 800w, https:\/\/rednacionaldearte.com\/noticias\/wp-content\/uploads\/2016\/04\/paisaje-psique-red-nacional-arte-3-300x200.jpg 300w, https:\/\/rednacionaldearte.com\/noticias\/wp-content\/uploads\/2016\/04\/paisaje-psique-red-nacional-arte-3-768x512.jpg 768w, https:\/\/rednacionaldearte.com\/noticias\/wp-content\/uploads\/2016\/04\/paisaje-psique-red-nacional-arte-3-360x240.jpg 360w\" sizes=\"auto, (max-width: 800px) 100vw, 800px\" \/><\/a><\/p>\n<p><a href=\"http:\/\/rednacionaldearte.com\/noticias\/wp-content\/uploads\/2016\/04\/paisaje-psique-red-nacional-arte-4.jpg\"><img loading=\"lazy\" decoding=\"async\" class=\"aligncenter size-full wp-image-47\" src=\"http:\/\/rednacionaldearte.com\/noticias\/wp-content\/uploads\/2016\/04\/paisaje-psique-red-nacional-arte-4.jpg\" alt=\"paisaje psique red nacional arte 4\" width=\"800\" height=\"533\" srcset=\"https:\/\/rednacionaldearte.com\/noticias\/wp-content\/uploads\/2016\/04\/paisaje-psique-red-nacional-arte-4.jpg 800w, https:\/\/rednacionaldearte.com\/noticias\/wp-content\/uploads\/2016\/04\/paisaje-psique-red-nacional-arte-4-300x200.jpg 300w, https:\/\/rednacionaldearte.com\/noticias\/wp-content\/uploads\/2016\/04\/paisaje-psique-red-nacional-arte-4-768x512.jpg 768w, https:\/\/rednacionaldearte.com\/noticias\/wp-content\/uploads\/2016\/04\/paisaje-psique-red-nacional-arte-4-360x240.jpg 360w\" sizes=\"auto, (max-width: 800px) 100vw, 800px\" \/><\/a><\/p>\n<p><a href=\"http:\/\/rednacionaldearte.com\/noticias\/wp-content\/uploads\/2016\/04\/paisaje-psique-red-nacional-arte-8.jpg\"><img loading=\"lazy\" decoding=\"async\" class=\"aligncenter size-full wp-image-51\" src=\"http:\/\/rednacionaldearte.com\/noticias\/wp-content\/uploads\/2016\/04\/paisaje-psique-red-nacional-arte-8.jpg\" alt=\"paisaje psique red nacional arte 8\" width=\"800\" height=\"533\" srcset=\"https:\/\/rednacionaldearte.com\/noticias\/wp-content\/uploads\/2016\/04\/paisaje-psique-red-nacional-arte-8.jpg 800w, https:\/\/rednacionaldearte.com\/noticias\/wp-content\/uploads\/2016\/04\/paisaje-psique-red-nacional-arte-8-300x200.jpg 300w, https:\/\/rednacionaldearte.com\/noticias\/wp-content\/uploads\/2016\/04\/paisaje-psique-red-nacional-arte-8-768x512.jpg 768w, https:\/\/rednacionaldearte.com\/noticias\/wp-content\/uploads\/2016\/04\/paisaje-psique-red-nacional-arte-8-360x240.jpg 360w\" sizes=\"auto, (max-width: 800px) 100vw, 800px\" \/><\/a><\/p>\n<p><a href=\"http:\/\/rednacionaldearte.com\/noticias\/wp-content\/uploads\/2016\/04\/paisaje-psique-red-nacional-arte-9.jpg\"><img loading=\"lazy\" decoding=\"async\" class=\"aligncenter size-full wp-image-52\" src=\"http:\/\/rednacionaldearte.com\/noticias\/wp-content\/uploads\/2016\/04\/paisaje-psique-red-nacional-arte-9.jpg\" alt=\"paisaje psique red nacional arte 9\" width=\"800\" height=\"533\" srcset=\"https:\/\/rednacionaldearte.com\/noticias\/wp-content\/uploads\/2016\/04\/paisaje-psique-red-nacional-arte-9.jpg 800w, https:\/\/rednacionaldearte.com\/noticias\/wp-content\/uploads\/2016\/04\/paisaje-psique-red-nacional-arte-9-300x200.jpg 300w, https:\/\/rednacionaldearte.com\/noticias\/wp-content\/uploads\/2016\/04\/paisaje-psique-red-nacional-arte-9-768x512.jpg 768w, https:\/\/rednacionaldearte.com\/noticias\/wp-content\/uploads\/2016\/04\/paisaje-psique-red-nacional-arte-9-360x240.jpg 360w\" sizes=\"auto, (max-width: 800px) 100vw, 800px\" \/><\/a><\/p>\n<p><a href=\"http:\/\/rednacionaldearte.com\/noticias\/wp-content\/uploads\/2016\/04\/paisaje-psique-red-nacional-arte-10.jpg\"><img loading=\"lazy\" decoding=\"async\" class=\"aligncenter size-full wp-image-53\" src=\"http:\/\/rednacionaldearte.com\/noticias\/wp-content\/uploads\/2016\/04\/paisaje-psique-red-nacional-arte-10.jpg\" alt=\"paisaje psique red nacional arte 10\" width=\"800\" height=\"533\" srcset=\"https:\/\/rednacionaldearte.com\/noticias\/wp-content\/uploads\/2016\/04\/paisaje-psique-red-nacional-arte-10.jpg 800w, https:\/\/rednacionaldearte.com\/noticias\/wp-content\/uploads\/2016\/04\/paisaje-psique-red-nacional-arte-10-300x200.jpg 300w, https:\/\/rednacionaldearte.com\/noticias\/wp-content\/uploads\/2016\/04\/paisaje-psique-red-nacional-arte-10-768x512.jpg 768w, https:\/\/rednacionaldearte.com\/noticias\/wp-content\/uploads\/2016\/04\/paisaje-psique-red-nacional-arte-10-360x240.jpg 360w\" sizes=\"auto, (max-width: 800px) 100vw, 800px\" \/><\/a><\/p>\n<p><a href=\"http:\/\/rednacionaldearte.com\/noticias\/wp-content\/uploads\/2016\/04\/paisaje-psique-red-nacional-arte.jpg\"><img loading=\"lazy\" decoding=\"async\" class=\"aligncenter size-full wp-image-54\" src=\"http:\/\/rednacionaldearte.com\/noticias\/wp-content\/uploads\/2016\/04\/paisaje-psique-red-nacional-arte.jpg\" alt=\"paisaje psique red nacional arte\" width=\"800\" height=\"533\" srcset=\"https:\/\/rednacionaldearte.com\/noticias\/wp-content\/uploads\/2016\/04\/paisaje-psique-red-nacional-arte.jpg 800w, https:\/\/rednacionaldearte.com\/noticias\/wp-content\/uploads\/2016\/04\/paisaje-psique-red-nacional-arte-300x200.jpg 300w, https:\/\/rednacionaldearte.com\/noticias\/wp-content\/uploads\/2016\/04\/paisaje-psique-red-nacional-arte-768x512.jpg 768w, https:\/\/rednacionaldearte.com\/noticias\/wp-content\/uploads\/2016\/04\/paisaje-psique-red-nacional-arte-360x240.jpg 360w\" sizes=\"auto, (max-width: 800px) 100vw, 800px\" \/><\/a><\/p>\n<figure id=\"attachment_55\" class=\"thumbnail wp-caption aligncenter\" style=\"width: 543px\"><a href=\"http:\/\/rednacionaldearte.com\/noticias\/wp-content\/uploads\/2016\/04\/paloma-navarro-paisaje-psique.jpg\"><img loading=\"lazy\" decoding=\"async\" class=\"wp-image-55 size-full\" src=\"http:\/\/rednacionaldearte.com\/noticias\/wp-content\/uploads\/2016\/04\/paloma-navarro-paisaje-psique.jpg\" alt=\"Rosal\u00eda Aguirre paisaje psique\" width=\"533\" height=\"800\" srcset=\"https:\/\/rednacionaldearte.com\/noticias\/wp-content\/uploads\/2016\/04\/paloma-navarro-paisaje-psique.jpg 533w, https:\/\/rednacionaldearte.com\/noticias\/wp-content\/uploads\/2016\/04\/paloma-navarro-paisaje-psique-200x300.jpg 200w\" sizes=\"auto, (max-width: 533px) 100vw, 533px\" \/><\/a><figcaption class=\"caption wp-caption-text\">Rosal\u00eda Aguirre<\/figcaption><\/figure>\n<figure id=\"attachment_56\" class=\"thumbnail wp-caption aligncenter\" style=\"width: 810px\"><a href=\"http:\/\/rednacionaldearte.com\/noticias\/wp-content\/uploads\/2016\/04\/perla-hernandez-paisaje-psique.jpg\"><img loading=\"lazy\" decoding=\"async\" class=\"wp-image-56 size-full\" src=\"http:\/\/rednacionaldearte.com\/noticias\/wp-content\/uploads\/2016\/04\/perla-hernandez-paisaje-psique.jpg\" alt=\"perla hernandez paisaje psique\" width=\"800\" height=\"655\" srcset=\"https:\/\/rednacionaldearte.com\/noticias\/wp-content\/uploads\/2016\/04\/perla-hernandez-paisaje-psique.jpg 800w, https:\/\/rednacionaldearte.com\/noticias\/wp-content\/uploads\/2016\/04\/perla-hernandez-paisaje-psique-300x246.jpg 300w, https:\/\/rednacionaldearte.com\/noticias\/wp-content\/uploads\/2016\/04\/perla-hernandez-paisaje-psique-768x629.jpg 768w\" sizes=\"auto, (max-width: 800px) 100vw, 800px\" \/><\/a><figcaption class=\"caption wp-caption-text\">Perla Hern\u00e1ndez<\/figcaption><\/figure>\n<figure id=\"attachment_57\" class=\"thumbnail wp-caption aligncenter\" style=\"width: 810px\"><a href=\"http:\/\/rednacionaldearte.com\/noticias\/wp-content\/uploads\/2016\/04\/rafael-montiel-paisaje-psique.jpg\"><img loading=\"lazy\" decoding=\"async\" class=\"wp-image-57 size-full\" src=\"http:\/\/rednacionaldearte.com\/noticias\/wp-content\/uploads\/2016\/04\/rafael-montiel-paisaje-psique.jpg\" alt=\"rafael montiel paisaje psique\" width=\"800\" height=\"533\" srcset=\"https:\/\/rednacionaldearte.com\/noticias\/wp-content\/uploads\/2016\/04\/rafael-montiel-paisaje-psique.jpg 800w, https:\/\/rednacionaldearte.com\/noticias\/wp-content\/uploads\/2016\/04\/rafael-montiel-paisaje-psique-300x200.jpg 300w, https:\/\/rednacionaldearte.com\/noticias\/wp-content\/uploads\/2016\/04\/rafael-montiel-paisaje-psique-768x512.jpg 768w, https:\/\/rednacionaldearte.com\/noticias\/wp-content\/uploads\/2016\/04\/rafael-montiel-paisaje-psique-360x240.jpg 360w\" sizes=\"auto, (max-width: 800px) 100vw, 800px\" \/><\/a><figcaption class=\"caption wp-caption-text\">Rafael Montiel<\/figcaption><\/figure>\n<figure id=\"attachment_58\" class=\"thumbnail wp-caption aligncenter\" style=\"width: 553px\"><a href=\"http:\/\/rednacionaldearte.com\/noticias\/wp-content\/uploads\/2016\/04\/tomas-cano-paisaje-psique.jpg\"><img loading=\"lazy\" decoding=\"async\" class=\"wp-image-58 size-full\" src=\"http:\/\/rednacionaldearte.com\/noticias\/wp-content\/uploads\/2016\/04\/tomas-cano-paisaje-psique.jpg\" alt=\"tomas cano paisaje psique\" width=\"543\" height=\"800\" srcset=\"https:\/\/rednacionaldearte.com\/noticias\/wp-content\/uploads\/2016\/04\/tomas-cano-paisaje-psique.jpg 543w, https:\/\/rednacionaldearte.com\/noticias\/wp-content\/uploads\/2016\/04\/tomas-cano-paisaje-psique-204x300.jpg 204w\" sizes=\"auto, (max-width: 543px) 100vw, 543px\" \/><\/a><figcaption class=\"caption wp-caption-text\">Tom\u00e1s Cano<\/figcaption><\/figure>\n<figure id=\"attachment_59\" class=\"thumbnail wp-caption aligncenter\" style=\"width: 810px\"><a href=\"http:\/\/rednacionaldearte.com\/noticias\/wp-content\/uploads\/2016\/04\/yuki-pastrana-perla-hernandez-paisaje-psique.jpg\"><img loading=\"lazy\" decoding=\"async\" class=\"wp-image-59 size-full\" src=\"http:\/\/rednacionaldearte.com\/noticias\/wp-content\/uploads\/2016\/04\/yuki-pastrana-perla-hernandez-paisaje-psique.jpg\" alt=\"yuki pastrana perla hernandez paisaje psique\" width=\"800\" height=\"533\" srcset=\"https:\/\/rednacionaldearte.com\/noticias\/wp-content\/uploads\/2016\/04\/yuki-pastrana-perla-hernandez-paisaje-psique.jpg 800w, https:\/\/rednacionaldearte.com\/noticias\/wp-content\/uploads\/2016\/04\/yuki-pastrana-perla-hernandez-paisaje-psique-300x200.jpg 300w, https:\/\/rednacionaldearte.com\/noticias\/wp-content\/uploads\/2016\/04\/yuki-pastrana-perla-hernandez-paisaje-psique-768x512.jpg 768w, https:\/\/rednacionaldearte.com\/noticias\/wp-content\/uploads\/2016\/04\/yuki-pastrana-perla-hernandez-paisaje-psique-360x240.jpg 360w\" sizes=\"auto, (max-width: 800px) 100vw, 800px\" \/><\/a><figcaption class=\"caption wp-caption-text\">Yuki Pastrana y Perla Hern\u00e1ndez<\/figcaption><\/figure>\n<p>Fotograf\u00edas por Larisa Valois.<\/p>\n","protected":false},"excerpt":{"rendered":"<p>El pasado 7 de abril tuvo lugar la inauguraci\u00f3n de\u00a0\u00abEl Paisaje y la Psique: Reflexiones de un Entorno\u00bb en\u00a0el\u00a0Centro Cultural Futurama. Misma exposici\u00f3n permanecer\u00e1 abierta para todo el que desee visitarla durante todo el mes. Las obras exhibidas se encuentran a la venta a trav\u00e9s de\u00a0este link. Fotograf\u00edas por Larisa Valois.<\/p>\n","protected":false},"author":1,"featured_media":41,"comment_status":"closed","ping_status":"open","sticky":false,"template":"","format":"standard","meta":{"footnotes":""},"categories":[18,2,41],"tags":[36,42,40],"class_list":["post-40","post","type-post","status-publish","format-standard","has-post-thumbnail","hentry","category-eventos","category-fotografia","category-rna","tag-el-paisaje-y-la-psique","tag-inauguracion","tag-red-nacional-de-arte"],"yoast_head":"<!-- This site is optimized with the Yoast SEO plugin v27.2 - https:\/\/yoast.com\/product\/yoast-seo-wordpress\/ -->\n<title>Inauguraci\u00f3n de &quot;El Paisaje y la Psique: Reflexiones de un Entorno&quot; - Red Nacional de Arte<\/title>\n<meta name=\"robots\" content=\"index, follow, max-snippet:-1, max-image-preview:large, max-video-preview:-1\" \/>\n<link rel=\"canonical\" href=\"http:\/\/rednacionaldearte.com\/noticias\/inauguracion-de-el-paisaje-y-la-psique-reflexiones-de-un-entorno\/\" \/>\n<meta property=\"og:locale\" content=\"es_ES\" \/>\n<meta property=\"og:type\" content=\"article\" \/>\n<meta property=\"og:title\" content=\"Inauguraci\u00f3n de &quot;El Paisaje y la Psique: Reflexiones de un Entorno&quot; - Red Nacional de Arte\" \/>\n<meta property=\"og:description\" content=\"El pasado 7 de abril tuvo lugar la inauguraci\u00f3n de\u00a0\u00abEl Paisaje y la Psique: Reflexiones de un Entorno\u00bb en\u00a0el\u00a0Centro Cultural Futurama. Misma exposici\u00f3n permanecer\u00e1 abierta para todo el que desee visitarla durante todo el mes. Las obras exhibidas se encuentran a la venta a trav\u00e9s de\u00a0este link. Fotograf\u00edas por Larisa Valois.\" \/>\n<meta property=\"og:url\" content=\"http:\/\/rednacionaldearte.com\/noticias\/inauguracion-de-el-paisaje-y-la-psique-reflexiones-de-un-entorno\/\" \/>\n<meta property=\"og:site_name\" content=\"Red Nacional de Arte\" \/>\n<meta property=\"article:publisher\" content=\"http:\/\/www.facebook.com\/rednacionaldearte\/\" \/>\n<meta property=\"article:published_time\" content=\"2016-04-12T16:45:14+00:00\" \/>\n<meta property=\"article:modified_time\" content=\"2020-11-27T06:03:59+00:00\" \/>\n<meta property=\"og:image\" content=\"http:\/\/rednacionaldearte.com\/noticias\/wp-content\/uploads\/2016\/04\/corte-liston-paisaje-psique-red-nacional-arte.jpg\" \/>\n\t<meta property=\"og:image:width\" content=\"800\" \/>\n\t<meta property=\"og:image:height\" content=\"533\" \/>\n\t<meta property=\"og:image:type\" content=\"image\/jpeg\" \/>\n<meta name=\"author\" content=\"Redacci\u00f3n\" \/>\n<meta name=\"twitter:card\" content=\"summary_large_image\" \/>\n<meta name=\"twitter:creator\" content=\"@rednacionalarte\" \/>\n<meta name=\"twitter:site\" content=\"@rednacionalarte\" \/>\n<meta name=\"twitter:label1\" content=\"Escrito por\" \/>\n\t<meta name=\"twitter:data1\" content=\"Redacci\u00f3n\" \/>\n\t<meta name=\"twitter:label2\" content=\"Tiempo de lectura\" \/>\n\t<meta name=\"twitter:data2\" content=\"1 minuto\" \/>\n<script type=\"application\/ld+json\" class=\"yoast-schema-graph\">{\"@context\":\"https:\/\/schema.org\",\"@graph\":[{\"@type\":\"Article\",\"@id\":\"http:\/\/rednacionaldearte.com\/noticias\/inauguracion-de-el-paisaje-y-la-psique-reflexiones-de-un-entorno\/#article\",\"isPartOf\":{\"@id\":\"http:\/\/rednacionaldearte.com\/noticias\/inauguracion-de-el-paisaje-y-la-psique-reflexiones-de-un-entorno\/\"},\"author\":{\"name\":\"Redacci\u00f3n\",\"@id\":\"http:\/\/rednacionaldearte.com\/noticias\/#\/schema\/person\/489d635082b1de413434d2708a3e5b9b\"},\"headline\":\"Inauguraci\u00f3n de \u00abEl Paisaje y la Psique: Reflexiones de un Entorno\u00bb\",\"datePublished\":\"2016-04-12T16:45:14+00:00\",\"dateModified\":\"2020-11-27T06:03:59+00:00\",\"mainEntityOfPage\":{\"@id\":\"http:\/\/rednacionaldearte.com\/noticias\/inauguracion-de-el-paisaje-y-la-psique-reflexiones-de-un-entorno\/\"},\"wordCount\":141,\"publisher\":{\"@id\":\"http:\/\/rednacionaldearte.com\/noticias\/#organization\"},\"image\":{\"@id\":\"http:\/\/rednacionaldearte.com\/noticias\/inauguracion-de-el-paisaje-y-la-psique-reflexiones-de-un-entorno\/#primaryimage\"},\"thumbnailUrl\":\"https:\/\/rednacionaldearte.com\/noticias\/wp-content\/uploads\/2016\/04\/corte-liston-paisaje-psique-red-nacional-arte.jpg\",\"keywords\":[\"El paisaje y la psique\",\"Inauguraci\u00f3n\",\"Red Nacional de Arte\"],\"articleSection\":[\"Eventos\",\"Fotograf\u00eda\",\"RNA\"],\"inLanguage\":\"es\"},{\"@type\":\"WebPage\",\"@id\":\"http:\/\/rednacionaldearte.com\/noticias\/inauguracion-de-el-paisaje-y-la-psique-reflexiones-de-un-entorno\/\",\"url\":\"http:\/\/rednacionaldearte.com\/noticias\/inauguracion-de-el-paisaje-y-la-psique-reflexiones-de-un-entorno\/\",\"name\":\"Inauguraci\u00f3n de \\\"El Paisaje y la Psique: Reflexiones de un Entorno\\\" - Red Nacional de Arte\",\"isPartOf\":{\"@id\":\"http:\/\/rednacionaldearte.com\/noticias\/#website\"},\"primaryImageOfPage\":{\"@id\":\"http:\/\/rednacionaldearte.com\/noticias\/inauguracion-de-el-paisaje-y-la-psique-reflexiones-de-un-entorno\/#primaryimage\"},\"image\":{\"@id\":\"http:\/\/rednacionaldearte.com\/noticias\/inauguracion-de-el-paisaje-y-la-psique-reflexiones-de-un-entorno\/#primaryimage\"},\"thumbnailUrl\":\"https:\/\/rednacionaldearte.com\/noticias\/wp-content\/uploads\/2016\/04\/corte-liston-paisaje-psique-red-nacional-arte.jpg\",\"datePublished\":\"2016-04-12T16:45:14+00:00\",\"dateModified\":\"2020-11-27T06:03:59+00:00\",\"breadcrumb\":{\"@id\":\"http:\/\/rednacionaldearte.com\/noticias\/inauguracion-de-el-paisaje-y-la-psique-reflexiones-de-un-entorno\/#breadcrumb\"},\"inLanguage\":\"es\",\"potentialAction\":[{\"@type\":\"ReadAction\",\"target\":[\"http:\/\/rednacionaldearte.com\/noticias\/inauguracion-de-el-paisaje-y-la-psique-reflexiones-de-un-entorno\/\"]}]},{\"@type\":\"ImageObject\",\"inLanguage\":\"es\",\"@id\":\"http:\/\/rednacionaldearte.com\/noticias\/inauguracion-de-el-paisaje-y-la-psique-reflexiones-de-un-entorno\/#primaryimage\",\"url\":\"https:\/\/rednacionaldearte.com\/noticias\/wp-content\/uploads\/2016\/04\/corte-liston-paisaje-psique-red-nacional-arte.jpg\",\"contentUrl\":\"https:\/\/rednacionaldearte.com\/noticias\/wp-content\/uploads\/2016\/04\/corte-liston-paisaje-psique-red-nacional-arte.jpg\",\"width\":800,\"height\":533},{\"@type\":\"BreadcrumbList\",\"@id\":\"http:\/\/rednacionaldearte.com\/noticias\/inauguracion-de-el-paisaje-y-la-psique-reflexiones-de-un-entorno\/#breadcrumb\",\"itemListElement\":[{\"@type\":\"ListItem\",\"position\":1,\"name\":\"Home\",\"item\":\"http:\/\/rednacionaldearte.com\/noticias\/\"},{\"@type\":\"ListItem\",\"position\":2,\"name\":\"Inauguraci\u00f3n de \u00abEl Paisaje y la Psique: Reflexiones de un Entorno\u00bb\"}]},{\"@type\":\"WebSite\",\"@id\":\"http:\/\/rednacionaldearte.com\/noticias\/#website\",\"url\":\"http:\/\/rednacionaldearte.com\/noticias\/\",\"name\":\"Red Nacional de Arte\",\"description\":\"Cultura y Arte contempor\u00e1neo en M\u00e9xico\",\"publisher\":{\"@id\":\"http:\/\/rednacionaldearte.com\/noticias\/#organization\"},\"potentialAction\":[{\"@type\":\"SearchAction\",\"target\":{\"@type\":\"EntryPoint\",\"urlTemplate\":\"http:\/\/rednacionaldearte.com\/noticias\/?s={search_term_string}\"},\"query-input\":{\"@type\":\"PropertyValueSpecification\",\"valueRequired\":true,\"valueName\":\"search_term_string\"}}],\"inLanguage\":\"es\"},{\"@type\":\"Organization\",\"@id\":\"http:\/\/rednacionaldearte.com\/noticias\/#organization\",\"name\":\"Red Nacional de Arte\",\"url\":\"http:\/\/rednacionaldearte.com\/noticias\/\",\"logo\":{\"@type\":\"ImageObject\",\"inLanguage\":\"es\",\"@id\":\"http:\/\/rednacionaldearte.com\/noticias\/#\/schema\/logo\/image\/\",\"url\":\"http:\/\/rednacionaldearte.com\/noticias\/wp-content\/uploads\/2016\/04\/logo.png\",\"contentUrl\":\"http:\/\/rednacionaldearte.com\/noticias\/wp-content\/uploads\/2016\/04\/logo.png\",\"width\":575,\"height\":554,\"caption\":\"Red Nacional de Arte\"},\"image\":{\"@id\":\"http:\/\/rednacionaldearte.com\/noticias\/#\/schema\/logo\/image\/\"},\"sameAs\":[\"http:\/\/www.facebook.com\/rednacionaldearte\/\",\"https:\/\/x.com\/rednacionalarte\"]},{\"@type\":\"Person\",\"@id\":\"http:\/\/rednacionaldearte.com\/noticias\/#\/schema\/person\/489d635082b1de413434d2708a3e5b9b\",\"name\":\"Redacci\u00f3n\",\"image\":{\"@type\":\"ImageObject\",\"inLanguage\":\"es\",\"@id\":\"https:\/\/secure.gravatar.com\/avatar\/1d1c30eaee7c2f6cfa13fb8502cb06839106cdf371b9953d50e4b572d0bfa3c7?s=96&d=mm&r=g\",\"url\":\"https:\/\/secure.gravatar.com\/avatar\/1d1c30eaee7c2f6cfa13fb8502cb06839106cdf371b9953d50e4b572d0bfa3c7?s=96&d=mm&r=g\",\"contentUrl\":\"https:\/\/secure.gravatar.com\/avatar\/1d1c30eaee7c2f6cfa13fb8502cb06839106cdf371b9953d50e4b572d0bfa3c7?s=96&d=mm&r=g\",\"caption\":\"Redacci\u00f3n\"},\"url\":\"https:\/\/rednacionaldearte.com\/noticias\/author\/adan\/\"}]}<\/script>\n<!-- \/ Yoast SEO plugin. -->","yoast_head_json":{"title":"Inauguraci\u00f3n de \"El Paisaje y la Psique: Reflexiones de un Entorno\" - Red Nacional de Arte","robots":{"index":"index","follow":"follow","max-snippet":"max-snippet:-1","max-image-preview":"max-image-preview:large","max-video-preview":"max-video-preview:-1"},"canonical":"http:\/\/rednacionaldearte.com\/noticias\/inauguracion-de-el-paisaje-y-la-psique-reflexiones-de-un-entorno\/","og_locale":"es_ES","og_type":"article","og_title":"Inauguraci\u00f3n de \"El Paisaje y la Psique: Reflexiones de un Entorno\" - Red Nacional de Arte","og_description":"El pasado 7 de abril tuvo lugar la inauguraci\u00f3n de\u00a0\u00abEl Paisaje y la Psique: Reflexiones de un Entorno\u00bb en\u00a0el\u00a0Centro Cultural Futurama. Misma exposici\u00f3n permanecer\u00e1 abierta para todo el que desee visitarla durante todo el mes. Las obras exhibidas se encuentran a la venta a trav\u00e9s de\u00a0este link. Fotograf\u00edas por Larisa Valois.","og_url":"http:\/\/rednacionaldearte.com\/noticias\/inauguracion-de-el-paisaje-y-la-psique-reflexiones-de-un-entorno\/","og_site_name":"Red Nacional de Arte","article_publisher":"http:\/\/www.facebook.com\/rednacionaldearte\/","article_published_time":"2016-04-12T16:45:14+00:00","article_modified_time":"2020-11-27T06:03:59+00:00","og_image":[{"width":800,"height":533,"url":"http:\/\/rednacionaldearte.com\/noticias\/wp-content\/uploads\/2016\/04\/corte-liston-paisaje-psique-red-nacional-arte.jpg","type":"image\/jpeg"}],"author":"Redacci\u00f3n","twitter_card":"summary_large_image","twitter_creator":"@rednacionalarte","twitter_site":"@rednacionalarte","twitter_misc":{"Escrito por":"Redacci\u00f3n","Tiempo de lectura":"1 minuto"},"schema":{"@context":"https:\/\/schema.org","@graph":[{"@type":"Article","@id":"http:\/\/rednacionaldearte.com\/noticias\/inauguracion-de-el-paisaje-y-la-psique-reflexiones-de-un-entorno\/#article","isPartOf":{"@id":"http:\/\/rednacionaldearte.com\/noticias\/inauguracion-de-el-paisaje-y-la-psique-reflexiones-de-un-entorno\/"},"author":{"name":"Redacci\u00f3n","@id":"http:\/\/rednacionaldearte.com\/noticias\/#\/schema\/person\/489d635082b1de413434d2708a3e5b9b"},"headline":"Inauguraci\u00f3n de \u00abEl Paisaje y la Psique: Reflexiones de un Entorno\u00bb","datePublished":"2016-04-12T16:45:14+00:00","dateModified":"2020-11-27T06:03:59+00:00","mainEntityOfPage":{"@id":"http:\/\/rednacionaldearte.com\/noticias\/inauguracion-de-el-paisaje-y-la-psique-reflexiones-de-un-entorno\/"},"wordCount":141,"publisher":{"@id":"http:\/\/rednacionaldearte.com\/noticias\/#organization"},"image":{"@id":"http:\/\/rednacionaldearte.com\/noticias\/inauguracion-de-el-paisaje-y-la-psique-reflexiones-de-un-entorno\/#primaryimage"},"thumbnailUrl":"https:\/\/rednacionaldearte.com\/noticias\/wp-content\/uploads\/2016\/04\/corte-liston-paisaje-psique-red-nacional-arte.jpg","keywords":["El paisaje y la psique","Inauguraci\u00f3n","Red Nacional de Arte"],"articleSection":["Eventos","Fotograf\u00eda","RNA"],"inLanguage":"es"},{"@type":"WebPage","@id":"http:\/\/rednacionaldearte.com\/noticias\/inauguracion-de-el-paisaje-y-la-psique-reflexiones-de-un-entorno\/","url":"http:\/\/rednacionaldearte.com\/noticias\/inauguracion-de-el-paisaje-y-la-psique-reflexiones-de-un-entorno\/","name":"Inauguraci\u00f3n de \"El Paisaje y la Psique: Reflexiones de un Entorno\" - Red Nacional de Arte","isPartOf":{"@id":"http:\/\/rednacionaldearte.com\/noticias\/#website"},"primaryImageOfPage":{"@id":"http:\/\/rednacionaldearte.com\/noticias\/inauguracion-de-el-paisaje-y-la-psique-reflexiones-de-un-entorno\/#primaryimage"},"image":{"@id":"http:\/\/rednacionaldearte.com\/noticias\/inauguracion-de-el-paisaje-y-la-psique-reflexiones-de-un-entorno\/#primaryimage"},"thumbnailUrl":"https:\/\/rednacionaldearte.com\/noticias\/wp-content\/uploads\/2016\/04\/corte-liston-paisaje-psique-red-nacional-arte.jpg","datePublished":"2016-04-12T16:45:14+00:00","dateModified":"2020-11-27T06:03:59+00:00","breadcrumb":{"@id":"http:\/\/rednacionaldearte.com\/noticias\/inauguracion-de-el-paisaje-y-la-psique-reflexiones-de-un-entorno\/#breadcrumb"},"inLanguage":"es","potentialAction":[{"@type":"ReadAction","target":["http:\/\/rednacionaldearte.com\/noticias\/inauguracion-de-el-paisaje-y-la-psique-reflexiones-de-un-entorno\/"]}]},{"@type":"ImageObject","inLanguage":"es","@id":"http:\/\/rednacionaldearte.com\/noticias\/inauguracion-de-el-paisaje-y-la-psique-reflexiones-de-un-entorno\/#primaryimage","url":"https:\/\/rednacionaldearte.com\/noticias\/wp-content\/uploads\/2016\/04\/corte-liston-paisaje-psique-red-nacional-arte.jpg","contentUrl":"https:\/\/rednacionaldearte.com\/noticias\/wp-content\/uploads\/2016\/04\/corte-liston-paisaje-psique-red-nacional-arte.jpg","width":800,"height":533},{"@type":"BreadcrumbList","@id":"http:\/\/rednacionaldearte.com\/noticias\/inauguracion-de-el-paisaje-y-la-psique-reflexiones-de-un-entorno\/#breadcrumb","itemListElement":[{"@type":"ListItem","position":1,"name":"Home","item":"http:\/\/rednacionaldearte.com\/noticias\/"},{"@type":"ListItem","position":2,"name":"Inauguraci\u00f3n de \u00abEl Paisaje y la Psique: Reflexiones de un Entorno\u00bb"}]},{"@type":"WebSite","@id":"http:\/\/rednacionaldearte.com\/noticias\/#website","url":"http:\/\/rednacionaldearte.com\/noticias\/","name":"Red Nacional de Arte","description":"Cultura y Arte contempor\u00e1neo en M\u00e9xico","publisher":{"@id":"http:\/\/rednacionaldearte.com\/noticias\/#organization"},"potentialAction":[{"@type":"SearchAction","target":{"@type":"EntryPoint","urlTemplate":"http:\/\/rednacionaldearte.com\/noticias\/?s={search_term_string}"},"query-input":{"@type":"PropertyValueSpecification","valueRequired":true,"valueName":"search_term_string"}}],"inLanguage":"es"},{"@type":"Organization","@id":"http:\/\/rednacionaldearte.com\/noticias\/#organization","name":"Red Nacional de Arte","url":"http:\/\/rednacionaldearte.com\/noticias\/","logo":{"@type":"ImageObject","inLanguage":"es","@id":"http:\/\/rednacionaldearte.com\/noticias\/#\/schema\/logo\/image\/","url":"http:\/\/rednacionaldearte.com\/noticias\/wp-content\/uploads\/2016\/04\/logo.png","contentUrl":"http:\/\/rednacionaldearte.com\/noticias\/wp-content\/uploads\/2016\/04\/logo.png","width":575,"height":554,"caption":"Red Nacional de Arte"},"image":{"@id":"http:\/\/rednacionaldearte.com\/noticias\/#\/schema\/logo\/image\/"},"sameAs":["http:\/\/www.facebook.com\/rednacionaldearte\/","https:\/\/x.com\/rednacionalarte"]},{"@type":"Person","@id":"http:\/\/rednacionaldearte.com\/noticias\/#\/schema\/person\/489d635082b1de413434d2708a3e5b9b","name":"Redacci\u00f3n","image":{"@type":"ImageObject","inLanguage":"es","@id":"https:\/\/secure.gravatar.com\/avatar\/1d1c30eaee7c2f6cfa13fb8502cb06839106cdf371b9953d50e4b572d0bfa3c7?s=96&d=mm&r=g","url":"https:\/\/secure.gravatar.com\/avatar\/1d1c30eaee7c2f6cfa13fb8502cb06839106cdf371b9953d50e4b572d0bfa3c7?s=96&d=mm&r=g","contentUrl":"https:\/\/secure.gravatar.com\/avatar\/1d1c30eaee7c2f6cfa13fb8502cb06839106cdf371b9953d50e4b572d0bfa3c7?s=96&d=mm&r=g","caption":"Redacci\u00f3n"},"url":"https:\/\/rednacionaldearte.com\/noticias\/author\/adan\/"}]}},"amp_validity":null,"amp_enabled":true,"_links":{"self":[{"href":"https:\/\/rednacionaldearte.com\/noticias\/wp-json\/wp\/v2\/posts\/40","targetHints":{"allow":["GET"]}}],"collection":[{"href":"https:\/\/rednacionaldearte.com\/noticias\/wp-json\/wp\/v2\/posts"}],"about":[{"href":"https:\/\/rednacionaldearte.com\/noticias\/wp-json\/wp\/v2\/types\/post"}],"author":[{"embeddable":true,"href":"https:\/\/rednacionaldearte.com\/noticias\/wp-json\/wp\/v2\/users\/1"}],"replies":[{"embeddable":true,"href":"https:\/\/rednacionaldearte.com\/noticias\/wp-json\/wp\/v2\/comments?post=40"}],"version-history":[{"count":8,"href":"https:\/\/rednacionaldearte.com\/noticias\/wp-json\/wp\/v2\/posts\/40\/revisions"}],"predecessor-version":[{"id":4544,"href":"https:\/\/rednacionaldearte.com\/noticias\/wp-json\/wp\/v2\/posts\/40\/revisions\/4544"}],"wp:featuredmedia":[{"embeddable":true,"href":"https:\/\/rednacionaldearte.com\/noticias\/wp-json\/wp\/v2\/media\/41"}],"wp:attachment":[{"href":"https:\/\/rednacionaldearte.com\/noticias\/wp-json\/wp\/v2\/media?parent=40"}],"wp:term":[{"taxonomy":"category","embeddable":true,"href":"https:\/\/rednacionaldearte.com\/noticias\/wp-json\/wp\/v2\/categories?post=40"},{"taxonomy":"post_tag","embeddable":true,"href":"https:\/\/rednacionaldearte.com\/noticias\/wp-json\/wp\/v2\/tags?post=40"}],"curies":[{"name":"wp","href":"https:\/\/api.w.org\/{rel}","templated":true}]}}