{"id":401,"date":"2017-03-10T06:34:44","date_gmt":"2017-03-10T06:34:44","guid":{"rendered":"http:\/\/rednacionaldearte.com\/noticias\/?p=401"},"modified":"2017-03-10T06:34:44","modified_gmt":"2017-03-10T06:34:44","slug":"rascacielos-girara-360-grados-en-dubai","status":"publish","type":"post","link":"https:\/\/rednacionaldearte.com\/noticias\/rascacielos-girara-360-grados-en-dubai\/","title":{"rendered":"El Rascacielos que girar\u00e1 360 grados en Dubai"},"content":{"rendered":"<p><a href=\"http:\/\/rednacionaldearte.com\/noticias\/wp-content\/uploads\/2017\/03\/cdn.expansion.gif\"><img loading=\"lazy\" decoding=\"async\" class=\"aligncenter size-full wp-image-402\" src=\"http:\/\/rednacionaldearte.com\/noticias\/wp-content\/uploads\/2017\/03\/cdn.expansion.gif\" alt=\"\" width=\"800\" height=\"464\" \/><\/a><\/p>\n<p><strong>El nuevo proyecto arquitect\u00f3nico de Dubai es un rascacielos de 80 pisos que pueden girar 360 grados, permitiendo cambiar la orientaci\u00f3n de las habitaciones independientemente a los dem\u00e1s pisos.<\/strong><\/p>\n<p>El edificio se\u00a0llamar\u00e1<b>\u00a0\u201cDynamic Tower\u201d<\/b>. Aunque fue propuesto hace a\u00f1os por el arquitecto <b>David Fisher<\/b>, ser\u00e1\u00a0hasta el 2020 cuando est\u00e9\u00a0listo. Los due\u00f1os de los departamentos tendr\u00e1n que pagar<b>\u00a030 millones de d\u00f3lares<\/b>\u00a0para poseerlos, pero\u00a0podr\u00e1n elegir la velocidad a la que girar\u00e1 el piso\u00a0mediante un panel computarizado o por comandos de voz. Cada piso tendr\u00e1\u00a0un sistema de turbinas e\u00f3licas para generar electricidad y conseguir que sea un proyecto verde.<\/p>\n<p>La<b> \u00abDynamic Tower\u00bb<\/b> ser\u00e1 adem\u00e1s el primer rascacielos preconstruido; cada una de las partes ser\u00e1 construida\u00a0en otro sitio para despu\u00e9s\u00a0ser ensamblada Dubai.<\/p>\n<p><iframe loading=\"lazy\" title=\"The World&#039;s First Rotating Skyscraper | NextWorld\" width=\"648\" height=\"365\" src=\"https:\/\/www.youtube.com\/embed\/EAVpgQLhOks?feature=oembed\" frameborder=\"0\" allow=\"accelerometer; autoplay; clipboard-write; encrypted-media; gyroscope; picture-in-picture; web-share\" referrerpolicy=\"strict-origin-when-cross-origin\" allowfullscreen><\/iframe><\/p>\n<div class=\"media embedded \">Con informaci\u00f3n de <a href=\"http:\/\/lifeandstyle.mx\/mundo\/2017\/03\/03\/conoce-el-rascacielos-en-dubai-que-girara-360\" target=\"_blank\" rel=\"nofollow\">Life&amp;Style<\/a>.<\/div>\n","protected":false},"excerpt":{"rendered":"<p>El nuevo proyecto arquitect\u00f3nico de Dubai es un rascacielos de 80 pisos que pueden girar 360 grados, permitiendo cambiar la orientaci\u00f3n de las habitaciones independientemente a los dem\u00e1s pisos. El edificio se\u00a0llamar\u00e1\u00a0\u201cDynamic Tower\u201d. Aunque fue propuesto hace a\u00f1os por el arquitecto David Fisher, ser\u00e1\u00a0hasta el 2020 cuando est\u00e9\u00a0listo. Los due\u00f1os de los departamentos tendr\u00e1n que [&hellip;]<\/p>\n","protected":false},"author":1,"featured_media":402,"comment_status":"closed","ping_status":"open","sticky":false,"template":"","format":"standard","meta":{"footnotes":""},"categories":[53,102],"tags":[107,106],"class_list":["post-401","post","type-post","status-publish","format-standard","has-post-thumbnail","hentry","category-arquitectura","category-estilo-de-vida","tag-dubai","tag-dynamic-tower"],"yoast_head":"<!-- This site is optimized with the Yoast SEO plugin v27.2 - https:\/\/yoast.com\/product\/yoast-seo-wordpress\/ -->\n<title>El Rascacielos que girar\u00e1 360 grados en Dubai - Red Nacional de Arte<\/title>\n<meta name=\"robots\" content=\"index, follow, max-snippet:-1, max-image-preview:large, max-video-preview:-1\" \/>\n<link rel=\"canonical\" href=\"http:\/\/rednacionaldearte.com\/noticias\/rascacielos-girara-360-grados-en-dubai\/\" \/>\n<meta property=\"og:locale\" content=\"es_ES\" \/>\n<meta property=\"og:type\" content=\"article\" \/>\n<meta property=\"og:title\" content=\"El Rascacielos que girar\u00e1 360 grados en Dubai - Red Nacional de Arte\" \/>\n<meta property=\"og:description\" content=\"El nuevo proyecto arquitect\u00f3nico de Dubai es un rascacielos de 80 pisos que pueden girar 360 grados, permitiendo cambiar la orientaci\u00f3n de las habitaciones independientemente a los dem\u00e1s pisos. El edificio se\u00a0llamar\u00e1\u00a0\u201cDynamic Tower\u201d. Aunque fue propuesto hace a\u00f1os por el arquitecto David Fisher, ser\u00e1\u00a0hasta el 2020 cuando est\u00e9\u00a0listo. Los due\u00f1os de los departamentos tendr\u00e1n que [&hellip;]\" \/>\n<meta property=\"og:url\" content=\"http:\/\/rednacionaldearte.com\/noticias\/rascacielos-girara-360-grados-en-dubai\/\" \/>\n<meta property=\"og:site_name\" content=\"Red Nacional de Arte\" \/>\n<meta property=\"article:publisher\" content=\"http:\/\/www.facebook.com\/rednacionaldearte\/\" \/>\n<meta property=\"article:published_time\" content=\"2017-03-10T06:34:44+00:00\" \/>\n<meta property=\"og:image\" content=\"http:\/\/rednacionaldearte.com\/noticias\/wp-content\/uploads\/2017\/03\/cdn.expansion.gif\" \/>\n\t<meta property=\"og:image:width\" content=\"648\" \/>\n\t<meta property=\"og:image:height\" content=\"376\" \/>\n\t<meta property=\"og:image:type\" content=\"image\/gif\" \/>\n<meta name=\"author\" content=\"Redacci\u00f3n\" \/>\n<meta name=\"twitter:card\" content=\"summary_large_image\" \/>\n<meta name=\"twitter:creator\" content=\"@rednacionalarte\" \/>\n<meta name=\"twitter:site\" content=\"@rednacionalarte\" \/>\n<meta name=\"twitter:label1\" content=\"Escrito por\" \/>\n\t<meta name=\"twitter:data1\" content=\"Redacci\u00f3n\" \/>\n\t<meta name=\"twitter:label2\" content=\"Tiempo de lectura\" \/>\n\t<meta name=\"twitter:data2\" content=\"1 minuto\" \/>\n<script type=\"application\/ld+json\" class=\"yoast-schema-graph\">{\"@context\":\"https:\/\/schema.org\",\"@graph\":[{\"@type\":\"Article\",\"@id\":\"http:\/\/rednacionaldearte.com\/noticias\/rascacielos-girara-360-grados-en-dubai\/#article\",\"isPartOf\":{\"@id\":\"http:\/\/rednacionaldearte.com\/noticias\/rascacielos-girara-360-grados-en-dubai\/\"},\"author\":{\"name\":\"Redacci\u00f3n\",\"@id\":\"http:\/\/rednacionaldearte.com\/noticias\/#\/schema\/person\/489d635082b1de413434d2708a3e5b9b\"},\"headline\":\"El Rascacielos que girar\u00e1 360 grados en Dubai\",\"datePublished\":\"2017-03-10T06:34:44+00:00\",\"mainEntityOfPage\":{\"@id\":\"http:\/\/rednacionaldearte.com\/noticias\/rascacielos-girara-360-grados-en-dubai\/\"},\"wordCount\":156,\"publisher\":{\"@id\":\"http:\/\/rednacionaldearte.com\/noticias\/#organization\"},\"image\":{\"@id\":\"http:\/\/rednacionaldearte.com\/noticias\/rascacielos-girara-360-grados-en-dubai\/#primaryimage\"},\"thumbnailUrl\":\"https:\/\/rednacionaldearte.com\/noticias\/wp-content\/uploads\/2017\/03\/cdn.expansion.gif\",\"keywords\":[\"Dubai\",\"Dynamic Tower\"],\"articleSection\":[\"Arquitectura\",\"Estilo de Vida\"],\"inLanguage\":\"es\"},{\"@type\":\"WebPage\",\"@id\":\"http:\/\/rednacionaldearte.com\/noticias\/rascacielos-girara-360-grados-en-dubai\/\",\"url\":\"http:\/\/rednacionaldearte.com\/noticias\/rascacielos-girara-360-grados-en-dubai\/\",\"name\":\"El Rascacielos que girar\u00e1 360 grados en Dubai - Red Nacional de Arte\",\"isPartOf\":{\"@id\":\"http:\/\/rednacionaldearte.com\/noticias\/#website\"},\"primaryImageOfPage\":{\"@id\":\"http:\/\/rednacionaldearte.com\/noticias\/rascacielos-girara-360-grados-en-dubai\/#primaryimage\"},\"image\":{\"@id\":\"http:\/\/rednacionaldearte.com\/noticias\/rascacielos-girara-360-grados-en-dubai\/#primaryimage\"},\"thumbnailUrl\":\"https:\/\/rednacionaldearte.com\/noticias\/wp-content\/uploads\/2017\/03\/cdn.expansion.gif\",\"datePublished\":\"2017-03-10T06:34:44+00:00\",\"breadcrumb\":{\"@id\":\"http:\/\/rednacionaldearte.com\/noticias\/rascacielos-girara-360-grados-en-dubai\/#breadcrumb\"},\"inLanguage\":\"es\",\"potentialAction\":[{\"@type\":\"ReadAction\",\"target\":[\"http:\/\/rednacionaldearte.com\/noticias\/rascacielos-girara-360-grados-en-dubai\/\"]}]},{\"@type\":\"ImageObject\",\"inLanguage\":\"es\",\"@id\":\"http:\/\/rednacionaldearte.com\/noticias\/rascacielos-girara-360-grados-en-dubai\/#primaryimage\",\"url\":\"https:\/\/rednacionaldearte.com\/noticias\/wp-content\/uploads\/2017\/03\/cdn.expansion.gif\",\"contentUrl\":\"https:\/\/rednacionaldearte.com\/noticias\/wp-content\/uploads\/2017\/03\/cdn.expansion.gif\",\"width\":800,\"height\":464},{\"@type\":\"BreadcrumbList\",\"@id\":\"http:\/\/rednacionaldearte.com\/noticias\/rascacielos-girara-360-grados-en-dubai\/#breadcrumb\",\"itemListElement\":[{\"@type\":\"ListItem\",\"position\":1,\"name\":\"Home\",\"item\":\"http:\/\/rednacionaldearte.com\/noticias\/\"},{\"@type\":\"ListItem\",\"position\":2,\"name\":\"El Rascacielos que girar\u00e1 360 grados en Dubai\"}]},{\"@type\":\"WebSite\",\"@id\":\"http:\/\/rednacionaldearte.com\/noticias\/#website\",\"url\":\"http:\/\/rednacionaldearte.com\/noticias\/\",\"name\":\"Red Nacional de Arte\",\"description\":\"Cultura y Arte contempor\u00e1neo en M\u00e9xico\",\"publisher\":{\"@id\":\"http:\/\/rednacionaldearte.com\/noticias\/#organization\"},\"potentialAction\":[{\"@type\":\"SearchAction\",\"target\":{\"@type\":\"EntryPoint\",\"urlTemplate\":\"http:\/\/rednacionaldearte.com\/noticias\/?s={search_term_string}\"},\"query-input\":{\"@type\":\"PropertyValueSpecification\",\"valueRequired\":true,\"valueName\":\"search_term_string\"}}],\"inLanguage\":\"es\"},{\"@type\":\"Organization\",\"@id\":\"http:\/\/rednacionaldearte.com\/noticias\/#organization\",\"name\":\"Red Nacional de Arte\",\"url\":\"http:\/\/rednacionaldearte.com\/noticias\/\",\"logo\":{\"@type\":\"ImageObject\",\"inLanguage\":\"es\",\"@id\":\"http:\/\/rednacionaldearte.com\/noticias\/#\/schema\/logo\/image\/\",\"url\":\"http:\/\/rednacionaldearte.com\/noticias\/wp-content\/uploads\/2016\/04\/logo.png\",\"contentUrl\":\"http:\/\/rednacionaldearte.com\/noticias\/wp-content\/uploads\/2016\/04\/logo.png\",\"width\":575,\"height\":554,\"caption\":\"Red Nacional de Arte\"},\"image\":{\"@id\":\"http:\/\/rednacionaldearte.com\/noticias\/#\/schema\/logo\/image\/\"},\"sameAs\":[\"http:\/\/www.facebook.com\/rednacionaldearte\/\",\"https:\/\/x.com\/rednacionalarte\"]},{\"@type\":\"Person\",\"@id\":\"http:\/\/rednacionaldearte.com\/noticias\/#\/schema\/person\/489d635082b1de413434d2708a3e5b9b\",\"name\":\"Redacci\u00f3n\",\"image\":{\"@type\":\"ImageObject\",\"inLanguage\":\"es\",\"@id\":\"https:\/\/secure.gravatar.com\/avatar\/1d1c30eaee7c2f6cfa13fb8502cb06839106cdf371b9953d50e4b572d0bfa3c7?s=96&d=mm&r=g\",\"url\":\"https:\/\/secure.gravatar.com\/avatar\/1d1c30eaee7c2f6cfa13fb8502cb06839106cdf371b9953d50e4b572d0bfa3c7?s=96&d=mm&r=g\",\"contentUrl\":\"https:\/\/secure.gravatar.com\/avatar\/1d1c30eaee7c2f6cfa13fb8502cb06839106cdf371b9953d50e4b572d0bfa3c7?s=96&d=mm&r=g\",\"caption\":\"Redacci\u00f3n\"},\"url\":\"https:\/\/rednacionaldearte.com\/noticias\/author\/adan\/\"}]}<\/script>\n<!-- \/ Yoast SEO plugin. -->","yoast_head_json":{"title":"El Rascacielos que girar\u00e1 360 grados en Dubai - Red Nacional de Arte","robots":{"index":"index","follow":"follow","max-snippet":"max-snippet:-1","max-image-preview":"max-image-preview:large","max-video-preview":"max-video-preview:-1"},"canonical":"http:\/\/rednacionaldearte.com\/noticias\/rascacielos-girara-360-grados-en-dubai\/","og_locale":"es_ES","og_type":"article","og_title":"El Rascacielos que girar\u00e1 360 grados en Dubai - Red Nacional de Arte","og_description":"El nuevo proyecto arquitect\u00f3nico de Dubai es un rascacielos de 80 pisos que pueden girar 360 grados, permitiendo cambiar la orientaci\u00f3n de las habitaciones independientemente a los dem\u00e1s pisos. El edificio se\u00a0llamar\u00e1\u00a0\u201cDynamic Tower\u201d. Aunque fue propuesto hace a\u00f1os por el arquitecto David Fisher, ser\u00e1\u00a0hasta el 2020 cuando est\u00e9\u00a0listo. Los due\u00f1os de los departamentos tendr\u00e1n que [&hellip;]","og_url":"http:\/\/rednacionaldearte.com\/noticias\/rascacielos-girara-360-grados-en-dubai\/","og_site_name":"Red Nacional de Arte","article_publisher":"http:\/\/www.facebook.com\/rednacionaldearte\/","article_published_time":"2017-03-10T06:34:44+00:00","og_image":[{"url":"http:\/\/rednacionaldearte.com\/noticias\/wp-content\/uploads\/2017\/03\/cdn.expansion.gif","width":648,"height":376,"type":"image\/gif"}],"author":"Redacci\u00f3n","twitter_card":"summary_large_image","twitter_creator":"@rednacionalarte","twitter_site":"@rednacionalarte","twitter_misc":{"Escrito por":"Redacci\u00f3n","Tiempo de lectura":"1 minuto"},"schema":{"@context":"https:\/\/schema.org","@graph":[{"@type":"Article","@id":"http:\/\/rednacionaldearte.com\/noticias\/rascacielos-girara-360-grados-en-dubai\/#article","isPartOf":{"@id":"http:\/\/rednacionaldearte.com\/noticias\/rascacielos-girara-360-grados-en-dubai\/"},"author":{"name":"Redacci\u00f3n","@id":"http:\/\/rednacionaldearte.com\/noticias\/#\/schema\/person\/489d635082b1de413434d2708a3e5b9b"},"headline":"El Rascacielos que girar\u00e1 360 grados en Dubai","datePublished":"2017-03-10T06:34:44+00:00","mainEntityOfPage":{"@id":"http:\/\/rednacionaldearte.com\/noticias\/rascacielos-girara-360-grados-en-dubai\/"},"wordCount":156,"publisher":{"@id":"http:\/\/rednacionaldearte.com\/noticias\/#organization"},"image":{"@id":"http:\/\/rednacionaldearte.com\/noticias\/rascacielos-girara-360-grados-en-dubai\/#primaryimage"},"thumbnailUrl":"https:\/\/rednacionaldearte.com\/noticias\/wp-content\/uploads\/2017\/03\/cdn.expansion.gif","keywords":["Dubai","Dynamic Tower"],"articleSection":["Arquitectura","Estilo de Vida"],"inLanguage":"es"},{"@type":"WebPage","@id":"http:\/\/rednacionaldearte.com\/noticias\/rascacielos-girara-360-grados-en-dubai\/","url":"http:\/\/rednacionaldearte.com\/noticias\/rascacielos-girara-360-grados-en-dubai\/","name":"El Rascacielos que girar\u00e1 360 grados en Dubai - Red Nacional de Arte","isPartOf":{"@id":"http:\/\/rednacionaldearte.com\/noticias\/#website"},"primaryImageOfPage":{"@id":"http:\/\/rednacionaldearte.com\/noticias\/rascacielos-girara-360-grados-en-dubai\/#primaryimage"},"image":{"@id":"http:\/\/rednacionaldearte.com\/noticias\/rascacielos-girara-360-grados-en-dubai\/#primaryimage"},"thumbnailUrl":"https:\/\/rednacionaldearte.com\/noticias\/wp-content\/uploads\/2017\/03\/cdn.expansion.gif","datePublished":"2017-03-10T06:34:44+00:00","breadcrumb":{"@id":"http:\/\/rednacionaldearte.com\/noticias\/rascacielos-girara-360-grados-en-dubai\/#breadcrumb"},"inLanguage":"es","potentialAction":[{"@type":"ReadAction","target":["http:\/\/rednacionaldearte.com\/noticias\/rascacielos-girara-360-grados-en-dubai\/"]}]},{"@type":"ImageObject","inLanguage":"es","@id":"http:\/\/rednacionaldearte.com\/noticias\/rascacielos-girara-360-grados-en-dubai\/#primaryimage","url":"https:\/\/rednacionaldearte.com\/noticias\/wp-content\/uploads\/2017\/03\/cdn.expansion.gif","contentUrl":"https:\/\/rednacionaldearte.com\/noticias\/wp-content\/uploads\/2017\/03\/cdn.expansion.gif","width":800,"height":464},{"@type":"BreadcrumbList","@id":"http:\/\/rednacionaldearte.com\/noticias\/rascacielos-girara-360-grados-en-dubai\/#breadcrumb","itemListElement":[{"@type":"ListItem","position":1,"name":"Home","item":"http:\/\/rednacionaldearte.com\/noticias\/"},{"@type":"ListItem","position":2,"name":"El Rascacielos que girar\u00e1 360 grados en Dubai"}]},{"@type":"WebSite","@id":"http:\/\/rednacionaldearte.com\/noticias\/#website","url":"http:\/\/rednacionaldearte.com\/noticias\/","name":"Red Nacional de Arte","description":"Cultura y Arte contempor\u00e1neo en M\u00e9xico","publisher":{"@id":"http:\/\/rednacionaldearte.com\/noticias\/#organization"},"potentialAction":[{"@type":"SearchAction","target":{"@type":"EntryPoint","urlTemplate":"http:\/\/rednacionaldearte.com\/noticias\/?s={search_term_string}"},"query-input":{"@type":"PropertyValueSpecification","valueRequired":true,"valueName":"search_term_string"}}],"inLanguage":"es"},{"@type":"Organization","@id":"http:\/\/rednacionaldearte.com\/noticias\/#organization","name":"Red Nacional de Arte","url":"http:\/\/rednacionaldearte.com\/noticias\/","logo":{"@type":"ImageObject","inLanguage":"es","@id":"http:\/\/rednacionaldearte.com\/noticias\/#\/schema\/logo\/image\/","url":"http:\/\/rednacionaldearte.com\/noticias\/wp-content\/uploads\/2016\/04\/logo.png","contentUrl":"http:\/\/rednacionaldearte.com\/noticias\/wp-content\/uploads\/2016\/04\/logo.png","width":575,"height":554,"caption":"Red Nacional de Arte"},"image":{"@id":"http:\/\/rednacionaldearte.com\/noticias\/#\/schema\/logo\/image\/"},"sameAs":["http:\/\/www.facebook.com\/rednacionaldearte\/","https:\/\/x.com\/rednacionalarte"]},{"@type":"Person","@id":"http:\/\/rednacionaldearte.com\/noticias\/#\/schema\/person\/489d635082b1de413434d2708a3e5b9b","name":"Redacci\u00f3n","image":{"@type":"ImageObject","inLanguage":"es","@id":"https:\/\/secure.gravatar.com\/avatar\/1d1c30eaee7c2f6cfa13fb8502cb06839106cdf371b9953d50e4b572d0bfa3c7?s=96&d=mm&r=g","url":"https:\/\/secure.gravatar.com\/avatar\/1d1c30eaee7c2f6cfa13fb8502cb06839106cdf371b9953d50e4b572d0bfa3c7?s=96&d=mm&r=g","contentUrl":"https:\/\/secure.gravatar.com\/avatar\/1d1c30eaee7c2f6cfa13fb8502cb06839106cdf371b9953d50e4b572d0bfa3c7?s=96&d=mm&r=g","caption":"Redacci\u00f3n"},"url":"https:\/\/rednacionaldearte.com\/noticias\/author\/adan\/"}]}},"amp_validity":null,"amp_enabled":true,"_links":{"self":[{"href":"https:\/\/rednacionaldearte.com\/noticias\/wp-json\/wp\/v2\/posts\/401","targetHints":{"allow":["GET"]}}],"collection":[{"href":"https:\/\/rednacionaldearte.com\/noticias\/wp-json\/wp\/v2\/posts"}],"about":[{"href":"https:\/\/rednacionaldearte.com\/noticias\/wp-json\/wp\/v2\/types\/post"}],"author":[{"embeddable":true,"href":"https:\/\/rednacionaldearte.com\/noticias\/wp-json\/wp\/v2\/users\/1"}],"replies":[{"embeddable":true,"href":"https:\/\/rednacionaldearte.com\/noticias\/wp-json\/wp\/v2\/comments?post=401"}],"version-history":[{"count":1,"href":"https:\/\/rednacionaldearte.com\/noticias\/wp-json\/wp\/v2\/posts\/401\/revisions"}],"predecessor-version":[{"id":403,"href":"https:\/\/rednacionaldearte.com\/noticias\/wp-json\/wp\/v2\/posts\/401\/revisions\/403"}],"wp:featuredmedia":[{"embeddable":true,"href":"https:\/\/rednacionaldearte.com\/noticias\/wp-json\/wp\/v2\/media\/402"}],"wp:attachment":[{"href":"https:\/\/rednacionaldearte.com\/noticias\/wp-json\/wp\/v2\/media?parent=401"}],"wp:term":[{"taxonomy":"category","embeddable":true,"href":"https:\/\/rednacionaldearte.com\/noticias\/wp-json\/wp\/v2\/categories?post=401"},{"taxonomy":"post_tag","embeddable":true,"href":"https:\/\/rednacionaldearte.com\/noticias\/wp-json\/wp\/v2\/tags?post=401"}],"curies":[{"name":"wp","href":"https:\/\/api.w.org\/{rel}","templated":true}]}}