{"id":404,"date":"2017-03-10T17:08:04","date_gmt":"2017-03-10T17:08:04","guid":{"rendered":"http:\/\/rednacionaldearte.com\/noticias\/?p=404"},"modified":"2017-03-10T17:18:45","modified_gmt":"2017-03-10T17:18:45","slug":"tipografia-stanley-kubrick","status":"publish","type":"post","link":"https:\/\/rednacionaldearte.com\/noticias\/tipografia-stanley-kubrick\/","title":{"rendered":"La Tipograf\u00eda en los T\u00edtulos de Stanley Kubrick"},"content":{"rendered":"<p><a href=\"http:\/\/rednacionaldearte.com\/noticias\/wp-content\/uploads\/2017\/03\/a1868927c9e633fe75f761c330ba1659.png\"><img loading=\"lazy\" decoding=\"async\" class=\"aligncenter wp-image-405\" src=\"http:\/\/rednacionaldearte.com\/noticias\/wp-content\/uploads\/2017\/03\/a1868927c9e633fe75f761c330ba1659.png\" alt=\"\" width=\"654\" height=\"368\" srcset=\"https:\/\/rednacionaldearte.com\/noticias\/wp-content\/uploads\/2017\/03\/a1868927c9e633fe75f761c330ba1659.png 560w, https:\/\/rednacionaldearte.com\/noticias\/wp-content\/uploads\/2017\/03\/a1868927c9e633fe75f761c330ba1659-300x169.png 300w\" sizes=\"auto, (max-width: 654px) 100vw, 654px\" \/><\/a><\/p>\n<p>Es conocido que la tipograf\u00eda preferida de Stanley Kubrick era Futura Extra Bold, una fuente de tipo sans serif. Tambi\u00e9n gustaba de\u00a0Helvetica y\u00a0Univers, fuentes limpias\u00a0y elegantes. Sin embargo, los t\u00edtulos en sus carteles no siembre utilizaban estas tipograf\u00edas.<\/p>\n<p>El dise\u00f1ador\u00a0<a href=\"http:\/\/annyas.com\/stanley-kubrick-typography\/\" target=\"_blank\" rel=\"nofollow\">Christian Annyas<\/a> se encarg\u00f3 de realizar una recopilaci\u00f3n de p\u00f3sters y extraer los t\u00edtulos para ponerlos sobre un fondo claro y analizar las fuentes usadas. El resultado es el siguiente:<\/p>\n<p><a href=\"http:\/\/rednacionaldearte.com\/noticias\/wp-content\/uploads\/2017\/03\/shining-poster-title.jpg\"><img loading=\"lazy\" decoding=\"async\" class=\"size-full wp-image-419 alignnone\" src=\"http:\/\/rednacionaldearte.com\/noticias\/wp-content\/uploads\/2017\/03\/shining-poster-title.jpg\" alt=\"\" width=\"480\" height=\"270\" srcset=\"https:\/\/rednacionaldearte.com\/noticias\/wp-content\/uploads\/2017\/03\/shining-poster-title.jpg 480w, https:\/\/rednacionaldearte.com\/noticias\/wp-content\/uploads\/2017\/03\/shining-poster-title-300x169.jpg 300w\" sizes=\"auto, (max-width: 480px) 100vw, 480px\" \/><\/a><\/p>\n<p><strong>The Shining<\/strong><\/p>\n<p>Fuentes usadas: Dise\u00f1o a mano por\u00a0Saul Bass, Univers.<\/p>\n<p><a href=\"http:\/\/rednacionaldearte.com\/noticias\/wp-content\/uploads\/2017\/03\/barry-lyndon-poster-title.jpg\"><img loading=\"lazy\" decoding=\"async\" class=\" size-full wp-image-418\" src=\"http:\/\/rednacionaldearte.com\/noticias\/wp-content\/uploads\/2017\/03\/barry-lyndon-poster-title.jpg\" alt=\"\" width=\"480\" height=\"270\" srcset=\"https:\/\/rednacionaldearte.com\/noticias\/wp-content\/uploads\/2017\/03\/barry-lyndon-poster-title.jpg 480w, https:\/\/rednacionaldearte.com\/noticias\/wp-content\/uploads\/2017\/03\/barry-lyndon-poster-title-300x169.jpg 300w\" sizes=\"auto, (max-width: 480px) 100vw, 480px\" \/><\/a><\/p>\n<p><strong>Barry Lyndon<\/strong><\/p>\n<p>Fuentes usadas:\u00a0Dise\u00f1o a mano en t\u00edtulos iniciales,\u00a0Cheltenham en cr\u00e9ditos.<\/p>\n<p><a href=\"http:\/\/rednacionaldearte.com\/noticias\/wp-content\/uploads\/2017\/03\/2001-space-odyssey-poster-title-02.jpg\"><img loading=\"lazy\" decoding=\"async\" class=\"size-full wp-image-417 alignnone\" src=\"http:\/\/rednacionaldearte.com\/noticias\/wp-content\/uploads\/2017\/03\/2001-space-odyssey-poster-title-02.jpg\" alt=\"\" width=\"480\" height=\"270\" srcset=\"https:\/\/rednacionaldearte.com\/noticias\/wp-content\/uploads\/2017\/03\/2001-space-odyssey-poster-title-02.jpg 480w, https:\/\/rednacionaldearte.com\/noticias\/wp-content\/uploads\/2017\/03\/2001-space-odyssey-poster-title-02-300x169.jpg 300w\" sizes=\"auto, (max-width: 480px) 100vw, 480px\" \/><\/a><\/p>\n<p><strong><a href=\"http:\/\/rednacionaldearte.com\/noticias\/wp-content\/uploads\/2017\/03\/2001-space-odyssey-poster-title-01.jpg\"><img loading=\"lazy\" decoding=\"async\" class=\"size-full wp-image-416 alignnone\" src=\"http:\/\/rednacionaldearte.com\/noticias\/wp-content\/uploads\/2017\/03\/2001-space-odyssey-poster-title-01.jpg\" alt=\"\" width=\"480\" height=\"270\" srcset=\"https:\/\/rednacionaldearte.com\/noticias\/wp-content\/uploads\/2017\/03\/2001-space-odyssey-poster-title-01.jpg 480w, https:\/\/rednacionaldearte.com\/noticias\/wp-content\/uploads\/2017\/03\/2001-space-odyssey-poster-title-01-300x169.jpg 300w\" sizes=\"auto, (max-width: 480px) 100vw, 480px\" \/><\/a><\/strong><\/p>\n<p><strong>2001: A Space Odyssey<\/strong><\/p>\n<p>Fuentes usadas:\u00a0Cheltenham, Futura, Trade Gothic.<\/p>\n<p><a href=\"http:\/\/rednacionaldearte.com\/noticias\/wp-content\/uploads\/2017\/03\/dr-strangelove-poster-title.jpg\"><img loading=\"lazy\" decoding=\"async\" class=\" size-full wp-image-415\" src=\"http:\/\/rednacionaldearte.com\/noticias\/wp-content\/uploads\/2017\/03\/dr-strangelove-poster-title.jpg\" alt=\"\" width=\"480\" height=\"270\" srcset=\"https:\/\/rednacionaldearte.com\/noticias\/wp-content\/uploads\/2017\/03\/dr-strangelove-poster-title.jpg 480w, https:\/\/rednacionaldearte.com\/noticias\/wp-content\/uploads\/2017\/03\/dr-strangelove-poster-title-300x169.jpg 300w\" sizes=\"auto, (max-width: 480px) 100vw, 480px\" \/><\/a><\/p>\n<p><strong>Dr. Strangelove<\/strong><\/p>\n<p>Fuentes usadas:\u00a0Standard, Century, Trade Gothic.<\/p>\n<p><a href=\"http:\/\/rednacionaldearte.com\/noticias\/wp-content\/uploads\/2017\/03\/eyes-wide-shut-poster-title.jpg\"><img loading=\"lazy\" decoding=\"async\" class=\" size-full wp-image-414\" src=\"http:\/\/rednacionaldearte.com\/noticias\/wp-content\/uploads\/2017\/03\/eyes-wide-shut-poster-title.jpg\" alt=\"\" width=\"480\" height=\"270\" srcset=\"https:\/\/rednacionaldearte.com\/noticias\/wp-content\/uploads\/2017\/03\/eyes-wide-shut-poster-title.jpg 480w, https:\/\/rednacionaldearte.com\/noticias\/wp-content\/uploads\/2017\/03\/eyes-wide-shut-poster-title-300x169.jpg 300w\" sizes=\"auto, (max-width: 480px) 100vw, 480px\" \/><\/a><\/p>\n<p><strong>Eyes Wide Shut<\/strong><\/p>\n<p>Fuentes usadas:\u00a0Futura, Bee Three.<\/p>\n<p><a href=\"http:\/\/rednacionaldearte.com\/noticias\/wp-content\/uploads\/2017\/03\/clockwork-orange-poster-title.jpg\"><img loading=\"lazy\" decoding=\"async\" class=\" size-full wp-image-413\" src=\"http:\/\/rednacionaldearte.com\/noticias\/wp-content\/uploads\/2017\/03\/clockwork-orange-poster-title.jpg\" alt=\"\" width=\"480\" height=\"270\" srcset=\"https:\/\/rednacionaldearte.com\/noticias\/wp-content\/uploads\/2017\/03\/clockwork-orange-poster-title.jpg 480w, https:\/\/rednacionaldearte.com\/noticias\/wp-content\/uploads\/2017\/03\/clockwork-orange-poster-title-300x169.jpg 300w\" sizes=\"auto, (max-width: 480px) 100vw, 480px\" \/><\/a><\/p>\n<p><strong>A Clockwork Orange<\/strong><\/p>\n<p>Fuentes usadas:\u00a0Dise\u00f1o a mano,\u00a0Venus, News Gothic.<\/p>\n<p><a href=\"http:\/\/rednacionaldearte.com\/noticias\/wp-content\/uploads\/2017\/03\/lolita-poster-title.jpg\"><img loading=\"lazy\" decoding=\"async\" class=\" size-full wp-image-412\" src=\"http:\/\/rednacionaldearte.com\/noticias\/wp-content\/uploads\/2017\/03\/lolita-poster-title.jpg\" alt=\"\" width=\"480\" height=\"270\" srcset=\"https:\/\/rednacionaldearte.com\/noticias\/wp-content\/uploads\/2017\/03\/lolita-poster-title.jpg 480w, https:\/\/rednacionaldearte.com\/noticias\/wp-content\/uploads\/2017\/03\/lolita-poster-title-300x169.jpg 300w\" sizes=\"auto, (max-width: 480px) 100vw, 480px\" \/><\/a><\/p>\n<p><strong>Lolita<\/strong><\/p>\n<p>Fuentes usadas:\u00a0Akzidenz-Grotesk, Trade Gothic.<\/p>\n<p><a href=\"http:\/\/rednacionaldearte.com\/noticias\/wp-content\/uploads\/2017\/03\/killing-poster-title.jpg\"><img loading=\"lazy\" decoding=\"async\" class=\" size-full wp-image-411\" src=\"http:\/\/rednacionaldearte.com\/noticias\/wp-content\/uploads\/2017\/03\/killing-poster-title.jpg\" alt=\"\" width=\"480\" height=\"270\" srcset=\"https:\/\/rednacionaldearte.com\/noticias\/wp-content\/uploads\/2017\/03\/killing-poster-title.jpg 480w, https:\/\/rednacionaldearte.com\/noticias\/wp-content\/uploads\/2017\/03\/killing-poster-title-300x169.jpg 300w\" sizes=\"auto, (max-width: 480px) 100vw, 480px\" \/><\/a><\/p>\n<p><strong>The Killing<\/strong><\/p>\n<p>Fuentes usadas:\u00a0Dise\u00f1o a mano,\u00a0Franklin Gothic, Trade Gothic.<\/p>\n<p><a href=\"http:\/\/rednacionaldearte.com\/noticias\/wp-content\/uploads\/2017\/03\/killers-kiss-poster-title.jpg\"><img loading=\"lazy\" decoding=\"async\" class=\" size-full wp-image-410\" src=\"http:\/\/rednacionaldearte.com\/noticias\/wp-content\/uploads\/2017\/03\/killers-kiss-poster-title.jpg\" alt=\"\" width=\"480\" height=\"270\" srcset=\"https:\/\/rednacionaldearte.com\/noticias\/wp-content\/uploads\/2017\/03\/killers-kiss-poster-title.jpg 480w, https:\/\/rednacionaldearte.com\/noticias\/wp-content\/uploads\/2017\/03\/killers-kiss-poster-title-300x169.jpg 300w\" sizes=\"auto, (max-width: 480px) 100vw, 480px\" \/><\/a><\/p>\n<p><strong>Killer&#8217;s Kiss<\/strong><\/p>\n<p>Fuentes usadas: Dise\u00f1o a mano.<\/p>\n<p><a href=\"http:\/\/rednacionaldearte.com\/noticias\/wp-content\/uploads\/2017\/03\/paths-of-glory-poster-title.jpg\"><img loading=\"lazy\" decoding=\"async\" class=\" size-full wp-image-409\" src=\"http:\/\/rednacionaldearte.com\/noticias\/wp-content\/uploads\/2017\/03\/paths-of-glory-poster-title.jpg\" alt=\"\" width=\"480\" height=\"270\" srcset=\"https:\/\/rednacionaldearte.com\/noticias\/wp-content\/uploads\/2017\/03\/paths-of-glory-poster-title.jpg 480w, https:\/\/rednacionaldearte.com\/noticias\/wp-content\/uploads\/2017\/03\/paths-of-glory-poster-title-300x169.jpg 300w\" sizes=\"auto, (max-width: 480px) 100vw, 480px\" \/><\/a><\/p>\n<p><strong>Paths of Glory<\/strong><\/p>\n<p>Fuentes usadas:\u00a0Dise\u00f1o a mano,\u00a0Venus.<\/p>\n<p><a href=\"http:\/\/rednacionaldearte.com\/noticias\/wp-content\/uploads\/2017\/03\/spartacus-poster-title.jpg\"><img loading=\"lazy\" decoding=\"async\" class=\" size-full wp-image-408\" src=\"http:\/\/rednacionaldearte.com\/noticias\/wp-content\/uploads\/2017\/03\/spartacus-poster-title.jpg\" alt=\"\" width=\"480\" height=\"270\" srcset=\"https:\/\/rednacionaldearte.com\/noticias\/wp-content\/uploads\/2017\/03\/spartacus-poster-title.jpg 480w, https:\/\/rednacionaldearte.com\/noticias\/wp-content\/uploads\/2017\/03\/spartacus-poster-title-300x169.jpg 300w\" sizes=\"auto, (max-width: 480px) 100vw, 480px\" \/><\/a><\/p>\n<p><a href=\"http:\/\/rednacionaldearte.com\/noticias\/wp-content\/uploads\/2017\/03\/spartacus-movie-title.jpg\"><img loading=\"lazy\" decoding=\"async\" class=\"alignnone size-full wp-image-425\" src=\"http:\/\/rednacionaldearte.com\/noticias\/wp-content\/uploads\/2017\/03\/spartacus-movie-title.jpg\" alt=\"\" width=\"480\" height=\"270\" srcset=\"https:\/\/rednacionaldearte.com\/noticias\/wp-content\/uploads\/2017\/03\/spartacus-movie-title.jpg 480w, https:\/\/rednacionaldearte.com\/noticias\/wp-content\/uploads\/2017\/03\/spartacus-movie-title-300x169.jpg 300w\" sizes=\"auto, (max-width: 480px) 100vw, 480px\" \/><\/a><\/p>\n<p><strong>Spartacus<\/strong><\/p>\n<p>Fuentes usadas:\u00a0Dise\u00f1o a mano,\u00a0Clarendon. Franklin Gothic.<\/p>\n<p><a href=\"http:\/\/rednacionaldearte.com\/noticias\/wp-content\/uploads\/2017\/03\/full-metal-jacket-poster-title.jpg\"><img loading=\"lazy\" decoding=\"async\" class=\"alignnone size-full wp-image-406\" src=\"http:\/\/rednacionaldearte.com\/noticias\/wp-content\/uploads\/2017\/03\/full-metal-jacket-poster-title.jpg\" alt=\"\" width=\"480\" height=\"270\" srcset=\"https:\/\/rednacionaldearte.com\/noticias\/wp-content\/uploads\/2017\/03\/full-metal-jacket-poster-title.jpg 480w, https:\/\/rednacionaldearte.com\/noticias\/wp-content\/uploads\/2017\/03\/full-metal-jacket-poster-title-300x169.jpg 300w\" sizes=\"auto, (max-width: 480px) 100vw, 480px\" \/><\/a><\/p>\n<p><strong>Full Metal Jacket<\/strong><\/p>\n<p>Fuentes usadas:\u00a0Cheltenham, Futura, Trade Gothic.<\/p>\n<p>&nbsp;<\/p>\n","protected":false},"excerpt":{"rendered":"<p>Es conocido que la tipograf\u00eda preferida de Stanley Kubrick era Futura Extra Bold, una fuente de tipo sans serif. Tambi\u00e9n gustaba de\u00a0Helvetica y\u00a0Univers, fuentes limpias\u00a0y elegantes. Sin embargo, los t\u00edtulos en sus carteles no siembre utilizaban estas tipograf\u00edas. El dise\u00f1ador\u00a0Christian Annyas se encarg\u00f3 de realizar una recopilaci\u00f3n de p\u00f3sters y extraer los t\u00edtulos para ponerlos [&hellip;]<\/p>\n","protected":false},"author":1,"featured_media":405,"comment_status":"closed","ping_status":"open","sticky":false,"template":"","format":"standard","meta":{"footnotes":""},"categories":[59,60,80],"tags":[109,108],"class_list":["post-404","post","type-post","status-publish","format-standard","has-post-thumbnail","hentry","category-artes-visuales","category-cine","category-diseno","tag-stanley-kubrick","tag-tipografia"],"yoast_head":"<!-- This site is optimized with the Yoast SEO plugin v27.2 - https:\/\/yoast.com\/product\/yoast-seo-wordpress\/ -->\n<title>La Tipograf\u00eda en los T\u00edtulos de Stanley Kubrick - Red Nacional de Arte<\/title>\n<meta name=\"robots\" content=\"index, follow, max-snippet:-1, max-image-preview:large, max-video-preview:-1\" \/>\n<link rel=\"canonical\" href=\"http:\/\/rednacionaldearte.com\/noticias\/tipografia-stanley-kubrick\/\" \/>\n<meta property=\"og:locale\" content=\"es_ES\" \/>\n<meta property=\"og:type\" content=\"article\" \/>\n<meta property=\"og:title\" content=\"La Tipograf\u00eda en los T\u00edtulos de Stanley Kubrick - Red Nacional de Arte\" \/>\n<meta property=\"og:description\" content=\"Es conocido que la tipograf\u00eda preferida de Stanley Kubrick era Futura Extra Bold, una fuente de tipo sans serif. Tambi\u00e9n gustaba de\u00a0Helvetica y\u00a0Univers, fuentes limpias\u00a0y elegantes. Sin embargo, los t\u00edtulos en sus carteles no siembre utilizaban estas tipograf\u00edas. El dise\u00f1ador\u00a0Christian Annyas se encarg\u00f3 de realizar una recopilaci\u00f3n de p\u00f3sters y extraer los t\u00edtulos para ponerlos [&hellip;]\" \/>\n<meta property=\"og:url\" content=\"http:\/\/rednacionaldearte.com\/noticias\/tipografia-stanley-kubrick\/\" \/>\n<meta property=\"og:site_name\" content=\"Red Nacional de Arte\" \/>\n<meta property=\"article:publisher\" content=\"http:\/\/www.facebook.com\/rednacionaldearte\/\" \/>\n<meta property=\"article:published_time\" content=\"2017-03-10T17:08:04+00:00\" \/>\n<meta property=\"article:modified_time\" content=\"2017-03-10T17:18:45+00:00\" \/>\n<meta property=\"og:image\" content=\"http:\/\/rednacionaldearte.com\/noticias\/wp-content\/uploads\/2017\/03\/a1868927c9e633fe75f761c330ba1659.png\" \/>\n\t<meta property=\"og:image:width\" content=\"560\" \/>\n\t<meta property=\"og:image:height\" content=\"315\" \/>\n\t<meta property=\"og:image:type\" content=\"image\/png\" \/>\n<meta name=\"author\" content=\"Redacci\u00f3n\" \/>\n<meta name=\"twitter:card\" content=\"summary_large_image\" \/>\n<meta name=\"twitter:creator\" content=\"@rednacionalarte\" \/>\n<meta name=\"twitter:site\" content=\"@rednacionalarte\" \/>\n<meta name=\"twitter:label1\" content=\"Escrito por\" \/>\n\t<meta name=\"twitter:data1\" content=\"Redacci\u00f3n\" \/>\n\t<meta name=\"twitter:label2\" content=\"Tiempo de lectura\" \/>\n\t<meta name=\"twitter:data2\" content=\"1 minuto\" \/>\n<script type=\"application\/ld+json\" class=\"yoast-schema-graph\">{\"@context\":\"https:\/\/schema.org\",\"@graph\":[{\"@type\":\"Article\",\"@id\":\"http:\/\/rednacionaldearte.com\/noticias\/tipografia-stanley-kubrick\/#article\",\"isPartOf\":{\"@id\":\"http:\/\/rednacionaldearte.com\/noticias\/tipografia-stanley-kubrick\/\"},\"author\":{\"name\":\"Redacci\u00f3n\",\"@id\":\"http:\/\/rednacionaldearte.com\/noticias\/#\/schema\/person\/489d635082b1de413434d2708a3e5b9b\"},\"headline\":\"La Tipograf\u00eda en los T\u00edtulos de Stanley Kubrick\",\"datePublished\":\"2017-03-10T17:08:04+00:00\",\"dateModified\":\"2017-03-10T17:18:45+00:00\",\"mainEntityOfPage\":{\"@id\":\"http:\/\/rednacionaldearte.com\/noticias\/tipografia-stanley-kubrick\/\"},\"wordCount\":213,\"publisher\":{\"@id\":\"http:\/\/rednacionaldearte.com\/noticias\/#organization\"},\"image\":{\"@id\":\"http:\/\/rednacionaldearte.com\/noticias\/tipografia-stanley-kubrick\/#primaryimage\"},\"thumbnailUrl\":\"https:\/\/rednacionaldearte.com\/noticias\/wp-content\/uploads\/2017\/03\/a1868927c9e633fe75f761c330ba1659.png\",\"keywords\":[\"Stanley Kubrick\",\"Tipograf\u00eda\"],\"articleSection\":[\"Artes Visuales\",\"Cine\",\"Dise\u00f1o\"],\"inLanguage\":\"es\"},{\"@type\":\"WebPage\",\"@id\":\"http:\/\/rednacionaldearte.com\/noticias\/tipografia-stanley-kubrick\/\",\"url\":\"http:\/\/rednacionaldearte.com\/noticias\/tipografia-stanley-kubrick\/\",\"name\":\"La Tipograf\u00eda en los T\u00edtulos de Stanley Kubrick - Red Nacional de Arte\",\"isPartOf\":{\"@id\":\"http:\/\/rednacionaldearte.com\/noticias\/#website\"},\"primaryImageOfPage\":{\"@id\":\"http:\/\/rednacionaldearte.com\/noticias\/tipografia-stanley-kubrick\/#primaryimage\"},\"image\":{\"@id\":\"http:\/\/rednacionaldearte.com\/noticias\/tipografia-stanley-kubrick\/#primaryimage\"},\"thumbnailUrl\":\"https:\/\/rednacionaldearte.com\/noticias\/wp-content\/uploads\/2017\/03\/a1868927c9e633fe75f761c330ba1659.png\",\"datePublished\":\"2017-03-10T17:08:04+00:00\",\"dateModified\":\"2017-03-10T17:18:45+00:00\",\"breadcrumb\":{\"@id\":\"http:\/\/rednacionaldearte.com\/noticias\/tipografia-stanley-kubrick\/#breadcrumb\"},\"inLanguage\":\"es\",\"potentialAction\":[{\"@type\":\"ReadAction\",\"target\":[\"http:\/\/rednacionaldearte.com\/noticias\/tipografia-stanley-kubrick\/\"]}]},{\"@type\":\"ImageObject\",\"inLanguage\":\"es\",\"@id\":\"http:\/\/rednacionaldearte.com\/noticias\/tipografia-stanley-kubrick\/#primaryimage\",\"url\":\"https:\/\/rednacionaldearte.com\/noticias\/wp-content\/uploads\/2017\/03\/a1868927c9e633fe75f761c330ba1659.png\",\"contentUrl\":\"https:\/\/rednacionaldearte.com\/noticias\/wp-content\/uploads\/2017\/03\/a1868927c9e633fe75f761c330ba1659.png\",\"width\":560,\"height\":315},{\"@type\":\"BreadcrumbList\",\"@id\":\"http:\/\/rednacionaldearte.com\/noticias\/tipografia-stanley-kubrick\/#breadcrumb\",\"itemListElement\":[{\"@type\":\"ListItem\",\"position\":1,\"name\":\"Home\",\"item\":\"http:\/\/rednacionaldearte.com\/noticias\/\"},{\"@type\":\"ListItem\",\"position\":2,\"name\":\"La Tipograf\u00eda en los T\u00edtulos de Stanley Kubrick\"}]},{\"@type\":\"WebSite\",\"@id\":\"http:\/\/rednacionaldearte.com\/noticias\/#website\",\"url\":\"http:\/\/rednacionaldearte.com\/noticias\/\",\"name\":\"Red Nacional de Arte\",\"description\":\"Cultura y Arte contempor\u00e1neo en M\u00e9xico\",\"publisher\":{\"@id\":\"http:\/\/rednacionaldearte.com\/noticias\/#organization\"},\"potentialAction\":[{\"@type\":\"SearchAction\",\"target\":{\"@type\":\"EntryPoint\",\"urlTemplate\":\"http:\/\/rednacionaldearte.com\/noticias\/?s={search_term_string}\"},\"query-input\":{\"@type\":\"PropertyValueSpecification\",\"valueRequired\":true,\"valueName\":\"search_term_string\"}}],\"inLanguage\":\"es\"},{\"@type\":\"Organization\",\"@id\":\"http:\/\/rednacionaldearte.com\/noticias\/#organization\",\"name\":\"Red Nacional de Arte\",\"url\":\"http:\/\/rednacionaldearte.com\/noticias\/\",\"logo\":{\"@type\":\"ImageObject\",\"inLanguage\":\"es\",\"@id\":\"http:\/\/rednacionaldearte.com\/noticias\/#\/schema\/logo\/image\/\",\"url\":\"http:\/\/rednacionaldearte.com\/noticias\/wp-content\/uploads\/2016\/04\/logo.png\",\"contentUrl\":\"http:\/\/rednacionaldearte.com\/noticias\/wp-content\/uploads\/2016\/04\/logo.png\",\"width\":575,\"height\":554,\"caption\":\"Red Nacional de Arte\"},\"image\":{\"@id\":\"http:\/\/rednacionaldearte.com\/noticias\/#\/schema\/logo\/image\/\"},\"sameAs\":[\"http:\/\/www.facebook.com\/rednacionaldearte\/\",\"https:\/\/x.com\/rednacionalarte\"]},{\"@type\":\"Person\",\"@id\":\"http:\/\/rednacionaldearte.com\/noticias\/#\/schema\/person\/489d635082b1de413434d2708a3e5b9b\",\"name\":\"Redacci\u00f3n\",\"image\":{\"@type\":\"ImageObject\",\"inLanguage\":\"es\",\"@id\":\"https:\/\/secure.gravatar.com\/avatar\/1d1c30eaee7c2f6cfa13fb8502cb06839106cdf371b9953d50e4b572d0bfa3c7?s=96&d=mm&r=g\",\"url\":\"https:\/\/secure.gravatar.com\/avatar\/1d1c30eaee7c2f6cfa13fb8502cb06839106cdf371b9953d50e4b572d0bfa3c7?s=96&d=mm&r=g\",\"contentUrl\":\"https:\/\/secure.gravatar.com\/avatar\/1d1c30eaee7c2f6cfa13fb8502cb06839106cdf371b9953d50e4b572d0bfa3c7?s=96&d=mm&r=g\",\"caption\":\"Redacci\u00f3n\"},\"url\":\"https:\/\/rednacionaldearte.com\/noticias\/author\/adan\/\"}]}<\/script>\n<!-- \/ Yoast SEO plugin. -->","yoast_head_json":{"title":"La Tipograf\u00eda en los T\u00edtulos de Stanley Kubrick - Red Nacional de Arte","robots":{"index":"index","follow":"follow","max-snippet":"max-snippet:-1","max-image-preview":"max-image-preview:large","max-video-preview":"max-video-preview:-1"},"canonical":"http:\/\/rednacionaldearte.com\/noticias\/tipografia-stanley-kubrick\/","og_locale":"es_ES","og_type":"article","og_title":"La Tipograf\u00eda en los T\u00edtulos de Stanley Kubrick - Red Nacional de Arte","og_description":"Es conocido que la tipograf\u00eda preferida de Stanley Kubrick era Futura Extra Bold, una fuente de tipo sans serif. Tambi\u00e9n gustaba de\u00a0Helvetica y\u00a0Univers, fuentes limpias\u00a0y elegantes. Sin embargo, los t\u00edtulos en sus carteles no siembre utilizaban estas tipograf\u00edas. El dise\u00f1ador\u00a0Christian Annyas se encarg\u00f3 de realizar una recopilaci\u00f3n de p\u00f3sters y extraer los t\u00edtulos para ponerlos [&hellip;]","og_url":"http:\/\/rednacionaldearte.com\/noticias\/tipografia-stanley-kubrick\/","og_site_name":"Red Nacional de Arte","article_publisher":"http:\/\/www.facebook.com\/rednacionaldearte\/","article_published_time":"2017-03-10T17:08:04+00:00","article_modified_time":"2017-03-10T17:18:45+00:00","og_image":[{"width":560,"height":315,"url":"http:\/\/rednacionaldearte.com\/noticias\/wp-content\/uploads\/2017\/03\/a1868927c9e633fe75f761c330ba1659.png","type":"image\/png"}],"author":"Redacci\u00f3n","twitter_card":"summary_large_image","twitter_creator":"@rednacionalarte","twitter_site":"@rednacionalarte","twitter_misc":{"Escrito por":"Redacci\u00f3n","Tiempo de lectura":"1 minuto"},"schema":{"@context":"https:\/\/schema.org","@graph":[{"@type":"Article","@id":"http:\/\/rednacionaldearte.com\/noticias\/tipografia-stanley-kubrick\/#article","isPartOf":{"@id":"http:\/\/rednacionaldearte.com\/noticias\/tipografia-stanley-kubrick\/"},"author":{"name":"Redacci\u00f3n","@id":"http:\/\/rednacionaldearte.com\/noticias\/#\/schema\/person\/489d635082b1de413434d2708a3e5b9b"},"headline":"La Tipograf\u00eda en los T\u00edtulos de Stanley Kubrick","datePublished":"2017-03-10T17:08:04+00:00","dateModified":"2017-03-10T17:18:45+00:00","mainEntityOfPage":{"@id":"http:\/\/rednacionaldearte.com\/noticias\/tipografia-stanley-kubrick\/"},"wordCount":213,"publisher":{"@id":"http:\/\/rednacionaldearte.com\/noticias\/#organization"},"image":{"@id":"http:\/\/rednacionaldearte.com\/noticias\/tipografia-stanley-kubrick\/#primaryimage"},"thumbnailUrl":"https:\/\/rednacionaldearte.com\/noticias\/wp-content\/uploads\/2017\/03\/a1868927c9e633fe75f761c330ba1659.png","keywords":["Stanley Kubrick","Tipograf\u00eda"],"articleSection":["Artes Visuales","Cine","Dise\u00f1o"],"inLanguage":"es"},{"@type":"WebPage","@id":"http:\/\/rednacionaldearte.com\/noticias\/tipografia-stanley-kubrick\/","url":"http:\/\/rednacionaldearte.com\/noticias\/tipografia-stanley-kubrick\/","name":"La Tipograf\u00eda en los T\u00edtulos de Stanley Kubrick - Red Nacional de Arte","isPartOf":{"@id":"http:\/\/rednacionaldearte.com\/noticias\/#website"},"primaryImageOfPage":{"@id":"http:\/\/rednacionaldearte.com\/noticias\/tipografia-stanley-kubrick\/#primaryimage"},"image":{"@id":"http:\/\/rednacionaldearte.com\/noticias\/tipografia-stanley-kubrick\/#primaryimage"},"thumbnailUrl":"https:\/\/rednacionaldearte.com\/noticias\/wp-content\/uploads\/2017\/03\/a1868927c9e633fe75f761c330ba1659.png","datePublished":"2017-03-10T17:08:04+00:00","dateModified":"2017-03-10T17:18:45+00:00","breadcrumb":{"@id":"http:\/\/rednacionaldearte.com\/noticias\/tipografia-stanley-kubrick\/#breadcrumb"},"inLanguage":"es","potentialAction":[{"@type":"ReadAction","target":["http:\/\/rednacionaldearte.com\/noticias\/tipografia-stanley-kubrick\/"]}]},{"@type":"ImageObject","inLanguage":"es","@id":"http:\/\/rednacionaldearte.com\/noticias\/tipografia-stanley-kubrick\/#primaryimage","url":"https:\/\/rednacionaldearte.com\/noticias\/wp-content\/uploads\/2017\/03\/a1868927c9e633fe75f761c330ba1659.png","contentUrl":"https:\/\/rednacionaldearte.com\/noticias\/wp-content\/uploads\/2017\/03\/a1868927c9e633fe75f761c330ba1659.png","width":560,"height":315},{"@type":"BreadcrumbList","@id":"http:\/\/rednacionaldearte.com\/noticias\/tipografia-stanley-kubrick\/#breadcrumb","itemListElement":[{"@type":"ListItem","position":1,"name":"Home","item":"http:\/\/rednacionaldearte.com\/noticias\/"},{"@type":"ListItem","position":2,"name":"La Tipograf\u00eda en los T\u00edtulos de Stanley Kubrick"}]},{"@type":"WebSite","@id":"http:\/\/rednacionaldearte.com\/noticias\/#website","url":"http:\/\/rednacionaldearte.com\/noticias\/","name":"Red Nacional de Arte","description":"Cultura y Arte contempor\u00e1neo en M\u00e9xico","publisher":{"@id":"http:\/\/rednacionaldearte.com\/noticias\/#organization"},"potentialAction":[{"@type":"SearchAction","target":{"@type":"EntryPoint","urlTemplate":"http:\/\/rednacionaldearte.com\/noticias\/?s={search_term_string}"},"query-input":{"@type":"PropertyValueSpecification","valueRequired":true,"valueName":"search_term_string"}}],"inLanguage":"es"},{"@type":"Organization","@id":"http:\/\/rednacionaldearte.com\/noticias\/#organization","name":"Red Nacional de Arte","url":"http:\/\/rednacionaldearte.com\/noticias\/","logo":{"@type":"ImageObject","inLanguage":"es","@id":"http:\/\/rednacionaldearte.com\/noticias\/#\/schema\/logo\/image\/","url":"http:\/\/rednacionaldearte.com\/noticias\/wp-content\/uploads\/2016\/04\/logo.png","contentUrl":"http:\/\/rednacionaldearte.com\/noticias\/wp-content\/uploads\/2016\/04\/logo.png","width":575,"height":554,"caption":"Red Nacional de Arte"},"image":{"@id":"http:\/\/rednacionaldearte.com\/noticias\/#\/schema\/logo\/image\/"},"sameAs":["http:\/\/www.facebook.com\/rednacionaldearte\/","https:\/\/x.com\/rednacionalarte"]},{"@type":"Person","@id":"http:\/\/rednacionaldearte.com\/noticias\/#\/schema\/person\/489d635082b1de413434d2708a3e5b9b","name":"Redacci\u00f3n","image":{"@type":"ImageObject","inLanguage":"es","@id":"https:\/\/secure.gravatar.com\/avatar\/1d1c30eaee7c2f6cfa13fb8502cb06839106cdf371b9953d50e4b572d0bfa3c7?s=96&d=mm&r=g","url":"https:\/\/secure.gravatar.com\/avatar\/1d1c30eaee7c2f6cfa13fb8502cb06839106cdf371b9953d50e4b572d0bfa3c7?s=96&d=mm&r=g","contentUrl":"https:\/\/secure.gravatar.com\/avatar\/1d1c30eaee7c2f6cfa13fb8502cb06839106cdf371b9953d50e4b572d0bfa3c7?s=96&d=mm&r=g","caption":"Redacci\u00f3n"},"url":"https:\/\/rednacionaldearte.com\/noticias\/author\/adan\/"}]}},"amp_validity":null,"amp_enabled":true,"_links":{"self":[{"href":"https:\/\/rednacionaldearte.com\/noticias\/wp-json\/wp\/v2\/posts\/404","targetHints":{"allow":["GET"]}}],"collection":[{"href":"https:\/\/rednacionaldearte.com\/noticias\/wp-json\/wp\/v2\/posts"}],"about":[{"href":"https:\/\/rednacionaldearte.com\/noticias\/wp-json\/wp\/v2\/types\/post"}],"author":[{"embeddable":true,"href":"https:\/\/rednacionaldearte.com\/noticias\/wp-json\/wp\/v2\/users\/1"}],"replies":[{"embeddable":true,"href":"https:\/\/rednacionaldearte.com\/noticias\/wp-json\/wp\/v2\/comments?post=404"}],"version-history":[{"count":4,"href":"https:\/\/rednacionaldearte.com\/noticias\/wp-json\/wp\/v2\/posts\/404\/revisions"}],"predecessor-version":[{"id":426,"href":"https:\/\/rednacionaldearte.com\/noticias\/wp-json\/wp\/v2\/posts\/404\/revisions\/426"}],"wp:featuredmedia":[{"embeddable":true,"href":"https:\/\/rednacionaldearte.com\/noticias\/wp-json\/wp\/v2\/media\/405"}],"wp:attachment":[{"href":"https:\/\/rednacionaldearte.com\/noticias\/wp-json\/wp\/v2\/media?parent=404"}],"wp:term":[{"taxonomy":"category","embeddable":true,"href":"https:\/\/rednacionaldearte.com\/noticias\/wp-json\/wp\/v2\/categories?post=404"},{"taxonomy":"post_tag","embeddable":true,"href":"https:\/\/rednacionaldearte.com\/noticias\/wp-json\/wp\/v2\/tags?post=404"}],"curies":[{"name":"wp","href":"https:\/\/api.w.org\/{rel}","templated":true}]}}