{"id":427,"date":"2017-03-10T22:41:38","date_gmt":"2017-03-10T22:41:38","guid":{"rendered":"http:\/\/rednacionaldearte.com\/noticias\/?p=427"},"modified":"2017-03-10T22:41:38","modified_gmt":"2017-03-10T22:41:38","slug":"8-documentales-fotografo-ver","status":"publish","type":"post","link":"https:\/\/rednacionaldearte.com\/noticias\/8-documentales-fotografo-ver\/","title":{"rendered":"8 Documentales que Todo Fot\u00f3grafo Deber\u00eda Ver"},"content":{"rendered":"<p>Como fot\u00f3grafos siempre es disfrutable conocer el trabajo de otros artistas. El documental puede llegar a conmover m\u00e1s\u00a0que la ficci\u00f3n al hacernos pensar\u00a0de que las im\u00e1genes que observamos son m\u00e1s cercanas a la realidad.\u00a0Siendo la fotograf\u00eda un arte t\u00e9cnico, resulta fundamental mantener un aprendizaje constante. Los documentales que a continuaci\u00f3n se plantean tienen cualidades muy distintas entre s\u00ed; algunos se centran en el alma del fot\u00f3grafo, otros en la vida personal de grandes maestros y algunos m\u00e1s en misteriosos sucesos develados a\u00f1os despu\u00e9s.<\/p>\n<h2>Smash his camera<\/h2>\n<p><a href=\"http:\/\/rednacionaldearte.com\/noticias\/wp-content\/uploads\/2017\/03\/jackie.jpg\"><img loading=\"lazy\" decoding=\"async\" class=\"aligncenter size-full wp-image-437\" src=\"http:\/\/rednacionaldearte.com\/noticias\/wp-content\/uploads\/2017\/03\/jackie.jpg\" alt=\"\" width=\"1000\" height=\"600\" srcset=\"https:\/\/rednacionaldearte.com\/noticias\/wp-content\/uploads\/2017\/03\/jackie.jpg 1000w, https:\/\/rednacionaldearte.com\/noticias\/wp-content\/uploads\/2017\/03\/jackie-300x180.jpg 300w, https:\/\/rednacionaldearte.com\/noticias\/wp-content\/uploads\/2017\/03\/jackie-768x461.jpg 768w\" sizes=\"auto, (max-width: 1000px) 100vw, 1000px\" \/><\/a><\/p>\n<p>Producido por HBO, y ganador en\u00a0Sundance,\u00a0Smash his Camera narra la historia de\u00a0Ron Galella, un fot\u00f3grafo <em>paparazzi<\/em>\u00a0a quien Jacqueline Kennedy Onassis demand\u00f3 y Marlon Brando le rompi\u00f3 la mand\u00edbula. La pel\u00edcula realiza un an\u00e1lisis sobre temas como el derecho a la intimidad, la libertad de la prensa y la creciente espiral de culto a las celebridades.<\/p>\n<h2>La maleta mexicana<\/h2>\n<p><a href=\"http:\/\/rednacionaldearte.com\/noticias\/wp-content\/uploads\/2017\/03\/maleta2.jpg\"><img loading=\"lazy\" decoding=\"async\" class=\"aligncenter size-full wp-image-436\" src=\"http:\/\/rednacionaldearte.com\/noticias\/wp-content\/uploads\/2017\/03\/maleta2.jpg\" alt=\"\" width=\"300\" height=\"428\" srcset=\"https:\/\/rednacionaldearte.com\/noticias\/wp-content\/uploads\/2017\/03\/maleta2.jpg 300w, https:\/\/rednacionaldearte.com\/noticias\/wp-content\/uploads\/2017\/03\/maleta2-210x300.jpg 210w\" sizes=\"auto, (max-width: 300px) 100vw, 300px\" \/><\/a><\/p>\n<p>La Maleta Mexicana es un documental dirigido por Trisha Ziff que cuenta es la historia de una maleta con negativos de fotos que desapareci\u00f3 de Europa en 1939 y fue encontrada en la Ciudad de M\u00e9xico en 2007. Dentro de la maleta hab\u00eda tres cajas con m\u00e1s de 4200 negativos tomados durante la guerra civil espa\u00f1ola 3 j\u00f3venes fotoperiodistas: Gerda Taro, David \u201cChim\u201d Seymour y el famoso Robert Capa.<\/p>\n<p><iframe loading=\"lazy\" title=\"La maleta mexicana - Trailer VOSE HD\" width=\"648\" height=\"365\" src=\"https:\/\/www.youtube.com\/embed\/P016X5zi2O8?feature=oembed\" frameborder=\"0\" allow=\"accelerometer; autoplay; clipboard-write; encrypted-media; gyroscope; picture-in-picture; web-share\" referrerpolicy=\"strict-origin-when-cross-origin\" allowfullscreen><\/iframe><\/p>\n<h2>Fotograf\u00edo para Recordar<\/h2>\n<p><a href=\"http:\/\/rednacionaldearte.com\/noticias\/wp-content\/uploads\/2017\/03\/meyer_padres_2.jpg\"><img loading=\"lazy\" decoding=\"async\" class=\"aligncenter size-full wp-image-435\" src=\"http:\/\/rednacionaldearte.com\/noticias\/wp-content\/uploads\/2017\/03\/meyer_padres_2.jpg\" alt=\"\" width=\"800\" height=\"524\" srcset=\"https:\/\/rednacionaldearte.com\/noticias\/wp-content\/uploads\/2017\/03\/meyer_padres_2.jpg 800w, https:\/\/rednacionaldearte.com\/noticias\/wp-content\/uploads\/2017\/03\/meyer_padres_2-300x197.jpg 300w, https:\/\/rednacionaldearte.com\/noticias\/wp-content\/uploads\/2017\/03\/meyer_padres_2-768x503.jpg 768w, https:\/\/rednacionaldearte.com\/noticias\/wp-content\/uploads\/2017\/03\/meyer_padres_2-100x65.jpg 100w, https:\/\/rednacionaldearte.com\/noticias\/wp-content\/uploads\/2017\/03\/meyer_padres_2-260x170.jpg 260w\" sizes=\"auto, (max-width: 800px) 100vw, 800px\" \/><\/a><\/p>\n<p>Una muy sencilla pieza cinematogr\u00e1ficamente hablando realizada por uno de los pioneros en fotograf\u00eda digital y m\u00e1s importantes fot\u00f3grafos mexicanos: Pedro Meyer. Usando \u00fanicamente fotograf\u00edas fijas construye un relato \u00edntimo que estremece acerca de sus padres.<\/p>\n<p>Puede verse gratis en\u00a0<a href=\"http:\/\/v1.zonezero.com\/exposiciones\/fotografos\/IPTR_meyer\/flashsp.html\" target=\"_blank\">http:\/\/v1.zonezero.com\/exposiciones\/fotografos\/IPTR_meyer\/flashsp.html<\/a>.<\/p>\n<h2>Annie Leibovitz, una vida a trav\u00e9s de la c\u00e1mara<\/h2>\n<p><a href=\"http:\/\/rednacionaldearte.com\/noticias\/wp-content\/uploads\/2017\/03\/annieleibovitz.jpg\"><img loading=\"lazy\" decoding=\"async\" class=\"aligncenter size-full wp-image-434\" src=\"http:\/\/rednacionaldearte.com\/noticias\/wp-content\/uploads\/2017\/03\/annieleibovitz.jpg\" alt=\"\" width=\"400\" height=\"265\" srcset=\"https:\/\/rednacionaldearte.com\/noticias\/wp-content\/uploads\/2017\/03\/annieleibovitz.jpg 400w, https:\/\/rednacionaldearte.com\/noticias\/wp-content\/uploads\/2017\/03\/annieleibovitz-300x199.jpg 300w, https:\/\/rednacionaldearte.com\/noticias\/wp-content\/uploads\/2017\/03\/annieleibovitz-100x65.jpg 100w, https:\/\/rednacionaldearte.com\/noticias\/wp-content\/uploads\/2017\/03\/annieleibovitz-360x240.jpg 360w\" sizes=\"auto, (max-width: 400px) 100vw, 400px\" \/><\/a><\/p>\n<p>La vida, las historias y las fotograf\u00edas de Leibovitz, una de las fot\u00f3grafas mejores pagadas, reconocida en todo el mundo por su trabajo en revistas y campa\u00f1as publicitarias. Dirigido por Barbara Leibovitz (su hermana), es un documental realizado para la BBC.<\/p>\n<h2>The many lives of William Klein<\/h2>\n<p><a href=\"http:\/\/rednacionaldearte.com\/noticias\/wp-content\/uploads\/2017\/03\/william_klein.jpg\"><img loading=\"lazy\" decoding=\"async\" class=\"aligncenter size-full wp-image-433\" src=\"http:\/\/rednacionaldearte.com\/noticias\/wp-content\/uploads\/2017\/03\/william_klein.jpg\" alt=\"\" width=\"1278\" height=\"981\" srcset=\"https:\/\/rednacionaldearte.com\/noticias\/wp-content\/uploads\/2017\/03\/william_klein.jpg 1278w, https:\/\/rednacionaldearte.com\/noticias\/wp-content\/uploads\/2017\/03\/william_klein-300x230.jpg 300w, https:\/\/rednacionaldearte.com\/noticias\/wp-content\/uploads\/2017\/03\/william_klein-768x590.jpg 768w, https:\/\/rednacionaldearte.com\/noticias\/wp-content\/uploads\/2017\/03\/william_klein-1024x786.jpg 1024w\" sizes=\"auto, (max-width: 1278px) 100vw, 1278px\" \/><\/a><\/p>\n<p>Entre 1954 y 1966 fue fot\u00f3grafo de la revista Vogue, siempre aportando su particular punto de vista elevando as\u00ed una mera imagen creada para consumo en obra de arte. Pero su verdadera vocaci\u00f3n fotogr\u00e1fica fue, como \u00e9l mismo dec\u00eda, \u201csus fotos serias\u201d, los reportajes fotogr\u00e1ficos que representaban aspectos cotidianos de ciudades como su querida Nueva York, Mosc\u00fa, Tokio o Roma.<\/p>\n<h2>La sal de la Tierra<\/h2>\n<p><a href=\"http:\/\/rednacionaldearte.com\/noticias\/wp-content\/uploads\/2017\/03\/6679d361f2a2940f2a28279110a19b56.jpg\"><img loading=\"lazy\" decoding=\"async\" class=\"size-full wp-image-431 aligncenter\" src=\"http:\/\/rednacionaldearte.com\/noticias\/wp-content\/uploads\/2017\/03\/6679d361f2a2940f2a28279110a19b56.jpg\" alt=\"\" width=\"665\" height=\"461\" srcset=\"https:\/\/rednacionaldearte.com\/noticias\/wp-content\/uploads\/2017\/03\/6679d361f2a2940f2a28279110a19b56.jpg 665w, https:\/\/rednacionaldearte.com\/noticias\/wp-content\/uploads\/2017\/03\/6679d361f2a2940f2a28279110a19b56-300x208.jpg 300w\" sizes=\"auto, (max-width: 665px) 100vw, 665px\" \/><\/a><\/p>\n<div class=\"article-asset-image article-asset-normal\">\n<div class=\"asset-content\">Dirigido por Wim Wenders y Juliano Ribeiro Salgado sobre la vida y trayectoria profesional del fot\u00f3grafo brasile\u00f1o Sebasti\u00e3o Salgado, padre de Juliano. El documental fue estrenado en el Festival de Cannes 2014, en donde compiti\u00f3 en la categor\u00eda Un certain regard y gan\u00f3 el Premio Especial. Tambi\u00e9n estuvo nominado al \u00d3scar al mejor documental largo de 2014 y gan\u00f3 el Premio del P\u00fablico en el Festival Internacional de Cine de San Sebasti\u00e1n, el Premio de la Audiencia en el Festival Internacional de Cine de Troms\u00f8 y el C\u00e9sar a la mejor pel\u00edcula documental en 2014.<\/div>\n<\/div>\n<p>&nbsp;<\/p>\n<h2><\/h2>\n<h2 class=\"js-video\">Everybody Street<\/h2>\n<div class=\"article-asset-image article-asset-normal\">\n<div class=\"asset-content\">Un documental centrado en mostrar Nueva York a trav\u00e9s de la mirada de algunos de los m\u00e1s grandes fot\u00f3grafos que la han capturado. En especial a sus calles, a sus habitantes y a su fren\u00e9tica vida cotidiana.<\/div>\n<\/div>\n<p>&nbsp;<\/p>\n<div class=\"js-video\"><iframe loading=\"lazy\" src=\"https:\/\/player.vimeo.com\/video\/70639661?title=0&amp;byline=0&amp;portrait=0\" width=\"650\" height=\"366\" frameborder=\"0\" allowfullscreen=\"allowfullscreen\" data-mce-fragment=\"1\"><\/iframe><\/div>\n<h2>Finding Vivian Maier<\/h2>\n<p><a href=\"http:\/\/rednacionaldearte.com\/noticias\/wp-content\/uploads\/2017\/03\/Finding_Vivian_Maier.jpg\"><img loading=\"lazy\" decoding=\"async\" class=\"aligncenter size-full wp-image-432\" src=\"http:\/\/rednacionaldearte.com\/noticias\/wp-content\/uploads\/2017\/03\/Finding_Vivian_Maier.jpg\" alt=\"\" width=\"650\" height=\"415\" srcset=\"https:\/\/rednacionaldearte.com\/noticias\/wp-content\/uploads\/2017\/03\/Finding_Vivian_Maier.jpg 650w, https:\/\/rednacionaldearte.com\/noticias\/wp-content\/uploads\/2017\/03\/Finding_Vivian_Maier-300x192.jpg 300w, https:\/\/rednacionaldearte.com\/noticias\/wp-content\/uploads\/2017\/03\/Finding_Vivian_Maier-100x65.jpg 100w\" sizes=\"auto, (max-width: 650px) 100vw, 650px\" \/><\/a><\/p>\n<div class=\"article-asset-image article-asset-normal\">\n<div class=\"asset-content\">Aclamado documental que cuenta la historia de la fallecida ni\u00f1era Vivian Maier que, en secreto, realiza m\u00e1s de 100.000 fotograf\u00edas, hasta entonces desconocidas. Cuando son descubiertas casi dos d\u00e9cadas despu\u00e9s, se convierte en una de las mejores fot\u00f3grafas del siglo 20.<\/div>\n<div class=\"asset-content\"><\/div>\n<div class=\"asset-content\">El documental est\u00e1 escrito y dirigido por John Maloof y Charlie Siskel, donde nos cuentan la historia de Vivian a trav\u00e9s de entrevistas a personas cercanas que conoc\u00edan a Maier, fotograf\u00edas y pel\u00edculas.<\/div>\n<div class=\"asset-content\"><\/div>\n<\/div>\n<div class=\"js-video\"><iframe loading=\"lazy\" id=\"widget2\" src=\"https:\/\/www.youtube.com\/embed\/2o2nBhQ67Zc?enablejsapi=1&amp;origin=https:\/\/www.xatakafoto.com\" width=\"650\" height=\"366\" frameborder=\"0\" allowfullscreen=\"allowfullscreen\" data-mce-fragment=\"1\"><\/iframe><\/div>\n<h2><\/h2>\n","protected":false},"excerpt":{"rendered":"<p>Como fot\u00f3grafos siempre es disfrutable conocer el trabajo de otros artistas. El documental puede llegar a conmover m\u00e1s\u00a0que la ficci\u00f3n al hacernos pensar\u00a0de que las im\u00e1genes que observamos son m\u00e1s cercanas a la realidad.\u00a0Siendo la fotograf\u00eda un arte t\u00e9cnico, resulta fundamental mantener un aprendizaje constante. Los documentales que a continuaci\u00f3n se plantean tienen cualidades muy [&hellip;]<\/p>\n","protected":false},"author":1,"featured_media":437,"comment_status":"closed","ping_status":"open","sticky":false,"template":"","format":"standard","meta":{"footnotes":""},"categories":[59,60,2],"tags":[],"class_list":["post-427","post","type-post","status-publish","format-standard","has-post-thumbnail","hentry","category-artes-visuales","category-cine","category-fotografia"],"yoast_head":"<!-- This site is optimized with the Yoast SEO plugin v27.2 - https:\/\/yoast.com\/product\/yoast-seo-wordpress\/ -->\n<title>8 Documentales que Todo Fot\u00f3grafo Deber\u00eda Ver - Red Nacional de Arte<\/title>\n<meta name=\"robots\" content=\"index, follow, max-snippet:-1, max-image-preview:large, max-video-preview:-1\" \/>\n<link rel=\"canonical\" href=\"http:\/\/rednacionaldearte.com\/noticias\/8-documentales-fotografo-ver\/\" \/>\n<meta property=\"og:locale\" content=\"es_ES\" \/>\n<meta property=\"og:type\" content=\"article\" \/>\n<meta property=\"og:title\" content=\"8 Documentales que Todo Fot\u00f3grafo Deber\u00eda Ver - Red Nacional de Arte\" \/>\n<meta property=\"og:description\" content=\"Como fot\u00f3grafos siempre es disfrutable conocer el trabajo de otros artistas. El documental puede llegar a conmover m\u00e1s\u00a0que la ficci\u00f3n al hacernos pensar\u00a0de que las im\u00e1genes que observamos son m\u00e1s cercanas a la realidad.\u00a0Siendo la fotograf\u00eda un arte t\u00e9cnico, resulta fundamental mantener un aprendizaje constante. Los documentales que a continuaci\u00f3n se plantean tienen cualidades muy [&hellip;]\" \/>\n<meta property=\"og:url\" content=\"http:\/\/rednacionaldearte.com\/noticias\/8-documentales-fotografo-ver\/\" \/>\n<meta property=\"og:site_name\" content=\"Red Nacional de Arte\" \/>\n<meta property=\"article:publisher\" content=\"http:\/\/www.facebook.com\/rednacionaldearte\/\" \/>\n<meta property=\"article:published_time\" content=\"2017-03-10T22:41:38+00:00\" \/>\n<meta property=\"og:image\" content=\"http:\/\/rednacionaldearte.com\/noticias\/wp-content\/uploads\/2017\/03\/jackie.jpg\" \/>\n\t<meta property=\"og:image:width\" content=\"1000\" \/>\n\t<meta property=\"og:image:height\" content=\"600\" \/>\n\t<meta property=\"og:image:type\" content=\"image\/jpeg\" \/>\n<meta name=\"author\" content=\"Redacci\u00f3n\" \/>\n<meta name=\"twitter:card\" content=\"summary_large_image\" \/>\n<meta name=\"twitter:creator\" content=\"@rednacionalarte\" \/>\n<meta name=\"twitter:site\" content=\"@rednacionalarte\" \/>\n<meta name=\"twitter:label1\" content=\"Escrito por\" \/>\n\t<meta name=\"twitter:data1\" content=\"Redacci\u00f3n\" \/>\n\t<meta name=\"twitter:label2\" content=\"Tiempo de lectura\" \/>\n\t<meta name=\"twitter:data2\" content=\"3 minutos\" \/>\n<script type=\"application\/ld+json\" class=\"yoast-schema-graph\">{\"@context\":\"https:\/\/schema.org\",\"@graph\":[{\"@type\":\"Article\",\"@id\":\"http:\/\/rednacionaldearte.com\/noticias\/8-documentales-fotografo-ver\/#article\",\"isPartOf\":{\"@id\":\"http:\/\/rednacionaldearte.com\/noticias\/8-documentales-fotografo-ver\/\"},\"author\":{\"name\":\"Redacci\u00f3n\",\"@id\":\"http:\/\/rednacionaldearte.com\/noticias\/#\/schema\/person\/489d635082b1de413434d2708a3e5b9b\"},\"headline\":\"8 Documentales que Todo Fot\u00f3grafo Deber\u00eda Ver\",\"datePublished\":\"2017-03-10T22:41:38+00:00\",\"mainEntityOfPage\":{\"@id\":\"http:\/\/rednacionaldearte.com\/noticias\/8-documentales-fotografo-ver\/\"},\"wordCount\":674,\"publisher\":{\"@id\":\"http:\/\/rednacionaldearte.com\/noticias\/#organization\"},\"image\":{\"@id\":\"http:\/\/rednacionaldearte.com\/noticias\/8-documentales-fotografo-ver\/#primaryimage\"},\"thumbnailUrl\":\"https:\/\/rednacionaldearte.com\/noticias\/wp-content\/uploads\/2017\/03\/jackie.jpg\",\"articleSection\":[\"Artes Visuales\",\"Cine\",\"Fotograf\u00eda\"],\"inLanguage\":\"es\"},{\"@type\":\"WebPage\",\"@id\":\"http:\/\/rednacionaldearte.com\/noticias\/8-documentales-fotografo-ver\/\",\"url\":\"http:\/\/rednacionaldearte.com\/noticias\/8-documentales-fotografo-ver\/\",\"name\":\"8 Documentales que Todo Fot\u00f3grafo Deber\u00eda Ver - Red Nacional de Arte\",\"isPartOf\":{\"@id\":\"http:\/\/rednacionaldearte.com\/noticias\/#website\"},\"primaryImageOfPage\":{\"@id\":\"http:\/\/rednacionaldearte.com\/noticias\/8-documentales-fotografo-ver\/#primaryimage\"},\"image\":{\"@id\":\"http:\/\/rednacionaldearte.com\/noticias\/8-documentales-fotografo-ver\/#primaryimage\"},\"thumbnailUrl\":\"https:\/\/rednacionaldearte.com\/noticias\/wp-content\/uploads\/2017\/03\/jackie.jpg\",\"datePublished\":\"2017-03-10T22:41:38+00:00\",\"breadcrumb\":{\"@id\":\"http:\/\/rednacionaldearte.com\/noticias\/8-documentales-fotografo-ver\/#breadcrumb\"},\"inLanguage\":\"es\",\"potentialAction\":[{\"@type\":\"ReadAction\",\"target\":[\"http:\/\/rednacionaldearte.com\/noticias\/8-documentales-fotografo-ver\/\"]}]},{\"@type\":\"ImageObject\",\"inLanguage\":\"es\",\"@id\":\"http:\/\/rednacionaldearte.com\/noticias\/8-documentales-fotografo-ver\/#primaryimage\",\"url\":\"https:\/\/rednacionaldearte.com\/noticias\/wp-content\/uploads\/2017\/03\/jackie.jpg\",\"contentUrl\":\"https:\/\/rednacionaldearte.com\/noticias\/wp-content\/uploads\/2017\/03\/jackie.jpg\",\"width\":1000,\"height\":600},{\"@type\":\"BreadcrumbList\",\"@id\":\"http:\/\/rednacionaldearte.com\/noticias\/8-documentales-fotografo-ver\/#breadcrumb\",\"itemListElement\":[{\"@type\":\"ListItem\",\"position\":1,\"name\":\"Home\",\"item\":\"http:\/\/rednacionaldearte.com\/noticias\/\"},{\"@type\":\"ListItem\",\"position\":2,\"name\":\"8 Documentales que Todo Fot\u00f3grafo Deber\u00eda Ver\"}]},{\"@type\":\"WebSite\",\"@id\":\"http:\/\/rednacionaldearte.com\/noticias\/#website\",\"url\":\"http:\/\/rednacionaldearte.com\/noticias\/\",\"name\":\"Red Nacional de Arte\",\"description\":\"Cultura y Arte contempor\u00e1neo en M\u00e9xico\",\"publisher\":{\"@id\":\"http:\/\/rednacionaldearte.com\/noticias\/#organization\"},\"potentialAction\":[{\"@type\":\"SearchAction\",\"target\":{\"@type\":\"EntryPoint\",\"urlTemplate\":\"http:\/\/rednacionaldearte.com\/noticias\/?s={search_term_string}\"},\"query-input\":{\"@type\":\"PropertyValueSpecification\",\"valueRequired\":true,\"valueName\":\"search_term_string\"}}],\"inLanguage\":\"es\"},{\"@type\":\"Organization\",\"@id\":\"http:\/\/rednacionaldearte.com\/noticias\/#organization\",\"name\":\"Red Nacional de Arte\",\"url\":\"http:\/\/rednacionaldearte.com\/noticias\/\",\"logo\":{\"@type\":\"ImageObject\",\"inLanguage\":\"es\",\"@id\":\"http:\/\/rednacionaldearte.com\/noticias\/#\/schema\/logo\/image\/\",\"url\":\"http:\/\/rednacionaldearte.com\/noticias\/wp-content\/uploads\/2016\/04\/logo.png\",\"contentUrl\":\"http:\/\/rednacionaldearte.com\/noticias\/wp-content\/uploads\/2016\/04\/logo.png\",\"width\":575,\"height\":554,\"caption\":\"Red Nacional de Arte\"},\"image\":{\"@id\":\"http:\/\/rednacionaldearte.com\/noticias\/#\/schema\/logo\/image\/\"},\"sameAs\":[\"http:\/\/www.facebook.com\/rednacionaldearte\/\",\"https:\/\/x.com\/rednacionalarte\"]},{\"@type\":\"Person\",\"@id\":\"http:\/\/rednacionaldearte.com\/noticias\/#\/schema\/person\/489d635082b1de413434d2708a3e5b9b\",\"name\":\"Redacci\u00f3n\",\"image\":{\"@type\":\"ImageObject\",\"inLanguage\":\"es\",\"@id\":\"https:\/\/secure.gravatar.com\/avatar\/1d1c30eaee7c2f6cfa13fb8502cb06839106cdf371b9953d50e4b572d0bfa3c7?s=96&d=mm&r=g\",\"url\":\"https:\/\/secure.gravatar.com\/avatar\/1d1c30eaee7c2f6cfa13fb8502cb06839106cdf371b9953d50e4b572d0bfa3c7?s=96&d=mm&r=g\",\"contentUrl\":\"https:\/\/secure.gravatar.com\/avatar\/1d1c30eaee7c2f6cfa13fb8502cb06839106cdf371b9953d50e4b572d0bfa3c7?s=96&d=mm&r=g\",\"caption\":\"Redacci\u00f3n\"},\"url\":\"https:\/\/rednacionaldearte.com\/noticias\/author\/adan\/\"}]}<\/script>\n<!-- \/ Yoast SEO plugin. -->","yoast_head_json":{"title":"8 Documentales que Todo Fot\u00f3grafo Deber\u00eda Ver - Red Nacional de Arte","robots":{"index":"index","follow":"follow","max-snippet":"max-snippet:-1","max-image-preview":"max-image-preview:large","max-video-preview":"max-video-preview:-1"},"canonical":"http:\/\/rednacionaldearte.com\/noticias\/8-documentales-fotografo-ver\/","og_locale":"es_ES","og_type":"article","og_title":"8 Documentales que Todo Fot\u00f3grafo Deber\u00eda Ver - Red Nacional de Arte","og_description":"Como fot\u00f3grafos siempre es disfrutable conocer el trabajo de otros artistas. El documental puede llegar a conmover m\u00e1s\u00a0que la ficci\u00f3n al hacernos pensar\u00a0de que las im\u00e1genes que observamos son m\u00e1s cercanas a la realidad.\u00a0Siendo la fotograf\u00eda un arte t\u00e9cnico, resulta fundamental mantener un aprendizaje constante. Los documentales que a continuaci\u00f3n se plantean tienen cualidades muy [&hellip;]","og_url":"http:\/\/rednacionaldearte.com\/noticias\/8-documentales-fotografo-ver\/","og_site_name":"Red Nacional de Arte","article_publisher":"http:\/\/www.facebook.com\/rednacionaldearte\/","article_published_time":"2017-03-10T22:41:38+00:00","og_image":[{"width":1000,"height":600,"url":"http:\/\/rednacionaldearte.com\/noticias\/wp-content\/uploads\/2017\/03\/jackie.jpg","type":"image\/jpeg"}],"author":"Redacci\u00f3n","twitter_card":"summary_large_image","twitter_creator":"@rednacionalarte","twitter_site":"@rednacionalarte","twitter_misc":{"Escrito por":"Redacci\u00f3n","Tiempo de lectura":"3 minutos"},"schema":{"@context":"https:\/\/schema.org","@graph":[{"@type":"Article","@id":"http:\/\/rednacionaldearte.com\/noticias\/8-documentales-fotografo-ver\/#article","isPartOf":{"@id":"http:\/\/rednacionaldearte.com\/noticias\/8-documentales-fotografo-ver\/"},"author":{"name":"Redacci\u00f3n","@id":"http:\/\/rednacionaldearte.com\/noticias\/#\/schema\/person\/489d635082b1de413434d2708a3e5b9b"},"headline":"8 Documentales que Todo Fot\u00f3grafo Deber\u00eda Ver","datePublished":"2017-03-10T22:41:38+00:00","mainEntityOfPage":{"@id":"http:\/\/rednacionaldearte.com\/noticias\/8-documentales-fotografo-ver\/"},"wordCount":674,"publisher":{"@id":"http:\/\/rednacionaldearte.com\/noticias\/#organization"},"image":{"@id":"http:\/\/rednacionaldearte.com\/noticias\/8-documentales-fotografo-ver\/#primaryimage"},"thumbnailUrl":"https:\/\/rednacionaldearte.com\/noticias\/wp-content\/uploads\/2017\/03\/jackie.jpg","articleSection":["Artes Visuales","Cine","Fotograf\u00eda"],"inLanguage":"es"},{"@type":"WebPage","@id":"http:\/\/rednacionaldearte.com\/noticias\/8-documentales-fotografo-ver\/","url":"http:\/\/rednacionaldearte.com\/noticias\/8-documentales-fotografo-ver\/","name":"8 Documentales que Todo Fot\u00f3grafo Deber\u00eda Ver - Red Nacional de Arte","isPartOf":{"@id":"http:\/\/rednacionaldearte.com\/noticias\/#website"},"primaryImageOfPage":{"@id":"http:\/\/rednacionaldearte.com\/noticias\/8-documentales-fotografo-ver\/#primaryimage"},"image":{"@id":"http:\/\/rednacionaldearte.com\/noticias\/8-documentales-fotografo-ver\/#primaryimage"},"thumbnailUrl":"https:\/\/rednacionaldearte.com\/noticias\/wp-content\/uploads\/2017\/03\/jackie.jpg","datePublished":"2017-03-10T22:41:38+00:00","breadcrumb":{"@id":"http:\/\/rednacionaldearte.com\/noticias\/8-documentales-fotografo-ver\/#breadcrumb"},"inLanguage":"es","potentialAction":[{"@type":"ReadAction","target":["http:\/\/rednacionaldearte.com\/noticias\/8-documentales-fotografo-ver\/"]}]},{"@type":"ImageObject","inLanguage":"es","@id":"http:\/\/rednacionaldearte.com\/noticias\/8-documentales-fotografo-ver\/#primaryimage","url":"https:\/\/rednacionaldearte.com\/noticias\/wp-content\/uploads\/2017\/03\/jackie.jpg","contentUrl":"https:\/\/rednacionaldearte.com\/noticias\/wp-content\/uploads\/2017\/03\/jackie.jpg","width":1000,"height":600},{"@type":"BreadcrumbList","@id":"http:\/\/rednacionaldearte.com\/noticias\/8-documentales-fotografo-ver\/#breadcrumb","itemListElement":[{"@type":"ListItem","position":1,"name":"Home","item":"http:\/\/rednacionaldearte.com\/noticias\/"},{"@type":"ListItem","position":2,"name":"8 Documentales que Todo Fot\u00f3grafo Deber\u00eda Ver"}]},{"@type":"WebSite","@id":"http:\/\/rednacionaldearte.com\/noticias\/#website","url":"http:\/\/rednacionaldearte.com\/noticias\/","name":"Red Nacional de Arte","description":"Cultura y Arte contempor\u00e1neo en M\u00e9xico","publisher":{"@id":"http:\/\/rednacionaldearte.com\/noticias\/#organization"},"potentialAction":[{"@type":"SearchAction","target":{"@type":"EntryPoint","urlTemplate":"http:\/\/rednacionaldearte.com\/noticias\/?s={search_term_string}"},"query-input":{"@type":"PropertyValueSpecification","valueRequired":true,"valueName":"search_term_string"}}],"inLanguage":"es"},{"@type":"Organization","@id":"http:\/\/rednacionaldearte.com\/noticias\/#organization","name":"Red Nacional de Arte","url":"http:\/\/rednacionaldearte.com\/noticias\/","logo":{"@type":"ImageObject","inLanguage":"es","@id":"http:\/\/rednacionaldearte.com\/noticias\/#\/schema\/logo\/image\/","url":"http:\/\/rednacionaldearte.com\/noticias\/wp-content\/uploads\/2016\/04\/logo.png","contentUrl":"http:\/\/rednacionaldearte.com\/noticias\/wp-content\/uploads\/2016\/04\/logo.png","width":575,"height":554,"caption":"Red Nacional de Arte"},"image":{"@id":"http:\/\/rednacionaldearte.com\/noticias\/#\/schema\/logo\/image\/"},"sameAs":["http:\/\/www.facebook.com\/rednacionaldearte\/","https:\/\/x.com\/rednacionalarte"]},{"@type":"Person","@id":"http:\/\/rednacionaldearte.com\/noticias\/#\/schema\/person\/489d635082b1de413434d2708a3e5b9b","name":"Redacci\u00f3n","image":{"@type":"ImageObject","inLanguage":"es","@id":"https:\/\/secure.gravatar.com\/avatar\/1d1c30eaee7c2f6cfa13fb8502cb06839106cdf371b9953d50e4b572d0bfa3c7?s=96&d=mm&r=g","url":"https:\/\/secure.gravatar.com\/avatar\/1d1c30eaee7c2f6cfa13fb8502cb06839106cdf371b9953d50e4b572d0bfa3c7?s=96&d=mm&r=g","contentUrl":"https:\/\/secure.gravatar.com\/avatar\/1d1c30eaee7c2f6cfa13fb8502cb06839106cdf371b9953d50e4b572d0bfa3c7?s=96&d=mm&r=g","caption":"Redacci\u00f3n"},"url":"https:\/\/rednacionaldearte.com\/noticias\/author\/adan\/"}]}},"amp_validity":null,"amp_enabled":true,"_links":{"self":[{"href":"https:\/\/rednacionaldearte.com\/noticias\/wp-json\/wp\/v2\/posts\/427","targetHints":{"allow":["GET"]}}],"collection":[{"href":"https:\/\/rednacionaldearte.com\/noticias\/wp-json\/wp\/v2\/posts"}],"about":[{"href":"https:\/\/rednacionaldearte.com\/noticias\/wp-json\/wp\/v2\/types\/post"}],"author":[{"embeddable":true,"href":"https:\/\/rednacionaldearte.com\/noticias\/wp-json\/wp\/v2\/users\/1"}],"replies":[{"embeddable":true,"href":"https:\/\/rednacionaldearte.com\/noticias\/wp-json\/wp\/v2\/comments?post=427"}],"version-history":[{"count":1,"href":"https:\/\/rednacionaldearte.com\/noticias\/wp-json\/wp\/v2\/posts\/427\/revisions"}],"predecessor-version":[{"id":438,"href":"https:\/\/rednacionaldearte.com\/noticias\/wp-json\/wp\/v2\/posts\/427\/revisions\/438"}],"wp:featuredmedia":[{"embeddable":true,"href":"https:\/\/rednacionaldearte.com\/noticias\/wp-json\/wp\/v2\/media\/437"}],"wp:attachment":[{"href":"https:\/\/rednacionaldearte.com\/noticias\/wp-json\/wp\/v2\/media?parent=427"}],"wp:term":[{"taxonomy":"category","embeddable":true,"href":"https:\/\/rednacionaldearte.com\/noticias\/wp-json\/wp\/v2\/categories?post=427"},{"taxonomy":"post_tag","embeddable":true,"href":"https:\/\/rednacionaldearte.com\/noticias\/wp-json\/wp\/v2\/tags?post=427"}],"curies":[{"name":"wp","href":"https:\/\/api.w.org\/{rel}","templated":true}]}}