{"id":4355,"date":"2018-07-21T00:23:48","date_gmt":"2018-07-21T00:23:48","guid":{"rendered":"http:\/\/rednacionaldearte.com\/noticias\/?p=4355"},"modified":"2018-07-21T00:23:48","modified_gmt":"2018-07-21T00:23:48","slug":"la-coreografa-y-bailarina-ana-paula-ricalde-impartira-nuevo-workshop-en-la-cdmx","status":"publish","type":"post","link":"https:\/\/rednacionaldearte.com\/noticias\/la-coreografa-y-bailarina-ana-paula-ricalde-impartira-nuevo-workshop-en-la-cdmx\/","title":{"rendered":"La Core\u00f3grafa y Bailarina Ana Paula Ricalde impartir\u00e1 nuevo Workshop en la CDMX"},"content":{"rendered":"<h2>La reconocida core\u00f3grafa <strong>Ana Paula Ricale<\/strong> impartir\u00e1 un nuevo workshop de danza contempor\u00e1nea en la capital del pa\u00eds.<\/h2>\n<figure id=\"attachment_4356\" class=\"thumbnail wp-caption aligncenter\" style=\"width: 970px\"><a href=\"http:\/\/rednacionaldearte.com\/noticias\/wp-content\/uploads\/2018\/07\/27752179_2013629332239962_4957182785158956532_n.jpg\"><img loading=\"lazy\" decoding=\"async\" class=\"size-full wp-image-4356\" src=\"http:\/\/rednacionaldearte.com\/noticias\/wp-content\/uploads\/2018\/07\/27752179_2013629332239962_4957182785158956532_n.jpg\" alt=\"Ana Paula Ricalde\" width=\"960\" height=\"640\" srcset=\"https:\/\/rednacionaldearte.com\/noticias\/wp-content\/uploads\/2018\/07\/27752179_2013629332239962_4957182785158956532_n.jpg 960w, https:\/\/rednacionaldearte.com\/noticias\/wp-content\/uploads\/2018\/07\/27752179_2013629332239962_4957182785158956532_n-300x200.jpg 300w, https:\/\/rednacionaldearte.com\/noticias\/wp-content\/uploads\/2018\/07\/27752179_2013629332239962_4957182785158956532_n-768x512.jpg 768w, https:\/\/rednacionaldearte.com\/noticias\/wp-content\/uploads\/2018\/07\/27752179_2013629332239962_4957182785158956532_n-360x240.jpg 360w\" sizes=\"auto, (max-width: 960px) 100vw, 960px\" \/><\/a><figcaption class=\"caption wp-caption-text\">Foto: CEPRODAC.<\/figcaption><\/figure>\n<p>\u00abLa Arquitect\u00f3nica del Ser Esc\u00e9nico desde una \u00f3ptica del movimiento: motor-pulsi\u00f3n\u00bb iniciar\u00e1 este <strong>23 de julio<\/strong> en las instalaciones de <em>Dancefit, Impulso al talento de M\u00e9xico, A.C.<\/em><\/p>\n<p><strong>Ana Paula Ricalde<\/strong> es egresada de la Escuela Nacional de Danza Cl\u00e1sica y Contempor\u00e1nea ENDCC (INBA), directora del proyecto esc\u00e9nico Bipo. Bipo\/\/ Arte de acci\u00f3n desde 2013. Form\u00f3 parte del primer elenco de bailarines del CEPRODAC (2011-2013) Centro de Producci\u00f3n de Danza Contempor\u00e1nea, como int\u00e9rprete ha colaborado con diversas compa\u00f1\u00edas y core\u00f3grafos como UX onodanza Bizarra de Ra\u00fal Parrao, Alicia S\u00e1nchez, Gerardo Delgado, Vicente Silva, Alberto P\u00e9rez, Francisco C\u00f3rdova Azuela, Aladino R. Blanca, entre otros. Durante su estancia en Barcelona en 2013 desarrolla su investigaci\u00f3n docente -desde una \u00f3ptica del movimiento- , \u00abmotor- pulsi\u00f3n\u00bb con lo que ha impartido clases y talleres en diversos espacios nacionales e internacionales. Fu\u00e9 becaria del programa de creadores esc\u00e9nicos 2015-2016- FONCA. Actualmente seleccionada por segunda ocasi\u00f3n para formar parte del elenco de bailarines de CEPRODAC (2018).<\/p>\n<p>El Workshop ser\u00e1 de lunes a viernes de 7:30 a 9:30 p.m., del 23 al 27 de julio de 2018.<\/p>\n<p>Si quieres asistir, reg\u00edstrate en los siguientes sitios:<\/p>\n<p><a class=\"fasc-button fasc-size-medium fasc-type-flat fasc-ico-before dashicons-admin-page\" style=\"background-color: #3990b8; color: #ffffff;\" href=\"http:\/\/rednacionaldearte.com\/serescenico\/\">Registro<\/a><\/p>\n<p><a class=\"fasc-button fasc-size-medium fasc-type-flat fasc-ico-before dashicons-facebook\" style=\"background-color: #3990b8; color: #ffffff;\" href=\"https:\/\/www.facebook.com\/events\/251962918918581\/\">Evento en Facebook<\/a><\/p>\n","protected":false},"excerpt":{"rendered":"<p>La reconocida core\u00f3grafa Ana Paula Ricale impartir\u00e1 un nuevo workshop de danza contempor\u00e1nea en la capital del pa\u00eds. \u00abLa Arquitect\u00f3nica del Ser Esc\u00e9nico desde una \u00f3ptica del movimiento: motor-pulsi\u00f3n\u00bb iniciar\u00e1 este 23 de julio en las instalaciones de Dancefit, Impulso al talento de M\u00e9xico, A.C. Ana Paula Ricalde es egresada de la Escuela Nacional de [&hellip;]<\/p>\n","protected":false},"author":1,"featured_media":4356,"comment_status":"closed","ping_status":"open","sticky":false,"template":"","format":"standard","meta":{"footnotes":""},"categories":[103,43,58],"tags":[147],"class_list":["post-4355","post","type-post","status-publish","format-standard","has-post-thumbnail","hentry","category-artes-escenicas","category-cursos","category-danza","tag-ana-paula-ricalde"],"yoast_head":"<!-- This site is optimized with the Yoast SEO plugin v27.2 - https:\/\/yoast.com\/product\/yoast-seo-wordpress\/ -->\n<title>La Core\u00f3grafa y Bailarina Ana Paula Ricalde impartir\u00e1 nuevo Workshop en la CDMX - Red Nacional de Arte<\/title>\n<meta name=\"robots\" content=\"index, follow, max-snippet:-1, max-image-preview:large, max-video-preview:-1\" \/>\n<link rel=\"canonical\" href=\"http:\/\/rednacionaldearte.com\/noticias\/la-coreografa-y-bailarina-ana-paula-ricalde-impartira-nuevo-workshop-en-la-cdmx\/\" \/>\n<meta property=\"og:locale\" content=\"es_ES\" \/>\n<meta property=\"og:type\" content=\"article\" \/>\n<meta property=\"og:title\" content=\"La Core\u00f3grafa y Bailarina Ana Paula Ricalde impartir\u00e1 nuevo Workshop en la CDMX - Red Nacional de Arte\" \/>\n<meta property=\"og:description\" content=\"La reconocida core\u00f3grafa Ana Paula Ricale impartir\u00e1 un nuevo workshop de danza contempor\u00e1nea en la capital del pa\u00eds. \u00abLa Arquitect\u00f3nica del Ser Esc\u00e9nico desde una \u00f3ptica del movimiento: motor-pulsi\u00f3n\u00bb iniciar\u00e1 este 23 de julio en las instalaciones de Dancefit, Impulso al talento de M\u00e9xico, A.C. Ana Paula Ricalde es egresada de la Escuela Nacional de [&hellip;]\" \/>\n<meta property=\"og:url\" content=\"http:\/\/rednacionaldearte.com\/noticias\/la-coreografa-y-bailarina-ana-paula-ricalde-impartira-nuevo-workshop-en-la-cdmx\/\" \/>\n<meta property=\"og:site_name\" content=\"Red Nacional de Arte\" \/>\n<meta property=\"article:publisher\" content=\"http:\/\/www.facebook.com\/rednacionaldearte\/\" \/>\n<meta property=\"article:published_time\" content=\"2018-07-21T00:23:48+00:00\" \/>\n<meta property=\"og:image\" content=\"http:\/\/rednacionaldearte.com\/noticias\/wp-content\/uploads\/2018\/07\/27752179_2013629332239962_4957182785158956532_n.jpg\" \/>\n\t<meta property=\"og:image:width\" content=\"960\" \/>\n\t<meta property=\"og:image:height\" content=\"640\" \/>\n\t<meta property=\"og:image:type\" content=\"image\/jpeg\" \/>\n<meta name=\"author\" content=\"Redacci\u00f3n\" \/>\n<meta name=\"twitter:card\" content=\"summary_large_image\" \/>\n<meta name=\"twitter:creator\" content=\"@rednacionalarte\" \/>\n<meta name=\"twitter:site\" content=\"@rednacionalarte\" \/>\n<meta name=\"twitter:label1\" content=\"Escrito por\" \/>\n\t<meta name=\"twitter:data1\" content=\"Redacci\u00f3n\" \/>\n\t<meta name=\"twitter:label2\" content=\"Tiempo de lectura\" \/>\n\t<meta name=\"twitter:data2\" content=\"1 minuto\" \/>\n<script type=\"application\/ld+json\" class=\"yoast-schema-graph\">{\"@context\":\"https:\/\/schema.org\",\"@graph\":[{\"@type\":\"Article\",\"@id\":\"http:\/\/rednacionaldearte.com\/noticias\/la-coreografa-y-bailarina-ana-paula-ricalde-impartira-nuevo-workshop-en-la-cdmx\/#article\",\"isPartOf\":{\"@id\":\"http:\/\/rednacionaldearte.com\/noticias\/la-coreografa-y-bailarina-ana-paula-ricalde-impartira-nuevo-workshop-en-la-cdmx\/\"},\"author\":{\"name\":\"Redacci\u00f3n\",\"@id\":\"http:\/\/rednacionaldearte.com\/noticias\/#\/schema\/person\/489d635082b1de413434d2708a3e5b9b\"},\"headline\":\"La Core\u00f3grafa y Bailarina Ana Paula Ricalde impartir\u00e1 nuevo Workshop en la CDMX\",\"datePublished\":\"2018-07-21T00:23:48+00:00\",\"mainEntityOfPage\":{\"@id\":\"http:\/\/rednacionaldearte.com\/noticias\/la-coreografa-y-bailarina-ana-paula-ricalde-impartira-nuevo-workshop-en-la-cdmx\/\"},\"wordCount\":250,\"publisher\":{\"@id\":\"http:\/\/rednacionaldearte.com\/noticias\/#organization\"},\"image\":{\"@id\":\"http:\/\/rednacionaldearte.com\/noticias\/la-coreografa-y-bailarina-ana-paula-ricalde-impartira-nuevo-workshop-en-la-cdmx\/#primaryimage\"},\"thumbnailUrl\":\"https:\/\/rednacionaldearte.com\/noticias\/wp-content\/uploads\/2018\/07\/27752179_2013629332239962_4957182785158956532_n.jpg\",\"keywords\":[\"Ana Paula Ricalde\"],\"articleSection\":[\"Artes Esc\u00e9nicas\",\"Cursos\",\"Danza\"],\"inLanguage\":\"es\"},{\"@type\":\"WebPage\",\"@id\":\"http:\/\/rednacionaldearte.com\/noticias\/la-coreografa-y-bailarina-ana-paula-ricalde-impartira-nuevo-workshop-en-la-cdmx\/\",\"url\":\"http:\/\/rednacionaldearte.com\/noticias\/la-coreografa-y-bailarina-ana-paula-ricalde-impartira-nuevo-workshop-en-la-cdmx\/\",\"name\":\"La Core\u00f3grafa y Bailarina Ana Paula Ricalde impartir\u00e1 nuevo Workshop en la CDMX - Red Nacional de Arte\",\"isPartOf\":{\"@id\":\"http:\/\/rednacionaldearte.com\/noticias\/#website\"},\"primaryImageOfPage\":{\"@id\":\"http:\/\/rednacionaldearte.com\/noticias\/la-coreografa-y-bailarina-ana-paula-ricalde-impartira-nuevo-workshop-en-la-cdmx\/#primaryimage\"},\"image\":{\"@id\":\"http:\/\/rednacionaldearte.com\/noticias\/la-coreografa-y-bailarina-ana-paula-ricalde-impartira-nuevo-workshop-en-la-cdmx\/#primaryimage\"},\"thumbnailUrl\":\"https:\/\/rednacionaldearte.com\/noticias\/wp-content\/uploads\/2018\/07\/27752179_2013629332239962_4957182785158956532_n.jpg\",\"datePublished\":\"2018-07-21T00:23:48+00:00\",\"breadcrumb\":{\"@id\":\"http:\/\/rednacionaldearte.com\/noticias\/la-coreografa-y-bailarina-ana-paula-ricalde-impartira-nuevo-workshop-en-la-cdmx\/#breadcrumb\"},\"inLanguage\":\"es\",\"potentialAction\":[{\"@type\":\"ReadAction\",\"target\":[\"http:\/\/rednacionaldearte.com\/noticias\/la-coreografa-y-bailarina-ana-paula-ricalde-impartira-nuevo-workshop-en-la-cdmx\/\"]}]},{\"@type\":\"ImageObject\",\"inLanguage\":\"es\",\"@id\":\"http:\/\/rednacionaldearte.com\/noticias\/la-coreografa-y-bailarina-ana-paula-ricalde-impartira-nuevo-workshop-en-la-cdmx\/#primaryimage\",\"url\":\"https:\/\/rednacionaldearte.com\/noticias\/wp-content\/uploads\/2018\/07\/27752179_2013629332239962_4957182785158956532_n.jpg\",\"contentUrl\":\"https:\/\/rednacionaldearte.com\/noticias\/wp-content\/uploads\/2018\/07\/27752179_2013629332239962_4957182785158956532_n.jpg\",\"width\":960,\"height\":640,\"caption\":\"Foto: CEPRODAC.\"},{\"@type\":\"BreadcrumbList\",\"@id\":\"http:\/\/rednacionaldearte.com\/noticias\/la-coreografa-y-bailarina-ana-paula-ricalde-impartira-nuevo-workshop-en-la-cdmx\/#breadcrumb\",\"itemListElement\":[{\"@type\":\"ListItem\",\"position\":1,\"name\":\"Home\",\"item\":\"http:\/\/rednacionaldearte.com\/noticias\/\"},{\"@type\":\"ListItem\",\"position\":2,\"name\":\"La Core\u00f3grafa y Bailarina Ana Paula Ricalde impartir\u00e1 nuevo Workshop en la CDMX\"}]},{\"@type\":\"WebSite\",\"@id\":\"http:\/\/rednacionaldearte.com\/noticias\/#website\",\"url\":\"http:\/\/rednacionaldearte.com\/noticias\/\",\"name\":\"Red Nacional de Arte\",\"description\":\"Cultura y Arte contempor\u00e1neo en M\u00e9xico\",\"publisher\":{\"@id\":\"http:\/\/rednacionaldearte.com\/noticias\/#organization\"},\"potentialAction\":[{\"@type\":\"SearchAction\",\"target\":{\"@type\":\"EntryPoint\",\"urlTemplate\":\"http:\/\/rednacionaldearte.com\/noticias\/?s={search_term_string}\"},\"query-input\":{\"@type\":\"PropertyValueSpecification\",\"valueRequired\":true,\"valueName\":\"search_term_string\"}}],\"inLanguage\":\"es\"},{\"@type\":\"Organization\",\"@id\":\"http:\/\/rednacionaldearte.com\/noticias\/#organization\",\"name\":\"Red Nacional de Arte\",\"url\":\"http:\/\/rednacionaldearte.com\/noticias\/\",\"logo\":{\"@type\":\"ImageObject\",\"inLanguage\":\"es\",\"@id\":\"http:\/\/rednacionaldearte.com\/noticias\/#\/schema\/logo\/image\/\",\"url\":\"http:\/\/rednacionaldearte.com\/noticias\/wp-content\/uploads\/2016\/04\/logo.png\",\"contentUrl\":\"http:\/\/rednacionaldearte.com\/noticias\/wp-content\/uploads\/2016\/04\/logo.png\",\"width\":575,\"height\":554,\"caption\":\"Red Nacional de Arte\"},\"image\":{\"@id\":\"http:\/\/rednacionaldearte.com\/noticias\/#\/schema\/logo\/image\/\"},\"sameAs\":[\"http:\/\/www.facebook.com\/rednacionaldearte\/\",\"https:\/\/x.com\/rednacionalarte\"]},{\"@type\":\"Person\",\"@id\":\"http:\/\/rednacionaldearte.com\/noticias\/#\/schema\/person\/489d635082b1de413434d2708a3e5b9b\",\"name\":\"Redacci\u00f3n\",\"image\":{\"@type\":\"ImageObject\",\"inLanguage\":\"es\",\"@id\":\"https:\/\/secure.gravatar.com\/avatar\/1d1c30eaee7c2f6cfa13fb8502cb06839106cdf371b9953d50e4b572d0bfa3c7?s=96&d=mm&r=g\",\"url\":\"https:\/\/secure.gravatar.com\/avatar\/1d1c30eaee7c2f6cfa13fb8502cb06839106cdf371b9953d50e4b572d0bfa3c7?s=96&d=mm&r=g\",\"contentUrl\":\"https:\/\/secure.gravatar.com\/avatar\/1d1c30eaee7c2f6cfa13fb8502cb06839106cdf371b9953d50e4b572d0bfa3c7?s=96&d=mm&r=g\",\"caption\":\"Redacci\u00f3n\"},\"url\":\"https:\/\/rednacionaldearte.com\/noticias\/author\/adan\/\"}]}<\/script>\n<!-- \/ Yoast SEO plugin. -->","yoast_head_json":{"title":"La Core\u00f3grafa y Bailarina Ana Paula Ricalde impartir\u00e1 nuevo Workshop en la CDMX - Red Nacional de Arte","robots":{"index":"index","follow":"follow","max-snippet":"max-snippet:-1","max-image-preview":"max-image-preview:large","max-video-preview":"max-video-preview:-1"},"canonical":"http:\/\/rednacionaldearte.com\/noticias\/la-coreografa-y-bailarina-ana-paula-ricalde-impartira-nuevo-workshop-en-la-cdmx\/","og_locale":"es_ES","og_type":"article","og_title":"La Core\u00f3grafa y Bailarina Ana Paula Ricalde impartir\u00e1 nuevo Workshop en la CDMX - Red Nacional de Arte","og_description":"La reconocida core\u00f3grafa Ana Paula Ricale impartir\u00e1 un nuevo workshop de danza contempor\u00e1nea en la capital del pa\u00eds. \u00abLa Arquitect\u00f3nica del Ser Esc\u00e9nico desde una \u00f3ptica del movimiento: motor-pulsi\u00f3n\u00bb iniciar\u00e1 este 23 de julio en las instalaciones de Dancefit, Impulso al talento de M\u00e9xico, A.C. Ana Paula Ricalde es egresada de la Escuela Nacional de [&hellip;]","og_url":"http:\/\/rednacionaldearte.com\/noticias\/la-coreografa-y-bailarina-ana-paula-ricalde-impartira-nuevo-workshop-en-la-cdmx\/","og_site_name":"Red Nacional de Arte","article_publisher":"http:\/\/www.facebook.com\/rednacionaldearte\/","article_published_time":"2018-07-21T00:23:48+00:00","og_image":[{"width":960,"height":640,"url":"http:\/\/rednacionaldearte.com\/noticias\/wp-content\/uploads\/2018\/07\/27752179_2013629332239962_4957182785158956532_n.jpg","type":"image\/jpeg"}],"author":"Redacci\u00f3n","twitter_card":"summary_large_image","twitter_creator":"@rednacionalarte","twitter_site":"@rednacionalarte","twitter_misc":{"Escrito por":"Redacci\u00f3n","Tiempo de lectura":"1 minuto"},"schema":{"@context":"https:\/\/schema.org","@graph":[{"@type":"Article","@id":"http:\/\/rednacionaldearte.com\/noticias\/la-coreografa-y-bailarina-ana-paula-ricalde-impartira-nuevo-workshop-en-la-cdmx\/#article","isPartOf":{"@id":"http:\/\/rednacionaldearte.com\/noticias\/la-coreografa-y-bailarina-ana-paula-ricalde-impartira-nuevo-workshop-en-la-cdmx\/"},"author":{"name":"Redacci\u00f3n","@id":"http:\/\/rednacionaldearte.com\/noticias\/#\/schema\/person\/489d635082b1de413434d2708a3e5b9b"},"headline":"La Core\u00f3grafa y Bailarina Ana Paula Ricalde impartir\u00e1 nuevo Workshop en la CDMX","datePublished":"2018-07-21T00:23:48+00:00","mainEntityOfPage":{"@id":"http:\/\/rednacionaldearte.com\/noticias\/la-coreografa-y-bailarina-ana-paula-ricalde-impartira-nuevo-workshop-en-la-cdmx\/"},"wordCount":250,"publisher":{"@id":"http:\/\/rednacionaldearte.com\/noticias\/#organization"},"image":{"@id":"http:\/\/rednacionaldearte.com\/noticias\/la-coreografa-y-bailarina-ana-paula-ricalde-impartira-nuevo-workshop-en-la-cdmx\/#primaryimage"},"thumbnailUrl":"https:\/\/rednacionaldearte.com\/noticias\/wp-content\/uploads\/2018\/07\/27752179_2013629332239962_4957182785158956532_n.jpg","keywords":["Ana Paula Ricalde"],"articleSection":["Artes Esc\u00e9nicas","Cursos","Danza"],"inLanguage":"es"},{"@type":"WebPage","@id":"http:\/\/rednacionaldearte.com\/noticias\/la-coreografa-y-bailarina-ana-paula-ricalde-impartira-nuevo-workshop-en-la-cdmx\/","url":"http:\/\/rednacionaldearte.com\/noticias\/la-coreografa-y-bailarina-ana-paula-ricalde-impartira-nuevo-workshop-en-la-cdmx\/","name":"La Core\u00f3grafa y Bailarina Ana Paula Ricalde impartir\u00e1 nuevo Workshop en la CDMX - Red Nacional de Arte","isPartOf":{"@id":"http:\/\/rednacionaldearte.com\/noticias\/#website"},"primaryImageOfPage":{"@id":"http:\/\/rednacionaldearte.com\/noticias\/la-coreografa-y-bailarina-ana-paula-ricalde-impartira-nuevo-workshop-en-la-cdmx\/#primaryimage"},"image":{"@id":"http:\/\/rednacionaldearte.com\/noticias\/la-coreografa-y-bailarina-ana-paula-ricalde-impartira-nuevo-workshop-en-la-cdmx\/#primaryimage"},"thumbnailUrl":"https:\/\/rednacionaldearte.com\/noticias\/wp-content\/uploads\/2018\/07\/27752179_2013629332239962_4957182785158956532_n.jpg","datePublished":"2018-07-21T00:23:48+00:00","breadcrumb":{"@id":"http:\/\/rednacionaldearte.com\/noticias\/la-coreografa-y-bailarina-ana-paula-ricalde-impartira-nuevo-workshop-en-la-cdmx\/#breadcrumb"},"inLanguage":"es","potentialAction":[{"@type":"ReadAction","target":["http:\/\/rednacionaldearte.com\/noticias\/la-coreografa-y-bailarina-ana-paula-ricalde-impartira-nuevo-workshop-en-la-cdmx\/"]}]},{"@type":"ImageObject","inLanguage":"es","@id":"http:\/\/rednacionaldearte.com\/noticias\/la-coreografa-y-bailarina-ana-paula-ricalde-impartira-nuevo-workshop-en-la-cdmx\/#primaryimage","url":"https:\/\/rednacionaldearte.com\/noticias\/wp-content\/uploads\/2018\/07\/27752179_2013629332239962_4957182785158956532_n.jpg","contentUrl":"https:\/\/rednacionaldearte.com\/noticias\/wp-content\/uploads\/2018\/07\/27752179_2013629332239962_4957182785158956532_n.jpg","width":960,"height":640,"caption":"Foto: CEPRODAC."},{"@type":"BreadcrumbList","@id":"http:\/\/rednacionaldearte.com\/noticias\/la-coreografa-y-bailarina-ana-paula-ricalde-impartira-nuevo-workshop-en-la-cdmx\/#breadcrumb","itemListElement":[{"@type":"ListItem","position":1,"name":"Home","item":"http:\/\/rednacionaldearte.com\/noticias\/"},{"@type":"ListItem","position":2,"name":"La Core\u00f3grafa y Bailarina Ana Paula Ricalde impartir\u00e1 nuevo Workshop en la CDMX"}]},{"@type":"WebSite","@id":"http:\/\/rednacionaldearte.com\/noticias\/#website","url":"http:\/\/rednacionaldearte.com\/noticias\/","name":"Red Nacional de Arte","description":"Cultura y Arte contempor\u00e1neo en M\u00e9xico","publisher":{"@id":"http:\/\/rednacionaldearte.com\/noticias\/#organization"},"potentialAction":[{"@type":"SearchAction","target":{"@type":"EntryPoint","urlTemplate":"http:\/\/rednacionaldearte.com\/noticias\/?s={search_term_string}"},"query-input":{"@type":"PropertyValueSpecification","valueRequired":true,"valueName":"search_term_string"}}],"inLanguage":"es"},{"@type":"Organization","@id":"http:\/\/rednacionaldearte.com\/noticias\/#organization","name":"Red Nacional de Arte","url":"http:\/\/rednacionaldearte.com\/noticias\/","logo":{"@type":"ImageObject","inLanguage":"es","@id":"http:\/\/rednacionaldearte.com\/noticias\/#\/schema\/logo\/image\/","url":"http:\/\/rednacionaldearte.com\/noticias\/wp-content\/uploads\/2016\/04\/logo.png","contentUrl":"http:\/\/rednacionaldearte.com\/noticias\/wp-content\/uploads\/2016\/04\/logo.png","width":575,"height":554,"caption":"Red Nacional de Arte"},"image":{"@id":"http:\/\/rednacionaldearte.com\/noticias\/#\/schema\/logo\/image\/"},"sameAs":["http:\/\/www.facebook.com\/rednacionaldearte\/","https:\/\/x.com\/rednacionalarte"]},{"@type":"Person","@id":"http:\/\/rednacionaldearte.com\/noticias\/#\/schema\/person\/489d635082b1de413434d2708a3e5b9b","name":"Redacci\u00f3n","image":{"@type":"ImageObject","inLanguage":"es","@id":"https:\/\/secure.gravatar.com\/avatar\/1d1c30eaee7c2f6cfa13fb8502cb06839106cdf371b9953d50e4b572d0bfa3c7?s=96&d=mm&r=g","url":"https:\/\/secure.gravatar.com\/avatar\/1d1c30eaee7c2f6cfa13fb8502cb06839106cdf371b9953d50e4b572d0bfa3c7?s=96&d=mm&r=g","contentUrl":"https:\/\/secure.gravatar.com\/avatar\/1d1c30eaee7c2f6cfa13fb8502cb06839106cdf371b9953d50e4b572d0bfa3c7?s=96&d=mm&r=g","caption":"Redacci\u00f3n"},"url":"https:\/\/rednacionaldearte.com\/noticias\/author\/adan\/"}]}},"amp_validity":null,"amp_enabled":true,"_links":{"self":[{"href":"https:\/\/rednacionaldearte.com\/noticias\/wp-json\/wp\/v2\/posts\/4355","targetHints":{"allow":["GET"]}}],"collection":[{"href":"https:\/\/rednacionaldearte.com\/noticias\/wp-json\/wp\/v2\/posts"}],"about":[{"href":"https:\/\/rednacionaldearte.com\/noticias\/wp-json\/wp\/v2\/types\/post"}],"author":[{"embeddable":true,"href":"https:\/\/rednacionaldearte.com\/noticias\/wp-json\/wp\/v2\/users\/1"}],"replies":[{"embeddable":true,"href":"https:\/\/rednacionaldearte.com\/noticias\/wp-json\/wp\/v2\/comments?post=4355"}],"version-history":[{"count":1,"href":"https:\/\/rednacionaldearte.com\/noticias\/wp-json\/wp\/v2\/posts\/4355\/revisions"}],"predecessor-version":[{"id":4357,"href":"https:\/\/rednacionaldearte.com\/noticias\/wp-json\/wp\/v2\/posts\/4355\/revisions\/4357"}],"wp:featuredmedia":[{"embeddable":true,"href":"https:\/\/rednacionaldearte.com\/noticias\/wp-json\/wp\/v2\/media\/4356"}],"wp:attachment":[{"href":"https:\/\/rednacionaldearte.com\/noticias\/wp-json\/wp\/v2\/media?parent=4355"}],"wp:term":[{"taxonomy":"category","embeddable":true,"href":"https:\/\/rednacionaldearte.com\/noticias\/wp-json\/wp\/v2\/categories?post=4355"},{"taxonomy":"post_tag","embeddable":true,"href":"https:\/\/rednacionaldearte.com\/noticias\/wp-json\/wp\/v2\/tags?post=4355"}],"curies":[{"name":"wp","href":"https:\/\/api.w.org\/{rel}","templated":true}]}}