{"id":4359,"date":"2018-08-04T01:05:49","date_gmt":"2018-08-04T01:05:49","guid":{"rendered":"http:\/\/rednacionaldearte.com\/noticias\/?p=4359"},"modified":"2020-04-05T18:19:02","modified_gmt":"2020-04-05T18:19:02","slug":"inauguracion-horizontes-urbanos","status":"publish","type":"post","link":"https:\/\/rednacionaldearte.com\/noticias\/inauguracion-horizontes-urbanos\/","title":{"rendered":"Inauguraci\u00f3n de Horizontes Urbanos en Casa Chihuahua CDMX"},"content":{"rendered":"<h2>El pasado 2 de agosto tuvo lugar la inauguraci\u00f3n de la quinta exhibici\u00f3n organizada por Red Nacional de Arte, \u00ab<strong>Horizontes Urbanos<\/strong>\u00ab.<\/h2>\n<p>En la Casa Chihuahua CDMX se dieron cita fot\u00f3grafos nacionales y extranjeros para abrir la exhibici\u00f3n, que podr\u00e1 ser visitada durante todo el mes de agosto en la colonia Roma de la capital mexicana.<\/p>\n<p>Los fot\u00f3grafos participantes son: Alejandro Quezada, Eric Gonz\u00e1lez \u00c1vila, Fabiola Gonz\u00e1lez Franco, Karla Mart\u00ednez, Karina Pampo, Alejandro P\u00e9rez Ayala, Ricardo A. Ramos, Sara Guerra, Adolfo Arenas, Jos\u00e9 Manuel Quijano, Sahiye Cruz Villegas, Andres Carmona Arango, Tsade Trigo Maga\u00f1a, Alejandro Garc\u00eda Arce, Alain Quiterio, Tamara Blazquez, H\u00e9ctor Ruiz Cabrera, Nayeli J. Camarena, Anabel Morey, Moni McCumber, Georgina Chapa, Jose Luis Chacon, H\u00e9ctor Neri Cano, Ad\u00e1n Ruiz, Yaatzil Ceballos, Sarah Salcido, Ernesto Mendoza, Mildred Camba, Paco M. del Campo, Daniel Alexander, Anaid Gonz\u00e1lez S\u00e1enz, Pablo Jim\u00e9nez Ortega, Estrella Morales, Barbara Barrera y Alfonso L\u00e1zquez.<\/p>\n<p>Agradecemos a la Representaci\u00f3n del Gobierno de Chihuahua en la Ciudad de M\u00e9xico, a Rogelio Coyotl Tepale,\u00a0Yuki Pastrana, Susana de la Garza, Beatriz Garc\u00eda Acevedo, Daniel Reveles, Evelyn Ruiz Banderas, Saul Sandoval, Erandi Zepeda, Marco Antonio Sandoval y Emilia Corona Rivera.<\/p>\n<p>Podr\u00e1n encontrar algunas de las piezas a la venta y m\u00e1s informaci\u00f3n sobre la exposici\u00f3n en <a href=\"https:\/\/rednacionaldearte.com\/horizontesurbanos\">el micrositio<\/a>.<\/p>\n<p>Im\u00e1genes del evento, cortes\u00eda de Casa Chihuahua CDMX y Yeyo Bayeyo Higareda:<a href=\"http:\/\/rednacionaldearte.com\/noticias\/wp-content\/uploads\/2018\/08\/casa-ch.jpg\"><img loading=\"lazy\" decoding=\"async\" class=\"aligncenter size-full wp-image-4361\" src=\"http:\/\/rednacionaldearte.com\/noticias\/wp-content\/uploads\/2018\/08\/casa-ch.jpg\" alt=\"\" width=\"960\" height=\"540\" srcset=\"https:\/\/rednacionaldearte.com\/noticias\/wp-content\/uploads\/2018\/08\/casa-ch.jpg 960w, https:\/\/rednacionaldearte.com\/noticias\/wp-content\/uploads\/2018\/08\/casa-ch-300x169.jpg 300w, https:\/\/rednacionaldearte.com\/noticias\/wp-content\/uploads\/2018\/08\/casa-ch-768x432.jpg 768w\" sizes=\"auto, (max-width: 960px) 100vw, 960px\" \/><\/a> <a href=\"http:\/\/rednacionaldearte.com\/noticias\/wp-content\/uploads\/2018\/08\/IMG_7693.jpg\"><img loading=\"lazy\" decoding=\"async\" class=\"aligncenter size-full wp-image-4363\" src=\"http:\/\/rednacionaldearte.com\/noticias\/wp-content\/uploads\/2018\/08\/IMG_7693.jpg\" alt=\"\" width=\"5184\" height=\"3456\" srcset=\"https:\/\/rednacionaldearte.com\/noticias\/wp-content\/uploads\/2018\/08\/IMG_7693.jpg 5184w, https:\/\/rednacionaldearte.com\/noticias\/wp-content\/uploads\/2018\/08\/IMG_7693-300x200.jpg 300w, https:\/\/rednacionaldearte.com\/noticias\/wp-content\/uploads\/2018\/08\/IMG_7693-768x512.jpg 768w, https:\/\/rednacionaldearte.com\/noticias\/wp-content\/uploads\/2018\/08\/IMG_7693-1024x683.jpg 1024w, https:\/\/rednacionaldearte.com\/noticias\/wp-content\/uploads\/2018\/08\/IMG_7693-360x240.jpg 360w\" sizes=\"auto, (max-width: 5184px) 100vw, 5184px\" \/><\/a> <a href=\"http:\/\/rednacionaldearte.com\/noticias\/wp-content\/uploads\/2018\/08\/IMG_7694.jpg\"><img loading=\"lazy\" decoding=\"async\" class=\"aligncenter size-full wp-image-4364\" src=\"http:\/\/rednacionaldearte.com\/noticias\/wp-content\/uploads\/2018\/08\/IMG_7694.jpg\" alt=\"\" width=\"5184\" height=\"3456\" srcset=\"https:\/\/rednacionaldearte.com\/noticias\/wp-content\/uploads\/2018\/08\/IMG_7694.jpg 5184w, https:\/\/rednacionaldearte.com\/noticias\/wp-content\/uploads\/2018\/08\/IMG_7694-300x200.jpg 300w, https:\/\/rednacionaldearte.com\/noticias\/wp-content\/uploads\/2018\/08\/IMG_7694-768x512.jpg 768w, https:\/\/rednacionaldearte.com\/noticias\/wp-content\/uploads\/2018\/08\/IMG_7694-1024x683.jpg 1024w, https:\/\/rednacionaldearte.com\/noticias\/wp-content\/uploads\/2018\/08\/IMG_7694-360x240.jpg 360w\" sizes=\"auto, (max-width: 5184px) 100vw, 5184px\" \/><\/a><\/p>\n<p><a href=\"http:\/\/rednacionaldearte.com\/noticias\/wp-content\/uploads\/2018\/08\/casa-c.jpg\"><img loading=\"lazy\" decoding=\"async\" class=\"aligncenter size-full wp-image-4360\" src=\"http:\/\/rednacionaldearte.com\/noticias\/wp-content\/uploads\/2018\/08\/casa-c.jpg\" alt=\"Horizontes Urbanos\" width=\"960\" height=\"540\" srcset=\"https:\/\/rednacionaldearte.com\/noticias\/wp-content\/uploads\/2018\/08\/casa-c.jpg 960w, https:\/\/rednacionaldearte.com\/noticias\/wp-content\/uploads\/2018\/08\/casa-c-300x169.jpg 300w, https:\/\/rednacionaldearte.com\/noticias\/wp-content\/uploads\/2018\/08\/casa-c-768x432.jpg 768w\" sizes=\"auto, (max-width: 960px) 100vw, 960px\" \/><\/a> <a href=\"http:\/\/rednacionaldearte.com\/noticias\/wp-content\/uploads\/2018\/08\/IMG_7698.jpg\"><img loading=\"lazy\" decoding=\"async\" class=\"aligncenter size-full wp-image-4365\" src=\"http:\/\/rednacionaldearte.com\/noticias\/wp-content\/uploads\/2018\/08\/IMG_7698.jpg\" alt=\"\" width=\"5184\" height=\"3456\" srcset=\"https:\/\/rednacionaldearte.com\/noticias\/wp-content\/uploads\/2018\/08\/IMG_7698.jpg 5184w, https:\/\/rednacionaldearte.com\/noticias\/wp-content\/uploads\/2018\/08\/IMG_7698-300x200.jpg 300w, https:\/\/rednacionaldearte.com\/noticias\/wp-content\/uploads\/2018\/08\/IMG_7698-768x512.jpg 768w, https:\/\/rednacionaldearte.com\/noticias\/wp-content\/uploads\/2018\/08\/IMG_7698-1024x683.jpg 1024w, https:\/\/rednacionaldearte.com\/noticias\/wp-content\/uploads\/2018\/08\/IMG_7698-360x240.jpg 360w\" sizes=\"auto, (max-width: 5184px) 100vw, 5184px\" \/><\/a> <a href=\"http:\/\/rednacionaldearte.com\/noticias\/wp-content\/uploads\/2018\/08\/IMG_7699.jpg\"><img loading=\"lazy\" decoding=\"async\" class=\"aligncenter size-full wp-image-4366\" src=\"http:\/\/rednacionaldearte.com\/noticias\/wp-content\/uploads\/2018\/08\/IMG_7699.jpg\" alt=\"\" width=\"5184\" height=\"3456\" srcset=\"https:\/\/rednacionaldearte.com\/noticias\/wp-content\/uploads\/2018\/08\/IMG_7699.jpg 5184w, https:\/\/rednacionaldearte.com\/noticias\/wp-content\/uploads\/2018\/08\/IMG_7699-300x200.jpg 300w, https:\/\/rednacionaldearte.com\/noticias\/wp-content\/uploads\/2018\/08\/IMG_7699-768x512.jpg 768w, https:\/\/rednacionaldearte.com\/noticias\/wp-content\/uploads\/2018\/08\/IMG_7699-1024x683.jpg 1024w, https:\/\/rednacionaldearte.com\/noticias\/wp-content\/uploads\/2018\/08\/IMG_7699-360x240.jpg 360w\" sizes=\"auto, (max-width: 5184px) 100vw, 5184px\" \/><\/a> <a href=\"http:\/\/rednacionaldearte.com\/noticias\/wp-content\/uploads\/2018\/08\/IMG_7700.jpg\"><img loading=\"lazy\" decoding=\"async\" class=\"aligncenter size-full wp-image-4367\" src=\"http:\/\/rednacionaldearte.com\/noticias\/wp-content\/uploads\/2018\/08\/IMG_7700.jpg\" alt=\"\" width=\"5184\" height=\"3456\" srcset=\"https:\/\/rednacionaldearte.com\/noticias\/wp-content\/uploads\/2018\/08\/IMG_7700.jpg 5184w, https:\/\/rednacionaldearte.com\/noticias\/wp-content\/uploads\/2018\/08\/IMG_7700-300x200.jpg 300w, https:\/\/rednacionaldearte.com\/noticias\/wp-content\/uploads\/2018\/08\/IMG_7700-768x512.jpg 768w, https:\/\/rednacionaldearte.com\/noticias\/wp-content\/uploads\/2018\/08\/IMG_7700-1024x683.jpg 1024w, https:\/\/rednacionaldearte.com\/noticias\/wp-content\/uploads\/2018\/08\/IMG_7700-360x240.jpg 360w\" sizes=\"auto, (max-width: 5184px) 100vw, 5184px\" \/><\/a> <a href=\"http:\/\/rednacionaldearte.com\/noticias\/wp-content\/uploads\/2018\/08\/IMG_7702.jpg\"><img loading=\"lazy\" decoding=\"async\" class=\"aligncenter size-full wp-image-4368\" src=\"http:\/\/rednacionaldearte.com\/noticias\/wp-content\/uploads\/2018\/08\/IMG_7702.jpg\" alt=\"\" width=\"5184\" height=\"3456\" srcset=\"https:\/\/rednacionaldearte.com\/noticias\/wp-content\/uploads\/2018\/08\/IMG_7702.jpg 5184w, https:\/\/rednacionaldearte.com\/noticias\/wp-content\/uploads\/2018\/08\/IMG_7702-300x200.jpg 300w, https:\/\/rednacionaldearte.com\/noticias\/wp-content\/uploads\/2018\/08\/IMG_7702-768x512.jpg 768w, https:\/\/rednacionaldearte.com\/noticias\/wp-content\/uploads\/2018\/08\/IMG_7702-1024x683.jpg 1024w, https:\/\/rednacionaldearte.com\/noticias\/wp-content\/uploads\/2018\/08\/IMG_7702-360x240.jpg 360w\" sizes=\"auto, (max-width: 5184px) 100vw, 5184px\" \/><\/a> <a href=\"http:\/\/rednacionaldearte.com\/noticias\/wp-content\/uploads\/2018\/08\/IMG_7706.jpg\"><img loading=\"lazy\" decoding=\"async\" class=\"aligncenter size-full wp-image-4369\" src=\"http:\/\/rednacionaldearte.com\/noticias\/wp-content\/uploads\/2018\/08\/IMG_7706.jpg\" alt=\"\" width=\"5184\" height=\"3456\" srcset=\"https:\/\/rednacionaldearte.com\/noticias\/wp-content\/uploads\/2018\/08\/IMG_7706.jpg 5184w, https:\/\/rednacionaldearte.com\/noticias\/wp-content\/uploads\/2018\/08\/IMG_7706-300x200.jpg 300w, https:\/\/rednacionaldearte.com\/noticias\/wp-content\/uploads\/2018\/08\/IMG_7706-768x512.jpg 768w, https:\/\/rednacionaldearte.com\/noticias\/wp-content\/uploads\/2018\/08\/IMG_7706-1024x683.jpg 1024w, https:\/\/rednacionaldearte.com\/noticias\/wp-content\/uploads\/2018\/08\/IMG_7706-360x240.jpg 360w\" sizes=\"auto, (max-width: 5184px) 100vw, 5184px\" \/><\/a> <a href=\"http:\/\/rednacionaldearte.com\/noticias\/wp-content\/uploads\/2018\/08\/IMG_7708.jpg\"><img loading=\"lazy\" decoding=\"async\" class=\"aligncenter size-full wp-image-4370\" src=\"http:\/\/rednacionaldearte.com\/noticias\/wp-content\/uploads\/2018\/08\/IMG_7708.jpg\" alt=\"\" width=\"5184\" height=\"3456\" srcset=\"https:\/\/rednacionaldearte.com\/noticias\/wp-content\/uploads\/2018\/08\/IMG_7708.jpg 5184w, https:\/\/rednacionaldearte.com\/noticias\/wp-content\/uploads\/2018\/08\/IMG_7708-300x200.jpg 300w, https:\/\/rednacionaldearte.com\/noticias\/wp-content\/uploads\/2018\/08\/IMG_7708-768x512.jpg 768w, https:\/\/rednacionaldearte.com\/noticias\/wp-content\/uploads\/2018\/08\/IMG_7708-1024x683.jpg 1024w, https:\/\/rednacionaldearte.com\/noticias\/wp-content\/uploads\/2018\/08\/IMG_7708-360x240.jpg 360w\" sizes=\"auto, (max-width: 5184px) 100vw, 5184px\" \/><\/a> <a href=\"http:\/\/rednacionaldearte.com\/noticias\/wp-content\/uploads\/2018\/08\/IMG_7710.jpg\"><img loading=\"lazy\" decoding=\"async\" class=\"aligncenter size-full wp-image-4371\" src=\"http:\/\/rednacionaldearte.com\/noticias\/wp-content\/uploads\/2018\/08\/IMG_7710.jpg\" alt=\"\" width=\"5184\" height=\"3456\" srcset=\"https:\/\/rednacionaldearte.com\/noticias\/wp-content\/uploads\/2018\/08\/IMG_7710.jpg 5184w, https:\/\/rednacionaldearte.com\/noticias\/wp-content\/uploads\/2018\/08\/IMG_7710-300x200.jpg 300w, https:\/\/rednacionaldearte.com\/noticias\/wp-content\/uploads\/2018\/08\/IMG_7710-768x512.jpg 768w, https:\/\/rednacionaldearte.com\/noticias\/wp-content\/uploads\/2018\/08\/IMG_7710-1024x683.jpg 1024w, https:\/\/rednacionaldearte.com\/noticias\/wp-content\/uploads\/2018\/08\/IMG_7710-360x240.jpg 360w\" sizes=\"auto, (max-width: 5184px) 100vw, 5184px\" \/><\/a> <a href=\"http:\/\/rednacionaldearte.com\/noticias\/wp-content\/uploads\/2018\/08\/IMG_7712.jpg\"><img loading=\"lazy\" decoding=\"async\" class=\"aligncenter size-full wp-image-4372\" src=\"http:\/\/rednacionaldearte.com\/noticias\/wp-content\/uploads\/2018\/08\/IMG_7712.jpg\" alt=\"\" width=\"5184\" height=\"3456\" srcset=\"https:\/\/rednacionaldearte.com\/noticias\/wp-content\/uploads\/2018\/08\/IMG_7712.jpg 5184w, https:\/\/rednacionaldearte.com\/noticias\/wp-content\/uploads\/2018\/08\/IMG_7712-300x200.jpg 300w, https:\/\/rednacionaldearte.com\/noticias\/wp-content\/uploads\/2018\/08\/IMG_7712-768x512.jpg 768w, https:\/\/rednacionaldearte.com\/noticias\/wp-content\/uploads\/2018\/08\/IMG_7712-1024x683.jpg 1024w, https:\/\/rednacionaldearte.com\/noticias\/wp-content\/uploads\/2018\/08\/IMG_7712-360x240.jpg 360w\" sizes=\"auto, (max-width: 5184px) 100vw, 5184px\" \/><\/a> <a href=\"http:\/\/rednacionaldearte.com\/noticias\/wp-content\/uploads\/2018\/08\/IMG_7713.jpg\"><img loading=\"lazy\" decoding=\"async\" class=\"aligncenter size-full wp-image-4373\" src=\"http:\/\/rednacionaldearte.com\/noticias\/wp-content\/uploads\/2018\/08\/IMG_7713.jpg\" alt=\"\" width=\"5184\" height=\"3456\" srcset=\"https:\/\/rednacionaldearte.com\/noticias\/wp-content\/uploads\/2018\/08\/IMG_7713.jpg 5184w, https:\/\/rednacionaldearte.com\/noticias\/wp-content\/uploads\/2018\/08\/IMG_7713-300x200.jpg 300w, https:\/\/rednacionaldearte.com\/noticias\/wp-content\/uploads\/2018\/08\/IMG_7713-768x512.jpg 768w, https:\/\/rednacionaldearte.com\/noticias\/wp-content\/uploads\/2018\/08\/IMG_7713-1024x683.jpg 1024w, https:\/\/rednacionaldearte.com\/noticias\/wp-content\/uploads\/2018\/08\/IMG_7713-360x240.jpg 360w\" sizes=\"auto, (max-width: 5184px) 100vw, 5184px\" \/><\/a> <a href=\"http:\/\/rednacionaldearte.com\/noticias\/wp-content\/uploads\/2018\/08\/IMG_7714.jpg\"><img loading=\"lazy\" decoding=\"async\" class=\"aligncenter size-full wp-image-4374\" src=\"http:\/\/rednacionaldearte.com\/noticias\/wp-content\/uploads\/2018\/08\/IMG_7714.jpg\" alt=\"\" width=\"5184\" height=\"3456\" srcset=\"https:\/\/rednacionaldearte.com\/noticias\/wp-content\/uploads\/2018\/08\/IMG_7714.jpg 5184w, https:\/\/rednacionaldearte.com\/noticias\/wp-content\/uploads\/2018\/08\/IMG_7714-300x200.jpg 300w, https:\/\/rednacionaldearte.com\/noticias\/wp-content\/uploads\/2018\/08\/IMG_7714-768x512.jpg 768w, https:\/\/rednacionaldearte.com\/noticias\/wp-content\/uploads\/2018\/08\/IMG_7714-1024x683.jpg 1024w, https:\/\/rednacionaldearte.com\/noticias\/wp-content\/uploads\/2018\/08\/IMG_7714-360x240.jpg 360w\" sizes=\"auto, (max-width: 5184px) 100vw, 5184px\" \/><\/a> <a href=\"http:\/\/rednacionaldearte.com\/noticias\/wp-content\/uploads\/2018\/08\/IMG_7715.jpg\"><img loading=\"lazy\" decoding=\"async\" class=\"aligncenter size-full wp-image-4375\" src=\"http:\/\/rednacionaldearte.com\/noticias\/wp-content\/uploads\/2018\/08\/IMG_7715.jpg\" alt=\"\" width=\"5184\" height=\"3456\" srcset=\"https:\/\/rednacionaldearte.com\/noticias\/wp-content\/uploads\/2018\/08\/IMG_7715.jpg 5184w, https:\/\/rednacionaldearte.com\/noticias\/wp-content\/uploads\/2018\/08\/IMG_7715-300x200.jpg 300w, https:\/\/rednacionaldearte.com\/noticias\/wp-content\/uploads\/2018\/08\/IMG_7715-768x512.jpg 768w, https:\/\/rednacionaldearte.com\/noticias\/wp-content\/uploads\/2018\/08\/IMG_7715-1024x683.jpg 1024w, https:\/\/rednacionaldearte.com\/noticias\/wp-content\/uploads\/2018\/08\/IMG_7715-360x240.jpg 360w\" sizes=\"auto, (max-width: 5184px) 100vw, 5184px\" \/><\/a> <a href=\"http:\/\/rednacionaldearte.com\/noticias\/wp-content\/uploads\/2018\/08\/IMG_7717.jpg\"><img loading=\"lazy\" decoding=\"async\" class=\"aligncenter size-full wp-image-4376\" src=\"http:\/\/rednacionaldearte.com\/noticias\/wp-content\/uploads\/2018\/08\/IMG_7717.jpg\" alt=\"\" width=\"5184\" height=\"3456\" srcset=\"https:\/\/rednacionaldearte.com\/noticias\/wp-content\/uploads\/2018\/08\/IMG_7717.jpg 5184w, https:\/\/rednacionaldearte.com\/noticias\/wp-content\/uploads\/2018\/08\/IMG_7717-300x200.jpg 300w, https:\/\/rednacionaldearte.com\/noticias\/wp-content\/uploads\/2018\/08\/IMG_7717-768x512.jpg 768w, https:\/\/rednacionaldearte.com\/noticias\/wp-content\/uploads\/2018\/08\/IMG_7717-1024x683.jpg 1024w, https:\/\/rednacionaldearte.com\/noticias\/wp-content\/uploads\/2018\/08\/IMG_7717-360x240.jpg 360w\" sizes=\"auto, (max-width: 5184px) 100vw, 5184px\" \/><\/a> <a href=\"http:\/\/rednacionaldearte.com\/noticias\/wp-content\/uploads\/2018\/08\/IMG_7722.jpg\"><img loading=\"lazy\" decoding=\"async\" class=\"aligncenter size-full wp-image-4377\" src=\"http:\/\/rednacionaldearte.com\/noticias\/wp-content\/uploads\/2018\/08\/IMG_7722.jpg\" alt=\"\" width=\"4738\" height=\"3159\" srcset=\"https:\/\/rednacionaldearte.com\/noticias\/wp-content\/uploads\/2018\/08\/IMG_7722.jpg 4738w, https:\/\/rednacionaldearte.com\/noticias\/wp-content\/uploads\/2018\/08\/IMG_7722-300x200.jpg 300w, https:\/\/rednacionaldearte.com\/noticias\/wp-content\/uploads\/2018\/08\/IMG_7722-768x512.jpg 768w, https:\/\/rednacionaldearte.com\/noticias\/wp-content\/uploads\/2018\/08\/IMG_7722-1024x683.jpg 1024w, https:\/\/rednacionaldearte.com\/noticias\/wp-content\/uploads\/2018\/08\/IMG_7722-360x240.jpg 360w\" sizes=\"auto, (max-width: 4738px) 100vw, 4738px\" \/><\/a> <a href=\"http:\/\/rednacionaldearte.com\/noticias\/wp-content\/uploads\/2018\/08\/IMG_7723.jpg\"><img loading=\"lazy\" decoding=\"async\" class=\"aligncenter size-full wp-image-4378\" src=\"http:\/\/rednacionaldearte.com\/noticias\/wp-content\/uploads\/2018\/08\/IMG_7723.jpg\" alt=\"\" width=\"5184\" height=\"3456\" srcset=\"https:\/\/rednacionaldearte.com\/noticias\/wp-content\/uploads\/2018\/08\/IMG_7723.jpg 5184w, https:\/\/rednacionaldearte.com\/noticias\/wp-content\/uploads\/2018\/08\/IMG_7723-300x200.jpg 300w, https:\/\/rednacionaldearte.com\/noticias\/wp-content\/uploads\/2018\/08\/IMG_7723-768x512.jpg 768w, https:\/\/rednacionaldearte.com\/noticias\/wp-content\/uploads\/2018\/08\/IMG_7723-1024x683.jpg 1024w, https:\/\/rednacionaldearte.com\/noticias\/wp-content\/uploads\/2018\/08\/IMG_7723-360x240.jpg 360w\" sizes=\"auto, (max-width: 5184px) 100vw, 5184px\" \/><\/a> <a href=\"http:\/\/rednacionaldearte.com\/noticias\/wp-content\/uploads\/2018\/08\/IMG_7724.jpg\"><img loading=\"lazy\" decoding=\"async\" class=\"aligncenter size-full wp-image-4379\" src=\"http:\/\/rednacionaldearte.com\/noticias\/wp-content\/uploads\/2018\/08\/IMG_7724.jpg\" alt=\"\" width=\"5184\" height=\"3456\" srcset=\"https:\/\/rednacionaldearte.com\/noticias\/wp-content\/uploads\/2018\/08\/IMG_7724.jpg 5184w, https:\/\/rednacionaldearte.com\/noticias\/wp-content\/uploads\/2018\/08\/IMG_7724-300x200.jpg 300w, https:\/\/rednacionaldearte.com\/noticias\/wp-content\/uploads\/2018\/08\/IMG_7724-768x512.jpg 768w, https:\/\/rednacionaldearte.com\/noticias\/wp-content\/uploads\/2018\/08\/IMG_7724-1024x683.jpg 1024w, https:\/\/rednacionaldearte.com\/noticias\/wp-content\/uploads\/2018\/08\/IMG_7724-360x240.jpg 360w\" sizes=\"auto, (max-width: 5184px) 100vw, 5184px\" \/><\/a> <a href=\"http:\/\/rednacionaldearte.com\/noticias\/wp-content\/uploads\/2018\/08\/IMG_7728.jpg\"><img loading=\"lazy\" decoding=\"async\" class=\"aligncenter size-full wp-image-4380\" src=\"http:\/\/rednacionaldearte.com\/noticias\/wp-content\/uploads\/2018\/08\/IMG_7728.jpg\" alt=\"\" width=\"5184\" height=\"3456\" srcset=\"https:\/\/rednacionaldearte.com\/noticias\/wp-content\/uploads\/2018\/08\/IMG_7728.jpg 5184w, https:\/\/rednacionaldearte.com\/noticias\/wp-content\/uploads\/2018\/08\/IMG_7728-300x200.jpg 300w, https:\/\/rednacionaldearte.com\/noticias\/wp-content\/uploads\/2018\/08\/IMG_7728-768x512.jpg 768w, https:\/\/rednacionaldearte.com\/noticias\/wp-content\/uploads\/2018\/08\/IMG_7728-1024x683.jpg 1024w, https:\/\/rednacionaldearte.com\/noticias\/wp-content\/uploads\/2018\/08\/IMG_7728-360x240.jpg 360w\" sizes=\"auto, (max-width: 5184px) 100vw, 5184px\" \/><\/a> <a href=\"http:\/\/rednacionaldearte.com\/noticias\/wp-content\/uploads\/2018\/08\/IMG_7730.jpg\"><img loading=\"lazy\" decoding=\"async\" class=\"aligncenter size-full wp-image-4381\" src=\"http:\/\/rednacionaldearte.com\/noticias\/wp-content\/uploads\/2018\/08\/IMG_7730.jpg\" alt=\"\" width=\"5184\" height=\"3456\" srcset=\"https:\/\/rednacionaldearte.com\/noticias\/wp-content\/uploads\/2018\/08\/IMG_7730.jpg 5184w, https:\/\/rednacionaldearte.com\/noticias\/wp-content\/uploads\/2018\/08\/IMG_7730-300x200.jpg 300w, https:\/\/rednacionaldearte.com\/noticias\/wp-content\/uploads\/2018\/08\/IMG_7730-768x512.jpg 768w, https:\/\/rednacionaldearte.com\/noticias\/wp-content\/uploads\/2018\/08\/IMG_7730-1024x683.jpg 1024w, https:\/\/rednacionaldearte.com\/noticias\/wp-content\/uploads\/2018\/08\/IMG_7730-360x240.jpg 360w\" sizes=\"auto, (max-width: 5184px) 100vw, 5184px\" \/><\/a> <a href=\"http:\/\/rednacionaldearte.com\/noticias\/wp-content\/uploads\/2018\/08\/IMG_7732.jpg\"><img loading=\"lazy\" decoding=\"async\" class=\"aligncenter size-full wp-image-4382\" src=\"http:\/\/rednacionaldearte.com\/noticias\/wp-content\/uploads\/2018\/08\/IMG_7732.jpg\" alt=\"\" width=\"5184\" height=\"3456\" srcset=\"https:\/\/rednacionaldearte.com\/noticias\/wp-content\/uploads\/2018\/08\/IMG_7732.jpg 5184w, https:\/\/rednacionaldearte.com\/noticias\/wp-content\/uploads\/2018\/08\/IMG_7732-300x200.jpg 300w, https:\/\/rednacionaldearte.com\/noticias\/wp-content\/uploads\/2018\/08\/IMG_7732-768x512.jpg 768w, https:\/\/rednacionaldearte.com\/noticias\/wp-content\/uploads\/2018\/08\/IMG_7732-1024x683.jpg 1024w, https:\/\/rednacionaldearte.com\/noticias\/wp-content\/uploads\/2018\/08\/IMG_7732-360x240.jpg 360w\" sizes=\"auto, (max-width: 5184px) 100vw, 5184px\" \/><\/a> <a href=\"http:\/\/rednacionaldearte.com\/noticias\/wp-content\/uploads\/2018\/08\/IMG_7735.jpg\"><img loading=\"lazy\" decoding=\"async\" class=\"aligncenter size-full wp-image-4383\" src=\"http:\/\/rednacionaldearte.com\/noticias\/wp-content\/uploads\/2018\/08\/IMG_7735.jpg\" alt=\"\" width=\"5184\" height=\"3456\" srcset=\"https:\/\/rednacionaldearte.com\/noticias\/wp-content\/uploads\/2018\/08\/IMG_7735.jpg 5184w, https:\/\/rednacionaldearte.com\/noticias\/wp-content\/uploads\/2018\/08\/IMG_7735-300x200.jpg 300w, https:\/\/rednacionaldearte.com\/noticias\/wp-content\/uploads\/2018\/08\/IMG_7735-768x512.jpg 768w, https:\/\/rednacionaldearte.com\/noticias\/wp-content\/uploads\/2018\/08\/IMG_7735-1024x683.jpg 1024w, https:\/\/rednacionaldearte.com\/noticias\/wp-content\/uploads\/2018\/08\/IMG_7735-360x240.jpg 360w\" sizes=\"auto, (max-width: 5184px) 100vw, 5184px\" \/><\/a> <a href=\"http:\/\/rednacionaldearte.com\/noticias\/wp-content\/uploads\/2018\/08\/IMG_7740.jpg\"><img loading=\"lazy\" decoding=\"async\" class=\"aligncenter size-full wp-image-4384\" src=\"http:\/\/rednacionaldearte.com\/noticias\/wp-content\/uploads\/2018\/08\/IMG_7740.jpg\" alt=\"\" width=\"5184\" height=\"3456\" srcset=\"https:\/\/rednacionaldearte.com\/noticias\/wp-content\/uploads\/2018\/08\/IMG_7740.jpg 5184w, https:\/\/rednacionaldearte.com\/noticias\/wp-content\/uploads\/2018\/08\/IMG_7740-300x200.jpg 300w, https:\/\/rednacionaldearte.com\/noticias\/wp-content\/uploads\/2018\/08\/IMG_7740-768x512.jpg 768w, https:\/\/rednacionaldearte.com\/noticias\/wp-content\/uploads\/2018\/08\/IMG_7740-1024x683.jpg 1024w, https:\/\/rednacionaldearte.com\/noticias\/wp-content\/uploads\/2018\/08\/IMG_7740-360x240.jpg 360w\" sizes=\"auto, (max-width: 5184px) 100vw, 5184px\" \/><\/a> <a href=\"http:\/\/rednacionaldearte.com\/noticias\/wp-content\/uploads\/2018\/08\/IMG_7741.jpg\"><img loading=\"lazy\" decoding=\"async\" class=\"aligncenter size-full wp-image-4385\" src=\"http:\/\/rednacionaldearte.com\/noticias\/wp-content\/uploads\/2018\/08\/IMG_7741.jpg\" alt=\"\" width=\"5184\" height=\"3456\" srcset=\"https:\/\/rednacionaldearte.com\/noticias\/wp-content\/uploads\/2018\/08\/IMG_7741.jpg 5184w, https:\/\/rednacionaldearte.com\/noticias\/wp-content\/uploads\/2018\/08\/IMG_7741-300x200.jpg 300w, https:\/\/rednacionaldearte.com\/noticias\/wp-content\/uploads\/2018\/08\/IMG_7741-768x512.jpg 768w, https:\/\/rednacionaldearte.com\/noticias\/wp-content\/uploads\/2018\/08\/IMG_7741-1024x683.jpg 1024w, https:\/\/rednacionaldearte.com\/noticias\/wp-content\/uploads\/2018\/08\/IMG_7741-360x240.jpg 360w\" sizes=\"auto, (max-width: 5184px) 100vw, 5184px\" \/><\/a> <a href=\"http:\/\/rednacionaldearte.com\/noticias\/wp-content\/uploads\/2018\/08\/IMG_7743.jpg\"><img loading=\"lazy\" decoding=\"async\" class=\"aligncenter size-full wp-image-4386\" src=\"http:\/\/rednacionaldearte.com\/noticias\/wp-content\/uploads\/2018\/08\/IMG_7743.jpg\" alt=\"\" width=\"3456\" height=\"5184\" srcset=\"https:\/\/rednacionaldearte.com\/noticias\/wp-content\/uploads\/2018\/08\/IMG_7743.jpg 3456w, https:\/\/rednacionaldearte.com\/noticias\/wp-content\/uploads\/2018\/08\/IMG_7743-200x300.jpg 200w, https:\/\/rednacionaldearte.com\/noticias\/wp-content\/uploads\/2018\/08\/IMG_7743-768x1152.jpg 768w, https:\/\/rednacionaldearte.com\/noticias\/wp-content\/uploads\/2018\/08\/IMG_7743-683x1024.jpg 683w\" sizes=\"auto, (max-width: 3456px) 100vw, 3456px\" \/><\/a> <a href=\"http:\/\/rednacionaldearte.com\/noticias\/wp-content\/uploads\/2018\/08\/IMG_7746.jpg\"><img loading=\"lazy\" decoding=\"async\" class=\"aligncenter size-full wp-image-4387\" src=\"http:\/\/rednacionaldearte.com\/noticias\/wp-content\/uploads\/2018\/08\/IMG_7746.jpg\" alt=\"\" width=\"4895\" height=\"3263\" srcset=\"https:\/\/rednacionaldearte.com\/noticias\/wp-content\/uploads\/2018\/08\/IMG_7746.jpg 4895w, https:\/\/rednacionaldearte.com\/noticias\/wp-content\/uploads\/2018\/08\/IMG_7746-300x200.jpg 300w, https:\/\/rednacionaldearte.com\/noticias\/wp-content\/uploads\/2018\/08\/IMG_7746-768x512.jpg 768w, https:\/\/rednacionaldearte.com\/noticias\/wp-content\/uploads\/2018\/08\/IMG_7746-1024x683.jpg 1024w, https:\/\/rednacionaldearte.com\/noticias\/wp-content\/uploads\/2018\/08\/IMG_7746-360x240.jpg 360w\" sizes=\"auto, (max-width: 4895px) 100vw, 4895px\" \/><\/a> <a href=\"http:\/\/rednacionaldearte.com\/noticias\/wp-content\/uploads\/2018\/08\/IMG_7747.jpg\"><img loading=\"lazy\" decoding=\"async\" class=\"aligncenter size-full wp-image-4388\" src=\"http:\/\/rednacionaldearte.com\/noticias\/wp-content\/uploads\/2018\/08\/IMG_7747.jpg\" alt=\"\" width=\"5184\" height=\"3456\" srcset=\"https:\/\/rednacionaldearte.com\/noticias\/wp-content\/uploads\/2018\/08\/IMG_7747.jpg 5184w, https:\/\/rednacionaldearte.com\/noticias\/wp-content\/uploads\/2018\/08\/IMG_7747-300x200.jpg 300w, https:\/\/rednacionaldearte.com\/noticias\/wp-content\/uploads\/2018\/08\/IMG_7747-768x512.jpg 768w, https:\/\/rednacionaldearte.com\/noticias\/wp-content\/uploads\/2018\/08\/IMG_7747-1024x683.jpg 1024w, https:\/\/rednacionaldearte.com\/noticias\/wp-content\/uploads\/2018\/08\/IMG_7747-360x240.jpg 360w\" sizes=\"auto, (max-width: 5184px) 100vw, 5184px\" \/><\/a> <a href=\"http:\/\/rednacionaldearte.com\/noticias\/wp-content\/uploads\/2018\/08\/IMG_7750.jpg\"><img loading=\"lazy\" decoding=\"async\" class=\"aligncenter size-full wp-image-4389\" src=\"http:\/\/rednacionaldearte.com\/noticias\/wp-content\/uploads\/2018\/08\/IMG_7750.jpg\" alt=\"\" width=\"5184\" height=\"3456\" srcset=\"https:\/\/rednacionaldearte.com\/noticias\/wp-content\/uploads\/2018\/08\/IMG_7750.jpg 5184w, https:\/\/rednacionaldearte.com\/noticias\/wp-content\/uploads\/2018\/08\/IMG_7750-300x200.jpg 300w, https:\/\/rednacionaldearte.com\/noticias\/wp-content\/uploads\/2018\/08\/IMG_7750-768x512.jpg 768w, https:\/\/rednacionaldearte.com\/noticias\/wp-content\/uploads\/2018\/08\/IMG_7750-1024x683.jpg 1024w, https:\/\/rednacionaldearte.com\/noticias\/wp-content\/uploads\/2018\/08\/IMG_7750-360x240.jpg 360w\" sizes=\"auto, (max-width: 5184px) 100vw, 5184px\" \/><\/a> <a href=\"http:\/\/rednacionaldearte.com\/noticias\/wp-content\/uploads\/2018\/08\/IMG_7753.jpg\"><img loading=\"lazy\" decoding=\"async\" class=\"aligncenter size-full wp-image-4390\" src=\"http:\/\/rednacionaldearte.com\/noticias\/wp-content\/uploads\/2018\/08\/IMG_7753.jpg\" alt=\"\" width=\"5184\" height=\"3456\" srcset=\"https:\/\/rednacionaldearte.com\/noticias\/wp-content\/uploads\/2018\/08\/IMG_7753.jpg 5184w, https:\/\/rednacionaldearte.com\/noticias\/wp-content\/uploads\/2018\/08\/IMG_7753-300x200.jpg 300w, https:\/\/rednacionaldearte.com\/noticias\/wp-content\/uploads\/2018\/08\/IMG_7753-768x512.jpg 768w, https:\/\/rednacionaldearte.com\/noticias\/wp-content\/uploads\/2018\/08\/IMG_7753-1024x683.jpg 1024w, https:\/\/rednacionaldearte.com\/noticias\/wp-content\/uploads\/2018\/08\/IMG_7753-360x240.jpg 360w\" sizes=\"auto, (max-width: 5184px) 100vw, 5184px\" \/><\/a> <a href=\"http:\/\/rednacionaldearte.com\/noticias\/wp-content\/uploads\/2018\/08\/IMG_20180802_191148.jpg\"><img loading=\"lazy\" decoding=\"async\" class=\"aligncenter size-full wp-image-4391\" src=\"http:\/\/rednacionaldearte.com\/noticias\/wp-content\/uploads\/2018\/08\/IMG_20180802_191148.jpg\" alt=\"\" width=\"4160\" height=\"3120\" srcset=\"https:\/\/rednacionaldearte.com\/noticias\/wp-content\/uploads\/2018\/08\/IMG_20180802_191148.jpg 4160w, https:\/\/rednacionaldearte.com\/noticias\/wp-content\/uploads\/2018\/08\/IMG_20180802_191148-300x225.jpg 300w, https:\/\/rednacionaldearte.com\/noticias\/wp-content\/uploads\/2018\/08\/IMG_20180802_191148-768x576.jpg 768w, https:\/\/rednacionaldearte.com\/noticias\/wp-content\/uploads\/2018\/08\/IMG_20180802_191148-1024x768.jpg 1024w\" sizes=\"auto, (max-width: 4160px) 100vw, 4160px\" \/><\/a> <a href=\"http:\/\/rednacionaldearte.com\/noticias\/wp-content\/uploads\/2018\/08\/IMG_20180802_191252.jpg\"><img loading=\"lazy\" decoding=\"async\" class=\"aligncenter size-full wp-image-4392\" src=\"http:\/\/rednacionaldearte.com\/noticias\/wp-content\/uploads\/2018\/08\/IMG_20180802_191252.jpg\" alt=\"\" width=\"3120\" height=\"4160\" srcset=\"https:\/\/rednacionaldearte.com\/noticias\/wp-content\/uploads\/2018\/08\/IMG_20180802_191252.jpg 3120w, https:\/\/rednacionaldearte.com\/noticias\/wp-content\/uploads\/2018\/08\/IMG_20180802_191252-225x300.jpg 225w, https:\/\/rednacionaldearte.com\/noticias\/wp-content\/uploads\/2018\/08\/IMG_20180802_191252-768x1024.jpg 768w\" sizes=\"auto, (max-width: 3120px) 100vw, 3120px\" \/><\/a> <a href=\"http:\/\/rednacionaldearte.com\/noticias\/wp-content\/uploads\/2018\/08\/IMG_20180802_191303.jpg\"><img loading=\"lazy\" decoding=\"async\" class=\"aligncenter size-full wp-image-4393\" src=\"http:\/\/rednacionaldearte.com\/noticias\/wp-content\/uploads\/2018\/08\/IMG_20180802_191303.jpg\" alt=\"\" width=\"4160\" height=\"3120\" srcset=\"https:\/\/rednacionaldearte.com\/noticias\/wp-content\/uploads\/2018\/08\/IMG_20180802_191303.jpg 4160w, https:\/\/rednacionaldearte.com\/noticias\/wp-content\/uploads\/2018\/08\/IMG_20180802_191303-300x225.jpg 300w, https:\/\/rednacionaldearte.com\/noticias\/wp-content\/uploads\/2018\/08\/IMG_20180802_191303-768x576.jpg 768w, https:\/\/rednacionaldearte.com\/noticias\/wp-content\/uploads\/2018\/08\/IMG_20180802_191303-1024x768.jpg 1024w\" sizes=\"auto, (max-width: 4160px) 100vw, 4160px\" \/><\/a> <a href=\"http:\/\/rednacionaldearte.com\/noticias\/wp-content\/uploads\/2018\/08\/IMG_20180802_193047.jpg\"><img loading=\"lazy\" decoding=\"async\" class=\"aligncenter size-full wp-image-4394\" src=\"http:\/\/rednacionaldearte.com\/noticias\/wp-content\/uploads\/2018\/08\/IMG_20180802_193047.jpg\" alt=\"\" width=\"4160\" height=\"3120\" srcset=\"https:\/\/rednacionaldearte.com\/noticias\/wp-content\/uploads\/2018\/08\/IMG_20180802_193047.jpg 4160w, https:\/\/rednacionaldearte.com\/noticias\/wp-content\/uploads\/2018\/08\/IMG_20180802_193047-300x225.jpg 300w, https:\/\/rednacionaldearte.com\/noticias\/wp-content\/uploads\/2018\/08\/IMG_20180802_193047-768x576.jpg 768w, https:\/\/rednacionaldearte.com\/noticias\/wp-content\/uploads\/2018\/08\/IMG_20180802_193047-1024x768.jpg 1024w\" sizes=\"auto, (max-width: 4160px) 100vw, 4160px\" \/><\/a> <a href=\"http:\/\/rednacionaldearte.com\/noticias\/wp-content\/uploads\/2018\/08\/IMG_20180802_193133.jpg\"><img loading=\"lazy\" decoding=\"async\" class=\"aligncenter size-full wp-image-4395\" src=\"http:\/\/rednacionaldearte.com\/noticias\/wp-content\/uploads\/2018\/08\/IMG_20180802_193133.jpg\" alt=\"\" width=\"4160\" height=\"3120\" srcset=\"https:\/\/rednacionaldearte.com\/noticias\/wp-content\/uploads\/2018\/08\/IMG_20180802_193133.jpg 4160w, https:\/\/rednacionaldearte.com\/noticias\/wp-content\/uploads\/2018\/08\/IMG_20180802_193133-300x225.jpg 300w, https:\/\/rednacionaldearte.com\/noticias\/wp-content\/uploads\/2018\/08\/IMG_20180802_193133-768x576.jpg 768w, https:\/\/rednacionaldearte.com\/noticias\/wp-content\/uploads\/2018\/08\/IMG_20180802_193133-1024x768.jpg 1024w\" sizes=\"auto, (max-width: 4160px) 100vw, 4160px\" \/><\/a> <a href=\"http:\/\/rednacionaldearte.com\/noticias\/wp-content\/uploads\/2018\/08\/Screenshot_20180803-155919.jpg\"><img loading=\"lazy\" decoding=\"async\" class=\"aligncenter size-full wp-image-4396\" src=\"http:\/\/rednacionaldearte.com\/noticias\/wp-content\/uploads\/2018\/08\/Screenshot_20180803-155919.jpg\" alt=\"\" width=\"720\" height=\"1280\" srcset=\"https:\/\/rednacionaldearte.com\/noticias\/wp-content\/uploads\/2018\/08\/Screenshot_20180803-155919.jpg 720w, https:\/\/rednacionaldearte.com\/noticias\/wp-content\/uploads\/2018\/08\/Screenshot_20180803-155919-169x300.jpg 169w, https:\/\/rednacionaldearte.com\/noticias\/wp-content\/uploads\/2018\/08\/Screenshot_20180803-155919-576x1024.jpg 576w\" sizes=\"auto, (max-width: 720px) 100vw, 720px\" \/><\/a> <a href=\"http:\/\/rednacionaldearte.com\/noticias\/wp-content\/uploads\/2018\/08\/Screenshot_20180803-155927.jpg\"><img loading=\"lazy\" decoding=\"async\" class=\"aligncenter size-full wp-image-4397\" src=\"http:\/\/rednacionaldearte.com\/noticias\/wp-content\/uploads\/2018\/08\/Screenshot_20180803-155927.jpg\" alt=\"\" width=\"720\" height=\"1280\" srcset=\"https:\/\/rednacionaldearte.com\/noticias\/wp-content\/uploads\/2018\/08\/Screenshot_20180803-155927.jpg 720w, https:\/\/rednacionaldearte.com\/noticias\/wp-content\/uploads\/2018\/08\/Screenshot_20180803-155927-169x300.jpg 169w, https:\/\/rednacionaldearte.com\/noticias\/wp-content\/uploads\/2018\/08\/Screenshot_20180803-155927-576x1024.jpg 576w\" sizes=\"auto, (max-width: 720px) 100vw, 720px\" \/><\/a> <a href=\"http:\/\/rednacionaldearte.com\/noticias\/wp-content\/uploads\/2018\/08\/Screenshot_20180803-155958.jpg\"><img loading=\"lazy\" decoding=\"async\" class=\"aligncenter size-full wp-image-4398\" src=\"http:\/\/rednacionaldearte.com\/noticias\/wp-content\/uploads\/2018\/08\/Screenshot_20180803-155958.jpg\" alt=\"\" width=\"720\" height=\"1280\" srcset=\"https:\/\/rednacionaldearte.com\/noticias\/wp-content\/uploads\/2018\/08\/Screenshot_20180803-155958.jpg 720w, https:\/\/rednacionaldearte.com\/noticias\/wp-content\/uploads\/2018\/08\/Screenshot_20180803-155958-169x300.jpg 169w, https:\/\/rednacionaldearte.com\/noticias\/wp-content\/uploads\/2018\/08\/Screenshot_20180803-155958-576x1024.jpg 576w\" sizes=\"auto, (max-width: 720px) 100vw, 720px\" \/><\/a><\/p>\n","protected":false},"excerpt":{"rendered":"<p>El pasado 2 de agosto tuvo lugar la inauguraci\u00f3n de la quinta exhibici\u00f3n organizada por Red Nacional de Arte, \u00abHorizontes Urbanos\u00ab. En la Casa Chihuahua CDMX se dieron cita fot\u00f3grafos nacionales y extranjeros para abrir la exhibici\u00f3n, que podr\u00e1 ser visitada durante todo el mes de agosto en la colonia Roma de la capital mexicana. [&hellip;]<\/p>\n","protected":false},"author":1,"featured_media":4391,"comment_status":"closed","ping_status":"open","sticky":false,"template":"","format":"standard","meta":{"footnotes":""},"categories":[59,154,18,119,2,41],"tags":[152],"class_list":["post-4359","post","type-post","status-publish","format-standard","has-post-thumbnail","hentry","category-artes-visuales","category-destacado","category-eventos","category-exposiciones","category-fotografia","category-rna","tag-horizontes-urbanos"],"yoast_head":"<!-- This site is optimized with the Yoast SEO plugin v27.2 - https:\/\/yoast.com\/product\/yoast-seo-wordpress\/ -->\n<title>Inauguraci\u00f3n de Horizontes Urbanos en Casa Chihuahua CDMX - Red Nacional de Arte<\/title>\n<meta name=\"robots\" content=\"index, follow, max-snippet:-1, max-image-preview:large, max-video-preview:-1\" \/>\n<link rel=\"canonical\" href=\"https:\/\/rednacionaldearte.com\/noticias\/inauguracion-horizontes-urbanos\/\" \/>\n<meta property=\"og:locale\" content=\"es_ES\" \/>\n<meta property=\"og:type\" content=\"article\" \/>\n<meta property=\"og:title\" content=\"Inauguraci\u00f3n de Horizontes Urbanos en Casa Chihuahua CDMX - Red Nacional de Arte\" \/>\n<meta property=\"og:description\" content=\"El pasado 2 de agosto tuvo lugar la inauguraci\u00f3n de la quinta exhibici\u00f3n organizada por Red Nacional de Arte, \u00abHorizontes Urbanos\u00ab. En la Casa Chihuahua CDMX se dieron cita fot\u00f3grafos nacionales y extranjeros para abrir la exhibici\u00f3n, que podr\u00e1 ser visitada durante todo el mes de agosto en la colonia Roma de la capital mexicana. [&hellip;]\" \/>\n<meta property=\"og:url\" content=\"https:\/\/rednacionaldearte.com\/noticias\/inauguracion-horizontes-urbanos\/\" \/>\n<meta property=\"og:site_name\" content=\"Red Nacional de Arte\" \/>\n<meta property=\"article:publisher\" content=\"http:\/\/www.facebook.com\/rednacionaldearte\/\" \/>\n<meta property=\"article:published_time\" content=\"2018-08-04T01:05:49+00:00\" \/>\n<meta property=\"article:modified_time\" content=\"2020-04-05T18:19:02+00:00\" \/>\n<meta property=\"og:image\" content=\"http:\/\/rednacionaldearte.com\/noticias\/wp-content\/uploads\/2018\/08\/IMG_20180802_191148.jpg\" \/>\n\t<meta property=\"og:image:width\" content=\"4160\" \/>\n\t<meta property=\"og:image:height\" content=\"3120\" \/>\n\t<meta property=\"og:image:type\" content=\"image\/jpeg\" \/>\n<meta name=\"author\" content=\"Redacci\u00f3n\" \/>\n<meta name=\"twitter:card\" content=\"summary_large_image\" \/>\n<meta name=\"twitter:creator\" content=\"@rednacionalarte\" \/>\n<meta name=\"twitter:site\" content=\"@rednacionalarte\" \/>\n<meta name=\"twitter:label1\" content=\"Escrito por\" \/>\n\t<meta name=\"twitter:data1\" content=\"Redacci\u00f3n\" \/>\n\t<meta name=\"twitter:label2\" content=\"Tiempo de lectura\" \/>\n\t<meta name=\"twitter:data2\" content=\"1 minuto\" \/>\n<script type=\"application\/ld+json\" class=\"yoast-schema-graph\">{\"@context\":\"https:\/\/schema.org\",\"@graph\":[{\"@type\":\"Article\",\"@id\":\"https:\/\/rednacionaldearte.com\/noticias\/inauguracion-horizontes-urbanos\/#article\",\"isPartOf\":{\"@id\":\"https:\/\/rednacionaldearte.com\/noticias\/inauguracion-horizontes-urbanos\/\"},\"author\":{\"name\":\"Redacci\u00f3n\",\"@id\":\"http:\/\/rednacionaldearte.com\/noticias\/#\/schema\/person\/489d635082b1de413434d2708a3e5b9b\"},\"headline\":\"Inauguraci\u00f3n de Horizontes Urbanos en Casa Chihuahua CDMX\",\"datePublished\":\"2018-08-04T01:05:49+00:00\",\"dateModified\":\"2020-04-05T18:19:02+00:00\",\"mainEntityOfPage\":{\"@id\":\"https:\/\/rednacionaldearte.com\/noticias\/inauguracion-horizontes-urbanos\/\"},\"wordCount\":254,\"publisher\":{\"@id\":\"http:\/\/rednacionaldearte.com\/noticias\/#organization\"},\"image\":{\"@id\":\"https:\/\/rednacionaldearte.com\/noticias\/inauguracion-horizontes-urbanos\/#primaryimage\"},\"thumbnailUrl\":\"https:\/\/rednacionaldearte.com\/noticias\/wp-content\/uploads\/2018\/08\/IMG_20180802_191148.jpg\",\"keywords\":[\"Horizontes Urbanos\"],\"articleSection\":[\"Artes Visuales\",\"Destacado\",\"Eventos\",\"Exposiciones\",\"Fotograf\u00eda\",\"RNA\"],\"inLanguage\":\"es\"},{\"@type\":\"WebPage\",\"@id\":\"https:\/\/rednacionaldearte.com\/noticias\/inauguracion-horizontes-urbanos\/\",\"url\":\"https:\/\/rednacionaldearte.com\/noticias\/inauguracion-horizontes-urbanos\/\",\"name\":\"Inauguraci\u00f3n de Horizontes Urbanos en Casa Chihuahua CDMX - Red Nacional de Arte\",\"isPartOf\":{\"@id\":\"http:\/\/rednacionaldearte.com\/noticias\/#website\"},\"primaryImageOfPage\":{\"@id\":\"https:\/\/rednacionaldearte.com\/noticias\/inauguracion-horizontes-urbanos\/#primaryimage\"},\"image\":{\"@id\":\"https:\/\/rednacionaldearte.com\/noticias\/inauguracion-horizontes-urbanos\/#primaryimage\"},\"thumbnailUrl\":\"https:\/\/rednacionaldearte.com\/noticias\/wp-content\/uploads\/2018\/08\/IMG_20180802_191148.jpg\",\"datePublished\":\"2018-08-04T01:05:49+00:00\",\"dateModified\":\"2020-04-05T18:19:02+00:00\",\"breadcrumb\":{\"@id\":\"https:\/\/rednacionaldearte.com\/noticias\/inauguracion-horizontes-urbanos\/#breadcrumb\"},\"inLanguage\":\"es\",\"potentialAction\":[{\"@type\":\"ReadAction\",\"target\":[\"https:\/\/rednacionaldearte.com\/noticias\/inauguracion-horizontes-urbanos\/\"]}]},{\"@type\":\"ImageObject\",\"inLanguage\":\"es\",\"@id\":\"https:\/\/rednacionaldearte.com\/noticias\/inauguracion-horizontes-urbanos\/#primaryimage\",\"url\":\"https:\/\/rednacionaldearte.com\/noticias\/wp-content\/uploads\/2018\/08\/IMG_20180802_191148.jpg\",\"contentUrl\":\"https:\/\/rednacionaldearte.com\/noticias\/wp-content\/uploads\/2018\/08\/IMG_20180802_191148.jpg\",\"width\":4160,\"height\":3120},{\"@type\":\"BreadcrumbList\",\"@id\":\"https:\/\/rednacionaldearte.com\/noticias\/inauguracion-horizontes-urbanos\/#breadcrumb\",\"itemListElement\":[{\"@type\":\"ListItem\",\"position\":1,\"name\":\"Home\",\"item\":\"http:\/\/rednacionaldearte.com\/noticias\/\"},{\"@type\":\"ListItem\",\"position\":2,\"name\":\"Inauguraci\u00f3n de Horizontes Urbanos en Casa Chihuahua CDMX\"}]},{\"@type\":\"WebSite\",\"@id\":\"http:\/\/rednacionaldearte.com\/noticias\/#website\",\"url\":\"http:\/\/rednacionaldearte.com\/noticias\/\",\"name\":\"Red Nacional de Arte\",\"description\":\"Cultura y Arte contempor\u00e1neo en M\u00e9xico\",\"publisher\":{\"@id\":\"http:\/\/rednacionaldearte.com\/noticias\/#organization\"},\"potentialAction\":[{\"@type\":\"SearchAction\",\"target\":{\"@type\":\"EntryPoint\",\"urlTemplate\":\"http:\/\/rednacionaldearte.com\/noticias\/?s={search_term_string}\"},\"query-input\":{\"@type\":\"PropertyValueSpecification\",\"valueRequired\":true,\"valueName\":\"search_term_string\"}}],\"inLanguage\":\"es\"},{\"@type\":\"Organization\",\"@id\":\"http:\/\/rednacionaldearte.com\/noticias\/#organization\",\"name\":\"Red Nacional de Arte\",\"url\":\"http:\/\/rednacionaldearte.com\/noticias\/\",\"logo\":{\"@type\":\"ImageObject\",\"inLanguage\":\"es\",\"@id\":\"http:\/\/rednacionaldearte.com\/noticias\/#\/schema\/logo\/image\/\",\"url\":\"http:\/\/rednacionaldearte.com\/noticias\/wp-content\/uploads\/2016\/04\/logo.png\",\"contentUrl\":\"http:\/\/rednacionaldearte.com\/noticias\/wp-content\/uploads\/2016\/04\/logo.png\",\"width\":575,\"height\":554,\"caption\":\"Red Nacional de Arte\"},\"image\":{\"@id\":\"http:\/\/rednacionaldearte.com\/noticias\/#\/schema\/logo\/image\/\"},\"sameAs\":[\"http:\/\/www.facebook.com\/rednacionaldearte\/\",\"https:\/\/x.com\/rednacionalarte\"]},{\"@type\":\"Person\",\"@id\":\"http:\/\/rednacionaldearte.com\/noticias\/#\/schema\/person\/489d635082b1de413434d2708a3e5b9b\",\"name\":\"Redacci\u00f3n\",\"image\":{\"@type\":\"ImageObject\",\"inLanguage\":\"es\",\"@id\":\"https:\/\/secure.gravatar.com\/avatar\/1d1c30eaee7c2f6cfa13fb8502cb06839106cdf371b9953d50e4b572d0bfa3c7?s=96&d=mm&r=g\",\"url\":\"https:\/\/secure.gravatar.com\/avatar\/1d1c30eaee7c2f6cfa13fb8502cb06839106cdf371b9953d50e4b572d0bfa3c7?s=96&d=mm&r=g\",\"contentUrl\":\"https:\/\/secure.gravatar.com\/avatar\/1d1c30eaee7c2f6cfa13fb8502cb06839106cdf371b9953d50e4b572d0bfa3c7?s=96&d=mm&r=g\",\"caption\":\"Redacci\u00f3n\"},\"url\":\"https:\/\/rednacionaldearte.com\/noticias\/author\/adan\/\"}]}<\/script>\n<!-- \/ Yoast SEO plugin. -->","yoast_head_json":{"title":"Inauguraci\u00f3n de Horizontes Urbanos en Casa Chihuahua CDMX - Red Nacional de Arte","robots":{"index":"index","follow":"follow","max-snippet":"max-snippet:-1","max-image-preview":"max-image-preview:large","max-video-preview":"max-video-preview:-1"},"canonical":"https:\/\/rednacionaldearte.com\/noticias\/inauguracion-horizontes-urbanos\/","og_locale":"es_ES","og_type":"article","og_title":"Inauguraci\u00f3n de Horizontes Urbanos en Casa Chihuahua CDMX - Red Nacional de Arte","og_description":"El pasado 2 de agosto tuvo lugar la inauguraci\u00f3n de la quinta exhibici\u00f3n organizada por Red Nacional de Arte, \u00abHorizontes Urbanos\u00ab. En la Casa Chihuahua CDMX se dieron cita fot\u00f3grafos nacionales y extranjeros para abrir la exhibici\u00f3n, que podr\u00e1 ser visitada durante todo el mes de agosto en la colonia Roma de la capital mexicana. [&hellip;]","og_url":"https:\/\/rednacionaldearte.com\/noticias\/inauguracion-horizontes-urbanos\/","og_site_name":"Red Nacional de Arte","article_publisher":"http:\/\/www.facebook.com\/rednacionaldearte\/","article_published_time":"2018-08-04T01:05:49+00:00","article_modified_time":"2020-04-05T18:19:02+00:00","og_image":[{"width":4160,"height":3120,"url":"http:\/\/rednacionaldearte.com\/noticias\/wp-content\/uploads\/2018\/08\/IMG_20180802_191148.jpg","type":"image\/jpeg"}],"author":"Redacci\u00f3n","twitter_card":"summary_large_image","twitter_creator":"@rednacionalarte","twitter_site":"@rednacionalarte","twitter_misc":{"Escrito por":"Redacci\u00f3n","Tiempo de lectura":"1 minuto"},"schema":{"@context":"https:\/\/schema.org","@graph":[{"@type":"Article","@id":"https:\/\/rednacionaldearte.com\/noticias\/inauguracion-horizontes-urbanos\/#article","isPartOf":{"@id":"https:\/\/rednacionaldearte.com\/noticias\/inauguracion-horizontes-urbanos\/"},"author":{"name":"Redacci\u00f3n","@id":"http:\/\/rednacionaldearte.com\/noticias\/#\/schema\/person\/489d635082b1de413434d2708a3e5b9b"},"headline":"Inauguraci\u00f3n de Horizontes Urbanos en Casa Chihuahua CDMX","datePublished":"2018-08-04T01:05:49+00:00","dateModified":"2020-04-05T18:19:02+00:00","mainEntityOfPage":{"@id":"https:\/\/rednacionaldearte.com\/noticias\/inauguracion-horizontes-urbanos\/"},"wordCount":254,"publisher":{"@id":"http:\/\/rednacionaldearte.com\/noticias\/#organization"},"image":{"@id":"https:\/\/rednacionaldearte.com\/noticias\/inauguracion-horizontes-urbanos\/#primaryimage"},"thumbnailUrl":"https:\/\/rednacionaldearte.com\/noticias\/wp-content\/uploads\/2018\/08\/IMG_20180802_191148.jpg","keywords":["Horizontes Urbanos"],"articleSection":["Artes Visuales","Destacado","Eventos","Exposiciones","Fotograf\u00eda","RNA"],"inLanguage":"es"},{"@type":"WebPage","@id":"https:\/\/rednacionaldearte.com\/noticias\/inauguracion-horizontes-urbanos\/","url":"https:\/\/rednacionaldearte.com\/noticias\/inauguracion-horizontes-urbanos\/","name":"Inauguraci\u00f3n de Horizontes Urbanos en Casa Chihuahua CDMX - Red Nacional de Arte","isPartOf":{"@id":"http:\/\/rednacionaldearte.com\/noticias\/#website"},"primaryImageOfPage":{"@id":"https:\/\/rednacionaldearte.com\/noticias\/inauguracion-horizontes-urbanos\/#primaryimage"},"image":{"@id":"https:\/\/rednacionaldearte.com\/noticias\/inauguracion-horizontes-urbanos\/#primaryimage"},"thumbnailUrl":"https:\/\/rednacionaldearte.com\/noticias\/wp-content\/uploads\/2018\/08\/IMG_20180802_191148.jpg","datePublished":"2018-08-04T01:05:49+00:00","dateModified":"2020-04-05T18:19:02+00:00","breadcrumb":{"@id":"https:\/\/rednacionaldearte.com\/noticias\/inauguracion-horizontes-urbanos\/#breadcrumb"},"inLanguage":"es","potentialAction":[{"@type":"ReadAction","target":["https:\/\/rednacionaldearte.com\/noticias\/inauguracion-horizontes-urbanos\/"]}]},{"@type":"ImageObject","inLanguage":"es","@id":"https:\/\/rednacionaldearte.com\/noticias\/inauguracion-horizontes-urbanos\/#primaryimage","url":"https:\/\/rednacionaldearte.com\/noticias\/wp-content\/uploads\/2018\/08\/IMG_20180802_191148.jpg","contentUrl":"https:\/\/rednacionaldearte.com\/noticias\/wp-content\/uploads\/2018\/08\/IMG_20180802_191148.jpg","width":4160,"height":3120},{"@type":"BreadcrumbList","@id":"https:\/\/rednacionaldearte.com\/noticias\/inauguracion-horizontes-urbanos\/#breadcrumb","itemListElement":[{"@type":"ListItem","position":1,"name":"Home","item":"http:\/\/rednacionaldearte.com\/noticias\/"},{"@type":"ListItem","position":2,"name":"Inauguraci\u00f3n de Horizontes Urbanos en Casa Chihuahua CDMX"}]},{"@type":"WebSite","@id":"http:\/\/rednacionaldearte.com\/noticias\/#website","url":"http:\/\/rednacionaldearte.com\/noticias\/","name":"Red Nacional de Arte","description":"Cultura y Arte contempor\u00e1neo en M\u00e9xico","publisher":{"@id":"http:\/\/rednacionaldearte.com\/noticias\/#organization"},"potentialAction":[{"@type":"SearchAction","target":{"@type":"EntryPoint","urlTemplate":"http:\/\/rednacionaldearte.com\/noticias\/?s={search_term_string}"},"query-input":{"@type":"PropertyValueSpecification","valueRequired":true,"valueName":"search_term_string"}}],"inLanguage":"es"},{"@type":"Organization","@id":"http:\/\/rednacionaldearte.com\/noticias\/#organization","name":"Red Nacional de Arte","url":"http:\/\/rednacionaldearte.com\/noticias\/","logo":{"@type":"ImageObject","inLanguage":"es","@id":"http:\/\/rednacionaldearte.com\/noticias\/#\/schema\/logo\/image\/","url":"http:\/\/rednacionaldearte.com\/noticias\/wp-content\/uploads\/2016\/04\/logo.png","contentUrl":"http:\/\/rednacionaldearte.com\/noticias\/wp-content\/uploads\/2016\/04\/logo.png","width":575,"height":554,"caption":"Red Nacional de Arte"},"image":{"@id":"http:\/\/rednacionaldearte.com\/noticias\/#\/schema\/logo\/image\/"},"sameAs":["http:\/\/www.facebook.com\/rednacionaldearte\/","https:\/\/x.com\/rednacionalarte"]},{"@type":"Person","@id":"http:\/\/rednacionaldearte.com\/noticias\/#\/schema\/person\/489d635082b1de413434d2708a3e5b9b","name":"Redacci\u00f3n","image":{"@type":"ImageObject","inLanguage":"es","@id":"https:\/\/secure.gravatar.com\/avatar\/1d1c30eaee7c2f6cfa13fb8502cb06839106cdf371b9953d50e4b572d0bfa3c7?s=96&d=mm&r=g","url":"https:\/\/secure.gravatar.com\/avatar\/1d1c30eaee7c2f6cfa13fb8502cb06839106cdf371b9953d50e4b572d0bfa3c7?s=96&d=mm&r=g","contentUrl":"https:\/\/secure.gravatar.com\/avatar\/1d1c30eaee7c2f6cfa13fb8502cb06839106cdf371b9953d50e4b572d0bfa3c7?s=96&d=mm&r=g","caption":"Redacci\u00f3n"},"url":"https:\/\/rednacionaldearte.com\/noticias\/author\/adan\/"}]}},"amp_validity":null,"amp_enabled":true,"_links":{"self":[{"href":"https:\/\/rednacionaldearte.com\/noticias\/wp-json\/wp\/v2\/posts\/4359","targetHints":{"allow":["GET"]}}],"collection":[{"href":"https:\/\/rednacionaldearte.com\/noticias\/wp-json\/wp\/v2\/posts"}],"about":[{"href":"https:\/\/rednacionaldearte.com\/noticias\/wp-json\/wp\/v2\/types\/post"}],"author":[{"embeddable":true,"href":"https:\/\/rednacionaldearte.com\/noticias\/wp-json\/wp\/v2\/users\/1"}],"replies":[{"embeddable":true,"href":"https:\/\/rednacionaldearte.com\/noticias\/wp-json\/wp\/v2\/comments?post=4359"}],"version-history":[{"count":4,"href":"https:\/\/rednacionaldearte.com\/noticias\/wp-json\/wp\/v2\/posts\/4359\/revisions"}],"predecessor-version":[{"id":4518,"href":"https:\/\/rednacionaldearte.com\/noticias\/wp-json\/wp\/v2\/posts\/4359\/revisions\/4518"}],"wp:featuredmedia":[{"embeddable":true,"href":"https:\/\/rednacionaldearte.com\/noticias\/wp-json\/wp\/v2\/media\/4391"}],"wp:attachment":[{"href":"https:\/\/rednacionaldearte.com\/noticias\/wp-json\/wp\/v2\/media?parent=4359"}],"wp:term":[{"taxonomy":"category","embeddable":true,"href":"https:\/\/rednacionaldearte.com\/noticias\/wp-json\/wp\/v2\/categories?post=4359"},{"taxonomy":"post_tag","embeddable":true,"href":"https:\/\/rednacionaldearte.com\/noticias\/wp-json\/wp\/v2\/tags?post=4359"}],"curies":[{"name":"wp","href":"https:\/\/api.w.org\/{rel}","templated":true}]}}