{"id":4406,"date":"2018-09-06T18:53:30","date_gmt":"2018-09-06T18:53:30","guid":{"rendered":"http:\/\/rednacionaldearte.com\/noticias\/?p=4406"},"modified":"2018-10-13T01:28:24","modified_gmt":"2018-10-13T01:28:24","slug":"extension-festival-videodanza-cdmx-oaxaca","status":"publish","type":"post","link":"https:\/\/rednacionaldearte.com\/noticias\/extension-festival-videodanza-cdmx-oaxaca\/","title":{"rendered":"Extensi\u00f3n del Festival Internacional de Videodanza de la CDMX en Oaxaca"},"content":{"rendered":"<p>El <strong>Festival\u00a0Internacional de Videodanza de la Ciudad de M\u00e9xico<\/strong> (<strong>#FIVideodanza<\/strong>) llevar\u00e1 a cabo proyecciones de videodanzas de pertenecientes a la \u00faltima edici\u00f3n en Oaxaca como parte de sus actividades de extensi\u00f3n.<\/p>\n<p>Las funciones ser\u00e1n el 10 y 11 de Septiembre del 2018 en <strong>Casa Abierta\u00a0<\/strong>(Ignacio Allende 415, Centro, Oaxaca) a las 19:30 horas.<\/p>\n<p>A continuaci\u00f3n podr\u00e1n encontrar la programaci\u00f3n:<\/p>\n<p><strong>10 de Septiembre<\/strong><\/p>\n<ul>\n<li><a href=\"https:\/\/videodanza.rednacionaldearte.com\/films\/screendance.php?id=24\">Home Alone<\/a> (Israel) Dir. Adi Halfin *Ganador de la 2da edici\u00f3n<\/li>\n<li><a href=\"https:\/\/videodanza.rednacionaldearte.com\/films\/screendance.php?id=28\">HAGAKURE<\/a> (\u8449\u96a0, Espa\u00f1a) Dir. Nacho A. Villar y Luis Rojo *Menci\u00f3n honor\u00edfica 2da edici\u00f3n<\/li>\n<li><a href=\"https:\/\/videodanza.rednacionaldearte.com\/films\/screendance.php?id=18\">Symbol<\/a> (Reino Unido) Dir. Tom Andrew *Menci\u00f3n honor\u00edfica 2da edici\u00f3n<\/li>\n<li><a href=\"https:\/\/videodanza.rednacionaldearte.com\/films\/screendance.php?id=13\">Vernae<\/a> (EUA) Dir. Ethan Folk *Menci\u00f3n honor\u00edfica 2da edici\u00f3n<\/li>\n<li><a href=\"https:\/\/videodanza.rednacionaldearte.com\/films\/screendance.php?id=4\">Memoria<\/a> (Grecia) Dir. Maria Chatzimina<\/li>\n<li><a href=\"https:\/\/videodanza.rednacionaldearte.com\/films\/screendance.php?id=36\">Frontera<\/a> (M\u00e9xico) Dir. Karen Ugalde<\/li>\n<li><a href=\"https:\/\/videodanza.rednacionaldearte.com\/films\/screendance.php?id=27\">FAM<\/a> (EUA) Dir. Genevieve Carson<\/li>\n<li><a href=\"https:\/\/videodanza.rednacionaldearte.com\/films\/screendance.php?id=11\">Amuse<\/a> (Pa\u00edses Bajos) Dir. Ivo van Aart<\/li>\n<li><a href=\"https:\/\/videodanza.rednacionaldearte.com\/films\/screendance.php?id=10\">Send me a bigger butterfly<\/a> (Alemania) Dir. Rain Kencana<\/li>\n<\/ul>\n<p><strong>11 de Septiembre<\/strong><\/p>\n<ul>\n<li><a href=\"https:\/\/videodanza.rednacionaldearte.com\/films\/screendance.php?id=1\">The Seventh Salt<\/a> (Suiza) Dir. Virpi Pahkinen<\/li>\n<li><a href=\"https:\/\/videodanza.rednacionaldearte.com\/films\/screendance.php?id=3\">Swimminghole<\/a> (EUA) Dir. Sarah Friedland<\/li>\n<li><a href=\"https:\/\/videodanza.rednacionaldearte.com\/films\/screendance.php?id=19\">Stopgap in Stop Motion<\/a> (Reino Unido) Dir. Stephen Featherstone<\/li>\n<li><a href=\"https:\/\/videodanza.rednacionaldearte.com\/films\/screendance.php?id=9\">Separate Sentences<\/a> (EUA) Dir. Amie Dowling y Austin Forbord<\/li>\n<li><a href=\"https:\/\/videodanza.rednacionaldearte.com\/films\/screendance.php?id=33\">Banana Blue<\/a> (Australia) Dir. Pia Lauritz<\/li>\n<li><a href=\"https:\/\/videodanza.rednacionaldearte.com\/films\/screendance.php?id=22\">Reflejos<\/a> (M\u00e9xico) Dir. Isabel Barajas<\/li>\n<li><a href=\"https:\/\/videodanza.rednacionaldearte.com\/films\/screendance.php?id=31\">IIOII<\/a> (Islandia) Dir. Rakel J\u00f3nsd\u00f3ttir<\/li>\n<li><a href=\"https:\/\/videodanza.rednacionaldearte.com\/films\/screendance.php?id=5\">Exquisite corps<\/a> (EUA) Dir. Mitchell Rose<\/li>\n<li><a href=\"https:\/\/videodanza.rednacionaldearte.com\/films\/screendance.php?id=32\">Distant Anchors<\/a> (EUA) Dir. Jessica Bonenfant<\/li>\n<li><a href=\"https:\/\/videodanza.rednacionaldearte.com\/films\/screendance.php?id=7\">Dark Night Cold Ground<\/a> (Irlanda) Dir. Shaun Clarke<\/li>\n<\/ul>\n<p>&nbsp;<\/p>\n<p>Ubicaci\u00f3n:<\/p>\n<p><iframe loading=\"lazy\" style=\"border: 0;\" src=\"https:\/\/www.google.com\/maps\/embed?pb=!1m18!1m12!1m3!1d3814.13337360355!2d-96.7296996856256!3d17.06612758827192!2m3!1f0!2f0!3f0!3m2!1i1024!2i768!4f13.1!3m3!1m2!1s0x85c7223e0449325f%3A0xde88c7ad6b50bc86!2sIgnacio+Allende+415%2C+RUTA+INDEPENDENCIA%2C+Centro%2C+68000+Oaxaca%2C+Oax.!5e0!3m2!1sen!2smx!4v1536259685758\" width=\"600\" height=\"450\" frameborder=\"0\" allowfullscreen=\"allowfullscreen\"><\/iframe><\/p>\n","protected":false},"excerpt":{"rendered":"<p>El Festival\u00a0Internacional de Videodanza de la Ciudad de M\u00e9xico (#FIVideodanza) llevar\u00e1 a cabo proyecciones de videodanzas de pertenecientes a la \u00faltima edici\u00f3n en Oaxaca como parte de sus actividades de extensi\u00f3n. Las funciones ser\u00e1n el 10 y 11 de Septiembre del 2018 en Casa Abierta\u00a0(Ignacio Allende 415, Centro, Oaxaca) a las 19:30 horas. A continuaci\u00f3n [&hellip;]<\/p>\n","protected":false},"author":1,"featured_media":4407,"comment_status":"closed","ping_status":"open","sticky":false,"template":"","format":"standard","meta":{"footnotes":""},"categories":[60,58,154,18,93,41],"tags":[135,76,153],"class_list":["post-4406","post","type-post","status-publish","format-standard","has-post-thumbnail","hentry","category-cine","category-danza","category-destacado","category-eventos","category-festivales","category-rna","tag-festival-de-videodanza-de-la-ciudad-de-mexico","tag-festival-internacional-de-videodanza-de-la-ciudad-de-mexico","tag-fivideodanza"],"yoast_head":"<!-- This site is optimized with the Yoast SEO plugin v27.2 - https:\/\/yoast.com\/product\/yoast-seo-wordpress\/ -->\n<title>Extensi\u00f3n del Festival Internacional de Videodanza de la CDMX en Oaxaca - Red Nacional de Arte<\/title>\n<meta name=\"robots\" content=\"index, follow, max-snippet:-1, max-image-preview:large, max-video-preview:-1\" \/>\n<link rel=\"canonical\" href=\"http:\/\/rednacionaldearte.com\/noticias\/extension-festival-videodanza-cdmx-oaxaca\/\" \/>\n<meta property=\"og:locale\" content=\"es_ES\" \/>\n<meta property=\"og:type\" content=\"article\" \/>\n<meta property=\"og:title\" content=\"Extensi\u00f3n del Festival Internacional de Videodanza de la CDMX en Oaxaca - Red Nacional de Arte\" \/>\n<meta property=\"og:description\" content=\"El Festival\u00a0Internacional de Videodanza de la Ciudad de M\u00e9xico (#FIVideodanza) llevar\u00e1 a cabo proyecciones de videodanzas de pertenecientes a la \u00faltima edici\u00f3n en Oaxaca como parte de sus actividades de extensi\u00f3n. Las funciones ser\u00e1n el 10 y 11 de Septiembre del 2018 en Casa Abierta\u00a0(Ignacio Allende 415, Centro, Oaxaca) a las 19:30 horas. A continuaci\u00f3n [&hellip;]\" \/>\n<meta property=\"og:url\" content=\"http:\/\/rednacionaldearte.com\/noticias\/extension-festival-videodanza-cdmx-oaxaca\/\" \/>\n<meta property=\"og:site_name\" content=\"Red Nacional de Arte\" \/>\n<meta property=\"article:publisher\" content=\"http:\/\/www.facebook.com\/rednacionaldearte\/\" \/>\n<meta property=\"article:published_time\" content=\"2018-09-06T18:53:30+00:00\" \/>\n<meta property=\"article:modified_time\" content=\"2018-10-13T01:28:24+00:00\" \/>\n<meta property=\"og:image\" content=\"http:\/\/rednacionaldearte.com\/noticias\/wp-content\/uploads\/2018\/09\/Swimminghole.jpg\" \/>\n\t<meta property=\"og:image:width\" content=\"800\" \/>\n\t<meta property=\"og:image:height\" content=\"448\" \/>\n\t<meta property=\"og:image:type\" content=\"image\/jpeg\" \/>\n<meta name=\"author\" content=\"Redacci\u00f3n\" \/>\n<meta name=\"twitter:card\" content=\"summary_large_image\" \/>\n<meta name=\"twitter:creator\" content=\"@rednacionalarte\" \/>\n<meta name=\"twitter:site\" content=\"@rednacionalarte\" \/>\n<meta name=\"twitter:label1\" content=\"Escrito por\" \/>\n\t<meta name=\"twitter:data1\" content=\"Redacci\u00f3n\" \/>\n\t<meta name=\"twitter:label2\" content=\"Tiempo de lectura\" \/>\n\t<meta name=\"twitter:data2\" content=\"1 minuto\" \/>\n<script type=\"application\/ld+json\" class=\"yoast-schema-graph\">{\"@context\":\"https:\/\/schema.org\",\"@graph\":[{\"@type\":\"Article\",\"@id\":\"http:\/\/rednacionaldearte.com\/noticias\/extension-festival-videodanza-cdmx-oaxaca\/#article\",\"isPartOf\":{\"@id\":\"http:\/\/rednacionaldearte.com\/noticias\/extension-festival-videodanza-cdmx-oaxaca\/\"},\"author\":{\"name\":\"Redacci\u00f3n\",\"@id\":\"http:\/\/rednacionaldearte.com\/noticias\/#\/schema\/person\/489d635082b1de413434d2708a3e5b9b\"},\"headline\":\"Extensi\u00f3n del Festival Internacional de Videodanza de la CDMX en Oaxaca\",\"datePublished\":\"2018-09-06T18:53:30+00:00\",\"dateModified\":\"2018-10-13T01:28:24+00:00\",\"mainEntityOfPage\":{\"@id\":\"http:\/\/rednacionaldearte.com\/noticias\/extension-festival-videodanza-cdmx-oaxaca\/\"},\"wordCount\":238,\"publisher\":{\"@id\":\"http:\/\/rednacionaldearte.com\/noticias\/#organization\"},\"image\":{\"@id\":\"http:\/\/rednacionaldearte.com\/noticias\/extension-festival-videodanza-cdmx-oaxaca\/#primaryimage\"},\"thumbnailUrl\":\"https:\/\/rednacionaldearte.com\/noticias\/wp-content\/uploads\/2018\/09\/Swimminghole.jpg\",\"keywords\":[\"Festival de Videodanza de la Ciudad de M\u00e9xico\",\"Festival Internacional de Videodanza de la Ciudad de M\u00e9xico\",\"FIVideodanza\"],\"articleSection\":[\"Cine\",\"Danza\",\"Destacado\",\"Eventos\",\"Festivales\",\"RNA\"],\"inLanguage\":\"es\"},{\"@type\":\"WebPage\",\"@id\":\"http:\/\/rednacionaldearte.com\/noticias\/extension-festival-videodanza-cdmx-oaxaca\/\",\"url\":\"http:\/\/rednacionaldearte.com\/noticias\/extension-festival-videodanza-cdmx-oaxaca\/\",\"name\":\"Extensi\u00f3n del Festival Internacional de Videodanza de la CDMX en Oaxaca - Red Nacional de Arte\",\"isPartOf\":{\"@id\":\"http:\/\/rednacionaldearte.com\/noticias\/#website\"},\"primaryImageOfPage\":{\"@id\":\"http:\/\/rednacionaldearte.com\/noticias\/extension-festival-videodanza-cdmx-oaxaca\/#primaryimage\"},\"image\":{\"@id\":\"http:\/\/rednacionaldearte.com\/noticias\/extension-festival-videodanza-cdmx-oaxaca\/#primaryimage\"},\"thumbnailUrl\":\"https:\/\/rednacionaldearte.com\/noticias\/wp-content\/uploads\/2018\/09\/Swimminghole.jpg\",\"datePublished\":\"2018-09-06T18:53:30+00:00\",\"dateModified\":\"2018-10-13T01:28:24+00:00\",\"breadcrumb\":{\"@id\":\"http:\/\/rednacionaldearte.com\/noticias\/extension-festival-videodanza-cdmx-oaxaca\/#breadcrumb\"},\"inLanguage\":\"es\",\"potentialAction\":[{\"@type\":\"ReadAction\",\"target\":[\"http:\/\/rednacionaldearte.com\/noticias\/extension-festival-videodanza-cdmx-oaxaca\/\"]}]},{\"@type\":\"ImageObject\",\"inLanguage\":\"es\",\"@id\":\"http:\/\/rednacionaldearte.com\/noticias\/extension-festival-videodanza-cdmx-oaxaca\/#primaryimage\",\"url\":\"https:\/\/rednacionaldearte.com\/noticias\/wp-content\/uploads\/2018\/09\/Swimminghole.jpg\",\"contentUrl\":\"https:\/\/rednacionaldearte.com\/noticias\/wp-content\/uploads\/2018\/09\/Swimminghole.jpg\",\"width\":800,\"height\":448,\"caption\":\"Still de \\\"Swimminghole\\\" (Dir. Sarah Friedland)\"},{\"@type\":\"BreadcrumbList\",\"@id\":\"http:\/\/rednacionaldearte.com\/noticias\/extension-festival-videodanza-cdmx-oaxaca\/#breadcrumb\",\"itemListElement\":[{\"@type\":\"ListItem\",\"position\":1,\"name\":\"Home\",\"item\":\"http:\/\/rednacionaldearte.com\/noticias\/\"},{\"@type\":\"ListItem\",\"position\":2,\"name\":\"Extensi\u00f3n del Festival Internacional de Videodanza de la CDMX en Oaxaca\"}]},{\"@type\":\"WebSite\",\"@id\":\"http:\/\/rednacionaldearte.com\/noticias\/#website\",\"url\":\"http:\/\/rednacionaldearte.com\/noticias\/\",\"name\":\"Red Nacional de Arte\",\"description\":\"Cultura y Arte contempor\u00e1neo en M\u00e9xico\",\"publisher\":{\"@id\":\"http:\/\/rednacionaldearte.com\/noticias\/#organization\"},\"potentialAction\":[{\"@type\":\"SearchAction\",\"target\":{\"@type\":\"EntryPoint\",\"urlTemplate\":\"http:\/\/rednacionaldearte.com\/noticias\/?s={search_term_string}\"},\"query-input\":{\"@type\":\"PropertyValueSpecification\",\"valueRequired\":true,\"valueName\":\"search_term_string\"}}],\"inLanguage\":\"es\"},{\"@type\":\"Organization\",\"@id\":\"http:\/\/rednacionaldearte.com\/noticias\/#organization\",\"name\":\"Red Nacional de Arte\",\"url\":\"http:\/\/rednacionaldearte.com\/noticias\/\",\"logo\":{\"@type\":\"ImageObject\",\"inLanguage\":\"es\",\"@id\":\"http:\/\/rednacionaldearte.com\/noticias\/#\/schema\/logo\/image\/\",\"url\":\"http:\/\/rednacionaldearte.com\/noticias\/wp-content\/uploads\/2016\/04\/logo.png\",\"contentUrl\":\"http:\/\/rednacionaldearte.com\/noticias\/wp-content\/uploads\/2016\/04\/logo.png\",\"width\":575,\"height\":554,\"caption\":\"Red Nacional de Arte\"},\"image\":{\"@id\":\"http:\/\/rednacionaldearte.com\/noticias\/#\/schema\/logo\/image\/\"},\"sameAs\":[\"http:\/\/www.facebook.com\/rednacionaldearte\/\",\"https:\/\/x.com\/rednacionalarte\"]},{\"@type\":\"Person\",\"@id\":\"http:\/\/rednacionaldearte.com\/noticias\/#\/schema\/person\/489d635082b1de413434d2708a3e5b9b\",\"name\":\"Redacci\u00f3n\",\"image\":{\"@type\":\"ImageObject\",\"inLanguage\":\"es\",\"@id\":\"https:\/\/secure.gravatar.com\/avatar\/1d1c30eaee7c2f6cfa13fb8502cb06839106cdf371b9953d50e4b572d0bfa3c7?s=96&d=mm&r=g\",\"url\":\"https:\/\/secure.gravatar.com\/avatar\/1d1c30eaee7c2f6cfa13fb8502cb06839106cdf371b9953d50e4b572d0bfa3c7?s=96&d=mm&r=g\",\"contentUrl\":\"https:\/\/secure.gravatar.com\/avatar\/1d1c30eaee7c2f6cfa13fb8502cb06839106cdf371b9953d50e4b572d0bfa3c7?s=96&d=mm&r=g\",\"caption\":\"Redacci\u00f3n\"},\"url\":\"https:\/\/rednacionaldearte.com\/noticias\/author\/adan\/\"}]}<\/script>\n<!-- \/ Yoast SEO plugin. -->","yoast_head_json":{"title":"Extensi\u00f3n del Festival Internacional de Videodanza de la CDMX en Oaxaca - Red Nacional de Arte","robots":{"index":"index","follow":"follow","max-snippet":"max-snippet:-1","max-image-preview":"max-image-preview:large","max-video-preview":"max-video-preview:-1"},"canonical":"http:\/\/rednacionaldearte.com\/noticias\/extension-festival-videodanza-cdmx-oaxaca\/","og_locale":"es_ES","og_type":"article","og_title":"Extensi\u00f3n del Festival Internacional de Videodanza de la CDMX en Oaxaca - Red Nacional de Arte","og_description":"El Festival\u00a0Internacional de Videodanza de la Ciudad de M\u00e9xico (#FIVideodanza) llevar\u00e1 a cabo proyecciones de videodanzas de pertenecientes a la \u00faltima edici\u00f3n en Oaxaca como parte de sus actividades de extensi\u00f3n. Las funciones ser\u00e1n el 10 y 11 de Septiembre del 2018 en Casa Abierta\u00a0(Ignacio Allende 415, Centro, Oaxaca) a las 19:30 horas. A continuaci\u00f3n [&hellip;]","og_url":"http:\/\/rednacionaldearte.com\/noticias\/extension-festival-videodanza-cdmx-oaxaca\/","og_site_name":"Red Nacional de Arte","article_publisher":"http:\/\/www.facebook.com\/rednacionaldearte\/","article_published_time":"2018-09-06T18:53:30+00:00","article_modified_time":"2018-10-13T01:28:24+00:00","og_image":[{"width":800,"height":448,"url":"http:\/\/rednacionaldearte.com\/noticias\/wp-content\/uploads\/2018\/09\/Swimminghole.jpg","type":"image\/jpeg"}],"author":"Redacci\u00f3n","twitter_card":"summary_large_image","twitter_creator":"@rednacionalarte","twitter_site":"@rednacionalarte","twitter_misc":{"Escrito por":"Redacci\u00f3n","Tiempo de lectura":"1 minuto"},"schema":{"@context":"https:\/\/schema.org","@graph":[{"@type":"Article","@id":"http:\/\/rednacionaldearte.com\/noticias\/extension-festival-videodanza-cdmx-oaxaca\/#article","isPartOf":{"@id":"http:\/\/rednacionaldearte.com\/noticias\/extension-festival-videodanza-cdmx-oaxaca\/"},"author":{"name":"Redacci\u00f3n","@id":"http:\/\/rednacionaldearte.com\/noticias\/#\/schema\/person\/489d635082b1de413434d2708a3e5b9b"},"headline":"Extensi\u00f3n del Festival Internacional de Videodanza de la CDMX en Oaxaca","datePublished":"2018-09-06T18:53:30+00:00","dateModified":"2018-10-13T01:28:24+00:00","mainEntityOfPage":{"@id":"http:\/\/rednacionaldearte.com\/noticias\/extension-festival-videodanza-cdmx-oaxaca\/"},"wordCount":238,"publisher":{"@id":"http:\/\/rednacionaldearte.com\/noticias\/#organization"},"image":{"@id":"http:\/\/rednacionaldearte.com\/noticias\/extension-festival-videodanza-cdmx-oaxaca\/#primaryimage"},"thumbnailUrl":"https:\/\/rednacionaldearte.com\/noticias\/wp-content\/uploads\/2018\/09\/Swimminghole.jpg","keywords":["Festival de Videodanza de la Ciudad de M\u00e9xico","Festival Internacional de Videodanza de la Ciudad de M\u00e9xico","FIVideodanza"],"articleSection":["Cine","Danza","Destacado","Eventos","Festivales","RNA"],"inLanguage":"es"},{"@type":"WebPage","@id":"http:\/\/rednacionaldearte.com\/noticias\/extension-festival-videodanza-cdmx-oaxaca\/","url":"http:\/\/rednacionaldearte.com\/noticias\/extension-festival-videodanza-cdmx-oaxaca\/","name":"Extensi\u00f3n del Festival Internacional de Videodanza de la CDMX en Oaxaca - Red Nacional de Arte","isPartOf":{"@id":"http:\/\/rednacionaldearte.com\/noticias\/#website"},"primaryImageOfPage":{"@id":"http:\/\/rednacionaldearte.com\/noticias\/extension-festival-videodanza-cdmx-oaxaca\/#primaryimage"},"image":{"@id":"http:\/\/rednacionaldearte.com\/noticias\/extension-festival-videodanza-cdmx-oaxaca\/#primaryimage"},"thumbnailUrl":"https:\/\/rednacionaldearte.com\/noticias\/wp-content\/uploads\/2018\/09\/Swimminghole.jpg","datePublished":"2018-09-06T18:53:30+00:00","dateModified":"2018-10-13T01:28:24+00:00","breadcrumb":{"@id":"http:\/\/rednacionaldearte.com\/noticias\/extension-festival-videodanza-cdmx-oaxaca\/#breadcrumb"},"inLanguage":"es","potentialAction":[{"@type":"ReadAction","target":["http:\/\/rednacionaldearte.com\/noticias\/extension-festival-videodanza-cdmx-oaxaca\/"]}]},{"@type":"ImageObject","inLanguage":"es","@id":"http:\/\/rednacionaldearte.com\/noticias\/extension-festival-videodanza-cdmx-oaxaca\/#primaryimage","url":"https:\/\/rednacionaldearte.com\/noticias\/wp-content\/uploads\/2018\/09\/Swimminghole.jpg","contentUrl":"https:\/\/rednacionaldearte.com\/noticias\/wp-content\/uploads\/2018\/09\/Swimminghole.jpg","width":800,"height":448,"caption":"Still de \"Swimminghole\" (Dir. Sarah Friedland)"},{"@type":"BreadcrumbList","@id":"http:\/\/rednacionaldearte.com\/noticias\/extension-festival-videodanza-cdmx-oaxaca\/#breadcrumb","itemListElement":[{"@type":"ListItem","position":1,"name":"Home","item":"http:\/\/rednacionaldearte.com\/noticias\/"},{"@type":"ListItem","position":2,"name":"Extensi\u00f3n del Festival Internacional de Videodanza de la CDMX en Oaxaca"}]},{"@type":"WebSite","@id":"http:\/\/rednacionaldearte.com\/noticias\/#website","url":"http:\/\/rednacionaldearte.com\/noticias\/","name":"Red Nacional de Arte","description":"Cultura y Arte contempor\u00e1neo en M\u00e9xico","publisher":{"@id":"http:\/\/rednacionaldearte.com\/noticias\/#organization"},"potentialAction":[{"@type":"SearchAction","target":{"@type":"EntryPoint","urlTemplate":"http:\/\/rednacionaldearte.com\/noticias\/?s={search_term_string}"},"query-input":{"@type":"PropertyValueSpecification","valueRequired":true,"valueName":"search_term_string"}}],"inLanguage":"es"},{"@type":"Organization","@id":"http:\/\/rednacionaldearte.com\/noticias\/#organization","name":"Red Nacional de Arte","url":"http:\/\/rednacionaldearte.com\/noticias\/","logo":{"@type":"ImageObject","inLanguage":"es","@id":"http:\/\/rednacionaldearte.com\/noticias\/#\/schema\/logo\/image\/","url":"http:\/\/rednacionaldearte.com\/noticias\/wp-content\/uploads\/2016\/04\/logo.png","contentUrl":"http:\/\/rednacionaldearte.com\/noticias\/wp-content\/uploads\/2016\/04\/logo.png","width":575,"height":554,"caption":"Red Nacional de Arte"},"image":{"@id":"http:\/\/rednacionaldearte.com\/noticias\/#\/schema\/logo\/image\/"},"sameAs":["http:\/\/www.facebook.com\/rednacionaldearte\/","https:\/\/x.com\/rednacionalarte"]},{"@type":"Person","@id":"http:\/\/rednacionaldearte.com\/noticias\/#\/schema\/person\/489d635082b1de413434d2708a3e5b9b","name":"Redacci\u00f3n","image":{"@type":"ImageObject","inLanguage":"es","@id":"https:\/\/secure.gravatar.com\/avatar\/1d1c30eaee7c2f6cfa13fb8502cb06839106cdf371b9953d50e4b572d0bfa3c7?s=96&d=mm&r=g","url":"https:\/\/secure.gravatar.com\/avatar\/1d1c30eaee7c2f6cfa13fb8502cb06839106cdf371b9953d50e4b572d0bfa3c7?s=96&d=mm&r=g","contentUrl":"https:\/\/secure.gravatar.com\/avatar\/1d1c30eaee7c2f6cfa13fb8502cb06839106cdf371b9953d50e4b572d0bfa3c7?s=96&d=mm&r=g","caption":"Redacci\u00f3n"},"url":"https:\/\/rednacionaldearte.com\/noticias\/author\/adan\/"}]}},"amp_validity":null,"amp_enabled":true,"_links":{"self":[{"href":"https:\/\/rednacionaldearte.com\/noticias\/wp-json\/wp\/v2\/posts\/4406","targetHints":{"allow":["GET"]}}],"collection":[{"href":"https:\/\/rednacionaldearte.com\/noticias\/wp-json\/wp\/v2\/posts"}],"about":[{"href":"https:\/\/rednacionaldearte.com\/noticias\/wp-json\/wp\/v2\/types\/post"}],"author":[{"embeddable":true,"href":"https:\/\/rednacionaldearte.com\/noticias\/wp-json\/wp\/v2\/users\/1"}],"replies":[{"embeddable":true,"href":"https:\/\/rednacionaldearte.com\/noticias\/wp-json\/wp\/v2\/comments?post=4406"}],"version-history":[{"count":4,"href":"https:\/\/rednacionaldearte.com\/noticias\/wp-json\/wp\/v2\/posts\/4406\/revisions"}],"predecessor-version":[{"id":4411,"href":"https:\/\/rednacionaldearte.com\/noticias\/wp-json\/wp\/v2\/posts\/4406\/revisions\/4411"}],"wp:featuredmedia":[{"embeddable":true,"href":"https:\/\/rednacionaldearte.com\/noticias\/wp-json\/wp\/v2\/media\/4407"}],"wp:attachment":[{"href":"https:\/\/rednacionaldearte.com\/noticias\/wp-json\/wp\/v2\/media?parent=4406"}],"wp:term":[{"taxonomy":"category","embeddable":true,"href":"https:\/\/rednacionaldearte.com\/noticias\/wp-json\/wp\/v2\/categories?post=4406"},{"taxonomy":"post_tag","embeddable":true,"href":"https:\/\/rednacionaldearte.com\/noticias\/wp-json\/wp\/v2\/tags?post=4406"}],"curies":[{"name":"wp","href":"https:\/\/api.w.org\/{rel}","templated":true}]}}