{"id":4413,"date":"2018-09-17T07:47:46","date_gmt":"2018-09-17T07:47:46","guid":{"rendered":"http:\/\/rednacionaldearte.com\/noticias\/?p=4413"},"modified":"2018-10-13T01:26:53","modified_gmt":"2018-10-13T01:26:53","slug":"extension-festival-videodanza-ensenada","status":"publish","type":"post","link":"https:\/\/rednacionaldearte.com\/noticias\/extension-festival-videodanza-ensenada\/","title":{"rendered":"Extensi\u00f3n del Festival Internacional de Videodanza de la CDMX en Ensenada"},"content":{"rendered":"<p>El <a href=\"https:\/\/videodanza.rednacionaldearte.com\/\">Festival Internacional de Videodanza de la Ciudad de M\u00e9xico<\/a>\u00a0realizar\u00e1 una extensi\u00f3n paralela a su tercera edici\u00f3n en colaboraci\u00f3n con el FENS (Festival de Cine de Ensenada). Se proyectar\u00e1n videodanzas de ediciones previas, as\u00ed como algunas de la \u00faltima, todas ellas mexicanas.<\/p>\n<p>Las videodanzas ser\u00e1n proyectadas en la galer\u00eda Ernesto Mu\u00f1oz Acosta del CEARTE (Av. L\u00e1zaro C\u00e1rdenas s\/n, Bah\u00eda Ensenada, Baja California) a las 18:30 horas el 21 de Septiembre, y el s\u00e1bado 22 a las 13:30 horas.<\/p>\n<p>Las piezas a proyectarse son las siguientes:<\/p>\n<ul>\n<li>2306, de Karen Lugo<\/li>\n<li>Carmes\u00ed, de Gabriel Ronz\u00f3n<\/li>\n<li>Drop, de Alfredo Salom\u00f3n<\/li>\n<li>Espectro del Cauce, de Gabriela D. Ruvalcaba<\/li>\n<li>Frontera, de Karen Ugalde<\/li>\n<li>La Piel, de Nohbords<\/li>\n<li>Nadie, de Luis Ramirez<\/li>\n<li>NAVE, de Tania Reza<\/li>\n<li>OMAR, de La Intrusa<\/li>\n<li>Reflejos, de Isabel Barajas<\/li>\n<li>SerSiente, de Karen Lugo<\/li>\n<\/ul>\n<p><a href=\"http:\/\/rednacionaldearte.com\/noticias\/wp-content\/uploads\/2018\/09\/21-2.jpg\"><img loading=\"lazy\" decoding=\"async\" class=\"alignnone size-medium wp-image-4414\" src=\"http:\/\/rednacionaldearte.com\/noticias\/wp-content\/uploads\/2018\/09\/21-2-240x300.jpg\" alt=\"\" width=\"240\" height=\"300\" srcset=\"https:\/\/rednacionaldearte.com\/noticias\/wp-content\/uploads\/2018\/09\/21-2-240x300.jpg 240w, https:\/\/rednacionaldearte.com\/noticias\/wp-content\/uploads\/2018\/09\/21-2.jpg 640w\" sizes=\"auto, (max-width: 240px) 100vw, 240px\" \/><\/a> <a href=\"http:\/\/rednacionaldearte.com\/noticias\/wp-content\/uploads\/2018\/09\/22.jpg\"><img loading=\"lazy\" decoding=\"async\" class=\"alignnone size-medium wp-image-4415\" src=\"http:\/\/rednacionaldearte.com\/noticias\/wp-content\/uploads\/2018\/09\/22-240x300.jpg\" alt=\"\" width=\"240\" height=\"300\" srcset=\"https:\/\/rednacionaldearte.com\/noticias\/wp-content\/uploads\/2018\/09\/22-240x300.jpg 240w, https:\/\/rednacionaldearte.com\/noticias\/wp-content\/uploads\/2018\/09\/22.jpg 640w\" sizes=\"auto, (max-width: 240px) 100vw, 240px\" \/><\/a><\/p>\n","protected":false},"excerpt":{"rendered":"<p>El Festival Internacional de Videodanza de la Ciudad de M\u00e9xico\u00a0realizar\u00e1 una extensi\u00f3n paralela a su tercera edici\u00f3n en colaboraci\u00f3n con el FENS (Festival de Cine de Ensenada). Se proyectar\u00e1n videodanzas de ediciones previas, as\u00ed como algunas de la \u00faltima, todas ellas mexicanas. Las videodanzas ser\u00e1n proyectadas en la galer\u00eda Ernesto Mu\u00f1oz Acosta del CEARTE (Av. [&hellip;]<\/p>\n","protected":false},"author":1,"featured_media":4416,"comment_status":"closed","ping_status":"open","sticky":false,"template":"","format":"standard","meta":{"footnotes":""},"categories":[58,154,18,93,41],"tags":[135,76],"class_list":["post-4413","post","type-post","status-publish","format-standard","has-post-thumbnail","hentry","category-danza","category-destacado","category-eventos","category-festivales","category-rna","tag-festival-de-videodanza-de-la-ciudad-de-mexico","tag-festival-internacional-de-videodanza-de-la-ciudad-de-mexico"],"yoast_head":"<!-- This site is optimized with the Yoast SEO plugin v27.2 - https:\/\/yoast.com\/product\/yoast-seo-wordpress\/ -->\n<title>Extensi\u00f3n del Festival Internacional de Videodanza de la CDMX en Ensenada - Red Nacional de Arte<\/title>\n<meta name=\"robots\" content=\"index, follow, max-snippet:-1, max-image-preview:large, max-video-preview:-1\" \/>\n<link rel=\"canonical\" href=\"http:\/\/rednacionaldearte.com\/noticias\/extension-festival-videodanza-ensenada\/\" \/>\n<meta property=\"og:locale\" content=\"es_ES\" \/>\n<meta property=\"og:type\" content=\"article\" \/>\n<meta property=\"og:title\" content=\"Extensi\u00f3n del Festival Internacional de Videodanza de la CDMX en Ensenada - Red Nacional de Arte\" \/>\n<meta property=\"og:description\" content=\"El Festival Internacional de Videodanza de la Ciudad de M\u00e9xico\u00a0realizar\u00e1 una extensi\u00f3n paralela a su tercera edici\u00f3n en colaboraci\u00f3n con el FENS (Festival de Cine de Ensenada). Se proyectar\u00e1n videodanzas de ediciones previas, as\u00ed como algunas de la \u00faltima, todas ellas mexicanas. Las videodanzas ser\u00e1n proyectadas en la galer\u00eda Ernesto Mu\u00f1oz Acosta del CEARTE (Av. [&hellip;]\" \/>\n<meta property=\"og:url\" content=\"http:\/\/rednacionaldearte.com\/noticias\/extension-festival-videodanza-ensenada\/\" \/>\n<meta property=\"og:site_name\" content=\"Red Nacional de Arte\" \/>\n<meta property=\"article:publisher\" content=\"http:\/\/www.facebook.com\/rednacionaldearte\/\" \/>\n<meta property=\"article:published_time\" content=\"2018-09-17T07:47:46+00:00\" \/>\n<meta property=\"article:modified_time\" content=\"2018-10-13T01:26:53+00:00\" \/>\n<meta property=\"og:image\" content=\"http:\/\/rednacionaldearte.com\/noticias\/wp-content\/uploads\/2018\/09\/NAVE_Jimmy_de_Alba.jpg\" \/>\n\t<meta property=\"og:image:width\" content=\"1024\" \/>\n\t<meta property=\"og:image:height\" content=\"678\" \/>\n\t<meta property=\"og:image:type\" content=\"image\/jpeg\" \/>\n<meta name=\"author\" content=\"Redacci\u00f3n\" \/>\n<meta name=\"twitter:card\" content=\"summary_large_image\" \/>\n<meta name=\"twitter:creator\" content=\"@rednacionalarte\" \/>\n<meta name=\"twitter:site\" content=\"@rednacionalarte\" \/>\n<meta name=\"twitter:label1\" content=\"Escrito por\" \/>\n\t<meta name=\"twitter:data1\" content=\"Redacci\u00f3n\" \/>\n\t<meta name=\"twitter:label2\" content=\"Tiempo de lectura\" \/>\n\t<meta name=\"twitter:data2\" content=\"1 minuto\" \/>\n<script type=\"application\/ld+json\" class=\"yoast-schema-graph\">{\"@context\":\"https:\/\/schema.org\",\"@graph\":[{\"@type\":\"Article\",\"@id\":\"http:\/\/rednacionaldearte.com\/noticias\/extension-festival-videodanza-ensenada\/#article\",\"isPartOf\":{\"@id\":\"http:\/\/rednacionaldearte.com\/noticias\/extension-festival-videodanza-ensenada\/\"},\"author\":{\"name\":\"Redacci\u00f3n\",\"@id\":\"http:\/\/rednacionaldearte.com\/noticias\/#\/schema\/person\/489d635082b1de413434d2708a3e5b9b\"},\"headline\":\"Extensi\u00f3n del Festival Internacional de Videodanza de la CDMX en Ensenada\",\"datePublished\":\"2018-09-17T07:47:46+00:00\",\"dateModified\":\"2018-10-13T01:26:53+00:00\",\"mainEntityOfPage\":{\"@id\":\"http:\/\/rednacionaldearte.com\/noticias\/extension-festival-videodanza-ensenada\/\"},\"wordCount\":155,\"publisher\":{\"@id\":\"http:\/\/rednacionaldearte.com\/noticias\/#organization\"},\"image\":{\"@id\":\"http:\/\/rednacionaldearte.com\/noticias\/extension-festival-videodanza-ensenada\/#primaryimage\"},\"thumbnailUrl\":\"https:\/\/rednacionaldearte.com\/noticias\/wp-content\/uploads\/2018\/09\/NAVE_Jimmy_de_Alba.jpg\",\"keywords\":[\"Festival de Videodanza de la Ciudad de M\u00e9xico\",\"Festival Internacional de Videodanza de la Ciudad de M\u00e9xico\"],\"articleSection\":[\"Danza\",\"Destacado\",\"Eventos\",\"Festivales\",\"RNA\"],\"inLanguage\":\"es\"},{\"@type\":\"WebPage\",\"@id\":\"http:\/\/rednacionaldearte.com\/noticias\/extension-festival-videodanza-ensenada\/\",\"url\":\"http:\/\/rednacionaldearte.com\/noticias\/extension-festival-videodanza-ensenada\/\",\"name\":\"Extensi\u00f3n del Festival Internacional de Videodanza de la CDMX en Ensenada - Red Nacional de Arte\",\"isPartOf\":{\"@id\":\"http:\/\/rednacionaldearte.com\/noticias\/#website\"},\"primaryImageOfPage\":{\"@id\":\"http:\/\/rednacionaldearte.com\/noticias\/extension-festival-videodanza-ensenada\/#primaryimage\"},\"image\":{\"@id\":\"http:\/\/rednacionaldearte.com\/noticias\/extension-festival-videodanza-ensenada\/#primaryimage\"},\"thumbnailUrl\":\"https:\/\/rednacionaldearte.com\/noticias\/wp-content\/uploads\/2018\/09\/NAVE_Jimmy_de_Alba.jpg\",\"datePublished\":\"2018-09-17T07:47:46+00:00\",\"dateModified\":\"2018-10-13T01:26:53+00:00\",\"breadcrumb\":{\"@id\":\"http:\/\/rednacionaldearte.com\/noticias\/extension-festival-videodanza-ensenada\/#breadcrumb\"},\"inLanguage\":\"es\",\"potentialAction\":[{\"@type\":\"ReadAction\",\"target\":[\"http:\/\/rednacionaldearte.com\/noticias\/extension-festival-videodanza-ensenada\/\"]}]},{\"@type\":\"ImageObject\",\"inLanguage\":\"es\",\"@id\":\"http:\/\/rednacionaldearte.com\/noticias\/extension-festival-videodanza-ensenada\/#primaryimage\",\"url\":\"https:\/\/rednacionaldearte.com\/noticias\/wp-content\/uploads\/2018\/09\/NAVE_Jimmy_de_Alba.jpg\",\"contentUrl\":\"https:\/\/rednacionaldearte.com\/noticias\/wp-content\/uploads\/2018\/09\/NAVE_Jimmy_de_Alba.jpg\",\"width\":1024,\"height\":678,\"caption\":\"\\\"NAVE\\\", de Tania Reza.\"},{\"@type\":\"BreadcrumbList\",\"@id\":\"http:\/\/rednacionaldearte.com\/noticias\/extension-festival-videodanza-ensenada\/#breadcrumb\",\"itemListElement\":[{\"@type\":\"ListItem\",\"position\":1,\"name\":\"Home\",\"item\":\"http:\/\/rednacionaldearte.com\/noticias\/\"},{\"@type\":\"ListItem\",\"position\":2,\"name\":\"Extensi\u00f3n del Festival Internacional de Videodanza de la CDMX en Ensenada\"}]},{\"@type\":\"WebSite\",\"@id\":\"http:\/\/rednacionaldearte.com\/noticias\/#website\",\"url\":\"http:\/\/rednacionaldearte.com\/noticias\/\",\"name\":\"Red Nacional de Arte\",\"description\":\"Cultura y Arte contempor\u00e1neo en M\u00e9xico\",\"publisher\":{\"@id\":\"http:\/\/rednacionaldearte.com\/noticias\/#organization\"},\"potentialAction\":[{\"@type\":\"SearchAction\",\"target\":{\"@type\":\"EntryPoint\",\"urlTemplate\":\"http:\/\/rednacionaldearte.com\/noticias\/?s={search_term_string}\"},\"query-input\":{\"@type\":\"PropertyValueSpecification\",\"valueRequired\":true,\"valueName\":\"search_term_string\"}}],\"inLanguage\":\"es\"},{\"@type\":\"Organization\",\"@id\":\"http:\/\/rednacionaldearte.com\/noticias\/#organization\",\"name\":\"Red Nacional de Arte\",\"url\":\"http:\/\/rednacionaldearte.com\/noticias\/\",\"logo\":{\"@type\":\"ImageObject\",\"inLanguage\":\"es\",\"@id\":\"http:\/\/rednacionaldearte.com\/noticias\/#\/schema\/logo\/image\/\",\"url\":\"http:\/\/rednacionaldearte.com\/noticias\/wp-content\/uploads\/2016\/04\/logo.png\",\"contentUrl\":\"http:\/\/rednacionaldearte.com\/noticias\/wp-content\/uploads\/2016\/04\/logo.png\",\"width\":575,\"height\":554,\"caption\":\"Red Nacional de Arte\"},\"image\":{\"@id\":\"http:\/\/rednacionaldearte.com\/noticias\/#\/schema\/logo\/image\/\"},\"sameAs\":[\"http:\/\/www.facebook.com\/rednacionaldearte\/\",\"https:\/\/x.com\/rednacionalarte\"]},{\"@type\":\"Person\",\"@id\":\"http:\/\/rednacionaldearte.com\/noticias\/#\/schema\/person\/489d635082b1de413434d2708a3e5b9b\",\"name\":\"Redacci\u00f3n\",\"image\":{\"@type\":\"ImageObject\",\"inLanguage\":\"es\",\"@id\":\"https:\/\/secure.gravatar.com\/avatar\/1d1c30eaee7c2f6cfa13fb8502cb06839106cdf371b9953d50e4b572d0bfa3c7?s=96&d=mm&r=g\",\"url\":\"https:\/\/secure.gravatar.com\/avatar\/1d1c30eaee7c2f6cfa13fb8502cb06839106cdf371b9953d50e4b572d0bfa3c7?s=96&d=mm&r=g\",\"contentUrl\":\"https:\/\/secure.gravatar.com\/avatar\/1d1c30eaee7c2f6cfa13fb8502cb06839106cdf371b9953d50e4b572d0bfa3c7?s=96&d=mm&r=g\",\"caption\":\"Redacci\u00f3n\"},\"url\":\"https:\/\/rednacionaldearte.com\/noticias\/author\/adan\/\"}]}<\/script>\n<!-- \/ Yoast SEO plugin. -->","yoast_head_json":{"title":"Extensi\u00f3n del Festival Internacional de Videodanza de la CDMX en Ensenada - Red Nacional de Arte","robots":{"index":"index","follow":"follow","max-snippet":"max-snippet:-1","max-image-preview":"max-image-preview:large","max-video-preview":"max-video-preview:-1"},"canonical":"http:\/\/rednacionaldearte.com\/noticias\/extension-festival-videodanza-ensenada\/","og_locale":"es_ES","og_type":"article","og_title":"Extensi\u00f3n del Festival Internacional de Videodanza de la CDMX en Ensenada - Red Nacional de Arte","og_description":"El Festival Internacional de Videodanza de la Ciudad de M\u00e9xico\u00a0realizar\u00e1 una extensi\u00f3n paralela a su tercera edici\u00f3n en colaboraci\u00f3n con el FENS (Festival de Cine de Ensenada). Se proyectar\u00e1n videodanzas de ediciones previas, as\u00ed como algunas de la \u00faltima, todas ellas mexicanas. Las videodanzas ser\u00e1n proyectadas en la galer\u00eda Ernesto Mu\u00f1oz Acosta del CEARTE (Av. [&hellip;]","og_url":"http:\/\/rednacionaldearte.com\/noticias\/extension-festival-videodanza-ensenada\/","og_site_name":"Red Nacional de Arte","article_publisher":"http:\/\/www.facebook.com\/rednacionaldearte\/","article_published_time":"2018-09-17T07:47:46+00:00","article_modified_time":"2018-10-13T01:26:53+00:00","og_image":[{"width":1024,"height":678,"url":"http:\/\/rednacionaldearte.com\/noticias\/wp-content\/uploads\/2018\/09\/NAVE_Jimmy_de_Alba.jpg","type":"image\/jpeg"}],"author":"Redacci\u00f3n","twitter_card":"summary_large_image","twitter_creator":"@rednacionalarte","twitter_site":"@rednacionalarte","twitter_misc":{"Escrito por":"Redacci\u00f3n","Tiempo de lectura":"1 minuto"},"schema":{"@context":"https:\/\/schema.org","@graph":[{"@type":"Article","@id":"http:\/\/rednacionaldearte.com\/noticias\/extension-festival-videodanza-ensenada\/#article","isPartOf":{"@id":"http:\/\/rednacionaldearte.com\/noticias\/extension-festival-videodanza-ensenada\/"},"author":{"name":"Redacci\u00f3n","@id":"http:\/\/rednacionaldearte.com\/noticias\/#\/schema\/person\/489d635082b1de413434d2708a3e5b9b"},"headline":"Extensi\u00f3n del Festival Internacional de Videodanza de la CDMX en Ensenada","datePublished":"2018-09-17T07:47:46+00:00","dateModified":"2018-10-13T01:26:53+00:00","mainEntityOfPage":{"@id":"http:\/\/rednacionaldearte.com\/noticias\/extension-festival-videodanza-ensenada\/"},"wordCount":155,"publisher":{"@id":"http:\/\/rednacionaldearte.com\/noticias\/#organization"},"image":{"@id":"http:\/\/rednacionaldearte.com\/noticias\/extension-festival-videodanza-ensenada\/#primaryimage"},"thumbnailUrl":"https:\/\/rednacionaldearte.com\/noticias\/wp-content\/uploads\/2018\/09\/NAVE_Jimmy_de_Alba.jpg","keywords":["Festival de Videodanza de la Ciudad de M\u00e9xico","Festival Internacional de Videodanza de la Ciudad de M\u00e9xico"],"articleSection":["Danza","Destacado","Eventos","Festivales","RNA"],"inLanguage":"es"},{"@type":"WebPage","@id":"http:\/\/rednacionaldearte.com\/noticias\/extension-festival-videodanza-ensenada\/","url":"http:\/\/rednacionaldearte.com\/noticias\/extension-festival-videodanza-ensenada\/","name":"Extensi\u00f3n del Festival Internacional de Videodanza de la CDMX en Ensenada - Red Nacional de Arte","isPartOf":{"@id":"http:\/\/rednacionaldearte.com\/noticias\/#website"},"primaryImageOfPage":{"@id":"http:\/\/rednacionaldearte.com\/noticias\/extension-festival-videodanza-ensenada\/#primaryimage"},"image":{"@id":"http:\/\/rednacionaldearte.com\/noticias\/extension-festival-videodanza-ensenada\/#primaryimage"},"thumbnailUrl":"https:\/\/rednacionaldearte.com\/noticias\/wp-content\/uploads\/2018\/09\/NAVE_Jimmy_de_Alba.jpg","datePublished":"2018-09-17T07:47:46+00:00","dateModified":"2018-10-13T01:26:53+00:00","breadcrumb":{"@id":"http:\/\/rednacionaldearte.com\/noticias\/extension-festival-videodanza-ensenada\/#breadcrumb"},"inLanguage":"es","potentialAction":[{"@type":"ReadAction","target":["http:\/\/rednacionaldearte.com\/noticias\/extension-festival-videodanza-ensenada\/"]}]},{"@type":"ImageObject","inLanguage":"es","@id":"http:\/\/rednacionaldearte.com\/noticias\/extension-festival-videodanza-ensenada\/#primaryimage","url":"https:\/\/rednacionaldearte.com\/noticias\/wp-content\/uploads\/2018\/09\/NAVE_Jimmy_de_Alba.jpg","contentUrl":"https:\/\/rednacionaldearte.com\/noticias\/wp-content\/uploads\/2018\/09\/NAVE_Jimmy_de_Alba.jpg","width":1024,"height":678,"caption":"\"NAVE\", de Tania Reza."},{"@type":"BreadcrumbList","@id":"http:\/\/rednacionaldearte.com\/noticias\/extension-festival-videodanza-ensenada\/#breadcrumb","itemListElement":[{"@type":"ListItem","position":1,"name":"Home","item":"http:\/\/rednacionaldearte.com\/noticias\/"},{"@type":"ListItem","position":2,"name":"Extensi\u00f3n del Festival Internacional de Videodanza de la CDMX en Ensenada"}]},{"@type":"WebSite","@id":"http:\/\/rednacionaldearte.com\/noticias\/#website","url":"http:\/\/rednacionaldearte.com\/noticias\/","name":"Red Nacional de Arte","description":"Cultura y Arte contempor\u00e1neo en M\u00e9xico","publisher":{"@id":"http:\/\/rednacionaldearte.com\/noticias\/#organization"},"potentialAction":[{"@type":"SearchAction","target":{"@type":"EntryPoint","urlTemplate":"http:\/\/rednacionaldearte.com\/noticias\/?s={search_term_string}"},"query-input":{"@type":"PropertyValueSpecification","valueRequired":true,"valueName":"search_term_string"}}],"inLanguage":"es"},{"@type":"Organization","@id":"http:\/\/rednacionaldearte.com\/noticias\/#organization","name":"Red Nacional de Arte","url":"http:\/\/rednacionaldearte.com\/noticias\/","logo":{"@type":"ImageObject","inLanguage":"es","@id":"http:\/\/rednacionaldearte.com\/noticias\/#\/schema\/logo\/image\/","url":"http:\/\/rednacionaldearte.com\/noticias\/wp-content\/uploads\/2016\/04\/logo.png","contentUrl":"http:\/\/rednacionaldearte.com\/noticias\/wp-content\/uploads\/2016\/04\/logo.png","width":575,"height":554,"caption":"Red Nacional de Arte"},"image":{"@id":"http:\/\/rednacionaldearte.com\/noticias\/#\/schema\/logo\/image\/"},"sameAs":["http:\/\/www.facebook.com\/rednacionaldearte\/","https:\/\/x.com\/rednacionalarte"]},{"@type":"Person","@id":"http:\/\/rednacionaldearte.com\/noticias\/#\/schema\/person\/489d635082b1de413434d2708a3e5b9b","name":"Redacci\u00f3n","image":{"@type":"ImageObject","inLanguage":"es","@id":"https:\/\/secure.gravatar.com\/avatar\/1d1c30eaee7c2f6cfa13fb8502cb06839106cdf371b9953d50e4b572d0bfa3c7?s=96&d=mm&r=g","url":"https:\/\/secure.gravatar.com\/avatar\/1d1c30eaee7c2f6cfa13fb8502cb06839106cdf371b9953d50e4b572d0bfa3c7?s=96&d=mm&r=g","contentUrl":"https:\/\/secure.gravatar.com\/avatar\/1d1c30eaee7c2f6cfa13fb8502cb06839106cdf371b9953d50e4b572d0bfa3c7?s=96&d=mm&r=g","caption":"Redacci\u00f3n"},"url":"https:\/\/rednacionaldearte.com\/noticias\/author\/adan\/"}]}},"amp_validity":null,"amp_enabled":true,"_links":{"self":[{"href":"https:\/\/rednacionaldearte.com\/noticias\/wp-json\/wp\/v2\/posts\/4413","targetHints":{"allow":["GET"]}}],"collection":[{"href":"https:\/\/rednacionaldearte.com\/noticias\/wp-json\/wp\/v2\/posts"}],"about":[{"href":"https:\/\/rednacionaldearte.com\/noticias\/wp-json\/wp\/v2\/types\/post"}],"author":[{"embeddable":true,"href":"https:\/\/rednacionaldearte.com\/noticias\/wp-json\/wp\/v2\/users\/1"}],"replies":[{"embeddable":true,"href":"https:\/\/rednacionaldearte.com\/noticias\/wp-json\/wp\/v2\/comments?post=4413"}],"version-history":[{"count":1,"href":"https:\/\/rednacionaldearte.com\/noticias\/wp-json\/wp\/v2\/posts\/4413\/revisions"}],"predecessor-version":[{"id":4417,"href":"https:\/\/rednacionaldearte.com\/noticias\/wp-json\/wp\/v2\/posts\/4413\/revisions\/4417"}],"wp:featuredmedia":[{"embeddable":true,"href":"https:\/\/rednacionaldearte.com\/noticias\/wp-json\/wp\/v2\/media\/4416"}],"wp:attachment":[{"href":"https:\/\/rednacionaldearte.com\/noticias\/wp-json\/wp\/v2\/media?parent=4413"}],"wp:term":[{"taxonomy":"category","embeddable":true,"href":"https:\/\/rednacionaldearte.com\/noticias\/wp-json\/wp\/v2\/categories?post=4413"},{"taxonomy":"post_tag","embeddable":true,"href":"https:\/\/rednacionaldearte.com\/noticias\/wp-json\/wp\/v2\/tags?post=4413"}],"curies":[{"name":"wp","href":"https:\/\/api.w.org\/{rel}","templated":true}]}}