{"id":4420,"date":"2018-09-21T20:40:57","date_gmt":"2018-09-21T20:40:57","guid":{"rendered":"http:\/\/rednacionaldearte.com\/noticias\/?p=4420"},"modified":"2018-09-21T20:40:57","modified_gmt":"2018-09-21T20:40:57","slug":"extension-videodanza-merida","status":"publish","type":"post","link":"https:\/\/rednacionaldearte.com\/noticias\/extension-videodanza-merida\/","title":{"rendered":"Extensi\u00f3n del Festival Internacional de Videodanza de la CDMX en M\u00e9rida"},"content":{"rendered":"<p>Con la intenci\u00f3n de compartir las videodanzas del festival con la amplia comunidad de danza Vogue que actualmente existe en M\u00e9xico, hemos realizado una colaboraci\u00f3n con House of Apocalipstick para proyectar dos documentales en el evento \u00abViva la Vogue\u00bb.<\/p>\n<p>Se trata de un fin de semana lleno de actividades en torno al Vogue: S\u00e1bado 22 Taller de Vogue + Sex Siren, Fiesta \u00abRemedios Ball\u00bb y Domingo 23 Viva La Vogue: proyecci\u00f3n y conversatorio.<\/p>\n<p>El domingo 23 se proyectar\u00e1n dos documentales: \u00abMother&#8217;s Balls\u00bb de la directora Catherine van Campen y \u00abOtherland\u00bb del director Jan Pieter Tuinstra, ambos directores de Pa\u00edses Bajos.<\/p>\n<p>Adem\u00e1s de las proyecciones habr\u00e1 un espacio de conversaci\u00f3n con artistas invitadas: Franka LaBeija, Peligrosa LaBeija y Adri\u00e1n Correa de Las Voguer\u00e9xicas.<\/p>\n<p>Domingo 23 Sept., 16-19hrs. Lugar: Tum\u00e0ka&#8217;t (Calle 51 #475A, Centro, M\u00e9rida)<br \/>\nCuota de recuperaci\u00f3n: $50<\/p>\n<p>Link de eventos:<br \/>\nTaller: <a href=\"https:\/\/www.facebook.com\/events\/435197146989905\">https:\/\/www.facebook.com\/events\/435197146989905<\/a><br \/>\nFiesta: <a href=\"https:\/\/www.facebook.com\/events\/296847464409873\">https:\/\/www.facebook.com\/events\/296847464409873<\/a><br \/>\nProyecciones: <a href=\"https:\/\/www.facebook.com\/events\/264042830895956\">https:\/\/www.facebook.com\/events\/264042830895956<\/a><\/p>\n","protected":false},"excerpt":{"rendered":"<p>Con la intenci\u00f3n de compartir las videodanzas del festival con la amplia comunidad de danza Vogue que actualmente existe en M\u00e9xico, hemos realizado una colaboraci\u00f3n con House of Apocalipstick para proyectar dos documentales en el evento \u00abViva la Vogue\u00bb. Se trata de un fin de semana lleno de actividades en torno al Vogue: S\u00e1bado 22 [&hellip;]<\/p>\n","protected":false},"author":1,"featured_media":4421,"comment_status":"closed","ping_status":"open","sticky":false,"template":"","format":"standard","meta":{"footnotes":""},"categories":[103,18,93,41],"tags":[135,76],"class_list":["post-4420","post","type-post","status-publish","format-standard","has-post-thumbnail","hentry","category-artes-escenicas","category-eventos","category-festivales","category-rna","tag-festival-de-videodanza-de-la-ciudad-de-mexico","tag-festival-internacional-de-videodanza-de-la-ciudad-de-mexico"],"yoast_head":"<!-- This site is optimized with the Yoast SEO plugin v27.2 - https:\/\/yoast.com\/product\/yoast-seo-wordpress\/ -->\n<title>Extensi\u00f3n del Festival Internacional de Videodanza de la CDMX en M\u00e9rida - Red Nacional de Arte<\/title>\n<meta name=\"robots\" content=\"index, follow, max-snippet:-1, max-image-preview:large, max-video-preview:-1\" \/>\n<link rel=\"canonical\" href=\"http:\/\/rednacionaldearte.com\/noticias\/extension-videodanza-merida\/\" \/>\n<meta property=\"og:locale\" content=\"es_ES\" \/>\n<meta property=\"og:type\" content=\"article\" \/>\n<meta property=\"og:title\" content=\"Extensi\u00f3n del Festival Internacional de Videodanza de la CDMX en M\u00e9rida - Red Nacional de Arte\" \/>\n<meta property=\"og:description\" content=\"Con la intenci\u00f3n de compartir las videodanzas del festival con la amplia comunidad de danza Vogue que actualmente existe en M\u00e9xico, hemos realizado una colaboraci\u00f3n con House of Apocalipstick para proyectar dos documentales en el evento \u00abViva la Vogue\u00bb. Se trata de un fin de semana lleno de actividades en torno al Vogue: S\u00e1bado 22 [&hellip;]\" \/>\n<meta property=\"og:url\" content=\"http:\/\/rednacionaldearte.com\/noticias\/extension-videodanza-merida\/\" \/>\n<meta property=\"og:site_name\" content=\"Red Nacional de Arte\" \/>\n<meta property=\"article:publisher\" content=\"http:\/\/www.facebook.com\/rednacionaldearte\/\" \/>\n<meta property=\"article:published_time\" content=\"2018-09-21T20:40:57+00:00\" \/>\n<meta property=\"og:image\" content=\"http:\/\/rednacionaldearte.com\/noticias\/wp-content\/uploads\/2018\/09\/Merida_VivalaVogue.jpg\" \/>\n\t<meta property=\"og:image:width\" content=\"1200\" \/>\n\t<meta property=\"og:image:height\" content=\"800\" \/>\n\t<meta property=\"og:image:type\" content=\"image\/jpeg\" \/>\n<meta name=\"author\" content=\"Redacci\u00f3n\" \/>\n<meta name=\"twitter:card\" content=\"summary_large_image\" \/>\n<meta name=\"twitter:creator\" content=\"@rednacionalarte\" \/>\n<meta name=\"twitter:site\" content=\"@rednacionalarte\" \/>\n<meta name=\"twitter:label1\" content=\"Escrito por\" \/>\n\t<meta name=\"twitter:data1\" content=\"Redacci\u00f3n\" \/>\n\t<meta name=\"twitter:label2\" content=\"Tiempo de lectura\" \/>\n\t<meta name=\"twitter:data2\" content=\"1 minuto\" \/>\n<script type=\"application\/ld+json\" class=\"yoast-schema-graph\">{\"@context\":\"https:\/\/schema.org\",\"@graph\":[{\"@type\":\"Article\",\"@id\":\"http:\/\/rednacionaldearte.com\/noticias\/extension-videodanza-merida\/#article\",\"isPartOf\":{\"@id\":\"http:\/\/rednacionaldearte.com\/noticias\/extension-videodanza-merida\/\"},\"author\":{\"name\":\"Redacci\u00f3n\",\"@id\":\"http:\/\/rednacionaldearte.com\/noticias\/#\/schema\/person\/489d635082b1de413434d2708a3e5b9b\"},\"headline\":\"Extensi\u00f3n del Festival Internacional de Videodanza de la CDMX en M\u00e9rida\",\"datePublished\":\"2018-09-21T20:40:57+00:00\",\"mainEntityOfPage\":{\"@id\":\"http:\/\/rednacionaldearte.com\/noticias\/extension-videodanza-merida\/\"},\"wordCount\":181,\"publisher\":{\"@id\":\"http:\/\/rednacionaldearte.com\/noticias\/#organization\"},\"image\":{\"@id\":\"http:\/\/rednacionaldearte.com\/noticias\/extension-videodanza-merida\/#primaryimage\"},\"thumbnailUrl\":\"https:\/\/rednacionaldearte.com\/noticias\/wp-content\/uploads\/2018\/09\/Merida_VivalaVogue.jpg\",\"keywords\":[\"Festival de Videodanza de la Ciudad de M\u00e9xico\",\"Festival Internacional de Videodanza de la Ciudad de M\u00e9xico\"],\"articleSection\":[\"Artes Esc\u00e9nicas\",\"Eventos\",\"Festivales\",\"RNA\"],\"inLanguage\":\"es\"},{\"@type\":\"WebPage\",\"@id\":\"http:\/\/rednacionaldearte.com\/noticias\/extension-videodanza-merida\/\",\"url\":\"http:\/\/rednacionaldearte.com\/noticias\/extension-videodanza-merida\/\",\"name\":\"Extensi\u00f3n del Festival Internacional de Videodanza de la CDMX en M\u00e9rida - Red Nacional de Arte\",\"isPartOf\":{\"@id\":\"http:\/\/rednacionaldearte.com\/noticias\/#website\"},\"primaryImageOfPage\":{\"@id\":\"http:\/\/rednacionaldearte.com\/noticias\/extension-videodanza-merida\/#primaryimage\"},\"image\":{\"@id\":\"http:\/\/rednacionaldearte.com\/noticias\/extension-videodanza-merida\/#primaryimage\"},\"thumbnailUrl\":\"https:\/\/rednacionaldearte.com\/noticias\/wp-content\/uploads\/2018\/09\/Merida_VivalaVogue.jpg\",\"datePublished\":\"2018-09-21T20:40:57+00:00\",\"breadcrumb\":{\"@id\":\"http:\/\/rednacionaldearte.com\/noticias\/extension-videodanza-merida\/#breadcrumb\"},\"inLanguage\":\"es\",\"potentialAction\":[{\"@type\":\"ReadAction\",\"target\":[\"http:\/\/rednacionaldearte.com\/noticias\/extension-videodanza-merida\/\"]}]},{\"@type\":\"ImageObject\",\"inLanguage\":\"es\",\"@id\":\"http:\/\/rednacionaldearte.com\/noticias\/extension-videodanza-merida\/#primaryimage\",\"url\":\"https:\/\/rednacionaldearte.com\/noticias\/wp-content\/uploads\/2018\/09\/Merida_VivalaVogue.jpg\",\"contentUrl\":\"https:\/\/rednacionaldearte.com\/noticias\/wp-content\/uploads\/2018\/09\/Merida_VivalaVogue.jpg\",\"width\":1200,\"height\":800},{\"@type\":\"BreadcrumbList\",\"@id\":\"http:\/\/rednacionaldearte.com\/noticias\/extension-videodanza-merida\/#breadcrumb\",\"itemListElement\":[{\"@type\":\"ListItem\",\"position\":1,\"name\":\"Home\",\"item\":\"http:\/\/rednacionaldearte.com\/noticias\/\"},{\"@type\":\"ListItem\",\"position\":2,\"name\":\"Extensi\u00f3n del Festival Internacional de Videodanza de la CDMX en M\u00e9rida\"}]},{\"@type\":\"WebSite\",\"@id\":\"http:\/\/rednacionaldearte.com\/noticias\/#website\",\"url\":\"http:\/\/rednacionaldearte.com\/noticias\/\",\"name\":\"Red Nacional de Arte\",\"description\":\"Cultura y Arte contempor\u00e1neo en M\u00e9xico\",\"publisher\":{\"@id\":\"http:\/\/rednacionaldearte.com\/noticias\/#organization\"},\"potentialAction\":[{\"@type\":\"SearchAction\",\"target\":{\"@type\":\"EntryPoint\",\"urlTemplate\":\"http:\/\/rednacionaldearte.com\/noticias\/?s={search_term_string}\"},\"query-input\":{\"@type\":\"PropertyValueSpecification\",\"valueRequired\":true,\"valueName\":\"search_term_string\"}}],\"inLanguage\":\"es\"},{\"@type\":\"Organization\",\"@id\":\"http:\/\/rednacionaldearte.com\/noticias\/#organization\",\"name\":\"Red Nacional de Arte\",\"url\":\"http:\/\/rednacionaldearte.com\/noticias\/\",\"logo\":{\"@type\":\"ImageObject\",\"inLanguage\":\"es\",\"@id\":\"http:\/\/rednacionaldearte.com\/noticias\/#\/schema\/logo\/image\/\",\"url\":\"http:\/\/rednacionaldearte.com\/noticias\/wp-content\/uploads\/2016\/04\/logo.png\",\"contentUrl\":\"http:\/\/rednacionaldearte.com\/noticias\/wp-content\/uploads\/2016\/04\/logo.png\",\"width\":575,\"height\":554,\"caption\":\"Red Nacional de Arte\"},\"image\":{\"@id\":\"http:\/\/rednacionaldearte.com\/noticias\/#\/schema\/logo\/image\/\"},\"sameAs\":[\"http:\/\/www.facebook.com\/rednacionaldearte\/\",\"https:\/\/x.com\/rednacionalarte\"]},{\"@type\":\"Person\",\"@id\":\"http:\/\/rednacionaldearte.com\/noticias\/#\/schema\/person\/489d635082b1de413434d2708a3e5b9b\",\"name\":\"Redacci\u00f3n\",\"image\":{\"@type\":\"ImageObject\",\"inLanguage\":\"es\",\"@id\":\"https:\/\/secure.gravatar.com\/avatar\/1d1c30eaee7c2f6cfa13fb8502cb06839106cdf371b9953d50e4b572d0bfa3c7?s=96&d=mm&r=g\",\"url\":\"https:\/\/secure.gravatar.com\/avatar\/1d1c30eaee7c2f6cfa13fb8502cb06839106cdf371b9953d50e4b572d0bfa3c7?s=96&d=mm&r=g\",\"contentUrl\":\"https:\/\/secure.gravatar.com\/avatar\/1d1c30eaee7c2f6cfa13fb8502cb06839106cdf371b9953d50e4b572d0bfa3c7?s=96&d=mm&r=g\",\"caption\":\"Redacci\u00f3n\"},\"url\":\"https:\/\/rednacionaldearte.com\/noticias\/author\/adan\/\"}]}<\/script>\n<!-- \/ Yoast SEO plugin. -->","yoast_head_json":{"title":"Extensi\u00f3n del Festival Internacional de Videodanza de la CDMX en M\u00e9rida - Red Nacional de Arte","robots":{"index":"index","follow":"follow","max-snippet":"max-snippet:-1","max-image-preview":"max-image-preview:large","max-video-preview":"max-video-preview:-1"},"canonical":"http:\/\/rednacionaldearte.com\/noticias\/extension-videodanza-merida\/","og_locale":"es_ES","og_type":"article","og_title":"Extensi\u00f3n del Festival Internacional de Videodanza de la CDMX en M\u00e9rida - Red Nacional de Arte","og_description":"Con la intenci\u00f3n de compartir las videodanzas del festival con la amplia comunidad de danza Vogue que actualmente existe en M\u00e9xico, hemos realizado una colaboraci\u00f3n con House of Apocalipstick para proyectar dos documentales en el evento \u00abViva la Vogue\u00bb. Se trata de un fin de semana lleno de actividades en torno al Vogue: S\u00e1bado 22 [&hellip;]","og_url":"http:\/\/rednacionaldearte.com\/noticias\/extension-videodanza-merida\/","og_site_name":"Red Nacional de Arte","article_publisher":"http:\/\/www.facebook.com\/rednacionaldearte\/","article_published_time":"2018-09-21T20:40:57+00:00","og_image":[{"width":1200,"height":800,"url":"http:\/\/rednacionaldearte.com\/noticias\/wp-content\/uploads\/2018\/09\/Merida_VivalaVogue.jpg","type":"image\/jpeg"}],"author":"Redacci\u00f3n","twitter_card":"summary_large_image","twitter_creator":"@rednacionalarte","twitter_site":"@rednacionalarte","twitter_misc":{"Escrito por":"Redacci\u00f3n","Tiempo de lectura":"1 minuto"},"schema":{"@context":"https:\/\/schema.org","@graph":[{"@type":"Article","@id":"http:\/\/rednacionaldearte.com\/noticias\/extension-videodanza-merida\/#article","isPartOf":{"@id":"http:\/\/rednacionaldearte.com\/noticias\/extension-videodanza-merida\/"},"author":{"name":"Redacci\u00f3n","@id":"http:\/\/rednacionaldearte.com\/noticias\/#\/schema\/person\/489d635082b1de413434d2708a3e5b9b"},"headline":"Extensi\u00f3n del Festival Internacional de Videodanza de la CDMX en M\u00e9rida","datePublished":"2018-09-21T20:40:57+00:00","mainEntityOfPage":{"@id":"http:\/\/rednacionaldearte.com\/noticias\/extension-videodanza-merida\/"},"wordCount":181,"publisher":{"@id":"http:\/\/rednacionaldearte.com\/noticias\/#organization"},"image":{"@id":"http:\/\/rednacionaldearte.com\/noticias\/extension-videodanza-merida\/#primaryimage"},"thumbnailUrl":"https:\/\/rednacionaldearte.com\/noticias\/wp-content\/uploads\/2018\/09\/Merida_VivalaVogue.jpg","keywords":["Festival de Videodanza de la Ciudad de M\u00e9xico","Festival Internacional de Videodanza de la Ciudad de M\u00e9xico"],"articleSection":["Artes Esc\u00e9nicas","Eventos","Festivales","RNA"],"inLanguage":"es"},{"@type":"WebPage","@id":"http:\/\/rednacionaldearte.com\/noticias\/extension-videodanza-merida\/","url":"http:\/\/rednacionaldearte.com\/noticias\/extension-videodanza-merida\/","name":"Extensi\u00f3n del Festival Internacional de Videodanza de la CDMX en M\u00e9rida - Red Nacional de Arte","isPartOf":{"@id":"http:\/\/rednacionaldearte.com\/noticias\/#website"},"primaryImageOfPage":{"@id":"http:\/\/rednacionaldearte.com\/noticias\/extension-videodanza-merida\/#primaryimage"},"image":{"@id":"http:\/\/rednacionaldearte.com\/noticias\/extension-videodanza-merida\/#primaryimage"},"thumbnailUrl":"https:\/\/rednacionaldearte.com\/noticias\/wp-content\/uploads\/2018\/09\/Merida_VivalaVogue.jpg","datePublished":"2018-09-21T20:40:57+00:00","breadcrumb":{"@id":"http:\/\/rednacionaldearte.com\/noticias\/extension-videodanza-merida\/#breadcrumb"},"inLanguage":"es","potentialAction":[{"@type":"ReadAction","target":["http:\/\/rednacionaldearte.com\/noticias\/extension-videodanza-merida\/"]}]},{"@type":"ImageObject","inLanguage":"es","@id":"http:\/\/rednacionaldearte.com\/noticias\/extension-videodanza-merida\/#primaryimage","url":"https:\/\/rednacionaldearte.com\/noticias\/wp-content\/uploads\/2018\/09\/Merida_VivalaVogue.jpg","contentUrl":"https:\/\/rednacionaldearte.com\/noticias\/wp-content\/uploads\/2018\/09\/Merida_VivalaVogue.jpg","width":1200,"height":800},{"@type":"BreadcrumbList","@id":"http:\/\/rednacionaldearte.com\/noticias\/extension-videodanza-merida\/#breadcrumb","itemListElement":[{"@type":"ListItem","position":1,"name":"Home","item":"http:\/\/rednacionaldearte.com\/noticias\/"},{"@type":"ListItem","position":2,"name":"Extensi\u00f3n del Festival Internacional de Videodanza de la CDMX en M\u00e9rida"}]},{"@type":"WebSite","@id":"http:\/\/rednacionaldearte.com\/noticias\/#website","url":"http:\/\/rednacionaldearte.com\/noticias\/","name":"Red Nacional de Arte","description":"Cultura y Arte contempor\u00e1neo en M\u00e9xico","publisher":{"@id":"http:\/\/rednacionaldearte.com\/noticias\/#organization"},"potentialAction":[{"@type":"SearchAction","target":{"@type":"EntryPoint","urlTemplate":"http:\/\/rednacionaldearte.com\/noticias\/?s={search_term_string}"},"query-input":{"@type":"PropertyValueSpecification","valueRequired":true,"valueName":"search_term_string"}}],"inLanguage":"es"},{"@type":"Organization","@id":"http:\/\/rednacionaldearte.com\/noticias\/#organization","name":"Red Nacional de Arte","url":"http:\/\/rednacionaldearte.com\/noticias\/","logo":{"@type":"ImageObject","inLanguage":"es","@id":"http:\/\/rednacionaldearte.com\/noticias\/#\/schema\/logo\/image\/","url":"http:\/\/rednacionaldearte.com\/noticias\/wp-content\/uploads\/2016\/04\/logo.png","contentUrl":"http:\/\/rednacionaldearte.com\/noticias\/wp-content\/uploads\/2016\/04\/logo.png","width":575,"height":554,"caption":"Red Nacional de Arte"},"image":{"@id":"http:\/\/rednacionaldearte.com\/noticias\/#\/schema\/logo\/image\/"},"sameAs":["http:\/\/www.facebook.com\/rednacionaldearte\/","https:\/\/x.com\/rednacionalarte"]},{"@type":"Person","@id":"http:\/\/rednacionaldearte.com\/noticias\/#\/schema\/person\/489d635082b1de413434d2708a3e5b9b","name":"Redacci\u00f3n","image":{"@type":"ImageObject","inLanguage":"es","@id":"https:\/\/secure.gravatar.com\/avatar\/1d1c30eaee7c2f6cfa13fb8502cb06839106cdf371b9953d50e4b572d0bfa3c7?s=96&d=mm&r=g","url":"https:\/\/secure.gravatar.com\/avatar\/1d1c30eaee7c2f6cfa13fb8502cb06839106cdf371b9953d50e4b572d0bfa3c7?s=96&d=mm&r=g","contentUrl":"https:\/\/secure.gravatar.com\/avatar\/1d1c30eaee7c2f6cfa13fb8502cb06839106cdf371b9953d50e4b572d0bfa3c7?s=96&d=mm&r=g","caption":"Redacci\u00f3n"},"url":"https:\/\/rednacionaldearte.com\/noticias\/author\/adan\/"}]}},"amp_validity":null,"amp_enabled":true,"_links":{"self":[{"href":"https:\/\/rednacionaldearte.com\/noticias\/wp-json\/wp\/v2\/posts\/4420","targetHints":{"allow":["GET"]}}],"collection":[{"href":"https:\/\/rednacionaldearte.com\/noticias\/wp-json\/wp\/v2\/posts"}],"about":[{"href":"https:\/\/rednacionaldearte.com\/noticias\/wp-json\/wp\/v2\/types\/post"}],"author":[{"embeddable":true,"href":"https:\/\/rednacionaldearte.com\/noticias\/wp-json\/wp\/v2\/users\/1"}],"replies":[{"embeddable":true,"href":"https:\/\/rednacionaldearte.com\/noticias\/wp-json\/wp\/v2\/comments?post=4420"}],"version-history":[{"count":1,"href":"https:\/\/rednacionaldearte.com\/noticias\/wp-json\/wp\/v2\/posts\/4420\/revisions"}],"predecessor-version":[{"id":4422,"href":"https:\/\/rednacionaldearte.com\/noticias\/wp-json\/wp\/v2\/posts\/4420\/revisions\/4422"}],"wp:featuredmedia":[{"embeddable":true,"href":"https:\/\/rednacionaldearte.com\/noticias\/wp-json\/wp\/v2\/media\/4421"}],"wp:attachment":[{"href":"https:\/\/rednacionaldearte.com\/noticias\/wp-json\/wp\/v2\/media?parent=4420"}],"wp:term":[{"taxonomy":"category","embeddable":true,"href":"https:\/\/rednacionaldearte.com\/noticias\/wp-json\/wp\/v2\/categories?post=4420"},{"taxonomy":"post_tag","embeddable":true,"href":"https:\/\/rednacionaldearte.com\/noticias\/wp-json\/wp\/v2\/tags?post=4420"}],"curies":[{"name":"wp","href":"https:\/\/api.w.org\/{rel}","templated":true}]}}