{"id":4427,"date":"2018-11-03T01:36:20","date_gmt":"2018-11-03T01:36:20","guid":{"rendered":"https:\/\/rednacionaldearte.com\/noticias\/?p=4427"},"modified":"2018-11-13T05:45:39","modified_gmt":"2018-11-13T05:45:39","slug":"festival-videodanza-cdmx-yucatan-escenica","status":"publish","type":"post","link":"https:\/\/rednacionaldearte.com\/noticias\/festival-videodanza-cdmx-yucatan-escenica\/","title":{"rendered":"El Festival Internacional de Videodanza de la CDMX en Yucat\u00e1n Esc\u00e9nica"},"content":{"rendered":"<p>El Festival Internacional de Videodanza de la Ciudad de M\u00e9xico presentar\u00e1 un programa especial en el Festival\u00a0<strong>Yucat\u00e1n Esc\u00e9nica<\/strong>. Se proyectar\u00e1 la videodanza ganadora de este a\u00f1o y una de las menciones especiales, adem\u00e1s de una selecci\u00f3n con destacados trabajos de la \u00faltima edici\u00f3n.<\/p>\n<p>La funci\u00f3n se llevar\u00e1 a cabo el\u00a0domingo 11 de noviembre a las 19 hrs. en el Centro Cultural La C\u00fapula (Calle 54 407B x 41 y 43, Centro, 97000 M\u00e9rida, Yucat\u00e1n).<\/p>\n<p><strong>Programa:<\/strong><\/p>\n<ul>\n<li>Iniciaci\u00f3n,\u00a0Dir. Iwona Pasi\u0144ska &#8211; Polonia &#8211; Videodanza ganadora<\/li>\n<li>RIOT. Dir. Ternier &#8211; Francia &#8211; Menci\u00f3n honor\u00edfica<\/li>\n<li>Yanvalou. Dir. Angeline Gragasin &#8211; EUA<\/li>\n<li>Are you holding me, or am I holding myself?. Dir. Cesar Brodermann &#8211; M\u00e9xico \/ EUA<\/li>\n<li>BOOKANIMA: Dance. Dir. Shon Kim &#8211; Corea del Sur<\/li>\n<li>Porcelain. Dir. Roswitha Chesher &#8211; Reino Unido<\/li>\n<li>Theyyam &#8211; Dance Of Gods. Dir. Gnanendra Shamaiah &#8211; India<\/li>\n<\/ul>\n<p>Un programa de mano con toda la informaci\u00f3n de las videodanzas puede <strong><a href=\"https:\/\/videodanza.rednacionaldearte.com\/2018\/Catalogo-3-FIVideodanza_EXT-Yucatan-Escenica.pdf\">descargarse aqu\u00ed<\/a><\/strong>.<\/p>\n<p>Agradecemos el apoyo del Festival Yucat\u00e1n Esc\u00e9nica,\u00a0Cressida Danza Contempor\u00e1nea y Valeria Berrelleza por hacer posible este programa.<\/p>\n","protected":false},"excerpt":{"rendered":"<p>El Festival Internacional de Videodanza de la Ciudad de M\u00e9xico presentar\u00e1 un programa especial en el Festival\u00a0Yucat\u00e1n Esc\u00e9nica. Se proyectar\u00e1 la videodanza ganadora de este a\u00f1o y una de las menciones especiales, adem\u00e1s de una selecci\u00f3n con destacados trabajos de la \u00faltima edici\u00f3n. La funci\u00f3n se llevar\u00e1 a cabo el\u00a0domingo 11 de noviembre a las [&hellip;]<\/p>\n","protected":false},"author":1,"featured_media":4428,"comment_status":"closed","ping_status":"open","sticky":false,"template":"","format":"standard","meta":{"footnotes":""},"categories":[103,58,154,18,93,41],"tags":[135,76,155],"class_list":["post-4427","post","type-post","status-publish","format-standard","has-post-thumbnail","hentry","category-artes-escenicas","category-danza","category-destacado","category-eventos","category-festivales","category-rna","tag-festival-de-videodanza-de-la-ciudad-de-mexico","tag-festival-internacional-de-videodanza-de-la-ciudad-de-mexico","tag-yucatan-escenica"],"yoast_head":"<!-- This site is optimized with the Yoast SEO plugin v27.2 - https:\/\/yoast.com\/product\/yoast-seo-wordpress\/ -->\n<title>El Festival Internacional de Videodanza de la CDMX en Yucat\u00e1n Esc\u00e9nica - Red Nacional de Arte<\/title>\n<meta name=\"robots\" content=\"index, follow, max-snippet:-1, max-image-preview:large, max-video-preview:-1\" \/>\n<link rel=\"canonical\" href=\"http:\/\/rednacionaldearte.com\/noticias\/festival-videodanza-cdmx-yucatan-escenica\/\" \/>\n<meta property=\"og:locale\" content=\"es_ES\" \/>\n<meta property=\"og:type\" content=\"article\" \/>\n<meta property=\"og:title\" content=\"El Festival Internacional de Videodanza de la CDMX en Yucat\u00e1n Esc\u00e9nica - Red Nacional de Arte\" \/>\n<meta property=\"og:description\" content=\"El Festival Internacional de Videodanza de la Ciudad de M\u00e9xico presentar\u00e1 un programa especial en el Festival\u00a0Yucat\u00e1n Esc\u00e9nica. Se proyectar\u00e1 la videodanza ganadora de este a\u00f1o y una de las menciones especiales, adem\u00e1s de una selecci\u00f3n con destacados trabajos de la \u00faltima edici\u00f3n. La funci\u00f3n se llevar\u00e1 a cabo el\u00a0domingo 11 de noviembre a las [&hellip;]\" \/>\n<meta property=\"og:url\" content=\"http:\/\/rednacionaldearte.com\/noticias\/festival-videodanza-cdmx-yucatan-escenica\/\" \/>\n<meta property=\"og:site_name\" content=\"Red Nacional de Arte\" \/>\n<meta property=\"article:publisher\" content=\"http:\/\/www.facebook.com\/rednacionaldearte\/\" \/>\n<meta property=\"article:published_time\" content=\"2018-11-03T01:36:20+00:00\" \/>\n<meta property=\"article:modified_time\" content=\"2018-11-13T05:45:39+00:00\" \/>\n<meta property=\"og:image\" content=\"http:\/\/rednacionaldearte.com\/noticias\/wp-content\/uploads\/2018\/11\/Rueda-de-prensa.-4.jpg\" \/>\n\t<meta property=\"og:image:width\" content=\"640\" \/>\n\t<meta property=\"og:image:height\" content=\"426\" \/>\n\t<meta property=\"og:image:type\" content=\"image\/jpeg\" \/>\n<meta name=\"author\" content=\"Redacci\u00f3n\" \/>\n<meta name=\"twitter:card\" content=\"summary_large_image\" \/>\n<meta name=\"twitter:creator\" content=\"@rednacionalarte\" \/>\n<meta name=\"twitter:site\" content=\"@rednacionalarte\" \/>\n<meta name=\"twitter:label1\" content=\"Escrito por\" \/>\n\t<meta name=\"twitter:data1\" content=\"Redacci\u00f3n\" \/>\n\t<meta name=\"twitter:label2\" content=\"Tiempo de lectura\" \/>\n\t<meta name=\"twitter:data2\" content=\"1 minuto\" \/>\n<script type=\"application\/ld+json\" class=\"yoast-schema-graph\">{\"@context\":\"https:\/\/schema.org\",\"@graph\":[{\"@type\":\"Article\",\"@id\":\"http:\/\/rednacionaldearte.com\/noticias\/festival-videodanza-cdmx-yucatan-escenica\/#article\",\"isPartOf\":{\"@id\":\"http:\/\/rednacionaldearte.com\/noticias\/festival-videodanza-cdmx-yucatan-escenica\/\"},\"author\":{\"name\":\"Redacci\u00f3n\",\"@id\":\"http:\/\/rednacionaldearte.com\/noticias\/#\/schema\/person\/489d635082b1de413434d2708a3e5b9b\"},\"headline\":\"El Festival Internacional de Videodanza de la CDMX en Yucat\u00e1n Esc\u00e9nica\",\"datePublished\":\"2018-11-03T01:36:20+00:00\",\"dateModified\":\"2018-11-13T05:45:39+00:00\",\"mainEntityOfPage\":{\"@id\":\"http:\/\/rednacionaldearte.com\/noticias\/festival-videodanza-cdmx-yucatan-escenica\/\"},\"wordCount\":200,\"publisher\":{\"@id\":\"http:\/\/rednacionaldearte.com\/noticias\/#organization\"},\"image\":{\"@id\":\"http:\/\/rednacionaldearte.com\/noticias\/festival-videodanza-cdmx-yucatan-escenica\/#primaryimage\"},\"thumbnailUrl\":\"https:\/\/rednacionaldearte.com\/noticias\/wp-content\/uploads\/2018\/11\/Rueda-de-prensa.-4.jpg\",\"keywords\":[\"Festival de Videodanza de la Ciudad de M\u00e9xico\",\"Festival Internacional de Videodanza de la Ciudad de M\u00e9xico\",\"Yucat\u00e1n Esc\u00e9nica\"],\"articleSection\":[\"Artes Esc\u00e9nicas\",\"Danza\",\"Destacado\",\"Eventos\",\"Festivales\",\"RNA\"],\"inLanguage\":\"es\"},{\"@type\":\"WebPage\",\"@id\":\"http:\/\/rednacionaldearte.com\/noticias\/festival-videodanza-cdmx-yucatan-escenica\/\",\"url\":\"http:\/\/rednacionaldearte.com\/noticias\/festival-videodanza-cdmx-yucatan-escenica\/\",\"name\":\"El Festival Internacional de Videodanza de la CDMX en Yucat\u00e1n Esc\u00e9nica - Red Nacional de Arte\",\"isPartOf\":{\"@id\":\"http:\/\/rednacionaldearte.com\/noticias\/#website\"},\"primaryImageOfPage\":{\"@id\":\"http:\/\/rednacionaldearte.com\/noticias\/festival-videodanza-cdmx-yucatan-escenica\/#primaryimage\"},\"image\":{\"@id\":\"http:\/\/rednacionaldearte.com\/noticias\/festival-videodanza-cdmx-yucatan-escenica\/#primaryimage\"},\"thumbnailUrl\":\"https:\/\/rednacionaldearte.com\/noticias\/wp-content\/uploads\/2018\/11\/Rueda-de-prensa.-4.jpg\",\"datePublished\":\"2018-11-03T01:36:20+00:00\",\"dateModified\":\"2018-11-13T05:45:39+00:00\",\"breadcrumb\":{\"@id\":\"http:\/\/rednacionaldearte.com\/noticias\/festival-videodanza-cdmx-yucatan-escenica\/#breadcrumb\"},\"inLanguage\":\"es\",\"potentialAction\":[{\"@type\":\"ReadAction\",\"target\":[\"http:\/\/rednacionaldearte.com\/noticias\/festival-videodanza-cdmx-yucatan-escenica\/\"]}]},{\"@type\":\"ImageObject\",\"inLanguage\":\"es\",\"@id\":\"http:\/\/rednacionaldearte.com\/noticias\/festival-videodanza-cdmx-yucatan-escenica\/#primaryimage\",\"url\":\"https:\/\/rednacionaldearte.com\/noticias\/wp-content\/uploads\/2018\/11\/Rueda-de-prensa.-4.jpg\",\"contentUrl\":\"https:\/\/rednacionaldearte.com\/noticias\/wp-content\/uploads\/2018\/11\/Rueda-de-prensa.-4.jpg\",\"width\":640,\"height\":426,\"caption\":\"Foto: Yucat\u00e1n en Corto.\"},{\"@type\":\"BreadcrumbList\",\"@id\":\"http:\/\/rednacionaldearte.com\/noticias\/festival-videodanza-cdmx-yucatan-escenica\/#breadcrumb\",\"itemListElement\":[{\"@type\":\"ListItem\",\"position\":1,\"name\":\"Home\",\"item\":\"http:\/\/rednacionaldearte.com\/noticias\/\"},{\"@type\":\"ListItem\",\"position\":2,\"name\":\"El Festival Internacional de Videodanza de la CDMX en Yucat\u00e1n Esc\u00e9nica\"}]},{\"@type\":\"WebSite\",\"@id\":\"http:\/\/rednacionaldearte.com\/noticias\/#website\",\"url\":\"http:\/\/rednacionaldearte.com\/noticias\/\",\"name\":\"Red Nacional de Arte\",\"description\":\"Cultura y Arte contempor\u00e1neo en M\u00e9xico\",\"publisher\":{\"@id\":\"http:\/\/rednacionaldearte.com\/noticias\/#organization\"},\"potentialAction\":[{\"@type\":\"SearchAction\",\"target\":{\"@type\":\"EntryPoint\",\"urlTemplate\":\"http:\/\/rednacionaldearte.com\/noticias\/?s={search_term_string}\"},\"query-input\":{\"@type\":\"PropertyValueSpecification\",\"valueRequired\":true,\"valueName\":\"search_term_string\"}}],\"inLanguage\":\"es\"},{\"@type\":\"Organization\",\"@id\":\"http:\/\/rednacionaldearte.com\/noticias\/#organization\",\"name\":\"Red Nacional de Arte\",\"url\":\"http:\/\/rednacionaldearte.com\/noticias\/\",\"logo\":{\"@type\":\"ImageObject\",\"inLanguage\":\"es\",\"@id\":\"http:\/\/rednacionaldearte.com\/noticias\/#\/schema\/logo\/image\/\",\"url\":\"http:\/\/rednacionaldearte.com\/noticias\/wp-content\/uploads\/2016\/04\/logo.png\",\"contentUrl\":\"http:\/\/rednacionaldearte.com\/noticias\/wp-content\/uploads\/2016\/04\/logo.png\",\"width\":575,\"height\":554,\"caption\":\"Red Nacional de Arte\"},\"image\":{\"@id\":\"http:\/\/rednacionaldearte.com\/noticias\/#\/schema\/logo\/image\/\"},\"sameAs\":[\"http:\/\/www.facebook.com\/rednacionaldearte\/\",\"https:\/\/x.com\/rednacionalarte\"]},{\"@type\":\"Person\",\"@id\":\"http:\/\/rednacionaldearte.com\/noticias\/#\/schema\/person\/489d635082b1de413434d2708a3e5b9b\",\"name\":\"Redacci\u00f3n\",\"image\":{\"@type\":\"ImageObject\",\"inLanguage\":\"es\",\"@id\":\"https:\/\/secure.gravatar.com\/avatar\/1d1c30eaee7c2f6cfa13fb8502cb06839106cdf371b9953d50e4b572d0bfa3c7?s=96&d=mm&r=g\",\"url\":\"https:\/\/secure.gravatar.com\/avatar\/1d1c30eaee7c2f6cfa13fb8502cb06839106cdf371b9953d50e4b572d0bfa3c7?s=96&d=mm&r=g\",\"contentUrl\":\"https:\/\/secure.gravatar.com\/avatar\/1d1c30eaee7c2f6cfa13fb8502cb06839106cdf371b9953d50e4b572d0bfa3c7?s=96&d=mm&r=g\",\"caption\":\"Redacci\u00f3n\"},\"url\":\"https:\/\/rednacionaldearte.com\/noticias\/author\/adan\/\"}]}<\/script>\n<!-- \/ Yoast SEO plugin. -->","yoast_head_json":{"title":"El Festival Internacional de Videodanza de la CDMX en Yucat\u00e1n Esc\u00e9nica - Red Nacional de Arte","robots":{"index":"index","follow":"follow","max-snippet":"max-snippet:-1","max-image-preview":"max-image-preview:large","max-video-preview":"max-video-preview:-1"},"canonical":"http:\/\/rednacionaldearte.com\/noticias\/festival-videodanza-cdmx-yucatan-escenica\/","og_locale":"es_ES","og_type":"article","og_title":"El Festival Internacional de Videodanza de la CDMX en Yucat\u00e1n Esc\u00e9nica - Red Nacional de Arte","og_description":"El Festival Internacional de Videodanza de la Ciudad de M\u00e9xico presentar\u00e1 un programa especial en el Festival\u00a0Yucat\u00e1n Esc\u00e9nica. Se proyectar\u00e1 la videodanza ganadora de este a\u00f1o y una de las menciones especiales, adem\u00e1s de una selecci\u00f3n con destacados trabajos de la \u00faltima edici\u00f3n. La funci\u00f3n se llevar\u00e1 a cabo el\u00a0domingo 11 de noviembre a las [&hellip;]","og_url":"http:\/\/rednacionaldearte.com\/noticias\/festival-videodanza-cdmx-yucatan-escenica\/","og_site_name":"Red Nacional de Arte","article_publisher":"http:\/\/www.facebook.com\/rednacionaldearte\/","article_published_time":"2018-11-03T01:36:20+00:00","article_modified_time":"2018-11-13T05:45:39+00:00","og_image":[{"width":640,"height":426,"url":"http:\/\/rednacionaldearte.com\/noticias\/wp-content\/uploads\/2018\/11\/Rueda-de-prensa.-4.jpg","type":"image\/jpeg"}],"author":"Redacci\u00f3n","twitter_card":"summary_large_image","twitter_creator":"@rednacionalarte","twitter_site":"@rednacionalarte","twitter_misc":{"Escrito por":"Redacci\u00f3n","Tiempo de lectura":"1 minuto"},"schema":{"@context":"https:\/\/schema.org","@graph":[{"@type":"Article","@id":"http:\/\/rednacionaldearte.com\/noticias\/festival-videodanza-cdmx-yucatan-escenica\/#article","isPartOf":{"@id":"http:\/\/rednacionaldearte.com\/noticias\/festival-videodanza-cdmx-yucatan-escenica\/"},"author":{"name":"Redacci\u00f3n","@id":"http:\/\/rednacionaldearte.com\/noticias\/#\/schema\/person\/489d635082b1de413434d2708a3e5b9b"},"headline":"El Festival Internacional de Videodanza de la CDMX en Yucat\u00e1n Esc\u00e9nica","datePublished":"2018-11-03T01:36:20+00:00","dateModified":"2018-11-13T05:45:39+00:00","mainEntityOfPage":{"@id":"http:\/\/rednacionaldearte.com\/noticias\/festival-videodanza-cdmx-yucatan-escenica\/"},"wordCount":200,"publisher":{"@id":"http:\/\/rednacionaldearte.com\/noticias\/#organization"},"image":{"@id":"http:\/\/rednacionaldearte.com\/noticias\/festival-videodanza-cdmx-yucatan-escenica\/#primaryimage"},"thumbnailUrl":"https:\/\/rednacionaldearte.com\/noticias\/wp-content\/uploads\/2018\/11\/Rueda-de-prensa.-4.jpg","keywords":["Festival de Videodanza de la Ciudad de M\u00e9xico","Festival Internacional de Videodanza de la Ciudad de M\u00e9xico","Yucat\u00e1n Esc\u00e9nica"],"articleSection":["Artes Esc\u00e9nicas","Danza","Destacado","Eventos","Festivales","RNA"],"inLanguage":"es"},{"@type":"WebPage","@id":"http:\/\/rednacionaldearte.com\/noticias\/festival-videodanza-cdmx-yucatan-escenica\/","url":"http:\/\/rednacionaldearte.com\/noticias\/festival-videodanza-cdmx-yucatan-escenica\/","name":"El Festival Internacional de Videodanza de la CDMX en Yucat\u00e1n Esc\u00e9nica - Red Nacional de Arte","isPartOf":{"@id":"http:\/\/rednacionaldearte.com\/noticias\/#website"},"primaryImageOfPage":{"@id":"http:\/\/rednacionaldearte.com\/noticias\/festival-videodanza-cdmx-yucatan-escenica\/#primaryimage"},"image":{"@id":"http:\/\/rednacionaldearte.com\/noticias\/festival-videodanza-cdmx-yucatan-escenica\/#primaryimage"},"thumbnailUrl":"https:\/\/rednacionaldearte.com\/noticias\/wp-content\/uploads\/2018\/11\/Rueda-de-prensa.-4.jpg","datePublished":"2018-11-03T01:36:20+00:00","dateModified":"2018-11-13T05:45:39+00:00","breadcrumb":{"@id":"http:\/\/rednacionaldearte.com\/noticias\/festival-videodanza-cdmx-yucatan-escenica\/#breadcrumb"},"inLanguage":"es","potentialAction":[{"@type":"ReadAction","target":["http:\/\/rednacionaldearte.com\/noticias\/festival-videodanza-cdmx-yucatan-escenica\/"]}]},{"@type":"ImageObject","inLanguage":"es","@id":"http:\/\/rednacionaldearte.com\/noticias\/festival-videodanza-cdmx-yucatan-escenica\/#primaryimage","url":"https:\/\/rednacionaldearte.com\/noticias\/wp-content\/uploads\/2018\/11\/Rueda-de-prensa.-4.jpg","contentUrl":"https:\/\/rednacionaldearte.com\/noticias\/wp-content\/uploads\/2018\/11\/Rueda-de-prensa.-4.jpg","width":640,"height":426,"caption":"Foto: Yucat\u00e1n en Corto."},{"@type":"BreadcrumbList","@id":"http:\/\/rednacionaldearte.com\/noticias\/festival-videodanza-cdmx-yucatan-escenica\/#breadcrumb","itemListElement":[{"@type":"ListItem","position":1,"name":"Home","item":"http:\/\/rednacionaldearte.com\/noticias\/"},{"@type":"ListItem","position":2,"name":"El Festival Internacional de Videodanza de la CDMX en Yucat\u00e1n Esc\u00e9nica"}]},{"@type":"WebSite","@id":"http:\/\/rednacionaldearte.com\/noticias\/#website","url":"http:\/\/rednacionaldearte.com\/noticias\/","name":"Red Nacional de Arte","description":"Cultura y Arte contempor\u00e1neo en M\u00e9xico","publisher":{"@id":"http:\/\/rednacionaldearte.com\/noticias\/#organization"},"potentialAction":[{"@type":"SearchAction","target":{"@type":"EntryPoint","urlTemplate":"http:\/\/rednacionaldearte.com\/noticias\/?s={search_term_string}"},"query-input":{"@type":"PropertyValueSpecification","valueRequired":true,"valueName":"search_term_string"}}],"inLanguage":"es"},{"@type":"Organization","@id":"http:\/\/rednacionaldearte.com\/noticias\/#organization","name":"Red Nacional de Arte","url":"http:\/\/rednacionaldearte.com\/noticias\/","logo":{"@type":"ImageObject","inLanguage":"es","@id":"http:\/\/rednacionaldearte.com\/noticias\/#\/schema\/logo\/image\/","url":"http:\/\/rednacionaldearte.com\/noticias\/wp-content\/uploads\/2016\/04\/logo.png","contentUrl":"http:\/\/rednacionaldearte.com\/noticias\/wp-content\/uploads\/2016\/04\/logo.png","width":575,"height":554,"caption":"Red Nacional de Arte"},"image":{"@id":"http:\/\/rednacionaldearte.com\/noticias\/#\/schema\/logo\/image\/"},"sameAs":["http:\/\/www.facebook.com\/rednacionaldearte\/","https:\/\/x.com\/rednacionalarte"]},{"@type":"Person","@id":"http:\/\/rednacionaldearte.com\/noticias\/#\/schema\/person\/489d635082b1de413434d2708a3e5b9b","name":"Redacci\u00f3n","image":{"@type":"ImageObject","inLanguage":"es","@id":"https:\/\/secure.gravatar.com\/avatar\/1d1c30eaee7c2f6cfa13fb8502cb06839106cdf371b9953d50e4b572d0bfa3c7?s=96&d=mm&r=g","url":"https:\/\/secure.gravatar.com\/avatar\/1d1c30eaee7c2f6cfa13fb8502cb06839106cdf371b9953d50e4b572d0bfa3c7?s=96&d=mm&r=g","contentUrl":"https:\/\/secure.gravatar.com\/avatar\/1d1c30eaee7c2f6cfa13fb8502cb06839106cdf371b9953d50e4b572d0bfa3c7?s=96&d=mm&r=g","caption":"Redacci\u00f3n"},"url":"https:\/\/rednacionaldearte.com\/noticias\/author\/adan\/"}]}},"amp_validity":null,"amp_enabled":true,"_links":{"self":[{"href":"https:\/\/rednacionaldearte.com\/noticias\/wp-json\/wp\/v2\/posts\/4427","targetHints":{"allow":["GET"]}}],"collection":[{"href":"https:\/\/rednacionaldearte.com\/noticias\/wp-json\/wp\/v2\/posts"}],"about":[{"href":"https:\/\/rednacionaldearte.com\/noticias\/wp-json\/wp\/v2\/types\/post"}],"author":[{"embeddable":true,"href":"https:\/\/rednacionaldearte.com\/noticias\/wp-json\/wp\/v2\/users\/1"}],"replies":[{"embeddable":true,"href":"https:\/\/rednacionaldearte.com\/noticias\/wp-json\/wp\/v2\/comments?post=4427"}],"version-history":[{"count":2,"href":"https:\/\/rednacionaldearte.com\/noticias\/wp-json\/wp\/v2\/posts\/4427\/revisions"}],"predecessor-version":[{"id":4431,"href":"https:\/\/rednacionaldearte.com\/noticias\/wp-json\/wp\/v2\/posts\/4427\/revisions\/4431"}],"wp:featuredmedia":[{"embeddable":true,"href":"https:\/\/rednacionaldearte.com\/noticias\/wp-json\/wp\/v2\/media\/4428"}],"wp:attachment":[{"href":"https:\/\/rednacionaldearte.com\/noticias\/wp-json\/wp\/v2\/media?parent=4427"}],"wp:term":[{"taxonomy":"category","embeddable":true,"href":"https:\/\/rednacionaldearte.com\/noticias\/wp-json\/wp\/v2\/categories?post=4427"},{"taxonomy":"post_tag","embeddable":true,"href":"https:\/\/rednacionaldearte.com\/noticias\/wp-json\/wp\/v2\/tags?post=4427"}],"curies":[{"name":"wp","href":"https:\/\/api.w.org\/{rel}","templated":true}]}}