{"id":4430,"date":"2018-11-03T10:37:51","date_gmt":"2018-11-03T10:37:51","guid":{"rendered":"https:\/\/rednacionaldearte.com\/noticias\/?p=4430"},"modified":"2018-11-13T05:45:33","modified_gmt":"2018-11-13T05:45:33","slug":"extension-fivideodanza-festival-cuatro-x-cuatro-chiapas","status":"publish","type":"post","link":"https:\/\/rednacionaldearte.com\/noticias\/extension-fivideodanza-festival-cuatro-x-cuatro-chiapas\/","title":{"rendered":"Extensi\u00f3n del #FIVideodanza en el Festival Cuatro X Cuatro de Chiapas"},"content":{"rendered":"<p>El <strong>Festival Internacional de Videodanza de la Ciudad de M\u00e9xico<\/strong> proyectar\u00e1 un programa para ni\u00f1os dentro de las actividades del <strong>Festival\u00a0Cuatro X Cuatro<\/strong>, a realizarse del 15 al 25 de noviembre en San Cristobal de las Casas, Chiapas.<\/p>\n<p>Los trabajos a proyectar son los siguientes:<\/p>\n<ul>\n<li>CHIMERA Dir. Steven Briand &#8211; Francia<\/li>\n<li>HYPRA Dir. Tim Jockel &#8211; Alemania<\/li>\n<li>Competing for Sunlight: Ash Dir. Dagmar Dachauer &#8211; Austria<\/li>\n<li>VERTICAL Dir. Eddie Frost &#8211; Reino Unido<\/li>\n<li>Videogames Dir. Beat Movies &#8211; Portugal<\/li>\n<li>InterState Dir. Ilana Goldman , Gabriel Williams &#8211; EUA<\/li>\n<li>Bleeding And burning Dir. Guilaume Marin &#8211; Canad\u00e1<\/li>\n<li>Nivette Dir. Gaetan Boschini &#8211; Francia<\/li>\n<li>Busby Bezerk Dir. Kent Lloyd &#8211; EUA<\/li>\n<li>Bhairava Dir. Marlene Millar, Philip Szporer &#8211; Canad\u00e1<\/li>\n<\/ul>\n<p>Un programa de mano con la informaci\u00f3n de las videodanzas puede\u00a0<strong><a href=\"https:\/\/videodanza.rednacionaldearte.com\/2018\/Catalogo-3-FIVideodanza_EXT4X4.pdf\">descargarse aqu\u00ed<\/a>.<\/strong><\/p>\n<p>Para informaci\u00f3n sobre fechas y horarios, favor de estar atentos a la p\u00e1gina de Cuatro x Cuatro:\u00a0<a href=\"https:\/\/www.cuatroxcuatro.org\/festival.html\" target=\"_blank\" rel=\"noopener\">https:\/\/www.cuatroxcuatro.org\/festival.html<\/a><\/p>\n","protected":false},"excerpt":{"rendered":"<p>El Festival Internacional de Videodanza de la Ciudad de M\u00e9xico proyectar\u00e1 un programa para ni\u00f1os dentro de las actividades del Festival\u00a0Cuatro X Cuatro, a realizarse del 15 al 25 de noviembre en San Cristobal de las Casas, Chiapas. Los trabajos a proyectar son los siguientes: CHIMERA Dir. Steven Briand &#8211; Francia HYPRA Dir. Tim Jockel [&hellip;]<\/p>\n","protected":false},"author":1,"featured_media":4432,"comment_status":"closed","ping_status":"open","sticky":false,"template":"","format":"standard","meta":{"footnotes":""},"categories":[103,154,18,93,41],"tags":[156,135,76],"class_list":["post-4430","post","type-post","status-publish","format-standard","has-post-thumbnail","hentry","category-artes-escenicas","category-destacado","category-eventos","category-festivales","category-rna","tag-festival-cuatro-x-cuatro","tag-festival-de-videodanza-de-la-ciudad-de-mexico","tag-festival-internacional-de-videodanza-de-la-ciudad-de-mexico"],"yoast_head":"<!-- This site is optimized with the Yoast SEO plugin v27.2 - https:\/\/yoast.com\/product\/yoast-seo-wordpress\/ -->\n<title>Extensi\u00f3n del #FIVideodanza en el Festival Cuatro X Cuatro de Chiapas - Red Nacional de Arte<\/title>\n<meta name=\"robots\" content=\"index, follow, max-snippet:-1, max-image-preview:large, max-video-preview:-1\" \/>\n<link rel=\"canonical\" href=\"http:\/\/rednacionaldearte.com\/noticias\/extension-fivideodanza-festival-cuatro-x-cuatro-chiapas\/\" \/>\n<meta property=\"og:locale\" content=\"es_ES\" \/>\n<meta property=\"og:type\" content=\"article\" \/>\n<meta property=\"og:title\" content=\"Extensi\u00f3n del #FIVideodanza en el Festival Cuatro X Cuatro de Chiapas - Red Nacional de Arte\" \/>\n<meta property=\"og:description\" content=\"El Festival Internacional de Videodanza de la Ciudad de M\u00e9xico proyectar\u00e1 un programa para ni\u00f1os dentro de las actividades del Festival\u00a0Cuatro X Cuatro, a realizarse del 15 al 25 de noviembre en San Cristobal de las Casas, Chiapas. Los trabajos a proyectar son los siguientes: CHIMERA Dir. Steven Briand &#8211; Francia HYPRA Dir. Tim Jockel [&hellip;]\" \/>\n<meta property=\"og:url\" content=\"http:\/\/rednacionaldearte.com\/noticias\/extension-fivideodanza-festival-cuatro-x-cuatro-chiapas\/\" \/>\n<meta property=\"og:site_name\" content=\"Red Nacional de Arte\" \/>\n<meta property=\"article:publisher\" content=\"http:\/\/www.facebook.com\/rednacionaldearte\/\" \/>\n<meta property=\"article:published_time\" content=\"2018-11-03T10:37:51+00:00\" \/>\n<meta property=\"article:modified_time\" content=\"2018-11-13T05:45:33+00:00\" \/>\n<meta property=\"og:image\" content=\"http:\/\/rednacionaldearte.com\/noticias\/wp-content\/uploads\/2018\/11\/Cuatro-x-cuatro-videodanzas.png\" \/>\n\t<meta property=\"og:image:width\" content=\"867\" \/>\n\t<meta property=\"og:image:height\" content=\"292\" \/>\n\t<meta property=\"og:image:type\" content=\"image\/png\" \/>\n<meta name=\"author\" content=\"Redacci\u00f3n\" \/>\n<meta name=\"twitter:card\" content=\"summary_large_image\" \/>\n<meta name=\"twitter:creator\" content=\"@rednacionalarte\" \/>\n<meta name=\"twitter:site\" content=\"@rednacionalarte\" \/>\n<meta name=\"twitter:label1\" content=\"Escrito por\" \/>\n\t<meta name=\"twitter:data1\" content=\"Redacci\u00f3n\" \/>\n\t<meta name=\"twitter:label2\" content=\"Tiempo de lectura\" \/>\n\t<meta name=\"twitter:data2\" content=\"1 minuto\" \/>\n<script type=\"application\/ld+json\" class=\"yoast-schema-graph\">{\"@context\":\"https:\/\/schema.org\",\"@graph\":[{\"@type\":\"Article\",\"@id\":\"http:\/\/rednacionaldearte.com\/noticias\/extension-fivideodanza-festival-cuatro-x-cuatro-chiapas\/#article\",\"isPartOf\":{\"@id\":\"http:\/\/rednacionaldearte.com\/noticias\/extension-fivideodanza-festival-cuatro-x-cuatro-chiapas\/\"},\"author\":{\"name\":\"Redacci\u00f3n\",\"@id\":\"http:\/\/rednacionaldearte.com\/noticias\/#\/schema\/person\/489d635082b1de413434d2708a3e5b9b\"},\"headline\":\"Extensi\u00f3n del #FIVideodanza en el Festival Cuatro X Cuatro de Chiapas\",\"datePublished\":\"2018-11-03T10:37:51+00:00\",\"dateModified\":\"2018-11-13T05:45:33+00:00\",\"mainEntityOfPage\":{\"@id\":\"http:\/\/rednacionaldearte.com\/noticias\/extension-fivideodanza-festival-cuatro-x-cuatro-chiapas\/\"},\"wordCount\":168,\"publisher\":{\"@id\":\"http:\/\/rednacionaldearte.com\/noticias\/#organization\"},\"image\":{\"@id\":\"http:\/\/rednacionaldearte.com\/noticias\/extension-fivideodanza-festival-cuatro-x-cuatro-chiapas\/#primaryimage\"},\"thumbnailUrl\":\"https:\/\/rednacionaldearte.com\/noticias\/wp-content\/uploads\/2018\/11\/Cuatro-x-cuatro-videodanzas.png\",\"keywords\":[\"Festival Cuatro X Cuatro\",\"Festival de Videodanza de la Ciudad de M\u00e9xico\",\"Festival Internacional de Videodanza de la Ciudad de M\u00e9xico\"],\"articleSection\":[\"Artes Esc\u00e9nicas\",\"Destacado\",\"Eventos\",\"Festivales\",\"RNA\"],\"inLanguage\":\"es\"},{\"@type\":\"WebPage\",\"@id\":\"http:\/\/rednacionaldearte.com\/noticias\/extension-fivideodanza-festival-cuatro-x-cuatro-chiapas\/\",\"url\":\"http:\/\/rednacionaldearte.com\/noticias\/extension-fivideodanza-festival-cuatro-x-cuatro-chiapas\/\",\"name\":\"Extensi\u00f3n del #FIVideodanza en el Festival Cuatro X Cuatro de Chiapas - Red Nacional de Arte\",\"isPartOf\":{\"@id\":\"http:\/\/rednacionaldearte.com\/noticias\/#website\"},\"primaryImageOfPage\":{\"@id\":\"http:\/\/rednacionaldearte.com\/noticias\/extension-fivideodanza-festival-cuatro-x-cuatro-chiapas\/#primaryimage\"},\"image\":{\"@id\":\"http:\/\/rednacionaldearte.com\/noticias\/extension-fivideodanza-festival-cuatro-x-cuatro-chiapas\/#primaryimage\"},\"thumbnailUrl\":\"https:\/\/rednacionaldearte.com\/noticias\/wp-content\/uploads\/2018\/11\/Cuatro-x-cuatro-videodanzas.png\",\"datePublished\":\"2018-11-03T10:37:51+00:00\",\"dateModified\":\"2018-11-13T05:45:33+00:00\",\"breadcrumb\":{\"@id\":\"http:\/\/rednacionaldearte.com\/noticias\/extension-fivideodanza-festival-cuatro-x-cuatro-chiapas\/#breadcrumb\"},\"inLanguage\":\"es\",\"potentialAction\":[{\"@type\":\"ReadAction\",\"target\":[\"http:\/\/rednacionaldearte.com\/noticias\/extension-fivideodanza-festival-cuatro-x-cuatro-chiapas\/\"]}]},{\"@type\":\"ImageObject\",\"inLanguage\":\"es\",\"@id\":\"http:\/\/rednacionaldearte.com\/noticias\/extension-fivideodanza-festival-cuatro-x-cuatro-chiapas\/#primaryimage\",\"url\":\"https:\/\/rednacionaldearte.com\/noticias\/wp-content\/uploads\/2018\/11\/Cuatro-x-cuatro-videodanzas.png\",\"contentUrl\":\"https:\/\/rednacionaldearte.com\/noticias\/wp-content\/uploads\/2018\/11\/Cuatro-x-cuatro-videodanzas.png\",\"width\":867,\"height\":292},{\"@type\":\"BreadcrumbList\",\"@id\":\"http:\/\/rednacionaldearte.com\/noticias\/extension-fivideodanza-festival-cuatro-x-cuatro-chiapas\/#breadcrumb\",\"itemListElement\":[{\"@type\":\"ListItem\",\"position\":1,\"name\":\"Home\",\"item\":\"http:\/\/rednacionaldearte.com\/noticias\/\"},{\"@type\":\"ListItem\",\"position\":2,\"name\":\"Extensi\u00f3n del #FIVideodanza en el Festival Cuatro X Cuatro de Chiapas\"}]},{\"@type\":\"WebSite\",\"@id\":\"http:\/\/rednacionaldearte.com\/noticias\/#website\",\"url\":\"http:\/\/rednacionaldearte.com\/noticias\/\",\"name\":\"Red Nacional de Arte\",\"description\":\"Cultura y Arte contempor\u00e1neo en M\u00e9xico\",\"publisher\":{\"@id\":\"http:\/\/rednacionaldearte.com\/noticias\/#organization\"},\"potentialAction\":[{\"@type\":\"SearchAction\",\"target\":{\"@type\":\"EntryPoint\",\"urlTemplate\":\"http:\/\/rednacionaldearte.com\/noticias\/?s={search_term_string}\"},\"query-input\":{\"@type\":\"PropertyValueSpecification\",\"valueRequired\":true,\"valueName\":\"search_term_string\"}}],\"inLanguage\":\"es\"},{\"@type\":\"Organization\",\"@id\":\"http:\/\/rednacionaldearte.com\/noticias\/#organization\",\"name\":\"Red Nacional de Arte\",\"url\":\"http:\/\/rednacionaldearte.com\/noticias\/\",\"logo\":{\"@type\":\"ImageObject\",\"inLanguage\":\"es\",\"@id\":\"http:\/\/rednacionaldearte.com\/noticias\/#\/schema\/logo\/image\/\",\"url\":\"http:\/\/rednacionaldearte.com\/noticias\/wp-content\/uploads\/2016\/04\/logo.png\",\"contentUrl\":\"http:\/\/rednacionaldearte.com\/noticias\/wp-content\/uploads\/2016\/04\/logo.png\",\"width\":575,\"height\":554,\"caption\":\"Red Nacional de Arte\"},\"image\":{\"@id\":\"http:\/\/rednacionaldearte.com\/noticias\/#\/schema\/logo\/image\/\"},\"sameAs\":[\"http:\/\/www.facebook.com\/rednacionaldearte\/\",\"https:\/\/x.com\/rednacionalarte\"]},{\"@type\":\"Person\",\"@id\":\"http:\/\/rednacionaldearte.com\/noticias\/#\/schema\/person\/489d635082b1de413434d2708a3e5b9b\",\"name\":\"Redacci\u00f3n\",\"image\":{\"@type\":\"ImageObject\",\"inLanguage\":\"es\",\"@id\":\"https:\/\/secure.gravatar.com\/avatar\/1d1c30eaee7c2f6cfa13fb8502cb06839106cdf371b9953d50e4b572d0bfa3c7?s=96&d=mm&r=g\",\"url\":\"https:\/\/secure.gravatar.com\/avatar\/1d1c30eaee7c2f6cfa13fb8502cb06839106cdf371b9953d50e4b572d0bfa3c7?s=96&d=mm&r=g\",\"contentUrl\":\"https:\/\/secure.gravatar.com\/avatar\/1d1c30eaee7c2f6cfa13fb8502cb06839106cdf371b9953d50e4b572d0bfa3c7?s=96&d=mm&r=g\",\"caption\":\"Redacci\u00f3n\"},\"url\":\"https:\/\/rednacionaldearte.com\/noticias\/author\/adan\/\"}]}<\/script>\n<!-- \/ Yoast SEO plugin. -->","yoast_head_json":{"title":"Extensi\u00f3n del #FIVideodanza en el Festival Cuatro X Cuatro de Chiapas - Red Nacional de Arte","robots":{"index":"index","follow":"follow","max-snippet":"max-snippet:-1","max-image-preview":"max-image-preview:large","max-video-preview":"max-video-preview:-1"},"canonical":"http:\/\/rednacionaldearte.com\/noticias\/extension-fivideodanza-festival-cuatro-x-cuatro-chiapas\/","og_locale":"es_ES","og_type":"article","og_title":"Extensi\u00f3n del #FIVideodanza en el Festival Cuatro X Cuatro de Chiapas - Red Nacional de Arte","og_description":"El Festival Internacional de Videodanza de la Ciudad de M\u00e9xico proyectar\u00e1 un programa para ni\u00f1os dentro de las actividades del Festival\u00a0Cuatro X Cuatro, a realizarse del 15 al 25 de noviembre en San Cristobal de las Casas, Chiapas. Los trabajos a proyectar son los siguientes: CHIMERA Dir. Steven Briand &#8211; Francia HYPRA Dir. Tim Jockel [&hellip;]","og_url":"http:\/\/rednacionaldearte.com\/noticias\/extension-fivideodanza-festival-cuatro-x-cuatro-chiapas\/","og_site_name":"Red Nacional de Arte","article_publisher":"http:\/\/www.facebook.com\/rednacionaldearte\/","article_published_time":"2018-11-03T10:37:51+00:00","article_modified_time":"2018-11-13T05:45:33+00:00","og_image":[{"width":867,"height":292,"url":"http:\/\/rednacionaldearte.com\/noticias\/wp-content\/uploads\/2018\/11\/Cuatro-x-cuatro-videodanzas.png","type":"image\/png"}],"author":"Redacci\u00f3n","twitter_card":"summary_large_image","twitter_creator":"@rednacionalarte","twitter_site":"@rednacionalarte","twitter_misc":{"Escrito por":"Redacci\u00f3n","Tiempo de lectura":"1 minuto"},"schema":{"@context":"https:\/\/schema.org","@graph":[{"@type":"Article","@id":"http:\/\/rednacionaldearte.com\/noticias\/extension-fivideodanza-festival-cuatro-x-cuatro-chiapas\/#article","isPartOf":{"@id":"http:\/\/rednacionaldearte.com\/noticias\/extension-fivideodanza-festival-cuatro-x-cuatro-chiapas\/"},"author":{"name":"Redacci\u00f3n","@id":"http:\/\/rednacionaldearte.com\/noticias\/#\/schema\/person\/489d635082b1de413434d2708a3e5b9b"},"headline":"Extensi\u00f3n del #FIVideodanza en el Festival Cuatro X Cuatro de Chiapas","datePublished":"2018-11-03T10:37:51+00:00","dateModified":"2018-11-13T05:45:33+00:00","mainEntityOfPage":{"@id":"http:\/\/rednacionaldearte.com\/noticias\/extension-fivideodanza-festival-cuatro-x-cuatro-chiapas\/"},"wordCount":168,"publisher":{"@id":"http:\/\/rednacionaldearte.com\/noticias\/#organization"},"image":{"@id":"http:\/\/rednacionaldearte.com\/noticias\/extension-fivideodanza-festival-cuatro-x-cuatro-chiapas\/#primaryimage"},"thumbnailUrl":"https:\/\/rednacionaldearte.com\/noticias\/wp-content\/uploads\/2018\/11\/Cuatro-x-cuatro-videodanzas.png","keywords":["Festival Cuatro X Cuatro","Festival de Videodanza de la Ciudad de M\u00e9xico","Festival Internacional de Videodanza de la Ciudad de M\u00e9xico"],"articleSection":["Artes Esc\u00e9nicas","Destacado","Eventos","Festivales","RNA"],"inLanguage":"es"},{"@type":"WebPage","@id":"http:\/\/rednacionaldearte.com\/noticias\/extension-fivideodanza-festival-cuatro-x-cuatro-chiapas\/","url":"http:\/\/rednacionaldearte.com\/noticias\/extension-fivideodanza-festival-cuatro-x-cuatro-chiapas\/","name":"Extensi\u00f3n del #FIVideodanza en el Festival Cuatro X Cuatro de Chiapas - Red Nacional de Arte","isPartOf":{"@id":"http:\/\/rednacionaldearte.com\/noticias\/#website"},"primaryImageOfPage":{"@id":"http:\/\/rednacionaldearte.com\/noticias\/extension-fivideodanza-festival-cuatro-x-cuatro-chiapas\/#primaryimage"},"image":{"@id":"http:\/\/rednacionaldearte.com\/noticias\/extension-fivideodanza-festival-cuatro-x-cuatro-chiapas\/#primaryimage"},"thumbnailUrl":"https:\/\/rednacionaldearte.com\/noticias\/wp-content\/uploads\/2018\/11\/Cuatro-x-cuatro-videodanzas.png","datePublished":"2018-11-03T10:37:51+00:00","dateModified":"2018-11-13T05:45:33+00:00","breadcrumb":{"@id":"http:\/\/rednacionaldearte.com\/noticias\/extension-fivideodanza-festival-cuatro-x-cuatro-chiapas\/#breadcrumb"},"inLanguage":"es","potentialAction":[{"@type":"ReadAction","target":["http:\/\/rednacionaldearte.com\/noticias\/extension-fivideodanza-festival-cuatro-x-cuatro-chiapas\/"]}]},{"@type":"ImageObject","inLanguage":"es","@id":"http:\/\/rednacionaldearte.com\/noticias\/extension-fivideodanza-festival-cuatro-x-cuatro-chiapas\/#primaryimage","url":"https:\/\/rednacionaldearte.com\/noticias\/wp-content\/uploads\/2018\/11\/Cuatro-x-cuatro-videodanzas.png","contentUrl":"https:\/\/rednacionaldearte.com\/noticias\/wp-content\/uploads\/2018\/11\/Cuatro-x-cuatro-videodanzas.png","width":867,"height":292},{"@type":"BreadcrumbList","@id":"http:\/\/rednacionaldearte.com\/noticias\/extension-fivideodanza-festival-cuatro-x-cuatro-chiapas\/#breadcrumb","itemListElement":[{"@type":"ListItem","position":1,"name":"Home","item":"http:\/\/rednacionaldearte.com\/noticias\/"},{"@type":"ListItem","position":2,"name":"Extensi\u00f3n del #FIVideodanza en el Festival Cuatro X Cuatro de Chiapas"}]},{"@type":"WebSite","@id":"http:\/\/rednacionaldearte.com\/noticias\/#website","url":"http:\/\/rednacionaldearte.com\/noticias\/","name":"Red Nacional de Arte","description":"Cultura y Arte contempor\u00e1neo en M\u00e9xico","publisher":{"@id":"http:\/\/rednacionaldearte.com\/noticias\/#organization"},"potentialAction":[{"@type":"SearchAction","target":{"@type":"EntryPoint","urlTemplate":"http:\/\/rednacionaldearte.com\/noticias\/?s={search_term_string}"},"query-input":{"@type":"PropertyValueSpecification","valueRequired":true,"valueName":"search_term_string"}}],"inLanguage":"es"},{"@type":"Organization","@id":"http:\/\/rednacionaldearte.com\/noticias\/#organization","name":"Red Nacional de Arte","url":"http:\/\/rednacionaldearte.com\/noticias\/","logo":{"@type":"ImageObject","inLanguage":"es","@id":"http:\/\/rednacionaldearte.com\/noticias\/#\/schema\/logo\/image\/","url":"http:\/\/rednacionaldearte.com\/noticias\/wp-content\/uploads\/2016\/04\/logo.png","contentUrl":"http:\/\/rednacionaldearte.com\/noticias\/wp-content\/uploads\/2016\/04\/logo.png","width":575,"height":554,"caption":"Red Nacional de Arte"},"image":{"@id":"http:\/\/rednacionaldearte.com\/noticias\/#\/schema\/logo\/image\/"},"sameAs":["http:\/\/www.facebook.com\/rednacionaldearte\/","https:\/\/x.com\/rednacionalarte"]},{"@type":"Person","@id":"http:\/\/rednacionaldearte.com\/noticias\/#\/schema\/person\/489d635082b1de413434d2708a3e5b9b","name":"Redacci\u00f3n","image":{"@type":"ImageObject","inLanguage":"es","@id":"https:\/\/secure.gravatar.com\/avatar\/1d1c30eaee7c2f6cfa13fb8502cb06839106cdf371b9953d50e4b572d0bfa3c7?s=96&d=mm&r=g","url":"https:\/\/secure.gravatar.com\/avatar\/1d1c30eaee7c2f6cfa13fb8502cb06839106cdf371b9953d50e4b572d0bfa3c7?s=96&d=mm&r=g","contentUrl":"https:\/\/secure.gravatar.com\/avatar\/1d1c30eaee7c2f6cfa13fb8502cb06839106cdf371b9953d50e4b572d0bfa3c7?s=96&d=mm&r=g","caption":"Redacci\u00f3n"},"url":"https:\/\/rednacionaldearte.com\/noticias\/author\/adan\/"}]}},"amp_validity":null,"amp_enabled":true,"_links":{"self":[{"href":"https:\/\/rednacionaldearte.com\/noticias\/wp-json\/wp\/v2\/posts\/4430","targetHints":{"allow":["GET"]}}],"collection":[{"href":"https:\/\/rednacionaldearte.com\/noticias\/wp-json\/wp\/v2\/posts"}],"about":[{"href":"https:\/\/rednacionaldearte.com\/noticias\/wp-json\/wp\/v2\/types\/post"}],"author":[{"embeddable":true,"href":"https:\/\/rednacionaldearte.com\/noticias\/wp-json\/wp\/v2\/users\/1"}],"replies":[{"embeddable":true,"href":"https:\/\/rednacionaldearte.com\/noticias\/wp-json\/wp\/v2\/comments?post=4430"}],"version-history":[{"count":1,"href":"https:\/\/rednacionaldearte.com\/noticias\/wp-json\/wp\/v2\/posts\/4430\/revisions"}],"predecessor-version":[{"id":4433,"href":"https:\/\/rednacionaldearte.com\/noticias\/wp-json\/wp\/v2\/posts\/4430\/revisions\/4433"}],"wp:featuredmedia":[{"embeddable":true,"href":"https:\/\/rednacionaldearte.com\/noticias\/wp-json\/wp\/v2\/media\/4432"}],"wp:attachment":[{"href":"https:\/\/rednacionaldearte.com\/noticias\/wp-json\/wp\/v2\/media?parent=4430"}],"wp:term":[{"taxonomy":"category","embeddable":true,"href":"https:\/\/rednacionaldearte.com\/noticias\/wp-json\/wp\/v2\/categories?post=4430"},{"taxonomy":"post_tag","embeddable":true,"href":"https:\/\/rednacionaldearte.com\/noticias\/wp-json\/wp\/v2\/tags?post=4430"}],"curies":[{"name":"wp","href":"https:\/\/api.w.org\/{rel}","templated":true}]}}