{"id":4434,"date":"2018-11-04T11:00:47","date_gmt":"2018-11-04T11:00:47","guid":{"rendered":"https:\/\/rednacionaldearte.com\/noticias\/?p=4434"},"modified":"2018-11-13T05:46:10","modified_gmt":"2018-11-13T05:46:10","slug":"proyecciones-festival-videodanza-cdmx-venezuela","status":"publish","type":"post","link":"https:\/\/rednacionaldearte.com\/noticias\/proyecciones-festival-videodanza-cdmx-venezuela\/","title":{"rendered":"Proyecciones del Festival de Videodanza de la CDMX en Venezuela"},"content":{"rendered":"<p>Cuadro por Danza es el \u00fanico festival venezolano independiente que re\u00fane fot\u00f3grafos, videoartistas, realizadores audiovisuales, bailarines y core\u00f3grafos a presentar obras relacionadas con la danza.<\/p>\n<p>En esta edici\u00f3n, Red Nacional de Arte y el Festival Internacional de Videodanza de la Ciudad de M\u00e9xico exhibir\u00e1n un programa especial de videodanzas.<\/p>\n<p>Las proyecciones se llevar\u00e1 a cabo los d\u00edas viernes 16 de noviembre a las 6:00 p.m. y s\u00e1bado 17 de noviembre a las 5:00 p.m., en la Sala 2 de la Fundaci\u00f3n Celarg en Caracas, Venezuela.<\/p>\n<p>Las videodanzas que ser\u00e1n presentadas son:<\/p>\n<ul>\n<li>Yanvalou. Dir. Angeline Gragasin \u2013 EUA<\/li>\n<li>Are you holding me, or am I holding myself?. Dir. Cesar Brodermann \u2013 M\u00e9xico \/ EUA<\/li>\n<li>BOOKANIMA: Dance. Dir. Shon Kim \u2013 Corea del Sur<\/li>\n<\/ul>\n<p>Agradecemos el apoyo de Bernardette Rodr\u00edguez por hacer posible este programa.<\/p>\n<p><a href=\"https:\/\/rednacionaldearte.com\/noticias\/wp-content\/uploads\/2018\/11\/programa-I.jpg\"><img loading=\"lazy\" decoding=\"async\" class=\"alignnone size-medium wp-image-4437\" src=\"https:\/\/rednacionaldearte.com\/noticias\/wp-content\/uploads\/2018\/11\/programa-I-212x300.jpg\" alt=\"\" width=\"212\" height=\"300\" srcset=\"https:\/\/rednacionaldearte.com\/noticias\/wp-content\/uploads\/2018\/11\/programa-I-212x300.jpg 212w, https:\/\/rednacionaldearte.com\/noticias\/wp-content\/uploads\/2018\/11\/programa-I-768x1086.jpg 768w, https:\/\/rednacionaldearte.com\/noticias\/wp-content\/uploads\/2018\/11\/programa-I-724x1024.jpg 724w\" sizes=\"auto, (max-width: 212px) 100vw, 212px\" \/><\/a> <a href=\"https:\/\/rednacionaldearte.com\/noticias\/wp-content\/uploads\/2018\/11\/programa-II.jpg\"><img loading=\"lazy\" decoding=\"async\" class=\"alignnone size-medium wp-image-4439\" src=\"https:\/\/rednacionaldearte.com\/noticias\/wp-content\/uploads\/2018\/11\/programa-II-212x300.jpg\" alt=\"\" width=\"212\" height=\"300\" srcset=\"https:\/\/rednacionaldearte.com\/noticias\/wp-content\/uploads\/2018\/11\/programa-II-212x300.jpg 212w, https:\/\/rednacionaldearte.com\/noticias\/wp-content\/uploads\/2018\/11\/programa-II-768x1086.jpg 768w, https:\/\/rednacionaldearte.com\/noticias\/wp-content\/uploads\/2018\/11\/programa-II-724x1024.jpg 724w\" sizes=\"auto, (max-width: 212px) 100vw, 212px\" \/><\/a><\/p>\n","protected":false},"excerpt":{"rendered":"<p>Cuadro por Danza es el \u00fanico festival venezolano independiente que re\u00fane fot\u00f3grafos, videoartistas, realizadores audiovisuales, bailarines y core\u00f3grafos a presentar obras relacionadas con la danza. En esta edici\u00f3n, Red Nacional de Arte y el Festival Internacional de Videodanza de la Ciudad de M\u00e9xico exhibir\u00e1n un programa especial de videodanzas. Las proyecciones se llevar\u00e1 a cabo [&hellip;]<\/p>\n","protected":false},"author":1,"featured_media":4435,"comment_status":"closed","ping_status":"open","sticky":false,"template":"","format":"standard","meta":{"footnotes":""},"categories":[58,18,93,41],"tags":[135,76],"class_list":["post-4434","post","type-post","status-publish","format-standard","has-post-thumbnail","hentry","category-danza","category-eventos","category-festivales","category-rna","tag-festival-de-videodanza-de-la-ciudad-de-mexico","tag-festival-internacional-de-videodanza-de-la-ciudad-de-mexico"],"yoast_head":"<!-- This site is optimized with the Yoast SEO plugin v27.2 - https:\/\/yoast.com\/product\/yoast-seo-wordpress\/ -->\n<title>Proyecciones del Festival de Videodanza de la CDMX en Venezuela - Red Nacional de Arte<\/title>\n<meta name=\"robots\" content=\"index, follow, max-snippet:-1, max-image-preview:large, max-video-preview:-1\" \/>\n<link rel=\"canonical\" href=\"http:\/\/rednacionaldearte.com\/noticias\/proyecciones-festival-videodanza-cdmx-venezuela\/\" \/>\n<meta property=\"og:locale\" content=\"es_ES\" \/>\n<meta property=\"og:type\" content=\"article\" \/>\n<meta property=\"og:title\" content=\"Proyecciones del Festival de Videodanza de la CDMX en Venezuela - Red Nacional de Arte\" \/>\n<meta property=\"og:description\" content=\"Cuadro por Danza es el \u00fanico festival venezolano independiente que re\u00fane fot\u00f3grafos, videoartistas, realizadores audiovisuales, bailarines y core\u00f3grafos a presentar obras relacionadas con la danza. En esta edici\u00f3n, Red Nacional de Arte y el Festival Internacional de Videodanza de la Ciudad de M\u00e9xico exhibir\u00e1n un programa especial de videodanzas. Las proyecciones se llevar\u00e1 a cabo [&hellip;]\" \/>\n<meta property=\"og:url\" content=\"http:\/\/rednacionaldearte.com\/noticias\/proyecciones-festival-videodanza-cdmx-venezuela\/\" \/>\n<meta property=\"og:site_name\" content=\"Red Nacional de Arte\" \/>\n<meta property=\"article:publisher\" content=\"http:\/\/www.facebook.com\/rednacionaldearte\/\" \/>\n<meta property=\"article:published_time\" content=\"2018-11-04T11:00:47+00:00\" \/>\n<meta property=\"article:modified_time\" content=\"2018-11-13T05:46:10+00:00\" \/>\n<meta property=\"og:image\" content=\"http:\/\/rednacionaldearte.com\/noticias\/wp-content\/uploads\/2018\/11\/Cuadro-por-Danza.jpg\" \/>\n\t<meta property=\"og:image:width\" content=\"724\" \/>\n\t<meta property=\"og:image:height\" content=\"504\" \/>\n\t<meta property=\"og:image:type\" content=\"image\/jpeg\" \/>\n<meta name=\"author\" content=\"Redacci\u00f3n\" \/>\n<meta name=\"twitter:card\" content=\"summary_large_image\" \/>\n<meta name=\"twitter:creator\" content=\"@rednacionalarte\" \/>\n<meta name=\"twitter:site\" content=\"@rednacionalarte\" \/>\n<meta name=\"twitter:label1\" content=\"Escrito por\" \/>\n\t<meta name=\"twitter:data1\" content=\"Redacci\u00f3n\" \/>\n\t<meta name=\"twitter:label2\" content=\"Tiempo de lectura\" \/>\n\t<meta name=\"twitter:data2\" content=\"1 minuto\" \/>\n<script type=\"application\/ld+json\" class=\"yoast-schema-graph\">{\"@context\":\"https:\/\/schema.org\",\"@graph\":[{\"@type\":\"Article\",\"@id\":\"http:\/\/rednacionaldearte.com\/noticias\/proyecciones-festival-videodanza-cdmx-venezuela\/#article\",\"isPartOf\":{\"@id\":\"http:\/\/rednacionaldearte.com\/noticias\/proyecciones-festival-videodanza-cdmx-venezuela\/\"},\"author\":{\"name\":\"Redacci\u00f3n\",\"@id\":\"http:\/\/rednacionaldearte.com\/noticias\/#\/schema\/person\/489d635082b1de413434d2708a3e5b9b\"},\"headline\":\"Proyecciones del Festival de Videodanza de la CDMX en Venezuela\",\"datePublished\":\"2018-11-04T11:00:47+00:00\",\"dateModified\":\"2018-11-13T05:46:10+00:00\",\"mainEntityOfPage\":{\"@id\":\"http:\/\/rednacionaldearte.com\/noticias\/proyecciones-festival-videodanza-cdmx-venezuela\/\"},\"wordCount\":148,\"publisher\":{\"@id\":\"http:\/\/rednacionaldearte.com\/noticias\/#organization\"},\"image\":{\"@id\":\"http:\/\/rednacionaldearte.com\/noticias\/proyecciones-festival-videodanza-cdmx-venezuela\/#primaryimage\"},\"thumbnailUrl\":\"https:\/\/rednacionaldearte.com\/noticias\/wp-content\/uploads\/2018\/11\/Cuadro-por-Danza.jpg\",\"keywords\":[\"Festival de Videodanza de la Ciudad de M\u00e9xico\",\"Festival Internacional de Videodanza de la Ciudad de M\u00e9xico\"],\"articleSection\":[\"Danza\",\"Eventos\",\"Festivales\",\"RNA\"],\"inLanguage\":\"es\"},{\"@type\":\"WebPage\",\"@id\":\"http:\/\/rednacionaldearte.com\/noticias\/proyecciones-festival-videodanza-cdmx-venezuela\/\",\"url\":\"http:\/\/rednacionaldearte.com\/noticias\/proyecciones-festival-videodanza-cdmx-venezuela\/\",\"name\":\"Proyecciones del Festival de Videodanza de la CDMX en Venezuela - Red Nacional de Arte\",\"isPartOf\":{\"@id\":\"http:\/\/rednacionaldearte.com\/noticias\/#website\"},\"primaryImageOfPage\":{\"@id\":\"http:\/\/rednacionaldearte.com\/noticias\/proyecciones-festival-videodanza-cdmx-venezuela\/#primaryimage\"},\"image\":{\"@id\":\"http:\/\/rednacionaldearte.com\/noticias\/proyecciones-festival-videodanza-cdmx-venezuela\/#primaryimage\"},\"thumbnailUrl\":\"https:\/\/rednacionaldearte.com\/noticias\/wp-content\/uploads\/2018\/11\/Cuadro-por-Danza.jpg\",\"datePublished\":\"2018-11-04T11:00:47+00:00\",\"dateModified\":\"2018-11-13T05:46:10+00:00\",\"breadcrumb\":{\"@id\":\"http:\/\/rednacionaldearte.com\/noticias\/proyecciones-festival-videodanza-cdmx-venezuela\/#breadcrumb\"},\"inLanguage\":\"es\",\"potentialAction\":[{\"@type\":\"ReadAction\",\"target\":[\"http:\/\/rednacionaldearte.com\/noticias\/proyecciones-festival-videodanza-cdmx-venezuela\/\"]}]},{\"@type\":\"ImageObject\",\"inLanguage\":\"es\",\"@id\":\"http:\/\/rednacionaldearte.com\/noticias\/proyecciones-festival-videodanza-cdmx-venezuela\/#primaryimage\",\"url\":\"https:\/\/rednacionaldearte.com\/noticias\/wp-content\/uploads\/2018\/11\/Cuadro-por-Danza.jpg\",\"contentUrl\":\"https:\/\/rednacionaldearte.com\/noticias\/wp-content\/uploads\/2018\/11\/Cuadro-por-Danza.jpg\",\"width\":724,\"height\":504},{\"@type\":\"BreadcrumbList\",\"@id\":\"http:\/\/rednacionaldearte.com\/noticias\/proyecciones-festival-videodanza-cdmx-venezuela\/#breadcrumb\",\"itemListElement\":[{\"@type\":\"ListItem\",\"position\":1,\"name\":\"Home\",\"item\":\"http:\/\/rednacionaldearte.com\/noticias\/\"},{\"@type\":\"ListItem\",\"position\":2,\"name\":\"Proyecciones del Festival de Videodanza de la CDMX en Venezuela\"}]},{\"@type\":\"WebSite\",\"@id\":\"http:\/\/rednacionaldearte.com\/noticias\/#website\",\"url\":\"http:\/\/rednacionaldearte.com\/noticias\/\",\"name\":\"Red Nacional de Arte\",\"description\":\"Cultura y Arte contempor\u00e1neo en M\u00e9xico\",\"publisher\":{\"@id\":\"http:\/\/rednacionaldearte.com\/noticias\/#organization\"},\"potentialAction\":[{\"@type\":\"SearchAction\",\"target\":{\"@type\":\"EntryPoint\",\"urlTemplate\":\"http:\/\/rednacionaldearte.com\/noticias\/?s={search_term_string}\"},\"query-input\":{\"@type\":\"PropertyValueSpecification\",\"valueRequired\":true,\"valueName\":\"search_term_string\"}}],\"inLanguage\":\"es\"},{\"@type\":\"Organization\",\"@id\":\"http:\/\/rednacionaldearte.com\/noticias\/#organization\",\"name\":\"Red Nacional de Arte\",\"url\":\"http:\/\/rednacionaldearte.com\/noticias\/\",\"logo\":{\"@type\":\"ImageObject\",\"inLanguage\":\"es\",\"@id\":\"http:\/\/rednacionaldearte.com\/noticias\/#\/schema\/logo\/image\/\",\"url\":\"http:\/\/rednacionaldearte.com\/noticias\/wp-content\/uploads\/2016\/04\/logo.png\",\"contentUrl\":\"http:\/\/rednacionaldearte.com\/noticias\/wp-content\/uploads\/2016\/04\/logo.png\",\"width\":575,\"height\":554,\"caption\":\"Red Nacional de Arte\"},\"image\":{\"@id\":\"http:\/\/rednacionaldearte.com\/noticias\/#\/schema\/logo\/image\/\"},\"sameAs\":[\"http:\/\/www.facebook.com\/rednacionaldearte\/\",\"https:\/\/x.com\/rednacionalarte\"]},{\"@type\":\"Person\",\"@id\":\"http:\/\/rednacionaldearte.com\/noticias\/#\/schema\/person\/489d635082b1de413434d2708a3e5b9b\",\"name\":\"Redacci\u00f3n\",\"image\":{\"@type\":\"ImageObject\",\"inLanguage\":\"es\",\"@id\":\"https:\/\/secure.gravatar.com\/avatar\/1d1c30eaee7c2f6cfa13fb8502cb06839106cdf371b9953d50e4b572d0bfa3c7?s=96&d=mm&r=g\",\"url\":\"https:\/\/secure.gravatar.com\/avatar\/1d1c30eaee7c2f6cfa13fb8502cb06839106cdf371b9953d50e4b572d0bfa3c7?s=96&d=mm&r=g\",\"contentUrl\":\"https:\/\/secure.gravatar.com\/avatar\/1d1c30eaee7c2f6cfa13fb8502cb06839106cdf371b9953d50e4b572d0bfa3c7?s=96&d=mm&r=g\",\"caption\":\"Redacci\u00f3n\"},\"url\":\"https:\/\/rednacionaldearte.com\/noticias\/author\/adan\/\"}]}<\/script>\n<!-- \/ Yoast SEO plugin. -->","yoast_head_json":{"title":"Proyecciones del Festival de Videodanza de la CDMX en Venezuela - Red Nacional de Arte","robots":{"index":"index","follow":"follow","max-snippet":"max-snippet:-1","max-image-preview":"max-image-preview:large","max-video-preview":"max-video-preview:-1"},"canonical":"http:\/\/rednacionaldearte.com\/noticias\/proyecciones-festival-videodanza-cdmx-venezuela\/","og_locale":"es_ES","og_type":"article","og_title":"Proyecciones del Festival de Videodanza de la CDMX en Venezuela - Red Nacional de Arte","og_description":"Cuadro por Danza es el \u00fanico festival venezolano independiente que re\u00fane fot\u00f3grafos, videoartistas, realizadores audiovisuales, bailarines y core\u00f3grafos a presentar obras relacionadas con la danza. En esta edici\u00f3n, Red Nacional de Arte y el Festival Internacional de Videodanza de la Ciudad de M\u00e9xico exhibir\u00e1n un programa especial de videodanzas. Las proyecciones se llevar\u00e1 a cabo [&hellip;]","og_url":"http:\/\/rednacionaldearte.com\/noticias\/proyecciones-festival-videodanza-cdmx-venezuela\/","og_site_name":"Red Nacional de Arte","article_publisher":"http:\/\/www.facebook.com\/rednacionaldearte\/","article_published_time":"2018-11-04T11:00:47+00:00","article_modified_time":"2018-11-13T05:46:10+00:00","og_image":[{"width":724,"height":504,"url":"http:\/\/rednacionaldearte.com\/noticias\/wp-content\/uploads\/2018\/11\/Cuadro-por-Danza.jpg","type":"image\/jpeg"}],"author":"Redacci\u00f3n","twitter_card":"summary_large_image","twitter_creator":"@rednacionalarte","twitter_site":"@rednacionalarte","twitter_misc":{"Escrito por":"Redacci\u00f3n","Tiempo de lectura":"1 minuto"},"schema":{"@context":"https:\/\/schema.org","@graph":[{"@type":"Article","@id":"http:\/\/rednacionaldearte.com\/noticias\/proyecciones-festival-videodanza-cdmx-venezuela\/#article","isPartOf":{"@id":"http:\/\/rednacionaldearte.com\/noticias\/proyecciones-festival-videodanza-cdmx-venezuela\/"},"author":{"name":"Redacci\u00f3n","@id":"http:\/\/rednacionaldearte.com\/noticias\/#\/schema\/person\/489d635082b1de413434d2708a3e5b9b"},"headline":"Proyecciones del Festival de Videodanza de la CDMX en Venezuela","datePublished":"2018-11-04T11:00:47+00:00","dateModified":"2018-11-13T05:46:10+00:00","mainEntityOfPage":{"@id":"http:\/\/rednacionaldearte.com\/noticias\/proyecciones-festival-videodanza-cdmx-venezuela\/"},"wordCount":148,"publisher":{"@id":"http:\/\/rednacionaldearte.com\/noticias\/#organization"},"image":{"@id":"http:\/\/rednacionaldearte.com\/noticias\/proyecciones-festival-videodanza-cdmx-venezuela\/#primaryimage"},"thumbnailUrl":"https:\/\/rednacionaldearte.com\/noticias\/wp-content\/uploads\/2018\/11\/Cuadro-por-Danza.jpg","keywords":["Festival de Videodanza de la Ciudad de M\u00e9xico","Festival Internacional de Videodanza de la Ciudad de M\u00e9xico"],"articleSection":["Danza","Eventos","Festivales","RNA"],"inLanguage":"es"},{"@type":"WebPage","@id":"http:\/\/rednacionaldearte.com\/noticias\/proyecciones-festival-videodanza-cdmx-venezuela\/","url":"http:\/\/rednacionaldearte.com\/noticias\/proyecciones-festival-videodanza-cdmx-venezuela\/","name":"Proyecciones del Festival de Videodanza de la CDMX en Venezuela - Red Nacional de Arte","isPartOf":{"@id":"http:\/\/rednacionaldearte.com\/noticias\/#website"},"primaryImageOfPage":{"@id":"http:\/\/rednacionaldearte.com\/noticias\/proyecciones-festival-videodanza-cdmx-venezuela\/#primaryimage"},"image":{"@id":"http:\/\/rednacionaldearte.com\/noticias\/proyecciones-festival-videodanza-cdmx-venezuela\/#primaryimage"},"thumbnailUrl":"https:\/\/rednacionaldearte.com\/noticias\/wp-content\/uploads\/2018\/11\/Cuadro-por-Danza.jpg","datePublished":"2018-11-04T11:00:47+00:00","dateModified":"2018-11-13T05:46:10+00:00","breadcrumb":{"@id":"http:\/\/rednacionaldearte.com\/noticias\/proyecciones-festival-videodanza-cdmx-venezuela\/#breadcrumb"},"inLanguage":"es","potentialAction":[{"@type":"ReadAction","target":["http:\/\/rednacionaldearte.com\/noticias\/proyecciones-festival-videodanza-cdmx-venezuela\/"]}]},{"@type":"ImageObject","inLanguage":"es","@id":"http:\/\/rednacionaldearte.com\/noticias\/proyecciones-festival-videodanza-cdmx-venezuela\/#primaryimage","url":"https:\/\/rednacionaldearte.com\/noticias\/wp-content\/uploads\/2018\/11\/Cuadro-por-Danza.jpg","contentUrl":"https:\/\/rednacionaldearte.com\/noticias\/wp-content\/uploads\/2018\/11\/Cuadro-por-Danza.jpg","width":724,"height":504},{"@type":"BreadcrumbList","@id":"http:\/\/rednacionaldearte.com\/noticias\/proyecciones-festival-videodanza-cdmx-venezuela\/#breadcrumb","itemListElement":[{"@type":"ListItem","position":1,"name":"Home","item":"http:\/\/rednacionaldearte.com\/noticias\/"},{"@type":"ListItem","position":2,"name":"Proyecciones del Festival de Videodanza de la CDMX en Venezuela"}]},{"@type":"WebSite","@id":"http:\/\/rednacionaldearte.com\/noticias\/#website","url":"http:\/\/rednacionaldearte.com\/noticias\/","name":"Red Nacional de Arte","description":"Cultura y Arte contempor\u00e1neo en M\u00e9xico","publisher":{"@id":"http:\/\/rednacionaldearte.com\/noticias\/#organization"},"potentialAction":[{"@type":"SearchAction","target":{"@type":"EntryPoint","urlTemplate":"http:\/\/rednacionaldearte.com\/noticias\/?s={search_term_string}"},"query-input":{"@type":"PropertyValueSpecification","valueRequired":true,"valueName":"search_term_string"}}],"inLanguage":"es"},{"@type":"Organization","@id":"http:\/\/rednacionaldearte.com\/noticias\/#organization","name":"Red Nacional de Arte","url":"http:\/\/rednacionaldearte.com\/noticias\/","logo":{"@type":"ImageObject","inLanguage":"es","@id":"http:\/\/rednacionaldearte.com\/noticias\/#\/schema\/logo\/image\/","url":"http:\/\/rednacionaldearte.com\/noticias\/wp-content\/uploads\/2016\/04\/logo.png","contentUrl":"http:\/\/rednacionaldearte.com\/noticias\/wp-content\/uploads\/2016\/04\/logo.png","width":575,"height":554,"caption":"Red Nacional de Arte"},"image":{"@id":"http:\/\/rednacionaldearte.com\/noticias\/#\/schema\/logo\/image\/"},"sameAs":["http:\/\/www.facebook.com\/rednacionaldearte\/","https:\/\/x.com\/rednacionalarte"]},{"@type":"Person","@id":"http:\/\/rednacionaldearte.com\/noticias\/#\/schema\/person\/489d635082b1de413434d2708a3e5b9b","name":"Redacci\u00f3n","image":{"@type":"ImageObject","inLanguage":"es","@id":"https:\/\/secure.gravatar.com\/avatar\/1d1c30eaee7c2f6cfa13fb8502cb06839106cdf371b9953d50e4b572d0bfa3c7?s=96&d=mm&r=g","url":"https:\/\/secure.gravatar.com\/avatar\/1d1c30eaee7c2f6cfa13fb8502cb06839106cdf371b9953d50e4b572d0bfa3c7?s=96&d=mm&r=g","contentUrl":"https:\/\/secure.gravatar.com\/avatar\/1d1c30eaee7c2f6cfa13fb8502cb06839106cdf371b9953d50e4b572d0bfa3c7?s=96&d=mm&r=g","caption":"Redacci\u00f3n"},"url":"https:\/\/rednacionaldearte.com\/noticias\/author\/adan\/"}]}},"amp_validity":null,"amp_enabled":true,"_links":{"self":[{"href":"https:\/\/rednacionaldearte.com\/noticias\/wp-json\/wp\/v2\/posts\/4434","targetHints":{"allow":["GET"]}}],"collection":[{"href":"https:\/\/rednacionaldearte.com\/noticias\/wp-json\/wp\/v2\/posts"}],"about":[{"href":"https:\/\/rednacionaldearte.com\/noticias\/wp-json\/wp\/v2\/types\/post"}],"author":[{"embeddable":true,"href":"https:\/\/rednacionaldearte.com\/noticias\/wp-json\/wp\/v2\/users\/1"}],"replies":[{"embeddable":true,"href":"https:\/\/rednacionaldearte.com\/noticias\/wp-json\/wp\/v2\/comments?post=4434"}],"version-history":[{"count":3,"href":"https:\/\/rednacionaldearte.com\/noticias\/wp-json\/wp\/v2\/posts\/4434\/revisions"}],"predecessor-version":[{"id":4438,"href":"https:\/\/rednacionaldearte.com\/noticias\/wp-json\/wp\/v2\/posts\/4434\/revisions\/4438"}],"wp:featuredmedia":[{"embeddable":true,"href":"https:\/\/rednacionaldearte.com\/noticias\/wp-json\/wp\/v2\/media\/4435"}],"wp:attachment":[{"href":"https:\/\/rednacionaldearte.com\/noticias\/wp-json\/wp\/v2\/media?parent=4434"}],"wp:term":[{"taxonomy":"category","embeddable":true,"href":"https:\/\/rednacionaldearte.com\/noticias\/wp-json\/wp\/v2\/categories?post=4434"},{"taxonomy":"post_tag","embeddable":true,"href":"https:\/\/rednacionaldearte.com\/noticias\/wp-json\/wp\/v2\/tags?post=4434"}],"curies":[{"name":"wp","href":"https:\/\/api.w.org\/{rel}","templated":true}]}}