{"id":4442,"date":"2018-12-10T21:47:06","date_gmt":"2018-12-10T21:47:06","guid":{"rendered":"https:\/\/rednacionaldearte.com\/noticias\/?p=4442"},"modified":"2018-12-10T21:47:06","modified_gmt":"2018-12-10T21:47:06","slug":"convocatoria-4x4-tj-night-2019","status":"publish","type":"post","link":"https:\/\/rednacionaldearte.com\/noticias\/convocatoria-4x4-tj-night-2019\/","title":{"rendered":"Convocatoria abierta para Concurso de Coreograf\u00eda 4X4 TJ Night 2019"},"content":{"rendered":"<p><strong>Cierre de Convocatoria:<\/strong>&nbsp;28 Enero 2019<\/p>\n<p>Lux Boreal en colaboraci\u00f3n con el Centro Cultural Tijuana abre la convocatoria a creadores esc\u00e9nicos que deseen participar en el Concurso de Coreograf\u00eda 4X4 TJ Night.<\/p>\n<p><span id=\"E176\" class=\"qowt-font7-Calibri\">Hace unos d\u00edas, Lux Boreal public\u00f3<\/span><span id=\"E177\" class=\"qowt-font7-Calibri\"> oficialmente la convocatoria para la octava edici\u00f3n del concurso coreogr\u00e1fico, que estar<\/span><span id=\"E178\" class=\"qowt-font7-Calibri\">\u00e1 abierta hasta el lunes 28 de e<\/span><span id=\"E179\" class=\"qowt-font7-Calibri\">nero de 2019.&nbsp;<\/span><span id=\"E179\" class=\"qowt-font7-Calibri\">L<\/span><span id=\"E180\" class=\"qowt-font7-Calibri\">a convocatoria est\u00e1 dirigida a creadores esc\u00e9nicos y bailarines de M\u00e9xico y el extranjero, y deber\u00e1 involucrar un m\u00ednimo de 2 int\u00e9rpretes en escena y tomar en cuenta el reto que implica el l\u00edmite del escenario de 1.20 x 1.20 metros. <\/span><\/p>\n<p><span id=\"E180\" class=\"qowt-font7-Calibri\">El jurado estar\u00e1 compuesto por artistas de probada trayectoria en danza y otras disciplinas art\u00edsticas como teatro, literatura, artes visuales y afines. Las propuestas seleccionadas a participar dentro del concurso se dar\u00e1n a conocer el viernes 8 de febrero de 2019.<\/span><\/p>\n<p>&nbsp;<\/p>\n<p style=\"text-align: center;\"><a class=\"fasc-button fasc-size-medium fasc-type-flat\" style=\"background-color: #33809e; color: #ffffff;\" target=\"_blank\" href=\"https:\/\/rednacionaldearte.com\/noticias\/wp-content\/uploads\/2018\/12\/Convocatoria-VIII-Concurso-de-Coreografi\u0300a-4X4-TJ-Night-2019-Cartel-PDF.pdf\">Consultar bases<\/a><\/p>\n<p>&nbsp;<\/p>\n","protected":false},"excerpt":{"rendered":"<p>Cierre de Convocatoria:&nbsp;28 Enero 2019 Lux Boreal en colaboraci\u00f3n con el Centro Cultural Tijuana abre la convocatoria a creadores esc\u00e9nicos que deseen participar en el Concurso de Coreograf\u00eda 4X4 TJ Night. Hace unos d\u00edas, Lux Boreal public\u00f3 oficialmente la convocatoria para la octava edici\u00f3n del concurso coreogr\u00e1fico, que estar\u00e1 abierta hasta el lunes 28 de [&hellip;]<\/p>\n","protected":false},"author":1,"featured_media":4444,"comment_status":"closed","ping_status":"open","sticky":false,"template":"","format":"standard","meta":{"footnotes":""},"categories":[103,24,58],"tags":[],"class_list":["post-4442","post","type-post","status-publish","format-standard","has-post-thumbnail","hentry","category-artes-escenicas","category-convocatorias","category-danza"],"yoast_head":"<!-- This site is optimized with the Yoast SEO plugin v27.2 - https:\/\/yoast.com\/product\/yoast-seo-wordpress\/ -->\n<title>Convocatoria abierta para Concurso de Coreograf\u00eda 4X4 TJ Night 2019 - Red Nacional de Arte<\/title>\n<meta name=\"robots\" content=\"index, follow, max-snippet:-1, max-image-preview:large, max-video-preview:-1\" \/>\n<link rel=\"canonical\" href=\"https:\/\/rednacionaldearte.com\/noticias\/convocatoria-4x4-tj-night-2019\/\" \/>\n<meta property=\"og:locale\" content=\"es_ES\" \/>\n<meta property=\"og:type\" content=\"article\" \/>\n<meta property=\"og:title\" content=\"Convocatoria abierta para Concurso de Coreograf\u00eda 4X4 TJ Night 2019 - Red Nacional de Arte\" \/>\n<meta property=\"og:description\" content=\"Cierre de Convocatoria:&nbsp;28 Enero 2019 Lux Boreal en colaboraci\u00f3n con el Centro Cultural Tijuana abre la convocatoria a creadores esc\u00e9nicos que deseen participar en el Concurso de Coreograf\u00eda 4X4 TJ Night. Hace unos d\u00edas, Lux Boreal public\u00f3 oficialmente la convocatoria para la octava edici\u00f3n del concurso coreogr\u00e1fico, que estar\u00e1 abierta hasta el lunes 28 de [&hellip;]\" \/>\n<meta property=\"og:url\" content=\"https:\/\/rednacionaldearte.com\/noticias\/convocatoria-4x4-tj-night-2019\/\" \/>\n<meta property=\"og:site_name\" content=\"Red Nacional de Arte\" \/>\n<meta property=\"article:publisher\" content=\"http:\/\/www.facebook.com\/rednacionaldearte\/\" \/>\n<meta property=\"article:published_time\" content=\"2018-12-10T21:47:06+00:00\" \/>\n<meta property=\"og:image\" content=\"https:\/\/rednacionaldearte.com\/noticias\/wp-content\/uploads\/2018\/12\/Lux-Boreal-4x4-tijuana.jpg\" \/>\n\t<meta property=\"og:image:width\" content=\"1044\" \/>\n\t<meta property=\"og:image:height\" content=\"339\" \/>\n\t<meta property=\"og:image:type\" content=\"image\/jpeg\" \/>\n<meta name=\"author\" content=\"Redacci\u00f3n\" \/>\n<meta name=\"twitter:card\" content=\"summary_large_image\" \/>\n<meta name=\"twitter:creator\" content=\"@rednacionalarte\" \/>\n<meta name=\"twitter:site\" content=\"@rednacionalarte\" \/>\n<meta name=\"twitter:label1\" content=\"Escrito por\" \/>\n\t<meta name=\"twitter:data1\" content=\"Redacci\u00f3n\" \/>\n\t<meta name=\"twitter:label2\" content=\"Tiempo de lectura\" \/>\n\t<meta name=\"twitter:data2\" content=\"1 minuto\" \/>\n<script type=\"application\/ld+json\" class=\"yoast-schema-graph\">{\"@context\":\"https:\/\/schema.org\",\"@graph\":[{\"@type\":\"Article\",\"@id\":\"https:\/\/rednacionaldearte.com\/noticias\/convocatoria-4x4-tj-night-2019\/#article\",\"isPartOf\":{\"@id\":\"https:\/\/rednacionaldearte.com\/noticias\/convocatoria-4x4-tj-night-2019\/\"},\"author\":{\"name\":\"Redacci\u00f3n\",\"@id\":\"http:\/\/rednacionaldearte.com\/noticias\/#\/schema\/person\/489d635082b1de413434d2708a3e5b9b\"},\"headline\":\"Convocatoria abierta para Concurso de Coreograf\u00eda 4X4 TJ Night 2019\",\"datePublished\":\"2018-12-10T21:47:06+00:00\",\"mainEntityOfPage\":{\"@id\":\"https:\/\/rednacionaldearte.com\/noticias\/convocatoria-4x4-tj-night-2019\/\"},\"wordCount\":163,\"publisher\":{\"@id\":\"http:\/\/rednacionaldearte.com\/noticias\/#organization\"},\"image\":{\"@id\":\"https:\/\/rednacionaldearte.com\/noticias\/convocatoria-4x4-tj-night-2019\/#primaryimage\"},\"thumbnailUrl\":\"https:\/\/rednacionaldearte.com\/noticias\/wp-content\/uploads\/2018\/12\/Lux-Boreal-4x4-tijuana.jpg\",\"articleSection\":[\"Artes Esc\u00e9nicas\",\"Convocatorias\",\"Danza\"],\"inLanguage\":\"es\"},{\"@type\":\"WebPage\",\"@id\":\"https:\/\/rednacionaldearte.com\/noticias\/convocatoria-4x4-tj-night-2019\/\",\"url\":\"https:\/\/rednacionaldearte.com\/noticias\/convocatoria-4x4-tj-night-2019\/\",\"name\":\"Convocatoria abierta para Concurso de Coreograf\u00eda 4X4 TJ Night 2019 - Red Nacional de Arte\",\"isPartOf\":{\"@id\":\"http:\/\/rednacionaldearte.com\/noticias\/#website\"},\"primaryImageOfPage\":{\"@id\":\"https:\/\/rednacionaldearte.com\/noticias\/convocatoria-4x4-tj-night-2019\/#primaryimage\"},\"image\":{\"@id\":\"https:\/\/rednacionaldearte.com\/noticias\/convocatoria-4x4-tj-night-2019\/#primaryimage\"},\"thumbnailUrl\":\"https:\/\/rednacionaldearte.com\/noticias\/wp-content\/uploads\/2018\/12\/Lux-Boreal-4x4-tijuana.jpg\",\"datePublished\":\"2018-12-10T21:47:06+00:00\",\"breadcrumb\":{\"@id\":\"https:\/\/rednacionaldearte.com\/noticias\/convocatoria-4x4-tj-night-2019\/#breadcrumb\"},\"inLanguage\":\"es\",\"potentialAction\":[{\"@type\":\"ReadAction\",\"target\":[\"https:\/\/rednacionaldearte.com\/noticias\/convocatoria-4x4-tj-night-2019\/\"]}]},{\"@type\":\"ImageObject\",\"inLanguage\":\"es\",\"@id\":\"https:\/\/rednacionaldearte.com\/noticias\/convocatoria-4x4-tj-night-2019\/#primaryimage\",\"url\":\"https:\/\/rednacionaldearte.com\/noticias\/wp-content\/uploads\/2018\/12\/Lux-Boreal-4x4-tijuana.jpg\",\"contentUrl\":\"https:\/\/rednacionaldearte.com\/noticias\/wp-content\/uploads\/2018\/12\/Lux-Boreal-4x4-tijuana.jpg\",\"width\":1044,\"height\":339},{\"@type\":\"BreadcrumbList\",\"@id\":\"https:\/\/rednacionaldearte.com\/noticias\/convocatoria-4x4-tj-night-2019\/#breadcrumb\",\"itemListElement\":[{\"@type\":\"ListItem\",\"position\":1,\"name\":\"Home\",\"item\":\"http:\/\/rednacionaldearte.com\/noticias\/\"},{\"@type\":\"ListItem\",\"position\":2,\"name\":\"Convocatoria abierta para Concurso de Coreograf\u00eda 4X4 TJ Night 2019\"}]},{\"@type\":\"WebSite\",\"@id\":\"http:\/\/rednacionaldearte.com\/noticias\/#website\",\"url\":\"http:\/\/rednacionaldearte.com\/noticias\/\",\"name\":\"Red Nacional de Arte\",\"description\":\"Cultura y Arte contempor\u00e1neo en M\u00e9xico\",\"publisher\":{\"@id\":\"http:\/\/rednacionaldearte.com\/noticias\/#organization\"},\"potentialAction\":[{\"@type\":\"SearchAction\",\"target\":{\"@type\":\"EntryPoint\",\"urlTemplate\":\"http:\/\/rednacionaldearte.com\/noticias\/?s={search_term_string}\"},\"query-input\":{\"@type\":\"PropertyValueSpecification\",\"valueRequired\":true,\"valueName\":\"search_term_string\"}}],\"inLanguage\":\"es\"},{\"@type\":\"Organization\",\"@id\":\"http:\/\/rednacionaldearte.com\/noticias\/#organization\",\"name\":\"Red Nacional de Arte\",\"url\":\"http:\/\/rednacionaldearte.com\/noticias\/\",\"logo\":{\"@type\":\"ImageObject\",\"inLanguage\":\"es\",\"@id\":\"http:\/\/rednacionaldearte.com\/noticias\/#\/schema\/logo\/image\/\",\"url\":\"http:\/\/rednacionaldearte.com\/noticias\/wp-content\/uploads\/2016\/04\/logo.png\",\"contentUrl\":\"http:\/\/rednacionaldearte.com\/noticias\/wp-content\/uploads\/2016\/04\/logo.png\",\"width\":575,\"height\":554,\"caption\":\"Red Nacional de Arte\"},\"image\":{\"@id\":\"http:\/\/rednacionaldearte.com\/noticias\/#\/schema\/logo\/image\/\"},\"sameAs\":[\"http:\/\/www.facebook.com\/rednacionaldearte\/\",\"https:\/\/x.com\/rednacionalarte\"]},{\"@type\":\"Person\",\"@id\":\"http:\/\/rednacionaldearte.com\/noticias\/#\/schema\/person\/489d635082b1de413434d2708a3e5b9b\",\"name\":\"Redacci\u00f3n\",\"image\":{\"@type\":\"ImageObject\",\"inLanguage\":\"es\",\"@id\":\"https:\/\/secure.gravatar.com\/avatar\/1d1c30eaee7c2f6cfa13fb8502cb06839106cdf371b9953d50e4b572d0bfa3c7?s=96&d=mm&r=g\",\"url\":\"https:\/\/secure.gravatar.com\/avatar\/1d1c30eaee7c2f6cfa13fb8502cb06839106cdf371b9953d50e4b572d0bfa3c7?s=96&d=mm&r=g\",\"contentUrl\":\"https:\/\/secure.gravatar.com\/avatar\/1d1c30eaee7c2f6cfa13fb8502cb06839106cdf371b9953d50e4b572d0bfa3c7?s=96&d=mm&r=g\",\"caption\":\"Redacci\u00f3n\"},\"url\":\"https:\/\/rednacionaldearte.com\/noticias\/author\/adan\/\"}]}<\/script>\n<!-- \/ Yoast SEO plugin. -->","yoast_head_json":{"title":"Convocatoria abierta para Concurso de Coreograf\u00eda 4X4 TJ Night 2019 - Red Nacional de Arte","robots":{"index":"index","follow":"follow","max-snippet":"max-snippet:-1","max-image-preview":"max-image-preview:large","max-video-preview":"max-video-preview:-1"},"canonical":"https:\/\/rednacionaldearte.com\/noticias\/convocatoria-4x4-tj-night-2019\/","og_locale":"es_ES","og_type":"article","og_title":"Convocatoria abierta para Concurso de Coreograf\u00eda 4X4 TJ Night 2019 - Red Nacional de Arte","og_description":"Cierre de Convocatoria:&nbsp;28 Enero 2019 Lux Boreal en colaboraci\u00f3n con el Centro Cultural Tijuana abre la convocatoria a creadores esc\u00e9nicos que deseen participar en el Concurso de Coreograf\u00eda 4X4 TJ Night. Hace unos d\u00edas, Lux Boreal public\u00f3 oficialmente la convocatoria para la octava edici\u00f3n del concurso coreogr\u00e1fico, que estar\u00e1 abierta hasta el lunes 28 de [&hellip;]","og_url":"https:\/\/rednacionaldearte.com\/noticias\/convocatoria-4x4-tj-night-2019\/","og_site_name":"Red Nacional de Arte","article_publisher":"http:\/\/www.facebook.com\/rednacionaldearte\/","article_published_time":"2018-12-10T21:47:06+00:00","og_image":[{"width":1044,"height":339,"url":"https:\/\/rednacionaldearte.com\/noticias\/wp-content\/uploads\/2018\/12\/Lux-Boreal-4x4-tijuana.jpg","type":"image\/jpeg"}],"author":"Redacci\u00f3n","twitter_card":"summary_large_image","twitter_creator":"@rednacionalarte","twitter_site":"@rednacionalarte","twitter_misc":{"Escrito por":"Redacci\u00f3n","Tiempo de lectura":"1 minuto"},"schema":{"@context":"https:\/\/schema.org","@graph":[{"@type":"Article","@id":"https:\/\/rednacionaldearte.com\/noticias\/convocatoria-4x4-tj-night-2019\/#article","isPartOf":{"@id":"https:\/\/rednacionaldearte.com\/noticias\/convocatoria-4x4-tj-night-2019\/"},"author":{"name":"Redacci\u00f3n","@id":"http:\/\/rednacionaldearte.com\/noticias\/#\/schema\/person\/489d635082b1de413434d2708a3e5b9b"},"headline":"Convocatoria abierta para Concurso de Coreograf\u00eda 4X4 TJ Night 2019","datePublished":"2018-12-10T21:47:06+00:00","mainEntityOfPage":{"@id":"https:\/\/rednacionaldearte.com\/noticias\/convocatoria-4x4-tj-night-2019\/"},"wordCount":163,"publisher":{"@id":"http:\/\/rednacionaldearte.com\/noticias\/#organization"},"image":{"@id":"https:\/\/rednacionaldearte.com\/noticias\/convocatoria-4x4-tj-night-2019\/#primaryimage"},"thumbnailUrl":"https:\/\/rednacionaldearte.com\/noticias\/wp-content\/uploads\/2018\/12\/Lux-Boreal-4x4-tijuana.jpg","articleSection":["Artes Esc\u00e9nicas","Convocatorias","Danza"],"inLanguage":"es"},{"@type":"WebPage","@id":"https:\/\/rednacionaldearte.com\/noticias\/convocatoria-4x4-tj-night-2019\/","url":"https:\/\/rednacionaldearte.com\/noticias\/convocatoria-4x4-tj-night-2019\/","name":"Convocatoria abierta para Concurso de Coreograf\u00eda 4X4 TJ Night 2019 - Red Nacional de Arte","isPartOf":{"@id":"http:\/\/rednacionaldearte.com\/noticias\/#website"},"primaryImageOfPage":{"@id":"https:\/\/rednacionaldearte.com\/noticias\/convocatoria-4x4-tj-night-2019\/#primaryimage"},"image":{"@id":"https:\/\/rednacionaldearte.com\/noticias\/convocatoria-4x4-tj-night-2019\/#primaryimage"},"thumbnailUrl":"https:\/\/rednacionaldearte.com\/noticias\/wp-content\/uploads\/2018\/12\/Lux-Boreal-4x4-tijuana.jpg","datePublished":"2018-12-10T21:47:06+00:00","breadcrumb":{"@id":"https:\/\/rednacionaldearte.com\/noticias\/convocatoria-4x4-tj-night-2019\/#breadcrumb"},"inLanguage":"es","potentialAction":[{"@type":"ReadAction","target":["https:\/\/rednacionaldearte.com\/noticias\/convocatoria-4x4-tj-night-2019\/"]}]},{"@type":"ImageObject","inLanguage":"es","@id":"https:\/\/rednacionaldearte.com\/noticias\/convocatoria-4x4-tj-night-2019\/#primaryimage","url":"https:\/\/rednacionaldearte.com\/noticias\/wp-content\/uploads\/2018\/12\/Lux-Boreal-4x4-tijuana.jpg","contentUrl":"https:\/\/rednacionaldearte.com\/noticias\/wp-content\/uploads\/2018\/12\/Lux-Boreal-4x4-tijuana.jpg","width":1044,"height":339},{"@type":"BreadcrumbList","@id":"https:\/\/rednacionaldearte.com\/noticias\/convocatoria-4x4-tj-night-2019\/#breadcrumb","itemListElement":[{"@type":"ListItem","position":1,"name":"Home","item":"http:\/\/rednacionaldearte.com\/noticias\/"},{"@type":"ListItem","position":2,"name":"Convocatoria abierta para Concurso de Coreograf\u00eda 4X4 TJ Night 2019"}]},{"@type":"WebSite","@id":"http:\/\/rednacionaldearte.com\/noticias\/#website","url":"http:\/\/rednacionaldearte.com\/noticias\/","name":"Red Nacional de Arte","description":"Cultura y Arte contempor\u00e1neo en M\u00e9xico","publisher":{"@id":"http:\/\/rednacionaldearte.com\/noticias\/#organization"},"potentialAction":[{"@type":"SearchAction","target":{"@type":"EntryPoint","urlTemplate":"http:\/\/rednacionaldearte.com\/noticias\/?s={search_term_string}"},"query-input":{"@type":"PropertyValueSpecification","valueRequired":true,"valueName":"search_term_string"}}],"inLanguage":"es"},{"@type":"Organization","@id":"http:\/\/rednacionaldearte.com\/noticias\/#organization","name":"Red Nacional de Arte","url":"http:\/\/rednacionaldearte.com\/noticias\/","logo":{"@type":"ImageObject","inLanguage":"es","@id":"http:\/\/rednacionaldearte.com\/noticias\/#\/schema\/logo\/image\/","url":"http:\/\/rednacionaldearte.com\/noticias\/wp-content\/uploads\/2016\/04\/logo.png","contentUrl":"http:\/\/rednacionaldearte.com\/noticias\/wp-content\/uploads\/2016\/04\/logo.png","width":575,"height":554,"caption":"Red Nacional de Arte"},"image":{"@id":"http:\/\/rednacionaldearte.com\/noticias\/#\/schema\/logo\/image\/"},"sameAs":["http:\/\/www.facebook.com\/rednacionaldearte\/","https:\/\/x.com\/rednacionalarte"]},{"@type":"Person","@id":"http:\/\/rednacionaldearte.com\/noticias\/#\/schema\/person\/489d635082b1de413434d2708a3e5b9b","name":"Redacci\u00f3n","image":{"@type":"ImageObject","inLanguage":"es","@id":"https:\/\/secure.gravatar.com\/avatar\/1d1c30eaee7c2f6cfa13fb8502cb06839106cdf371b9953d50e4b572d0bfa3c7?s=96&d=mm&r=g","url":"https:\/\/secure.gravatar.com\/avatar\/1d1c30eaee7c2f6cfa13fb8502cb06839106cdf371b9953d50e4b572d0bfa3c7?s=96&d=mm&r=g","contentUrl":"https:\/\/secure.gravatar.com\/avatar\/1d1c30eaee7c2f6cfa13fb8502cb06839106cdf371b9953d50e4b572d0bfa3c7?s=96&d=mm&r=g","caption":"Redacci\u00f3n"},"url":"https:\/\/rednacionaldearte.com\/noticias\/author\/adan\/"}]}},"amp_validity":null,"amp_enabled":true,"_links":{"self":[{"href":"https:\/\/rednacionaldearte.com\/noticias\/wp-json\/wp\/v2\/posts\/4442","targetHints":{"allow":["GET"]}}],"collection":[{"href":"https:\/\/rednacionaldearte.com\/noticias\/wp-json\/wp\/v2\/posts"}],"about":[{"href":"https:\/\/rednacionaldearte.com\/noticias\/wp-json\/wp\/v2\/types\/post"}],"author":[{"embeddable":true,"href":"https:\/\/rednacionaldearte.com\/noticias\/wp-json\/wp\/v2\/users\/1"}],"replies":[{"embeddable":true,"href":"https:\/\/rednacionaldearte.com\/noticias\/wp-json\/wp\/v2\/comments?post=4442"}],"version-history":[{"count":1,"href":"https:\/\/rednacionaldearte.com\/noticias\/wp-json\/wp\/v2\/posts\/4442\/revisions"}],"predecessor-version":[{"id":4445,"href":"https:\/\/rednacionaldearte.com\/noticias\/wp-json\/wp\/v2\/posts\/4442\/revisions\/4445"}],"wp:featuredmedia":[{"embeddable":true,"href":"https:\/\/rednacionaldearte.com\/noticias\/wp-json\/wp\/v2\/media\/4444"}],"wp:attachment":[{"href":"https:\/\/rednacionaldearte.com\/noticias\/wp-json\/wp\/v2\/media?parent=4442"}],"wp:term":[{"taxonomy":"category","embeddable":true,"href":"https:\/\/rednacionaldearte.com\/noticias\/wp-json\/wp\/v2\/categories?post=4442"},{"taxonomy":"post_tag","embeddable":true,"href":"https:\/\/rednacionaldearte.com\/noticias\/wp-json\/wp\/v2\/tags?post=4442"}],"curies":[{"name":"wp","href":"https:\/\/api.w.org\/{rel}","templated":true}]}}