{"id":4447,"date":"2018-12-23T01:34:00","date_gmt":"2018-12-23T01:34:00","guid":{"rendered":"https:\/\/rednacionaldearte.com\/noticias\/?p=4447"},"modified":"2018-12-23T01:34:00","modified_gmt":"2018-12-23T01:34:00","slug":"acervo-videodanza","status":"publish","type":"post","link":"https:\/\/rednacionaldearte.com\/noticias\/acervo-videodanza\/","title":{"rendered":"Consulta el Acervo Videodanza de Red Nacional de Arte"},"content":{"rendered":"<h2>Un esfuerzo impulsado por el Festival Internacional de Videodanza de la Ciudad de M\u00e9xico.<\/h2>\n<p><a href=\"https:\/\/rednacionaldearte.com\/noticias\/wp-content\/uploads\/2018\/12\/acervo-videodanza.png\"><img loading=\"lazy\" decoding=\"async\" class=\"size-medium wp-image-4448 aligncenter\" src=\"https:\/\/rednacionaldearte.com\/noticias\/wp-content\/uploads\/2018\/12\/acervo-videodanza-300x93.png\" alt=\"\" width=\"300\" height=\"93\" srcset=\"https:\/\/rednacionaldearte.com\/noticias\/wp-content\/uploads\/2018\/12\/acervo-videodanza-300x93.png 300w, https:\/\/rednacionaldearte.com\/noticias\/wp-content\/uploads\/2018\/12\/acervo-videodanza.png 577w\" sizes=\"auto, (max-width: 300px) 100vw, 300px\" \/><\/a><\/p>\n<p>El <strong><a href=\"https:\/\/rednacionaldearte.com\/acervovideodanza\/\">Acervo de Videodanza<\/a><\/strong>\u00a0est\u00e1 ya disponible para su consulta gratuita en l\u00ednea. Por ahora cuenta con algunos trabajos de core\u00f3grafos y realizadores de M\u00e9xico, Italia, Espa\u00f1a, Portugal, Estados Unidos, Rusia y Suiza.<\/p>\n<p>Se estar\u00e1 actualizando continuamente con nuevos materiales mediante una <strong><a href=\"https:\/\/videodanza.rednacionaldearte.com\/acervo\/convocatoria.php\">convocatoria permanente<\/a><\/strong>.<\/p>\n<p>Cualquier artista puede subir sus obras al acervo usando el formulario de inscripci\u00f3n disponible la <strong><a href=\"https:\/\/videodanza.rednacionaldearte.com\/acervo\/submissions.php\">p\u00e1gina del festival<\/a><\/strong>.<\/p>\n<p>A su vez, el Festival de Videodanza de la CDMX tiene tambi\u00e9n abierta su <strong><a href=\"https:\/\/videodanza.rednacionaldearte.com\/convocatoria.php\">convocatoria para la cuarta edici\u00f3n<\/a><\/strong>, a celebrarse el pr\u00f3ximo a\u00f1o en la capital del pa\u00eds.<\/p>\n","protected":false},"excerpt":{"rendered":"<p>Un esfuerzo impulsado por el Festival Internacional de Videodanza de la Ciudad de M\u00e9xico. El Acervo de Videodanza\u00a0est\u00e1 ya disponible para su consulta gratuita en l\u00ednea. Por ahora cuenta con algunos trabajos de core\u00f3grafos y realizadores de M\u00e9xico, Italia, Espa\u00f1a, Portugal, Estados Unidos, Rusia y Suiza. Se estar\u00e1 actualizando continuamente con nuevos materiales mediante una [&hellip;]<\/p>\n","protected":false},"author":1,"featured_media":4450,"comment_status":"closed","ping_status":"open","sticky":false,"template":"","format":"standard","meta":{"footnotes":""},"categories":[58,154,93,41],"tags":[135,76],"class_list":["post-4447","post","type-post","status-publish","format-standard","has-post-thumbnail","hentry","category-danza","category-destacado","category-festivales","category-rna","tag-festival-de-videodanza-de-la-ciudad-de-mexico","tag-festival-internacional-de-videodanza-de-la-ciudad-de-mexico"],"yoast_head":"<!-- This site is optimized with the Yoast SEO plugin v27.2 - https:\/\/yoast.com\/product\/yoast-seo-wordpress\/ -->\n<title>Consulta el Acervo Videodanza de Red Nacional de Arte<\/title>\n<meta name=\"robots\" content=\"index, follow, max-snippet:-1, max-image-preview:large, max-video-preview:-1\" \/>\n<link rel=\"canonical\" href=\"http:\/\/rednacionaldearte.com\/noticias\/acervo-videodanza\/\" \/>\n<meta property=\"og:locale\" content=\"es_ES\" \/>\n<meta property=\"og:type\" content=\"article\" \/>\n<meta property=\"og:title\" content=\"Consulta el Acervo Videodanza de Red Nacional de Arte\" \/>\n<meta property=\"og:description\" content=\"Un esfuerzo impulsado por el Festival Internacional de Videodanza de la Ciudad de M\u00e9xico. El Acervo de Videodanza\u00a0est\u00e1 ya disponible para su consulta gratuita en l\u00ednea. Por ahora cuenta con algunos trabajos de core\u00f3grafos y realizadores de M\u00e9xico, Italia, Espa\u00f1a, Portugal, Estados Unidos, Rusia y Suiza. Se estar\u00e1 actualizando continuamente con nuevos materiales mediante una [&hellip;]\" \/>\n<meta property=\"og:url\" content=\"http:\/\/rednacionaldearte.com\/noticias\/acervo-videodanza\/\" \/>\n<meta property=\"og:site_name\" content=\"Red Nacional de Arte\" \/>\n<meta property=\"article:publisher\" content=\"http:\/\/www.facebook.com\/rednacionaldearte\/\" \/>\n<meta property=\"article:published_time\" content=\"2018-12-23T01:34:00+00:00\" \/>\n<meta property=\"og:image\" content=\"http:\/\/rednacionaldearte.com\/noticias\/wp-content\/uploads\/2018\/12\/1541483232-IMG_0326.jpg\" \/>\n\t<meta property=\"og:image:width\" content=\"1279\" \/>\n\t<meta property=\"og:image:height\" content=\"690\" \/>\n\t<meta property=\"og:image:type\" content=\"image\/jpeg\" \/>\n<meta name=\"author\" content=\"Redacci\u00f3n\" \/>\n<meta name=\"twitter:card\" content=\"summary_large_image\" \/>\n<meta name=\"twitter:creator\" content=\"@rednacionalarte\" \/>\n<meta name=\"twitter:site\" content=\"@rednacionalarte\" \/>\n<meta name=\"twitter:label1\" content=\"Escrito por\" \/>\n\t<meta name=\"twitter:data1\" content=\"Redacci\u00f3n\" \/>\n\t<meta name=\"twitter:label2\" content=\"Tiempo de lectura\" \/>\n\t<meta name=\"twitter:data2\" content=\"1 minuto\" \/>\n<script type=\"application\/ld+json\" class=\"yoast-schema-graph\">{\"@context\":\"https:\/\/schema.org\",\"@graph\":[{\"@type\":\"Article\",\"@id\":\"http:\/\/rednacionaldearte.com\/noticias\/acervo-videodanza\/#article\",\"isPartOf\":{\"@id\":\"http:\/\/rednacionaldearte.com\/noticias\/acervo-videodanza\/\"},\"author\":{\"name\":\"Redacci\u00f3n\",\"@id\":\"http:\/\/rednacionaldearte.com\/noticias\/#\/schema\/person\/489d635082b1de413434d2708a3e5b9b\"},\"headline\":\"Consulta el Acervo Videodanza de Red Nacional de Arte\",\"datePublished\":\"2018-12-23T01:34:00+00:00\",\"mainEntityOfPage\":{\"@id\":\"http:\/\/rednacionaldearte.com\/noticias\/acervo-videodanza\/\"},\"wordCount\":126,\"publisher\":{\"@id\":\"http:\/\/rednacionaldearte.com\/noticias\/#organization\"},\"image\":{\"@id\":\"http:\/\/rednacionaldearte.com\/noticias\/acervo-videodanza\/#primaryimage\"},\"thumbnailUrl\":\"https:\/\/rednacionaldearte.com\/noticias\/wp-content\/uploads\/2018\/12\/1541483232-IMG_0326.jpg\",\"keywords\":[\"Festival de Videodanza de la Ciudad de M\u00e9xico\",\"Festival Internacional de Videodanza de la Ciudad de M\u00e9xico\"],\"articleSection\":[\"Danza\",\"Destacado\",\"Festivales\",\"RNA\"],\"inLanguage\":\"es\"},{\"@type\":\"WebPage\",\"@id\":\"http:\/\/rednacionaldearte.com\/noticias\/acervo-videodanza\/\",\"url\":\"http:\/\/rednacionaldearte.com\/noticias\/acervo-videodanza\/\",\"name\":\"Consulta el Acervo Videodanza de Red Nacional de Arte\",\"isPartOf\":{\"@id\":\"http:\/\/rednacionaldearte.com\/noticias\/#website\"},\"primaryImageOfPage\":{\"@id\":\"http:\/\/rednacionaldearte.com\/noticias\/acervo-videodanza\/#primaryimage\"},\"image\":{\"@id\":\"http:\/\/rednacionaldearte.com\/noticias\/acervo-videodanza\/#primaryimage\"},\"thumbnailUrl\":\"https:\/\/rednacionaldearte.com\/noticias\/wp-content\/uploads\/2018\/12\/1541483232-IMG_0326.jpg\",\"datePublished\":\"2018-12-23T01:34:00+00:00\",\"breadcrumb\":{\"@id\":\"http:\/\/rednacionaldearte.com\/noticias\/acervo-videodanza\/#breadcrumb\"},\"inLanguage\":\"es\",\"potentialAction\":[{\"@type\":\"ReadAction\",\"target\":[\"http:\/\/rednacionaldearte.com\/noticias\/acervo-videodanza\/\"]}]},{\"@type\":\"ImageObject\",\"inLanguage\":\"es\",\"@id\":\"http:\/\/rednacionaldearte.com\/noticias\/acervo-videodanza\/#primaryimage\",\"url\":\"https:\/\/rednacionaldearte.com\/noticias\/wp-content\/uploads\/2018\/12\/1541483232-IMG_0326.jpg\",\"contentUrl\":\"https:\/\/rednacionaldearte.com\/noticias\/wp-content\/uploads\/2018\/12\/1541483232-IMG_0326.jpg\",\"width\":1279,\"height\":690},{\"@type\":\"BreadcrumbList\",\"@id\":\"http:\/\/rednacionaldearte.com\/noticias\/acervo-videodanza\/#breadcrumb\",\"itemListElement\":[{\"@type\":\"ListItem\",\"position\":1,\"name\":\"Home\",\"item\":\"http:\/\/rednacionaldearte.com\/noticias\/\"},{\"@type\":\"ListItem\",\"position\":2,\"name\":\"Consulta el Acervo Videodanza de Red Nacional de Arte\"}]},{\"@type\":\"WebSite\",\"@id\":\"http:\/\/rednacionaldearte.com\/noticias\/#website\",\"url\":\"http:\/\/rednacionaldearte.com\/noticias\/\",\"name\":\"Red Nacional de Arte\",\"description\":\"Cultura y Arte contempor\u00e1neo en M\u00e9xico\",\"publisher\":{\"@id\":\"http:\/\/rednacionaldearte.com\/noticias\/#organization\"},\"potentialAction\":[{\"@type\":\"SearchAction\",\"target\":{\"@type\":\"EntryPoint\",\"urlTemplate\":\"http:\/\/rednacionaldearte.com\/noticias\/?s={search_term_string}\"},\"query-input\":{\"@type\":\"PropertyValueSpecification\",\"valueRequired\":true,\"valueName\":\"search_term_string\"}}],\"inLanguage\":\"es\"},{\"@type\":\"Organization\",\"@id\":\"http:\/\/rednacionaldearte.com\/noticias\/#organization\",\"name\":\"Red Nacional de Arte\",\"url\":\"http:\/\/rednacionaldearte.com\/noticias\/\",\"logo\":{\"@type\":\"ImageObject\",\"inLanguage\":\"es\",\"@id\":\"http:\/\/rednacionaldearte.com\/noticias\/#\/schema\/logo\/image\/\",\"url\":\"http:\/\/rednacionaldearte.com\/noticias\/wp-content\/uploads\/2016\/04\/logo.png\",\"contentUrl\":\"http:\/\/rednacionaldearte.com\/noticias\/wp-content\/uploads\/2016\/04\/logo.png\",\"width\":575,\"height\":554,\"caption\":\"Red Nacional de Arte\"},\"image\":{\"@id\":\"http:\/\/rednacionaldearte.com\/noticias\/#\/schema\/logo\/image\/\"},\"sameAs\":[\"http:\/\/www.facebook.com\/rednacionaldearte\/\",\"https:\/\/x.com\/rednacionalarte\"]},{\"@type\":\"Person\",\"@id\":\"http:\/\/rednacionaldearte.com\/noticias\/#\/schema\/person\/489d635082b1de413434d2708a3e5b9b\",\"name\":\"Redacci\u00f3n\",\"image\":{\"@type\":\"ImageObject\",\"inLanguage\":\"es\",\"@id\":\"https:\/\/secure.gravatar.com\/avatar\/1d1c30eaee7c2f6cfa13fb8502cb06839106cdf371b9953d50e4b572d0bfa3c7?s=96&d=mm&r=g\",\"url\":\"https:\/\/secure.gravatar.com\/avatar\/1d1c30eaee7c2f6cfa13fb8502cb06839106cdf371b9953d50e4b572d0bfa3c7?s=96&d=mm&r=g\",\"contentUrl\":\"https:\/\/secure.gravatar.com\/avatar\/1d1c30eaee7c2f6cfa13fb8502cb06839106cdf371b9953d50e4b572d0bfa3c7?s=96&d=mm&r=g\",\"caption\":\"Redacci\u00f3n\"},\"url\":\"https:\/\/rednacionaldearte.com\/noticias\/author\/adan\/\"}]}<\/script>\n<!-- \/ Yoast SEO plugin. -->","yoast_head_json":{"title":"Consulta el Acervo Videodanza de Red Nacional de Arte","robots":{"index":"index","follow":"follow","max-snippet":"max-snippet:-1","max-image-preview":"max-image-preview:large","max-video-preview":"max-video-preview:-1"},"canonical":"http:\/\/rednacionaldearte.com\/noticias\/acervo-videodanza\/","og_locale":"es_ES","og_type":"article","og_title":"Consulta el Acervo Videodanza de Red Nacional de Arte","og_description":"Un esfuerzo impulsado por el Festival Internacional de Videodanza de la Ciudad de M\u00e9xico. El Acervo de Videodanza\u00a0est\u00e1 ya disponible para su consulta gratuita en l\u00ednea. Por ahora cuenta con algunos trabajos de core\u00f3grafos y realizadores de M\u00e9xico, Italia, Espa\u00f1a, Portugal, Estados Unidos, Rusia y Suiza. Se estar\u00e1 actualizando continuamente con nuevos materiales mediante una [&hellip;]","og_url":"http:\/\/rednacionaldearte.com\/noticias\/acervo-videodanza\/","og_site_name":"Red Nacional de Arte","article_publisher":"http:\/\/www.facebook.com\/rednacionaldearte\/","article_published_time":"2018-12-23T01:34:00+00:00","og_image":[{"width":1279,"height":690,"url":"http:\/\/rednacionaldearte.com\/noticias\/wp-content\/uploads\/2018\/12\/1541483232-IMG_0326.jpg","type":"image\/jpeg"}],"author":"Redacci\u00f3n","twitter_card":"summary_large_image","twitter_creator":"@rednacionalarte","twitter_site":"@rednacionalarte","twitter_misc":{"Escrito por":"Redacci\u00f3n","Tiempo de lectura":"1 minuto"},"schema":{"@context":"https:\/\/schema.org","@graph":[{"@type":"Article","@id":"http:\/\/rednacionaldearte.com\/noticias\/acervo-videodanza\/#article","isPartOf":{"@id":"http:\/\/rednacionaldearte.com\/noticias\/acervo-videodanza\/"},"author":{"name":"Redacci\u00f3n","@id":"http:\/\/rednacionaldearte.com\/noticias\/#\/schema\/person\/489d635082b1de413434d2708a3e5b9b"},"headline":"Consulta el Acervo Videodanza de Red Nacional de Arte","datePublished":"2018-12-23T01:34:00+00:00","mainEntityOfPage":{"@id":"http:\/\/rednacionaldearte.com\/noticias\/acervo-videodanza\/"},"wordCount":126,"publisher":{"@id":"http:\/\/rednacionaldearte.com\/noticias\/#organization"},"image":{"@id":"http:\/\/rednacionaldearte.com\/noticias\/acervo-videodanza\/#primaryimage"},"thumbnailUrl":"https:\/\/rednacionaldearte.com\/noticias\/wp-content\/uploads\/2018\/12\/1541483232-IMG_0326.jpg","keywords":["Festival de Videodanza de la Ciudad de M\u00e9xico","Festival Internacional de Videodanza de la Ciudad de M\u00e9xico"],"articleSection":["Danza","Destacado","Festivales","RNA"],"inLanguage":"es"},{"@type":"WebPage","@id":"http:\/\/rednacionaldearte.com\/noticias\/acervo-videodanza\/","url":"http:\/\/rednacionaldearte.com\/noticias\/acervo-videodanza\/","name":"Consulta el Acervo Videodanza de Red Nacional de Arte","isPartOf":{"@id":"http:\/\/rednacionaldearte.com\/noticias\/#website"},"primaryImageOfPage":{"@id":"http:\/\/rednacionaldearte.com\/noticias\/acervo-videodanza\/#primaryimage"},"image":{"@id":"http:\/\/rednacionaldearte.com\/noticias\/acervo-videodanza\/#primaryimage"},"thumbnailUrl":"https:\/\/rednacionaldearte.com\/noticias\/wp-content\/uploads\/2018\/12\/1541483232-IMG_0326.jpg","datePublished":"2018-12-23T01:34:00+00:00","breadcrumb":{"@id":"http:\/\/rednacionaldearte.com\/noticias\/acervo-videodanza\/#breadcrumb"},"inLanguage":"es","potentialAction":[{"@type":"ReadAction","target":["http:\/\/rednacionaldearte.com\/noticias\/acervo-videodanza\/"]}]},{"@type":"ImageObject","inLanguage":"es","@id":"http:\/\/rednacionaldearte.com\/noticias\/acervo-videodanza\/#primaryimage","url":"https:\/\/rednacionaldearte.com\/noticias\/wp-content\/uploads\/2018\/12\/1541483232-IMG_0326.jpg","contentUrl":"https:\/\/rednacionaldearte.com\/noticias\/wp-content\/uploads\/2018\/12\/1541483232-IMG_0326.jpg","width":1279,"height":690},{"@type":"BreadcrumbList","@id":"http:\/\/rednacionaldearte.com\/noticias\/acervo-videodanza\/#breadcrumb","itemListElement":[{"@type":"ListItem","position":1,"name":"Home","item":"http:\/\/rednacionaldearte.com\/noticias\/"},{"@type":"ListItem","position":2,"name":"Consulta el Acervo Videodanza de Red Nacional de Arte"}]},{"@type":"WebSite","@id":"http:\/\/rednacionaldearte.com\/noticias\/#website","url":"http:\/\/rednacionaldearte.com\/noticias\/","name":"Red Nacional de Arte","description":"Cultura y Arte contempor\u00e1neo en M\u00e9xico","publisher":{"@id":"http:\/\/rednacionaldearte.com\/noticias\/#organization"},"potentialAction":[{"@type":"SearchAction","target":{"@type":"EntryPoint","urlTemplate":"http:\/\/rednacionaldearte.com\/noticias\/?s={search_term_string}"},"query-input":{"@type":"PropertyValueSpecification","valueRequired":true,"valueName":"search_term_string"}}],"inLanguage":"es"},{"@type":"Organization","@id":"http:\/\/rednacionaldearte.com\/noticias\/#organization","name":"Red Nacional de Arte","url":"http:\/\/rednacionaldearte.com\/noticias\/","logo":{"@type":"ImageObject","inLanguage":"es","@id":"http:\/\/rednacionaldearte.com\/noticias\/#\/schema\/logo\/image\/","url":"http:\/\/rednacionaldearte.com\/noticias\/wp-content\/uploads\/2016\/04\/logo.png","contentUrl":"http:\/\/rednacionaldearte.com\/noticias\/wp-content\/uploads\/2016\/04\/logo.png","width":575,"height":554,"caption":"Red Nacional de Arte"},"image":{"@id":"http:\/\/rednacionaldearte.com\/noticias\/#\/schema\/logo\/image\/"},"sameAs":["http:\/\/www.facebook.com\/rednacionaldearte\/","https:\/\/x.com\/rednacionalarte"]},{"@type":"Person","@id":"http:\/\/rednacionaldearte.com\/noticias\/#\/schema\/person\/489d635082b1de413434d2708a3e5b9b","name":"Redacci\u00f3n","image":{"@type":"ImageObject","inLanguage":"es","@id":"https:\/\/secure.gravatar.com\/avatar\/1d1c30eaee7c2f6cfa13fb8502cb06839106cdf371b9953d50e4b572d0bfa3c7?s=96&d=mm&r=g","url":"https:\/\/secure.gravatar.com\/avatar\/1d1c30eaee7c2f6cfa13fb8502cb06839106cdf371b9953d50e4b572d0bfa3c7?s=96&d=mm&r=g","contentUrl":"https:\/\/secure.gravatar.com\/avatar\/1d1c30eaee7c2f6cfa13fb8502cb06839106cdf371b9953d50e4b572d0bfa3c7?s=96&d=mm&r=g","caption":"Redacci\u00f3n"},"url":"https:\/\/rednacionaldearte.com\/noticias\/author\/adan\/"}]}},"amp_validity":null,"amp_enabled":true,"_links":{"self":[{"href":"https:\/\/rednacionaldearte.com\/noticias\/wp-json\/wp\/v2\/posts\/4447","targetHints":{"allow":["GET"]}}],"collection":[{"href":"https:\/\/rednacionaldearte.com\/noticias\/wp-json\/wp\/v2\/posts"}],"about":[{"href":"https:\/\/rednacionaldearte.com\/noticias\/wp-json\/wp\/v2\/types\/post"}],"author":[{"embeddable":true,"href":"https:\/\/rednacionaldearte.com\/noticias\/wp-json\/wp\/v2\/users\/1"}],"replies":[{"embeddable":true,"href":"https:\/\/rednacionaldearte.com\/noticias\/wp-json\/wp\/v2\/comments?post=4447"}],"version-history":[{"count":2,"href":"https:\/\/rednacionaldearte.com\/noticias\/wp-json\/wp\/v2\/posts\/4447\/revisions"}],"predecessor-version":[{"id":4451,"href":"https:\/\/rednacionaldearte.com\/noticias\/wp-json\/wp\/v2\/posts\/4447\/revisions\/4451"}],"wp:featuredmedia":[{"embeddable":true,"href":"https:\/\/rednacionaldearte.com\/noticias\/wp-json\/wp\/v2\/media\/4450"}],"wp:attachment":[{"href":"https:\/\/rednacionaldearte.com\/noticias\/wp-json\/wp\/v2\/media?parent=4447"}],"wp:term":[{"taxonomy":"category","embeddable":true,"href":"https:\/\/rednacionaldearte.com\/noticias\/wp-json\/wp\/v2\/categories?post=4447"},{"taxonomy":"post_tag","embeddable":true,"href":"https:\/\/rednacionaldearte.com\/noticias\/wp-json\/wp\/v2\/tags?post=4447"}],"curies":[{"name":"wp","href":"https:\/\/api.w.org\/{rel}","templated":true}]}}