{"id":4458,"date":"2019-02-16T04:20:47","date_gmt":"2019-02-16T04:20:47","guid":{"rendered":"https:\/\/rednacionaldearte.com\/noticias\/?p=4458"},"modified":"2019-02-20T22:19:29","modified_gmt":"2019-02-20T22:19:29","slug":"extension-festival-videodanza-yucatan","status":"publish","type":"post","link":"https:\/\/rednacionaldearte.com\/noticias\/extension-festival-videodanza-yucatan\/","title":{"rendered":"Extensi\u00f3n del Festival Internacional de Videodanza de la CDMX en la FILEY Yucat\u00e1n"},"content":{"rendered":"\n<p><\/p>\n\n\n\n<p>El <strong><a href=\"https:\/\/videodanza.rednacionaldearte.com\/\">Festival Internacional de Videodanza de la Ciudad de M\u00e9xico<\/a><\/strong> llegar\u00e1 nuevamente a Yucat\u00e1n, gracias a la colaboraci\u00f3n con la <strong>FILEY, la Feria Internacional de la Lectura Yucat\u00e1n<\/strong>.<\/p>\n\n\n\n<p>Las proyecciones tendr\u00e1n lugar los d\u00edas s\u00e1bado 16 de marzo a las 18 hrs. y domingo 24 a las 13 hrs. en la sala 3 de los Cines Siglo XXI (Calle 60 299-E, Zona Industrial, Cordemex, 97118 M\u00e9rida, cerca del Museo del Mundo Maya).<\/p>\n\n\n\n<p>Las videodanzas a proyectar son las siguientes:<\/p>\n\n\n\n<ul class=\"wp-block-list\"><li>Hydra, Dir. Erin S Murray &#8211; EUA<\/li><li>9241, Dir. Marta Romero &#8211; Espa\u00f1a<\/li><li>SERSIENTE, Dir. Karen Lugo &#8211; M\u00e9xico \/ Espa\u00f1a<\/li><li>Night Dancing, Dir. Barney Cokeliss &#8211; Reino Unido<\/li><li>Floating Chronologies, Dir. Mary Fitzgerald , Dmitri von Klein &#8211; EUA<\/li><li>Body of Your Dreams, Dir. Quinn Wharton, Myles Thatcher &#8211; EUA<\/li><li>VANITAS, Dir. Vin\u00edcius Cardoso &#8211; Brasil<\/li><li>Salt Water, Dir. Abe Abraham &#8211; EUA<\/li><li>SOLUS, Dir. Simone Wier\u00f8d &#8211; Dinamarca<\/li><li>Erythrophobia, Dir. Liza Gusarova &#8211; Reino Unido<\/li><li>Botchan Retreat, Dir. Nathan Smith, Max Pollard &#8211; Australia<\/li><\/ul>\n\n\n\n<p>Agradecemos a la FILEY y a Kevin Manrique por hacer posible estas proyecciones.<\/p>\n","protected":false},"excerpt":{"rendered":"<p>El Festival Internacional de Videodanza de la Ciudad de M\u00e9xico llegar\u00e1 nuevamente a Yucat\u00e1n, gracias a la colaboraci\u00f3n con la FILEY, la Feria Internacional de la Lectura Yucat\u00e1n. Las proyecciones tendr\u00e1n lugar los d\u00edas s\u00e1bado 16 de marzo a las 18 hrs. y domingo 24 a las 13 hrs. en la sala 3 de los [&hellip;]<\/p>\n","protected":false},"author":1,"featured_media":4459,"comment_status":"closed","ping_status":"open","sticky":false,"template":"","format":"standard","meta":{"footnotes":""},"categories":[18,93,41],"tags":[135,76],"class_list":["post-4458","post","type-post","status-publish","format-standard","has-post-thumbnail","hentry","category-eventos","category-festivales","category-rna","tag-festival-de-videodanza-de-la-ciudad-de-mexico","tag-festival-internacional-de-videodanza-de-la-ciudad-de-mexico"],"yoast_head":"<!-- This site is optimized with the Yoast SEO plugin v27.2 - https:\/\/yoast.com\/product\/yoast-seo-wordpress\/ -->\n<title>Extensi\u00f3n del Festival Internacional de Videodanza de la CDMX en la FILEY Yucat\u00e1n - Red Nacional de Arte<\/title>\n<meta name=\"robots\" content=\"index, follow, max-snippet:-1, max-image-preview:large, max-video-preview:-1\" \/>\n<link rel=\"canonical\" href=\"http:\/\/rednacionaldearte.com\/noticias\/extension-festival-videodanza-yucatan\/\" \/>\n<meta property=\"og:locale\" content=\"es_ES\" \/>\n<meta property=\"og:type\" content=\"article\" \/>\n<meta property=\"og:title\" content=\"Extensi\u00f3n del Festival Internacional de Videodanza de la CDMX en la FILEY Yucat\u00e1n - Red Nacional de Arte\" \/>\n<meta property=\"og:description\" content=\"El Festival Internacional de Videodanza de la Ciudad de M\u00e9xico llegar\u00e1 nuevamente a Yucat\u00e1n, gracias a la colaboraci\u00f3n con la FILEY, la Feria Internacional de la Lectura Yucat\u00e1n. Las proyecciones tendr\u00e1n lugar los d\u00edas s\u00e1bado 16 de marzo a las 18 hrs. y domingo 24 a las 13 hrs. en la sala 3 de los [&hellip;]\" \/>\n<meta property=\"og:url\" content=\"http:\/\/rednacionaldearte.com\/noticias\/extension-festival-videodanza-yucatan\/\" \/>\n<meta property=\"og:site_name\" content=\"Red Nacional de Arte\" \/>\n<meta property=\"article:publisher\" content=\"http:\/\/www.facebook.com\/rednacionaldearte\/\" \/>\n<meta property=\"article:published_time\" content=\"2019-02-16T04:20:47+00:00\" \/>\n<meta property=\"article:modified_time\" content=\"2019-02-20T22:19:29+00:00\" \/>\n<meta property=\"og:image\" content=\"http:\/\/rednacionaldearte.com\/noticias\/wp-content\/uploads\/2019\/02\/FILEY-LOGOTIPO.png\" \/>\n\t<meta property=\"og:image:width\" content=\"3356\" \/>\n\t<meta property=\"og:image:height\" content=\"1769\" \/>\n\t<meta property=\"og:image:type\" content=\"image\/png\" \/>\n<meta name=\"author\" content=\"Redacci\u00f3n\" \/>\n<meta name=\"twitter:card\" content=\"summary_large_image\" \/>\n<meta name=\"twitter:creator\" content=\"@rednacionalarte\" \/>\n<meta name=\"twitter:site\" content=\"@rednacionalarte\" \/>\n<meta name=\"twitter:label1\" content=\"Escrito por\" \/>\n\t<meta name=\"twitter:data1\" content=\"Redacci\u00f3n\" \/>\n\t<meta name=\"twitter:label2\" content=\"Tiempo de lectura\" \/>\n\t<meta name=\"twitter:data2\" content=\"1 minuto\" \/>\n<script type=\"application\/ld+json\" class=\"yoast-schema-graph\">{\"@context\":\"https:\/\/schema.org\",\"@graph\":[{\"@type\":\"Article\",\"@id\":\"http:\/\/rednacionaldearte.com\/noticias\/extension-festival-videodanza-yucatan\/#article\",\"isPartOf\":{\"@id\":\"http:\/\/rednacionaldearte.com\/noticias\/extension-festival-videodanza-yucatan\/\"},\"author\":{\"name\":\"Redacci\u00f3n\",\"@id\":\"http:\/\/rednacionaldearte.com\/noticias\/#\/schema\/person\/489d635082b1de413434d2708a3e5b9b\"},\"headline\":\"Extensi\u00f3n del Festival Internacional de Videodanza de la CDMX en la FILEY Yucat\u00e1n\",\"datePublished\":\"2019-02-16T04:20:47+00:00\",\"dateModified\":\"2019-02-20T22:19:29+00:00\",\"mainEntityOfPage\":{\"@id\":\"http:\/\/rednacionaldearte.com\/noticias\/extension-festival-videodanza-yucatan\/\"},\"wordCount\":196,\"publisher\":{\"@id\":\"http:\/\/rednacionaldearte.com\/noticias\/#organization\"},\"image\":{\"@id\":\"http:\/\/rednacionaldearte.com\/noticias\/extension-festival-videodanza-yucatan\/#primaryimage\"},\"thumbnailUrl\":\"https:\/\/rednacionaldearte.com\/noticias\/wp-content\/uploads\/2019\/02\/FILEY-LOGOTIPO.png\",\"keywords\":[\"Festival de Videodanza de la Ciudad de M\u00e9xico\",\"Festival Internacional de Videodanza de la Ciudad de M\u00e9xico\"],\"articleSection\":[\"Eventos\",\"Festivales\",\"RNA\"],\"inLanguage\":\"es\"},{\"@type\":\"WebPage\",\"@id\":\"http:\/\/rednacionaldearte.com\/noticias\/extension-festival-videodanza-yucatan\/\",\"url\":\"http:\/\/rednacionaldearte.com\/noticias\/extension-festival-videodanza-yucatan\/\",\"name\":\"Extensi\u00f3n del Festival Internacional de Videodanza de la CDMX en la FILEY Yucat\u00e1n - Red Nacional de Arte\",\"isPartOf\":{\"@id\":\"http:\/\/rednacionaldearte.com\/noticias\/#website\"},\"primaryImageOfPage\":{\"@id\":\"http:\/\/rednacionaldearte.com\/noticias\/extension-festival-videodanza-yucatan\/#primaryimage\"},\"image\":{\"@id\":\"http:\/\/rednacionaldearte.com\/noticias\/extension-festival-videodanza-yucatan\/#primaryimage\"},\"thumbnailUrl\":\"https:\/\/rednacionaldearte.com\/noticias\/wp-content\/uploads\/2019\/02\/FILEY-LOGOTIPO.png\",\"datePublished\":\"2019-02-16T04:20:47+00:00\",\"dateModified\":\"2019-02-20T22:19:29+00:00\",\"breadcrumb\":{\"@id\":\"http:\/\/rednacionaldearte.com\/noticias\/extension-festival-videodanza-yucatan\/#breadcrumb\"},\"inLanguage\":\"es\",\"potentialAction\":[{\"@type\":\"ReadAction\",\"target\":[\"http:\/\/rednacionaldearte.com\/noticias\/extension-festival-videodanza-yucatan\/\"]}]},{\"@type\":\"ImageObject\",\"inLanguage\":\"es\",\"@id\":\"http:\/\/rednacionaldearte.com\/noticias\/extension-festival-videodanza-yucatan\/#primaryimage\",\"url\":\"https:\/\/rednacionaldearte.com\/noticias\/wp-content\/uploads\/2019\/02\/FILEY-LOGOTIPO.png\",\"contentUrl\":\"https:\/\/rednacionaldearte.com\/noticias\/wp-content\/uploads\/2019\/02\/FILEY-LOGOTIPO.png\",\"width\":3356,\"height\":1769},{\"@type\":\"BreadcrumbList\",\"@id\":\"http:\/\/rednacionaldearte.com\/noticias\/extension-festival-videodanza-yucatan\/#breadcrumb\",\"itemListElement\":[{\"@type\":\"ListItem\",\"position\":1,\"name\":\"Home\",\"item\":\"http:\/\/rednacionaldearte.com\/noticias\/\"},{\"@type\":\"ListItem\",\"position\":2,\"name\":\"Extensi\u00f3n del Festival Internacional de Videodanza de la CDMX en la FILEY Yucat\u00e1n\"}]},{\"@type\":\"WebSite\",\"@id\":\"http:\/\/rednacionaldearte.com\/noticias\/#website\",\"url\":\"http:\/\/rednacionaldearte.com\/noticias\/\",\"name\":\"Red Nacional de Arte\",\"description\":\"Cultura y Arte contempor\u00e1neo en M\u00e9xico\",\"publisher\":{\"@id\":\"http:\/\/rednacionaldearte.com\/noticias\/#organization\"},\"potentialAction\":[{\"@type\":\"SearchAction\",\"target\":{\"@type\":\"EntryPoint\",\"urlTemplate\":\"http:\/\/rednacionaldearte.com\/noticias\/?s={search_term_string}\"},\"query-input\":{\"@type\":\"PropertyValueSpecification\",\"valueRequired\":true,\"valueName\":\"search_term_string\"}}],\"inLanguage\":\"es\"},{\"@type\":\"Organization\",\"@id\":\"http:\/\/rednacionaldearte.com\/noticias\/#organization\",\"name\":\"Red Nacional de Arte\",\"url\":\"http:\/\/rednacionaldearte.com\/noticias\/\",\"logo\":{\"@type\":\"ImageObject\",\"inLanguage\":\"es\",\"@id\":\"http:\/\/rednacionaldearte.com\/noticias\/#\/schema\/logo\/image\/\",\"url\":\"http:\/\/rednacionaldearte.com\/noticias\/wp-content\/uploads\/2016\/04\/logo.png\",\"contentUrl\":\"http:\/\/rednacionaldearte.com\/noticias\/wp-content\/uploads\/2016\/04\/logo.png\",\"width\":575,\"height\":554,\"caption\":\"Red Nacional de Arte\"},\"image\":{\"@id\":\"http:\/\/rednacionaldearte.com\/noticias\/#\/schema\/logo\/image\/\"},\"sameAs\":[\"http:\/\/www.facebook.com\/rednacionaldearte\/\",\"https:\/\/x.com\/rednacionalarte\"]},{\"@type\":\"Person\",\"@id\":\"http:\/\/rednacionaldearte.com\/noticias\/#\/schema\/person\/489d635082b1de413434d2708a3e5b9b\",\"name\":\"Redacci\u00f3n\",\"image\":{\"@type\":\"ImageObject\",\"inLanguage\":\"es\",\"@id\":\"https:\/\/secure.gravatar.com\/avatar\/1d1c30eaee7c2f6cfa13fb8502cb06839106cdf371b9953d50e4b572d0bfa3c7?s=96&d=mm&r=g\",\"url\":\"https:\/\/secure.gravatar.com\/avatar\/1d1c30eaee7c2f6cfa13fb8502cb06839106cdf371b9953d50e4b572d0bfa3c7?s=96&d=mm&r=g\",\"contentUrl\":\"https:\/\/secure.gravatar.com\/avatar\/1d1c30eaee7c2f6cfa13fb8502cb06839106cdf371b9953d50e4b572d0bfa3c7?s=96&d=mm&r=g\",\"caption\":\"Redacci\u00f3n\"},\"url\":\"https:\/\/rednacionaldearte.com\/noticias\/author\/adan\/\"}]}<\/script>\n<!-- \/ Yoast SEO plugin. -->","yoast_head_json":{"title":"Extensi\u00f3n del Festival Internacional de Videodanza de la CDMX en la FILEY Yucat\u00e1n - Red Nacional de Arte","robots":{"index":"index","follow":"follow","max-snippet":"max-snippet:-1","max-image-preview":"max-image-preview:large","max-video-preview":"max-video-preview:-1"},"canonical":"http:\/\/rednacionaldearte.com\/noticias\/extension-festival-videodanza-yucatan\/","og_locale":"es_ES","og_type":"article","og_title":"Extensi\u00f3n del Festival Internacional de Videodanza de la CDMX en la FILEY Yucat\u00e1n - Red Nacional de Arte","og_description":"El Festival Internacional de Videodanza de la Ciudad de M\u00e9xico llegar\u00e1 nuevamente a Yucat\u00e1n, gracias a la colaboraci\u00f3n con la FILEY, la Feria Internacional de la Lectura Yucat\u00e1n. Las proyecciones tendr\u00e1n lugar los d\u00edas s\u00e1bado 16 de marzo a las 18 hrs. y domingo 24 a las 13 hrs. en la sala 3 de los [&hellip;]","og_url":"http:\/\/rednacionaldearte.com\/noticias\/extension-festival-videodanza-yucatan\/","og_site_name":"Red Nacional de Arte","article_publisher":"http:\/\/www.facebook.com\/rednacionaldearte\/","article_published_time":"2019-02-16T04:20:47+00:00","article_modified_time":"2019-02-20T22:19:29+00:00","og_image":[{"width":3356,"height":1769,"url":"http:\/\/rednacionaldearte.com\/noticias\/wp-content\/uploads\/2019\/02\/FILEY-LOGOTIPO.png","type":"image\/png"}],"author":"Redacci\u00f3n","twitter_card":"summary_large_image","twitter_creator":"@rednacionalarte","twitter_site":"@rednacionalarte","twitter_misc":{"Escrito por":"Redacci\u00f3n","Tiempo de lectura":"1 minuto"},"schema":{"@context":"https:\/\/schema.org","@graph":[{"@type":"Article","@id":"http:\/\/rednacionaldearte.com\/noticias\/extension-festival-videodanza-yucatan\/#article","isPartOf":{"@id":"http:\/\/rednacionaldearte.com\/noticias\/extension-festival-videodanza-yucatan\/"},"author":{"name":"Redacci\u00f3n","@id":"http:\/\/rednacionaldearte.com\/noticias\/#\/schema\/person\/489d635082b1de413434d2708a3e5b9b"},"headline":"Extensi\u00f3n del Festival Internacional de Videodanza de la CDMX en la FILEY Yucat\u00e1n","datePublished":"2019-02-16T04:20:47+00:00","dateModified":"2019-02-20T22:19:29+00:00","mainEntityOfPage":{"@id":"http:\/\/rednacionaldearte.com\/noticias\/extension-festival-videodanza-yucatan\/"},"wordCount":196,"publisher":{"@id":"http:\/\/rednacionaldearte.com\/noticias\/#organization"},"image":{"@id":"http:\/\/rednacionaldearte.com\/noticias\/extension-festival-videodanza-yucatan\/#primaryimage"},"thumbnailUrl":"https:\/\/rednacionaldearte.com\/noticias\/wp-content\/uploads\/2019\/02\/FILEY-LOGOTIPO.png","keywords":["Festival de Videodanza de la Ciudad de M\u00e9xico","Festival Internacional de Videodanza de la Ciudad de M\u00e9xico"],"articleSection":["Eventos","Festivales","RNA"],"inLanguage":"es"},{"@type":"WebPage","@id":"http:\/\/rednacionaldearte.com\/noticias\/extension-festival-videodanza-yucatan\/","url":"http:\/\/rednacionaldearte.com\/noticias\/extension-festival-videodanza-yucatan\/","name":"Extensi\u00f3n del Festival Internacional de Videodanza de la CDMX en la FILEY Yucat\u00e1n - Red Nacional de Arte","isPartOf":{"@id":"http:\/\/rednacionaldearte.com\/noticias\/#website"},"primaryImageOfPage":{"@id":"http:\/\/rednacionaldearte.com\/noticias\/extension-festival-videodanza-yucatan\/#primaryimage"},"image":{"@id":"http:\/\/rednacionaldearte.com\/noticias\/extension-festival-videodanza-yucatan\/#primaryimage"},"thumbnailUrl":"https:\/\/rednacionaldearte.com\/noticias\/wp-content\/uploads\/2019\/02\/FILEY-LOGOTIPO.png","datePublished":"2019-02-16T04:20:47+00:00","dateModified":"2019-02-20T22:19:29+00:00","breadcrumb":{"@id":"http:\/\/rednacionaldearte.com\/noticias\/extension-festival-videodanza-yucatan\/#breadcrumb"},"inLanguage":"es","potentialAction":[{"@type":"ReadAction","target":["http:\/\/rednacionaldearte.com\/noticias\/extension-festival-videodanza-yucatan\/"]}]},{"@type":"ImageObject","inLanguage":"es","@id":"http:\/\/rednacionaldearte.com\/noticias\/extension-festival-videodanza-yucatan\/#primaryimage","url":"https:\/\/rednacionaldearte.com\/noticias\/wp-content\/uploads\/2019\/02\/FILEY-LOGOTIPO.png","contentUrl":"https:\/\/rednacionaldearte.com\/noticias\/wp-content\/uploads\/2019\/02\/FILEY-LOGOTIPO.png","width":3356,"height":1769},{"@type":"BreadcrumbList","@id":"http:\/\/rednacionaldearte.com\/noticias\/extension-festival-videodanza-yucatan\/#breadcrumb","itemListElement":[{"@type":"ListItem","position":1,"name":"Home","item":"http:\/\/rednacionaldearte.com\/noticias\/"},{"@type":"ListItem","position":2,"name":"Extensi\u00f3n del Festival Internacional de Videodanza de la CDMX en la FILEY Yucat\u00e1n"}]},{"@type":"WebSite","@id":"http:\/\/rednacionaldearte.com\/noticias\/#website","url":"http:\/\/rednacionaldearte.com\/noticias\/","name":"Red Nacional de Arte","description":"Cultura y Arte contempor\u00e1neo en M\u00e9xico","publisher":{"@id":"http:\/\/rednacionaldearte.com\/noticias\/#organization"},"potentialAction":[{"@type":"SearchAction","target":{"@type":"EntryPoint","urlTemplate":"http:\/\/rednacionaldearte.com\/noticias\/?s={search_term_string}"},"query-input":{"@type":"PropertyValueSpecification","valueRequired":true,"valueName":"search_term_string"}}],"inLanguage":"es"},{"@type":"Organization","@id":"http:\/\/rednacionaldearte.com\/noticias\/#organization","name":"Red Nacional de Arte","url":"http:\/\/rednacionaldearte.com\/noticias\/","logo":{"@type":"ImageObject","inLanguage":"es","@id":"http:\/\/rednacionaldearte.com\/noticias\/#\/schema\/logo\/image\/","url":"http:\/\/rednacionaldearte.com\/noticias\/wp-content\/uploads\/2016\/04\/logo.png","contentUrl":"http:\/\/rednacionaldearte.com\/noticias\/wp-content\/uploads\/2016\/04\/logo.png","width":575,"height":554,"caption":"Red Nacional de Arte"},"image":{"@id":"http:\/\/rednacionaldearte.com\/noticias\/#\/schema\/logo\/image\/"},"sameAs":["http:\/\/www.facebook.com\/rednacionaldearte\/","https:\/\/x.com\/rednacionalarte"]},{"@type":"Person","@id":"http:\/\/rednacionaldearte.com\/noticias\/#\/schema\/person\/489d635082b1de413434d2708a3e5b9b","name":"Redacci\u00f3n","image":{"@type":"ImageObject","inLanguage":"es","@id":"https:\/\/secure.gravatar.com\/avatar\/1d1c30eaee7c2f6cfa13fb8502cb06839106cdf371b9953d50e4b572d0bfa3c7?s=96&d=mm&r=g","url":"https:\/\/secure.gravatar.com\/avatar\/1d1c30eaee7c2f6cfa13fb8502cb06839106cdf371b9953d50e4b572d0bfa3c7?s=96&d=mm&r=g","contentUrl":"https:\/\/secure.gravatar.com\/avatar\/1d1c30eaee7c2f6cfa13fb8502cb06839106cdf371b9953d50e4b572d0bfa3c7?s=96&d=mm&r=g","caption":"Redacci\u00f3n"},"url":"https:\/\/rednacionaldearte.com\/noticias\/author\/adan\/"}]}},"amp_validity":null,"amp_enabled":true,"_links":{"self":[{"href":"https:\/\/rednacionaldearte.com\/noticias\/wp-json\/wp\/v2\/posts\/4458","targetHints":{"allow":["GET"]}}],"collection":[{"href":"https:\/\/rednacionaldearte.com\/noticias\/wp-json\/wp\/v2\/posts"}],"about":[{"href":"https:\/\/rednacionaldearte.com\/noticias\/wp-json\/wp\/v2\/types\/post"}],"author":[{"embeddable":true,"href":"https:\/\/rednacionaldearte.com\/noticias\/wp-json\/wp\/v2\/users\/1"}],"replies":[{"embeddable":true,"href":"https:\/\/rednacionaldearte.com\/noticias\/wp-json\/wp\/v2\/comments?post=4458"}],"version-history":[{"count":2,"href":"https:\/\/rednacionaldearte.com\/noticias\/wp-json\/wp\/v2\/posts\/4458\/revisions"}],"predecessor-version":[{"id":4461,"href":"https:\/\/rednacionaldearte.com\/noticias\/wp-json\/wp\/v2\/posts\/4458\/revisions\/4461"}],"wp:featuredmedia":[{"embeddable":true,"href":"https:\/\/rednacionaldearte.com\/noticias\/wp-json\/wp\/v2\/media\/4459"}],"wp:attachment":[{"href":"https:\/\/rednacionaldearte.com\/noticias\/wp-json\/wp\/v2\/media?parent=4458"}],"wp:term":[{"taxonomy":"category","embeddable":true,"href":"https:\/\/rednacionaldearte.com\/noticias\/wp-json\/wp\/v2\/categories?post=4458"},{"taxonomy":"post_tag","embeddable":true,"href":"https:\/\/rednacionaldearte.com\/noticias\/wp-json\/wp\/v2\/tags?post=4458"}],"curies":[{"name":"wp","href":"https:\/\/api.w.org\/{rel}","templated":true}]}}