{"id":4464,"date":"2019-06-12T21:18:48","date_gmt":"2019-06-12T21:18:48","guid":{"rendered":"https:\/\/rednacionaldearte.com\/noticias\/?p=4464"},"modified":"2019-06-12T21:23:07","modified_gmt":"2019-06-12T21:23:07","slug":"escena-contemporanea-nohbords-yuki-pastrana","status":"publish","type":"post","link":"https:\/\/rednacionaldearte.com\/noticias\/escena-contemporanea-nohbords-yuki-pastrana\/","title":{"rendered":"Escena Contempor\u00e1nea Vol. II: Nohbords, Yuki Pastrana y Videodanzas en la Galer\u00eda Afirme"},"content":{"rendered":"\n<p><strong><a href=\"https:\/\/rednacionaldearte.com\/escena\/\">Escena Contempor\u00e1nea MX<\/a><\/strong> celebrar\u00e1 su segunda edici\u00f3n el viernes <strong>21 de junio a las 20 horas<\/strong> con la presentaci\u00f3n de las coreograf\u00edas \u201c<strong>Raised by Gods<\/strong>\u201d de <strong>Nohbords<\/strong> y \u201c<strong>Ojo de Mujer<\/strong>\u201d de <strong>Yuki Pastrana<\/strong>. <\/p>\n\n\n\n<p>Adem\u00e1s, con el apoyo del <strong><a href=\"https:\/\/festivalvideodanza.com\/\">Festival Internacional de Videodanza de la Ciudad de M\u00e9xico<\/a><\/strong> (FIVideodanza) se llevar\u00e1n a cabo las proyecciones de Hydra (Dir. Erin S. Murray, Estados Unidos), Vanitas (Dir. Vin\u00edcius Cardoso, Brasil), BOOKANIMA: Dance (Dir. Shon Kim, Corea del Sur) y Chimera (Dir. Steven Briand, Francia).<br><\/p>\n\n\n\n<figure class=\"wp-block-image\"><img loading=\"lazy\" decoding=\"async\" width=\"1024\" height=\"681\" src=\"https:\/\/rednacionaldearte.com\/noticias\/wp-content\/uploads\/2019\/06\/2_1-1024x681.jpg\" alt=\"\" class=\"wp-image-4466\" srcset=\"https:\/\/rednacionaldearte.com\/noticias\/wp-content\/uploads\/2019\/06\/2_1-1024x681.jpg 1024w, https:\/\/rednacionaldearte.com\/noticias\/wp-content\/uploads\/2019\/06\/2_1-300x199.jpg 300w, https:\/\/rednacionaldearte.com\/noticias\/wp-content\/uploads\/2019\/06\/2_1-768x511.jpg 768w, https:\/\/rednacionaldearte.com\/noticias\/wp-content\/uploads\/2019\/06\/2_1-360x240.jpg 360w, https:\/\/rednacionaldearte.com\/noticias\/wp-content\/uploads\/2019\/06\/2_1.jpg 1080w\" sizes=\"auto, (max-width: 1024px) 100vw, 1024px\" \/><\/figure>\n\n\n\n<p><strong>Nohbords<\/strong> es un proyecto de danza contempor\u00e1nea y arte visual dedicado al estudio, la exploraci\u00f3n del cuerpo y el movimiento, dirigido por Diego Mur con sede en la Ciudad de M\u00e9xico. Desde 2014 suma la colaboraci\u00f3n de artistas con diversos enfoques de creaci\u00f3n para realizar trabajos como corto documental, de ficci\u00f3n, videoarte, piezas coreogr\u00e1ficas, intervenciones con arte multimedia, residencias art\u00edsticas y talleres de movimiento con el fin de expandir su trabajo hacia campos alternativos de presentaci\u00f3n. <br><\/p>\n\n\n\n<figure class=\"wp-block-image\"><img loading=\"lazy\" decoding=\"async\" width=\"1024\" height=\"682\" src=\"https:\/\/rednacionaldearte.com\/noticias\/wp-content\/uploads\/2019\/06\/N1-1024x682.jpeg\" alt=\"\" class=\"wp-image-4470\" srcset=\"https:\/\/rednacionaldearte.com\/noticias\/wp-content\/uploads\/2019\/06\/N1-1024x682.jpeg 1024w, https:\/\/rednacionaldearte.com\/noticias\/wp-content\/uploads\/2019\/06\/N1-300x200.jpeg 300w, https:\/\/rednacionaldearte.com\/noticias\/wp-content\/uploads\/2019\/06\/N1-768x512.jpeg 768w, https:\/\/rednacionaldearte.com\/noticias\/wp-content\/uploads\/2019\/06\/N1-360x240.jpeg 360w, https:\/\/rednacionaldearte.com\/noticias\/wp-content\/uploads\/2019\/06\/N1.jpeg 1280w\" sizes=\"auto, (max-width: 1024px) 100vw, 1024px\" \/><\/figure>\n\n\n\n<p>\u201c<strong>Raised By Gods<\/strong>\u201d es un dueto de danza contempor\u00e1nea inspirado en la manera de ver e interpretar el mundo de los Wix\u00e1rikas o Huicholes. La pieza pretende alcanzar estados f\u00edsicos de gran profundidad y conexi\u00f3n, convirti\u00e9ndose en una danza de car\u00e1cter introspectiva y ritual.<\/p>\n\n\n\n<figure class=\"wp-block-image\"><img loading=\"lazy\" decoding=\"async\" width=\"960\" height=\"640\" src=\"https:\/\/rednacionaldearte.com\/noticias\/wp-content\/uploads\/2019\/06\/Raised-by-Gods.jpg\" alt=\"\" class=\"wp-image-4467\" srcset=\"https:\/\/rednacionaldearte.com\/noticias\/wp-content\/uploads\/2019\/06\/Raised-by-Gods.jpg 960w, https:\/\/rednacionaldearte.com\/noticias\/wp-content\/uploads\/2019\/06\/Raised-by-Gods-300x200.jpg 300w, https:\/\/rednacionaldearte.com\/noticias\/wp-content\/uploads\/2019\/06\/Raised-by-Gods-768x512.jpg 768w, https:\/\/rednacionaldearte.com\/noticias\/wp-content\/uploads\/2019\/06\/Raised-by-Gods-360x240.jpg 360w\" sizes=\"auto, (max-width: 960px) 100vw, 960px\" \/><\/figure>\n\n\n\n<p>La coreograf\u00eda es de <strong>Diego Mur<\/strong>, el dise\u00f1o y realizaci\u00f3n de vestuario de Mauricio Asencio, la m\u00fasica original de Sebasti\u00e1n Lechuga, iluminaci\u00f3n de Sebasti\u00e1n Sol\u00f3rzano y los bailarines que la interpretar\u00e1n ser\u00e1n Diego Mur y Diego V\u00e9rtiz.<br><\/p>\n\n\n\n<figure class=\"wp-block-image\"><img loading=\"lazy\" decoding=\"async\" width=\"1024\" height=\"683\" src=\"https:\/\/rednacionaldearte.com\/noticias\/wp-content\/uploads\/2019\/06\/3_1-1024x683.jpg\" alt=\"\" class=\"wp-image-4468\" srcset=\"https:\/\/rednacionaldearte.com\/noticias\/wp-content\/uploads\/2019\/06\/3_1-1024x683.jpg 1024w, https:\/\/rednacionaldearte.com\/noticias\/wp-content\/uploads\/2019\/06\/3_1-300x200.jpg 300w, https:\/\/rednacionaldearte.com\/noticias\/wp-content\/uploads\/2019\/06\/3_1-768x512.jpg 768w, https:\/\/rednacionaldearte.com\/noticias\/wp-content\/uploads\/2019\/06\/3_1-360x240.jpg 360w, https:\/\/rednacionaldearte.com\/noticias\/wp-content\/uploads\/2019\/06\/3_1.jpg 1440w\" sizes=\"auto, (max-width: 1024px) 100vw, 1024px\" \/><\/figure>\n\n\n\n<p>El trabajo de <strong>Yuki Pastrana<\/strong> est\u00e1 enfocado a la coreograf\u00eda de paisaje, siendo el cuerpo en acci\u00f3n eje de estudio en formatos como la fotograf\u00eda, el video y el dise\u00f1o. Actualmente trabaja en el proyecto multidisciplinar <strong>Silba la Soledad<\/strong>, con objetivo de difundir el valor de la biodiversidad que la Selva Lacandona brinda al pa\u00eds.<\/p>\n\n\n\n<figure class=\"wp-block-image\"><img loading=\"lazy\" decoding=\"async\" width=\"1024\" height=\"683\" src=\"https:\/\/rednacionaldearte.com\/noticias\/wp-content\/uploads\/2019\/06\/O1-1024x683.jpg\" alt=\"\" class=\"wp-image-4469\" srcset=\"https:\/\/rednacionaldearte.com\/noticias\/wp-content\/uploads\/2019\/06\/O1-1024x683.jpg 1024w, https:\/\/rednacionaldearte.com\/noticias\/wp-content\/uploads\/2019\/06\/O1-300x200.jpg 300w, https:\/\/rednacionaldearte.com\/noticias\/wp-content\/uploads\/2019\/06\/O1-768x512.jpg 768w, https:\/\/rednacionaldearte.com\/noticias\/wp-content\/uploads\/2019\/06\/O1-360x240.jpg 360w\" sizes=\"auto, (max-width: 1024px) 100vw, 1024px\" \/><\/figure>\n\n\n\n<p>\u201c<strong>Ojo de Mujer<\/strong>\u201d es una danza creada en sitio espec\u00edfico de la selva con forma de ojo de mujer que observa su transformaci\u00f3n. Este sitio se encuentra entre el R\u00edo Lacant\u00fan, que protege la vida remanente de la selva, y el R\u00edo Xaclbal proveniente de Guatemala. Es la primera acci\u00f3n esc\u00e9nica del proyecto Silba la Soledad, y fue estrenada el pasado mes de abril en el complejo cultural de la UNAM. El vestuario fue hecho por la lacandona Koh Mar\u00eda, el dise\u00f1o sonoro es de 21H, y la coreograf\u00eda e interpretaci\u00f3n est\u00e1 a cargo de Yuki Pastrana.<br><\/p>\n\n\n\n<p>La <strong>Galer\u00eda Afirme<\/strong> busca impulsar la difusi\u00f3n de las expresiones art\u00edsticas y apoyar a los creadores de diferentes disciplinas. Su principal objetivo es acercar el arte al p\u00fablico de la ciudad de M\u00e9xico, as\u00ed como contribuir en el conocimiento y difusi\u00f3n de los artistas m\u00e1s destacados de hoy. Se ubica en Plaza de la Rep\u00fablica 26, piso 1, a un costado del <strong>Monumento a la Revoluci\u00f3n<\/strong>.<br><\/p>\n\n\n\n<figure class=\"wp-block-image\"><img loading=\"lazy\" decoding=\"async\" width=\"1024\" height=\"680\" src=\"https:\/\/rednacionaldearte.com\/noticias\/wp-content\/uploads\/2019\/06\/6_1-1024x680.png\" alt=\"\" class=\"wp-image-4471\" srcset=\"https:\/\/rednacionaldearte.com\/noticias\/wp-content\/uploads\/2019\/06\/6_1.png 1024w, https:\/\/rednacionaldearte.com\/noticias\/wp-content\/uploads\/2019\/06\/6_1-300x199.png 300w, https:\/\/rednacionaldearte.com\/noticias\/wp-content\/uploads\/2019\/06\/6_1-768x510.png 768w, https:\/\/rednacionaldearte.com\/noticias\/wp-content\/uploads\/2019\/06\/6_1-100x65.png 100w, https:\/\/rednacionaldearte.com\/noticias\/wp-content\/uploads\/2019\/06\/6_1-360x240.png 360w\" sizes=\"auto, (max-width: 1024px) 100vw, 1024px\" \/><\/figure>\n\n\n\n<p>Para conocer m\u00e1s sobre el evento se puede visitar el sitio oficial <a href=\"https:\/\/rednacionaldearte.com\/escena\">https:\/\/rednacionaldearte.com\/escena<\/a>&nbsp;y&nbsp;el&nbsp;<a href=\"https:\/\/www.facebook.com\/events\/452795331931673\/\">evento&nbsp;en&nbsp;Facebook<\/a>.<\/p>\n\n\n\n<p><strong>Escena Contempor\u00e1nea Vol. II<\/strong><br>Viernes 21 de Junio<br>20 hrs.<br>Galer\u00eda Afirme<br>De La Rep\u00fablica 26, Piso 1. Col. Tabacalera, Ciudad de M\u00e9xico.<\/p>\n\n\n\n<p>Boletos disponibles <a href=\"https:\/\/rednacionaldearte.com\/tienda\/producto\/boletos-para-escena-contemporanea-mx-vol-ii\/\">aqu\u00ed<\/a>.<\/p>\n\n\n\n<figure><iframe loading=\"lazy\" src=\"https:\/\/www.google.com\/maps\/embed?pb=!1m14!1m8!1m3!1d15049.874290384501!2d-99.1546438!3d19.4353543!3m2!1i1024!2i768!4f13.1!3m3!1m2!1s0x0%3A0x204179af03759a5f!2sAFIRME!5e0!3m2!1sen!2smx!4v1560373925617!5m2!1sen!2smx\" width=\"400\" height=\"300\" allowfullscreen=\"\"><\/iframe><\/figure>\n","protected":false},"excerpt":{"rendered":"<p>Escena Contempor\u00e1nea MX celebrar\u00e1 su segunda edici\u00f3n el viernes 21 de junio a las 20 horas con la presentaci\u00f3n de las coreograf\u00edas \u201cRaised by Gods\u201d de Nohbords y \u201cOjo de Mujer\u201d de Yuki Pastrana. Adem\u00e1s, con el apoyo del Festival Internacional de Videodanza de la Ciudad de M\u00e9xico (FIVideodanza) se llevar\u00e1n a cabo las proyecciones [&hellip;]<\/p>\n","protected":false},"author":1,"featured_media":4465,"comment_status":"closed","ping_status":"open","sticky":false,"template":"","format":"standard","meta":{"footnotes":""},"categories":[85,103,58,86,41],"tags":[163,164,159,162,161,144],"class_list":["post-4464","post","type-post","status-publish","format-standard","has-post-thumbnail","hentry","category-arte-contemporaneo","category-artes-escenicas","category-danza","category-performance","category-rna","tag-escena-contemporanea","tag-galeria-afirme","tag-nohbords","tag-raised-by-gods","tag-silba-la-soledad","tag-yuki-pastrana"],"yoast_head":"<!-- This site is optimized with the Yoast SEO plugin v27.2 - https:\/\/yoast.com\/product\/yoast-seo-wordpress\/ -->\n<title>Escena Contempor\u00e1nea Vol. II: Nohbords, Yuki Pastrana y Videodanzas en la Galer\u00eda Afirme<\/title>\n<meta name=\"description\" content=\"Escena Contempor\u00e1nea MX celebrar\u00e1 su segunda edici\u00f3n con la presentaci\u00f3n de las coreograf\u00edas \u201cRaised by Gods\u201d de Nohbords y \u201cOjo de Mujer\u201d de Yuki Pastrana.\" \/>\n<meta name=\"robots\" content=\"index, follow, max-snippet:-1, max-image-preview:large, max-video-preview:-1\" \/>\n<link rel=\"canonical\" href=\"http:\/\/rednacionaldearte.com\/noticias\/escena-contemporanea-nohbords-yuki-pastrana\/\" \/>\n<meta property=\"og:locale\" content=\"es_ES\" \/>\n<meta property=\"og:type\" content=\"article\" \/>\n<meta property=\"og:title\" content=\"Escena Contempor\u00e1nea Vol. II: Nohbords, Yuki Pastrana y Videodanzas en la Galer\u00eda Afirme\" \/>\n<meta property=\"og:description\" content=\"Escena Contempor\u00e1nea MX celebrar\u00e1 su segunda edici\u00f3n con la presentaci\u00f3n de las coreograf\u00edas \u201cRaised by Gods\u201d de Nohbords y \u201cOjo de Mujer\u201d de Yuki Pastrana.\" \/>\n<meta property=\"og:url\" content=\"http:\/\/rednacionaldearte.com\/noticias\/escena-contemporanea-nohbords-yuki-pastrana\/\" \/>\n<meta property=\"og:site_name\" content=\"Red Nacional de Arte\" \/>\n<meta property=\"article:publisher\" content=\"http:\/\/www.facebook.com\/rednacionaldearte\/\" \/>\n<meta property=\"article:published_time\" content=\"2019-06-12T21:18:48+00:00\" \/>\n<meta property=\"article:modified_time\" content=\"2019-06-12T21:23:07+00:00\" \/>\n<meta property=\"og:image\" content=\"http:\/\/rednacionaldearte.com\/noticias\/wp-content\/uploads\/2019\/06\/ECMX_large.jpg\" \/>\n\t<meta property=\"og:image:width\" content=\"1200\" \/>\n\t<meta property=\"og:image:height\" content=\"628\" \/>\n\t<meta property=\"og:image:type\" content=\"image\/jpeg\" \/>\n<meta name=\"author\" content=\"Redacci\u00f3n\" \/>\n<meta name=\"twitter:card\" content=\"summary_large_image\" \/>\n<meta name=\"twitter:creator\" content=\"@rednacionalarte\" \/>\n<meta name=\"twitter:site\" content=\"@rednacionalarte\" \/>\n<meta name=\"twitter:label1\" content=\"Escrito por\" \/>\n\t<meta name=\"twitter:data1\" content=\"Redacci\u00f3n\" \/>\n\t<meta name=\"twitter:label2\" content=\"Tiempo de lectura\" \/>\n\t<meta name=\"twitter:data2\" content=\"3 minutos\" \/>\n<script type=\"application\/ld+json\" class=\"yoast-schema-graph\">{\"@context\":\"https:\/\/schema.org\",\"@graph\":[{\"@type\":\"Article\",\"@id\":\"http:\/\/rednacionaldearte.com\/noticias\/escena-contemporanea-nohbords-yuki-pastrana\/#article\",\"isPartOf\":{\"@id\":\"http:\/\/rednacionaldearte.com\/noticias\/escena-contemporanea-nohbords-yuki-pastrana\/\"},\"author\":{\"name\":\"Redacci\u00f3n\",\"@id\":\"http:\/\/rednacionaldearte.com\/noticias\/#\/schema\/person\/489d635082b1de413434d2708a3e5b9b\"},\"headline\":\"Escena Contempor\u00e1nea Vol. II: Nohbords, Yuki Pastrana y Videodanzas en la Galer\u00eda Afirme\",\"datePublished\":\"2019-06-12T21:18:48+00:00\",\"dateModified\":\"2019-06-12T21:23:07+00:00\",\"mainEntityOfPage\":{\"@id\":\"http:\/\/rednacionaldearte.com\/noticias\/escena-contemporanea-nohbords-yuki-pastrana\/\"},\"wordCount\":578,\"publisher\":{\"@id\":\"http:\/\/rednacionaldearte.com\/noticias\/#organization\"},\"image\":{\"@id\":\"http:\/\/rednacionaldearte.com\/noticias\/escena-contemporanea-nohbords-yuki-pastrana\/#primaryimage\"},\"thumbnailUrl\":\"https:\/\/rednacionaldearte.com\/noticias\/wp-content\/uploads\/2019\/06\/ECMX_large.jpg\",\"keywords\":[\"Escena Contempor\u00e1nea\",\"Galer\u00eda Afirme\",\"Nohbords\",\"Raised by Gods\",\"Silba la Soledad\",\"Yuki Pastrana\"],\"articleSection\":[\"Arte Contempor\u00e1neo\",\"Artes Esc\u00e9nicas\",\"Danza\",\"Performance\",\"RNA\"],\"inLanguage\":\"es\"},{\"@type\":\"WebPage\",\"@id\":\"http:\/\/rednacionaldearte.com\/noticias\/escena-contemporanea-nohbords-yuki-pastrana\/\",\"url\":\"http:\/\/rednacionaldearte.com\/noticias\/escena-contemporanea-nohbords-yuki-pastrana\/\",\"name\":\"Escena Contempor\u00e1nea Vol. II: Nohbords, Yuki Pastrana y Videodanzas en la Galer\u00eda Afirme\",\"isPartOf\":{\"@id\":\"http:\/\/rednacionaldearte.com\/noticias\/#website\"},\"primaryImageOfPage\":{\"@id\":\"http:\/\/rednacionaldearte.com\/noticias\/escena-contemporanea-nohbords-yuki-pastrana\/#primaryimage\"},\"image\":{\"@id\":\"http:\/\/rednacionaldearte.com\/noticias\/escena-contemporanea-nohbords-yuki-pastrana\/#primaryimage\"},\"thumbnailUrl\":\"https:\/\/rednacionaldearte.com\/noticias\/wp-content\/uploads\/2019\/06\/ECMX_large.jpg\",\"datePublished\":\"2019-06-12T21:18:48+00:00\",\"dateModified\":\"2019-06-12T21:23:07+00:00\",\"description\":\"Escena Contempor\u00e1nea MX celebrar\u00e1 su segunda edici\u00f3n con la presentaci\u00f3n de las coreograf\u00edas \u201cRaised by Gods\u201d de Nohbords y \u201cOjo de Mujer\u201d de Yuki Pastrana.\",\"breadcrumb\":{\"@id\":\"http:\/\/rednacionaldearte.com\/noticias\/escena-contemporanea-nohbords-yuki-pastrana\/#breadcrumb\"},\"inLanguage\":\"es\",\"potentialAction\":[{\"@type\":\"ReadAction\",\"target\":[\"http:\/\/rednacionaldearte.com\/noticias\/escena-contemporanea-nohbords-yuki-pastrana\/\"]}]},{\"@type\":\"ImageObject\",\"inLanguage\":\"es\",\"@id\":\"http:\/\/rednacionaldearte.com\/noticias\/escena-contemporanea-nohbords-yuki-pastrana\/#primaryimage\",\"url\":\"https:\/\/rednacionaldearte.com\/noticias\/wp-content\/uploads\/2019\/06\/ECMX_large.jpg\",\"contentUrl\":\"https:\/\/rednacionaldearte.com\/noticias\/wp-content\/uploads\/2019\/06\/ECMX_large.jpg\",\"width\":1200,\"height\":628,\"caption\":\"Escena Contempor\u00e1nea MX\"},{\"@type\":\"BreadcrumbList\",\"@id\":\"http:\/\/rednacionaldearte.com\/noticias\/escena-contemporanea-nohbords-yuki-pastrana\/#breadcrumb\",\"itemListElement\":[{\"@type\":\"ListItem\",\"position\":1,\"name\":\"Home\",\"item\":\"http:\/\/rednacionaldearte.com\/noticias\/\"},{\"@type\":\"ListItem\",\"position\":2,\"name\":\"Escena Contempor\u00e1nea Vol. II: Nohbords, Yuki Pastrana y Videodanzas en la Galer\u00eda Afirme\"}]},{\"@type\":\"WebSite\",\"@id\":\"http:\/\/rednacionaldearte.com\/noticias\/#website\",\"url\":\"http:\/\/rednacionaldearte.com\/noticias\/\",\"name\":\"Red Nacional de Arte\",\"description\":\"Cultura y Arte contempor\u00e1neo en M\u00e9xico\",\"publisher\":{\"@id\":\"http:\/\/rednacionaldearte.com\/noticias\/#organization\"},\"potentialAction\":[{\"@type\":\"SearchAction\",\"target\":{\"@type\":\"EntryPoint\",\"urlTemplate\":\"http:\/\/rednacionaldearte.com\/noticias\/?s={search_term_string}\"},\"query-input\":{\"@type\":\"PropertyValueSpecification\",\"valueRequired\":true,\"valueName\":\"search_term_string\"}}],\"inLanguage\":\"es\"},{\"@type\":\"Organization\",\"@id\":\"http:\/\/rednacionaldearte.com\/noticias\/#organization\",\"name\":\"Red Nacional de Arte\",\"url\":\"http:\/\/rednacionaldearte.com\/noticias\/\",\"logo\":{\"@type\":\"ImageObject\",\"inLanguage\":\"es\",\"@id\":\"http:\/\/rednacionaldearte.com\/noticias\/#\/schema\/logo\/image\/\",\"url\":\"http:\/\/rednacionaldearte.com\/noticias\/wp-content\/uploads\/2016\/04\/logo.png\",\"contentUrl\":\"http:\/\/rednacionaldearte.com\/noticias\/wp-content\/uploads\/2016\/04\/logo.png\",\"width\":575,\"height\":554,\"caption\":\"Red Nacional de Arte\"},\"image\":{\"@id\":\"http:\/\/rednacionaldearte.com\/noticias\/#\/schema\/logo\/image\/\"},\"sameAs\":[\"http:\/\/www.facebook.com\/rednacionaldearte\/\",\"https:\/\/x.com\/rednacionalarte\"]},{\"@type\":\"Person\",\"@id\":\"http:\/\/rednacionaldearte.com\/noticias\/#\/schema\/person\/489d635082b1de413434d2708a3e5b9b\",\"name\":\"Redacci\u00f3n\",\"image\":{\"@type\":\"ImageObject\",\"inLanguage\":\"es\",\"@id\":\"https:\/\/secure.gravatar.com\/avatar\/1d1c30eaee7c2f6cfa13fb8502cb06839106cdf371b9953d50e4b572d0bfa3c7?s=96&d=mm&r=g\",\"url\":\"https:\/\/secure.gravatar.com\/avatar\/1d1c30eaee7c2f6cfa13fb8502cb06839106cdf371b9953d50e4b572d0bfa3c7?s=96&d=mm&r=g\",\"contentUrl\":\"https:\/\/secure.gravatar.com\/avatar\/1d1c30eaee7c2f6cfa13fb8502cb06839106cdf371b9953d50e4b572d0bfa3c7?s=96&d=mm&r=g\",\"caption\":\"Redacci\u00f3n\"},\"url\":\"https:\/\/rednacionaldearte.com\/noticias\/author\/adan\/\"}]}<\/script>\n<!-- \/ Yoast SEO plugin. -->","yoast_head_json":{"title":"Escena Contempor\u00e1nea Vol. II: Nohbords, Yuki Pastrana y Videodanzas en la Galer\u00eda Afirme","description":"Escena Contempor\u00e1nea MX celebrar\u00e1 su segunda edici\u00f3n con la presentaci\u00f3n de las coreograf\u00edas \u201cRaised by Gods\u201d de Nohbords y \u201cOjo de Mujer\u201d de Yuki Pastrana.","robots":{"index":"index","follow":"follow","max-snippet":"max-snippet:-1","max-image-preview":"max-image-preview:large","max-video-preview":"max-video-preview:-1"},"canonical":"http:\/\/rednacionaldearte.com\/noticias\/escena-contemporanea-nohbords-yuki-pastrana\/","og_locale":"es_ES","og_type":"article","og_title":"Escena Contempor\u00e1nea Vol. II: Nohbords, Yuki Pastrana y Videodanzas en la Galer\u00eda Afirme","og_description":"Escena Contempor\u00e1nea MX celebrar\u00e1 su segunda edici\u00f3n con la presentaci\u00f3n de las coreograf\u00edas \u201cRaised by Gods\u201d de Nohbords y \u201cOjo de Mujer\u201d de Yuki Pastrana.","og_url":"http:\/\/rednacionaldearte.com\/noticias\/escena-contemporanea-nohbords-yuki-pastrana\/","og_site_name":"Red Nacional de Arte","article_publisher":"http:\/\/www.facebook.com\/rednacionaldearte\/","article_published_time":"2019-06-12T21:18:48+00:00","article_modified_time":"2019-06-12T21:23:07+00:00","og_image":[{"width":1200,"height":628,"url":"http:\/\/rednacionaldearte.com\/noticias\/wp-content\/uploads\/2019\/06\/ECMX_large.jpg","type":"image\/jpeg"}],"author":"Redacci\u00f3n","twitter_card":"summary_large_image","twitter_creator":"@rednacionalarte","twitter_site":"@rednacionalarte","twitter_misc":{"Escrito por":"Redacci\u00f3n","Tiempo de lectura":"3 minutos"},"schema":{"@context":"https:\/\/schema.org","@graph":[{"@type":"Article","@id":"http:\/\/rednacionaldearte.com\/noticias\/escena-contemporanea-nohbords-yuki-pastrana\/#article","isPartOf":{"@id":"http:\/\/rednacionaldearte.com\/noticias\/escena-contemporanea-nohbords-yuki-pastrana\/"},"author":{"name":"Redacci\u00f3n","@id":"http:\/\/rednacionaldearte.com\/noticias\/#\/schema\/person\/489d635082b1de413434d2708a3e5b9b"},"headline":"Escena Contempor\u00e1nea Vol. II: Nohbords, Yuki Pastrana y Videodanzas en la Galer\u00eda Afirme","datePublished":"2019-06-12T21:18:48+00:00","dateModified":"2019-06-12T21:23:07+00:00","mainEntityOfPage":{"@id":"http:\/\/rednacionaldearte.com\/noticias\/escena-contemporanea-nohbords-yuki-pastrana\/"},"wordCount":578,"publisher":{"@id":"http:\/\/rednacionaldearte.com\/noticias\/#organization"},"image":{"@id":"http:\/\/rednacionaldearte.com\/noticias\/escena-contemporanea-nohbords-yuki-pastrana\/#primaryimage"},"thumbnailUrl":"https:\/\/rednacionaldearte.com\/noticias\/wp-content\/uploads\/2019\/06\/ECMX_large.jpg","keywords":["Escena Contempor\u00e1nea","Galer\u00eda Afirme","Nohbords","Raised by Gods","Silba la Soledad","Yuki Pastrana"],"articleSection":["Arte Contempor\u00e1neo","Artes Esc\u00e9nicas","Danza","Performance","RNA"],"inLanguage":"es"},{"@type":"WebPage","@id":"http:\/\/rednacionaldearte.com\/noticias\/escena-contemporanea-nohbords-yuki-pastrana\/","url":"http:\/\/rednacionaldearte.com\/noticias\/escena-contemporanea-nohbords-yuki-pastrana\/","name":"Escena Contempor\u00e1nea Vol. II: Nohbords, Yuki Pastrana y Videodanzas en la Galer\u00eda Afirme","isPartOf":{"@id":"http:\/\/rednacionaldearte.com\/noticias\/#website"},"primaryImageOfPage":{"@id":"http:\/\/rednacionaldearte.com\/noticias\/escena-contemporanea-nohbords-yuki-pastrana\/#primaryimage"},"image":{"@id":"http:\/\/rednacionaldearte.com\/noticias\/escena-contemporanea-nohbords-yuki-pastrana\/#primaryimage"},"thumbnailUrl":"https:\/\/rednacionaldearte.com\/noticias\/wp-content\/uploads\/2019\/06\/ECMX_large.jpg","datePublished":"2019-06-12T21:18:48+00:00","dateModified":"2019-06-12T21:23:07+00:00","description":"Escena Contempor\u00e1nea MX celebrar\u00e1 su segunda edici\u00f3n con la presentaci\u00f3n de las coreograf\u00edas \u201cRaised by Gods\u201d de Nohbords y \u201cOjo de Mujer\u201d de Yuki Pastrana.","breadcrumb":{"@id":"http:\/\/rednacionaldearte.com\/noticias\/escena-contemporanea-nohbords-yuki-pastrana\/#breadcrumb"},"inLanguage":"es","potentialAction":[{"@type":"ReadAction","target":["http:\/\/rednacionaldearte.com\/noticias\/escena-contemporanea-nohbords-yuki-pastrana\/"]}]},{"@type":"ImageObject","inLanguage":"es","@id":"http:\/\/rednacionaldearte.com\/noticias\/escena-contemporanea-nohbords-yuki-pastrana\/#primaryimage","url":"https:\/\/rednacionaldearte.com\/noticias\/wp-content\/uploads\/2019\/06\/ECMX_large.jpg","contentUrl":"https:\/\/rednacionaldearte.com\/noticias\/wp-content\/uploads\/2019\/06\/ECMX_large.jpg","width":1200,"height":628,"caption":"Escena Contempor\u00e1nea MX"},{"@type":"BreadcrumbList","@id":"http:\/\/rednacionaldearte.com\/noticias\/escena-contemporanea-nohbords-yuki-pastrana\/#breadcrumb","itemListElement":[{"@type":"ListItem","position":1,"name":"Home","item":"http:\/\/rednacionaldearte.com\/noticias\/"},{"@type":"ListItem","position":2,"name":"Escena Contempor\u00e1nea Vol. II: Nohbords, Yuki Pastrana y Videodanzas en la Galer\u00eda Afirme"}]},{"@type":"WebSite","@id":"http:\/\/rednacionaldearte.com\/noticias\/#website","url":"http:\/\/rednacionaldearte.com\/noticias\/","name":"Red Nacional de Arte","description":"Cultura y Arte contempor\u00e1neo en M\u00e9xico","publisher":{"@id":"http:\/\/rednacionaldearte.com\/noticias\/#organization"},"potentialAction":[{"@type":"SearchAction","target":{"@type":"EntryPoint","urlTemplate":"http:\/\/rednacionaldearte.com\/noticias\/?s={search_term_string}"},"query-input":{"@type":"PropertyValueSpecification","valueRequired":true,"valueName":"search_term_string"}}],"inLanguage":"es"},{"@type":"Organization","@id":"http:\/\/rednacionaldearte.com\/noticias\/#organization","name":"Red Nacional de Arte","url":"http:\/\/rednacionaldearte.com\/noticias\/","logo":{"@type":"ImageObject","inLanguage":"es","@id":"http:\/\/rednacionaldearte.com\/noticias\/#\/schema\/logo\/image\/","url":"http:\/\/rednacionaldearte.com\/noticias\/wp-content\/uploads\/2016\/04\/logo.png","contentUrl":"http:\/\/rednacionaldearte.com\/noticias\/wp-content\/uploads\/2016\/04\/logo.png","width":575,"height":554,"caption":"Red Nacional de Arte"},"image":{"@id":"http:\/\/rednacionaldearte.com\/noticias\/#\/schema\/logo\/image\/"},"sameAs":["http:\/\/www.facebook.com\/rednacionaldearte\/","https:\/\/x.com\/rednacionalarte"]},{"@type":"Person","@id":"http:\/\/rednacionaldearte.com\/noticias\/#\/schema\/person\/489d635082b1de413434d2708a3e5b9b","name":"Redacci\u00f3n","image":{"@type":"ImageObject","inLanguage":"es","@id":"https:\/\/secure.gravatar.com\/avatar\/1d1c30eaee7c2f6cfa13fb8502cb06839106cdf371b9953d50e4b572d0bfa3c7?s=96&d=mm&r=g","url":"https:\/\/secure.gravatar.com\/avatar\/1d1c30eaee7c2f6cfa13fb8502cb06839106cdf371b9953d50e4b572d0bfa3c7?s=96&d=mm&r=g","contentUrl":"https:\/\/secure.gravatar.com\/avatar\/1d1c30eaee7c2f6cfa13fb8502cb06839106cdf371b9953d50e4b572d0bfa3c7?s=96&d=mm&r=g","caption":"Redacci\u00f3n"},"url":"https:\/\/rednacionaldearte.com\/noticias\/author\/adan\/"}]}},"amp_validity":null,"amp_enabled":true,"_links":{"self":[{"href":"https:\/\/rednacionaldearte.com\/noticias\/wp-json\/wp\/v2\/posts\/4464","targetHints":{"allow":["GET"]}}],"collection":[{"href":"https:\/\/rednacionaldearte.com\/noticias\/wp-json\/wp\/v2\/posts"}],"about":[{"href":"https:\/\/rednacionaldearte.com\/noticias\/wp-json\/wp\/v2\/types\/post"}],"author":[{"embeddable":true,"href":"https:\/\/rednacionaldearte.com\/noticias\/wp-json\/wp\/v2\/users\/1"}],"replies":[{"embeddable":true,"href":"https:\/\/rednacionaldearte.com\/noticias\/wp-json\/wp\/v2\/comments?post=4464"}],"version-history":[{"count":2,"href":"https:\/\/rednacionaldearte.com\/noticias\/wp-json\/wp\/v2\/posts\/4464\/revisions"}],"predecessor-version":[{"id":4474,"href":"https:\/\/rednacionaldearte.com\/noticias\/wp-json\/wp\/v2\/posts\/4464\/revisions\/4474"}],"wp:featuredmedia":[{"embeddable":true,"href":"https:\/\/rednacionaldearte.com\/noticias\/wp-json\/wp\/v2\/media\/4465"}],"wp:attachment":[{"href":"https:\/\/rednacionaldearte.com\/noticias\/wp-json\/wp\/v2\/media?parent=4464"}],"wp:term":[{"taxonomy":"category","embeddable":true,"href":"https:\/\/rednacionaldearte.com\/noticias\/wp-json\/wp\/v2\/categories?post=4464"},{"taxonomy":"post_tag","embeddable":true,"href":"https:\/\/rednacionaldearte.com\/noticias\/wp-json\/wp\/v2\/tags?post=4464"}],"curies":[{"name":"wp","href":"https:\/\/api.w.org\/{rel}","templated":true}]}}