{"id":4477,"date":"2019-07-23T00:11:08","date_gmt":"2019-07-23T00:11:08","guid":{"rendered":"https:\/\/rednacionaldearte.com\/noticias\/?p=4477"},"modified":"2019-07-23T00:11:13","modified_gmt":"2019-07-23T00:11:13","slug":"laboratorio-videodanza","status":"publish","type":"post","link":"https:\/\/rednacionaldearte.com\/noticias\/laboratorio-videodanza\/","title":{"rendered":"Registro para el Laboratorio de Videodanza del Festival Internacional de Videodanza de la CDMX"},"content":{"rendered":"\n<figure class=\"wp-block-image\"><a href=\"https:\/\/festivalvideodanza.com\/lab\/\"><img loading=\"lazy\" decoding=\"async\" width=\"820\" height=\"312\" src=\"https:\/\/rednacionaldearte.com\/noticias\/wp-content\/uploads\/2019\/07\/cover.jpg\" alt=\"Laboratorio de Videodanza\" class=\"wp-image-4479\" srcset=\"https:\/\/rednacionaldearte.com\/noticias\/wp-content\/uploads\/2019\/07\/cover.jpg 820w, https:\/\/rednacionaldearte.com\/noticias\/wp-content\/uploads\/2019\/07\/cover-300x114.jpg 300w, https:\/\/rednacionaldearte.com\/noticias\/wp-content\/uploads\/2019\/07\/cover-768x292.jpg 768w\" sizes=\"auto, (max-width: 820px) 100vw, 820px\" \/><\/a><\/figure>\n\n\n\n<p>El <strong>Festival Internacional de Videodanza de la Ciudad de M\u00e9xico<\/strong> y <strong>Red Nacional de Arte<\/strong> abren el registro para el <strong>2do Laboratorio de Videodanza<\/strong>, dirigido a estudiantes y profesionales de danza, coreograf\u00eda, artes visuales y nuevos medios.<\/p>\n\n\n\n<p>Se llevar\u00e1 a cabo en las instalaciones de la Galer\u00eda Afirme del 3 de Agosto al 14 de Septiembre, con 10 sesiones los s\u00e1bados y domingos de 12 a 16 horas.<\/p>\n\n\n\n<blockquote class=\"wp-block-quote is-layout-flow wp-block-quote-is-layout-flow\"><p>En camino a la cuarta edici\u00f3n del festival, nuestra misi\u00f3n es expandir la pr\u00e1ctica de la videodanza a trav\u00e9s del Programa Acad\u00e9mico impartido a estudiantes de danza, coreograf\u00eda, artes visuales y nuevos medios para que cuenten con las bases de la producci\u00f3n audiovisual fomentando la profesionalizaci\u00f3n en las propuestas de videodanza mexicanas.\u00a0<br><\/p><\/blockquote>\n\n\n\n<p>Los facilitadores del laboratorio ser\u00e1n <strong>Ad\u00e1n Ruiz<\/strong> y <strong>Yuki Pastrana<\/strong>.<\/p>\n\n\n\n<p>Ad\u00e1n Ruiz es fot\u00f3grafo, productor y realizador cinematogr\u00e1fico. Estudi\u00f3 la Licenciatura en Medios Interactivos en la Universidad de Morelia. Posteriormente ingres\u00f3 a la carrera de cinematograf\u00eda en el Centro Universitario de Estudios Cinematogr\u00e1ficos (hoy Escuela Nacional de Artes Cinematogr\u00e1ficas) de la UNAM. Se ha desempe\u00f1ado como director, productor y cinefot\u00f3grafo de diferentes contenidos audiovisuales. Su trabajo se ha expuesto en distintos foros, galer\u00edas, museos y festivales de M\u00e9xico y el mundo, haci\u00e9ndose acreedor a distintos reconocimientos internacionales. Actualmente colabora con la Red Nacional de Arte como productor de m\u00faltiples proyectos.<\/p>\n\n\n\n<p>Yuki Pastrana es bailarina y core\u00f3grafa multidisciplinar. Su investigaci\u00f3n est\u00e1 enfocada al paisaje mexicano, siendo el cuerpo eje de estudio y acci\u00f3n en distintos formatos de espacios como el video, la fotograf\u00eda, el dise\u00f1o y el performance. Su trabajo ha sido expuesto en la Fundaci\u00f3n Sebasti\u00e1n, el Teatro de la Ciudad Esperanza Iris, el Palacio Clavijero, el Museo de la Canciller\u00eda y la Cineteca Nacional. Actualmente dirige \u201cSilba la Soledad\u201d proyecto de la Selva Lacandona y el Festival Internacional de Videodanza de la Ciudad de M\u00e9xico en colaboraci\u00f3n con Red Nacional de Arte.<\/p>\n\n\n\n<h4 class=\"wp-block-heading\">Los resultados del laboratorio ser\u00e1n proyectados en el 4to Festival Internacional de Videodanza de la Ciudad de M\u00e9xico. Adem\u00e1s, se entregar\u00e1 constancia de participaci\u00f3n.<\/h4>\n\n\n\n<p>Para m\u00e1s informaci\u00f3n, registrarse en el siguiente link:<\/p>\n\n\n\n<p style=\"text-align:center\"><a href=\"https:\/\/festivalvideodanza.com\/lab\/\"><strong>https:\/\/festivalvideodanza.com\/lab\/<\/strong><\/a><br><br><\/p>\n","protected":false},"excerpt":{"rendered":"<p>El Festival Internacional de Videodanza de la Ciudad de M\u00e9xico y Red Nacional de Arte abren el registro para el 2do Laboratorio de Videodanza, dirigido a estudiantes y profesionales de danza, coreograf\u00eda, artes visuales y nuevos medios. Se llevar\u00e1 a cabo en las instalaciones de la Galer\u00eda Afirme del 3 de Agosto al 14 de [&hellip;]<\/p>\n","protected":false},"author":1,"featured_media":4479,"comment_status":"closed","ping_status":"open","sticky":false,"template":"","format":"standard","meta":{"footnotes":""},"categories":[43,93,41],"tags":[143,165,144],"class_list":["post-4477","post","type-post","status-publish","format-standard","has-post-thumbnail","hentry","category-cursos","category-festivales","category-rna","tag-adan-ruiz","tag-laboratorio-de-videodanza","tag-yuki-pastrana"],"yoast_head":"<!-- This site is optimized with the Yoast SEO plugin v27.2 - https:\/\/yoast.com\/product\/yoast-seo-wordpress\/ -->\n<title>Registro para el Laboratorio de Videodanza del Festival Internacional de Videodanza de la CDMX<\/title>\n<meta name=\"robots\" content=\"index, follow, max-snippet:-1, max-image-preview:large, max-video-preview:-1\" \/>\n<link rel=\"canonical\" href=\"http:\/\/rednacionaldearte.com\/noticias\/laboratorio-videodanza\/\" \/>\n<meta property=\"og:locale\" content=\"es_ES\" \/>\n<meta property=\"og:type\" content=\"article\" \/>\n<meta property=\"og:title\" content=\"Registro para el Laboratorio de Videodanza del Festival Internacional de Videodanza de la CDMX\" \/>\n<meta property=\"og:description\" content=\"El Festival Internacional de Videodanza de la Ciudad de M\u00e9xico y Red Nacional de Arte abren el registro para el 2do Laboratorio de Videodanza, dirigido a estudiantes y profesionales de danza, coreograf\u00eda, artes visuales y nuevos medios. Se llevar\u00e1 a cabo en las instalaciones de la Galer\u00eda Afirme del 3 de Agosto al 14 de [&hellip;]\" \/>\n<meta property=\"og:url\" content=\"http:\/\/rednacionaldearte.com\/noticias\/laboratorio-videodanza\/\" \/>\n<meta property=\"og:site_name\" content=\"Red Nacional de Arte\" \/>\n<meta property=\"article:publisher\" content=\"http:\/\/www.facebook.com\/rednacionaldearte\/\" \/>\n<meta property=\"article:published_time\" content=\"2019-07-23T00:11:08+00:00\" \/>\n<meta property=\"article:modified_time\" content=\"2019-07-23T00:11:13+00:00\" \/>\n<meta property=\"og:image\" content=\"http:\/\/rednacionaldearte.com\/noticias\/wp-content\/uploads\/2019\/07\/cover.jpg\" \/>\n\t<meta property=\"og:image:width\" content=\"820\" \/>\n\t<meta property=\"og:image:height\" content=\"312\" \/>\n\t<meta property=\"og:image:type\" content=\"image\/jpeg\" \/>\n<meta name=\"author\" content=\"Redacci\u00f3n\" \/>\n<meta name=\"twitter:card\" content=\"summary_large_image\" \/>\n<meta name=\"twitter:creator\" content=\"@rednacionalarte\" \/>\n<meta name=\"twitter:site\" content=\"@rednacionalarte\" \/>\n<meta name=\"twitter:label1\" content=\"Escrito por\" \/>\n\t<meta name=\"twitter:data1\" content=\"Redacci\u00f3n\" \/>\n\t<meta name=\"twitter:label2\" content=\"Tiempo de lectura\" \/>\n\t<meta name=\"twitter:data2\" content=\"2 minutos\" \/>\n<script type=\"application\/ld+json\" class=\"yoast-schema-graph\">{\"@context\":\"https:\/\/schema.org\",\"@graph\":[{\"@type\":\"Article\",\"@id\":\"http:\/\/rednacionaldearte.com\/noticias\/laboratorio-videodanza\/#article\",\"isPartOf\":{\"@id\":\"http:\/\/rednacionaldearte.com\/noticias\/laboratorio-videodanza\/\"},\"author\":{\"name\":\"Redacci\u00f3n\",\"@id\":\"http:\/\/rednacionaldearte.com\/noticias\/#\/schema\/person\/489d635082b1de413434d2708a3e5b9b\"},\"headline\":\"Registro para el Laboratorio de Videodanza del Festival Internacional de Videodanza de la CDMX\",\"datePublished\":\"2019-07-23T00:11:08+00:00\",\"dateModified\":\"2019-07-23T00:11:13+00:00\",\"mainEntityOfPage\":{\"@id\":\"http:\/\/rednacionaldearte.com\/noticias\/laboratorio-videodanza\/\"},\"wordCount\":400,\"publisher\":{\"@id\":\"http:\/\/rednacionaldearte.com\/noticias\/#organization\"},\"image\":{\"@id\":\"http:\/\/rednacionaldearte.com\/noticias\/laboratorio-videodanza\/#primaryimage\"},\"thumbnailUrl\":\"https:\/\/rednacionaldearte.com\/noticias\/wp-content\/uploads\/2019\/07\/cover.jpg\",\"keywords\":[\"Ad\u00e1n Ruiz\",\"Laboratorio de Videodanza\",\"Yuki Pastrana\"],\"articleSection\":[\"Cursos\",\"Festivales\",\"RNA\"],\"inLanguage\":\"es\"},{\"@type\":\"WebPage\",\"@id\":\"http:\/\/rednacionaldearte.com\/noticias\/laboratorio-videodanza\/\",\"url\":\"http:\/\/rednacionaldearte.com\/noticias\/laboratorio-videodanza\/\",\"name\":\"Registro para el Laboratorio de Videodanza del Festival Internacional de Videodanza de la CDMX\",\"isPartOf\":{\"@id\":\"http:\/\/rednacionaldearte.com\/noticias\/#website\"},\"primaryImageOfPage\":{\"@id\":\"http:\/\/rednacionaldearte.com\/noticias\/laboratorio-videodanza\/#primaryimage\"},\"image\":{\"@id\":\"http:\/\/rednacionaldearte.com\/noticias\/laboratorio-videodanza\/#primaryimage\"},\"thumbnailUrl\":\"https:\/\/rednacionaldearte.com\/noticias\/wp-content\/uploads\/2019\/07\/cover.jpg\",\"datePublished\":\"2019-07-23T00:11:08+00:00\",\"dateModified\":\"2019-07-23T00:11:13+00:00\",\"breadcrumb\":{\"@id\":\"http:\/\/rednacionaldearte.com\/noticias\/laboratorio-videodanza\/#breadcrumb\"},\"inLanguage\":\"es\",\"potentialAction\":[{\"@type\":\"ReadAction\",\"target\":[\"http:\/\/rednacionaldearte.com\/noticias\/laboratorio-videodanza\/\"]}]},{\"@type\":\"ImageObject\",\"inLanguage\":\"es\",\"@id\":\"http:\/\/rednacionaldearte.com\/noticias\/laboratorio-videodanza\/#primaryimage\",\"url\":\"https:\/\/rednacionaldearte.com\/noticias\/wp-content\/uploads\/2019\/07\/cover.jpg\",\"contentUrl\":\"https:\/\/rednacionaldearte.com\/noticias\/wp-content\/uploads\/2019\/07\/cover.jpg\",\"width\":820,\"height\":312,\"caption\":\"Laboratorio de Videodanza\"},{\"@type\":\"BreadcrumbList\",\"@id\":\"http:\/\/rednacionaldearte.com\/noticias\/laboratorio-videodanza\/#breadcrumb\",\"itemListElement\":[{\"@type\":\"ListItem\",\"position\":1,\"name\":\"Home\",\"item\":\"http:\/\/rednacionaldearte.com\/noticias\/\"},{\"@type\":\"ListItem\",\"position\":2,\"name\":\"Registro para el Laboratorio de Videodanza del Festival Internacional de Videodanza de la CDMX\"}]},{\"@type\":\"WebSite\",\"@id\":\"http:\/\/rednacionaldearte.com\/noticias\/#website\",\"url\":\"http:\/\/rednacionaldearte.com\/noticias\/\",\"name\":\"Red Nacional de Arte\",\"description\":\"Cultura y Arte contempor\u00e1neo en M\u00e9xico\",\"publisher\":{\"@id\":\"http:\/\/rednacionaldearte.com\/noticias\/#organization\"},\"potentialAction\":[{\"@type\":\"SearchAction\",\"target\":{\"@type\":\"EntryPoint\",\"urlTemplate\":\"http:\/\/rednacionaldearte.com\/noticias\/?s={search_term_string}\"},\"query-input\":{\"@type\":\"PropertyValueSpecification\",\"valueRequired\":true,\"valueName\":\"search_term_string\"}}],\"inLanguage\":\"es\"},{\"@type\":\"Organization\",\"@id\":\"http:\/\/rednacionaldearte.com\/noticias\/#organization\",\"name\":\"Red Nacional de Arte\",\"url\":\"http:\/\/rednacionaldearte.com\/noticias\/\",\"logo\":{\"@type\":\"ImageObject\",\"inLanguage\":\"es\",\"@id\":\"http:\/\/rednacionaldearte.com\/noticias\/#\/schema\/logo\/image\/\",\"url\":\"http:\/\/rednacionaldearte.com\/noticias\/wp-content\/uploads\/2016\/04\/logo.png\",\"contentUrl\":\"http:\/\/rednacionaldearte.com\/noticias\/wp-content\/uploads\/2016\/04\/logo.png\",\"width\":575,\"height\":554,\"caption\":\"Red Nacional de Arte\"},\"image\":{\"@id\":\"http:\/\/rednacionaldearte.com\/noticias\/#\/schema\/logo\/image\/\"},\"sameAs\":[\"http:\/\/www.facebook.com\/rednacionaldearte\/\",\"https:\/\/x.com\/rednacionalarte\"]},{\"@type\":\"Person\",\"@id\":\"http:\/\/rednacionaldearte.com\/noticias\/#\/schema\/person\/489d635082b1de413434d2708a3e5b9b\",\"name\":\"Redacci\u00f3n\",\"image\":{\"@type\":\"ImageObject\",\"inLanguage\":\"es\",\"@id\":\"https:\/\/secure.gravatar.com\/avatar\/1d1c30eaee7c2f6cfa13fb8502cb06839106cdf371b9953d50e4b572d0bfa3c7?s=96&d=mm&r=g\",\"url\":\"https:\/\/secure.gravatar.com\/avatar\/1d1c30eaee7c2f6cfa13fb8502cb06839106cdf371b9953d50e4b572d0bfa3c7?s=96&d=mm&r=g\",\"contentUrl\":\"https:\/\/secure.gravatar.com\/avatar\/1d1c30eaee7c2f6cfa13fb8502cb06839106cdf371b9953d50e4b572d0bfa3c7?s=96&d=mm&r=g\",\"caption\":\"Redacci\u00f3n\"},\"url\":\"https:\/\/rednacionaldearte.com\/noticias\/author\/adan\/\"}]}<\/script>\n<!-- \/ Yoast SEO plugin. -->","yoast_head_json":{"title":"Registro para el Laboratorio de Videodanza del Festival Internacional de Videodanza de la CDMX","robots":{"index":"index","follow":"follow","max-snippet":"max-snippet:-1","max-image-preview":"max-image-preview:large","max-video-preview":"max-video-preview:-1"},"canonical":"http:\/\/rednacionaldearte.com\/noticias\/laboratorio-videodanza\/","og_locale":"es_ES","og_type":"article","og_title":"Registro para el Laboratorio de Videodanza del Festival Internacional de Videodanza de la CDMX","og_description":"El Festival Internacional de Videodanza de la Ciudad de M\u00e9xico y Red Nacional de Arte abren el registro para el 2do Laboratorio de Videodanza, dirigido a estudiantes y profesionales de danza, coreograf\u00eda, artes visuales y nuevos medios. Se llevar\u00e1 a cabo en las instalaciones de la Galer\u00eda Afirme del 3 de Agosto al 14 de [&hellip;]","og_url":"http:\/\/rednacionaldearte.com\/noticias\/laboratorio-videodanza\/","og_site_name":"Red Nacional de Arte","article_publisher":"http:\/\/www.facebook.com\/rednacionaldearte\/","article_published_time":"2019-07-23T00:11:08+00:00","article_modified_time":"2019-07-23T00:11:13+00:00","og_image":[{"width":820,"height":312,"url":"http:\/\/rednacionaldearte.com\/noticias\/wp-content\/uploads\/2019\/07\/cover.jpg","type":"image\/jpeg"}],"author":"Redacci\u00f3n","twitter_card":"summary_large_image","twitter_creator":"@rednacionalarte","twitter_site":"@rednacionalarte","twitter_misc":{"Escrito por":"Redacci\u00f3n","Tiempo de lectura":"2 minutos"},"schema":{"@context":"https:\/\/schema.org","@graph":[{"@type":"Article","@id":"http:\/\/rednacionaldearte.com\/noticias\/laboratorio-videodanza\/#article","isPartOf":{"@id":"http:\/\/rednacionaldearte.com\/noticias\/laboratorio-videodanza\/"},"author":{"name":"Redacci\u00f3n","@id":"http:\/\/rednacionaldearte.com\/noticias\/#\/schema\/person\/489d635082b1de413434d2708a3e5b9b"},"headline":"Registro para el Laboratorio de Videodanza del Festival Internacional de Videodanza de la CDMX","datePublished":"2019-07-23T00:11:08+00:00","dateModified":"2019-07-23T00:11:13+00:00","mainEntityOfPage":{"@id":"http:\/\/rednacionaldearte.com\/noticias\/laboratorio-videodanza\/"},"wordCount":400,"publisher":{"@id":"http:\/\/rednacionaldearte.com\/noticias\/#organization"},"image":{"@id":"http:\/\/rednacionaldearte.com\/noticias\/laboratorio-videodanza\/#primaryimage"},"thumbnailUrl":"https:\/\/rednacionaldearte.com\/noticias\/wp-content\/uploads\/2019\/07\/cover.jpg","keywords":["Ad\u00e1n Ruiz","Laboratorio de Videodanza","Yuki Pastrana"],"articleSection":["Cursos","Festivales","RNA"],"inLanguage":"es"},{"@type":"WebPage","@id":"http:\/\/rednacionaldearte.com\/noticias\/laboratorio-videodanza\/","url":"http:\/\/rednacionaldearte.com\/noticias\/laboratorio-videodanza\/","name":"Registro para el Laboratorio de Videodanza del Festival Internacional de Videodanza de la CDMX","isPartOf":{"@id":"http:\/\/rednacionaldearte.com\/noticias\/#website"},"primaryImageOfPage":{"@id":"http:\/\/rednacionaldearte.com\/noticias\/laboratorio-videodanza\/#primaryimage"},"image":{"@id":"http:\/\/rednacionaldearte.com\/noticias\/laboratorio-videodanza\/#primaryimage"},"thumbnailUrl":"https:\/\/rednacionaldearte.com\/noticias\/wp-content\/uploads\/2019\/07\/cover.jpg","datePublished":"2019-07-23T00:11:08+00:00","dateModified":"2019-07-23T00:11:13+00:00","breadcrumb":{"@id":"http:\/\/rednacionaldearte.com\/noticias\/laboratorio-videodanza\/#breadcrumb"},"inLanguage":"es","potentialAction":[{"@type":"ReadAction","target":["http:\/\/rednacionaldearte.com\/noticias\/laboratorio-videodanza\/"]}]},{"@type":"ImageObject","inLanguage":"es","@id":"http:\/\/rednacionaldearte.com\/noticias\/laboratorio-videodanza\/#primaryimage","url":"https:\/\/rednacionaldearte.com\/noticias\/wp-content\/uploads\/2019\/07\/cover.jpg","contentUrl":"https:\/\/rednacionaldearte.com\/noticias\/wp-content\/uploads\/2019\/07\/cover.jpg","width":820,"height":312,"caption":"Laboratorio de Videodanza"},{"@type":"BreadcrumbList","@id":"http:\/\/rednacionaldearte.com\/noticias\/laboratorio-videodanza\/#breadcrumb","itemListElement":[{"@type":"ListItem","position":1,"name":"Home","item":"http:\/\/rednacionaldearte.com\/noticias\/"},{"@type":"ListItem","position":2,"name":"Registro para el Laboratorio de Videodanza del Festival Internacional de Videodanza de la CDMX"}]},{"@type":"WebSite","@id":"http:\/\/rednacionaldearte.com\/noticias\/#website","url":"http:\/\/rednacionaldearte.com\/noticias\/","name":"Red Nacional de Arte","description":"Cultura y Arte contempor\u00e1neo en M\u00e9xico","publisher":{"@id":"http:\/\/rednacionaldearte.com\/noticias\/#organization"},"potentialAction":[{"@type":"SearchAction","target":{"@type":"EntryPoint","urlTemplate":"http:\/\/rednacionaldearte.com\/noticias\/?s={search_term_string}"},"query-input":{"@type":"PropertyValueSpecification","valueRequired":true,"valueName":"search_term_string"}}],"inLanguage":"es"},{"@type":"Organization","@id":"http:\/\/rednacionaldearte.com\/noticias\/#organization","name":"Red Nacional de Arte","url":"http:\/\/rednacionaldearte.com\/noticias\/","logo":{"@type":"ImageObject","inLanguage":"es","@id":"http:\/\/rednacionaldearte.com\/noticias\/#\/schema\/logo\/image\/","url":"http:\/\/rednacionaldearte.com\/noticias\/wp-content\/uploads\/2016\/04\/logo.png","contentUrl":"http:\/\/rednacionaldearte.com\/noticias\/wp-content\/uploads\/2016\/04\/logo.png","width":575,"height":554,"caption":"Red Nacional de Arte"},"image":{"@id":"http:\/\/rednacionaldearte.com\/noticias\/#\/schema\/logo\/image\/"},"sameAs":["http:\/\/www.facebook.com\/rednacionaldearte\/","https:\/\/x.com\/rednacionalarte"]},{"@type":"Person","@id":"http:\/\/rednacionaldearte.com\/noticias\/#\/schema\/person\/489d635082b1de413434d2708a3e5b9b","name":"Redacci\u00f3n","image":{"@type":"ImageObject","inLanguage":"es","@id":"https:\/\/secure.gravatar.com\/avatar\/1d1c30eaee7c2f6cfa13fb8502cb06839106cdf371b9953d50e4b572d0bfa3c7?s=96&d=mm&r=g","url":"https:\/\/secure.gravatar.com\/avatar\/1d1c30eaee7c2f6cfa13fb8502cb06839106cdf371b9953d50e4b572d0bfa3c7?s=96&d=mm&r=g","contentUrl":"https:\/\/secure.gravatar.com\/avatar\/1d1c30eaee7c2f6cfa13fb8502cb06839106cdf371b9953d50e4b572d0bfa3c7?s=96&d=mm&r=g","caption":"Redacci\u00f3n"},"url":"https:\/\/rednacionaldearte.com\/noticias\/author\/adan\/"}]}},"amp_validity":null,"amp_enabled":true,"_links":{"self":[{"href":"https:\/\/rednacionaldearte.com\/noticias\/wp-json\/wp\/v2\/posts\/4477","targetHints":{"allow":["GET"]}}],"collection":[{"href":"https:\/\/rednacionaldearte.com\/noticias\/wp-json\/wp\/v2\/posts"}],"about":[{"href":"https:\/\/rednacionaldearte.com\/noticias\/wp-json\/wp\/v2\/types\/post"}],"author":[{"embeddable":true,"href":"https:\/\/rednacionaldearte.com\/noticias\/wp-json\/wp\/v2\/users\/1"}],"replies":[{"embeddable":true,"href":"https:\/\/rednacionaldearte.com\/noticias\/wp-json\/wp\/v2\/comments?post=4477"}],"version-history":[{"count":1,"href":"https:\/\/rednacionaldearte.com\/noticias\/wp-json\/wp\/v2\/posts\/4477\/revisions"}],"predecessor-version":[{"id":4480,"href":"https:\/\/rednacionaldearte.com\/noticias\/wp-json\/wp\/v2\/posts\/4477\/revisions\/4480"}],"wp:featuredmedia":[{"embeddable":true,"href":"https:\/\/rednacionaldearte.com\/noticias\/wp-json\/wp\/v2\/media\/4479"}],"wp:attachment":[{"href":"https:\/\/rednacionaldearte.com\/noticias\/wp-json\/wp\/v2\/media?parent=4477"}],"wp:term":[{"taxonomy":"category","embeddable":true,"href":"https:\/\/rednacionaldearte.com\/noticias\/wp-json\/wp\/v2\/categories?post=4477"},{"taxonomy":"post_tag","embeddable":true,"href":"https:\/\/rednacionaldearte.com\/noticias\/wp-json\/wp\/v2\/tags?post=4477"}],"curies":[{"name":"wp","href":"https:\/\/api.w.org\/{rel}","templated":true}]}}